{"id":486,"date":"2023-07-26T20:04:49","date_gmt":"2023-07-26T23:04:49","guid":{"rendered":"https:\/\/apuntesdesanluis.com\/?p=486"},"modified":"2023-07-26T20:04:49","modified_gmt":"2023-07-26T23:04:49","slug":"murio-la-cantante-irlandesa-sinead-oconnor-a-los-56-anos","status":"publish","type":"post","link":"https:\/\/apuntesdesanluis.com\/index.php\/2023\/07\/26\/murio-la-cantante-irlandesa-sinead-oconnor-a-los-56-anos\/","title":{"rendered":"MURI\u00d3 LA CANTANTE IRLANDESA SINEAD O&#8217;CONNOR A LOS 56 A\u00d1OS"},"content":{"rendered":"<h3>El a\u00f1o pasado, su nombre hab\u00eda vuelto a los medios tras el suicidio de su hijo Shane de tan solo 17 a\u00f1os. &#8220;Desde entonces, vivo como una criatura nocturna no muerta. Fue el amor de mi vida, la l\u00e1mpara de mi alma&#8221;, hab\u00eda comentado.<\/h3>\n<h3>La cantante irlandesa <strong>Sinead O&#8217;Connor<\/strong>, conocida por encabezar las listas de \u00e9xitos de todo el mundo en 1990 con la canci\u00f3n &#8220;Nothing Compares 2 U&#8221;, falleci\u00f3 a los 56 a\u00f1os, inform\u00f3 este mi\u00e9rcoles su familia.<\/h3>\n<h3>&#8220;Con gran tristeza anunciamos el fallecimiento de nuestra querida Sinead. Su familia y amigos est\u00e1n desolados y han pedido privacidad en este momento tan dif\u00edcil&#8221;, dijo un comunicado de la familia de la cantante.<\/h3>\n<h3>O&#8217;Connor, atrevida y sin pelos en la lengua, cambi\u00f3 la imagen de la mujer en la m\u00fasica a principios de la d\u00e9cada de 1990 con su cabeza rapada, su expresi\u00f3n dolorida y su vestuario, desafiando las nociones de feminidad y sexualidad imperantes durante mucho tiempo en la cultura popular.<\/h3>\n<h3>La int\u00e9rprete irrumpi\u00f3 en la escena musical mundial con su fascinante versi\u00f3n de la canci\u00f3n escrita originalmente por Prince, mirando directamente a la c\u00e1mara en un video musical que ha sido visto casi 400 millones de veces en YouTube.<\/h3>\n<p><iframe title=\"Sin\u00e9ad O&#039;Connor - Nothing Compares 2 U (Official Music Video) [HD]\" width=\"640\" height=\"480\" src=\"https:\/\/www.youtube.com\/embed\/0-EF60neguk?feature=oembed\" frameborder=\"0\" allow=\"accelerometer; autoplay; clipboard-write; encrypted-media; gyroscope; picture-in-picture; web-share\" referrerpolicy=\"strict-origin-when-cross-origin\" allowfullscreen><\/iframe><\/p>\n<h3>El a\u00f1o pasado, su nombre hab\u00eda vuelto a los medios tras el suicidio de su hijo Shane de tan solo 17 a\u00f1os. A los pocos d\u00edas del tr\u00e1gico hecho, la cantante hab\u00eda sido internada porque sus allegados tem\u00edan que intentara, una vez m\u00e1s, quitarse la vida. O&#8217;Connor hab\u00eda publicado una foto de Shane y escribi\u00f3: &#8220;Desde entonces, vivo como una criatura nocturna no muerta. Fue el amor de mi vida, la l\u00e1mpara de mi alma&#8221;.<\/h3>\n<h3>Conocida tanto por sus opiniones contundentes sobre la religi\u00f3n, el sexo, el feminismo y la guerra como por su m\u00fasica, algunos la recuerdan por haber roto una foto del papa Juan Pablo II durante una aparici\u00f3n televisiva en &#8220;Saturday Night Live&#8221;.<\/h3>\n<h3>&#8220;Todo el mundo quiere a una estrella del pop&#8221;, escribi\u00f3 en sus memorias de 2021, &#8220;Rememberings&#8221;. &#8220;Pero yo soy una cantante de protesta. S\u00f3lo ten\u00eda cosas que sacar de mi pecho. No ten\u00eda ning\u00fan deseo de fama&#8221;.<\/h3>\n<h3>O&#8217;Connor se convirti\u00f3 al Islam en 2018 y cambi\u00f3 su nombre a Shuhada Sadaqat, aunque sigui\u00f3 actuando bajo el nombre de Sinead O&#8217;Connor.<\/h3>\n<h3>&#8220;Su m\u00fasica era apreciada en todo el mundo y su talento era incomparable&#8221;, public\u00f3 el primer ministro irland\u00e9s, Leo Varadkar, en la red social X, antes conocida como Twitter, compartiendo sus condolencias con &#8220;todos los que amaban su m\u00fasica&#8221;.<\/h3>\n","protected":false},"excerpt":{"rendered":"<p>El a\u00f1o pasado, su nombre hab\u00eda vuelto a los medios tras el suicidio de su&#8230;<\/p>\n","protected":false},"author":1,"featured_media":487,"comment_status":"closed","ping_status":"closed","sticky":false,"template":"","format":"standard","meta":{"footnotes":""},"categories":[5],"tags":[],"class_list":["post-486","post","type-post","status-publish","format-standard","has-post-thumbnail","hentry","category-nacionales-internacionales"],"yoast_head":"<!-- This site is optimized with the Yoast SEO plugin v26.1.1 - https:\/\/yoast.com\/wordpress\/plugins\/seo\/ -->\n<title>MURI\u00d3 LA CANTANTE IRLANDESA SINEAD O&#039;CONNOR A LOS 56 A\u00d1OS - Apuntes de San Luis<\/title>\n<meta name=\"robots\" content=\"index, follow, max-snippet:-1, max-image-preview:large, max-video-preview:-1\" \/>\n<link rel=\"canonical\" href=\"https:\/\/apuntesdesanluis.com\/index.php\/2023\/07\/26\/murio-la-cantante-irlandesa-sinead-oconnor-a-los-56-anos\/\" \/>\n<meta property=\"og:locale\" content=\"es_ES\" \/>\n<meta property=\"og:type\" content=\"article\" \/>\n<meta property=\"og:title\" content=\"MURI\u00d3 LA CANTANTE IRLANDESA SINEAD O&#039;CONNOR A LOS 56 A\u00d1OS - Apuntes de San Luis\" \/>\n<meta property=\"og:description\" content=\"El a\u00f1o pasado, su nombre hab\u00eda vuelto a los medios tras el suicidio de su...\" \/>\n<meta property=\"og:url\" content=\"https:\/\/apuntesdesanluis.com\/index.php\/2023\/07\/26\/murio-la-cantante-irlandesa-sinead-oconnor-a-los-56-anos\/\" \/>\n<meta property=\"og:site_name\" content=\"Apuntes de San Luis\" \/>\n<meta property=\"article:published_time\" content=\"2023-07-26T23:04:49+00:00\" \/>\n<meta property=\"og:image\" content=\"https:\/\/apuntesdesanluis.com\/wp-content\/uploads\/2023\/07\/Sinead-OConnor-apuntes.jpg\" \/>\n\t<meta property=\"og:image:width\" content=\"600\" \/>\n\t<meta property=\"og:image:height\" content=\"391\" \/>\n\t<meta property=\"og:image:type\" content=\"image\/jpeg\" \/>\n<meta name=\"author\" content=\"apuntesdesanluis.com\" \/>\n<meta name=\"twitter:card\" content=\"summary_large_image\" \/>\n<meta name=\"twitter:label1\" content=\"Escrito por\" \/>\n\t<meta name=\"twitter:data1\" content=\"apuntesdesanluis.com\" \/>\n\t<meta name=\"twitter:label2\" content=\"Tiempo de lectura\" \/>\n\t<meta name=\"twitter:data2\" content=\"2 minutos\" \/>\n<script type=\"application\/ld+json\" class=\"yoast-schema-graph\">{\"@context\":\"https:\/\/schema.org\",\"@graph\":[{\"@type\":\"Article\",\"@id\":\"https:\/\/apuntesdesanluis.com\/index.php\/2023\/07\/26\/murio-la-cantante-irlandesa-sinead-oconnor-a-los-56-anos\/#article\",\"isPartOf\":{\"@id\":\"https:\/\/apuntesdesanluis.com\/index.php\/2023\/07\/26\/murio-la-cantante-irlandesa-sinead-oconnor-a-los-56-anos\/\"},\"author\":{\"name\":\"apuntesdesanluis.com\",\"@id\":\"https:\/\/apuntesdesanluis.com\/#\/schema\/person\/b55151d52296fcce64d1a72538a70b90\"},\"headline\":\"MURI\u00d3 LA CANTANTE IRLANDESA SINEAD O&#8217;CONNOR A LOS 56 A\u00d1OS\",\"datePublished\":\"2023-07-26T23:04:49+00:00\",\"mainEntityOfPage\":{\"@id\":\"https:\/\/apuntesdesanluis.com\/index.php\/2023\/07\/26\/murio-la-cantante-irlandesa-sinead-oconnor-a-los-56-anos\/\"},\"wordCount\":464,\"publisher\":{\"@id\":\"https:\/\/apuntesdesanluis.com\/#\/schema\/person\/b55151d52296fcce64d1a72538a70b90\"},\"image\":{\"@id\":\"https:\/\/apuntesdesanluis.com\/index.php\/2023\/07\/26\/murio-la-cantante-irlandesa-sinead-oconnor-a-los-56-anos\/#primaryimage\"},\"thumbnailUrl\":\"https:\/\/apuntesdesanluis.com\/wp-content\/uploads\/2023\/07\/Sinead-OConnor-apuntes.jpg\",\"articleSection\":[\"Nacionales\/Internacionales\"],\"inLanguage\":\"es-AR\"},{\"@type\":\"WebPage\",\"@id\":\"https:\/\/apuntesdesanluis.com\/index.php\/2023\/07\/26\/murio-la-cantante-irlandesa-sinead-oconnor-a-los-56-anos\/\",\"url\":\"https:\/\/apuntesdesanluis.com\/index.php\/2023\/07\/26\/murio-la-cantante-irlandesa-sinead-oconnor-a-los-56-anos\/\",\"name\":\"MURI\u00d3 LA CANTANTE IRLANDESA SINEAD O'CONNOR A LOS 56 A\u00d1OS - Apuntes de San Luis\",\"isPartOf\":{\"@id\":\"https:\/\/apuntesdesanluis.com\/#website\"},\"primaryImageOfPage\":{\"@id\":\"https:\/\/apuntesdesanluis.com\/index.php\/2023\/07\/26\/murio-la-cantante-irlandesa-sinead-oconnor-a-los-56-anos\/#primaryimage\"},\"image\":{\"@id\":\"https:\/\/apuntesdesanluis.com\/index.php\/2023\/07\/26\/murio-la-cantante-irlandesa-sinead-oconnor-a-los-56-anos\/#primaryimage\"},\"thumbnailUrl\":\"https:\/\/apuntesdesanluis.com\/wp-content\/uploads\/2023\/07\/Sinead-OConnor-apuntes.jpg\",\"datePublished\":\"2023-07-26T23:04:49+00:00\",\"breadcrumb\":{\"@id\":\"https:\/\/apuntesdesanluis.com\/index.php\/2023\/07\/26\/murio-la-cantante-irlandesa-sinead-oconnor-a-los-56-anos\/#breadcrumb\"},\"inLanguage\":\"es-AR\",\"potentialAction\":[{\"@type\":\"ReadAction\",\"target\":[\"https:\/\/apuntesdesanluis.com\/index.php\/2023\/07\/26\/murio-la-cantante-irlandesa-sinead-oconnor-a-los-56-anos\/\"]}]},{\"@type\":\"ImageObject\",\"inLanguage\":\"es-AR\",\"@id\":\"https:\/\/apuntesdesanluis.com\/index.php\/2023\/07\/26\/murio-la-cantante-irlandesa-sinead-oconnor-a-los-56-anos\/#primaryimage\",\"url\":\"https:\/\/apuntesdesanluis.com\/wp-content\/uploads\/2023\/07\/Sinead-OConnor-apuntes.jpg\",\"contentUrl\":\"https:\/\/apuntesdesanluis.com\/wp-content\/uploads\/2023\/07\/Sinead-OConnor-apuntes.jpg\",\"width\":600,\"height\":391},{\"@type\":\"BreadcrumbList\",\"@id\":\"https:\/\/apuntesdesanluis.com\/index.php\/2023\/07\/26\/murio-la-cantante-irlandesa-sinead-oconnor-a-los-56-anos\/#breadcrumb\",\"itemListElement\":[{\"@type\":\"ListItem\",\"position\":1,\"name\":\"Inicio\",\"item\":\"https:\/\/apuntesdesanluis.com\/\"},{\"@type\":\"ListItem\",\"position\":2,\"name\":\"MURI\u00d3 LA CANTANTE IRLANDESA SINEAD O&#8217;CONNOR A LOS 56 A\u00d1OS\"}]},{\"@type\":\"WebSite\",\"@id\":\"https:\/\/apuntesdesanluis.com\/#website\",\"url\":\"https:\/\/apuntesdesanluis.com\/\",\"name\":\"Apuntes de San Luis\",\"description\":\"\",\"publisher\":{\"@id\":\"https:\/\/apuntesdesanluis.com\/#\/schema\/person\/b55151d52296fcce64d1a72538a70b90\"},\"potentialAction\":[{\"@type\":\"SearchAction\",\"target\":{\"@type\":\"EntryPoint\",\"urlTemplate\":\"https:\/\/apuntesdesanluis.com\/?s={search_term_string}\"},\"query-input\":{\"@type\":\"PropertyValueSpecification\",\"valueRequired\":true,\"valueName\":\"search_term_string\"}}],\"inLanguage\":\"es-AR\"},{\"@type\":[\"Person\",\"Organization\"],\"@id\":\"https:\/\/apuntesdesanluis.com\/#\/schema\/person\/b55151d52296fcce64d1a72538a70b90\",\"name\":\"apuntesdesanluis.com\",\"image\":{\"@type\":\"ImageObject\",\"inLanguage\":\"es-AR\",\"@id\":\"https:\/\/apuntesdesanluis.com\/#\/schema\/person\/image\/\",\"url\":\"https:\/\/apuntesdesanluis.com\/wp-content\/uploads\/2023\/07\/cropped-apuntesdesanluis.png\",\"contentUrl\":\"https:\/\/apuntesdesanluis.com\/wp-content\/uploads\/2023\/07\/cropped-apuntesdesanluis.png\",\"width\":450,\"height\":112,\"caption\":\"apuntesdesanluis.com\"},\"logo\":{\"@id\":\"https:\/\/apuntesdesanluis.com\/#\/schema\/person\/image\/\"},\"sameAs\":[\"https:\/\/apuntesdesanluis.com\"],\"url\":\"https:\/\/apuntesdesanluis.com\/index.php\/author\/apuntesdesanluis-com\/\"}]}<\/script>\n<!-- \/ Yoast SEO plugin. -->","yoast_head_json":{"title":"MURI\u00d3 LA CANTANTE IRLANDESA SINEAD O'CONNOR A LOS 56 A\u00d1OS - Apuntes de San Luis","robots":{"index":"index","follow":"follow","max-snippet":"max-snippet:-1","max-image-preview":"max-image-preview:large","max-video-preview":"max-video-preview:-1"},"canonical":"https:\/\/apuntesdesanluis.com\/index.php\/2023\/07\/26\/murio-la-cantante-irlandesa-sinead-oconnor-a-los-56-anos\/","og_locale":"es_ES","og_type":"article","og_title":"MURI\u00d3 LA CANTANTE IRLANDESA SINEAD O'CONNOR A LOS 56 A\u00d1OS - Apuntes de San Luis","og_description":"El a\u00f1o pasado, su nombre hab\u00eda vuelto a los medios tras el suicidio de su...","og_url":"https:\/\/apuntesdesanluis.com\/index.php\/2023\/07\/26\/murio-la-cantante-irlandesa-sinead-oconnor-a-los-56-anos\/","og_site_name":"Apuntes de San Luis","article_published_time":"2023-07-26T23:04:49+00:00","og_image":[{"width":600,"height":391,"url":"https:\/\/apuntesdesanluis.com\/wp-content\/uploads\/2023\/07\/Sinead-OConnor-apuntes.jpg","type":"image\/jpeg"}],"author":"apuntesdesanluis.com","twitter_card":"summary_large_image","twitter_misc":{"Escrito por":"apuntesdesanluis.com","Tiempo de lectura":"2 minutos"},"schema":{"@context":"https:\/\/schema.org","@graph":[{"@type":"Article","@id":"https:\/\/apuntesdesanluis.com\/index.php\/2023\/07\/26\/murio-la-cantante-irlandesa-sinead-oconnor-a-los-56-anos\/#article","isPartOf":{"@id":"https:\/\/apuntesdesanluis.com\/index.php\/2023\/07\/26\/murio-la-cantante-irlandesa-sinead-oconnor-a-los-56-anos\/"},"author":{"name":"apuntesdesanluis.com","@id":"https:\/\/apuntesdesanluis.com\/#\/schema\/person\/b55151d52296fcce64d1a72538a70b90"},"headline":"MURI\u00d3 LA CANTANTE IRLANDESA SINEAD O&#8217;CONNOR A LOS 56 A\u00d1OS","datePublished":"2023-07-26T23:04:49+00:00","mainEntityOfPage":{"@id":"https:\/\/apuntesdesanluis.com\/index.php\/2023\/07\/26\/murio-la-cantante-irlandesa-sinead-oconnor-a-los-56-anos\/"},"wordCount":464,"publisher":{"@id":"https:\/\/apuntesdesanluis.com\/#\/schema\/person\/b55151d52296fcce64d1a72538a70b90"},"image":{"@id":"https:\/\/apuntesdesanluis.com\/index.php\/2023\/07\/26\/murio-la-cantante-irlandesa-sinead-oconnor-a-los-56-anos\/#primaryimage"},"thumbnailUrl":"https:\/\/apuntesdesanluis.com\/wp-content\/uploads\/2023\/07\/Sinead-OConnor-apuntes.jpg","articleSection":["Nacionales\/Internacionales"],"inLanguage":"es-AR"},{"@type":"WebPage","@id":"https:\/\/apuntesdesanluis.com\/index.php\/2023\/07\/26\/murio-la-cantante-irlandesa-sinead-oconnor-a-los-56-anos\/","url":"https:\/\/apuntesdesanluis.com\/index.php\/2023\/07\/26\/murio-la-cantante-irlandesa-sinead-oconnor-a-los-56-anos\/","name":"MURI\u00d3 LA CANTANTE IRLANDESA SINEAD O'CONNOR A LOS 56 A\u00d1OS - Apuntes de San Luis","isPartOf":{"@id":"https:\/\/apuntesdesanluis.com\/#website"},"primaryImageOfPage":{"@id":"https:\/\/apuntesdesanluis.com\/index.php\/2023\/07\/26\/murio-la-cantante-irlandesa-sinead-oconnor-a-los-56-anos\/#primaryimage"},"image":{"@id":"https:\/\/apuntesdesanluis.com\/index.php\/2023\/07\/26\/murio-la-cantante-irlandesa-sinead-oconnor-a-los-56-anos\/#primaryimage"},"thumbnailUrl":"https:\/\/apuntesdesanluis.com\/wp-content\/uploads\/2023\/07\/Sinead-OConnor-apuntes.jpg","datePublished":"2023-07-26T23:04:49+00:00","breadcrumb":{"@id":"https:\/\/apuntesdesanluis.com\/index.php\/2023\/07\/26\/murio-la-cantante-irlandesa-sinead-oconnor-a-los-56-anos\/#breadcrumb"},"inLanguage":"es-AR","potentialAction":[{"@type":"ReadAction","target":["https:\/\/apuntesdesanluis.com\/index.php\/2023\/07\/26\/murio-la-cantante-irlandesa-sinead-oconnor-a-los-56-anos\/"]}]},{"@type":"ImageObject","inLanguage":"es-AR","@id":"https:\/\/apuntesdesanluis.com\/index.php\/2023\/07\/26\/murio-la-cantante-irlandesa-sinead-oconnor-a-los-56-anos\/#primaryimage","url":"https:\/\/apuntesdesanluis.com\/wp-content\/uploads\/2023\/07\/Sinead-OConnor-apuntes.jpg","contentUrl":"https:\/\/apuntesdesanluis.com\/wp-content\/uploads\/2023\/07\/Sinead-OConnor-apuntes.jpg","width":600,"height":391},{"@type":"BreadcrumbList","@id":"https:\/\/apuntesdesanluis.com\/index.php\/2023\/07\/26\/murio-la-cantante-irlandesa-sinead-oconnor-a-los-56-anos\/#breadcrumb","itemListElement":[{"@type":"ListItem","position":1,"name":"Inicio","item":"https:\/\/apuntesdesanluis.com\/"},{"@type":"ListItem","position":2,"name":"MURI\u00d3 LA CANTANTE IRLANDESA SINEAD O&#8217;CONNOR A LOS 56 A\u00d1OS"}]},{"@type":"WebSite","@id":"https:\/\/apuntesdesanluis.com\/#website","url":"https:\/\/apuntesdesanluis.com\/","name":"Apuntes de San Luis","description":"","publisher":{"@id":"https:\/\/apuntesdesanluis.com\/#\/schema\/person\/b55151d52296fcce64d1a72538a70b90"},"potentialAction":[{"@type":"SearchAction","target":{"@type":"EntryPoint","urlTemplate":"https:\/\/apuntesdesanluis.com\/?s={search_term_string}"},"query-input":{"@type":"PropertyValueSpecification","valueRequired":true,"valueName":"search_term_string"}}],"inLanguage":"es-AR"},{"@type":["Person","Organization"],"@id":"https:\/\/apuntesdesanluis.com\/#\/schema\/person\/b55151d52296fcce64d1a72538a70b90","name":"apuntesdesanluis.com","image":{"@type":"ImageObject","inLanguage":"es-AR","@id":"https:\/\/apuntesdesanluis.com\/#\/schema\/person\/image\/","url":"https:\/\/apuntesdesanluis.com\/wp-content\/uploads\/2023\/07\/cropped-apuntesdesanluis.png","contentUrl":"https:\/\/apuntesdesanluis.com\/wp-content\/uploads\/2023\/07\/cropped-apuntesdesanluis.png","width":450,"height":112,"caption":"apuntesdesanluis.com"},"logo":{"@id":"https:\/\/apuntesdesanluis.com\/#\/schema\/person\/image\/"},"sameAs":["https:\/\/apuntesdesanluis.com"],"url":"https:\/\/apuntesdesanluis.com\/index.php\/author\/apuntesdesanluis-com\/"}]}},"featured_image_urls":{"full":["https:\/\/apuntesdesanluis.com\/wp-content\/uploads\/2023\/07\/Sinead-OConnor-apuntes.jpg",600,391,false],"thumbnail":["https:\/\/apuntesdesanluis.com\/wp-content\/uploads\/2023\/07\/Sinead-OConnor-apuntes-150x150.jpg",150,150,true],"medium":["https:\/\/apuntesdesanluis.com\/wp-content\/uploads\/2023\/07\/Sinead-OConnor-apuntes-300x196.jpg",300,196,true],"medium_large":["https:\/\/apuntesdesanluis.com\/wp-content\/uploads\/2023\/07\/Sinead-OConnor-apuntes.jpg",600,391,false],"large":["https:\/\/apuntesdesanluis.com\/wp-content\/uploads\/2023\/07\/Sinead-OConnor-apuntes.jpg",600,391,false],"1536x1536":["https:\/\/apuntesdesanluis.com\/wp-content\/uploads\/2023\/07\/Sinead-OConnor-apuntes.jpg",600,391,false],"2048x2048":["https:\/\/apuntesdesanluis.com\/wp-content\/uploads\/2023\/07\/Sinead-OConnor-apuntes.jpg",600,391,false],"newsever-slider-full":["https:\/\/apuntesdesanluis.com\/wp-content\/uploads\/2023\/07\/Sinead-OConnor-apuntes.jpg",600,391,false],"newsever-featured":["https:\/\/apuntesdesanluis.com\/wp-content\/uploads\/2023\/07\/Sinead-OConnor-apuntes.jpg",600,391,false],"newsever-medium":["https:\/\/apuntesdesanluis.com\/wp-content\/uploads\/2023\/07\/Sinead-OConnor-apuntes.jpg",600,391,false]},"author_info":{"display_name":"apuntesdesanluis.com","author_link":"https:\/\/apuntesdesanluis.com\/index.php\/author\/apuntesdesanluis-com\/"},"category_info":"<a href=\"https:\/\/apuntesdesanluis.com\/index.php\/category\/nacionales-internacionales\/\" rel=\"category tag\">Nacionales\/Internacionales<\/a>","tag_info":"Nacionales\/Internacionales","comment_count":"0","_links":{"self":[{"href":"https:\/\/apuntesdesanluis.com\/index.php\/wp-json\/wp\/v2\/posts\/486","targetHints":{"allow":["GET"]}}],"collection":[{"href":"https:\/\/apuntesdesanluis.com\/index.php\/wp-json\/wp\/v2\/posts"}],"about":[{"href":"https:\/\/apuntesdesanluis.com\/index.php\/wp-json\/wp\/v2\/types\/post"}],"author":[{"embeddable":true,"href":"https:\/\/apuntesdesanluis.com\/index.php\/wp-json\/wp\/v2\/users\/1"}],"replies":[{"embeddable":true,"href":"https:\/\/apuntesdesanluis.com\/index.php\/wp-json\/wp\/v2\/comments?post=486"}],"version-history":[{"count":1,"href":"https:\/\/apuntesdesanluis.com\/index.php\/wp-json\/wp\/v2\/posts\/486\/revisions"}],"predecessor-version":[{"id":488,"href":"https:\/\/apuntesdesanluis.com\/index.php\/wp-json\/wp\/v2\/posts\/486\/revisions\/488"}],"wp:featuredmedia":[{"embeddable":true,"href":"https:\/\/apuntesdesanluis.com\/index.php\/wp-json\/wp\/v2\/media\/487"}],"wp:attachment":[{"href":"https:\/\/apuntesdesanluis.com\/index.php\/wp-json\/wp\/v2\/media?parent=486"}],"wp:term":[{"taxonomy":"category","embeddable":true,"href":"https:\/\/apuntesdesanluis.com\/index.php\/wp-json\/wp\/v2\/categories?post=486"},{"taxonomy":"post_tag","embeddable":true,"href":"https:\/\/apuntesdesanluis.com\/index.php\/wp-json\/wp\/v2\/tags?post=486"}],"curies":[{"name":"wp","href":"https:\/\/api.w.org\/{rel}","templated":true}]}}