{"id":4868,"date":"2023-10-09T22:03:31","date_gmt":"2023-10-10T01:03:31","guid":{"rendered":"https:\/\/apuntesdesanluis.com\/?p=4868"},"modified":"2023-10-09T22:03:31","modified_gmt":"2023-10-10T01:03:31","slug":"una-multitud-se-movilizo-para-repudiar-el-ataque-de-hamas-contra-israel-al-terrorismo-le-vamos-a-decir-que-no","status":"publish","type":"post","link":"https:\/\/apuntesdesanluis.com\/index.php\/2023\/10\/09\/una-multitud-se-movilizo-para-repudiar-el-ataque-de-hamas-contra-israel-al-terrorismo-le-vamos-a-decir-que-no\/","title":{"rendered":"UNA MULTITUD SE MOVILIZ\u00d3 PARA REPUDIAR EL ATAQUE DE HAMAS CONTRA ISRAEL: \u201cAL TERRORISMO LE VAMOS A DECIR QUE NO\u201d"},"content":{"rendered":"<h3>Con la presencia de pol\u00edticos, funcionarios y referentes de la comunidad jud\u00eda, la AMIA, la DAIA y la Organizaci\u00f3n Sionista Argentina encabezaron un acto tras los bombardeos en la Franja de Gaza que dejaron cientos de muertos y heridos<\/h3>\n<h3>El masivo acto en el barrio porte\u00f1o de Villa Crespo, convoc\u00f3 a miles de personas que se concentraron para repudiar los ataques sufridos por Israel en los \u00faltimos d\u00edas, que provocaron m\u00e1s de 900 muertos y 2.600 heridos, seg\u00fan la \u00faltima cifra difundida oficialmente.<\/h3>\n<h3>En la esquina de las calles Estado de Israel y Estado de Palestina, como una suerte de reducci\u00f3n del conflicto en Medio Oriente que lleva ya d\u00e9cadas, o incluso m\u00e1s, dirigentes pol\u00edticos, funcionarios, representantes de diversas religiones y gente interesada en la causa, se junt\u00f3 para pedir por la paz y cuestionar el accionar de Hamas.<\/h3>\n<h3>\u201cEspero que ma\u00f1ana se siga hablando, no del acto, sino de la cantidad de gente que le dice no al terrorismo. De la cantidad de gente de la comunidad argentina, no solamente de la comunidad jud\u00eda, que le va a poner un freno a la barbarie y a la perversi\u00f3n. La convocatoria fue extraordinaria, no solamente hay pol\u00edticos, sino figuras de la justicia, del periodismo, interesados, y del resto de los movimientos evang\u00e9licos, la iglesia. As\u00ed que, para nosotros es un acompa\u00f1amiento que nos resulta reconfortante e importante para que todos entendamos que este fen\u00f3meno que golpe\u00f3 tantas veces en Argentina, dos veces, no puede repetirse nunca m\u00e1s en el mundo. Esto es lo que pasa cuando el terrorismo avanza\u201d, coment\u00f3 el titular de la DAIA, Jorge Knoblovits.<\/h3>\n<h3>El dirigente, que fue el \u00faltimo orador de la jornada, asegur\u00f3 que \u201catr\u00e1s de todo esto est\u00e1, sin duda, la Rep\u00fablica de Ir\u00e1n\u201d y advirti\u00f3 que \u201ceste ataque no fue solamente contra Israel, sino contra un proceso de paz, porque en dos semanas se firmar\u00eda el establecimiento de relaciones diplom\u00e1ticas con Arabia Saudita\u201d.<\/h3>\n<h3>Antes que \u00e9l, tom\u00f3 la palabra Linetzky, quien se mostr\u00f3 efusivo y cuestion\u00f3 principalmente a la candidata presidencial del Frente de Izquierda y los Trabajadores, Myriam Bregman, por haber sido la \u00fanica que no critic\u00f3 expl\u00edcitamente el ataque terrorista durante el \u00faltimo debate con sus adversarios electorales.<\/h3>\n<p><img fetchpriority=\"high\" decoding=\"async\" class=\"wp-image-4870 aligncenter\" src=\"https:\/\/apuntesdesanluis.com\/wp-content\/uploads\/2023\/10\/linternass-300x193.png\" alt=\"\" width=\"769\" height=\"495\" srcset=\"https:\/\/apuntesdesanluis.com\/wp-content\/uploads\/2023\/10\/linternass-300x193.png 300w, https:\/\/apuntesdesanluis.com\/wp-content\/uploads\/2023\/10\/linternass.png 600w\" sizes=\"(max-width: 769px) 100vw, 769px\" \/><\/p>\n<h3>\u00a0\u201cHa intentado justificar el accionar de las bestias, utilizando el dolor causado estos d\u00edas con fines electorales y demag\u00f3gicos. Son impresentables y canallas. Disfrazados de un falso progresismo, muestran su odio m\u00e1s profundo\u201d, exclam\u00f3 ante una multitud que chiflaba y gritaba \u201chija de puta\u201d.<\/h3>\n<h3>Entre el p\u00fablico, tambi\u00e9n hab\u00eda varios que ped\u00edan que se mencione a la ex mandataria nacional Cristina Kirchner, a la que acusaban de \u201ctraidora a la Patria\u201d por haber firmado el Memor\u00e1ndum con Ir\u00e1n, que motiv\u00f3 una causa que fue recientemente reabierta.<\/h3>\n<h3>Momentos antes del acto, el presidente de la AMIA sostuvo que \u201ces admirable\u201d la cantidad de gente que hab\u00eda en el lugar, \u201cporque muestra una uni\u00f3n y un claro mensaje que ante el terrorismo estamos todos unidos, al terrorismo se le dice no, no se negocia\u201d.<\/h3>\n<h3>\u201cCon el terrorismo no hay divisiones, con el terrorismo hay uni\u00f3n y hay una respuesta inequ\u00edvoca, que es \u2018no hay lugar al terrorismo, no hay lugar a la crueldad, a los horrores que hemos vivido los \u00faltimos d\u00edas, que han superado cualquier l\u00edmite imaginable\u2019. Cuando pens\u00e1bamos que el horror ten\u00eda un l\u00edmite, ahora aprendimos que no. Hemos visto a personas mayores secuestradas, ni\u00f1os secuestrados, cuerpos ultrajados, no hay palabras, la verdad que no hay palabras para manifestar la conmoci\u00f3n, para manifestar el espanto que nos causa tanto odio injustificado, tanto accionar, as\u00ed que ese es un claro mensaje de la poblaci\u00f3n, de que estamos unidos y que al terrorismo le vamos a decir que no\u201d, agreg\u00f3.<\/h3>\n<h3>Una de las principales figuras pol\u00edticas que asisti\u00f3 a la jornada fue la candidata a Presidente por Juntos por el Cambio, Patricia Bullrich, quien opin\u00f3 que \u201cdeber\u00eda el gobierno introducir al grupo Hamas\u201d dentro de la lista de organizaciones terroristas, lo cual \u201cproteger\u00eda a todos los pueblos del mundo, porque genera una comunidad de informaci\u00f3n muy importante\u201d.<\/h3>\n<h3>\u201cEl segundo tema que vamos a plantear ma\u00f1ana en el Parlamento, que nuestros diputados van a plantear, es pedir de manera inmediata no entrar a los BRICS, porque en los BRICS est\u00e1 Ir\u00e1n, est\u00e1 Rusia, est\u00e1n pa\u00edses agresores de la democracia, y, en este caso, grupos terroristas que dicen dominar un Estado, pero nosotros sabemos que desde esa dominaci\u00f3n no hay democracia, ah\u00ed hay terrorismo puro. As\u00ed que, entrar a los BRICS es estar avalado por los pa\u00edses terroristas\u201d, remarc\u00f3.<\/h3>\n<h3>Junto a ella, estaban varios referentes de su coalici\u00f3n, como Waldo Wolff, a quien se lo vio con l\u00e1grimas en los ojos luego del acto y aclar\u00f3 que \u201cdefender la vida en la civilizaci\u00f3n occidental no deber\u00eda ser normal\u201d, por lo que no hay nada para festejar, pero s\u00ed hay que defender los valores a como d\u00e9 lugar\u201d.<\/h3>\n<h3>Pasadas las 19:30, casi una hora despu\u00e9s del comienzo del evento, que tuvo como oradores a los presidentes de la AMIA, la DAIA y de OSA, el sol ya se hab\u00eda ocultado en el horizonte y las personas presentes, muchas de ellas con banderas de Israel en sus espaldas o agit\u00e1ndolas, levantaron los celulares para iluminar el momento en el que comenz\u00f3 a sonar el himno argentino, primero, y el Hatikva, canci\u00f3n nacional del pa\u00eds jud\u00edo, despu\u00e9s.<\/h3>\n<h3>Una vez finalizado el encuentro, poco a poco la gente empez\u00f3 a retirarse del lugar y se desactiv\u00f3 el importante operativo de seguridad que se hab\u00eda montado all\u00ed, que incluy\u00f3 camiones de Defensa Civil y varios patrulleros y agentes de la Polic\u00eda de la Ciudad.<\/h3>\n","protected":false},"excerpt":{"rendered":"<p>Con la presencia de pol\u00edticos, funcionarios y referentes de la comunidad jud\u00eda, la AMIA, la&#8230;<\/p>\n","protected":false},"author":1,"featured_media":4869,"comment_status":"closed","ping_status":"closed","sticky":false,"template":"","format":"standard","meta":{"footnotes":""},"categories":[5],"tags":[],"class_list":["post-4868","post","type-post","status-publish","format-standard","has-post-thumbnail","hentry","category-nacionales-internacionales"],"yoast_head":"<!-- This site is optimized with the Yoast SEO plugin v26.1.1 - https:\/\/yoast.com\/wordpress\/plugins\/seo\/ -->\n<title>UNA MULTITUD SE MOVILIZ\u00d3 PARA REPUDIAR EL ATAQUE DE HAMAS CONTRA ISRAEL: \u201cAL TERRORISMO LE VAMOS A DECIR QUE NO\u201d - Apuntes de San Luis<\/title>\n<meta name=\"robots\" content=\"index, follow, max-snippet:-1, max-image-preview:large, max-video-preview:-1\" \/>\n<link rel=\"canonical\" href=\"https:\/\/apuntesdesanluis.com\/index.php\/2023\/10\/09\/una-multitud-se-movilizo-para-repudiar-el-ataque-de-hamas-contra-israel-al-terrorismo-le-vamos-a-decir-que-no\/\" \/>\n<meta property=\"og:locale\" content=\"es_ES\" \/>\n<meta property=\"og:type\" content=\"article\" \/>\n<meta property=\"og:title\" content=\"UNA MULTITUD SE MOVILIZ\u00d3 PARA REPUDIAR EL ATAQUE DE HAMAS CONTRA ISRAEL: \u201cAL TERRORISMO LE VAMOS A DECIR QUE NO\u201d - Apuntes de San Luis\" \/>\n<meta property=\"og:description\" content=\"Con la presencia de pol\u00edticos, funcionarios y referentes de la comunidad jud\u00eda, la AMIA, la...\" \/>\n<meta property=\"og:url\" content=\"https:\/\/apuntesdesanluis.com\/index.php\/2023\/10\/09\/una-multitud-se-movilizo-para-repudiar-el-ataque-de-hamas-contra-israel-al-terrorismo-le-vamos-a-decir-que-no\/\" \/>\n<meta property=\"og:site_name\" content=\"Apuntes de San Luis\" \/>\n<meta property=\"article:published_time\" content=\"2023-10-10T01:03:31+00:00\" \/>\n<meta property=\"og:image\" content=\"https:\/\/apuntesdesanluis.com\/wp-content\/uploads\/2023\/10\/repudio.png\" \/>\n\t<meta property=\"og:image:width\" content=\"600\" \/>\n\t<meta property=\"og:image:height\" content=\"330\" \/>\n\t<meta property=\"og:image:type\" content=\"image\/png\" \/>\n<meta name=\"author\" content=\"apuntesdesanluis.com\" \/>\n<meta name=\"twitter:card\" content=\"summary_large_image\" \/>\n<meta name=\"twitter:label1\" content=\"Escrito por\" \/>\n\t<meta name=\"twitter:data1\" content=\"apuntesdesanluis.com\" \/>\n\t<meta name=\"twitter:label2\" content=\"Tiempo de lectura\" \/>\n\t<meta name=\"twitter:data2\" content=\"5 minutos\" \/>\n<script type=\"application\/ld+json\" class=\"yoast-schema-graph\">{\"@context\":\"https:\/\/schema.org\",\"@graph\":[{\"@type\":\"Article\",\"@id\":\"https:\/\/apuntesdesanluis.com\/index.php\/2023\/10\/09\/una-multitud-se-movilizo-para-repudiar-el-ataque-de-hamas-contra-israel-al-terrorismo-le-vamos-a-decir-que-no\/#article\",\"isPartOf\":{\"@id\":\"https:\/\/apuntesdesanluis.com\/index.php\/2023\/10\/09\/una-multitud-se-movilizo-para-repudiar-el-ataque-de-hamas-contra-israel-al-terrorismo-le-vamos-a-decir-que-no\/\"},\"author\":{\"name\":\"apuntesdesanluis.com\",\"@id\":\"https:\/\/apuntesdesanluis.com\/#\/schema\/person\/b55151d52296fcce64d1a72538a70b90\"},\"headline\":\"UNA MULTITUD SE MOVILIZ\u00d3 PARA REPUDIAR EL ATAQUE DE HAMAS CONTRA ISRAEL: \u201cAL TERRORISMO LE VAMOS A DECIR QUE NO\u201d\",\"datePublished\":\"2023-10-10T01:03:31+00:00\",\"mainEntityOfPage\":{\"@id\":\"https:\/\/apuntesdesanluis.com\/index.php\/2023\/10\/09\/una-multitud-se-movilizo-para-repudiar-el-ataque-de-hamas-contra-israel-al-terrorismo-le-vamos-a-decir-que-no\/\"},\"wordCount\":1018,\"publisher\":{\"@id\":\"https:\/\/apuntesdesanluis.com\/#\/schema\/person\/b55151d52296fcce64d1a72538a70b90\"},\"image\":{\"@id\":\"https:\/\/apuntesdesanluis.com\/index.php\/2023\/10\/09\/una-multitud-se-movilizo-para-repudiar-el-ataque-de-hamas-contra-israel-al-terrorismo-le-vamos-a-decir-que-no\/#primaryimage\"},\"thumbnailUrl\":\"https:\/\/apuntesdesanluis.com\/wp-content\/uploads\/2023\/10\/repudio.png\",\"articleSection\":[\"Nacionales\/Internacionales\"],\"inLanguage\":\"es-AR\"},{\"@type\":\"WebPage\",\"@id\":\"https:\/\/apuntesdesanluis.com\/index.php\/2023\/10\/09\/una-multitud-se-movilizo-para-repudiar-el-ataque-de-hamas-contra-israel-al-terrorismo-le-vamos-a-decir-que-no\/\",\"url\":\"https:\/\/apuntesdesanluis.com\/index.php\/2023\/10\/09\/una-multitud-se-movilizo-para-repudiar-el-ataque-de-hamas-contra-israel-al-terrorismo-le-vamos-a-decir-que-no\/\",\"name\":\"UNA MULTITUD SE MOVILIZ\u00d3 PARA REPUDIAR EL ATAQUE DE HAMAS CONTRA ISRAEL: \u201cAL TERRORISMO LE VAMOS A DECIR QUE NO\u201d - Apuntes de San Luis\",\"isPartOf\":{\"@id\":\"https:\/\/apuntesdesanluis.com\/#website\"},\"primaryImageOfPage\":{\"@id\":\"https:\/\/apuntesdesanluis.com\/index.php\/2023\/10\/09\/una-multitud-se-movilizo-para-repudiar-el-ataque-de-hamas-contra-israel-al-terrorismo-le-vamos-a-decir-que-no\/#primaryimage\"},\"image\":{\"@id\":\"https:\/\/apuntesdesanluis.com\/index.php\/2023\/10\/09\/una-multitud-se-movilizo-para-repudiar-el-ataque-de-hamas-contra-israel-al-terrorismo-le-vamos-a-decir-que-no\/#primaryimage\"},\"thumbnailUrl\":\"https:\/\/apuntesdesanluis.com\/wp-content\/uploads\/2023\/10\/repudio.png\",\"datePublished\":\"2023-10-10T01:03:31+00:00\",\"breadcrumb\":{\"@id\":\"https:\/\/apuntesdesanluis.com\/index.php\/2023\/10\/09\/una-multitud-se-movilizo-para-repudiar-el-ataque-de-hamas-contra-israel-al-terrorismo-le-vamos-a-decir-que-no\/#breadcrumb\"},\"inLanguage\":\"es-AR\",\"potentialAction\":[{\"@type\":\"ReadAction\",\"target\":[\"https:\/\/apuntesdesanluis.com\/index.php\/2023\/10\/09\/una-multitud-se-movilizo-para-repudiar-el-ataque-de-hamas-contra-israel-al-terrorismo-le-vamos-a-decir-que-no\/\"]}]},{\"@type\":\"ImageObject\",\"inLanguage\":\"es-AR\",\"@id\":\"https:\/\/apuntesdesanluis.com\/index.php\/2023\/10\/09\/una-multitud-se-movilizo-para-repudiar-el-ataque-de-hamas-contra-israel-al-terrorismo-le-vamos-a-decir-que-no\/#primaryimage\",\"url\":\"https:\/\/apuntesdesanluis.com\/wp-content\/uploads\/2023\/10\/repudio.png\",\"contentUrl\":\"https:\/\/apuntesdesanluis.com\/wp-content\/uploads\/2023\/10\/repudio.png\",\"width\":600,\"height\":330},{\"@type\":\"BreadcrumbList\",\"@id\":\"https:\/\/apuntesdesanluis.com\/index.php\/2023\/10\/09\/una-multitud-se-movilizo-para-repudiar-el-ataque-de-hamas-contra-israel-al-terrorismo-le-vamos-a-decir-que-no\/#breadcrumb\",\"itemListElement\":[{\"@type\":\"ListItem\",\"position\":1,\"name\":\"Inicio\",\"item\":\"https:\/\/apuntesdesanluis.com\/\"},{\"@type\":\"ListItem\",\"position\":2,\"name\":\"UNA MULTITUD SE MOVILIZ\u00d3 PARA REPUDIAR EL ATAQUE DE HAMAS CONTRA ISRAEL: \u201cAL TERRORISMO LE VAMOS A DECIR QUE NO\u201d\"}]},{\"@type\":\"WebSite\",\"@id\":\"https:\/\/apuntesdesanluis.com\/#website\",\"url\":\"https:\/\/apuntesdesanluis.com\/\",\"name\":\"Apuntes de San Luis\",\"description\":\"\",\"publisher\":{\"@id\":\"https:\/\/apuntesdesanluis.com\/#\/schema\/person\/b55151d52296fcce64d1a72538a70b90\"},\"potentialAction\":[{\"@type\":\"SearchAction\",\"target\":{\"@type\":\"EntryPoint\",\"urlTemplate\":\"https:\/\/apuntesdesanluis.com\/?s={search_term_string}\"},\"query-input\":{\"@type\":\"PropertyValueSpecification\",\"valueRequired\":true,\"valueName\":\"search_term_string\"}}],\"inLanguage\":\"es-AR\"},{\"@type\":[\"Person\",\"Organization\"],\"@id\":\"https:\/\/apuntesdesanluis.com\/#\/schema\/person\/b55151d52296fcce64d1a72538a70b90\",\"name\":\"apuntesdesanluis.com\",\"image\":{\"@type\":\"ImageObject\",\"inLanguage\":\"es-AR\",\"@id\":\"https:\/\/apuntesdesanluis.com\/#\/schema\/person\/image\/\",\"url\":\"https:\/\/apuntesdesanluis.com\/wp-content\/uploads\/2023\/07\/cropped-apuntesdesanluis.png\",\"contentUrl\":\"https:\/\/apuntesdesanluis.com\/wp-content\/uploads\/2023\/07\/cropped-apuntesdesanluis.png\",\"width\":450,\"height\":112,\"caption\":\"apuntesdesanluis.com\"},\"logo\":{\"@id\":\"https:\/\/apuntesdesanluis.com\/#\/schema\/person\/image\/\"},\"sameAs\":[\"https:\/\/apuntesdesanluis.com\"],\"url\":\"https:\/\/apuntesdesanluis.com\/index.php\/author\/apuntesdesanluis-com\/\"}]}<\/script>\n<!-- \/ Yoast SEO plugin. -->","yoast_head_json":{"title":"UNA MULTITUD SE MOVILIZ\u00d3 PARA REPUDIAR EL ATAQUE DE HAMAS CONTRA ISRAEL: \u201cAL TERRORISMO LE VAMOS A DECIR QUE NO\u201d - Apuntes de San Luis","robots":{"index":"index","follow":"follow","max-snippet":"max-snippet:-1","max-image-preview":"max-image-preview:large","max-video-preview":"max-video-preview:-1"},"canonical":"https:\/\/apuntesdesanluis.com\/index.php\/2023\/10\/09\/una-multitud-se-movilizo-para-repudiar-el-ataque-de-hamas-contra-israel-al-terrorismo-le-vamos-a-decir-que-no\/","og_locale":"es_ES","og_type":"article","og_title":"UNA MULTITUD SE MOVILIZ\u00d3 PARA REPUDIAR EL ATAQUE DE HAMAS CONTRA ISRAEL: \u201cAL TERRORISMO LE VAMOS A DECIR QUE NO\u201d - Apuntes de San Luis","og_description":"Con la presencia de pol\u00edticos, funcionarios y referentes de la comunidad jud\u00eda, la AMIA, la...","og_url":"https:\/\/apuntesdesanluis.com\/index.php\/2023\/10\/09\/una-multitud-se-movilizo-para-repudiar-el-ataque-de-hamas-contra-israel-al-terrorismo-le-vamos-a-decir-que-no\/","og_site_name":"Apuntes de San Luis","article_published_time":"2023-10-10T01:03:31+00:00","og_image":[{"width":600,"height":330,"url":"https:\/\/apuntesdesanluis.com\/wp-content\/uploads\/2023\/10\/repudio.png","type":"image\/png"}],"author":"apuntesdesanluis.com","twitter_card":"summary_large_image","twitter_misc":{"Escrito por":"apuntesdesanluis.com","Tiempo de lectura":"5 minutos"},"schema":{"@context":"https:\/\/schema.org","@graph":[{"@type":"Article","@id":"https:\/\/apuntesdesanluis.com\/index.php\/2023\/10\/09\/una-multitud-se-movilizo-para-repudiar-el-ataque-de-hamas-contra-israel-al-terrorismo-le-vamos-a-decir-que-no\/#article","isPartOf":{"@id":"https:\/\/apuntesdesanluis.com\/index.php\/2023\/10\/09\/una-multitud-se-movilizo-para-repudiar-el-ataque-de-hamas-contra-israel-al-terrorismo-le-vamos-a-decir-que-no\/"},"author":{"name":"apuntesdesanluis.com","@id":"https:\/\/apuntesdesanluis.com\/#\/schema\/person\/b55151d52296fcce64d1a72538a70b90"},"headline":"UNA MULTITUD SE MOVILIZ\u00d3 PARA REPUDIAR EL ATAQUE DE HAMAS CONTRA ISRAEL: \u201cAL TERRORISMO LE VAMOS A DECIR QUE NO\u201d","datePublished":"2023-10-10T01:03:31+00:00","mainEntityOfPage":{"@id":"https:\/\/apuntesdesanluis.com\/index.php\/2023\/10\/09\/una-multitud-se-movilizo-para-repudiar-el-ataque-de-hamas-contra-israel-al-terrorismo-le-vamos-a-decir-que-no\/"},"wordCount":1018,"publisher":{"@id":"https:\/\/apuntesdesanluis.com\/#\/schema\/person\/b55151d52296fcce64d1a72538a70b90"},"image":{"@id":"https:\/\/apuntesdesanluis.com\/index.php\/2023\/10\/09\/una-multitud-se-movilizo-para-repudiar-el-ataque-de-hamas-contra-israel-al-terrorismo-le-vamos-a-decir-que-no\/#primaryimage"},"thumbnailUrl":"https:\/\/apuntesdesanluis.com\/wp-content\/uploads\/2023\/10\/repudio.png","articleSection":["Nacionales\/Internacionales"],"inLanguage":"es-AR"},{"@type":"WebPage","@id":"https:\/\/apuntesdesanluis.com\/index.php\/2023\/10\/09\/una-multitud-se-movilizo-para-repudiar-el-ataque-de-hamas-contra-israel-al-terrorismo-le-vamos-a-decir-que-no\/","url":"https:\/\/apuntesdesanluis.com\/index.php\/2023\/10\/09\/una-multitud-se-movilizo-para-repudiar-el-ataque-de-hamas-contra-israel-al-terrorismo-le-vamos-a-decir-que-no\/","name":"UNA MULTITUD SE MOVILIZ\u00d3 PARA REPUDIAR EL ATAQUE DE HAMAS CONTRA ISRAEL: \u201cAL TERRORISMO LE VAMOS A DECIR QUE NO\u201d - Apuntes de San Luis","isPartOf":{"@id":"https:\/\/apuntesdesanluis.com\/#website"},"primaryImageOfPage":{"@id":"https:\/\/apuntesdesanluis.com\/index.php\/2023\/10\/09\/una-multitud-se-movilizo-para-repudiar-el-ataque-de-hamas-contra-israel-al-terrorismo-le-vamos-a-decir-que-no\/#primaryimage"},"image":{"@id":"https:\/\/apuntesdesanluis.com\/index.php\/2023\/10\/09\/una-multitud-se-movilizo-para-repudiar-el-ataque-de-hamas-contra-israel-al-terrorismo-le-vamos-a-decir-que-no\/#primaryimage"},"thumbnailUrl":"https:\/\/apuntesdesanluis.com\/wp-content\/uploads\/2023\/10\/repudio.png","datePublished":"2023-10-10T01:03:31+00:00","breadcrumb":{"@id":"https:\/\/apuntesdesanluis.com\/index.php\/2023\/10\/09\/una-multitud-se-movilizo-para-repudiar-el-ataque-de-hamas-contra-israel-al-terrorismo-le-vamos-a-decir-que-no\/#breadcrumb"},"inLanguage":"es-AR","potentialAction":[{"@type":"ReadAction","target":["https:\/\/apuntesdesanluis.com\/index.php\/2023\/10\/09\/una-multitud-se-movilizo-para-repudiar-el-ataque-de-hamas-contra-israel-al-terrorismo-le-vamos-a-decir-que-no\/"]}]},{"@type":"ImageObject","inLanguage":"es-AR","@id":"https:\/\/apuntesdesanluis.com\/index.php\/2023\/10\/09\/una-multitud-se-movilizo-para-repudiar-el-ataque-de-hamas-contra-israel-al-terrorismo-le-vamos-a-decir-que-no\/#primaryimage","url":"https:\/\/apuntesdesanluis.com\/wp-content\/uploads\/2023\/10\/repudio.png","contentUrl":"https:\/\/apuntesdesanluis.com\/wp-content\/uploads\/2023\/10\/repudio.png","width":600,"height":330},{"@type":"BreadcrumbList","@id":"https:\/\/apuntesdesanluis.com\/index.php\/2023\/10\/09\/una-multitud-se-movilizo-para-repudiar-el-ataque-de-hamas-contra-israel-al-terrorismo-le-vamos-a-decir-que-no\/#breadcrumb","itemListElement":[{"@type":"ListItem","position":1,"name":"Inicio","item":"https:\/\/apuntesdesanluis.com\/"},{"@type":"ListItem","position":2,"name":"UNA MULTITUD SE MOVILIZ\u00d3 PARA REPUDIAR EL ATAQUE DE HAMAS CONTRA ISRAEL: \u201cAL TERRORISMO LE VAMOS A DECIR QUE NO\u201d"}]},{"@type":"WebSite","@id":"https:\/\/apuntesdesanluis.com\/#website","url":"https:\/\/apuntesdesanluis.com\/","name":"Apuntes de San Luis","description":"","publisher":{"@id":"https:\/\/apuntesdesanluis.com\/#\/schema\/person\/b55151d52296fcce64d1a72538a70b90"},"potentialAction":[{"@type":"SearchAction","target":{"@type":"EntryPoint","urlTemplate":"https:\/\/apuntesdesanluis.com\/?s={search_term_string}"},"query-input":{"@type":"PropertyValueSpecification","valueRequired":true,"valueName":"search_term_string"}}],"inLanguage":"es-AR"},{"@type":["Person","Organization"],"@id":"https:\/\/apuntesdesanluis.com\/#\/schema\/person\/b55151d52296fcce64d1a72538a70b90","name":"apuntesdesanluis.com","image":{"@type":"ImageObject","inLanguage":"es-AR","@id":"https:\/\/apuntesdesanluis.com\/#\/schema\/person\/image\/","url":"https:\/\/apuntesdesanluis.com\/wp-content\/uploads\/2023\/07\/cropped-apuntesdesanluis.png","contentUrl":"https:\/\/apuntesdesanluis.com\/wp-content\/uploads\/2023\/07\/cropped-apuntesdesanluis.png","width":450,"height":112,"caption":"apuntesdesanluis.com"},"logo":{"@id":"https:\/\/apuntesdesanluis.com\/#\/schema\/person\/image\/"},"sameAs":["https:\/\/apuntesdesanluis.com"],"url":"https:\/\/apuntesdesanluis.com\/index.php\/author\/apuntesdesanluis-com\/"}]}},"featured_image_urls":{"full":["https:\/\/apuntesdesanluis.com\/wp-content\/uploads\/2023\/10\/repudio.png",600,330,false],"thumbnail":["https:\/\/apuntesdesanluis.com\/wp-content\/uploads\/2023\/10\/repudio-150x150.png",150,150,true],"medium":["https:\/\/apuntesdesanluis.com\/wp-content\/uploads\/2023\/10\/repudio-300x165.png",300,165,true],"medium_large":["https:\/\/apuntesdesanluis.com\/wp-content\/uploads\/2023\/10\/repudio.png",600,330,false],"large":["https:\/\/apuntesdesanluis.com\/wp-content\/uploads\/2023\/10\/repudio.png",600,330,false],"1536x1536":["https:\/\/apuntesdesanluis.com\/wp-content\/uploads\/2023\/10\/repudio.png",600,330,false],"2048x2048":["https:\/\/apuntesdesanluis.com\/wp-content\/uploads\/2023\/10\/repudio.png",600,330,false],"newsever-slider-full":["https:\/\/apuntesdesanluis.com\/wp-content\/uploads\/2023\/10\/repudio.png",600,330,false],"newsever-featured":["https:\/\/apuntesdesanluis.com\/wp-content\/uploads\/2023\/10\/repudio.png",600,330,false],"newsever-medium":["https:\/\/apuntesdesanluis.com\/wp-content\/uploads\/2023\/10\/repudio.png",600,330,false]},"author_info":{"display_name":"apuntesdesanluis.com","author_link":"https:\/\/apuntesdesanluis.com\/index.php\/author\/apuntesdesanluis-com\/"},"category_info":"<a href=\"https:\/\/apuntesdesanluis.com\/index.php\/category\/nacionales-internacionales\/\" rel=\"category tag\">Nacionales\/Internacionales<\/a>","tag_info":"Nacionales\/Internacionales","comment_count":"0","_links":{"self":[{"href":"https:\/\/apuntesdesanluis.com\/index.php\/wp-json\/wp\/v2\/posts\/4868","targetHints":{"allow":["GET"]}}],"collection":[{"href":"https:\/\/apuntesdesanluis.com\/index.php\/wp-json\/wp\/v2\/posts"}],"about":[{"href":"https:\/\/apuntesdesanluis.com\/index.php\/wp-json\/wp\/v2\/types\/post"}],"author":[{"embeddable":true,"href":"https:\/\/apuntesdesanluis.com\/index.php\/wp-json\/wp\/v2\/users\/1"}],"replies":[{"embeddable":true,"href":"https:\/\/apuntesdesanluis.com\/index.php\/wp-json\/wp\/v2\/comments?post=4868"}],"version-history":[{"count":1,"href":"https:\/\/apuntesdesanluis.com\/index.php\/wp-json\/wp\/v2\/posts\/4868\/revisions"}],"predecessor-version":[{"id":4871,"href":"https:\/\/apuntesdesanluis.com\/index.php\/wp-json\/wp\/v2\/posts\/4868\/revisions\/4871"}],"wp:featuredmedia":[{"embeddable":true,"href":"https:\/\/apuntesdesanluis.com\/index.php\/wp-json\/wp\/v2\/media\/4869"}],"wp:attachment":[{"href":"https:\/\/apuntesdesanluis.com\/index.php\/wp-json\/wp\/v2\/media?parent=4868"}],"wp:term":[{"taxonomy":"category","embeddable":true,"href":"https:\/\/apuntesdesanluis.com\/index.php\/wp-json\/wp\/v2\/categories?post=4868"},{"taxonomy":"post_tag","embeddable":true,"href":"https:\/\/apuntesdesanluis.com\/index.php\/wp-json\/wp\/v2\/tags?post=4868"}],"curies":[{"name":"wp","href":"https:\/\/api.w.org\/{rel}","templated":true}]}}