{"id":4884,"date":"2023-10-09T18:54:58","date_gmt":"2023-10-09T21:54:58","guid":{"rendered":"https:\/\/apuntesdesanluis.com\/?p=4884"},"modified":"2023-10-09T23:58:13","modified_gmt":"2023-10-10T02:58:13","slug":"el-concejo-deliberante-distinguio-al-proyecto-pelucas-solidarias-san-luis","status":"publish","type":"post","link":"https:\/\/apuntesdesanluis.com\/index.php\/2023\/10\/09\/el-concejo-deliberante-distinguio-al-proyecto-pelucas-solidarias-san-luis\/","title":{"rendered":"EL CONCEJO DELIBERANTE DISTINGUI\u00d3 AL PROYECTO \u201cPELUCAS SOLIDARIAS SAN LUIS\u201d"},"content":{"rendered":"<h3>En la Plaza San Mart\u00edn se llev\u00f3 a cabo el pasado domingo un evento solidario que tuvo una serie de actividades con distintas propuestas art\u00edsticas y musicales, como Walter Mu\u00f1oz y su grupo de zumba, Joaqu\u00edn Quevedo y su cuarteto, como tambi\u00e9n danzas y maquillaje, programa que estuvo organizado por el \u201cProyecto Pelucas Solidarias San Luis\u201d secundado por la Fundaci\u00f3n Todos a la Escuela y el Movimiento Un D\u00eda Para Dar.<\/h3>\n<h3>Esta fundaci\u00f3n, con un enorme gesto solidario, de trabajo desinteresado y de forma gratuita, realiza la confecci\u00f3n de las\u00a0 pelucas artesanales para pacientes que por alguna circunstancia o de tratamientos m\u00e9dicos, perdieron\u00a0 su cabello.<\/h3>\n<p><img fetchpriority=\"high\" decoding=\"async\" class=\"wp-image-4886 aligncenter\" src=\"https:\/\/apuntesdesanluis.com\/wp-content\/uploads\/2023\/10\/pelucas-3-300x234.png\" alt=\"\" width=\"674\" height=\"526\" srcset=\"https:\/\/apuntesdesanluis.com\/wp-content\/uploads\/2023\/10\/pelucas-3-300x234.png 300w, https:\/\/apuntesdesanluis.com\/wp-content\/uploads\/2023\/10\/pelucas-3.png 556w\" sizes=\"(max-width: 674px) 100vw, 674px\" \/><\/p>\n<h3>Este momento solidario tuvo por objetivo buscar la colaboraci\u00f3n de\u00a0 la comunidad para seguir confeccionado las diversas pelucas. La colecta se centr\u00f3 en los distintos materiales como\u00a0 la donaci\u00f3n de una mecha de pelo natural para poder armar las pelucas, tinturas de colores claros, cabezas de telgopor, hilo de poli\u00e9ster, pelucas en desuso, tela para confeccionar turbantes, cinta de papel, pa\u00f1uelos, gorros, tijeras, tinturas, shampoo, cremas de enjuague, tratamientos de nutrici\u00f3n, peines y cepillos.<\/h3>\n<h3>En consonancia a este evento el Concejo Deliberante aprob\u00f3 por unanimidad la Declaraci\u00f3n N\u00b0 1458 d\/2023 donde se declar\u00f3 de inter\u00e9s Legislativo, Social, Cultural Solidario y Educativo al evento organizado por el proyecto \u201cPELUCAS SOLIDARIAS SAN LUIS\u201d, que se desarroll\u00f3 el domingo 8 en Plaza San Mart\u00edn, con la finalidad de confeccionar y distribuir pelucas entre los pacientes oncol\u00f3gicos de la Provincia de San Luis.<\/h3>\n<p><img decoding=\"async\" class=\"wp-image-4887 aligncenter\" src=\"https:\/\/apuntesdesanluis.com\/wp-content\/uploads\/2023\/10\/Pelucas-2-300x185.jpg\" alt=\"\" width=\"676\" height=\"417\" srcset=\"https:\/\/apuntesdesanluis.com\/wp-content\/uploads\/2023\/10\/Pelucas-2-300x185.jpg 300w, https:\/\/apuntesdesanluis.com\/wp-content\/uploads\/2023\/10\/Pelucas-2.jpg 600w\" sizes=\"(max-width: 676px) 100vw, 676px\" \/><\/p>\n<h3>Los familiares y amigos de\u00a0 Mar\u00eda Fernanda Selada\u00a0 junto a Mar\u00eda Eugenia Trejo recibieron las distinciones por parte de la Presidenta y Vice Presidenta Provisional del \u00d3rgano legislativo\u00a0 Prof. Lucia Lacerda Traversi y Lucrecia Soria, quien destac\u00f3 la valiosa y caritativa labor que lleva esta importante fundaci\u00f3n, que enorgullece a toda la provincia.<\/h3>\n","protected":false},"excerpt":{"rendered":"<p>En la Plaza San Mart\u00edn se llev\u00f3 a cabo el pasado domingo un evento solidario&#8230;<\/p>\n","protected":false},"author":1,"featured_media":4885,"comment_status":"closed","ping_status":"closed","sticky":false,"template":"","format":"standard","meta":{"footnotes":""},"categories":[6],"tags":[],"class_list":["post-4884","post","type-post","status-publish","format-standard","has-post-thumbnail","hentry","category-ciudad-provincia"],"yoast_head":"<!-- This site is optimized with the Yoast SEO plugin v26.1.1 - https:\/\/yoast.com\/wordpress\/plugins\/seo\/ -->\n<title>EL CONCEJO DELIBERANTE DISTINGUI\u00d3 AL PROYECTO \u201cPELUCAS SOLIDARIAS SAN LUIS\u201d - Apuntes de San Luis<\/title>\n<meta name=\"robots\" content=\"index, follow, max-snippet:-1, max-image-preview:large, max-video-preview:-1\" \/>\n<link rel=\"canonical\" href=\"https:\/\/apuntesdesanluis.com\/index.php\/2023\/10\/09\/el-concejo-deliberante-distinguio-al-proyecto-pelucas-solidarias-san-luis\/\" \/>\n<meta property=\"og:locale\" content=\"es_ES\" \/>\n<meta property=\"og:type\" content=\"article\" \/>\n<meta property=\"og:title\" content=\"EL CONCEJO DELIBERANTE DISTINGUI\u00d3 AL PROYECTO \u201cPELUCAS SOLIDARIAS SAN LUIS\u201d - Apuntes de San Luis\" \/>\n<meta property=\"og:description\" content=\"En la Plaza San Mart\u00edn se llev\u00f3 a cabo el pasado domingo un evento solidario...\" \/>\n<meta property=\"og:url\" content=\"https:\/\/apuntesdesanluis.com\/index.php\/2023\/10\/09\/el-concejo-deliberante-distinguio-al-proyecto-pelucas-solidarias-san-luis\/\" \/>\n<meta property=\"og:site_name\" content=\"Apuntes de San Luis\" \/>\n<meta property=\"article:published_time\" content=\"2023-10-09T21:54:58+00:00\" \/>\n<meta property=\"article:modified_time\" content=\"2023-10-10T02:58:13+00:00\" \/>\n<meta property=\"og:image\" content=\"https:\/\/apuntesdesanluis.com\/wp-content\/uploads\/2023\/10\/Pelucas-1.jpg\" \/>\n\t<meta property=\"og:image:width\" content=\"561\" \/>\n\t<meta property=\"og:image:height\" content=\"347\" \/>\n\t<meta property=\"og:image:type\" content=\"image\/jpeg\" \/>\n<meta name=\"author\" content=\"apuntesdesanluis.com\" \/>\n<meta name=\"twitter:card\" content=\"summary_large_image\" \/>\n<meta name=\"twitter:label1\" content=\"Escrito por\" \/>\n\t<meta name=\"twitter:data1\" content=\"apuntesdesanluis.com\" \/>\n\t<meta name=\"twitter:label2\" content=\"Tiempo de lectura\" \/>\n\t<meta name=\"twitter:data2\" content=\"2 minutos\" \/>\n<script type=\"application\/ld+json\" class=\"yoast-schema-graph\">{\"@context\":\"https:\/\/schema.org\",\"@graph\":[{\"@type\":\"Article\",\"@id\":\"https:\/\/apuntesdesanluis.com\/index.php\/2023\/10\/09\/el-concejo-deliberante-distinguio-al-proyecto-pelucas-solidarias-san-luis\/#article\",\"isPartOf\":{\"@id\":\"https:\/\/apuntesdesanluis.com\/index.php\/2023\/10\/09\/el-concejo-deliberante-distinguio-al-proyecto-pelucas-solidarias-san-luis\/\"},\"author\":{\"name\":\"apuntesdesanluis.com\",\"@id\":\"https:\/\/apuntesdesanluis.com\/#\/schema\/person\/b55151d52296fcce64d1a72538a70b90\"},\"headline\":\"EL CONCEJO DELIBERANTE DISTINGUI\u00d3 AL PROYECTO \u201cPELUCAS SOLIDARIAS SAN LUIS\u201d\",\"datePublished\":\"2023-10-09T21:54:58+00:00\",\"dateModified\":\"2023-10-10T02:58:13+00:00\",\"mainEntityOfPage\":{\"@id\":\"https:\/\/apuntesdesanluis.com\/index.php\/2023\/10\/09\/el-concejo-deliberante-distinguio-al-proyecto-pelucas-solidarias-san-luis\/\"},\"wordCount\":327,\"publisher\":{\"@id\":\"https:\/\/apuntesdesanluis.com\/#\/schema\/person\/b55151d52296fcce64d1a72538a70b90\"},\"image\":{\"@id\":\"https:\/\/apuntesdesanluis.com\/index.php\/2023\/10\/09\/el-concejo-deliberante-distinguio-al-proyecto-pelucas-solidarias-san-luis\/#primaryimage\"},\"thumbnailUrl\":\"https:\/\/apuntesdesanluis.com\/wp-content\/uploads\/2023\/10\/Pelucas-1.jpg\",\"articleSection\":[\"Ciudad\/Provincia\"],\"inLanguage\":\"es-AR\"},{\"@type\":\"WebPage\",\"@id\":\"https:\/\/apuntesdesanluis.com\/index.php\/2023\/10\/09\/el-concejo-deliberante-distinguio-al-proyecto-pelucas-solidarias-san-luis\/\",\"url\":\"https:\/\/apuntesdesanluis.com\/index.php\/2023\/10\/09\/el-concejo-deliberante-distinguio-al-proyecto-pelucas-solidarias-san-luis\/\",\"name\":\"EL CONCEJO DELIBERANTE DISTINGUI\u00d3 AL PROYECTO \u201cPELUCAS SOLIDARIAS SAN LUIS\u201d - Apuntes de San Luis\",\"isPartOf\":{\"@id\":\"https:\/\/apuntesdesanluis.com\/#website\"},\"primaryImageOfPage\":{\"@id\":\"https:\/\/apuntesdesanluis.com\/index.php\/2023\/10\/09\/el-concejo-deliberante-distinguio-al-proyecto-pelucas-solidarias-san-luis\/#primaryimage\"},\"image\":{\"@id\":\"https:\/\/apuntesdesanluis.com\/index.php\/2023\/10\/09\/el-concejo-deliberante-distinguio-al-proyecto-pelucas-solidarias-san-luis\/#primaryimage\"},\"thumbnailUrl\":\"https:\/\/apuntesdesanluis.com\/wp-content\/uploads\/2023\/10\/Pelucas-1.jpg\",\"datePublished\":\"2023-10-09T21:54:58+00:00\",\"dateModified\":\"2023-10-10T02:58:13+00:00\",\"breadcrumb\":{\"@id\":\"https:\/\/apuntesdesanluis.com\/index.php\/2023\/10\/09\/el-concejo-deliberante-distinguio-al-proyecto-pelucas-solidarias-san-luis\/#breadcrumb\"},\"inLanguage\":\"es-AR\",\"potentialAction\":[{\"@type\":\"ReadAction\",\"target\":[\"https:\/\/apuntesdesanluis.com\/index.php\/2023\/10\/09\/el-concejo-deliberante-distinguio-al-proyecto-pelucas-solidarias-san-luis\/\"]}]},{\"@type\":\"ImageObject\",\"inLanguage\":\"es-AR\",\"@id\":\"https:\/\/apuntesdesanluis.com\/index.php\/2023\/10\/09\/el-concejo-deliberante-distinguio-al-proyecto-pelucas-solidarias-san-luis\/#primaryimage\",\"url\":\"https:\/\/apuntesdesanluis.com\/wp-content\/uploads\/2023\/10\/Pelucas-1.jpg\",\"contentUrl\":\"https:\/\/apuntesdesanluis.com\/wp-content\/uploads\/2023\/10\/Pelucas-1.jpg\",\"width\":561,\"height\":347},{\"@type\":\"BreadcrumbList\",\"@id\":\"https:\/\/apuntesdesanluis.com\/index.php\/2023\/10\/09\/el-concejo-deliberante-distinguio-al-proyecto-pelucas-solidarias-san-luis\/#breadcrumb\",\"itemListElement\":[{\"@type\":\"ListItem\",\"position\":1,\"name\":\"Inicio\",\"item\":\"https:\/\/apuntesdesanluis.com\/\"},{\"@type\":\"ListItem\",\"position\":2,\"name\":\"EL CONCEJO DELIBERANTE DISTINGUI\u00d3 AL PROYECTO \u201cPELUCAS SOLIDARIAS SAN LUIS\u201d\"}]},{\"@type\":\"WebSite\",\"@id\":\"https:\/\/apuntesdesanluis.com\/#website\",\"url\":\"https:\/\/apuntesdesanluis.com\/\",\"name\":\"Apuntes de San Luis\",\"description\":\"\",\"publisher\":{\"@id\":\"https:\/\/apuntesdesanluis.com\/#\/schema\/person\/b55151d52296fcce64d1a72538a70b90\"},\"potentialAction\":[{\"@type\":\"SearchAction\",\"target\":{\"@type\":\"EntryPoint\",\"urlTemplate\":\"https:\/\/apuntesdesanluis.com\/?s={search_term_string}\"},\"query-input\":{\"@type\":\"PropertyValueSpecification\",\"valueRequired\":true,\"valueName\":\"search_term_string\"}}],\"inLanguage\":\"es-AR\"},{\"@type\":[\"Person\",\"Organization\"],\"@id\":\"https:\/\/apuntesdesanluis.com\/#\/schema\/person\/b55151d52296fcce64d1a72538a70b90\",\"name\":\"apuntesdesanluis.com\",\"image\":{\"@type\":\"ImageObject\",\"inLanguage\":\"es-AR\",\"@id\":\"https:\/\/apuntesdesanluis.com\/#\/schema\/person\/image\/\",\"url\":\"https:\/\/apuntesdesanluis.com\/wp-content\/uploads\/2023\/07\/cropped-apuntesdesanluis.png\",\"contentUrl\":\"https:\/\/apuntesdesanluis.com\/wp-content\/uploads\/2023\/07\/cropped-apuntesdesanluis.png\",\"width\":450,\"height\":112,\"caption\":\"apuntesdesanluis.com\"},\"logo\":{\"@id\":\"https:\/\/apuntesdesanluis.com\/#\/schema\/person\/image\/\"},\"sameAs\":[\"https:\/\/apuntesdesanluis.com\"],\"url\":\"https:\/\/apuntesdesanluis.com\/index.php\/author\/apuntesdesanluis-com\/\"}]}<\/script>\n<!-- \/ Yoast SEO plugin. -->","yoast_head_json":{"title":"EL CONCEJO DELIBERANTE DISTINGUI\u00d3 AL PROYECTO \u201cPELUCAS SOLIDARIAS SAN LUIS\u201d - Apuntes de San Luis","robots":{"index":"index","follow":"follow","max-snippet":"max-snippet:-1","max-image-preview":"max-image-preview:large","max-video-preview":"max-video-preview:-1"},"canonical":"https:\/\/apuntesdesanluis.com\/index.php\/2023\/10\/09\/el-concejo-deliberante-distinguio-al-proyecto-pelucas-solidarias-san-luis\/","og_locale":"es_ES","og_type":"article","og_title":"EL CONCEJO DELIBERANTE DISTINGUI\u00d3 AL PROYECTO \u201cPELUCAS SOLIDARIAS SAN LUIS\u201d - Apuntes de San Luis","og_description":"En la Plaza San Mart\u00edn se llev\u00f3 a cabo el pasado domingo un evento solidario...","og_url":"https:\/\/apuntesdesanluis.com\/index.php\/2023\/10\/09\/el-concejo-deliberante-distinguio-al-proyecto-pelucas-solidarias-san-luis\/","og_site_name":"Apuntes de San Luis","article_published_time":"2023-10-09T21:54:58+00:00","article_modified_time":"2023-10-10T02:58:13+00:00","og_image":[{"width":561,"height":347,"url":"https:\/\/apuntesdesanluis.com\/wp-content\/uploads\/2023\/10\/Pelucas-1.jpg","type":"image\/jpeg"}],"author":"apuntesdesanluis.com","twitter_card":"summary_large_image","twitter_misc":{"Escrito por":"apuntesdesanluis.com","Tiempo de lectura":"2 minutos"},"schema":{"@context":"https:\/\/schema.org","@graph":[{"@type":"Article","@id":"https:\/\/apuntesdesanluis.com\/index.php\/2023\/10\/09\/el-concejo-deliberante-distinguio-al-proyecto-pelucas-solidarias-san-luis\/#article","isPartOf":{"@id":"https:\/\/apuntesdesanluis.com\/index.php\/2023\/10\/09\/el-concejo-deliberante-distinguio-al-proyecto-pelucas-solidarias-san-luis\/"},"author":{"name":"apuntesdesanluis.com","@id":"https:\/\/apuntesdesanluis.com\/#\/schema\/person\/b55151d52296fcce64d1a72538a70b90"},"headline":"EL CONCEJO DELIBERANTE DISTINGUI\u00d3 AL PROYECTO \u201cPELUCAS SOLIDARIAS SAN LUIS\u201d","datePublished":"2023-10-09T21:54:58+00:00","dateModified":"2023-10-10T02:58:13+00:00","mainEntityOfPage":{"@id":"https:\/\/apuntesdesanluis.com\/index.php\/2023\/10\/09\/el-concejo-deliberante-distinguio-al-proyecto-pelucas-solidarias-san-luis\/"},"wordCount":327,"publisher":{"@id":"https:\/\/apuntesdesanluis.com\/#\/schema\/person\/b55151d52296fcce64d1a72538a70b90"},"image":{"@id":"https:\/\/apuntesdesanluis.com\/index.php\/2023\/10\/09\/el-concejo-deliberante-distinguio-al-proyecto-pelucas-solidarias-san-luis\/#primaryimage"},"thumbnailUrl":"https:\/\/apuntesdesanluis.com\/wp-content\/uploads\/2023\/10\/Pelucas-1.jpg","articleSection":["Ciudad\/Provincia"],"inLanguage":"es-AR"},{"@type":"WebPage","@id":"https:\/\/apuntesdesanluis.com\/index.php\/2023\/10\/09\/el-concejo-deliberante-distinguio-al-proyecto-pelucas-solidarias-san-luis\/","url":"https:\/\/apuntesdesanluis.com\/index.php\/2023\/10\/09\/el-concejo-deliberante-distinguio-al-proyecto-pelucas-solidarias-san-luis\/","name":"EL CONCEJO DELIBERANTE DISTINGUI\u00d3 AL PROYECTO \u201cPELUCAS SOLIDARIAS SAN LUIS\u201d - Apuntes de San Luis","isPartOf":{"@id":"https:\/\/apuntesdesanluis.com\/#website"},"primaryImageOfPage":{"@id":"https:\/\/apuntesdesanluis.com\/index.php\/2023\/10\/09\/el-concejo-deliberante-distinguio-al-proyecto-pelucas-solidarias-san-luis\/#primaryimage"},"image":{"@id":"https:\/\/apuntesdesanluis.com\/index.php\/2023\/10\/09\/el-concejo-deliberante-distinguio-al-proyecto-pelucas-solidarias-san-luis\/#primaryimage"},"thumbnailUrl":"https:\/\/apuntesdesanluis.com\/wp-content\/uploads\/2023\/10\/Pelucas-1.jpg","datePublished":"2023-10-09T21:54:58+00:00","dateModified":"2023-10-10T02:58:13+00:00","breadcrumb":{"@id":"https:\/\/apuntesdesanluis.com\/index.php\/2023\/10\/09\/el-concejo-deliberante-distinguio-al-proyecto-pelucas-solidarias-san-luis\/#breadcrumb"},"inLanguage":"es-AR","potentialAction":[{"@type":"ReadAction","target":["https:\/\/apuntesdesanluis.com\/index.php\/2023\/10\/09\/el-concejo-deliberante-distinguio-al-proyecto-pelucas-solidarias-san-luis\/"]}]},{"@type":"ImageObject","inLanguage":"es-AR","@id":"https:\/\/apuntesdesanluis.com\/index.php\/2023\/10\/09\/el-concejo-deliberante-distinguio-al-proyecto-pelucas-solidarias-san-luis\/#primaryimage","url":"https:\/\/apuntesdesanluis.com\/wp-content\/uploads\/2023\/10\/Pelucas-1.jpg","contentUrl":"https:\/\/apuntesdesanluis.com\/wp-content\/uploads\/2023\/10\/Pelucas-1.jpg","width":561,"height":347},{"@type":"BreadcrumbList","@id":"https:\/\/apuntesdesanluis.com\/index.php\/2023\/10\/09\/el-concejo-deliberante-distinguio-al-proyecto-pelucas-solidarias-san-luis\/#breadcrumb","itemListElement":[{"@type":"ListItem","position":1,"name":"Inicio","item":"https:\/\/apuntesdesanluis.com\/"},{"@type":"ListItem","position":2,"name":"EL CONCEJO DELIBERANTE DISTINGUI\u00d3 AL PROYECTO \u201cPELUCAS SOLIDARIAS SAN LUIS\u201d"}]},{"@type":"WebSite","@id":"https:\/\/apuntesdesanluis.com\/#website","url":"https:\/\/apuntesdesanluis.com\/","name":"Apuntes de San Luis","description":"","publisher":{"@id":"https:\/\/apuntesdesanluis.com\/#\/schema\/person\/b55151d52296fcce64d1a72538a70b90"},"potentialAction":[{"@type":"SearchAction","target":{"@type":"EntryPoint","urlTemplate":"https:\/\/apuntesdesanluis.com\/?s={search_term_string}"},"query-input":{"@type":"PropertyValueSpecification","valueRequired":true,"valueName":"search_term_string"}}],"inLanguage":"es-AR"},{"@type":["Person","Organization"],"@id":"https:\/\/apuntesdesanluis.com\/#\/schema\/person\/b55151d52296fcce64d1a72538a70b90","name":"apuntesdesanluis.com","image":{"@type":"ImageObject","inLanguage":"es-AR","@id":"https:\/\/apuntesdesanluis.com\/#\/schema\/person\/image\/","url":"https:\/\/apuntesdesanluis.com\/wp-content\/uploads\/2023\/07\/cropped-apuntesdesanluis.png","contentUrl":"https:\/\/apuntesdesanluis.com\/wp-content\/uploads\/2023\/07\/cropped-apuntesdesanluis.png","width":450,"height":112,"caption":"apuntesdesanluis.com"},"logo":{"@id":"https:\/\/apuntesdesanluis.com\/#\/schema\/person\/image\/"},"sameAs":["https:\/\/apuntesdesanluis.com"],"url":"https:\/\/apuntesdesanluis.com\/index.php\/author\/apuntesdesanluis-com\/"}]}},"featured_image_urls":{"full":["https:\/\/apuntesdesanluis.com\/wp-content\/uploads\/2023\/10\/Pelucas-1.jpg",561,347,false],"thumbnail":["https:\/\/apuntesdesanluis.com\/wp-content\/uploads\/2023\/10\/Pelucas-1-150x150.jpg",150,150,true],"medium":["https:\/\/apuntesdesanluis.com\/wp-content\/uploads\/2023\/10\/Pelucas-1-300x186.jpg",300,186,true],"medium_large":["https:\/\/apuntesdesanluis.com\/wp-content\/uploads\/2023\/10\/Pelucas-1.jpg",561,347,false],"large":["https:\/\/apuntesdesanluis.com\/wp-content\/uploads\/2023\/10\/Pelucas-1.jpg",561,347,false],"1536x1536":["https:\/\/apuntesdesanluis.com\/wp-content\/uploads\/2023\/10\/Pelucas-1.jpg",561,347,false],"2048x2048":["https:\/\/apuntesdesanluis.com\/wp-content\/uploads\/2023\/10\/Pelucas-1.jpg",561,347,false],"newsever-slider-full":["https:\/\/apuntesdesanluis.com\/wp-content\/uploads\/2023\/10\/Pelucas-1.jpg",561,347,false],"newsever-featured":["https:\/\/apuntesdesanluis.com\/wp-content\/uploads\/2023\/10\/Pelucas-1.jpg",561,347,false],"newsever-medium":["https:\/\/apuntesdesanluis.com\/wp-content\/uploads\/2023\/10\/Pelucas-1.jpg",561,347,false]},"author_info":{"display_name":"apuntesdesanluis.com","author_link":"https:\/\/apuntesdesanluis.com\/index.php\/author\/apuntesdesanluis-com\/"},"category_info":"<a href=\"https:\/\/apuntesdesanluis.com\/index.php\/category\/ciudad-provincia\/\" rel=\"category tag\">Ciudad\/Provincia<\/a>","tag_info":"Ciudad\/Provincia","comment_count":"0","_links":{"self":[{"href":"https:\/\/apuntesdesanluis.com\/index.php\/wp-json\/wp\/v2\/posts\/4884","targetHints":{"allow":["GET"]}}],"collection":[{"href":"https:\/\/apuntesdesanluis.com\/index.php\/wp-json\/wp\/v2\/posts"}],"about":[{"href":"https:\/\/apuntesdesanluis.com\/index.php\/wp-json\/wp\/v2\/types\/post"}],"author":[{"embeddable":true,"href":"https:\/\/apuntesdesanluis.com\/index.php\/wp-json\/wp\/v2\/users\/1"}],"replies":[{"embeddable":true,"href":"https:\/\/apuntesdesanluis.com\/index.php\/wp-json\/wp\/v2\/comments?post=4884"}],"version-history":[{"count":1,"href":"https:\/\/apuntesdesanluis.com\/index.php\/wp-json\/wp\/v2\/posts\/4884\/revisions"}],"predecessor-version":[{"id":4888,"href":"https:\/\/apuntesdesanluis.com\/index.php\/wp-json\/wp\/v2\/posts\/4884\/revisions\/4888"}],"wp:featuredmedia":[{"embeddable":true,"href":"https:\/\/apuntesdesanluis.com\/index.php\/wp-json\/wp\/v2\/media\/4885"}],"wp:attachment":[{"href":"https:\/\/apuntesdesanluis.com\/index.php\/wp-json\/wp\/v2\/media?parent=4884"}],"wp:term":[{"taxonomy":"category","embeddable":true,"href":"https:\/\/apuntesdesanluis.com\/index.php\/wp-json\/wp\/v2\/categories?post=4884"},{"taxonomy":"post_tag","embeddable":true,"href":"https:\/\/apuntesdesanluis.com\/index.php\/wp-json\/wp\/v2\/tags?post=4884"}],"curies":[{"name":"wp","href":"https:\/\/api.w.org\/{rel}","templated":true}]}}