{"id":49,"date":"2023-07-15T19:14:49","date_gmt":"2023-07-15T22:14:49","guid":{"rendered":"https:\/\/apuntesdesanluis.com\/?p=49"},"modified":"2023-07-17T00:43:54","modified_gmt":"2023-07-17T03:43:54","slug":"la-casa-del-poeta-sera-epicentro-del-festival-animerlo","status":"publish","type":"post","link":"https:\/\/apuntesdesanluis.com\/index.php\/2023\/07\/15\/la-casa-del-poeta-sera-epicentro-del-festival-animerlo\/","title":{"rendered":"LA CASA DEL POETA SER\u00c1 EPICENTRO DEL FESTIVAL \u201cANIMERLO\u201d"},"content":{"rendered":"<h3>Este 16 de julio de 11:00 a 19:30, se llevar\u00e1 adelante una nueva edici\u00f3n del evento en la ciudad tur\u00edstica de Merlo. Las entradas anticipadas cuestan $800 y en puerta costar\u00e1n $1.000.<\/h3>\n<h3>Habr\u00e1 stands, concursos de dibujo, fandancers, cosplay, zona k-pop, sector de fotograf\u00eda, sorteos, softcombat, zona gamer, invitados especiales y muchas sorpresas m\u00e1s.<\/h3>\n<h3>\u201cAnimerlo\u201d gira en torno a los universos del manga, anime, cultura japonesa, lo que se conoce como \u201ccultura geek\u201d que incluye c\u00f3mics, series, videojuegos, entre otras cosas.<\/h3>\n<h3>Las inscripciones a los concursos y la reserva de entradas anticipadas se pueden realizar en <strong><a href=\"https:\/\/linktr.ee\/Animerlo\">https:\/\/linktr.ee\/Animerlo<\/a> \u00a0<\/strong><\/h3>\n<h3>Los organizadores de esta iniciativa son Carolina Besada Mari\u00f1o y Juanse Palomero.<\/h3>\n<h3>\u201cEl festival lo iniciamos en 2017 junto a otros dos colegas m\u00e1s que somos profesores de arte manga y anime. Quer\u00edamos crear un espacio para nuestros alumnos y cualquiera al que le gustara este mundo ya que en ese momento hab\u00eda muy pocas propuestas de este tipo en la zona y ninguno en nuestra ciudad\u201d, cont\u00f3 Carolina.<\/h3>\n<h3>\u201cLo que empez\u00f3 como un evento chiquito fue creciendo a lo largo de los a\u00f1os hasta convertirse en un acontecimiento art\u00edstico bastante esperado en la zona con 2 ediciones anuales, siempre en las vacaciones de invierno y verano\u201d, cont\u00f3.<\/h3>\n<h3>En cada una de sus ediciones, cuentan con concursos de dibujo, cosplay, torneo de videojuegos, UNO y cubo rubik, trivias de anime, softcombat, juegos de rol, espect\u00e1culos de m\u00fasica y baile en el escenario. Adem\u00e1s, tienen un segmento dedicado al k-pop con concursos de baile y lo que se conoce como \u201crandom dance\u201d, que es un espacio donde los chicos pueden mostrar sus habilidades art\u00edsticas.<\/h3>\n<h3>\u201cInclusive, hemos tra\u00eddo much\u00edsimos artistas nacionales de diferentes provincias entre cosplayers, bailarines, core\u00f3grafos y m\u00fasicos\u201d, remarc\u00f3 la organizadora.<\/h3>\n<h3>Para finalizar, Mari\u00f1o coment\u00f3: \u201cEn esta edici\u00f3n la tem\u00e1tica central es el \u2018Videojuego Genshin Impact\u2019. Esperamos a todos los que quieran acercarse y participar del festival el pr\u00f3ximo domingo\u201d.<\/h3>\n","protected":false},"excerpt":{"rendered":"<p>Este 16 de julio de 11:00 a 19:30, se llevar\u00e1 adelante una nueva edici\u00f3n del&#8230;<\/p>\n","protected":false},"author":1,"featured_media":50,"comment_status":"closed","ping_status":"open","sticky":false,"template":"","format":"standard","meta":{"footnotes":""},"categories":[6],"tags":[],"class_list":["post-49","post","type-post","status-publish","format-standard","has-post-thumbnail","hentry","category-ciudad-provincia"],"yoast_head":"<!-- This site is optimized with the Yoast SEO plugin v26.1.1 - https:\/\/yoast.com\/wordpress\/plugins\/seo\/ -->\n<title>LA CASA DEL POETA SER\u00c1 EPICENTRO DEL FESTIVAL \u201cANIMERLO\u201d - Apuntes de San Luis<\/title>\n<meta name=\"robots\" content=\"index, follow, max-snippet:-1, max-image-preview:large, max-video-preview:-1\" \/>\n<link rel=\"canonical\" href=\"https:\/\/apuntesdesanluis.com\/index.php\/2023\/07\/15\/la-casa-del-poeta-sera-epicentro-del-festival-animerlo\/\" \/>\n<meta property=\"og:locale\" content=\"es_ES\" \/>\n<meta property=\"og:type\" content=\"article\" \/>\n<meta property=\"og:title\" content=\"LA CASA DEL POETA SER\u00c1 EPICENTRO DEL FESTIVAL \u201cANIMERLO\u201d - Apuntes de San Luis\" \/>\n<meta property=\"og:description\" content=\"Este 16 de julio de 11:00 a 19:30, se llevar\u00e1 adelante una nueva edici\u00f3n del...\" \/>\n<meta property=\"og:url\" content=\"https:\/\/apuntesdesanluis.com\/index.php\/2023\/07\/15\/la-casa-del-poeta-sera-epicentro-del-festival-animerlo\/\" \/>\n<meta property=\"og:site_name\" content=\"Apuntes de San Luis\" \/>\n<meta property=\"article:published_time\" content=\"2023-07-15T22:14:49+00:00\" \/>\n<meta property=\"article:modified_time\" content=\"2023-07-17T03:43:54+00:00\" \/>\n<meta property=\"og:image\" content=\"https:\/\/apuntesdesanluis.com\/wp-content\/uploads\/2023\/07\/animerlo.jpg\" \/>\n\t<meta property=\"og:image:width\" content=\"600\" \/>\n\t<meta property=\"og:image:height\" content=\"387\" \/>\n\t<meta property=\"og:image:type\" content=\"image\/jpeg\" \/>\n<meta name=\"author\" content=\"apuntesdesanluis.com\" \/>\n<meta name=\"twitter:card\" content=\"summary_large_image\" \/>\n<meta name=\"twitter:label1\" content=\"Escrito por\" \/>\n\t<meta name=\"twitter:data1\" content=\"apuntesdesanluis.com\" \/>\n\t<meta name=\"twitter:label2\" content=\"Tiempo de lectura\" \/>\n\t<meta name=\"twitter:data2\" content=\"2 minutos\" \/>\n<script type=\"application\/ld+json\" class=\"yoast-schema-graph\">{\"@context\":\"https:\/\/schema.org\",\"@graph\":[{\"@type\":\"Article\",\"@id\":\"https:\/\/apuntesdesanluis.com\/index.php\/2023\/07\/15\/la-casa-del-poeta-sera-epicentro-del-festival-animerlo\/#article\",\"isPartOf\":{\"@id\":\"https:\/\/apuntesdesanluis.com\/index.php\/2023\/07\/15\/la-casa-del-poeta-sera-epicentro-del-festival-animerlo\/\"},\"author\":{\"name\":\"apuntesdesanluis.com\",\"@id\":\"https:\/\/apuntesdesanluis.com\/#\/schema\/person\/b55151d52296fcce64d1a72538a70b90\"},\"headline\":\"LA CASA DEL POETA SER\u00c1 EPICENTRO DEL FESTIVAL \u201cANIMERLO\u201d\",\"datePublished\":\"2023-07-15T22:14:49+00:00\",\"dateModified\":\"2023-07-17T03:43:54+00:00\",\"mainEntityOfPage\":{\"@id\":\"https:\/\/apuntesdesanluis.com\/index.php\/2023\/07\/15\/la-casa-del-poeta-sera-epicentro-del-festival-animerlo\/\"},\"wordCount\":346,\"publisher\":{\"@id\":\"https:\/\/apuntesdesanluis.com\/#\/schema\/person\/b55151d52296fcce64d1a72538a70b90\"},\"image\":{\"@id\":\"https:\/\/apuntesdesanluis.com\/index.php\/2023\/07\/15\/la-casa-del-poeta-sera-epicentro-del-festival-animerlo\/#primaryimage\"},\"thumbnailUrl\":\"https:\/\/apuntesdesanluis.com\/wp-content\/uploads\/2023\/07\/animerlo.jpg\",\"articleSection\":[\"Ciudad\/Provincia\"],\"inLanguage\":\"es-AR\"},{\"@type\":\"WebPage\",\"@id\":\"https:\/\/apuntesdesanluis.com\/index.php\/2023\/07\/15\/la-casa-del-poeta-sera-epicentro-del-festival-animerlo\/\",\"url\":\"https:\/\/apuntesdesanluis.com\/index.php\/2023\/07\/15\/la-casa-del-poeta-sera-epicentro-del-festival-animerlo\/\",\"name\":\"LA CASA DEL POETA SER\u00c1 EPICENTRO DEL FESTIVAL \u201cANIMERLO\u201d - Apuntes de San Luis\",\"isPartOf\":{\"@id\":\"https:\/\/apuntesdesanluis.com\/#website\"},\"primaryImageOfPage\":{\"@id\":\"https:\/\/apuntesdesanluis.com\/index.php\/2023\/07\/15\/la-casa-del-poeta-sera-epicentro-del-festival-animerlo\/#primaryimage\"},\"image\":{\"@id\":\"https:\/\/apuntesdesanluis.com\/index.php\/2023\/07\/15\/la-casa-del-poeta-sera-epicentro-del-festival-animerlo\/#primaryimage\"},\"thumbnailUrl\":\"https:\/\/apuntesdesanluis.com\/wp-content\/uploads\/2023\/07\/animerlo.jpg\",\"datePublished\":\"2023-07-15T22:14:49+00:00\",\"dateModified\":\"2023-07-17T03:43:54+00:00\",\"breadcrumb\":{\"@id\":\"https:\/\/apuntesdesanluis.com\/index.php\/2023\/07\/15\/la-casa-del-poeta-sera-epicentro-del-festival-animerlo\/#breadcrumb\"},\"inLanguage\":\"es-AR\",\"potentialAction\":[{\"@type\":\"ReadAction\",\"target\":[\"https:\/\/apuntesdesanluis.com\/index.php\/2023\/07\/15\/la-casa-del-poeta-sera-epicentro-del-festival-animerlo\/\"]}]},{\"@type\":\"ImageObject\",\"inLanguage\":\"es-AR\",\"@id\":\"https:\/\/apuntesdesanluis.com\/index.php\/2023\/07\/15\/la-casa-del-poeta-sera-epicentro-del-festival-animerlo\/#primaryimage\",\"url\":\"https:\/\/apuntesdesanluis.com\/wp-content\/uploads\/2023\/07\/animerlo.jpg\",\"contentUrl\":\"https:\/\/apuntesdesanluis.com\/wp-content\/uploads\/2023\/07\/animerlo.jpg\",\"width\":600,\"height\":387},{\"@type\":\"BreadcrumbList\",\"@id\":\"https:\/\/apuntesdesanluis.com\/index.php\/2023\/07\/15\/la-casa-del-poeta-sera-epicentro-del-festival-animerlo\/#breadcrumb\",\"itemListElement\":[{\"@type\":\"ListItem\",\"position\":1,\"name\":\"Inicio\",\"item\":\"https:\/\/apuntesdesanluis.com\/\"},{\"@type\":\"ListItem\",\"position\":2,\"name\":\"LA CASA DEL POETA SER\u00c1 EPICENTRO DEL FESTIVAL \u201cANIMERLO\u201d\"}]},{\"@type\":\"WebSite\",\"@id\":\"https:\/\/apuntesdesanluis.com\/#website\",\"url\":\"https:\/\/apuntesdesanluis.com\/\",\"name\":\"Apuntes de San Luis\",\"description\":\"\",\"publisher\":{\"@id\":\"https:\/\/apuntesdesanluis.com\/#\/schema\/person\/b55151d52296fcce64d1a72538a70b90\"},\"potentialAction\":[{\"@type\":\"SearchAction\",\"target\":{\"@type\":\"EntryPoint\",\"urlTemplate\":\"https:\/\/apuntesdesanluis.com\/?s={search_term_string}\"},\"query-input\":{\"@type\":\"PropertyValueSpecification\",\"valueRequired\":true,\"valueName\":\"search_term_string\"}}],\"inLanguage\":\"es-AR\"},{\"@type\":[\"Person\",\"Organization\"],\"@id\":\"https:\/\/apuntesdesanluis.com\/#\/schema\/person\/b55151d52296fcce64d1a72538a70b90\",\"name\":\"apuntesdesanluis.com\",\"image\":{\"@type\":\"ImageObject\",\"inLanguage\":\"es-AR\",\"@id\":\"https:\/\/apuntesdesanluis.com\/#\/schema\/person\/image\/\",\"url\":\"https:\/\/apuntesdesanluis.com\/wp-content\/uploads\/2023\/07\/cropped-apuntesdesanluis.png\",\"contentUrl\":\"https:\/\/apuntesdesanluis.com\/wp-content\/uploads\/2023\/07\/cropped-apuntesdesanluis.png\",\"width\":450,\"height\":112,\"caption\":\"apuntesdesanluis.com\"},\"logo\":{\"@id\":\"https:\/\/apuntesdesanluis.com\/#\/schema\/person\/image\/\"},\"sameAs\":[\"https:\/\/apuntesdesanluis.com\"],\"url\":\"https:\/\/apuntesdesanluis.com\/index.php\/author\/apuntesdesanluis-com\/\"}]}<\/script>\n<!-- \/ Yoast SEO plugin. -->","yoast_head_json":{"title":"LA CASA DEL POETA SER\u00c1 EPICENTRO DEL FESTIVAL \u201cANIMERLO\u201d - Apuntes de San Luis","robots":{"index":"index","follow":"follow","max-snippet":"max-snippet:-1","max-image-preview":"max-image-preview:large","max-video-preview":"max-video-preview:-1"},"canonical":"https:\/\/apuntesdesanluis.com\/index.php\/2023\/07\/15\/la-casa-del-poeta-sera-epicentro-del-festival-animerlo\/","og_locale":"es_ES","og_type":"article","og_title":"LA CASA DEL POETA SER\u00c1 EPICENTRO DEL FESTIVAL \u201cANIMERLO\u201d - Apuntes de San Luis","og_description":"Este 16 de julio de 11:00 a 19:30, se llevar\u00e1 adelante una nueva edici\u00f3n del...","og_url":"https:\/\/apuntesdesanluis.com\/index.php\/2023\/07\/15\/la-casa-del-poeta-sera-epicentro-del-festival-animerlo\/","og_site_name":"Apuntes de San Luis","article_published_time":"2023-07-15T22:14:49+00:00","article_modified_time":"2023-07-17T03:43:54+00:00","og_image":[{"width":600,"height":387,"url":"https:\/\/apuntesdesanluis.com\/wp-content\/uploads\/2023\/07\/animerlo.jpg","type":"image\/jpeg"}],"author":"apuntesdesanluis.com","twitter_card":"summary_large_image","twitter_misc":{"Escrito por":"apuntesdesanluis.com","Tiempo de lectura":"2 minutos"},"schema":{"@context":"https:\/\/schema.org","@graph":[{"@type":"Article","@id":"https:\/\/apuntesdesanluis.com\/index.php\/2023\/07\/15\/la-casa-del-poeta-sera-epicentro-del-festival-animerlo\/#article","isPartOf":{"@id":"https:\/\/apuntesdesanluis.com\/index.php\/2023\/07\/15\/la-casa-del-poeta-sera-epicentro-del-festival-animerlo\/"},"author":{"name":"apuntesdesanluis.com","@id":"https:\/\/apuntesdesanluis.com\/#\/schema\/person\/b55151d52296fcce64d1a72538a70b90"},"headline":"LA CASA DEL POETA SER\u00c1 EPICENTRO DEL FESTIVAL \u201cANIMERLO\u201d","datePublished":"2023-07-15T22:14:49+00:00","dateModified":"2023-07-17T03:43:54+00:00","mainEntityOfPage":{"@id":"https:\/\/apuntesdesanluis.com\/index.php\/2023\/07\/15\/la-casa-del-poeta-sera-epicentro-del-festival-animerlo\/"},"wordCount":346,"publisher":{"@id":"https:\/\/apuntesdesanluis.com\/#\/schema\/person\/b55151d52296fcce64d1a72538a70b90"},"image":{"@id":"https:\/\/apuntesdesanluis.com\/index.php\/2023\/07\/15\/la-casa-del-poeta-sera-epicentro-del-festival-animerlo\/#primaryimage"},"thumbnailUrl":"https:\/\/apuntesdesanluis.com\/wp-content\/uploads\/2023\/07\/animerlo.jpg","articleSection":["Ciudad\/Provincia"],"inLanguage":"es-AR"},{"@type":"WebPage","@id":"https:\/\/apuntesdesanluis.com\/index.php\/2023\/07\/15\/la-casa-del-poeta-sera-epicentro-del-festival-animerlo\/","url":"https:\/\/apuntesdesanluis.com\/index.php\/2023\/07\/15\/la-casa-del-poeta-sera-epicentro-del-festival-animerlo\/","name":"LA CASA DEL POETA SER\u00c1 EPICENTRO DEL FESTIVAL \u201cANIMERLO\u201d - Apuntes de San Luis","isPartOf":{"@id":"https:\/\/apuntesdesanluis.com\/#website"},"primaryImageOfPage":{"@id":"https:\/\/apuntesdesanluis.com\/index.php\/2023\/07\/15\/la-casa-del-poeta-sera-epicentro-del-festival-animerlo\/#primaryimage"},"image":{"@id":"https:\/\/apuntesdesanluis.com\/index.php\/2023\/07\/15\/la-casa-del-poeta-sera-epicentro-del-festival-animerlo\/#primaryimage"},"thumbnailUrl":"https:\/\/apuntesdesanluis.com\/wp-content\/uploads\/2023\/07\/animerlo.jpg","datePublished":"2023-07-15T22:14:49+00:00","dateModified":"2023-07-17T03:43:54+00:00","breadcrumb":{"@id":"https:\/\/apuntesdesanluis.com\/index.php\/2023\/07\/15\/la-casa-del-poeta-sera-epicentro-del-festival-animerlo\/#breadcrumb"},"inLanguage":"es-AR","potentialAction":[{"@type":"ReadAction","target":["https:\/\/apuntesdesanluis.com\/index.php\/2023\/07\/15\/la-casa-del-poeta-sera-epicentro-del-festival-animerlo\/"]}]},{"@type":"ImageObject","inLanguage":"es-AR","@id":"https:\/\/apuntesdesanluis.com\/index.php\/2023\/07\/15\/la-casa-del-poeta-sera-epicentro-del-festival-animerlo\/#primaryimage","url":"https:\/\/apuntesdesanluis.com\/wp-content\/uploads\/2023\/07\/animerlo.jpg","contentUrl":"https:\/\/apuntesdesanluis.com\/wp-content\/uploads\/2023\/07\/animerlo.jpg","width":600,"height":387},{"@type":"BreadcrumbList","@id":"https:\/\/apuntesdesanluis.com\/index.php\/2023\/07\/15\/la-casa-del-poeta-sera-epicentro-del-festival-animerlo\/#breadcrumb","itemListElement":[{"@type":"ListItem","position":1,"name":"Inicio","item":"https:\/\/apuntesdesanluis.com\/"},{"@type":"ListItem","position":2,"name":"LA CASA DEL POETA SER\u00c1 EPICENTRO DEL FESTIVAL \u201cANIMERLO\u201d"}]},{"@type":"WebSite","@id":"https:\/\/apuntesdesanluis.com\/#website","url":"https:\/\/apuntesdesanluis.com\/","name":"Apuntes de San Luis","description":"","publisher":{"@id":"https:\/\/apuntesdesanluis.com\/#\/schema\/person\/b55151d52296fcce64d1a72538a70b90"},"potentialAction":[{"@type":"SearchAction","target":{"@type":"EntryPoint","urlTemplate":"https:\/\/apuntesdesanluis.com\/?s={search_term_string}"},"query-input":{"@type":"PropertyValueSpecification","valueRequired":true,"valueName":"search_term_string"}}],"inLanguage":"es-AR"},{"@type":["Person","Organization"],"@id":"https:\/\/apuntesdesanluis.com\/#\/schema\/person\/b55151d52296fcce64d1a72538a70b90","name":"apuntesdesanluis.com","image":{"@type":"ImageObject","inLanguage":"es-AR","@id":"https:\/\/apuntesdesanluis.com\/#\/schema\/person\/image\/","url":"https:\/\/apuntesdesanluis.com\/wp-content\/uploads\/2023\/07\/cropped-apuntesdesanluis.png","contentUrl":"https:\/\/apuntesdesanluis.com\/wp-content\/uploads\/2023\/07\/cropped-apuntesdesanluis.png","width":450,"height":112,"caption":"apuntesdesanluis.com"},"logo":{"@id":"https:\/\/apuntesdesanluis.com\/#\/schema\/person\/image\/"},"sameAs":["https:\/\/apuntesdesanluis.com"],"url":"https:\/\/apuntesdesanluis.com\/index.php\/author\/apuntesdesanluis-com\/"}]}},"featured_image_urls":{"full":["https:\/\/apuntesdesanluis.com\/wp-content\/uploads\/2023\/07\/animerlo.jpg",600,387,false],"thumbnail":["https:\/\/apuntesdesanluis.com\/wp-content\/uploads\/2023\/07\/animerlo-150x150.jpg",150,150,true],"medium":["https:\/\/apuntesdesanluis.com\/wp-content\/uploads\/2023\/07\/animerlo-300x194.jpg",300,194,true],"medium_large":["https:\/\/apuntesdesanluis.com\/wp-content\/uploads\/2023\/07\/animerlo.jpg",600,387,false],"large":["https:\/\/apuntesdesanluis.com\/wp-content\/uploads\/2023\/07\/animerlo.jpg",600,387,false],"1536x1536":["https:\/\/apuntesdesanluis.com\/wp-content\/uploads\/2023\/07\/animerlo.jpg",600,387,false],"2048x2048":["https:\/\/apuntesdesanluis.com\/wp-content\/uploads\/2023\/07\/animerlo.jpg",600,387,false],"newsever-slider-full":["https:\/\/apuntesdesanluis.com\/wp-content\/uploads\/2023\/07\/animerlo.jpg",600,387,false],"newsever-featured":["https:\/\/apuntesdesanluis.com\/wp-content\/uploads\/2023\/07\/animerlo.jpg",600,387,false],"newsever-medium":["https:\/\/apuntesdesanluis.com\/wp-content\/uploads\/2023\/07\/animerlo.jpg",600,387,false]},"author_info":{"display_name":"apuntesdesanluis.com","author_link":"https:\/\/apuntesdesanluis.com\/index.php\/author\/apuntesdesanluis-com\/"},"category_info":"<a href=\"https:\/\/apuntesdesanluis.com\/index.php\/category\/ciudad-provincia\/\" rel=\"category tag\">Ciudad\/Provincia<\/a>","tag_info":"Ciudad\/Provincia","comment_count":"0","_links":{"self":[{"href":"https:\/\/apuntesdesanluis.com\/index.php\/wp-json\/wp\/v2\/posts\/49","targetHints":{"allow":["GET"]}}],"collection":[{"href":"https:\/\/apuntesdesanluis.com\/index.php\/wp-json\/wp\/v2\/posts"}],"about":[{"href":"https:\/\/apuntesdesanluis.com\/index.php\/wp-json\/wp\/v2\/types\/post"}],"author":[{"embeddable":true,"href":"https:\/\/apuntesdesanluis.com\/index.php\/wp-json\/wp\/v2\/users\/1"}],"replies":[{"embeddable":true,"href":"https:\/\/apuntesdesanluis.com\/index.php\/wp-json\/wp\/v2\/comments?post=49"}],"version-history":[{"count":0,"href":"https:\/\/apuntesdesanluis.com\/index.php\/wp-json\/wp\/v2\/posts\/49\/revisions"}],"wp:featuredmedia":[{"embeddable":true,"href":"https:\/\/apuntesdesanluis.com\/index.php\/wp-json\/wp\/v2\/media\/50"}],"wp:attachment":[{"href":"https:\/\/apuntesdesanluis.com\/index.php\/wp-json\/wp\/v2\/media?parent=49"}],"wp:term":[{"taxonomy":"category","embeddable":true,"href":"https:\/\/apuntesdesanluis.com\/index.php\/wp-json\/wp\/v2\/categories?post=49"},{"taxonomy":"post_tag","embeddable":true,"href":"https:\/\/apuntesdesanluis.com\/index.php\/wp-json\/wp\/v2\/tags?post=49"}],"curies":[{"name":"wp","href":"https:\/\/api.w.org\/{rel}","templated":true}]}}