{"id":4907,"date":"2023-10-10T13:38:20","date_gmt":"2023-10-10T16:38:20","guid":{"rendered":"https:\/\/apuntesdesanluis.com\/?p=4907"},"modified":"2023-10-10T14:06:05","modified_gmt":"2023-10-10T17:06:05","slug":"imprudencia-en-el-colectivo-un-chofer-hablaba-por-telefono-y-atropello-a-un-ciclista","status":"publish","type":"post","link":"https:\/\/apuntesdesanluis.com\/index.php\/2023\/10\/10\/imprudencia-en-el-colectivo-un-chofer-hablaba-por-telefono-y-atropello-a-un-ciclista\/","title":{"rendered":"IMPRUDENCIA EN EL COLECTIVO: UN CHOFER HABLABA POR TEL\u00c9FONO Y ATROPELL\u00d3 A UN CICLISTA"},"content":{"rendered":"<h3>El hecho ocurri\u00f3 la semana pasada pero reci\u00e9n se conoci\u00f3 este martes.<\/h3>\n<h3>Un nuevo caso de imprudencia al volante fue registrado el pasado viernes por una pasajera de la l\u00ednea 150, colectivo que une los barrios porte\u00f1os de Retiro y Villa Lugano.<\/h3>\n<h3>La mujer, que viajaba en el asiento delantero de la unidad, detect\u00f3 que el chofer conduc\u00eda mientras utilizaba su tel\u00e9fono celular y comenz\u00f3 a filmarlo. Pero lo que ella nunca imagin\u00f3 es que su escrache al colectivero de turno, adem\u00e1s, registrar\u00eda el momento en el que el conductor, con la vista puesta en su dispositivo m\u00f3vil, atropell\u00f3 a un ciclista cuando cruzaba una esquina.<\/h3>\n<h3>\u201cL\u00ednea 150, a tres cuadras del congreso. A las 8:45, celular en la mano\u201d, dice la leyenda que acompa\u00f1a el video filmado por la pasajera, dando detalles de la secuencia que expone el irresponsable accionar del colectivero.<\/h3>\n<h3>Las im\u00e1genes muestran al chofer que sosten\u00eda el volante con sus manos, pero al mismo tiempo contestaba mensajes de su tel\u00e9fono. Por lo que se puede observar en la filmaci\u00f3n, manejaba a alta velocidad y en ning\u00fan momento atin\u00f3 a frenar en las bocacalles a pesar del peligro que ello conllevaba.<\/h3>\n<h3>Tras unos segundos, y al llegar a una esquina, el chofer atropell\u00f3 a un ciclista que circulaba por la zona. \u201c\u00a1Uy, \u00bfc\u00f3mo no lo viste ah\u00ed? Eso te pasa por andar con el celular\u201d, se escucha decir a la improvisada camar\u00f3grafa, visiblemente indignada por el desempe\u00f1o del colectivero.<\/h3>\n<div style=\"width: 640px;\" class=\"wp-video\"><!--[if lt IE 9]><script>document.createElement('video');<\/script><![endif]-->\n<video class=\"wp-video-shortcode\" id=\"video-4907-1\" width=\"640\" height=\"360\" preload=\"metadata\" controls=\"controls\"><source type=\"video\/mp4\" src=\"https:\/\/apuntesdesanluis.com\/wp-content\/uploads\/2023\/10\/186EGsi7-34105381.mp4?_=1\" \/><a href=\"https:\/\/apuntesdesanluis.com\/wp-content\/uploads\/2023\/10\/186EGsi7-34105381.mp4\">https:\/\/apuntesdesanluis.com\/wp-content\/uploads\/2023\/10\/186EGsi7-34105381.mp4<\/a><\/video><\/div>\n<p>&nbsp;<\/p>\n<h3>Las fuentes policiales consultadas aseguraron que no se recibi\u00f3 ninguna denuncia por el hecho, pero tras la viralizaci\u00f3n de las im\u00e1genes personal de la Comisar\u00eda Vecinal 1B abri\u00f3 una investigaci\u00f3n de oficio por averiguaci\u00f3n de lesiones.<\/h3>\n<h3>Mientras se intenta identificar al colectivero involucrado en el accidente vial, se pudo determinar a trav\u00e9s de DOTA que el hecho ocurri\u00f3 sobre la calle Mitre y Rodr\u00edguez Pe\u00f1a, a tan solo tres cuadras del Congreso de la Naci\u00f3n.<\/h3>\n<h3>Interviene la Fiscal\u00eda Contravencional de la ciudad de Buenos Aires, que orden\u00f3 las diligencias correspondientes para que la citada compa\u00f1\u00eda de colectivos aporte los datos del chofer involucrado en el siniestro vial.<\/h3>\n<h3>Ante la consulta de este medio, desde la Agencia Nacional de Seguridad Vial (ANSV) indicaron que tambi\u00e9n est\u00e1n a la espera de que el chofer sea debidamente identificado, para luego definir la sanci\u00f3n que le cabe por su irresponsable accionar.<\/h3>\n<h3>Hasta el momento se desconoce el estado de salud de la v\u00edctima.<\/h3>\n","protected":false},"excerpt":{"rendered":"<p>El hecho ocurri\u00f3 la semana pasada pero reci\u00e9n se conoci\u00f3 este martes. Un nuevo caso&#8230;<\/p>\n","protected":false},"author":1,"featured_media":4908,"comment_status":"closed","ping_status":"closed","sticky":false,"template":"","format":"standard","meta":{"footnotes":""},"categories":[5],"tags":[],"class_list":["post-4907","post","type-post","status-publish","format-standard","has-post-thumbnail","hentry","category-nacionales-internacionales"],"yoast_head":"<!-- This site is optimized with the Yoast SEO plugin v26.1.1 - https:\/\/yoast.com\/wordpress\/plugins\/seo\/ -->\n<title>IMPRUDENCIA EN EL COLECTIVO: UN CHOFER HABLABA POR TEL\u00c9FONO Y ATROPELL\u00d3 A UN CICLISTA - Apuntes de San Luis<\/title>\n<meta name=\"robots\" content=\"index, follow, max-snippet:-1, max-image-preview:large, max-video-preview:-1\" \/>\n<link rel=\"canonical\" href=\"https:\/\/apuntesdesanluis.com\/index.php\/2023\/10\/10\/imprudencia-en-el-colectivo-un-chofer-hablaba-por-telefono-y-atropello-a-un-ciclista\/\" \/>\n<meta property=\"og:locale\" content=\"es_ES\" \/>\n<meta property=\"og:type\" content=\"article\" \/>\n<meta property=\"og:title\" content=\"IMPRUDENCIA EN EL COLECTIVO: UN CHOFER HABLABA POR TEL\u00c9FONO Y ATROPELL\u00d3 A UN CICLISTA - Apuntes de San Luis\" \/>\n<meta property=\"og:description\" content=\"El hecho ocurri\u00f3 la semana pasada pero reci\u00e9n se conoci\u00f3 este martes. Un nuevo caso...\" \/>\n<meta property=\"og:url\" content=\"https:\/\/apuntesdesanluis.com\/index.php\/2023\/10\/10\/imprudencia-en-el-colectivo-un-chofer-hablaba-por-telefono-y-atropello-a-un-ciclista\/\" \/>\n<meta property=\"og:site_name\" content=\"Apuntes de San Luis\" \/>\n<meta property=\"article:published_time\" content=\"2023-10-10T16:38:20+00:00\" \/>\n<meta property=\"article:modified_time\" content=\"2023-10-10T17:06:05+00:00\" \/>\n<meta property=\"og:image\" content=\"https:\/\/apuntesdesanluis.com\/wp-content\/uploads\/2023\/10\/colectivero.png\" \/>\n\t<meta property=\"og:image:width\" content=\"440\" \/>\n\t<meta property=\"og:image:height\" content=\"257\" \/>\n\t<meta property=\"og:image:type\" content=\"image\/png\" \/>\n<meta name=\"author\" content=\"apuntesdesanluis.com\" \/>\n<meta name=\"twitter:card\" content=\"summary_large_image\" \/>\n<meta name=\"twitter:label1\" content=\"Escrito por\" \/>\n\t<meta name=\"twitter:data1\" content=\"apuntesdesanluis.com\" \/>\n\t<meta name=\"twitter:label2\" content=\"Tiempo de lectura\" \/>\n\t<meta name=\"twitter:data2\" content=\"2 minutos\" \/>\n<script type=\"application\/ld+json\" class=\"yoast-schema-graph\">{\"@context\":\"https:\/\/schema.org\",\"@graph\":[{\"@type\":\"Article\",\"@id\":\"https:\/\/apuntesdesanluis.com\/index.php\/2023\/10\/10\/imprudencia-en-el-colectivo-un-chofer-hablaba-por-telefono-y-atropello-a-un-ciclista\/#article\",\"isPartOf\":{\"@id\":\"https:\/\/apuntesdesanluis.com\/index.php\/2023\/10\/10\/imprudencia-en-el-colectivo-un-chofer-hablaba-por-telefono-y-atropello-a-un-ciclista\/\"},\"author\":{\"name\":\"apuntesdesanluis.com\",\"@id\":\"https:\/\/apuntesdesanluis.com\/#\/schema\/person\/b55151d52296fcce64d1a72538a70b90\"},\"headline\":\"IMPRUDENCIA EN EL COLECTIVO: UN CHOFER HABLABA POR TEL\u00c9FONO Y ATROPELL\u00d3 A UN CICLISTA\",\"datePublished\":\"2023-10-10T16:38:20+00:00\",\"dateModified\":\"2023-10-10T17:06:05+00:00\",\"mainEntityOfPage\":{\"@id\":\"https:\/\/apuntesdesanluis.com\/index.php\/2023\/10\/10\/imprudencia-en-el-colectivo-un-chofer-hablaba-por-telefono-y-atropello-a-un-ciclista\/\"},\"wordCount\":460,\"publisher\":{\"@id\":\"https:\/\/apuntesdesanluis.com\/#\/schema\/person\/b55151d52296fcce64d1a72538a70b90\"},\"image\":{\"@id\":\"https:\/\/apuntesdesanluis.com\/index.php\/2023\/10\/10\/imprudencia-en-el-colectivo-un-chofer-hablaba-por-telefono-y-atropello-a-un-ciclista\/#primaryimage\"},\"thumbnailUrl\":\"https:\/\/apuntesdesanluis.com\/wp-content\/uploads\/2023\/10\/colectivero.png\",\"articleSection\":[\"Nacionales\/Internacionales\"],\"inLanguage\":\"es-AR\"},{\"@type\":\"WebPage\",\"@id\":\"https:\/\/apuntesdesanluis.com\/index.php\/2023\/10\/10\/imprudencia-en-el-colectivo-un-chofer-hablaba-por-telefono-y-atropello-a-un-ciclista\/\",\"url\":\"https:\/\/apuntesdesanluis.com\/index.php\/2023\/10\/10\/imprudencia-en-el-colectivo-un-chofer-hablaba-por-telefono-y-atropello-a-un-ciclista\/\",\"name\":\"IMPRUDENCIA EN EL COLECTIVO: UN CHOFER HABLABA POR TEL\u00c9FONO Y ATROPELL\u00d3 A UN CICLISTA - Apuntes de San Luis\",\"isPartOf\":{\"@id\":\"https:\/\/apuntesdesanluis.com\/#website\"},\"primaryImageOfPage\":{\"@id\":\"https:\/\/apuntesdesanluis.com\/index.php\/2023\/10\/10\/imprudencia-en-el-colectivo-un-chofer-hablaba-por-telefono-y-atropello-a-un-ciclista\/#primaryimage\"},\"image\":{\"@id\":\"https:\/\/apuntesdesanluis.com\/index.php\/2023\/10\/10\/imprudencia-en-el-colectivo-un-chofer-hablaba-por-telefono-y-atropello-a-un-ciclista\/#primaryimage\"},\"thumbnailUrl\":\"https:\/\/apuntesdesanluis.com\/wp-content\/uploads\/2023\/10\/colectivero.png\",\"datePublished\":\"2023-10-10T16:38:20+00:00\",\"dateModified\":\"2023-10-10T17:06:05+00:00\",\"breadcrumb\":{\"@id\":\"https:\/\/apuntesdesanluis.com\/index.php\/2023\/10\/10\/imprudencia-en-el-colectivo-un-chofer-hablaba-por-telefono-y-atropello-a-un-ciclista\/#breadcrumb\"},\"inLanguage\":\"es-AR\",\"potentialAction\":[{\"@type\":\"ReadAction\",\"target\":[\"https:\/\/apuntesdesanluis.com\/index.php\/2023\/10\/10\/imprudencia-en-el-colectivo-un-chofer-hablaba-por-telefono-y-atropello-a-un-ciclista\/\"]}]},{\"@type\":\"ImageObject\",\"inLanguage\":\"es-AR\",\"@id\":\"https:\/\/apuntesdesanluis.com\/index.php\/2023\/10\/10\/imprudencia-en-el-colectivo-un-chofer-hablaba-por-telefono-y-atropello-a-un-ciclista\/#primaryimage\",\"url\":\"https:\/\/apuntesdesanluis.com\/wp-content\/uploads\/2023\/10\/colectivero.png\",\"contentUrl\":\"https:\/\/apuntesdesanluis.com\/wp-content\/uploads\/2023\/10\/colectivero.png\",\"width\":440,\"height\":257},{\"@type\":\"BreadcrumbList\",\"@id\":\"https:\/\/apuntesdesanluis.com\/index.php\/2023\/10\/10\/imprudencia-en-el-colectivo-un-chofer-hablaba-por-telefono-y-atropello-a-un-ciclista\/#breadcrumb\",\"itemListElement\":[{\"@type\":\"ListItem\",\"position\":1,\"name\":\"Inicio\",\"item\":\"https:\/\/apuntesdesanluis.com\/\"},{\"@type\":\"ListItem\",\"position\":2,\"name\":\"IMPRUDENCIA EN EL COLECTIVO: UN CHOFER HABLABA POR TEL\u00c9FONO Y ATROPELL\u00d3 A UN CICLISTA\"}]},{\"@type\":\"WebSite\",\"@id\":\"https:\/\/apuntesdesanluis.com\/#website\",\"url\":\"https:\/\/apuntesdesanluis.com\/\",\"name\":\"Apuntes de San Luis\",\"description\":\"\",\"publisher\":{\"@id\":\"https:\/\/apuntesdesanluis.com\/#\/schema\/person\/b55151d52296fcce64d1a72538a70b90\"},\"potentialAction\":[{\"@type\":\"SearchAction\",\"target\":{\"@type\":\"EntryPoint\",\"urlTemplate\":\"https:\/\/apuntesdesanluis.com\/?s={search_term_string}\"},\"query-input\":{\"@type\":\"PropertyValueSpecification\",\"valueRequired\":true,\"valueName\":\"search_term_string\"}}],\"inLanguage\":\"es-AR\"},{\"@type\":[\"Person\",\"Organization\"],\"@id\":\"https:\/\/apuntesdesanluis.com\/#\/schema\/person\/b55151d52296fcce64d1a72538a70b90\",\"name\":\"apuntesdesanluis.com\",\"image\":{\"@type\":\"ImageObject\",\"inLanguage\":\"es-AR\",\"@id\":\"https:\/\/apuntesdesanluis.com\/#\/schema\/person\/image\/\",\"url\":\"https:\/\/apuntesdesanluis.com\/wp-content\/uploads\/2023\/07\/cropped-apuntesdesanluis.png\",\"contentUrl\":\"https:\/\/apuntesdesanluis.com\/wp-content\/uploads\/2023\/07\/cropped-apuntesdesanluis.png\",\"width\":450,\"height\":112,\"caption\":\"apuntesdesanluis.com\"},\"logo\":{\"@id\":\"https:\/\/apuntesdesanluis.com\/#\/schema\/person\/image\/\"},\"sameAs\":[\"https:\/\/apuntesdesanluis.com\"],\"url\":\"https:\/\/apuntesdesanluis.com\/index.php\/author\/apuntesdesanluis-com\/\"}]}<\/script>\n<!-- \/ Yoast SEO plugin. -->","yoast_head_json":{"title":"IMPRUDENCIA EN EL COLECTIVO: UN CHOFER HABLABA POR TEL\u00c9FONO Y ATROPELL\u00d3 A UN CICLISTA - Apuntes de San Luis","robots":{"index":"index","follow":"follow","max-snippet":"max-snippet:-1","max-image-preview":"max-image-preview:large","max-video-preview":"max-video-preview:-1"},"canonical":"https:\/\/apuntesdesanluis.com\/index.php\/2023\/10\/10\/imprudencia-en-el-colectivo-un-chofer-hablaba-por-telefono-y-atropello-a-un-ciclista\/","og_locale":"es_ES","og_type":"article","og_title":"IMPRUDENCIA EN EL COLECTIVO: UN CHOFER HABLABA POR TEL\u00c9FONO Y ATROPELL\u00d3 A UN CICLISTA - Apuntes de San Luis","og_description":"El hecho ocurri\u00f3 la semana pasada pero reci\u00e9n se conoci\u00f3 este martes. Un nuevo caso...","og_url":"https:\/\/apuntesdesanluis.com\/index.php\/2023\/10\/10\/imprudencia-en-el-colectivo-un-chofer-hablaba-por-telefono-y-atropello-a-un-ciclista\/","og_site_name":"Apuntes de San Luis","article_published_time":"2023-10-10T16:38:20+00:00","article_modified_time":"2023-10-10T17:06:05+00:00","og_image":[{"width":440,"height":257,"url":"https:\/\/apuntesdesanluis.com\/wp-content\/uploads\/2023\/10\/colectivero.png","type":"image\/png"}],"author":"apuntesdesanluis.com","twitter_card":"summary_large_image","twitter_misc":{"Escrito por":"apuntesdesanluis.com","Tiempo de lectura":"2 minutos"},"schema":{"@context":"https:\/\/schema.org","@graph":[{"@type":"Article","@id":"https:\/\/apuntesdesanluis.com\/index.php\/2023\/10\/10\/imprudencia-en-el-colectivo-un-chofer-hablaba-por-telefono-y-atropello-a-un-ciclista\/#article","isPartOf":{"@id":"https:\/\/apuntesdesanluis.com\/index.php\/2023\/10\/10\/imprudencia-en-el-colectivo-un-chofer-hablaba-por-telefono-y-atropello-a-un-ciclista\/"},"author":{"name":"apuntesdesanluis.com","@id":"https:\/\/apuntesdesanluis.com\/#\/schema\/person\/b55151d52296fcce64d1a72538a70b90"},"headline":"IMPRUDENCIA EN EL COLECTIVO: UN CHOFER HABLABA POR TEL\u00c9FONO Y ATROPELL\u00d3 A UN CICLISTA","datePublished":"2023-10-10T16:38:20+00:00","dateModified":"2023-10-10T17:06:05+00:00","mainEntityOfPage":{"@id":"https:\/\/apuntesdesanluis.com\/index.php\/2023\/10\/10\/imprudencia-en-el-colectivo-un-chofer-hablaba-por-telefono-y-atropello-a-un-ciclista\/"},"wordCount":460,"publisher":{"@id":"https:\/\/apuntesdesanluis.com\/#\/schema\/person\/b55151d52296fcce64d1a72538a70b90"},"image":{"@id":"https:\/\/apuntesdesanluis.com\/index.php\/2023\/10\/10\/imprudencia-en-el-colectivo-un-chofer-hablaba-por-telefono-y-atropello-a-un-ciclista\/#primaryimage"},"thumbnailUrl":"https:\/\/apuntesdesanluis.com\/wp-content\/uploads\/2023\/10\/colectivero.png","articleSection":["Nacionales\/Internacionales"],"inLanguage":"es-AR"},{"@type":"WebPage","@id":"https:\/\/apuntesdesanluis.com\/index.php\/2023\/10\/10\/imprudencia-en-el-colectivo-un-chofer-hablaba-por-telefono-y-atropello-a-un-ciclista\/","url":"https:\/\/apuntesdesanluis.com\/index.php\/2023\/10\/10\/imprudencia-en-el-colectivo-un-chofer-hablaba-por-telefono-y-atropello-a-un-ciclista\/","name":"IMPRUDENCIA EN EL COLECTIVO: UN CHOFER HABLABA POR TEL\u00c9FONO Y ATROPELL\u00d3 A UN CICLISTA - Apuntes de San Luis","isPartOf":{"@id":"https:\/\/apuntesdesanluis.com\/#website"},"primaryImageOfPage":{"@id":"https:\/\/apuntesdesanluis.com\/index.php\/2023\/10\/10\/imprudencia-en-el-colectivo-un-chofer-hablaba-por-telefono-y-atropello-a-un-ciclista\/#primaryimage"},"image":{"@id":"https:\/\/apuntesdesanluis.com\/index.php\/2023\/10\/10\/imprudencia-en-el-colectivo-un-chofer-hablaba-por-telefono-y-atropello-a-un-ciclista\/#primaryimage"},"thumbnailUrl":"https:\/\/apuntesdesanluis.com\/wp-content\/uploads\/2023\/10\/colectivero.png","datePublished":"2023-10-10T16:38:20+00:00","dateModified":"2023-10-10T17:06:05+00:00","breadcrumb":{"@id":"https:\/\/apuntesdesanluis.com\/index.php\/2023\/10\/10\/imprudencia-en-el-colectivo-un-chofer-hablaba-por-telefono-y-atropello-a-un-ciclista\/#breadcrumb"},"inLanguage":"es-AR","potentialAction":[{"@type":"ReadAction","target":["https:\/\/apuntesdesanluis.com\/index.php\/2023\/10\/10\/imprudencia-en-el-colectivo-un-chofer-hablaba-por-telefono-y-atropello-a-un-ciclista\/"]}]},{"@type":"ImageObject","inLanguage":"es-AR","@id":"https:\/\/apuntesdesanluis.com\/index.php\/2023\/10\/10\/imprudencia-en-el-colectivo-un-chofer-hablaba-por-telefono-y-atropello-a-un-ciclista\/#primaryimage","url":"https:\/\/apuntesdesanluis.com\/wp-content\/uploads\/2023\/10\/colectivero.png","contentUrl":"https:\/\/apuntesdesanluis.com\/wp-content\/uploads\/2023\/10\/colectivero.png","width":440,"height":257},{"@type":"BreadcrumbList","@id":"https:\/\/apuntesdesanluis.com\/index.php\/2023\/10\/10\/imprudencia-en-el-colectivo-un-chofer-hablaba-por-telefono-y-atropello-a-un-ciclista\/#breadcrumb","itemListElement":[{"@type":"ListItem","position":1,"name":"Inicio","item":"https:\/\/apuntesdesanluis.com\/"},{"@type":"ListItem","position":2,"name":"IMPRUDENCIA EN EL COLECTIVO: UN CHOFER HABLABA POR TEL\u00c9FONO Y ATROPELL\u00d3 A UN CICLISTA"}]},{"@type":"WebSite","@id":"https:\/\/apuntesdesanluis.com\/#website","url":"https:\/\/apuntesdesanluis.com\/","name":"Apuntes de San Luis","description":"","publisher":{"@id":"https:\/\/apuntesdesanluis.com\/#\/schema\/person\/b55151d52296fcce64d1a72538a70b90"},"potentialAction":[{"@type":"SearchAction","target":{"@type":"EntryPoint","urlTemplate":"https:\/\/apuntesdesanluis.com\/?s={search_term_string}"},"query-input":{"@type":"PropertyValueSpecification","valueRequired":true,"valueName":"search_term_string"}}],"inLanguage":"es-AR"},{"@type":["Person","Organization"],"@id":"https:\/\/apuntesdesanluis.com\/#\/schema\/person\/b55151d52296fcce64d1a72538a70b90","name":"apuntesdesanluis.com","image":{"@type":"ImageObject","inLanguage":"es-AR","@id":"https:\/\/apuntesdesanluis.com\/#\/schema\/person\/image\/","url":"https:\/\/apuntesdesanluis.com\/wp-content\/uploads\/2023\/07\/cropped-apuntesdesanluis.png","contentUrl":"https:\/\/apuntesdesanluis.com\/wp-content\/uploads\/2023\/07\/cropped-apuntesdesanluis.png","width":450,"height":112,"caption":"apuntesdesanluis.com"},"logo":{"@id":"https:\/\/apuntesdesanluis.com\/#\/schema\/person\/image\/"},"sameAs":["https:\/\/apuntesdesanluis.com"],"url":"https:\/\/apuntesdesanluis.com\/index.php\/author\/apuntesdesanluis-com\/"}]}},"featured_image_urls":{"full":["https:\/\/apuntesdesanluis.com\/wp-content\/uploads\/2023\/10\/colectivero.png",440,257,false],"thumbnail":["https:\/\/apuntesdesanluis.com\/wp-content\/uploads\/2023\/10\/colectivero-150x150.png",150,150,true],"medium":["https:\/\/apuntesdesanluis.com\/wp-content\/uploads\/2023\/10\/colectivero-300x175.png",300,175,true],"medium_large":["https:\/\/apuntesdesanluis.com\/wp-content\/uploads\/2023\/10\/colectivero.png",440,257,false],"large":["https:\/\/apuntesdesanluis.com\/wp-content\/uploads\/2023\/10\/colectivero.png",440,257,false],"1536x1536":["https:\/\/apuntesdesanluis.com\/wp-content\/uploads\/2023\/10\/colectivero.png",440,257,false],"2048x2048":["https:\/\/apuntesdesanluis.com\/wp-content\/uploads\/2023\/10\/colectivero.png",440,257,false],"newsever-slider-full":["https:\/\/apuntesdesanluis.com\/wp-content\/uploads\/2023\/10\/colectivero.png",440,257,false],"newsever-featured":["https:\/\/apuntesdesanluis.com\/wp-content\/uploads\/2023\/10\/colectivero.png",440,257,false],"newsever-medium":["https:\/\/apuntesdesanluis.com\/wp-content\/uploads\/2023\/10\/colectivero.png",440,257,false]},"author_info":{"display_name":"apuntesdesanluis.com","author_link":"https:\/\/apuntesdesanluis.com\/index.php\/author\/apuntesdesanluis-com\/"},"category_info":"<a href=\"https:\/\/apuntesdesanluis.com\/index.php\/category\/nacionales-internacionales\/\" rel=\"category tag\">Nacionales\/Internacionales<\/a>","tag_info":"Nacionales\/Internacionales","comment_count":"0","_links":{"self":[{"href":"https:\/\/apuntesdesanluis.com\/index.php\/wp-json\/wp\/v2\/posts\/4907","targetHints":{"allow":["GET"]}}],"collection":[{"href":"https:\/\/apuntesdesanluis.com\/index.php\/wp-json\/wp\/v2\/posts"}],"about":[{"href":"https:\/\/apuntesdesanluis.com\/index.php\/wp-json\/wp\/v2\/types\/post"}],"author":[{"embeddable":true,"href":"https:\/\/apuntesdesanluis.com\/index.php\/wp-json\/wp\/v2\/users\/1"}],"replies":[{"embeddable":true,"href":"https:\/\/apuntesdesanluis.com\/index.php\/wp-json\/wp\/v2\/comments?post=4907"}],"version-history":[{"count":3,"href":"https:\/\/apuntesdesanluis.com\/index.php\/wp-json\/wp\/v2\/posts\/4907\/revisions"}],"predecessor-version":[{"id":4916,"href":"https:\/\/apuntesdesanluis.com\/index.php\/wp-json\/wp\/v2\/posts\/4907\/revisions\/4916"}],"wp:featuredmedia":[{"embeddable":true,"href":"https:\/\/apuntesdesanluis.com\/index.php\/wp-json\/wp\/v2\/media\/4908"}],"wp:attachment":[{"href":"https:\/\/apuntesdesanluis.com\/index.php\/wp-json\/wp\/v2\/media?parent=4907"}],"wp:term":[{"taxonomy":"category","embeddable":true,"href":"https:\/\/apuntesdesanluis.com\/index.php\/wp-json\/wp\/v2\/categories?post=4907"},{"taxonomy":"post_tag","embeddable":true,"href":"https:\/\/apuntesdesanluis.com\/index.php\/wp-json\/wp\/v2\/tags?post=4907"}],"curies":[{"name":"wp","href":"https:\/\/api.w.org\/{rel}","templated":true}]}}