{"id":493,"date":"2023-07-26T20:35:09","date_gmt":"2023-07-26T23:35:09","guid":{"rendered":"https:\/\/apuntesdesanluis.com\/?p=493"},"modified":"2023-07-26T20:35:09","modified_gmt":"2023-07-26T23:35:09","slug":"milei-tambien-critico-a-bullrich-por-su-propuesta-para-salir-del-cepo-es-peor-que-el-blindaje-de-de-la-rua","status":"publish","type":"post","link":"https:\/\/apuntesdesanluis.com\/index.php\/2023\/07\/26\/milei-tambien-critico-a-bullrich-por-su-propuesta-para-salir-del-cepo-es-peor-que-el-blindaje-de-de-la-rua\/","title":{"rendered":"MILEI TAMBI\u00c9N CRITIC\u00d3 A BULLRICH POR SU PROPUESTA PARA SALIR DEL CEPO: &#8220;ES PEOR QUE EL BLINDAJE DE DE LA R\u00daA&#8221;"},"content":{"rendered":"<h3>El precandidato presidencial de La Libertad Avanza comparte con la titular del PRO un electorado de similares caracter\u00edsticas ideol\u00f3gicas. Y la disputa por pescar votos convenci\u00f3 al liberal de abandonar el pacto de no agresi\u00f3n entre ambos.<\/h3>\n<h3>Por esa raz\u00f3n, <strong>Javier Milei<\/strong> carg\u00f3 contra la propuesta de la postulante presidencial de Juntos por el Cambio <strong>Patricia Bullrich<\/strong> para salir del cepo, la cual tild\u00f3 de &#8220;peor que el blindaje&#8221; del ex mandatario de la Alianza <strong>Fernando de la R\u00faa, coincidiendo con palabras que hab\u00eda pronunciado antes Horacio Rodr\u00edguez Larreta.<\/strong><\/h3>\n<h3>Durante una recorrida en Rosario, el diputado nacional libertario aprovech\u00f3 para criticar a su rival en las urnas, con quien compite por captar la adhesi\u00f3n de un electorado de similares caracter\u00edsticas ideol\u00f3gicas.<\/h3>\n<h3>&#8220;El plan de Bullrich es a\u00fan peor que el blindaje de Fernando de la R\u00faa, ya que se endeuda para sostener una corrida cambiar\u00eda sin resolver el problema de las LELIQs y con dudosa soluci\u00f3n al desequilibrio fiscal&#8221;, sostuvo el economista liberal en la ciudad santafesina, en el marco del denominado &#8220;Tour por la Libertad&#8221;.<\/h3>\n<h3>Para el l\u00edder de La Libertad Avanza, la medida planteada por la ex ministra de Seguridad de Cambiemos &#8220;termina aumentando el endeudamiento y no brinda una soluci\u00f3n definitiva al problema monetario, ya que los pol\u00edticos siguen teniendo el control de la maquinita de imprimir billetes&#8221;.<\/h3>\n<h3>&#8220;Al mismo tiempo, aducir que dar\u00e1n independencia del Banco Central no es garant\u00eda de nada, ya que son los mismos que el 28 de diciembre de 2017 se llevaron puestos a (Federico) Sturzenegger cuando no les gust\u00f3 el dise\u00f1o de la pol\u00edtica&#8221;, esgrimi\u00f3.<\/h3>\n<h3>&#8220;Y adem\u00e1s, cargan con el karma de que muchos de ellos han sido parte del fracasado gobierno de Fernando de la R\u00faa luego de conseguir el blindaje&#8221;, cerr\u00f3 Milei.<\/h3>\n<h3>De esta manera, el liberal le pronostica al blindaje propuesto por la dirigente del PRO el mismo destino de fracaso que el que en su momento impuls\u00f3 el fallecido ex presidente radical de la Alianza, quien debi\u00f3 renunciar intempestivamente a su cargo en diciembre de 2001 empujado por el estallido de una crisis social y econ\u00f3mica sin precedentes en la historia argentina.<\/h3>\n<h3>Durante la caminata en Rosario, Milei estuvo acompa\u00f1ado por Romina Diez y Nicol\u00e1s Mayoraz, quienes encabezan la n\u00f3mina de diputados nacionales por Santa Fe.<\/h3>\n<h3>Este jueves, el &#8220;Tour de la Libertad&#8221; continuar\u00e1 en la provincia de C\u00f3rdoba.<\/h3>\n","protected":false},"excerpt":{"rendered":"<p>El precandidato presidencial de La Libertad Avanza comparte con la titular del PRO un electorado&#8230;<\/p>\n","protected":false},"author":1,"featured_media":494,"comment_status":"closed","ping_status":"closed","sticky":false,"template":"","format":"standard","meta":{"footnotes":""},"categories":[5],"tags":[],"class_list":["post-493","post","type-post","status-publish","format-standard","has-post-thumbnail","hentry","category-nacionales-internacionales"],"yoast_head":"<!-- This site is optimized with the Yoast SEO plugin v26.1.1 - https:\/\/yoast.com\/wordpress\/plugins\/seo\/ -->\n<title>MILEI TAMBI\u00c9N CRITIC\u00d3 A BULLRICH POR SU PROPUESTA PARA SALIR DEL CEPO: &quot;ES PEOR QUE EL BLINDAJE DE DE LA R\u00daA&quot; - Apuntes de San Luis<\/title>\n<meta name=\"robots\" content=\"index, follow, max-snippet:-1, max-image-preview:large, max-video-preview:-1\" \/>\n<link rel=\"canonical\" href=\"https:\/\/apuntesdesanluis.com\/index.php\/2023\/07\/26\/milei-tambien-critico-a-bullrich-por-su-propuesta-para-salir-del-cepo-es-peor-que-el-blindaje-de-de-la-rua\/\" \/>\n<meta property=\"og:locale\" content=\"es_ES\" \/>\n<meta property=\"og:type\" content=\"article\" \/>\n<meta property=\"og:title\" content=\"MILEI TAMBI\u00c9N CRITIC\u00d3 A BULLRICH POR SU PROPUESTA PARA SALIR DEL CEPO: &quot;ES PEOR QUE EL BLINDAJE DE DE LA R\u00daA&quot; - Apuntes de San Luis\" \/>\n<meta property=\"og:description\" content=\"El precandidato presidencial de La Libertad Avanza comparte con la titular del PRO un electorado...\" \/>\n<meta property=\"og:url\" content=\"https:\/\/apuntesdesanluis.com\/index.php\/2023\/07\/26\/milei-tambien-critico-a-bullrich-por-su-propuesta-para-salir-del-cepo-es-peor-que-el-blindaje-de-de-la-rua\/\" \/>\n<meta property=\"og:site_name\" content=\"Apuntes de San Luis\" \/>\n<meta property=\"article:published_time\" content=\"2023-07-26T23:35:09+00:00\" \/>\n<meta property=\"og:image\" content=\"https:\/\/apuntesdesanluis.com\/wp-content\/uploads\/2023\/07\/bullrich-milei-apuntes.png\" \/>\n\t<meta property=\"og:image:width\" content=\"834\" \/>\n\t<meta property=\"og:image:height\" content=\"485\" \/>\n\t<meta property=\"og:image:type\" content=\"image\/png\" \/>\n<meta name=\"author\" content=\"apuntesdesanluis.com\" \/>\n<meta name=\"twitter:card\" content=\"summary_large_image\" \/>\n<meta name=\"twitter:label1\" content=\"Escrito por\" \/>\n\t<meta name=\"twitter:data1\" content=\"apuntesdesanluis.com\" \/>\n\t<meta name=\"twitter:label2\" content=\"Tiempo de lectura\" \/>\n\t<meta name=\"twitter:data2\" content=\"2 minutos\" \/>\n<script type=\"application\/ld+json\" class=\"yoast-schema-graph\">{\"@context\":\"https:\/\/schema.org\",\"@graph\":[{\"@type\":\"Article\",\"@id\":\"https:\/\/apuntesdesanluis.com\/index.php\/2023\/07\/26\/milei-tambien-critico-a-bullrich-por-su-propuesta-para-salir-del-cepo-es-peor-que-el-blindaje-de-de-la-rua\/#article\",\"isPartOf\":{\"@id\":\"https:\/\/apuntesdesanluis.com\/index.php\/2023\/07\/26\/milei-tambien-critico-a-bullrich-por-su-propuesta-para-salir-del-cepo-es-peor-que-el-blindaje-de-de-la-rua\/\"},\"author\":{\"name\":\"apuntesdesanluis.com\",\"@id\":\"https:\/\/apuntesdesanluis.com\/#\/schema\/person\/b55151d52296fcce64d1a72538a70b90\"},\"headline\":\"MILEI TAMBI\u00c9N CRITIC\u00d3 A BULLRICH POR SU PROPUESTA PARA SALIR DEL CEPO: &#8220;ES PEOR QUE EL BLINDAJE DE DE LA R\u00daA&#8221;\",\"datePublished\":\"2023-07-26T23:35:09+00:00\",\"mainEntityOfPage\":{\"@id\":\"https:\/\/apuntesdesanluis.com\/index.php\/2023\/07\/26\/milei-tambien-critico-a-bullrich-por-su-propuesta-para-salir-del-cepo-es-peor-que-el-blindaje-de-de-la-rua\/\"},\"wordCount\":440,\"publisher\":{\"@id\":\"https:\/\/apuntesdesanluis.com\/#\/schema\/person\/b55151d52296fcce64d1a72538a70b90\"},\"image\":{\"@id\":\"https:\/\/apuntesdesanluis.com\/index.php\/2023\/07\/26\/milei-tambien-critico-a-bullrich-por-su-propuesta-para-salir-del-cepo-es-peor-que-el-blindaje-de-de-la-rua\/#primaryimage\"},\"thumbnailUrl\":\"https:\/\/apuntesdesanluis.com\/wp-content\/uploads\/2023\/07\/bullrich-milei-apuntes.png\",\"articleSection\":[\"Nacionales\/Internacionales\"],\"inLanguage\":\"es-AR\"},{\"@type\":\"WebPage\",\"@id\":\"https:\/\/apuntesdesanluis.com\/index.php\/2023\/07\/26\/milei-tambien-critico-a-bullrich-por-su-propuesta-para-salir-del-cepo-es-peor-que-el-blindaje-de-de-la-rua\/\",\"url\":\"https:\/\/apuntesdesanluis.com\/index.php\/2023\/07\/26\/milei-tambien-critico-a-bullrich-por-su-propuesta-para-salir-del-cepo-es-peor-que-el-blindaje-de-de-la-rua\/\",\"name\":\"MILEI TAMBI\u00c9N CRITIC\u00d3 A BULLRICH POR SU PROPUESTA PARA SALIR DEL CEPO: \\\"ES PEOR QUE EL BLINDAJE DE DE LA R\u00daA\\\" - Apuntes de San Luis\",\"isPartOf\":{\"@id\":\"https:\/\/apuntesdesanluis.com\/#website\"},\"primaryImageOfPage\":{\"@id\":\"https:\/\/apuntesdesanluis.com\/index.php\/2023\/07\/26\/milei-tambien-critico-a-bullrich-por-su-propuesta-para-salir-del-cepo-es-peor-que-el-blindaje-de-de-la-rua\/#primaryimage\"},\"image\":{\"@id\":\"https:\/\/apuntesdesanluis.com\/index.php\/2023\/07\/26\/milei-tambien-critico-a-bullrich-por-su-propuesta-para-salir-del-cepo-es-peor-que-el-blindaje-de-de-la-rua\/#primaryimage\"},\"thumbnailUrl\":\"https:\/\/apuntesdesanluis.com\/wp-content\/uploads\/2023\/07\/bullrich-milei-apuntes.png\",\"datePublished\":\"2023-07-26T23:35:09+00:00\",\"breadcrumb\":{\"@id\":\"https:\/\/apuntesdesanluis.com\/index.php\/2023\/07\/26\/milei-tambien-critico-a-bullrich-por-su-propuesta-para-salir-del-cepo-es-peor-que-el-blindaje-de-de-la-rua\/#breadcrumb\"},\"inLanguage\":\"es-AR\",\"potentialAction\":[{\"@type\":\"ReadAction\",\"target\":[\"https:\/\/apuntesdesanluis.com\/index.php\/2023\/07\/26\/milei-tambien-critico-a-bullrich-por-su-propuesta-para-salir-del-cepo-es-peor-que-el-blindaje-de-de-la-rua\/\"]}]},{\"@type\":\"ImageObject\",\"inLanguage\":\"es-AR\",\"@id\":\"https:\/\/apuntesdesanluis.com\/index.php\/2023\/07\/26\/milei-tambien-critico-a-bullrich-por-su-propuesta-para-salir-del-cepo-es-peor-que-el-blindaje-de-de-la-rua\/#primaryimage\",\"url\":\"https:\/\/apuntesdesanluis.com\/wp-content\/uploads\/2023\/07\/bullrich-milei-apuntes.png\",\"contentUrl\":\"https:\/\/apuntesdesanluis.com\/wp-content\/uploads\/2023\/07\/bullrich-milei-apuntes.png\",\"width\":834,\"height\":485},{\"@type\":\"BreadcrumbList\",\"@id\":\"https:\/\/apuntesdesanluis.com\/index.php\/2023\/07\/26\/milei-tambien-critico-a-bullrich-por-su-propuesta-para-salir-del-cepo-es-peor-que-el-blindaje-de-de-la-rua\/#breadcrumb\",\"itemListElement\":[{\"@type\":\"ListItem\",\"position\":1,\"name\":\"Inicio\",\"item\":\"https:\/\/apuntesdesanluis.com\/\"},{\"@type\":\"ListItem\",\"position\":2,\"name\":\"MILEI TAMBI\u00c9N CRITIC\u00d3 A BULLRICH POR SU PROPUESTA PARA SALIR DEL CEPO: &#8220;ES PEOR QUE EL BLINDAJE DE DE LA R\u00daA&#8221;\"}]},{\"@type\":\"WebSite\",\"@id\":\"https:\/\/apuntesdesanluis.com\/#website\",\"url\":\"https:\/\/apuntesdesanluis.com\/\",\"name\":\"Apuntes de San Luis\",\"description\":\"\",\"publisher\":{\"@id\":\"https:\/\/apuntesdesanluis.com\/#\/schema\/person\/b55151d52296fcce64d1a72538a70b90\"},\"potentialAction\":[{\"@type\":\"SearchAction\",\"target\":{\"@type\":\"EntryPoint\",\"urlTemplate\":\"https:\/\/apuntesdesanluis.com\/?s={search_term_string}\"},\"query-input\":{\"@type\":\"PropertyValueSpecification\",\"valueRequired\":true,\"valueName\":\"search_term_string\"}}],\"inLanguage\":\"es-AR\"},{\"@type\":[\"Person\",\"Organization\"],\"@id\":\"https:\/\/apuntesdesanluis.com\/#\/schema\/person\/b55151d52296fcce64d1a72538a70b90\",\"name\":\"apuntesdesanluis.com\",\"image\":{\"@type\":\"ImageObject\",\"inLanguage\":\"es-AR\",\"@id\":\"https:\/\/apuntesdesanluis.com\/#\/schema\/person\/image\/\",\"url\":\"https:\/\/apuntesdesanluis.com\/wp-content\/uploads\/2023\/07\/cropped-apuntesdesanluis.png\",\"contentUrl\":\"https:\/\/apuntesdesanluis.com\/wp-content\/uploads\/2023\/07\/cropped-apuntesdesanluis.png\",\"width\":450,\"height\":112,\"caption\":\"apuntesdesanluis.com\"},\"logo\":{\"@id\":\"https:\/\/apuntesdesanluis.com\/#\/schema\/person\/image\/\"},\"sameAs\":[\"https:\/\/apuntesdesanluis.com\"],\"url\":\"https:\/\/apuntesdesanluis.com\/index.php\/author\/apuntesdesanluis-com\/\"}]}<\/script>\n<!-- \/ Yoast SEO plugin. -->","yoast_head_json":{"title":"MILEI TAMBI\u00c9N CRITIC\u00d3 A BULLRICH POR SU PROPUESTA PARA SALIR DEL CEPO: \"ES PEOR QUE EL BLINDAJE DE DE LA R\u00daA\" - Apuntes de San Luis","robots":{"index":"index","follow":"follow","max-snippet":"max-snippet:-1","max-image-preview":"max-image-preview:large","max-video-preview":"max-video-preview:-1"},"canonical":"https:\/\/apuntesdesanluis.com\/index.php\/2023\/07\/26\/milei-tambien-critico-a-bullrich-por-su-propuesta-para-salir-del-cepo-es-peor-que-el-blindaje-de-de-la-rua\/","og_locale":"es_ES","og_type":"article","og_title":"MILEI TAMBI\u00c9N CRITIC\u00d3 A BULLRICH POR SU PROPUESTA PARA SALIR DEL CEPO: \"ES PEOR QUE EL BLINDAJE DE DE LA R\u00daA\" - Apuntes de San Luis","og_description":"El precandidato presidencial de La Libertad Avanza comparte con la titular del PRO un electorado...","og_url":"https:\/\/apuntesdesanluis.com\/index.php\/2023\/07\/26\/milei-tambien-critico-a-bullrich-por-su-propuesta-para-salir-del-cepo-es-peor-que-el-blindaje-de-de-la-rua\/","og_site_name":"Apuntes de San Luis","article_published_time":"2023-07-26T23:35:09+00:00","og_image":[{"width":834,"height":485,"url":"https:\/\/apuntesdesanluis.com\/wp-content\/uploads\/2023\/07\/bullrich-milei-apuntes.png","type":"image\/png"}],"author":"apuntesdesanluis.com","twitter_card":"summary_large_image","twitter_misc":{"Escrito por":"apuntesdesanluis.com","Tiempo de lectura":"2 minutos"},"schema":{"@context":"https:\/\/schema.org","@graph":[{"@type":"Article","@id":"https:\/\/apuntesdesanluis.com\/index.php\/2023\/07\/26\/milei-tambien-critico-a-bullrich-por-su-propuesta-para-salir-del-cepo-es-peor-que-el-blindaje-de-de-la-rua\/#article","isPartOf":{"@id":"https:\/\/apuntesdesanluis.com\/index.php\/2023\/07\/26\/milei-tambien-critico-a-bullrich-por-su-propuesta-para-salir-del-cepo-es-peor-que-el-blindaje-de-de-la-rua\/"},"author":{"name":"apuntesdesanluis.com","@id":"https:\/\/apuntesdesanluis.com\/#\/schema\/person\/b55151d52296fcce64d1a72538a70b90"},"headline":"MILEI TAMBI\u00c9N CRITIC\u00d3 A BULLRICH POR SU PROPUESTA PARA SALIR DEL CEPO: &#8220;ES PEOR QUE EL BLINDAJE DE DE LA R\u00daA&#8221;","datePublished":"2023-07-26T23:35:09+00:00","mainEntityOfPage":{"@id":"https:\/\/apuntesdesanluis.com\/index.php\/2023\/07\/26\/milei-tambien-critico-a-bullrich-por-su-propuesta-para-salir-del-cepo-es-peor-que-el-blindaje-de-de-la-rua\/"},"wordCount":440,"publisher":{"@id":"https:\/\/apuntesdesanluis.com\/#\/schema\/person\/b55151d52296fcce64d1a72538a70b90"},"image":{"@id":"https:\/\/apuntesdesanluis.com\/index.php\/2023\/07\/26\/milei-tambien-critico-a-bullrich-por-su-propuesta-para-salir-del-cepo-es-peor-que-el-blindaje-de-de-la-rua\/#primaryimage"},"thumbnailUrl":"https:\/\/apuntesdesanluis.com\/wp-content\/uploads\/2023\/07\/bullrich-milei-apuntes.png","articleSection":["Nacionales\/Internacionales"],"inLanguage":"es-AR"},{"@type":"WebPage","@id":"https:\/\/apuntesdesanluis.com\/index.php\/2023\/07\/26\/milei-tambien-critico-a-bullrich-por-su-propuesta-para-salir-del-cepo-es-peor-que-el-blindaje-de-de-la-rua\/","url":"https:\/\/apuntesdesanluis.com\/index.php\/2023\/07\/26\/milei-tambien-critico-a-bullrich-por-su-propuesta-para-salir-del-cepo-es-peor-que-el-blindaje-de-de-la-rua\/","name":"MILEI TAMBI\u00c9N CRITIC\u00d3 A BULLRICH POR SU PROPUESTA PARA SALIR DEL CEPO: \"ES PEOR QUE EL BLINDAJE DE DE LA R\u00daA\" - Apuntes de San Luis","isPartOf":{"@id":"https:\/\/apuntesdesanluis.com\/#website"},"primaryImageOfPage":{"@id":"https:\/\/apuntesdesanluis.com\/index.php\/2023\/07\/26\/milei-tambien-critico-a-bullrich-por-su-propuesta-para-salir-del-cepo-es-peor-que-el-blindaje-de-de-la-rua\/#primaryimage"},"image":{"@id":"https:\/\/apuntesdesanluis.com\/index.php\/2023\/07\/26\/milei-tambien-critico-a-bullrich-por-su-propuesta-para-salir-del-cepo-es-peor-que-el-blindaje-de-de-la-rua\/#primaryimage"},"thumbnailUrl":"https:\/\/apuntesdesanluis.com\/wp-content\/uploads\/2023\/07\/bullrich-milei-apuntes.png","datePublished":"2023-07-26T23:35:09+00:00","breadcrumb":{"@id":"https:\/\/apuntesdesanluis.com\/index.php\/2023\/07\/26\/milei-tambien-critico-a-bullrich-por-su-propuesta-para-salir-del-cepo-es-peor-que-el-blindaje-de-de-la-rua\/#breadcrumb"},"inLanguage":"es-AR","potentialAction":[{"@type":"ReadAction","target":["https:\/\/apuntesdesanluis.com\/index.php\/2023\/07\/26\/milei-tambien-critico-a-bullrich-por-su-propuesta-para-salir-del-cepo-es-peor-que-el-blindaje-de-de-la-rua\/"]}]},{"@type":"ImageObject","inLanguage":"es-AR","@id":"https:\/\/apuntesdesanluis.com\/index.php\/2023\/07\/26\/milei-tambien-critico-a-bullrich-por-su-propuesta-para-salir-del-cepo-es-peor-que-el-blindaje-de-de-la-rua\/#primaryimage","url":"https:\/\/apuntesdesanluis.com\/wp-content\/uploads\/2023\/07\/bullrich-milei-apuntes.png","contentUrl":"https:\/\/apuntesdesanluis.com\/wp-content\/uploads\/2023\/07\/bullrich-milei-apuntes.png","width":834,"height":485},{"@type":"BreadcrumbList","@id":"https:\/\/apuntesdesanluis.com\/index.php\/2023\/07\/26\/milei-tambien-critico-a-bullrich-por-su-propuesta-para-salir-del-cepo-es-peor-que-el-blindaje-de-de-la-rua\/#breadcrumb","itemListElement":[{"@type":"ListItem","position":1,"name":"Inicio","item":"https:\/\/apuntesdesanluis.com\/"},{"@type":"ListItem","position":2,"name":"MILEI TAMBI\u00c9N CRITIC\u00d3 A BULLRICH POR SU PROPUESTA PARA SALIR DEL CEPO: &#8220;ES PEOR QUE EL BLINDAJE DE DE LA R\u00daA&#8221;"}]},{"@type":"WebSite","@id":"https:\/\/apuntesdesanluis.com\/#website","url":"https:\/\/apuntesdesanluis.com\/","name":"Apuntes de San Luis","description":"","publisher":{"@id":"https:\/\/apuntesdesanluis.com\/#\/schema\/person\/b55151d52296fcce64d1a72538a70b90"},"potentialAction":[{"@type":"SearchAction","target":{"@type":"EntryPoint","urlTemplate":"https:\/\/apuntesdesanluis.com\/?s={search_term_string}"},"query-input":{"@type":"PropertyValueSpecification","valueRequired":true,"valueName":"search_term_string"}}],"inLanguage":"es-AR"},{"@type":["Person","Organization"],"@id":"https:\/\/apuntesdesanluis.com\/#\/schema\/person\/b55151d52296fcce64d1a72538a70b90","name":"apuntesdesanluis.com","image":{"@type":"ImageObject","inLanguage":"es-AR","@id":"https:\/\/apuntesdesanluis.com\/#\/schema\/person\/image\/","url":"https:\/\/apuntesdesanluis.com\/wp-content\/uploads\/2023\/07\/cropped-apuntesdesanluis.png","contentUrl":"https:\/\/apuntesdesanluis.com\/wp-content\/uploads\/2023\/07\/cropped-apuntesdesanluis.png","width":450,"height":112,"caption":"apuntesdesanluis.com"},"logo":{"@id":"https:\/\/apuntesdesanluis.com\/#\/schema\/person\/image\/"},"sameAs":["https:\/\/apuntesdesanluis.com"],"url":"https:\/\/apuntesdesanluis.com\/index.php\/author\/apuntesdesanluis-com\/"}]}},"featured_image_urls":{"full":["https:\/\/apuntesdesanluis.com\/wp-content\/uploads\/2023\/07\/bullrich-milei-apuntes.png",834,485,false],"thumbnail":["https:\/\/apuntesdesanluis.com\/wp-content\/uploads\/2023\/07\/bullrich-milei-apuntes-150x150.png",150,150,true],"medium":["https:\/\/apuntesdesanluis.com\/wp-content\/uploads\/2023\/07\/bullrich-milei-apuntes-300x174.png",300,174,true],"medium_large":["https:\/\/apuntesdesanluis.com\/wp-content\/uploads\/2023\/07\/bullrich-milei-apuntes-768x447.png",640,373,true],"large":["https:\/\/apuntesdesanluis.com\/wp-content\/uploads\/2023\/07\/bullrich-milei-apuntes.png",640,372,false],"1536x1536":["https:\/\/apuntesdesanluis.com\/wp-content\/uploads\/2023\/07\/bullrich-milei-apuntes.png",834,485,false],"2048x2048":["https:\/\/apuntesdesanluis.com\/wp-content\/uploads\/2023\/07\/bullrich-milei-apuntes.png",834,485,false],"newsever-slider-full":["https:\/\/apuntesdesanluis.com\/wp-content\/uploads\/2023\/07\/bullrich-milei-apuntes.png",834,485,false],"newsever-featured":["https:\/\/apuntesdesanluis.com\/wp-content\/uploads\/2023\/07\/bullrich-milei-apuntes.png",834,485,false],"newsever-medium":["https:\/\/apuntesdesanluis.com\/wp-content\/uploads\/2023\/07\/bullrich-milei-apuntes-720x475.png",720,475,true]},"author_info":{"display_name":"apuntesdesanluis.com","author_link":"https:\/\/apuntesdesanluis.com\/index.php\/author\/apuntesdesanluis-com\/"},"category_info":"<a href=\"https:\/\/apuntesdesanluis.com\/index.php\/category\/nacionales-internacionales\/\" rel=\"category tag\">Nacionales\/Internacionales<\/a>","tag_info":"Nacionales\/Internacionales","comment_count":"0","_links":{"self":[{"href":"https:\/\/apuntesdesanluis.com\/index.php\/wp-json\/wp\/v2\/posts\/493","targetHints":{"allow":["GET"]}}],"collection":[{"href":"https:\/\/apuntesdesanluis.com\/index.php\/wp-json\/wp\/v2\/posts"}],"about":[{"href":"https:\/\/apuntesdesanluis.com\/index.php\/wp-json\/wp\/v2\/types\/post"}],"author":[{"embeddable":true,"href":"https:\/\/apuntesdesanluis.com\/index.php\/wp-json\/wp\/v2\/users\/1"}],"replies":[{"embeddable":true,"href":"https:\/\/apuntesdesanluis.com\/index.php\/wp-json\/wp\/v2\/comments?post=493"}],"version-history":[{"count":1,"href":"https:\/\/apuntesdesanluis.com\/index.php\/wp-json\/wp\/v2\/posts\/493\/revisions"}],"predecessor-version":[{"id":495,"href":"https:\/\/apuntesdesanluis.com\/index.php\/wp-json\/wp\/v2\/posts\/493\/revisions\/495"}],"wp:featuredmedia":[{"embeddable":true,"href":"https:\/\/apuntesdesanluis.com\/index.php\/wp-json\/wp\/v2\/media\/494"}],"wp:attachment":[{"href":"https:\/\/apuntesdesanluis.com\/index.php\/wp-json\/wp\/v2\/media?parent=493"}],"wp:term":[{"taxonomy":"category","embeddable":true,"href":"https:\/\/apuntesdesanluis.com\/index.php\/wp-json\/wp\/v2\/categories?post=493"},{"taxonomy":"post_tag","embeddable":true,"href":"https:\/\/apuntesdesanluis.com\/index.php\/wp-json\/wp\/v2\/tags?post=493"}],"curies":[{"name":"wp","href":"https:\/\/api.w.org\/{rel}","templated":true}]}}