{"id":4982,"date":"2023-10-10T23:22:05","date_gmt":"2023-10-11T02:22:05","guid":{"rendered":"https:\/\/apuntesdesanluis.com\/?p=4982"},"modified":"2023-10-10T23:22:05","modified_gmt":"2023-10-11T02:22:05","slug":"incendios-en-cordoba-el-fuego-ya-llego-a-las-casas-y-hay-personas-evacuadas","status":"publish","type":"post","link":"https:\/\/apuntesdesanluis.com\/index.php\/2023\/10\/10\/incendios-en-cordoba-el-fuego-ya-llego-a-las-casas-y-hay-personas-evacuadas\/","title":{"rendered":"INCENDIOS EN C\u00d3RDOBA: EL FUEGO YA LLEG\u00d3 A LAS CASAS Y HAY PERSONAS EVACUADAS"},"content":{"rendered":"<h3>Nuevos focos de incendio se generaron en las \u00faltimas horas en diferentes localidades cordobesas y las llamas ya llegaron a las casas de las zonas, por lo que hay angustia y desesperaci\u00f3n entre los habitante del lugar.<\/h3>\n<h3>Bomberos y lugare\u00f1os trataban de extinguir el fuego, luego de que muchas personas tuvieran que ser evacuadas. Las zonas m\u00e1s afectadas son el barrio &#8220;400 viviendas&#8221;, que conecta a Villa Carlos Paz con Cabalango y Tala Huasi, en Punilla.<\/h3>\n<h3>De dicha regi\u00f3n, al menos 30 habitantes debieron evacuar entre la noche y la ma\u00f1ana de este martes producto de un humo intenso que ingres\u00f3 a sus hogares en un primer momento, aunque con el correr de las horas las llamas tambi\u00e9n afectaron las edificaciones de la zona.<\/h3>\n<p><iframe title=\"Incendios en C\u00f3rdoba: Carlos Paz rodeada por el fuego, hay viviendas afectadas y evacuados\" width=\"640\" height=\"360\" src=\"https:\/\/www.youtube.com\/embed\/4i48s_Qiqiw?feature=oembed\" frameborder=\"0\" allow=\"accelerometer; autoplay; clipboard-write; encrypted-media; gyroscope; picture-in-picture; web-share\" referrerpolicy=\"strict-origin-when-cross-origin\" allowfullscreen><\/iframe><\/p>\n<h3>Polic\u00edas y brigadistas llegaron a la zona ante el alerta por el avance de las llamas sobre el bosque.<\/h3>\n<h3>Tras una serie de trabajos en el lugar, y despu\u00e9s de haber dialogado con los vecinos de la zona, los agentes detuvieron a un joven acusado de haber generado el hecho.<\/h3>\n<h3>Se trata de Ulises Xarate, de 27 a\u00f1os, quien es el \u00fanico acusado por el incidente y fue imputado por la fiscal Jorgelina G\u00f3mez por incendio culposo.<\/h3>\n<h3>De acuerdo a lo informado, se le atribuy\u00f3 el comienzo de las llamas dado que \u00e9l mismo reconoci\u00f3 haber prendido una fogata para calentar agua en una pava y hacerse un caf\u00e9, precisaron los medios locales.<\/h3>\n<h3>Seg\u00fan explic\u00f3 el joven, en un momento perdi\u00f3 el control del fuego y g\u00e9nero uno de los focos activos m\u00e1s importantes que tiene actualmente la provincia. Este comenz\u00f3 a propagarse r\u00e1pidamente y se extendi\u00f3 a lo largo de varios kil\u00f3metros.<\/h3>\n<h3>El Ministerio de Ambiente y Desarrollo Sostenible de la Naci\u00f3n envi\u00f3 tres aviones hidrantes, un observador y un helic\u00f3ptero con helibalde para sumarse a las tareas de combate de incendios en C\u00f3rdoba.<\/h3>\n<h3>Tambi\u00e9n enviaron 14 combatientes de la Brigada Nacional Centro de dicho servicio, equipados con tres camionetas 4&#215;4 para el desplazamiento en terreno.<\/h3>\n<h3>Hay una importante cantidad de dotaciones de bomberos para extinguir el siniestro, pero el clima hostil no ayuda para terminar con las llamas, ya que las temperaturas rozan los 35 grados y las r\u00e1fagas de viento norte ascendieron hasta los 70 kil\u00f3metros por hora en ciertos momentos.<\/h3>\n<h3>Las localidades que continuaban con incendios este martes son Santa Mar\u00eda, Punilla (Las Minitas\/Cabalango), Totoral (Barranca Yaco), Minas (La Argentina) y San Justo (Trinchera).<\/h3>\n<h3>Seg\u00fan inform\u00f3 el secretario de Gesti\u00f3n de Riesgo Clim\u00e1tico de la Provincia, Claudio Vignetta, el frente de mayor magnitud est\u00e1 en la zona de Punilla y el mismo comenz\u00f3 en Cabalango y se extendi\u00f3 hacia la zona de San Antonio, Tala Huasi e Icho Cruz, donde hubo unas 60 personas evacuadas el lunes.<\/h3>\n<h3>&#8220;No tuvimos m\u00e1s evacuados. Durante la noche se trabaj\u00f3 muy bien y se fue cortando en las zonas que bajaba hacia zonas de viviendas&#8221;, explic\u00f3 Vignetta en declaraciones a Cadena 3.<\/h3>\n<h3>El segundo foco con actividad continuaba en San Clemente, en el departamento Santa Mar\u00eda. Al respecto, Vignetta sostuvo: &#8220;Est\u00e1 contenido con per\u00edmetro muy inestable y personal instalado para trabajar sobre los reinicios, vamos a ver c\u00f3mo est\u00e1 en general con las primeras horas del d\u00eda&#8221;.<\/h3>\n<h3>Otro de los focos est\u00e1 en La Argentina, San Carlos Minas, mientras que las llamas ya fueron contenidas en Barranca Yaco.<\/h3>\n<h3>&#8220;Ha sido una jornada muy complicada, con mucho viento intenso del norte y cero humedad. Rondamos los 34 grados de temperatura. La irresponsabilidad de algunos gener\u00f3 estos incendios y colabor\u00f3 el viento&#8221;, coment\u00f3 Vignetta.<\/h3>\n<h3>Al referirse a las condiciones clim\u00e1ticas, el funcionario detall\u00f3: &#8220;El viento rotar\u00e1 al oeste y hay probabilidad de que el flanco izquierdo empiece a moverse hacia la zona de Las 400 Viviendas en Carlos Paz (barrio Colinas). Pero, por el momento, est\u00e1 tranquilo ese sector. Este martes, vamos a tener un d\u00eda muy complicado nuevamente: a las 7 u 8, cambiar\u00e1 el viento del oeste y girar\u00e1 al norte con intensidad y habr\u00e1 m\u00e1s de 37 grados en algunos lugares&#8221;.<\/h3>\n<h3>En tanto, el barrio de las &#8220;400 Viviendas&#8221; en Villa Carlos Paz, fue evacuado preventivamente ante el avance del humo.<\/h3>\n<p>&nbsp;<\/p>\n<p>&nbsp;<\/p>\n<p>&nbsp;<\/p>\n","protected":false},"excerpt":{"rendered":"<p>Nuevos focos de incendio se generaron en las \u00faltimas horas en diferentes localidades cordobesas y&#8230;<\/p>\n","protected":false},"author":1,"featured_media":4983,"comment_status":"closed","ping_status":"closed","sticky":false,"template":"","format":"standard","meta":{"footnotes":""},"categories":[5],"tags":[],"class_list":["post-4982","post","type-post","status-publish","format-standard","has-post-thumbnail","hentry","category-nacionales-internacionales"],"yoast_head":"<!-- This site is optimized with the Yoast SEO plugin v26.1.1 - https:\/\/yoast.com\/wordpress\/plugins\/seo\/ -->\n<title>INCENDIOS EN C\u00d3RDOBA: EL FUEGO YA LLEG\u00d3 A LAS CASAS Y HAY PERSONAS EVACUADAS - Apuntes de San Luis<\/title>\n<meta name=\"robots\" content=\"index, follow, max-snippet:-1, max-image-preview:large, max-video-preview:-1\" \/>\n<link rel=\"canonical\" href=\"https:\/\/apuntesdesanluis.com\/index.php\/2023\/10\/10\/incendios-en-cordoba-el-fuego-ya-llego-a-las-casas-y-hay-personas-evacuadas\/\" \/>\n<meta property=\"og:locale\" content=\"es_ES\" \/>\n<meta property=\"og:type\" content=\"article\" \/>\n<meta property=\"og:title\" content=\"INCENDIOS EN C\u00d3RDOBA: EL FUEGO YA LLEG\u00d3 A LAS CASAS Y HAY PERSONAS EVACUADAS - Apuntes de San Luis\" \/>\n<meta property=\"og:description\" content=\"Nuevos focos de incendio se generaron en las \u00faltimas horas en diferentes localidades cordobesas y...\" \/>\n<meta property=\"og:url\" content=\"https:\/\/apuntesdesanluis.com\/index.php\/2023\/10\/10\/incendios-en-cordoba-el-fuego-ya-llego-a-las-casas-y-hay-personas-evacuadas\/\" \/>\n<meta property=\"og:site_name\" content=\"Apuntes de San Luis\" \/>\n<meta property=\"article:published_time\" content=\"2023-10-11T02:22:05+00:00\" \/>\n<meta property=\"og:image\" content=\"https:\/\/apuntesdesanluis.com\/wp-content\/uploads\/2023\/10\/incendios-en-cordoba.png\" \/>\n\t<meta property=\"og:image:width\" content=\"777\" \/>\n\t<meta property=\"og:image:height\" content=\"470\" \/>\n\t<meta property=\"og:image:type\" content=\"image\/png\" \/>\n<meta name=\"author\" content=\"apuntesdesanluis.com\" \/>\n<meta name=\"twitter:card\" content=\"summary_large_image\" \/>\n<meta name=\"twitter:label1\" content=\"Escrito por\" \/>\n\t<meta name=\"twitter:data1\" content=\"apuntesdesanluis.com\" \/>\n\t<meta name=\"twitter:label2\" content=\"Tiempo de lectura\" \/>\n\t<meta name=\"twitter:data2\" content=\"4 minutos\" \/>\n<script type=\"application\/ld+json\" class=\"yoast-schema-graph\">{\"@context\":\"https:\/\/schema.org\",\"@graph\":[{\"@type\":\"Article\",\"@id\":\"https:\/\/apuntesdesanluis.com\/index.php\/2023\/10\/10\/incendios-en-cordoba-el-fuego-ya-llego-a-las-casas-y-hay-personas-evacuadas\/#article\",\"isPartOf\":{\"@id\":\"https:\/\/apuntesdesanluis.com\/index.php\/2023\/10\/10\/incendios-en-cordoba-el-fuego-ya-llego-a-las-casas-y-hay-personas-evacuadas\/\"},\"author\":{\"name\":\"apuntesdesanluis.com\",\"@id\":\"https:\/\/apuntesdesanluis.com\/#\/schema\/person\/b55151d52296fcce64d1a72538a70b90\"},\"headline\":\"INCENDIOS EN C\u00d3RDOBA: EL FUEGO YA LLEG\u00d3 A LAS CASAS Y HAY PERSONAS EVACUADAS\",\"datePublished\":\"2023-10-11T02:22:05+00:00\",\"mainEntityOfPage\":{\"@id\":\"https:\/\/apuntesdesanluis.com\/index.php\/2023\/10\/10\/incendios-en-cordoba-el-fuego-ya-llego-a-las-casas-y-hay-personas-evacuadas\/\"},\"wordCount\":735,\"publisher\":{\"@id\":\"https:\/\/apuntesdesanluis.com\/#\/schema\/person\/b55151d52296fcce64d1a72538a70b90\"},\"image\":{\"@id\":\"https:\/\/apuntesdesanluis.com\/index.php\/2023\/10\/10\/incendios-en-cordoba-el-fuego-ya-llego-a-las-casas-y-hay-personas-evacuadas\/#primaryimage\"},\"thumbnailUrl\":\"https:\/\/apuntesdesanluis.com\/wp-content\/uploads\/2023\/10\/incendios-en-cordoba.png\",\"articleSection\":[\"Nacionales\/Internacionales\"],\"inLanguage\":\"es-AR\"},{\"@type\":\"WebPage\",\"@id\":\"https:\/\/apuntesdesanluis.com\/index.php\/2023\/10\/10\/incendios-en-cordoba-el-fuego-ya-llego-a-las-casas-y-hay-personas-evacuadas\/\",\"url\":\"https:\/\/apuntesdesanluis.com\/index.php\/2023\/10\/10\/incendios-en-cordoba-el-fuego-ya-llego-a-las-casas-y-hay-personas-evacuadas\/\",\"name\":\"INCENDIOS EN C\u00d3RDOBA: EL FUEGO YA LLEG\u00d3 A LAS CASAS Y HAY PERSONAS EVACUADAS - Apuntes de San Luis\",\"isPartOf\":{\"@id\":\"https:\/\/apuntesdesanluis.com\/#website\"},\"primaryImageOfPage\":{\"@id\":\"https:\/\/apuntesdesanluis.com\/index.php\/2023\/10\/10\/incendios-en-cordoba-el-fuego-ya-llego-a-las-casas-y-hay-personas-evacuadas\/#primaryimage\"},\"image\":{\"@id\":\"https:\/\/apuntesdesanluis.com\/index.php\/2023\/10\/10\/incendios-en-cordoba-el-fuego-ya-llego-a-las-casas-y-hay-personas-evacuadas\/#primaryimage\"},\"thumbnailUrl\":\"https:\/\/apuntesdesanluis.com\/wp-content\/uploads\/2023\/10\/incendios-en-cordoba.png\",\"datePublished\":\"2023-10-11T02:22:05+00:00\",\"breadcrumb\":{\"@id\":\"https:\/\/apuntesdesanluis.com\/index.php\/2023\/10\/10\/incendios-en-cordoba-el-fuego-ya-llego-a-las-casas-y-hay-personas-evacuadas\/#breadcrumb\"},\"inLanguage\":\"es-AR\",\"potentialAction\":[{\"@type\":\"ReadAction\",\"target\":[\"https:\/\/apuntesdesanluis.com\/index.php\/2023\/10\/10\/incendios-en-cordoba-el-fuego-ya-llego-a-las-casas-y-hay-personas-evacuadas\/\"]}]},{\"@type\":\"ImageObject\",\"inLanguage\":\"es-AR\",\"@id\":\"https:\/\/apuntesdesanluis.com\/index.php\/2023\/10\/10\/incendios-en-cordoba-el-fuego-ya-llego-a-las-casas-y-hay-personas-evacuadas\/#primaryimage\",\"url\":\"https:\/\/apuntesdesanluis.com\/wp-content\/uploads\/2023\/10\/incendios-en-cordoba.png\",\"contentUrl\":\"https:\/\/apuntesdesanluis.com\/wp-content\/uploads\/2023\/10\/incendios-en-cordoba.png\",\"width\":777,\"height\":470},{\"@type\":\"BreadcrumbList\",\"@id\":\"https:\/\/apuntesdesanluis.com\/index.php\/2023\/10\/10\/incendios-en-cordoba-el-fuego-ya-llego-a-las-casas-y-hay-personas-evacuadas\/#breadcrumb\",\"itemListElement\":[{\"@type\":\"ListItem\",\"position\":1,\"name\":\"Inicio\",\"item\":\"https:\/\/apuntesdesanluis.com\/\"},{\"@type\":\"ListItem\",\"position\":2,\"name\":\"INCENDIOS EN C\u00d3RDOBA: EL FUEGO YA LLEG\u00d3 A LAS CASAS Y HAY PERSONAS EVACUADAS\"}]},{\"@type\":\"WebSite\",\"@id\":\"https:\/\/apuntesdesanluis.com\/#website\",\"url\":\"https:\/\/apuntesdesanluis.com\/\",\"name\":\"Apuntes de San Luis\",\"description\":\"\",\"publisher\":{\"@id\":\"https:\/\/apuntesdesanluis.com\/#\/schema\/person\/b55151d52296fcce64d1a72538a70b90\"},\"potentialAction\":[{\"@type\":\"SearchAction\",\"target\":{\"@type\":\"EntryPoint\",\"urlTemplate\":\"https:\/\/apuntesdesanluis.com\/?s={search_term_string}\"},\"query-input\":{\"@type\":\"PropertyValueSpecification\",\"valueRequired\":true,\"valueName\":\"search_term_string\"}}],\"inLanguage\":\"es-AR\"},{\"@type\":[\"Person\",\"Organization\"],\"@id\":\"https:\/\/apuntesdesanluis.com\/#\/schema\/person\/b55151d52296fcce64d1a72538a70b90\",\"name\":\"apuntesdesanluis.com\",\"image\":{\"@type\":\"ImageObject\",\"inLanguage\":\"es-AR\",\"@id\":\"https:\/\/apuntesdesanluis.com\/#\/schema\/person\/image\/\",\"url\":\"https:\/\/apuntesdesanluis.com\/wp-content\/uploads\/2023\/07\/cropped-apuntesdesanluis.png\",\"contentUrl\":\"https:\/\/apuntesdesanluis.com\/wp-content\/uploads\/2023\/07\/cropped-apuntesdesanluis.png\",\"width\":450,\"height\":112,\"caption\":\"apuntesdesanluis.com\"},\"logo\":{\"@id\":\"https:\/\/apuntesdesanluis.com\/#\/schema\/person\/image\/\"},\"sameAs\":[\"https:\/\/apuntesdesanluis.com\"],\"url\":\"https:\/\/apuntesdesanluis.com\/index.php\/author\/apuntesdesanluis-com\/\"}]}<\/script>\n<!-- \/ Yoast SEO plugin. -->","yoast_head_json":{"title":"INCENDIOS EN C\u00d3RDOBA: EL FUEGO YA LLEG\u00d3 A LAS CASAS Y HAY PERSONAS EVACUADAS - Apuntes de San Luis","robots":{"index":"index","follow":"follow","max-snippet":"max-snippet:-1","max-image-preview":"max-image-preview:large","max-video-preview":"max-video-preview:-1"},"canonical":"https:\/\/apuntesdesanluis.com\/index.php\/2023\/10\/10\/incendios-en-cordoba-el-fuego-ya-llego-a-las-casas-y-hay-personas-evacuadas\/","og_locale":"es_ES","og_type":"article","og_title":"INCENDIOS EN C\u00d3RDOBA: EL FUEGO YA LLEG\u00d3 A LAS CASAS Y HAY PERSONAS EVACUADAS - Apuntes de San Luis","og_description":"Nuevos focos de incendio se generaron en las \u00faltimas horas en diferentes localidades cordobesas y...","og_url":"https:\/\/apuntesdesanluis.com\/index.php\/2023\/10\/10\/incendios-en-cordoba-el-fuego-ya-llego-a-las-casas-y-hay-personas-evacuadas\/","og_site_name":"Apuntes de San Luis","article_published_time":"2023-10-11T02:22:05+00:00","og_image":[{"width":777,"height":470,"url":"https:\/\/apuntesdesanluis.com\/wp-content\/uploads\/2023\/10\/incendios-en-cordoba.png","type":"image\/png"}],"author":"apuntesdesanluis.com","twitter_card":"summary_large_image","twitter_misc":{"Escrito por":"apuntesdesanluis.com","Tiempo de lectura":"4 minutos"},"schema":{"@context":"https:\/\/schema.org","@graph":[{"@type":"Article","@id":"https:\/\/apuntesdesanluis.com\/index.php\/2023\/10\/10\/incendios-en-cordoba-el-fuego-ya-llego-a-las-casas-y-hay-personas-evacuadas\/#article","isPartOf":{"@id":"https:\/\/apuntesdesanluis.com\/index.php\/2023\/10\/10\/incendios-en-cordoba-el-fuego-ya-llego-a-las-casas-y-hay-personas-evacuadas\/"},"author":{"name":"apuntesdesanluis.com","@id":"https:\/\/apuntesdesanluis.com\/#\/schema\/person\/b55151d52296fcce64d1a72538a70b90"},"headline":"INCENDIOS EN C\u00d3RDOBA: EL FUEGO YA LLEG\u00d3 A LAS CASAS Y HAY PERSONAS EVACUADAS","datePublished":"2023-10-11T02:22:05+00:00","mainEntityOfPage":{"@id":"https:\/\/apuntesdesanluis.com\/index.php\/2023\/10\/10\/incendios-en-cordoba-el-fuego-ya-llego-a-las-casas-y-hay-personas-evacuadas\/"},"wordCount":735,"publisher":{"@id":"https:\/\/apuntesdesanluis.com\/#\/schema\/person\/b55151d52296fcce64d1a72538a70b90"},"image":{"@id":"https:\/\/apuntesdesanluis.com\/index.php\/2023\/10\/10\/incendios-en-cordoba-el-fuego-ya-llego-a-las-casas-y-hay-personas-evacuadas\/#primaryimage"},"thumbnailUrl":"https:\/\/apuntesdesanluis.com\/wp-content\/uploads\/2023\/10\/incendios-en-cordoba.png","articleSection":["Nacionales\/Internacionales"],"inLanguage":"es-AR"},{"@type":"WebPage","@id":"https:\/\/apuntesdesanluis.com\/index.php\/2023\/10\/10\/incendios-en-cordoba-el-fuego-ya-llego-a-las-casas-y-hay-personas-evacuadas\/","url":"https:\/\/apuntesdesanluis.com\/index.php\/2023\/10\/10\/incendios-en-cordoba-el-fuego-ya-llego-a-las-casas-y-hay-personas-evacuadas\/","name":"INCENDIOS EN C\u00d3RDOBA: EL FUEGO YA LLEG\u00d3 A LAS CASAS Y HAY PERSONAS EVACUADAS - Apuntes de San Luis","isPartOf":{"@id":"https:\/\/apuntesdesanluis.com\/#website"},"primaryImageOfPage":{"@id":"https:\/\/apuntesdesanluis.com\/index.php\/2023\/10\/10\/incendios-en-cordoba-el-fuego-ya-llego-a-las-casas-y-hay-personas-evacuadas\/#primaryimage"},"image":{"@id":"https:\/\/apuntesdesanluis.com\/index.php\/2023\/10\/10\/incendios-en-cordoba-el-fuego-ya-llego-a-las-casas-y-hay-personas-evacuadas\/#primaryimage"},"thumbnailUrl":"https:\/\/apuntesdesanluis.com\/wp-content\/uploads\/2023\/10\/incendios-en-cordoba.png","datePublished":"2023-10-11T02:22:05+00:00","breadcrumb":{"@id":"https:\/\/apuntesdesanluis.com\/index.php\/2023\/10\/10\/incendios-en-cordoba-el-fuego-ya-llego-a-las-casas-y-hay-personas-evacuadas\/#breadcrumb"},"inLanguage":"es-AR","potentialAction":[{"@type":"ReadAction","target":["https:\/\/apuntesdesanluis.com\/index.php\/2023\/10\/10\/incendios-en-cordoba-el-fuego-ya-llego-a-las-casas-y-hay-personas-evacuadas\/"]}]},{"@type":"ImageObject","inLanguage":"es-AR","@id":"https:\/\/apuntesdesanluis.com\/index.php\/2023\/10\/10\/incendios-en-cordoba-el-fuego-ya-llego-a-las-casas-y-hay-personas-evacuadas\/#primaryimage","url":"https:\/\/apuntesdesanluis.com\/wp-content\/uploads\/2023\/10\/incendios-en-cordoba.png","contentUrl":"https:\/\/apuntesdesanluis.com\/wp-content\/uploads\/2023\/10\/incendios-en-cordoba.png","width":777,"height":470},{"@type":"BreadcrumbList","@id":"https:\/\/apuntesdesanluis.com\/index.php\/2023\/10\/10\/incendios-en-cordoba-el-fuego-ya-llego-a-las-casas-y-hay-personas-evacuadas\/#breadcrumb","itemListElement":[{"@type":"ListItem","position":1,"name":"Inicio","item":"https:\/\/apuntesdesanluis.com\/"},{"@type":"ListItem","position":2,"name":"INCENDIOS EN C\u00d3RDOBA: EL FUEGO YA LLEG\u00d3 A LAS CASAS Y HAY PERSONAS EVACUADAS"}]},{"@type":"WebSite","@id":"https:\/\/apuntesdesanluis.com\/#website","url":"https:\/\/apuntesdesanluis.com\/","name":"Apuntes de San Luis","description":"","publisher":{"@id":"https:\/\/apuntesdesanluis.com\/#\/schema\/person\/b55151d52296fcce64d1a72538a70b90"},"potentialAction":[{"@type":"SearchAction","target":{"@type":"EntryPoint","urlTemplate":"https:\/\/apuntesdesanluis.com\/?s={search_term_string}"},"query-input":{"@type":"PropertyValueSpecification","valueRequired":true,"valueName":"search_term_string"}}],"inLanguage":"es-AR"},{"@type":["Person","Organization"],"@id":"https:\/\/apuntesdesanluis.com\/#\/schema\/person\/b55151d52296fcce64d1a72538a70b90","name":"apuntesdesanluis.com","image":{"@type":"ImageObject","inLanguage":"es-AR","@id":"https:\/\/apuntesdesanluis.com\/#\/schema\/person\/image\/","url":"https:\/\/apuntesdesanluis.com\/wp-content\/uploads\/2023\/07\/cropped-apuntesdesanluis.png","contentUrl":"https:\/\/apuntesdesanluis.com\/wp-content\/uploads\/2023\/07\/cropped-apuntesdesanluis.png","width":450,"height":112,"caption":"apuntesdesanluis.com"},"logo":{"@id":"https:\/\/apuntesdesanluis.com\/#\/schema\/person\/image\/"},"sameAs":["https:\/\/apuntesdesanluis.com"],"url":"https:\/\/apuntesdesanluis.com\/index.php\/author\/apuntesdesanluis-com\/"}]}},"featured_image_urls":{"full":["https:\/\/apuntesdesanluis.com\/wp-content\/uploads\/2023\/10\/incendios-en-cordoba.png",777,470,false],"thumbnail":["https:\/\/apuntesdesanluis.com\/wp-content\/uploads\/2023\/10\/incendios-en-cordoba-150x150.png",150,150,true],"medium":["https:\/\/apuntesdesanluis.com\/wp-content\/uploads\/2023\/10\/incendios-en-cordoba-300x181.png",300,181,true],"medium_large":["https:\/\/apuntesdesanluis.com\/wp-content\/uploads\/2023\/10\/incendios-en-cordoba-768x465.png",640,388,true],"large":["https:\/\/apuntesdesanluis.com\/wp-content\/uploads\/2023\/10\/incendios-en-cordoba.png",640,387,false],"1536x1536":["https:\/\/apuntesdesanluis.com\/wp-content\/uploads\/2023\/10\/incendios-en-cordoba.png",777,470,false],"2048x2048":["https:\/\/apuntesdesanluis.com\/wp-content\/uploads\/2023\/10\/incendios-en-cordoba.png",777,470,false],"newsever-slider-full":["https:\/\/apuntesdesanluis.com\/wp-content\/uploads\/2023\/10\/incendios-en-cordoba.png",777,470,false],"newsever-featured":["https:\/\/apuntesdesanluis.com\/wp-content\/uploads\/2023\/10\/incendios-en-cordoba.png",777,470,false],"newsever-medium":["https:\/\/apuntesdesanluis.com\/wp-content\/uploads\/2023\/10\/incendios-en-cordoba-720x470.png",720,470,true]},"author_info":{"display_name":"apuntesdesanluis.com","author_link":"https:\/\/apuntesdesanluis.com\/index.php\/author\/apuntesdesanluis-com\/"},"category_info":"<a href=\"https:\/\/apuntesdesanluis.com\/index.php\/category\/nacionales-internacionales\/\" rel=\"category tag\">Nacionales\/Internacionales<\/a>","tag_info":"Nacionales\/Internacionales","comment_count":"0","_links":{"self":[{"href":"https:\/\/apuntesdesanluis.com\/index.php\/wp-json\/wp\/v2\/posts\/4982","targetHints":{"allow":["GET"]}}],"collection":[{"href":"https:\/\/apuntesdesanluis.com\/index.php\/wp-json\/wp\/v2\/posts"}],"about":[{"href":"https:\/\/apuntesdesanluis.com\/index.php\/wp-json\/wp\/v2\/types\/post"}],"author":[{"embeddable":true,"href":"https:\/\/apuntesdesanluis.com\/index.php\/wp-json\/wp\/v2\/users\/1"}],"replies":[{"embeddable":true,"href":"https:\/\/apuntesdesanluis.com\/index.php\/wp-json\/wp\/v2\/comments?post=4982"}],"version-history":[{"count":1,"href":"https:\/\/apuntesdesanluis.com\/index.php\/wp-json\/wp\/v2\/posts\/4982\/revisions"}],"predecessor-version":[{"id":4984,"href":"https:\/\/apuntesdesanluis.com\/index.php\/wp-json\/wp\/v2\/posts\/4982\/revisions\/4984"}],"wp:featuredmedia":[{"embeddable":true,"href":"https:\/\/apuntesdesanluis.com\/index.php\/wp-json\/wp\/v2\/media\/4983"}],"wp:attachment":[{"href":"https:\/\/apuntesdesanluis.com\/index.php\/wp-json\/wp\/v2\/media?parent=4982"}],"wp:term":[{"taxonomy":"category","embeddable":true,"href":"https:\/\/apuntesdesanluis.com\/index.php\/wp-json\/wp\/v2\/categories?post=4982"},{"taxonomy":"post_tag","embeddable":true,"href":"https:\/\/apuntesdesanluis.com\/index.php\/wp-json\/wp\/v2\/tags?post=4982"}],"curies":[{"name":"wp","href":"https:\/\/api.w.org\/{rel}","templated":true}]}}