{"id":4997,"date":"2023-10-11T00:20:24","date_gmt":"2023-10-11T03:20:24","guid":{"rendered":"https:\/\/apuntesdesanluis.com\/?p=4997"},"modified":"2023-10-11T00:20:24","modified_gmt":"2023-10-11T03:20:24","slug":"diputados-aprobo-y-envio-al-senado-el-proyecto-de-ley-sobre-devolucion-del-iva","status":"publish","type":"post","link":"https:\/\/apuntesdesanluis.com\/index.php\/2023\/10\/11\/diputados-aprobo-y-envio-al-senado-el-proyecto-de-ley-sobre-devolucion-del-iva\/","title":{"rendered":"DIPUTADOS APROB\u00d3 Y ENVI\u00d3 AL SENADO EL PROYECTO DE LEY SOBRE DEVOLUCI\u00d3N DEL IVA"},"content":{"rendered":"<h3>La C\u00e1mara de Diputados aprob\u00f3 y envi\u00f3 al Senado el proyecto de ley que establece la devoluci\u00f3n del IVA para los productos de la canasta b\u00e1sica a sectores de menores ingresos en las compras realizadas con tarjetas, en una votaci\u00f3n en la que bloques provinciales, los libertarios y la izquierda acompa\u00f1aron al Frente de Todos.<\/h3>\n<h3>La iniciativa sum\u00f3 134 votos a favor y ninguno en contra, ya que el interbloque Juntos por el Cambio y otras bancadas minoritarias optaron por la abstenci\u00f3n por considerar que se trataba de una pol\u00edtica &#8220;inflacionaria&#8221;.<\/h3>\n<h3>El debate se extendi\u00f3 durante m\u00e1s de cuatro horas con m\u00e1s de 35 oradores que expusieron sus posicionamientos sobre el proyecto.<\/h3>\n<h3>En car\u00e1cter de miembro informante, el presidente de la comisi\u00f3n de Presupuesto y Hacienda, Carlos Heller (Frente de Todos), destac\u00f3 que &#8220;con la devoluci\u00f3n del IVA no hay raz\u00f3n para que los precios se muevan; una medida administrativa de la AFIP, que, por un lado, percibe el impuesto y, por el otro, se lo reintegra a los beneficiarios&#8221;.<\/h3>\n<h3>&#8220;Estamos convencidos de que este proyecto es superior a la idea de eximir del IVA a determinados productos, que adem\u00e1s de generar problemas en las distintas cadenas de producci\u00f3n y distribuci\u00f3n de bienes, no se termina muchas veces, en general, evidenciando en los precios de los productos, que no baja porque se elimine el IVA para esos productos&#8221;, agreg\u00f3 el legislador oficialista.<\/h3>\n<h3>Por \u00faltimo, Heller inst\u00f3 a la oposici\u00f3n a acompa\u00f1ar el proyecto: &#8220;Espero que tengamos un amplio acompa\u00f1amiento, que la oposici\u00f3n entienda los enormes beneficios que este proyecto tiene para la ciudadan\u00eda, y que nos acompa\u00f1en con un ampl\u00edsimo voto a favor de la propuesta&#8221;.<\/h3>\n<h3>Tras el discurso de Heller, el legislador de Evoluci\u00f3n Radical Alejandro Cacacce anticip\u00f3 la postura de Juntos por el Cambio (JXC): &#8220;Nosotros estamos de acuerdo que, en medio de una crisis econ\u00f3mica donde la pobreza es del 40%, se necesita recuperar recursos. Pero resulta que hay pobres que no son beneficiarios y hay beneficiarios que no son pobres&#8221;.<\/h3>\n<h3>&#8220;Adem\u00e1s, ayuda a la formalizaci\u00f3n de la econom\u00eda; y que si bien tiene un costo fiscal, va a tener un beneficio en la recaudaci\u00f3n de las provincias&#8221;, agreg\u00f3.<\/h3>\n<h3>En tanto, por el radicalismo tradicional, V\u00edctor Romero, dijo que plantean &#8220;que se haga hasta fin de a\u00f1o y no como este proyecto, que est\u00e1 definiendo una pol\u00edtica parcial y no integral para un gobierno que los argentinos van a votar en los pr\u00f3ximos d\u00edas&#8221;.<\/h3>\n<h3>&#8220;Por eso planteamos hacerlo hasta el 9 de diciembre, y lo hacemos pensando en incluir algunos sectores que no est\u00e1n incluidos, como los sectores informales, que compran y comen todos los d\u00edas como todos&#8221;, a\u00f1adi\u00f3 Romero.<\/h3>\n<h3>Graciela Cama\u00f1o, de Identidad Bonaerense-Interbloque Federal-, justific\u00f3 su acompa\u00f1amiento al proyecto: &#8220;El 60% de los pibes reciben sus alimentos del Estado, el 40,1% de la poblaci\u00f3n es pobre. El apoyo al acceso econ\u00f3mico y f\u00edsico a alimentos nutritivos son factores importantes para ayudar a promover la seguridad alimentaria&#8221;.<\/h3>\n<h3>Desde el PRO, Germana Figueroa Casas, argument\u00f3: &#8220;Lo que se vota hoy no es una devoluci\u00f3n de IVA, es un subsidio para algunos porque vale para cualquier cosa comprada dentro de comercios de alimentos y deja fuera a todos aquellos que no est\u00e1n bancarizados y son los que m\u00e1s lo necesitan&#8221;.<\/h3>\n<h3>Por la Izquierda, Alejandro Vilca, evalu\u00f3: &#8220;Este proyecto se da en un marco donde los trabajadores vienen perdiendo frente a la inflaci\u00f3n, disparada producto de la devaluaci\u00f3n pactada con el FMI, que se aprob\u00f3 por todos los bloques, nosotros sostuvimos que era inflacionario&#8221;.<\/h3>\n<h3>Por la Coalici\u00f3n C\u00edvica, Marcela Campagnoli, mostr\u00f3 las coincidencias con el resto de los diputados de JxC: &#8220;Nadie puede estar en desacuerdo con aliviar la pesada carga impositiva que soportan las familias argentinas, de hecho hemos presentado varios proyectos en relaci\u00f3n a la reducci\u00f3n de IVA, lo que no podemos es permitir que ese alivio se transforme en una pesadilla generando m\u00e1s inflaci\u00f3n, que es el peor de los impuesto&#8221;.<\/h3>\n<h3>En el cierre del debate, el presidente del bloque del Frente de Todos, Germ\u00e1n Mart\u00ednez, afirm\u00f3: &#8220;es un tema muy importante que algunos intentan mirarlo en sus impactos, en su importancia, sino en un conjunto de medidas que ha tomado nuestro ministro de Econom\u00eda; y creo que no se alcanza a ver la magnitud de lo que estamos tratando&#8221;.<\/h3>\n<h3>&#8220;A veces creo que somos tan injustos que ni siquiera vemos los alcances de determinadas decisiones, y ac\u00e1 estamos hablando de una medida que ha beneficiado a millones de argentinos, y eso hay que decirlo, reivindicarlo y ponerlo en valor, porque sino siempre nos escapamos por la tangente de cuestionar el gasto fiscal, de incluir m\u00e1s beneficiarios o que el 9 de diciembre se termina el gobierno&#8221;, concluy\u00f3.<\/h3>\n<h3><strong>EL PROYECTO<\/strong><\/h3>\n<h3>La iniciativa -que consta de nueve art\u00edculos- se\u00f1ala que la medida comenzar\u00e1 a regir a partir del 1 de enero de 2024, y tambi\u00e9n que se faculta a la autoridad de aplicaci\u00f3n a ampliar los beneficiarios alcanzados por la legislaci\u00f3n.<\/h3>\n<h3>En el art\u00edculo 1 se establece que los beneficiarios del reintegro del IVA ser\u00e1n quienes perciban jubilaciones, pensiones por fallecimiento y pensiones no contributivas, en un monto mensual que no exceda la suma de seis haberes m\u00ednimos garantizados, los beneficiarios de asignaciones universales por hijo para protecci\u00f3n social y las de embarazo para protecci\u00f3n social.<\/h3>\n<h3>Ser\u00e1n alcanzados por este beneficio trabajadores que presten servicios remunerados en relaci\u00f3n de dependencia en la actividad privada o p\u00fablica, siempre que el ingreso mensual no supere la suma equivalente a seis veces el Salario M\u00ednimo, Vital y M\u00f3vil (SMVM), los comprendidos dentro del R\u00e9gimen Especial de Contrato de Trabajo para el Personal de Casas Particulares y aportantes del R\u00e9gimen Simplificado para Peque\u00f1os Contribuyentes (RS) que se encuentren encuadradas y encuadrados en la Ley 24.977.<\/h3>\n<h3>El proyecto precisa tambi\u00e9n que &#8220;est\u00e1n alcanzadas por el beneficio de este Programa las compras de bienes en el marco de la Tarjeta Alimentar o de las tarjetas emitidas a beneficiarias y beneficiarios del Programa Nacional de Inclusi\u00f3n Socio-Productiva y Desarrollo Local-Potenciar Trabajo&#8221;.<\/h3>\n<h3>En el art\u00edculo 4 del proyecto se establece que &#8220;el reintegro mensual previsto en el presente Programa no podr\u00e1 superar el 21% del valor de la Canasta B\u00e1sica Alimentaria para un hogar tipo 2, vigente en cada mes&#8221;.<\/h3>\n<p>&nbsp;<\/p>\n<p>&nbsp;<\/p>\n<p>&nbsp;<\/p>\n","protected":false},"excerpt":{"rendered":"<p>La C\u00e1mara de Diputados aprob\u00f3 y envi\u00f3 al Senado el proyecto de ley que establece&#8230;<\/p>\n","protected":false},"author":1,"featured_media":4998,"comment_status":"closed","ping_status":"closed","sticky":false,"template":"","format":"standard","meta":{"footnotes":""},"categories":[5],"tags":[],"class_list":["post-4997","post","type-post","status-publish","format-standard","has-post-thumbnail","hentry","category-nacionales-internacionales"],"yoast_head":"<!-- This site is optimized with the Yoast SEO plugin v26.1.1 - https:\/\/yoast.com\/wordpress\/plugins\/seo\/ -->\n<title>DIPUTADOS APROB\u00d3 Y ENVI\u00d3 AL SENADO EL PROYECTO DE LEY SOBRE DEVOLUCI\u00d3N DEL IVA - Apuntes de San Luis<\/title>\n<meta name=\"robots\" content=\"index, follow, max-snippet:-1, max-image-preview:large, max-video-preview:-1\" \/>\n<link rel=\"canonical\" href=\"https:\/\/apuntesdesanluis.com\/index.php\/2023\/10\/11\/diputados-aprobo-y-envio-al-senado-el-proyecto-de-ley-sobre-devolucion-del-iva\/\" \/>\n<meta property=\"og:locale\" content=\"es_ES\" \/>\n<meta property=\"og:type\" content=\"article\" \/>\n<meta property=\"og:title\" content=\"DIPUTADOS APROB\u00d3 Y ENVI\u00d3 AL SENADO EL PROYECTO DE LEY SOBRE DEVOLUCI\u00d3N DEL IVA - Apuntes de San Luis\" \/>\n<meta property=\"og:description\" content=\"La C\u00e1mara de Diputados aprob\u00f3 y envi\u00f3 al Senado el proyecto de ley que establece...\" \/>\n<meta property=\"og:url\" content=\"https:\/\/apuntesdesanluis.com\/index.php\/2023\/10\/11\/diputados-aprobo-y-envio-al-senado-el-proyecto-de-ley-sobre-devolucion-del-iva\/\" \/>\n<meta property=\"og:site_name\" content=\"Apuntes de San Luis\" \/>\n<meta property=\"article:published_time\" content=\"2023-10-11T03:20:24+00:00\" \/>\n<meta property=\"og:image\" content=\"https:\/\/apuntesdesanluis.com\/wp-content\/uploads\/2023\/10\/diputados.png\" \/>\n\t<meta property=\"og:image:width\" content=\"723\" \/>\n\t<meta property=\"og:image:height\" content=\"422\" \/>\n\t<meta property=\"og:image:type\" content=\"image\/png\" \/>\n<meta name=\"author\" content=\"apuntesdesanluis.com\" \/>\n<meta name=\"twitter:card\" content=\"summary_large_image\" \/>\n<meta name=\"twitter:label1\" content=\"Escrito por\" \/>\n\t<meta name=\"twitter:data1\" content=\"apuntesdesanluis.com\" \/>\n\t<meta name=\"twitter:label2\" content=\"Tiempo de lectura\" \/>\n\t<meta name=\"twitter:data2\" content=\"5 minutos\" \/>\n<script type=\"application\/ld+json\" class=\"yoast-schema-graph\">{\"@context\":\"https:\/\/schema.org\",\"@graph\":[{\"@type\":\"Article\",\"@id\":\"https:\/\/apuntesdesanluis.com\/index.php\/2023\/10\/11\/diputados-aprobo-y-envio-al-senado-el-proyecto-de-ley-sobre-devolucion-del-iva\/#article\",\"isPartOf\":{\"@id\":\"https:\/\/apuntesdesanluis.com\/index.php\/2023\/10\/11\/diputados-aprobo-y-envio-al-senado-el-proyecto-de-ley-sobre-devolucion-del-iva\/\"},\"author\":{\"name\":\"apuntesdesanluis.com\",\"@id\":\"https:\/\/apuntesdesanluis.com\/#\/schema\/person\/b55151d52296fcce64d1a72538a70b90\"},\"headline\":\"DIPUTADOS APROB\u00d3 Y ENVI\u00d3 AL SENADO EL PROYECTO DE LEY SOBRE DEVOLUCI\u00d3N DEL IVA\",\"datePublished\":\"2023-10-11T03:20:24+00:00\",\"mainEntityOfPage\":{\"@id\":\"https:\/\/apuntesdesanluis.com\/index.php\/2023\/10\/11\/diputados-aprobo-y-envio-al-senado-el-proyecto-de-ley-sobre-devolucion-del-iva\/\"},\"wordCount\":1119,\"publisher\":{\"@id\":\"https:\/\/apuntesdesanluis.com\/#\/schema\/person\/b55151d52296fcce64d1a72538a70b90\"},\"image\":{\"@id\":\"https:\/\/apuntesdesanluis.com\/index.php\/2023\/10\/11\/diputados-aprobo-y-envio-al-senado-el-proyecto-de-ley-sobre-devolucion-del-iva\/#primaryimage\"},\"thumbnailUrl\":\"https:\/\/apuntesdesanluis.com\/wp-content\/uploads\/2023\/10\/diputados.png\",\"articleSection\":[\"Nacionales\/Internacionales\"],\"inLanguage\":\"es-AR\"},{\"@type\":\"WebPage\",\"@id\":\"https:\/\/apuntesdesanluis.com\/index.php\/2023\/10\/11\/diputados-aprobo-y-envio-al-senado-el-proyecto-de-ley-sobre-devolucion-del-iva\/\",\"url\":\"https:\/\/apuntesdesanluis.com\/index.php\/2023\/10\/11\/diputados-aprobo-y-envio-al-senado-el-proyecto-de-ley-sobre-devolucion-del-iva\/\",\"name\":\"DIPUTADOS APROB\u00d3 Y ENVI\u00d3 AL SENADO EL PROYECTO DE LEY SOBRE DEVOLUCI\u00d3N DEL IVA - Apuntes de San Luis\",\"isPartOf\":{\"@id\":\"https:\/\/apuntesdesanluis.com\/#website\"},\"primaryImageOfPage\":{\"@id\":\"https:\/\/apuntesdesanluis.com\/index.php\/2023\/10\/11\/diputados-aprobo-y-envio-al-senado-el-proyecto-de-ley-sobre-devolucion-del-iva\/#primaryimage\"},\"image\":{\"@id\":\"https:\/\/apuntesdesanluis.com\/index.php\/2023\/10\/11\/diputados-aprobo-y-envio-al-senado-el-proyecto-de-ley-sobre-devolucion-del-iva\/#primaryimage\"},\"thumbnailUrl\":\"https:\/\/apuntesdesanluis.com\/wp-content\/uploads\/2023\/10\/diputados.png\",\"datePublished\":\"2023-10-11T03:20:24+00:00\",\"breadcrumb\":{\"@id\":\"https:\/\/apuntesdesanluis.com\/index.php\/2023\/10\/11\/diputados-aprobo-y-envio-al-senado-el-proyecto-de-ley-sobre-devolucion-del-iva\/#breadcrumb\"},\"inLanguage\":\"es-AR\",\"potentialAction\":[{\"@type\":\"ReadAction\",\"target\":[\"https:\/\/apuntesdesanluis.com\/index.php\/2023\/10\/11\/diputados-aprobo-y-envio-al-senado-el-proyecto-de-ley-sobre-devolucion-del-iva\/\"]}]},{\"@type\":\"ImageObject\",\"inLanguage\":\"es-AR\",\"@id\":\"https:\/\/apuntesdesanluis.com\/index.php\/2023\/10\/11\/diputados-aprobo-y-envio-al-senado-el-proyecto-de-ley-sobre-devolucion-del-iva\/#primaryimage\",\"url\":\"https:\/\/apuntesdesanluis.com\/wp-content\/uploads\/2023\/10\/diputados.png\",\"contentUrl\":\"https:\/\/apuntesdesanluis.com\/wp-content\/uploads\/2023\/10\/diputados.png\",\"width\":723,\"height\":422},{\"@type\":\"BreadcrumbList\",\"@id\":\"https:\/\/apuntesdesanluis.com\/index.php\/2023\/10\/11\/diputados-aprobo-y-envio-al-senado-el-proyecto-de-ley-sobre-devolucion-del-iva\/#breadcrumb\",\"itemListElement\":[{\"@type\":\"ListItem\",\"position\":1,\"name\":\"Inicio\",\"item\":\"https:\/\/apuntesdesanluis.com\/\"},{\"@type\":\"ListItem\",\"position\":2,\"name\":\"DIPUTADOS APROB\u00d3 Y ENVI\u00d3 AL SENADO EL PROYECTO DE LEY SOBRE DEVOLUCI\u00d3N DEL IVA\"}]},{\"@type\":\"WebSite\",\"@id\":\"https:\/\/apuntesdesanluis.com\/#website\",\"url\":\"https:\/\/apuntesdesanluis.com\/\",\"name\":\"Apuntes de San Luis\",\"description\":\"\",\"publisher\":{\"@id\":\"https:\/\/apuntesdesanluis.com\/#\/schema\/person\/b55151d52296fcce64d1a72538a70b90\"},\"potentialAction\":[{\"@type\":\"SearchAction\",\"target\":{\"@type\":\"EntryPoint\",\"urlTemplate\":\"https:\/\/apuntesdesanluis.com\/?s={search_term_string}\"},\"query-input\":{\"@type\":\"PropertyValueSpecification\",\"valueRequired\":true,\"valueName\":\"search_term_string\"}}],\"inLanguage\":\"es-AR\"},{\"@type\":[\"Person\",\"Organization\"],\"@id\":\"https:\/\/apuntesdesanluis.com\/#\/schema\/person\/b55151d52296fcce64d1a72538a70b90\",\"name\":\"apuntesdesanluis.com\",\"image\":{\"@type\":\"ImageObject\",\"inLanguage\":\"es-AR\",\"@id\":\"https:\/\/apuntesdesanluis.com\/#\/schema\/person\/image\/\",\"url\":\"https:\/\/apuntesdesanluis.com\/wp-content\/uploads\/2023\/07\/cropped-apuntesdesanluis.png\",\"contentUrl\":\"https:\/\/apuntesdesanluis.com\/wp-content\/uploads\/2023\/07\/cropped-apuntesdesanluis.png\",\"width\":450,\"height\":112,\"caption\":\"apuntesdesanluis.com\"},\"logo\":{\"@id\":\"https:\/\/apuntesdesanluis.com\/#\/schema\/person\/image\/\"},\"sameAs\":[\"https:\/\/apuntesdesanluis.com\"],\"url\":\"https:\/\/apuntesdesanluis.com\/index.php\/author\/apuntesdesanluis-com\/\"}]}<\/script>\n<!-- \/ Yoast SEO plugin. -->","yoast_head_json":{"title":"DIPUTADOS APROB\u00d3 Y ENVI\u00d3 AL SENADO EL PROYECTO DE LEY SOBRE DEVOLUCI\u00d3N DEL IVA - Apuntes de San Luis","robots":{"index":"index","follow":"follow","max-snippet":"max-snippet:-1","max-image-preview":"max-image-preview:large","max-video-preview":"max-video-preview:-1"},"canonical":"https:\/\/apuntesdesanluis.com\/index.php\/2023\/10\/11\/diputados-aprobo-y-envio-al-senado-el-proyecto-de-ley-sobre-devolucion-del-iva\/","og_locale":"es_ES","og_type":"article","og_title":"DIPUTADOS APROB\u00d3 Y ENVI\u00d3 AL SENADO EL PROYECTO DE LEY SOBRE DEVOLUCI\u00d3N DEL IVA - Apuntes de San Luis","og_description":"La C\u00e1mara de Diputados aprob\u00f3 y envi\u00f3 al Senado el proyecto de ley que establece...","og_url":"https:\/\/apuntesdesanluis.com\/index.php\/2023\/10\/11\/diputados-aprobo-y-envio-al-senado-el-proyecto-de-ley-sobre-devolucion-del-iva\/","og_site_name":"Apuntes de San Luis","article_published_time":"2023-10-11T03:20:24+00:00","og_image":[{"width":723,"height":422,"url":"https:\/\/apuntesdesanluis.com\/wp-content\/uploads\/2023\/10\/diputados.png","type":"image\/png"}],"author":"apuntesdesanluis.com","twitter_card":"summary_large_image","twitter_misc":{"Escrito por":"apuntesdesanluis.com","Tiempo de lectura":"5 minutos"},"schema":{"@context":"https:\/\/schema.org","@graph":[{"@type":"Article","@id":"https:\/\/apuntesdesanluis.com\/index.php\/2023\/10\/11\/diputados-aprobo-y-envio-al-senado-el-proyecto-de-ley-sobre-devolucion-del-iva\/#article","isPartOf":{"@id":"https:\/\/apuntesdesanluis.com\/index.php\/2023\/10\/11\/diputados-aprobo-y-envio-al-senado-el-proyecto-de-ley-sobre-devolucion-del-iva\/"},"author":{"name":"apuntesdesanluis.com","@id":"https:\/\/apuntesdesanluis.com\/#\/schema\/person\/b55151d52296fcce64d1a72538a70b90"},"headline":"DIPUTADOS APROB\u00d3 Y ENVI\u00d3 AL SENADO EL PROYECTO DE LEY SOBRE DEVOLUCI\u00d3N DEL IVA","datePublished":"2023-10-11T03:20:24+00:00","mainEntityOfPage":{"@id":"https:\/\/apuntesdesanluis.com\/index.php\/2023\/10\/11\/diputados-aprobo-y-envio-al-senado-el-proyecto-de-ley-sobre-devolucion-del-iva\/"},"wordCount":1119,"publisher":{"@id":"https:\/\/apuntesdesanluis.com\/#\/schema\/person\/b55151d52296fcce64d1a72538a70b90"},"image":{"@id":"https:\/\/apuntesdesanluis.com\/index.php\/2023\/10\/11\/diputados-aprobo-y-envio-al-senado-el-proyecto-de-ley-sobre-devolucion-del-iva\/#primaryimage"},"thumbnailUrl":"https:\/\/apuntesdesanluis.com\/wp-content\/uploads\/2023\/10\/diputados.png","articleSection":["Nacionales\/Internacionales"],"inLanguage":"es-AR"},{"@type":"WebPage","@id":"https:\/\/apuntesdesanluis.com\/index.php\/2023\/10\/11\/diputados-aprobo-y-envio-al-senado-el-proyecto-de-ley-sobre-devolucion-del-iva\/","url":"https:\/\/apuntesdesanluis.com\/index.php\/2023\/10\/11\/diputados-aprobo-y-envio-al-senado-el-proyecto-de-ley-sobre-devolucion-del-iva\/","name":"DIPUTADOS APROB\u00d3 Y ENVI\u00d3 AL SENADO EL PROYECTO DE LEY SOBRE DEVOLUCI\u00d3N DEL IVA - Apuntes de San Luis","isPartOf":{"@id":"https:\/\/apuntesdesanluis.com\/#website"},"primaryImageOfPage":{"@id":"https:\/\/apuntesdesanluis.com\/index.php\/2023\/10\/11\/diputados-aprobo-y-envio-al-senado-el-proyecto-de-ley-sobre-devolucion-del-iva\/#primaryimage"},"image":{"@id":"https:\/\/apuntesdesanluis.com\/index.php\/2023\/10\/11\/diputados-aprobo-y-envio-al-senado-el-proyecto-de-ley-sobre-devolucion-del-iva\/#primaryimage"},"thumbnailUrl":"https:\/\/apuntesdesanluis.com\/wp-content\/uploads\/2023\/10\/diputados.png","datePublished":"2023-10-11T03:20:24+00:00","breadcrumb":{"@id":"https:\/\/apuntesdesanluis.com\/index.php\/2023\/10\/11\/diputados-aprobo-y-envio-al-senado-el-proyecto-de-ley-sobre-devolucion-del-iva\/#breadcrumb"},"inLanguage":"es-AR","potentialAction":[{"@type":"ReadAction","target":["https:\/\/apuntesdesanluis.com\/index.php\/2023\/10\/11\/diputados-aprobo-y-envio-al-senado-el-proyecto-de-ley-sobre-devolucion-del-iva\/"]}]},{"@type":"ImageObject","inLanguage":"es-AR","@id":"https:\/\/apuntesdesanluis.com\/index.php\/2023\/10\/11\/diputados-aprobo-y-envio-al-senado-el-proyecto-de-ley-sobre-devolucion-del-iva\/#primaryimage","url":"https:\/\/apuntesdesanluis.com\/wp-content\/uploads\/2023\/10\/diputados.png","contentUrl":"https:\/\/apuntesdesanluis.com\/wp-content\/uploads\/2023\/10\/diputados.png","width":723,"height":422},{"@type":"BreadcrumbList","@id":"https:\/\/apuntesdesanluis.com\/index.php\/2023\/10\/11\/diputados-aprobo-y-envio-al-senado-el-proyecto-de-ley-sobre-devolucion-del-iva\/#breadcrumb","itemListElement":[{"@type":"ListItem","position":1,"name":"Inicio","item":"https:\/\/apuntesdesanluis.com\/"},{"@type":"ListItem","position":2,"name":"DIPUTADOS APROB\u00d3 Y ENVI\u00d3 AL SENADO EL PROYECTO DE LEY SOBRE DEVOLUCI\u00d3N DEL IVA"}]},{"@type":"WebSite","@id":"https:\/\/apuntesdesanluis.com\/#website","url":"https:\/\/apuntesdesanluis.com\/","name":"Apuntes de San Luis","description":"","publisher":{"@id":"https:\/\/apuntesdesanluis.com\/#\/schema\/person\/b55151d52296fcce64d1a72538a70b90"},"potentialAction":[{"@type":"SearchAction","target":{"@type":"EntryPoint","urlTemplate":"https:\/\/apuntesdesanluis.com\/?s={search_term_string}"},"query-input":{"@type":"PropertyValueSpecification","valueRequired":true,"valueName":"search_term_string"}}],"inLanguage":"es-AR"},{"@type":["Person","Organization"],"@id":"https:\/\/apuntesdesanluis.com\/#\/schema\/person\/b55151d52296fcce64d1a72538a70b90","name":"apuntesdesanluis.com","image":{"@type":"ImageObject","inLanguage":"es-AR","@id":"https:\/\/apuntesdesanluis.com\/#\/schema\/person\/image\/","url":"https:\/\/apuntesdesanluis.com\/wp-content\/uploads\/2023\/07\/cropped-apuntesdesanluis.png","contentUrl":"https:\/\/apuntesdesanluis.com\/wp-content\/uploads\/2023\/07\/cropped-apuntesdesanluis.png","width":450,"height":112,"caption":"apuntesdesanluis.com"},"logo":{"@id":"https:\/\/apuntesdesanluis.com\/#\/schema\/person\/image\/"},"sameAs":["https:\/\/apuntesdesanluis.com"],"url":"https:\/\/apuntesdesanluis.com\/index.php\/author\/apuntesdesanluis-com\/"}]}},"featured_image_urls":{"full":["https:\/\/apuntesdesanluis.com\/wp-content\/uploads\/2023\/10\/diputados.png",723,422,false],"thumbnail":["https:\/\/apuntesdesanluis.com\/wp-content\/uploads\/2023\/10\/diputados-150x150.png",150,150,true],"medium":["https:\/\/apuntesdesanluis.com\/wp-content\/uploads\/2023\/10\/diputados-300x175.png",300,175,true],"medium_large":["https:\/\/apuntesdesanluis.com\/wp-content\/uploads\/2023\/10\/diputados.png",640,374,false],"large":["https:\/\/apuntesdesanluis.com\/wp-content\/uploads\/2023\/10\/diputados.png",640,374,false],"1536x1536":["https:\/\/apuntesdesanluis.com\/wp-content\/uploads\/2023\/10\/diputados.png",723,422,false],"2048x2048":["https:\/\/apuntesdesanluis.com\/wp-content\/uploads\/2023\/10\/diputados.png",723,422,false],"newsever-slider-full":["https:\/\/apuntesdesanluis.com\/wp-content\/uploads\/2023\/10\/diputados.png",723,422,false],"newsever-featured":["https:\/\/apuntesdesanluis.com\/wp-content\/uploads\/2023\/10\/diputados.png",723,422,false],"newsever-medium":["https:\/\/apuntesdesanluis.com\/wp-content\/uploads\/2023\/10\/diputados-720x422.png",720,422,true]},"author_info":{"display_name":"apuntesdesanluis.com","author_link":"https:\/\/apuntesdesanluis.com\/index.php\/author\/apuntesdesanluis-com\/"},"category_info":"<a href=\"https:\/\/apuntesdesanluis.com\/index.php\/category\/nacionales-internacionales\/\" rel=\"category tag\">Nacionales\/Internacionales<\/a>","tag_info":"Nacionales\/Internacionales","comment_count":"0","_links":{"self":[{"href":"https:\/\/apuntesdesanluis.com\/index.php\/wp-json\/wp\/v2\/posts\/4997","targetHints":{"allow":["GET"]}}],"collection":[{"href":"https:\/\/apuntesdesanluis.com\/index.php\/wp-json\/wp\/v2\/posts"}],"about":[{"href":"https:\/\/apuntesdesanluis.com\/index.php\/wp-json\/wp\/v2\/types\/post"}],"author":[{"embeddable":true,"href":"https:\/\/apuntesdesanluis.com\/index.php\/wp-json\/wp\/v2\/users\/1"}],"replies":[{"embeddable":true,"href":"https:\/\/apuntesdesanluis.com\/index.php\/wp-json\/wp\/v2\/comments?post=4997"}],"version-history":[{"count":1,"href":"https:\/\/apuntesdesanluis.com\/index.php\/wp-json\/wp\/v2\/posts\/4997\/revisions"}],"predecessor-version":[{"id":4999,"href":"https:\/\/apuntesdesanluis.com\/index.php\/wp-json\/wp\/v2\/posts\/4997\/revisions\/4999"}],"wp:featuredmedia":[{"embeddable":true,"href":"https:\/\/apuntesdesanluis.com\/index.php\/wp-json\/wp\/v2\/media\/4998"}],"wp:attachment":[{"href":"https:\/\/apuntesdesanluis.com\/index.php\/wp-json\/wp\/v2\/media?parent=4997"}],"wp:term":[{"taxonomy":"category","embeddable":true,"href":"https:\/\/apuntesdesanluis.com\/index.php\/wp-json\/wp\/v2\/categories?post=4997"},{"taxonomy":"post_tag","embeddable":true,"href":"https:\/\/apuntesdesanluis.com\/index.php\/wp-json\/wp\/v2\/tags?post=4997"}],"curies":[{"name":"wp","href":"https:\/\/api.w.org\/{rel}","templated":true}]}}