{"id":502,"date":"2023-07-26T21:46:23","date_gmt":"2023-07-27T00:46:23","guid":{"rendered":"https:\/\/apuntesdesanluis.com\/?p=502"},"modified":"2023-07-26T21:47:17","modified_gmt":"2023-07-27T00:47:17","slug":"aniversario-de-una-gesta-historica-que-no-reconocio-grietas","status":"publish","type":"post","link":"https:\/\/apuntesdesanluis.com\/index.php\/2023\/07\/26\/aniversario-de-una-gesta-historica-que-no-reconocio-grietas\/","title":{"rendered":"ANIVERSARIO DE UNA GESTA HIST\u00d3RICA QUE NO RECONOCI\u00d3 GRIETAS"},"content":{"rendered":"<h3><strong>Por<\/strong> <em>Eduardo Gast\u00f3n Mones Ruiz *<\/em><\/h3>\n<h3><strong>Hab\u00eda una vez\u2026<\/strong> un Pueblo valiente, seguro de su destino, decidido a aceptar los desaf\u00edos que las circunstancias presentaran para llevar adelante sus grandes causas y alcanzar sus nobles y justos objetivos. Geogr\u00e1ficamente est\u00e1 ubicado casi en el centro del pa\u00eds, en una provincia peque\u00f1a, con bajo n\u00famero de habitantes, en una ciudad joven y pujante de alrededor de 40.000 almas, en el Sur-Este de su territorio.<\/h3>\n<p><img fetchpriority=\"high\" decoding=\"async\" class=\"wp-image-505 aligncenter\" src=\"https:\/\/apuntesdesanluis.com\/wp-content\/uploads\/2023\/07\/eduardo-M.-ruiz-apuntes-300x215.png\" alt=\"\" width=\"558\" height=\"400\" srcset=\"https:\/\/apuntesdesanluis.com\/wp-content\/uploads\/2023\/07\/eduardo-M.-ruiz-apuntes-300x215.png 300w, https:\/\/apuntesdesanluis.com\/wp-content\/uploads\/2023\/07\/eduardo-M.-ruiz-apuntes.png 500w\" sizes=\"(max-width: 558px) 100vw, 558px\" \/><\/p>\n<h3>Este a\u00f1o (2023) se conmemora el medio siglo de una de ellas. Una de las m\u00e1s destacadas, quiz\u00e1 la m\u00e1s importante: su inconmovible lucha, nunca abandonada, de poseer Casas de Altos Estudios para sus hijos. En ella, participaron varias generaciones acompa\u00f1adas por el fuego y la ilusi\u00f3n, en una continuidad perseverante y empe\u00f1osa, con dirigentes comprometidos que, indudablemente, siempre supieron que el esfuerzo y a\u00fan el sacrificio lograr\u00edan el fin buscado.<\/h3>\n<h3>Tuve el honor de conocer a muchos de ellos, apreciar su arduo camino y aprender de su inclaudicable firmeza. Gente estupenda, al servicio incondicional de su Pueblo y sus sue\u00f1os m\u00e1s elevados. Me ense\u00f1aron que las grandes causas y objetivos, que concitan la voluntad de los pueblos, siempre se consiguen, se hacen realidad. Pueden demorar, sufrir permanentes obst\u00e1culos, tener frustraciones, enfrentar zozobras y altibajos pero, a pesar de las situaciones adversas, siempre se concretan. Son retos que conmueven y dejan en libertad las energ\u00edas m\u00e1s acentuadas y valiosas de una comunidad. A todos ellos, a los integrantes de la <em>Comisi\u00f3n \u201cPro Facultad\u201d<\/em>, a quienes los precedieron y continuaron, mi especial, sincero y permanente agradecimiento.<\/h3>\n<h3>En ese marco, empujados por la irresistible decisi\u00f3n de un Pueblo ejemplar, participamos o, mejor, pusimos nuestro peque\u00f1o granito de arena un conjunto de funcionarios de la \u00e9poca, alentados por la pasi\u00f3n contagiosa que provocan las grandes causas, que es imposible deso\u00edr. Y as\u00ed, todos los legisladores nacionales de la provincia, sin excepci\u00f3n, y el intendente municipal se constituyeron en el Ministerio de Educaci\u00f3n y Cultura de la Naci\u00f3n, atravesando el \u00faltimo round de tanto tiempo de lucha.<\/h3>\n<h3>Considero que es necesario establecer c\u00f3mo estaba integrada dicha representaci\u00f3n. Se congregaron los siete (7) legisladores nacionales y el intendente. En ese entonces, hab\u00eda tres (3) senadores y cuatro (4) diputados nacionales. Estimo indispensable mencionarlos y, adem\u00e1s, recordar su composici\u00f3n: tres (3) de San Luis capital (un senador y dos diputados); dos (2) del departamento Pedernera (un senador y un diputado); un (1) senador del departamento San Mart\u00edn; y un (1) diputado del departamento Ayacucho (que luego fuera reemplazado por otro del departamento Pedernera). Ellos eran, en el orden seguido: CAPITAL: Juan Gregorio VIVAS, Joaqu\u00edn TULA DURAN (MPP) y Luis \u00c1ngel CASAZZA (PJ); PEDERNERA: Oraldo Norvel BRITOS y Ruperto CARRERAS (PJ). SAN MART\u00cdN: Carlos FRANCO (PJ); y AYACUCHO: Jorge GLELLEL (PJ), que luego fuera reemplazado por otro: Juan Jaime CATEULA (PJ), tambi\u00e9n del departamento Pedernera. De los cuales queda vivo uno s\u00f3lo: Oraldo Norvel BRITOS (con 90 a\u00f1os de edad).<\/h3>\n<h3>En la reuni\u00f3n -el \u00faltimo round- nos recibi\u00f3 el subsecretario del \u00e1rea y, despu\u00e9s de un breve di\u00e1logo en el que se le impuso el objetivo de nuestra misi\u00f3n, nos observ\u00f3 -con una sonrisa de tolerante asentimiento- y nos dijo: \u201cEst\u00e1 concedido, pueden irse tranquilos, no hay problema\u201d.<\/h3>\n<h3>Ante esta afirmaci\u00f3n, tan satisfactoria y contundente, el (atrevido) intendente (de 28 a\u00f1os) pidi\u00f3 la palabra y manifest\u00f3:<\/h3>\n<h3>&#8211; \u201cSe\u00f1or, con todo respeto, \u00bfpuede ponernos esa resoluci\u00f3n por escrito y as\u00ed poder llevar un documento oficial para mostrar a mi Pueblo?\u201d.<\/h3>\n<h3>Enarcando una ceja, respondi\u00f3 con otra pregunta:<\/h3>\n<h3>&#8211; \u201c\u00bfUd. es escribano?\u201d.<\/h3>\n<h3>&#8211; \u201cS\u00ed se\u00f1or\u201d, fue la contestaci\u00f3n. Retomando la palabra, pronunci\u00f3 con \u00e9nfasis:<\/h3>\n<h3>&#8211; \u201cEntonces, h\u00e1gala Ud., yo la firmo\u201d.<\/h3>\n<h3>&#8211; \u201cCon todo gusto, \u00bfme presta una m\u00e1quina de escribir?\u201d.<\/h3>\n<h3>Levant\u00f3 la vista y dirigi\u00e9ndola hacia un rinc\u00f3n de su despacho, haciendo un adem\u00e1n indicativo, manifest\u00f3:<\/h3>\n<h3>&#8211; \u201cAh\u00ed la tiene\u201d. Y, una vez finalizada la redacci\u00f3n, la ley\u00f3 en breves instantes, casi como al pasar, sac\u00f3 su lapicera, la firm\u00f3 y sell\u00f3, expresando:<\/h3>\n<h3>&#8211; \u201cTome, ac\u00e1 la tiene, ll\u00e9vesela a su Pueblo\u201d.<\/h3>\n<h3>Le agradecimos profundamente -mir\u00e1ndonos con sonrisas subrepticias- y nos despedimos con animosos apretones de manos. No cab\u00eda la alegr\u00eda en nuestro cuerpo, quer\u00edamos saltar, gritar, cantar, pero mantuvimos la compostura\u2026(a duras penas).<\/h3>\n<h3>Regresamos a nuestra ciudad, con la sensaci\u00f3n del deber cumplido; donde fuimos recibidos con un afecto c\u00e1lido, expresivo, sentido y una alegr\u00eda que desbordaba el esp\u00edritu. <strong><em>El Pueblo estaba Feliz<\/em><\/strong>. <strong><em>Contento<\/em><\/strong>. <strong><em>Entusiasta<\/em><\/strong>. Una larga caravana nos acompa\u00f1\u00f3 hasta radio L.V.15 y el periodista <strong>Freddy Reine Zambrano<\/strong> ley\u00f3 el documento. Y miles de personas se juntaron y festejaron: el objetivo hab\u00eda sido alcanzado. El resultado: <strong>\u00a1QUE ELLOS, SOLAMENTE ELLOS, HAB\u00cdAN HECHO POSIBLE!<\/strong><\/h3>\n<h3>Y el 27 de enero de 1974, en el Sal\u00f3n Municipal de Cultura, fue inaugurado por el rector Mauricio L\u00f3pez y el intendente el primer ciclo lectivo de la <strong><em>Universidad Nacional de San Luis<\/em><\/strong>.<\/h3>\n<p><img decoding=\"async\" class=\"wp-image-503 aligncenter\" src=\"https:\/\/apuntesdesanluis.com\/wp-content\/uploads\/2023\/07\/comision-300x173.jpg\" alt=\"\" width=\"623\" height=\"359\" srcset=\"https:\/\/apuntesdesanluis.com\/wp-content\/uploads\/2023\/07\/comision-300x173.jpg 300w, https:\/\/apuntesdesanluis.com\/wp-content\/uploads\/2023\/07\/comision.jpg 488w\" sizes=\"(max-width: 623px) 100vw, 623px\" \/><\/p>\n<h4 style=\"text-align: center;\"><em>Al centro, el intendente Eduardo Mones Ruiz y el ex rector Mauricio L\u00f3pez.<\/em><\/h4>\n<h3>La ciudad en que ocurr\u00edan los acontecimientos narrados era la joven y pujante Villa Mercedes, nuestra amada ciudad. Y qui\u00e9n estas humildes l\u00edneas escribe su intendente<strong>\u2026 <\/strong><\/h3>\n<h3><strong>Y, color\u00edn colorado, este cuento se ha acabado<\/strong>.<\/h3>\n<h4><strong><em>* Ex intendente de Villa Mercedes.<\/em><\/strong><\/h4>\n<p>&nbsp;<\/p>\n","protected":false},"excerpt":{"rendered":"<p>Por Eduardo Gast\u00f3n Mones Ruiz * Hab\u00eda una vez\u2026 un Pueblo valiente, seguro de su&#8230;<\/p>\n","protected":false},"author":1,"featured_media":504,"comment_status":"closed","ping_status":"closed","sticky":false,"template":"","format":"standard","meta":{"footnotes":""},"categories":[9],"tags":[],"class_list":["post-502","post","type-post","status-publish","format-standard","has-post-thumbnail","hentry","category-opinion"],"yoast_head":"<!-- This site is optimized with the Yoast SEO plugin v26.1.1 - https:\/\/yoast.com\/wordpress\/plugins\/seo\/ -->\n<title>ANIVERSARIO DE UNA GESTA HIST\u00d3RICA QUE NO RECONOCI\u00d3 GRIETAS - Apuntes de San Luis<\/title>\n<meta name=\"robots\" content=\"index, follow, max-snippet:-1, max-image-preview:large, max-video-preview:-1\" \/>\n<link rel=\"canonical\" href=\"https:\/\/apuntesdesanluis.com\/index.php\/2023\/07\/26\/aniversario-de-una-gesta-historica-que-no-reconocio-grietas\/\" \/>\n<meta property=\"og:locale\" content=\"es_ES\" \/>\n<meta property=\"og:type\" content=\"article\" \/>\n<meta property=\"og:title\" content=\"ANIVERSARIO DE UNA GESTA HIST\u00d3RICA QUE NO RECONOCI\u00d3 GRIETAS - Apuntes de San Luis\" \/>\n<meta property=\"og:description\" content=\"Por Eduardo Gast\u00f3n Mones Ruiz * Hab\u00eda una vez\u2026 un Pueblo valiente, seguro de su...\" \/>\n<meta property=\"og:url\" content=\"https:\/\/apuntesdesanluis.com\/index.php\/2023\/07\/26\/aniversario-de-una-gesta-historica-que-no-reconocio-grietas\/\" \/>\n<meta property=\"og:site_name\" content=\"Apuntes de San Luis\" \/>\n<meta property=\"article:published_time\" content=\"2023-07-27T00:46:23+00:00\" \/>\n<meta property=\"article:modified_time\" content=\"2023-07-27T00:47:17+00:00\" \/>\n<meta property=\"og:image\" content=\"https:\/\/apuntesdesanluis.com\/wp-content\/uploads\/2023\/07\/joven-mones-ruiz.jpg\" \/>\n\t<meta property=\"og:image:width\" content=\"483\" \/>\n\t<meta property=\"og:image:height\" content=\"281\" \/>\n\t<meta property=\"og:image:type\" content=\"image\/jpeg\" \/>\n<meta name=\"author\" content=\"apuntesdesanluis.com\" \/>\n<meta name=\"twitter:card\" content=\"summary_large_image\" \/>\n<meta name=\"twitter:label1\" content=\"Escrito por\" \/>\n\t<meta name=\"twitter:data1\" content=\"apuntesdesanluis.com\" \/>\n\t<meta name=\"twitter:label2\" content=\"Tiempo de lectura\" \/>\n\t<meta name=\"twitter:data2\" content=\"5 minutos\" \/>\n<script type=\"application\/ld+json\" class=\"yoast-schema-graph\">{\"@context\":\"https:\/\/schema.org\",\"@graph\":[{\"@type\":\"Article\",\"@id\":\"https:\/\/apuntesdesanluis.com\/index.php\/2023\/07\/26\/aniversario-de-una-gesta-historica-que-no-reconocio-grietas\/#article\",\"isPartOf\":{\"@id\":\"https:\/\/apuntesdesanluis.com\/index.php\/2023\/07\/26\/aniversario-de-una-gesta-historica-que-no-reconocio-grietas\/\"},\"author\":{\"name\":\"apuntesdesanluis.com\",\"@id\":\"https:\/\/apuntesdesanluis.com\/#\/schema\/person\/b55151d52296fcce64d1a72538a70b90\"},\"headline\":\"ANIVERSARIO DE UNA GESTA HIST\u00d3RICA QUE NO RECONOCI\u00d3 GRIETAS\",\"datePublished\":\"2023-07-27T00:46:23+00:00\",\"dateModified\":\"2023-07-27T00:47:17+00:00\",\"mainEntityOfPage\":{\"@id\":\"https:\/\/apuntesdesanluis.com\/index.php\/2023\/07\/26\/aniversario-de-una-gesta-historica-que-no-reconocio-grietas\/\"},\"wordCount\":929,\"publisher\":{\"@id\":\"https:\/\/apuntesdesanluis.com\/#\/schema\/person\/b55151d52296fcce64d1a72538a70b90\"},\"image\":{\"@id\":\"https:\/\/apuntesdesanluis.com\/index.php\/2023\/07\/26\/aniversario-de-una-gesta-historica-que-no-reconocio-grietas\/#primaryimage\"},\"thumbnailUrl\":\"https:\/\/apuntesdesanluis.com\/wp-content\/uploads\/2023\/07\/joven-mones-ruiz.jpg\",\"articleSection\":[\"Opini\u00f3n\"],\"inLanguage\":\"es-AR\"},{\"@type\":\"WebPage\",\"@id\":\"https:\/\/apuntesdesanluis.com\/index.php\/2023\/07\/26\/aniversario-de-una-gesta-historica-que-no-reconocio-grietas\/\",\"url\":\"https:\/\/apuntesdesanluis.com\/index.php\/2023\/07\/26\/aniversario-de-una-gesta-historica-que-no-reconocio-grietas\/\",\"name\":\"ANIVERSARIO DE UNA GESTA HIST\u00d3RICA QUE NO RECONOCI\u00d3 GRIETAS - Apuntes de San Luis\",\"isPartOf\":{\"@id\":\"https:\/\/apuntesdesanluis.com\/#website\"},\"primaryImageOfPage\":{\"@id\":\"https:\/\/apuntesdesanluis.com\/index.php\/2023\/07\/26\/aniversario-de-una-gesta-historica-que-no-reconocio-grietas\/#primaryimage\"},\"image\":{\"@id\":\"https:\/\/apuntesdesanluis.com\/index.php\/2023\/07\/26\/aniversario-de-una-gesta-historica-que-no-reconocio-grietas\/#primaryimage\"},\"thumbnailUrl\":\"https:\/\/apuntesdesanluis.com\/wp-content\/uploads\/2023\/07\/joven-mones-ruiz.jpg\",\"datePublished\":\"2023-07-27T00:46:23+00:00\",\"dateModified\":\"2023-07-27T00:47:17+00:00\",\"breadcrumb\":{\"@id\":\"https:\/\/apuntesdesanluis.com\/index.php\/2023\/07\/26\/aniversario-de-una-gesta-historica-que-no-reconocio-grietas\/#breadcrumb\"},\"inLanguage\":\"es-AR\",\"potentialAction\":[{\"@type\":\"ReadAction\",\"target\":[\"https:\/\/apuntesdesanluis.com\/index.php\/2023\/07\/26\/aniversario-de-una-gesta-historica-que-no-reconocio-grietas\/\"]}]},{\"@type\":\"ImageObject\",\"inLanguage\":\"es-AR\",\"@id\":\"https:\/\/apuntesdesanluis.com\/index.php\/2023\/07\/26\/aniversario-de-una-gesta-historica-que-no-reconocio-grietas\/#primaryimage\",\"url\":\"https:\/\/apuntesdesanluis.com\/wp-content\/uploads\/2023\/07\/joven-mones-ruiz.jpg\",\"contentUrl\":\"https:\/\/apuntesdesanluis.com\/wp-content\/uploads\/2023\/07\/joven-mones-ruiz.jpg\",\"width\":483,\"height\":281},{\"@type\":\"BreadcrumbList\",\"@id\":\"https:\/\/apuntesdesanluis.com\/index.php\/2023\/07\/26\/aniversario-de-una-gesta-historica-que-no-reconocio-grietas\/#breadcrumb\",\"itemListElement\":[{\"@type\":\"ListItem\",\"position\":1,\"name\":\"Inicio\",\"item\":\"https:\/\/apuntesdesanluis.com\/\"},{\"@type\":\"ListItem\",\"position\":2,\"name\":\"ANIVERSARIO DE UNA GESTA HIST\u00d3RICA QUE NO RECONOCI\u00d3 GRIETAS\"}]},{\"@type\":\"WebSite\",\"@id\":\"https:\/\/apuntesdesanluis.com\/#website\",\"url\":\"https:\/\/apuntesdesanluis.com\/\",\"name\":\"Apuntes de San Luis\",\"description\":\"\",\"publisher\":{\"@id\":\"https:\/\/apuntesdesanluis.com\/#\/schema\/person\/b55151d52296fcce64d1a72538a70b90\"},\"potentialAction\":[{\"@type\":\"SearchAction\",\"target\":{\"@type\":\"EntryPoint\",\"urlTemplate\":\"https:\/\/apuntesdesanluis.com\/?s={search_term_string}\"},\"query-input\":{\"@type\":\"PropertyValueSpecification\",\"valueRequired\":true,\"valueName\":\"search_term_string\"}}],\"inLanguage\":\"es-AR\"},{\"@type\":[\"Person\",\"Organization\"],\"@id\":\"https:\/\/apuntesdesanluis.com\/#\/schema\/person\/b55151d52296fcce64d1a72538a70b90\",\"name\":\"apuntesdesanluis.com\",\"image\":{\"@type\":\"ImageObject\",\"inLanguage\":\"es-AR\",\"@id\":\"https:\/\/apuntesdesanluis.com\/#\/schema\/person\/image\/\",\"url\":\"https:\/\/apuntesdesanluis.com\/wp-content\/uploads\/2023\/07\/cropped-apuntesdesanluis.png\",\"contentUrl\":\"https:\/\/apuntesdesanluis.com\/wp-content\/uploads\/2023\/07\/cropped-apuntesdesanluis.png\",\"width\":450,\"height\":112,\"caption\":\"apuntesdesanluis.com\"},\"logo\":{\"@id\":\"https:\/\/apuntesdesanluis.com\/#\/schema\/person\/image\/\"},\"sameAs\":[\"https:\/\/apuntesdesanluis.com\"],\"url\":\"https:\/\/apuntesdesanluis.com\/index.php\/author\/apuntesdesanluis-com\/\"}]}<\/script>\n<!-- \/ Yoast SEO plugin. -->","yoast_head_json":{"title":"ANIVERSARIO DE UNA GESTA HIST\u00d3RICA QUE NO RECONOCI\u00d3 GRIETAS - Apuntes de San Luis","robots":{"index":"index","follow":"follow","max-snippet":"max-snippet:-1","max-image-preview":"max-image-preview:large","max-video-preview":"max-video-preview:-1"},"canonical":"https:\/\/apuntesdesanluis.com\/index.php\/2023\/07\/26\/aniversario-de-una-gesta-historica-que-no-reconocio-grietas\/","og_locale":"es_ES","og_type":"article","og_title":"ANIVERSARIO DE UNA GESTA HIST\u00d3RICA QUE NO RECONOCI\u00d3 GRIETAS - Apuntes de San Luis","og_description":"Por Eduardo Gast\u00f3n Mones Ruiz * Hab\u00eda una vez\u2026 un Pueblo valiente, seguro de su...","og_url":"https:\/\/apuntesdesanluis.com\/index.php\/2023\/07\/26\/aniversario-de-una-gesta-historica-que-no-reconocio-grietas\/","og_site_name":"Apuntes de San Luis","article_published_time":"2023-07-27T00:46:23+00:00","article_modified_time":"2023-07-27T00:47:17+00:00","og_image":[{"width":483,"height":281,"url":"https:\/\/apuntesdesanluis.com\/wp-content\/uploads\/2023\/07\/joven-mones-ruiz.jpg","type":"image\/jpeg"}],"author":"apuntesdesanluis.com","twitter_card":"summary_large_image","twitter_misc":{"Escrito por":"apuntesdesanluis.com","Tiempo de lectura":"5 minutos"},"schema":{"@context":"https:\/\/schema.org","@graph":[{"@type":"Article","@id":"https:\/\/apuntesdesanluis.com\/index.php\/2023\/07\/26\/aniversario-de-una-gesta-historica-que-no-reconocio-grietas\/#article","isPartOf":{"@id":"https:\/\/apuntesdesanluis.com\/index.php\/2023\/07\/26\/aniversario-de-una-gesta-historica-que-no-reconocio-grietas\/"},"author":{"name":"apuntesdesanluis.com","@id":"https:\/\/apuntesdesanluis.com\/#\/schema\/person\/b55151d52296fcce64d1a72538a70b90"},"headline":"ANIVERSARIO DE UNA GESTA HIST\u00d3RICA QUE NO RECONOCI\u00d3 GRIETAS","datePublished":"2023-07-27T00:46:23+00:00","dateModified":"2023-07-27T00:47:17+00:00","mainEntityOfPage":{"@id":"https:\/\/apuntesdesanluis.com\/index.php\/2023\/07\/26\/aniversario-de-una-gesta-historica-que-no-reconocio-grietas\/"},"wordCount":929,"publisher":{"@id":"https:\/\/apuntesdesanluis.com\/#\/schema\/person\/b55151d52296fcce64d1a72538a70b90"},"image":{"@id":"https:\/\/apuntesdesanluis.com\/index.php\/2023\/07\/26\/aniversario-de-una-gesta-historica-que-no-reconocio-grietas\/#primaryimage"},"thumbnailUrl":"https:\/\/apuntesdesanluis.com\/wp-content\/uploads\/2023\/07\/joven-mones-ruiz.jpg","articleSection":["Opini\u00f3n"],"inLanguage":"es-AR"},{"@type":"WebPage","@id":"https:\/\/apuntesdesanluis.com\/index.php\/2023\/07\/26\/aniversario-de-una-gesta-historica-que-no-reconocio-grietas\/","url":"https:\/\/apuntesdesanluis.com\/index.php\/2023\/07\/26\/aniversario-de-una-gesta-historica-que-no-reconocio-grietas\/","name":"ANIVERSARIO DE UNA GESTA HIST\u00d3RICA QUE NO RECONOCI\u00d3 GRIETAS - Apuntes de San Luis","isPartOf":{"@id":"https:\/\/apuntesdesanluis.com\/#website"},"primaryImageOfPage":{"@id":"https:\/\/apuntesdesanluis.com\/index.php\/2023\/07\/26\/aniversario-de-una-gesta-historica-que-no-reconocio-grietas\/#primaryimage"},"image":{"@id":"https:\/\/apuntesdesanluis.com\/index.php\/2023\/07\/26\/aniversario-de-una-gesta-historica-que-no-reconocio-grietas\/#primaryimage"},"thumbnailUrl":"https:\/\/apuntesdesanluis.com\/wp-content\/uploads\/2023\/07\/joven-mones-ruiz.jpg","datePublished":"2023-07-27T00:46:23+00:00","dateModified":"2023-07-27T00:47:17+00:00","breadcrumb":{"@id":"https:\/\/apuntesdesanluis.com\/index.php\/2023\/07\/26\/aniversario-de-una-gesta-historica-que-no-reconocio-grietas\/#breadcrumb"},"inLanguage":"es-AR","potentialAction":[{"@type":"ReadAction","target":["https:\/\/apuntesdesanluis.com\/index.php\/2023\/07\/26\/aniversario-de-una-gesta-historica-que-no-reconocio-grietas\/"]}]},{"@type":"ImageObject","inLanguage":"es-AR","@id":"https:\/\/apuntesdesanluis.com\/index.php\/2023\/07\/26\/aniversario-de-una-gesta-historica-que-no-reconocio-grietas\/#primaryimage","url":"https:\/\/apuntesdesanluis.com\/wp-content\/uploads\/2023\/07\/joven-mones-ruiz.jpg","contentUrl":"https:\/\/apuntesdesanluis.com\/wp-content\/uploads\/2023\/07\/joven-mones-ruiz.jpg","width":483,"height":281},{"@type":"BreadcrumbList","@id":"https:\/\/apuntesdesanluis.com\/index.php\/2023\/07\/26\/aniversario-de-una-gesta-historica-que-no-reconocio-grietas\/#breadcrumb","itemListElement":[{"@type":"ListItem","position":1,"name":"Inicio","item":"https:\/\/apuntesdesanluis.com\/"},{"@type":"ListItem","position":2,"name":"ANIVERSARIO DE UNA GESTA HIST\u00d3RICA QUE NO RECONOCI\u00d3 GRIETAS"}]},{"@type":"WebSite","@id":"https:\/\/apuntesdesanluis.com\/#website","url":"https:\/\/apuntesdesanluis.com\/","name":"Apuntes de San Luis","description":"","publisher":{"@id":"https:\/\/apuntesdesanluis.com\/#\/schema\/person\/b55151d52296fcce64d1a72538a70b90"},"potentialAction":[{"@type":"SearchAction","target":{"@type":"EntryPoint","urlTemplate":"https:\/\/apuntesdesanluis.com\/?s={search_term_string}"},"query-input":{"@type":"PropertyValueSpecification","valueRequired":true,"valueName":"search_term_string"}}],"inLanguage":"es-AR"},{"@type":["Person","Organization"],"@id":"https:\/\/apuntesdesanluis.com\/#\/schema\/person\/b55151d52296fcce64d1a72538a70b90","name":"apuntesdesanluis.com","image":{"@type":"ImageObject","inLanguage":"es-AR","@id":"https:\/\/apuntesdesanluis.com\/#\/schema\/person\/image\/","url":"https:\/\/apuntesdesanluis.com\/wp-content\/uploads\/2023\/07\/cropped-apuntesdesanluis.png","contentUrl":"https:\/\/apuntesdesanluis.com\/wp-content\/uploads\/2023\/07\/cropped-apuntesdesanluis.png","width":450,"height":112,"caption":"apuntesdesanluis.com"},"logo":{"@id":"https:\/\/apuntesdesanluis.com\/#\/schema\/person\/image\/"},"sameAs":["https:\/\/apuntesdesanluis.com"],"url":"https:\/\/apuntesdesanluis.com\/index.php\/author\/apuntesdesanluis-com\/"}]}},"featured_image_urls":{"full":["https:\/\/apuntesdesanluis.com\/wp-content\/uploads\/2023\/07\/joven-mones-ruiz.jpg",483,281,false],"thumbnail":["https:\/\/apuntesdesanluis.com\/wp-content\/uploads\/2023\/07\/joven-mones-ruiz-150x150.jpg",150,150,true],"medium":["https:\/\/apuntesdesanluis.com\/wp-content\/uploads\/2023\/07\/joven-mones-ruiz-300x175.jpg",300,175,true],"medium_large":["https:\/\/apuntesdesanluis.com\/wp-content\/uploads\/2023\/07\/joven-mones-ruiz.jpg",483,281,false],"large":["https:\/\/apuntesdesanluis.com\/wp-content\/uploads\/2023\/07\/joven-mones-ruiz.jpg",483,281,false],"1536x1536":["https:\/\/apuntesdesanluis.com\/wp-content\/uploads\/2023\/07\/joven-mones-ruiz.jpg",483,281,false],"2048x2048":["https:\/\/apuntesdesanluis.com\/wp-content\/uploads\/2023\/07\/joven-mones-ruiz.jpg",483,281,false],"newsever-slider-full":["https:\/\/apuntesdesanluis.com\/wp-content\/uploads\/2023\/07\/joven-mones-ruiz.jpg",483,281,false],"newsever-featured":["https:\/\/apuntesdesanluis.com\/wp-content\/uploads\/2023\/07\/joven-mones-ruiz.jpg",483,281,false],"newsever-medium":["https:\/\/apuntesdesanluis.com\/wp-content\/uploads\/2023\/07\/joven-mones-ruiz.jpg",483,281,false]},"author_info":{"display_name":"apuntesdesanluis.com","author_link":"https:\/\/apuntesdesanluis.com\/index.php\/author\/apuntesdesanluis-com\/"},"category_info":"<a href=\"https:\/\/apuntesdesanluis.com\/index.php\/category\/opinion\/\" rel=\"category tag\">Opini\u00f3n<\/a>","tag_info":"Opini\u00f3n","comment_count":"0","_links":{"self":[{"href":"https:\/\/apuntesdesanluis.com\/index.php\/wp-json\/wp\/v2\/posts\/502","targetHints":{"allow":["GET"]}}],"collection":[{"href":"https:\/\/apuntesdesanluis.com\/index.php\/wp-json\/wp\/v2\/posts"}],"about":[{"href":"https:\/\/apuntesdesanluis.com\/index.php\/wp-json\/wp\/v2\/types\/post"}],"author":[{"embeddable":true,"href":"https:\/\/apuntesdesanluis.com\/index.php\/wp-json\/wp\/v2\/users\/1"}],"replies":[{"embeddable":true,"href":"https:\/\/apuntesdesanluis.com\/index.php\/wp-json\/wp\/v2\/comments?post=502"}],"version-history":[{"count":2,"href":"https:\/\/apuntesdesanluis.com\/index.php\/wp-json\/wp\/v2\/posts\/502\/revisions"}],"predecessor-version":[{"id":507,"href":"https:\/\/apuntesdesanluis.com\/index.php\/wp-json\/wp\/v2\/posts\/502\/revisions\/507"}],"wp:featuredmedia":[{"embeddable":true,"href":"https:\/\/apuntesdesanluis.com\/index.php\/wp-json\/wp\/v2\/media\/504"}],"wp:attachment":[{"href":"https:\/\/apuntesdesanluis.com\/index.php\/wp-json\/wp\/v2\/media?parent=502"}],"wp:term":[{"taxonomy":"category","embeddable":true,"href":"https:\/\/apuntesdesanluis.com\/index.php\/wp-json\/wp\/v2\/categories?post=502"},{"taxonomy":"post_tag","embeddable":true,"href":"https:\/\/apuntesdesanluis.com\/index.php\/wp-json\/wp\/v2\/tags?post=502"}],"curies":[{"name":"wp","href":"https:\/\/api.w.org\/{rel}","templated":true}]}}