{"id":5040,"date":"2023-10-11T19:41:52","date_gmt":"2023-10-11T22:41:52","guid":{"rendered":"https:\/\/apuntesdesanluis.com\/?p=5040"},"modified":"2023-10-11T19:42:31","modified_gmt":"2023-10-11T22:42:31","slug":"milei-le-respondio-a-alberto-fernandez-esta-intentando-proscribir-a-la-fuerza-politica-mas-votada","status":"publish","type":"post","link":"https:\/\/apuntesdesanluis.com\/index.php\/2023\/10\/11\/milei-le-respondio-a-alberto-fernandez-esta-intentando-proscribir-a-la-fuerza-politica-mas-votada\/","title":{"rendered":"MILEI LE RESPONDI\u00d3 A ALBERTO FERN\u00c1NDEZ: \u201cEST\u00c1 INTENTANDO PROSCRIBIR A LA FUERZA POL\u00cdTICA M\u00c1S VOTADA\u201d"},"content":{"rendered":"<h3><strong>Javier Milei<\/strong> realiz\u00f3 una conferencia de prensa acompa\u00f1ado por<strong> Ramiro Marra<\/strong>, luego de que Alberto Fern\u00e1ndez los denunciara a ambos por intimidaci\u00f3n p\u00fablica, acus\u00e1ndolos por la corrida cambiara que gener\u00f3 la escalada del d\u00f3lar libre por encima de los mil pesos.<\/h3>\n<h3>El candidato a presidente de La Libertad Avanza comenz\u00f3 su exposici\u00f3n en muy duros t\u00e9rminos contra el kirchnerismo y lo acus\u00f3 de querer ocultar la realidad y proscribir a la fuerza libertaria que se impuso en las PASO de agosto.<\/h3>\n<h3>\u201cLuego de que el ministro (por Massa) dijera ayer que iban a meter presos a los supuestos culpables de la corrida cambiaria, se sum\u00f3 a esto declaraciones pidiendo abiertamente mi detenci\u00f3n para que no pueda asumir en caso de ganar las elecciones. Este encadenamiento de hechos indican claramente que el kirchnerismo est\u00e1 intentando ensuciar el proceso electoral o incluso proscribir a la fuerza m\u00e1s votada en las elecciones de agosto, porque saben que estamos a pocos puntos de ganar en las elecciones de octubre y terminar con su gobierno de delincuentes para siempre\u201d, expres\u00f3 el economista.<\/h3>\n<h3>Y agreg\u00f3: \u201cNo vamos a aceptar bajo ning\u00fan punto de vista que el Gobierno pretenda desligarse de la responsabilidad que tiene del descalabro econ\u00f3mico que est\u00e1n generando con las medidas que ellos mismos tomaron. \u00bfAcaso soy responsable del d\u00e9ficit fiscal, de la emisi\u00f3n monetaria, de la toma de deuda, de la esterilizaci\u00f3n con Leliqs, de cada una de las regulaciones que est\u00e1n destruyendo el sistema productivo, del cepo?\u201d.<\/h3>\n<h3>Este martes, Alberto Fern\u00e1ndez denunci\u00f3 penalmente a Milei y Marra por el delito de intimidaci\u00f3n p\u00fablica por haber dicho en una entrevista en radio Mitre que no hay que ahorrar en pesos. \u201cLa poblaci\u00f3n se atemoriz\u00f3 respecto de la real posibilidad de que nuestra moneda, el peso, no mantenga su valor y contin\u00fae siendo el signo monetario del pa\u00eds\u201d, sostiene el texto.<\/h3>\n<h3>El caso qued\u00f3 a cargo del juzgado federal 1 de Comodoro Py que tiene la jueza Mar\u00eda Servini. La presentaci\u00f3n la realiz\u00f3 el abogado Jos\u00e9 Manuel Ubeira, quien representa a la vicepresidenta de la Naci\u00f3n, Cristina Kirchner, en la causa en la que fue v\u00edctima de un intento de homicidio en septiembre del a\u00f1o pasado. Milei ya design\u00f3 como sus abogados a Francisco Oneto y Marroco.<\/h3>\n<h3>Acompa\u00f1ado tambi\u00e9n por su candidata a gobernadora en la provincia de Buenos Aires, Carolina P\u00edparo, y por quien integra la lista de su espacio a legisladores bonaerenses, Agust\u00edn Romo, que tambi\u00e9n est\u00e1 denunciado, el l\u00edder de La Libertad Avanza sostuvo que \u201clas declaraciones sobre la situaci\u00f3n econ\u00f3mica\u201d que hizo en los \u00faltimos d\u00edas \u201cson las mismas\u201d que viene \u201cdando desde siempre, en un pa\u00eds que le ha quitado trece ceros a la moneda, destruy\u00f3 cinco signos monetarios y tuvo dos hiperinflaciones sin guerra, por lo que esto no puede ser una novedad\u201d.<\/h3>\n<p><iframe title=\"MILEI LE RESPONDI\u00d3 A ALBERTO FERN\u00c1NDEZ: &quot;Si quieren detener a los culpables m\u00edrense al espejo&quot;\" width=\"640\" height=\"360\" src=\"https:\/\/www.youtube.com\/embed\/OsE4p8Y-mtg?feature=oembed\" frameborder=\"0\" allow=\"accelerometer; autoplay; clipboard-write; encrypted-media; gyroscope; picture-in-picture; web-share\" referrerpolicy=\"strict-origin-when-cross-origin\" allowfullscreen><\/iframe><\/p>\n<h3>\u201cNuestras declaraciones, lejos de ser imprudentes, son las \u00fanicas responsables pensando en el bienestar de los argentinos, \u00bfo acaso ustedes quieren que les mientan? \u00bfAcaso est\u00e1n a favor de esos economistas que les dicen \u2018no, por favor, sean responsables, qu\u00e9dense en pesos\u2019, mientras ellos ahorran en d\u00f3lares? Vamos, dejemos la hipocres\u00eda de lado\u201d, argument\u00f3 durante la conferencia, que se realiz\u00f3 en las oficinas de Bull Market, la empresa de Marra.<\/h3>\n<h3>En esta l\u00ednea, remarc\u00f3 que \u201csi el Gobierno quiere detener a los responsables de la corrida cambiaria, la corrida financiera y todo lo que quieran, lo que tienen que hacer es ir y mirarse al espejo, y si no f\u00edjense bien c\u00f3mo arrancaron esta gesti\u00f3n\u201d.<\/h3>\n<h3>\u00a0\u201cA ver si lo entienden de una vez: en los \u00faltimos 20 a\u00f1os, nos robaron 280 mil millones de d\u00f3lares con se\u00f1oreaje; este gobierno de delincuentes lleva robados 90 mil millones de d\u00f3lares y, si lo toman en el dato anual, estamos en 25 mil millones, \u00bfpor qu\u00e9 tenemos que entregarles a los pol\u00edticos 25 mil millones de d\u00f3lares por a\u00f1o?\u201d, exclam\u00f3.<\/h3>\n<h3>Sobre el final de su discurso, Milei remarc\u00f3 que, \u201cen un contexto de hiperinflaci\u00f3n como el que estamos viviendo, decirles a los argentinos que se queden en pesos es condenarlos a la m\u00e1s absoluta pobreza, es destruirles los ahorros\u201d y se\u00f1al\u00f3 que \u201csi les hubieran hecho caso a estos pol\u00edticos en el a\u00f1o 2001, con mil pesos hubieran tenido en ese momento mil d\u00f3lares y hoy, un peso\u201d.<\/h3>\n<h3>\u201cPara finalizar, quiero decirles a los argentinos que faltan pocos d\u00edas para que vayamos a las urnas. Tenemos una oportunidad hist\u00f3rica, no solo de terminar con 100 a\u00f1os de decadencia, sino tambi\u00e9n de sacarnos de encima a este gobierno de delincuentes que durante los \u00faltimos 20 a\u00f1os ha destruido a nuestro pa\u00eds. Estamos muy cerca de ganar en octubre, pero para eso necesitamos el apoyo de todos los argentinos de bien que quieren cambiar este modelo empobrecedor. Al presidente Alberto Fern\u00e1ndez, la vicepresidenta Cristina Kirchner y al presidente en funciones, el ministro de Econom\u00eda Sergio Massa, les decimos que hagan todas las denuncias que quieran, porque nada va a poder evitar la paliza que les vamos a dar dentro de unos d\u00edas en las urnas. Se acab\u00f3 la era de los corruptos en este pa\u00eds, el domingo 22 de octubre comienza una nueva Argentina\u201d, cerr\u00f3.<\/h3>\n","protected":false},"excerpt":{"rendered":"<p>Javier Milei realiz\u00f3 una conferencia de prensa acompa\u00f1ado por Ramiro Marra, luego de que Alberto&#8230;<\/p>\n","protected":false},"author":1,"featured_media":5042,"comment_status":"closed","ping_status":"closed","sticky":false,"template":"","format":"standard","meta":{"footnotes":""},"categories":[5],"tags":[],"class_list":["post-5040","post","type-post","status-publish","format-standard","has-post-thumbnail","hentry","category-nacionales-internacionales"],"yoast_head":"<!-- This site is optimized with the Yoast SEO plugin v26.1.1 - https:\/\/yoast.com\/wordpress\/plugins\/seo\/ -->\n<title>MILEI LE RESPONDI\u00d3 A ALBERTO FERN\u00c1NDEZ: \u201cEST\u00c1 INTENTANDO PROSCRIBIR A LA FUERZA POL\u00cdTICA M\u00c1S VOTADA\u201d - Apuntes de San Luis<\/title>\n<meta name=\"robots\" content=\"index, follow, max-snippet:-1, max-image-preview:large, max-video-preview:-1\" \/>\n<link rel=\"canonical\" href=\"https:\/\/apuntesdesanluis.com\/index.php\/2023\/10\/11\/milei-le-respondio-a-alberto-fernandez-esta-intentando-proscribir-a-la-fuerza-politica-mas-votada\/\" \/>\n<meta property=\"og:locale\" content=\"es_ES\" \/>\n<meta property=\"og:type\" content=\"article\" \/>\n<meta property=\"og:title\" content=\"MILEI LE RESPONDI\u00d3 A ALBERTO FERN\u00c1NDEZ: \u201cEST\u00c1 INTENTANDO PROSCRIBIR A LA FUERZA POL\u00cdTICA M\u00c1S VOTADA\u201d - Apuntes de San Luis\" \/>\n<meta property=\"og:description\" content=\"Javier Milei realiz\u00f3 una conferencia de prensa acompa\u00f1ado por Ramiro Marra, luego de que Alberto...\" \/>\n<meta property=\"og:url\" content=\"https:\/\/apuntesdesanluis.com\/index.php\/2023\/10\/11\/milei-le-respondio-a-alberto-fernandez-esta-intentando-proscribir-a-la-fuerza-politica-mas-votada\/\" \/>\n<meta property=\"og:site_name\" content=\"Apuntes de San Luis\" \/>\n<meta property=\"article:published_time\" content=\"2023-10-11T22:41:52+00:00\" \/>\n<meta property=\"article:modified_time\" content=\"2023-10-11T22:42:31+00:00\" \/>\n<meta property=\"og:image\" content=\"https:\/\/apuntesdesanluis.com\/wp-content\/uploads\/2023\/10\/milei-y-marra.png\" \/>\n\t<meta property=\"og:image:width\" content=\"727\" \/>\n\t<meta property=\"og:image:height\" content=\"442\" \/>\n\t<meta property=\"og:image:type\" content=\"image\/png\" \/>\n<meta name=\"author\" content=\"apuntesdesanluis.com\" \/>\n<meta name=\"twitter:card\" content=\"summary_large_image\" \/>\n<meta name=\"twitter:label1\" content=\"Escrito por\" \/>\n\t<meta name=\"twitter:data1\" content=\"apuntesdesanluis.com\" \/>\n\t<meta name=\"twitter:label2\" content=\"Tiempo de lectura\" \/>\n\t<meta name=\"twitter:data2\" content=\"4 minutos\" \/>\n<script type=\"application\/ld+json\" class=\"yoast-schema-graph\">{\"@context\":\"https:\/\/schema.org\",\"@graph\":[{\"@type\":\"Article\",\"@id\":\"https:\/\/apuntesdesanluis.com\/index.php\/2023\/10\/11\/milei-le-respondio-a-alberto-fernandez-esta-intentando-proscribir-a-la-fuerza-politica-mas-votada\/#article\",\"isPartOf\":{\"@id\":\"https:\/\/apuntesdesanluis.com\/index.php\/2023\/10\/11\/milei-le-respondio-a-alberto-fernandez-esta-intentando-proscribir-a-la-fuerza-politica-mas-votada\/\"},\"author\":{\"name\":\"apuntesdesanluis.com\",\"@id\":\"https:\/\/apuntesdesanluis.com\/#\/schema\/person\/b55151d52296fcce64d1a72538a70b90\"},\"headline\":\"MILEI LE RESPONDI\u00d3 A ALBERTO FERN\u00c1NDEZ: \u201cEST\u00c1 INTENTANDO PROSCRIBIR A LA FUERZA POL\u00cdTICA M\u00c1S VOTADA\u201d\",\"datePublished\":\"2023-10-11T22:41:52+00:00\",\"dateModified\":\"2023-10-11T22:42:31+00:00\",\"mainEntityOfPage\":{\"@id\":\"https:\/\/apuntesdesanluis.com\/index.php\/2023\/10\/11\/milei-le-respondio-a-alberto-fernandez-esta-intentando-proscribir-a-la-fuerza-politica-mas-votada\/\"},\"wordCount\":943,\"publisher\":{\"@id\":\"https:\/\/apuntesdesanluis.com\/#\/schema\/person\/b55151d52296fcce64d1a72538a70b90\"},\"image\":{\"@id\":\"https:\/\/apuntesdesanluis.com\/index.php\/2023\/10\/11\/milei-le-respondio-a-alberto-fernandez-esta-intentando-proscribir-a-la-fuerza-politica-mas-votada\/#primaryimage\"},\"thumbnailUrl\":\"https:\/\/apuntesdesanluis.com\/wp-content\/uploads\/2023\/10\/milei-y-marra.png\",\"articleSection\":[\"Nacionales\/Internacionales\"],\"inLanguage\":\"es-AR\"},{\"@type\":\"WebPage\",\"@id\":\"https:\/\/apuntesdesanluis.com\/index.php\/2023\/10\/11\/milei-le-respondio-a-alberto-fernandez-esta-intentando-proscribir-a-la-fuerza-politica-mas-votada\/\",\"url\":\"https:\/\/apuntesdesanluis.com\/index.php\/2023\/10\/11\/milei-le-respondio-a-alberto-fernandez-esta-intentando-proscribir-a-la-fuerza-politica-mas-votada\/\",\"name\":\"MILEI LE RESPONDI\u00d3 A ALBERTO FERN\u00c1NDEZ: \u201cEST\u00c1 INTENTANDO PROSCRIBIR A LA FUERZA POL\u00cdTICA M\u00c1S VOTADA\u201d - Apuntes de San Luis\",\"isPartOf\":{\"@id\":\"https:\/\/apuntesdesanluis.com\/#website\"},\"primaryImageOfPage\":{\"@id\":\"https:\/\/apuntesdesanluis.com\/index.php\/2023\/10\/11\/milei-le-respondio-a-alberto-fernandez-esta-intentando-proscribir-a-la-fuerza-politica-mas-votada\/#primaryimage\"},\"image\":{\"@id\":\"https:\/\/apuntesdesanluis.com\/index.php\/2023\/10\/11\/milei-le-respondio-a-alberto-fernandez-esta-intentando-proscribir-a-la-fuerza-politica-mas-votada\/#primaryimage\"},\"thumbnailUrl\":\"https:\/\/apuntesdesanluis.com\/wp-content\/uploads\/2023\/10\/milei-y-marra.png\",\"datePublished\":\"2023-10-11T22:41:52+00:00\",\"dateModified\":\"2023-10-11T22:42:31+00:00\",\"breadcrumb\":{\"@id\":\"https:\/\/apuntesdesanluis.com\/index.php\/2023\/10\/11\/milei-le-respondio-a-alberto-fernandez-esta-intentando-proscribir-a-la-fuerza-politica-mas-votada\/#breadcrumb\"},\"inLanguage\":\"es-AR\",\"potentialAction\":[{\"@type\":\"ReadAction\",\"target\":[\"https:\/\/apuntesdesanluis.com\/index.php\/2023\/10\/11\/milei-le-respondio-a-alberto-fernandez-esta-intentando-proscribir-a-la-fuerza-politica-mas-votada\/\"]}]},{\"@type\":\"ImageObject\",\"inLanguage\":\"es-AR\",\"@id\":\"https:\/\/apuntesdesanluis.com\/index.php\/2023\/10\/11\/milei-le-respondio-a-alberto-fernandez-esta-intentando-proscribir-a-la-fuerza-politica-mas-votada\/#primaryimage\",\"url\":\"https:\/\/apuntesdesanluis.com\/wp-content\/uploads\/2023\/10\/milei-y-marra.png\",\"contentUrl\":\"https:\/\/apuntesdesanluis.com\/wp-content\/uploads\/2023\/10\/milei-y-marra.png\",\"width\":727,\"height\":442},{\"@type\":\"BreadcrumbList\",\"@id\":\"https:\/\/apuntesdesanluis.com\/index.php\/2023\/10\/11\/milei-le-respondio-a-alberto-fernandez-esta-intentando-proscribir-a-la-fuerza-politica-mas-votada\/#breadcrumb\",\"itemListElement\":[{\"@type\":\"ListItem\",\"position\":1,\"name\":\"Inicio\",\"item\":\"https:\/\/apuntesdesanluis.com\/\"},{\"@type\":\"ListItem\",\"position\":2,\"name\":\"MILEI LE RESPONDI\u00d3 A ALBERTO FERN\u00c1NDEZ: \u201cEST\u00c1 INTENTANDO PROSCRIBIR A LA FUERZA POL\u00cdTICA M\u00c1S VOTADA\u201d\"}]},{\"@type\":\"WebSite\",\"@id\":\"https:\/\/apuntesdesanluis.com\/#website\",\"url\":\"https:\/\/apuntesdesanluis.com\/\",\"name\":\"Apuntes de San Luis\",\"description\":\"\",\"publisher\":{\"@id\":\"https:\/\/apuntesdesanluis.com\/#\/schema\/person\/b55151d52296fcce64d1a72538a70b90\"},\"potentialAction\":[{\"@type\":\"SearchAction\",\"target\":{\"@type\":\"EntryPoint\",\"urlTemplate\":\"https:\/\/apuntesdesanluis.com\/?s={search_term_string}\"},\"query-input\":{\"@type\":\"PropertyValueSpecification\",\"valueRequired\":true,\"valueName\":\"search_term_string\"}}],\"inLanguage\":\"es-AR\"},{\"@type\":[\"Person\",\"Organization\"],\"@id\":\"https:\/\/apuntesdesanluis.com\/#\/schema\/person\/b55151d52296fcce64d1a72538a70b90\",\"name\":\"apuntesdesanluis.com\",\"image\":{\"@type\":\"ImageObject\",\"inLanguage\":\"es-AR\",\"@id\":\"https:\/\/apuntesdesanluis.com\/#\/schema\/person\/image\/\",\"url\":\"https:\/\/apuntesdesanluis.com\/wp-content\/uploads\/2023\/07\/cropped-apuntesdesanluis.png\",\"contentUrl\":\"https:\/\/apuntesdesanluis.com\/wp-content\/uploads\/2023\/07\/cropped-apuntesdesanluis.png\",\"width\":450,\"height\":112,\"caption\":\"apuntesdesanluis.com\"},\"logo\":{\"@id\":\"https:\/\/apuntesdesanluis.com\/#\/schema\/person\/image\/\"},\"sameAs\":[\"https:\/\/apuntesdesanluis.com\"],\"url\":\"https:\/\/apuntesdesanluis.com\/index.php\/author\/apuntesdesanluis-com\/\"}]}<\/script>\n<!-- \/ Yoast SEO plugin. -->","yoast_head_json":{"title":"MILEI LE RESPONDI\u00d3 A ALBERTO FERN\u00c1NDEZ: \u201cEST\u00c1 INTENTANDO PROSCRIBIR A LA FUERZA POL\u00cdTICA M\u00c1S VOTADA\u201d - Apuntes de San Luis","robots":{"index":"index","follow":"follow","max-snippet":"max-snippet:-1","max-image-preview":"max-image-preview:large","max-video-preview":"max-video-preview:-1"},"canonical":"https:\/\/apuntesdesanluis.com\/index.php\/2023\/10\/11\/milei-le-respondio-a-alberto-fernandez-esta-intentando-proscribir-a-la-fuerza-politica-mas-votada\/","og_locale":"es_ES","og_type":"article","og_title":"MILEI LE RESPONDI\u00d3 A ALBERTO FERN\u00c1NDEZ: \u201cEST\u00c1 INTENTANDO PROSCRIBIR A LA FUERZA POL\u00cdTICA M\u00c1S VOTADA\u201d - Apuntes de San Luis","og_description":"Javier Milei realiz\u00f3 una conferencia de prensa acompa\u00f1ado por Ramiro Marra, luego de que Alberto...","og_url":"https:\/\/apuntesdesanluis.com\/index.php\/2023\/10\/11\/milei-le-respondio-a-alberto-fernandez-esta-intentando-proscribir-a-la-fuerza-politica-mas-votada\/","og_site_name":"Apuntes de San Luis","article_published_time":"2023-10-11T22:41:52+00:00","article_modified_time":"2023-10-11T22:42:31+00:00","og_image":[{"width":727,"height":442,"url":"https:\/\/apuntesdesanluis.com\/wp-content\/uploads\/2023\/10\/milei-y-marra.png","type":"image\/png"}],"author":"apuntesdesanluis.com","twitter_card":"summary_large_image","twitter_misc":{"Escrito por":"apuntesdesanluis.com","Tiempo de lectura":"4 minutos"},"schema":{"@context":"https:\/\/schema.org","@graph":[{"@type":"Article","@id":"https:\/\/apuntesdesanluis.com\/index.php\/2023\/10\/11\/milei-le-respondio-a-alberto-fernandez-esta-intentando-proscribir-a-la-fuerza-politica-mas-votada\/#article","isPartOf":{"@id":"https:\/\/apuntesdesanluis.com\/index.php\/2023\/10\/11\/milei-le-respondio-a-alberto-fernandez-esta-intentando-proscribir-a-la-fuerza-politica-mas-votada\/"},"author":{"name":"apuntesdesanluis.com","@id":"https:\/\/apuntesdesanluis.com\/#\/schema\/person\/b55151d52296fcce64d1a72538a70b90"},"headline":"MILEI LE RESPONDI\u00d3 A ALBERTO FERN\u00c1NDEZ: \u201cEST\u00c1 INTENTANDO PROSCRIBIR A LA FUERZA POL\u00cdTICA M\u00c1S VOTADA\u201d","datePublished":"2023-10-11T22:41:52+00:00","dateModified":"2023-10-11T22:42:31+00:00","mainEntityOfPage":{"@id":"https:\/\/apuntesdesanluis.com\/index.php\/2023\/10\/11\/milei-le-respondio-a-alberto-fernandez-esta-intentando-proscribir-a-la-fuerza-politica-mas-votada\/"},"wordCount":943,"publisher":{"@id":"https:\/\/apuntesdesanluis.com\/#\/schema\/person\/b55151d52296fcce64d1a72538a70b90"},"image":{"@id":"https:\/\/apuntesdesanluis.com\/index.php\/2023\/10\/11\/milei-le-respondio-a-alberto-fernandez-esta-intentando-proscribir-a-la-fuerza-politica-mas-votada\/#primaryimage"},"thumbnailUrl":"https:\/\/apuntesdesanluis.com\/wp-content\/uploads\/2023\/10\/milei-y-marra.png","articleSection":["Nacionales\/Internacionales"],"inLanguage":"es-AR"},{"@type":"WebPage","@id":"https:\/\/apuntesdesanluis.com\/index.php\/2023\/10\/11\/milei-le-respondio-a-alberto-fernandez-esta-intentando-proscribir-a-la-fuerza-politica-mas-votada\/","url":"https:\/\/apuntesdesanluis.com\/index.php\/2023\/10\/11\/milei-le-respondio-a-alberto-fernandez-esta-intentando-proscribir-a-la-fuerza-politica-mas-votada\/","name":"MILEI LE RESPONDI\u00d3 A ALBERTO FERN\u00c1NDEZ: \u201cEST\u00c1 INTENTANDO PROSCRIBIR A LA FUERZA POL\u00cdTICA M\u00c1S VOTADA\u201d - Apuntes de San Luis","isPartOf":{"@id":"https:\/\/apuntesdesanluis.com\/#website"},"primaryImageOfPage":{"@id":"https:\/\/apuntesdesanluis.com\/index.php\/2023\/10\/11\/milei-le-respondio-a-alberto-fernandez-esta-intentando-proscribir-a-la-fuerza-politica-mas-votada\/#primaryimage"},"image":{"@id":"https:\/\/apuntesdesanluis.com\/index.php\/2023\/10\/11\/milei-le-respondio-a-alberto-fernandez-esta-intentando-proscribir-a-la-fuerza-politica-mas-votada\/#primaryimage"},"thumbnailUrl":"https:\/\/apuntesdesanluis.com\/wp-content\/uploads\/2023\/10\/milei-y-marra.png","datePublished":"2023-10-11T22:41:52+00:00","dateModified":"2023-10-11T22:42:31+00:00","breadcrumb":{"@id":"https:\/\/apuntesdesanluis.com\/index.php\/2023\/10\/11\/milei-le-respondio-a-alberto-fernandez-esta-intentando-proscribir-a-la-fuerza-politica-mas-votada\/#breadcrumb"},"inLanguage":"es-AR","potentialAction":[{"@type":"ReadAction","target":["https:\/\/apuntesdesanluis.com\/index.php\/2023\/10\/11\/milei-le-respondio-a-alberto-fernandez-esta-intentando-proscribir-a-la-fuerza-politica-mas-votada\/"]}]},{"@type":"ImageObject","inLanguage":"es-AR","@id":"https:\/\/apuntesdesanluis.com\/index.php\/2023\/10\/11\/milei-le-respondio-a-alberto-fernandez-esta-intentando-proscribir-a-la-fuerza-politica-mas-votada\/#primaryimage","url":"https:\/\/apuntesdesanluis.com\/wp-content\/uploads\/2023\/10\/milei-y-marra.png","contentUrl":"https:\/\/apuntesdesanluis.com\/wp-content\/uploads\/2023\/10\/milei-y-marra.png","width":727,"height":442},{"@type":"BreadcrumbList","@id":"https:\/\/apuntesdesanluis.com\/index.php\/2023\/10\/11\/milei-le-respondio-a-alberto-fernandez-esta-intentando-proscribir-a-la-fuerza-politica-mas-votada\/#breadcrumb","itemListElement":[{"@type":"ListItem","position":1,"name":"Inicio","item":"https:\/\/apuntesdesanluis.com\/"},{"@type":"ListItem","position":2,"name":"MILEI LE RESPONDI\u00d3 A ALBERTO FERN\u00c1NDEZ: \u201cEST\u00c1 INTENTANDO PROSCRIBIR A LA FUERZA POL\u00cdTICA M\u00c1S VOTADA\u201d"}]},{"@type":"WebSite","@id":"https:\/\/apuntesdesanluis.com\/#website","url":"https:\/\/apuntesdesanluis.com\/","name":"Apuntes de San Luis","description":"","publisher":{"@id":"https:\/\/apuntesdesanluis.com\/#\/schema\/person\/b55151d52296fcce64d1a72538a70b90"},"potentialAction":[{"@type":"SearchAction","target":{"@type":"EntryPoint","urlTemplate":"https:\/\/apuntesdesanluis.com\/?s={search_term_string}"},"query-input":{"@type":"PropertyValueSpecification","valueRequired":true,"valueName":"search_term_string"}}],"inLanguage":"es-AR"},{"@type":["Person","Organization"],"@id":"https:\/\/apuntesdesanluis.com\/#\/schema\/person\/b55151d52296fcce64d1a72538a70b90","name":"apuntesdesanluis.com","image":{"@type":"ImageObject","inLanguage":"es-AR","@id":"https:\/\/apuntesdesanluis.com\/#\/schema\/person\/image\/","url":"https:\/\/apuntesdesanluis.com\/wp-content\/uploads\/2023\/07\/cropped-apuntesdesanluis.png","contentUrl":"https:\/\/apuntesdesanluis.com\/wp-content\/uploads\/2023\/07\/cropped-apuntesdesanluis.png","width":450,"height":112,"caption":"apuntesdesanluis.com"},"logo":{"@id":"https:\/\/apuntesdesanluis.com\/#\/schema\/person\/image\/"},"sameAs":["https:\/\/apuntesdesanluis.com"],"url":"https:\/\/apuntesdesanluis.com\/index.php\/author\/apuntesdesanluis-com\/"}]}},"featured_image_urls":{"full":["https:\/\/apuntesdesanluis.com\/wp-content\/uploads\/2023\/10\/milei-y-marra.png",727,442,false],"thumbnail":["https:\/\/apuntesdesanluis.com\/wp-content\/uploads\/2023\/10\/milei-y-marra-150x150.png",150,150,true],"medium":["https:\/\/apuntesdesanluis.com\/wp-content\/uploads\/2023\/10\/milei-y-marra-300x182.png",300,182,true],"medium_large":["https:\/\/apuntesdesanluis.com\/wp-content\/uploads\/2023\/10\/milei-y-marra.png",640,389,false],"large":["https:\/\/apuntesdesanluis.com\/wp-content\/uploads\/2023\/10\/milei-y-marra.png",640,389,false],"1536x1536":["https:\/\/apuntesdesanluis.com\/wp-content\/uploads\/2023\/10\/milei-y-marra.png",727,442,false],"2048x2048":["https:\/\/apuntesdesanluis.com\/wp-content\/uploads\/2023\/10\/milei-y-marra.png",727,442,false],"newsever-slider-full":["https:\/\/apuntesdesanluis.com\/wp-content\/uploads\/2023\/10\/milei-y-marra.png",727,442,false],"newsever-featured":["https:\/\/apuntesdesanluis.com\/wp-content\/uploads\/2023\/10\/milei-y-marra.png",727,442,false],"newsever-medium":["https:\/\/apuntesdesanluis.com\/wp-content\/uploads\/2023\/10\/milei-y-marra-720x442.png",720,442,true]},"author_info":{"display_name":"apuntesdesanluis.com","author_link":"https:\/\/apuntesdesanluis.com\/index.php\/author\/apuntesdesanluis-com\/"},"category_info":"<a href=\"https:\/\/apuntesdesanluis.com\/index.php\/category\/nacionales-internacionales\/\" rel=\"category tag\">Nacionales\/Internacionales<\/a>","tag_info":"Nacionales\/Internacionales","comment_count":"0","_links":{"self":[{"href":"https:\/\/apuntesdesanluis.com\/index.php\/wp-json\/wp\/v2\/posts\/5040","targetHints":{"allow":["GET"]}}],"collection":[{"href":"https:\/\/apuntesdesanluis.com\/index.php\/wp-json\/wp\/v2\/posts"}],"about":[{"href":"https:\/\/apuntesdesanluis.com\/index.php\/wp-json\/wp\/v2\/types\/post"}],"author":[{"embeddable":true,"href":"https:\/\/apuntesdesanluis.com\/index.php\/wp-json\/wp\/v2\/users\/1"}],"replies":[{"embeddable":true,"href":"https:\/\/apuntesdesanluis.com\/index.php\/wp-json\/wp\/v2\/comments?post=5040"}],"version-history":[{"count":1,"href":"https:\/\/apuntesdesanluis.com\/index.php\/wp-json\/wp\/v2\/posts\/5040\/revisions"}],"predecessor-version":[{"id":5041,"href":"https:\/\/apuntesdesanluis.com\/index.php\/wp-json\/wp\/v2\/posts\/5040\/revisions\/5041"}],"wp:featuredmedia":[{"embeddable":true,"href":"https:\/\/apuntesdesanluis.com\/index.php\/wp-json\/wp\/v2\/media\/5042"}],"wp:attachment":[{"href":"https:\/\/apuntesdesanluis.com\/index.php\/wp-json\/wp\/v2\/media?parent=5040"}],"wp:term":[{"taxonomy":"category","embeddable":true,"href":"https:\/\/apuntesdesanluis.com\/index.php\/wp-json\/wp\/v2\/categories?post=5040"},{"taxonomy":"post_tag","embeddable":true,"href":"https:\/\/apuntesdesanluis.com\/index.php\/wp-json\/wp\/v2\/tags?post=5040"}],"curies":[{"name":"wp","href":"https:\/\/api.w.org\/{rel}","templated":true}]}}