{"id":5057,"date":"2023-10-11T20:11:33","date_gmt":"2023-10-11T23:11:33","guid":{"rendered":"https:\/\/apuntesdesanluis.com\/?p=5057"},"modified":"2023-10-11T20:13:43","modified_gmt":"2023-10-11T23:13:43","slug":"el-gobernador-recibio-al-secretario-general-de-la-fundacion-river-plate","status":"publish","type":"post","link":"https:\/\/apuntesdesanluis.com\/index.php\/2023\/10\/11\/el-gobernador-recibio-al-secretario-general-de-la-fundacion-river-plate\/","title":{"rendered":"EL GOBERNADOR RECIBI\u00d3 AL SECRETARIO GENERAL DE LA FUNDACI\u00d3N RIVER PLATE"},"content":{"rendered":"<h3>Durante la tarde de este martes, el gobernador de la provincia, <strong>Alberto Rodr\u00edguez Sa\u00e1<\/strong>, junto a la secretaria de Deportes,<strong> Cintia Ram\u00edrez<\/strong>, se reunieron con <strong>Felipe Llorente<\/strong>, secretario general de la <strong>Fundaci\u00f3n River Plate<\/strong>, organizaci\u00f3n reconocida por su incansable labor en pro del desarrollo integral de ni\u00f1os, ni\u00f1as y j\u00f3venes.<\/h3>\n<h3>Actualmente, tiene lugar en San Luis una nueva capacitaci\u00f3n del programa \u201cEscuela de Formadores\u201d. Este innovador programa, llevado a cabo con la colaboraci\u00f3n del Banco BBVA este martes y mi\u00e9rcoles en el Centro de Desarrollo y Especializaci\u00f3n Deportiva Ave F\u00e9nix, tiene como objetivo la capacitaci\u00f3n de profesores, entrenadores y l\u00edderes de clubes de barrio y organizaciones sociales. Se abordan temas esenciales como liderazgo, educaci\u00f3n e inclusi\u00f3n financiera, psicolog\u00eda deportiva, planificaci\u00f3n y metodolog\u00eda, entre otros.<\/h3>\n<h3><img fetchpriority=\"high\" decoding=\"async\" class=\"wp-image-5061 aligncenter\" src=\"https:\/\/apuntesdesanluis.com\/wp-content\/uploads\/2023\/10\/reunion-1-300x162.png\" alt=\"\" width=\"722\" height=\"390\" srcset=\"https:\/\/apuntesdesanluis.com\/wp-content\/uploads\/2023\/10\/reunion-1-300x162.png 300w, https:\/\/apuntesdesanluis.com\/wp-content\/uploads\/2023\/10\/reunion-1.png 600w\" sizes=\"(max-width: 722px) 100vw, 722px\" \/><\/h3>\n<h3>En esta oportunidad, los profesionales del equipo de Fundaci\u00f3n River buscan \u201cformar a quienes forman\u201d, compartiendo su propia metodolog\u00eda de trabajo con el deporte y los valores, tanto fuera como dentro de la cancha.<\/h3>\n<h3>Por su parte, BBVA dicta un taller sobre \u201cEducaci\u00f3n financiera para clubes de barrio y organizaciones sociales\u201d y presentan la Plataforma de Educaci\u00f3n Financiera de acceso gratuito y p\u00fablico. El objetivo es contribuir a que los participantes adquieran conocimientos relacionados con la administraci\u00f3n y las finanzas, que podr\u00e1n ser aplicados en sus clubes y organizaciones sociales.<\/h3>\n<p>&nbsp;<\/p>\n<p>&nbsp;<\/p>\n<p>&nbsp;<\/p>\n","protected":false},"excerpt":{"rendered":"<p>Durante la tarde de este martes, el gobernador de la provincia, Alberto Rodr\u00edguez Sa\u00e1, junto&#8230;<\/p>\n","protected":false},"author":1,"featured_media":5058,"comment_status":"closed","ping_status":"closed","sticky":false,"template":"","format":"standard","meta":{"footnotes":""},"categories":[6],"tags":[],"class_list":["post-5057","post","type-post","status-publish","format-standard","has-post-thumbnail","hentry","category-ciudad-provincia"],"yoast_head":"<!-- This site is optimized with the Yoast SEO plugin v26.1.1 - https:\/\/yoast.com\/wordpress\/plugins\/seo\/ -->\n<title>EL GOBERNADOR RECIBI\u00d3 AL SECRETARIO GENERAL DE LA FUNDACI\u00d3N RIVER PLATE - Apuntes de San Luis<\/title>\n<meta name=\"robots\" content=\"index, follow, max-snippet:-1, max-image-preview:large, max-video-preview:-1\" \/>\n<link rel=\"canonical\" href=\"https:\/\/apuntesdesanluis.com\/index.php\/2023\/10\/11\/el-gobernador-recibio-al-secretario-general-de-la-fundacion-river-plate\/\" \/>\n<meta property=\"og:locale\" content=\"es_ES\" \/>\n<meta property=\"og:type\" content=\"article\" \/>\n<meta property=\"og:title\" content=\"EL GOBERNADOR RECIBI\u00d3 AL SECRETARIO GENERAL DE LA FUNDACI\u00d3N RIVER PLATE - Apuntes de San Luis\" \/>\n<meta property=\"og:description\" content=\"Durante la tarde de este martes, el gobernador de la provincia, Alberto Rodr\u00edguez Sa\u00e1, junto...\" \/>\n<meta property=\"og:url\" content=\"https:\/\/apuntesdesanluis.com\/index.php\/2023\/10\/11\/el-gobernador-recibio-al-secretario-general-de-la-fundacion-river-plate\/\" \/>\n<meta property=\"og:site_name\" content=\"Apuntes de San Luis\" \/>\n<meta property=\"article:published_time\" content=\"2023-10-11T23:11:33+00:00\" \/>\n<meta property=\"article:modified_time\" content=\"2023-10-11T23:13:43+00:00\" \/>\n<meta property=\"og:image\" content=\"https:\/\/apuntesdesanluis.com\/wp-content\/uploads\/2023\/10\/gober.png\" \/>\n\t<meta property=\"og:image:width\" content=\"723\" \/>\n\t<meta property=\"og:image:height\" content=\"428\" \/>\n\t<meta property=\"og:image:type\" content=\"image\/png\" \/>\n<meta name=\"author\" content=\"apuntesdesanluis.com\" \/>\n<meta name=\"twitter:card\" content=\"summary_large_image\" \/>\n<meta name=\"twitter:label1\" content=\"Escrito por\" \/>\n\t<meta name=\"twitter:data1\" content=\"apuntesdesanluis.com\" \/>\n\t<meta name=\"twitter:label2\" content=\"Tiempo de lectura\" \/>\n\t<meta name=\"twitter:data2\" content=\"2 minutos\" \/>\n<script type=\"application\/ld+json\" class=\"yoast-schema-graph\">{\"@context\":\"https:\/\/schema.org\",\"@graph\":[{\"@type\":\"Article\",\"@id\":\"https:\/\/apuntesdesanluis.com\/index.php\/2023\/10\/11\/el-gobernador-recibio-al-secretario-general-de-la-fundacion-river-plate\/#article\",\"isPartOf\":{\"@id\":\"https:\/\/apuntesdesanluis.com\/index.php\/2023\/10\/11\/el-gobernador-recibio-al-secretario-general-de-la-fundacion-river-plate\/\"},\"author\":{\"name\":\"apuntesdesanluis.com\",\"@id\":\"https:\/\/apuntesdesanluis.com\/#\/schema\/person\/b55151d52296fcce64d1a72538a70b90\"},\"headline\":\"EL GOBERNADOR RECIBI\u00d3 AL SECRETARIO GENERAL DE LA FUNDACI\u00d3N RIVER PLATE\",\"datePublished\":\"2023-10-11T23:11:33+00:00\",\"dateModified\":\"2023-10-11T23:13:43+00:00\",\"mainEntityOfPage\":{\"@id\":\"https:\/\/apuntesdesanluis.com\/index.php\/2023\/10\/11\/el-gobernador-recibio-al-secretario-general-de-la-fundacion-river-plate\/\"},\"wordCount\":255,\"publisher\":{\"@id\":\"https:\/\/apuntesdesanluis.com\/#\/schema\/person\/b55151d52296fcce64d1a72538a70b90\"},\"image\":{\"@id\":\"https:\/\/apuntesdesanluis.com\/index.php\/2023\/10\/11\/el-gobernador-recibio-al-secretario-general-de-la-fundacion-river-plate\/#primaryimage\"},\"thumbnailUrl\":\"https:\/\/apuntesdesanluis.com\/wp-content\/uploads\/2023\/10\/gober.png\",\"articleSection\":[\"Ciudad\/Provincia\"],\"inLanguage\":\"es-AR\"},{\"@type\":\"WebPage\",\"@id\":\"https:\/\/apuntesdesanluis.com\/index.php\/2023\/10\/11\/el-gobernador-recibio-al-secretario-general-de-la-fundacion-river-plate\/\",\"url\":\"https:\/\/apuntesdesanluis.com\/index.php\/2023\/10\/11\/el-gobernador-recibio-al-secretario-general-de-la-fundacion-river-plate\/\",\"name\":\"EL GOBERNADOR RECIBI\u00d3 AL SECRETARIO GENERAL DE LA FUNDACI\u00d3N RIVER PLATE - Apuntes de San Luis\",\"isPartOf\":{\"@id\":\"https:\/\/apuntesdesanluis.com\/#website\"},\"primaryImageOfPage\":{\"@id\":\"https:\/\/apuntesdesanluis.com\/index.php\/2023\/10\/11\/el-gobernador-recibio-al-secretario-general-de-la-fundacion-river-plate\/#primaryimage\"},\"image\":{\"@id\":\"https:\/\/apuntesdesanluis.com\/index.php\/2023\/10\/11\/el-gobernador-recibio-al-secretario-general-de-la-fundacion-river-plate\/#primaryimage\"},\"thumbnailUrl\":\"https:\/\/apuntesdesanluis.com\/wp-content\/uploads\/2023\/10\/gober.png\",\"datePublished\":\"2023-10-11T23:11:33+00:00\",\"dateModified\":\"2023-10-11T23:13:43+00:00\",\"breadcrumb\":{\"@id\":\"https:\/\/apuntesdesanluis.com\/index.php\/2023\/10\/11\/el-gobernador-recibio-al-secretario-general-de-la-fundacion-river-plate\/#breadcrumb\"},\"inLanguage\":\"es-AR\",\"potentialAction\":[{\"@type\":\"ReadAction\",\"target\":[\"https:\/\/apuntesdesanluis.com\/index.php\/2023\/10\/11\/el-gobernador-recibio-al-secretario-general-de-la-fundacion-river-plate\/\"]}]},{\"@type\":\"ImageObject\",\"inLanguage\":\"es-AR\",\"@id\":\"https:\/\/apuntesdesanluis.com\/index.php\/2023\/10\/11\/el-gobernador-recibio-al-secretario-general-de-la-fundacion-river-plate\/#primaryimage\",\"url\":\"https:\/\/apuntesdesanluis.com\/wp-content\/uploads\/2023\/10\/gober.png\",\"contentUrl\":\"https:\/\/apuntesdesanluis.com\/wp-content\/uploads\/2023\/10\/gober.png\",\"width\":723,\"height\":428},{\"@type\":\"BreadcrumbList\",\"@id\":\"https:\/\/apuntesdesanluis.com\/index.php\/2023\/10\/11\/el-gobernador-recibio-al-secretario-general-de-la-fundacion-river-plate\/#breadcrumb\",\"itemListElement\":[{\"@type\":\"ListItem\",\"position\":1,\"name\":\"Inicio\",\"item\":\"https:\/\/apuntesdesanluis.com\/\"},{\"@type\":\"ListItem\",\"position\":2,\"name\":\"EL GOBERNADOR RECIBI\u00d3 AL SECRETARIO GENERAL DE LA FUNDACI\u00d3N RIVER PLATE\"}]},{\"@type\":\"WebSite\",\"@id\":\"https:\/\/apuntesdesanluis.com\/#website\",\"url\":\"https:\/\/apuntesdesanluis.com\/\",\"name\":\"Apuntes de San Luis\",\"description\":\"\",\"publisher\":{\"@id\":\"https:\/\/apuntesdesanluis.com\/#\/schema\/person\/b55151d52296fcce64d1a72538a70b90\"},\"potentialAction\":[{\"@type\":\"SearchAction\",\"target\":{\"@type\":\"EntryPoint\",\"urlTemplate\":\"https:\/\/apuntesdesanluis.com\/?s={search_term_string}\"},\"query-input\":{\"@type\":\"PropertyValueSpecification\",\"valueRequired\":true,\"valueName\":\"search_term_string\"}}],\"inLanguage\":\"es-AR\"},{\"@type\":[\"Person\",\"Organization\"],\"@id\":\"https:\/\/apuntesdesanluis.com\/#\/schema\/person\/b55151d52296fcce64d1a72538a70b90\",\"name\":\"apuntesdesanluis.com\",\"image\":{\"@type\":\"ImageObject\",\"inLanguage\":\"es-AR\",\"@id\":\"https:\/\/apuntesdesanluis.com\/#\/schema\/person\/image\/\",\"url\":\"https:\/\/apuntesdesanluis.com\/wp-content\/uploads\/2023\/07\/cropped-apuntesdesanluis.png\",\"contentUrl\":\"https:\/\/apuntesdesanluis.com\/wp-content\/uploads\/2023\/07\/cropped-apuntesdesanluis.png\",\"width\":450,\"height\":112,\"caption\":\"apuntesdesanluis.com\"},\"logo\":{\"@id\":\"https:\/\/apuntesdesanluis.com\/#\/schema\/person\/image\/\"},\"sameAs\":[\"https:\/\/apuntesdesanluis.com\"],\"url\":\"https:\/\/apuntesdesanluis.com\/index.php\/author\/apuntesdesanluis-com\/\"}]}<\/script>\n<!-- \/ Yoast SEO plugin. -->","yoast_head_json":{"title":"EL GOBERNADOR RECIBI\u00d3 AL SECRETARIO GENERAL DE LA FUNDACI\u00d3N RIVER PLATE - Apuntes de San Luis","robots":{"index":"index","follow":"follow","max-snippet":"max-snippet:-1","max-image-preview":"max-image-preview:large","max-video-preview":"max-video-preview:-1"},"canonical":"https:\/\/apuntesdesanluis.com\/index.php\/2023\/10\/11\/el-gobernador-recibio-al-secretario-general-de-la-fundacion-river-plate\/","og_locale":"es_ES","og_type":"article","og_title":"EL GOBERNADOR RECIBI\u00d3 AL SECRETARIO GENERAL DE LA FUNDACI\u00d3N RIVER PLATE - Apuntes de San Luis","og_description":"Durante la tarde de este martes, el gobernador de la provincia, Alberto Rodr\u00edguez Sa\u00e1, junto...","og_url":"https:\/\/apuntesdesanluis.com\/index.php\/2023\/10\/11\/el-gobernador-recibio-al-secretario-general-de-la-fundacion-river-plate\/","og_site_name":"Apuntes de San Luis","article_published_time":"2023-10-11T23:11:33+00:00","article_modified_time":"2023-10-11T23:13:43+00:00","og_image":[{"width":723,"height":428,"url":"https:\/\/apuntesdesanluis.com\/wp-content\/uploads\/2023\/10\/gober.png","type":"image\/png"}],"author":"apuntesdesanluis.com","twitter_card":"summary_large_image","twitter_misc":{"Escrito por":"apuntesdesanluis.com","Tiempo de lectura":"2 minutos"},"schema":{"@context":"https:\/\/schema.org","@graph":[{"@type":"Article","@id":"https:\/\/apuntesdesanluis.com\/index.php\/2023\/10\/11\/el-gobernador-recibio-al-secretario-general-de-la-fundacion-river-plate\/#article","isPartOf":{"@id":"https:\/\/apuntesdesanluis.com\/index.php\/2023\/10\/11\/el-gobernador-recibio-al-secretario-general-de-la-fundacion-river-plate\/"},"author":{"name":"apuntesdesanluis.com","@id":"https:\/\/apuntesdesanluis.com\/#\/schema\/person\/b55151d52296fcce64d1a72538a70b90"},"headline":"EL GOBERNADOR RECIBI\u00d3 AL SECRETARIO GENERAL DE LA FUNDACI\u00d3N RIVER PLATE","datePublished":"2023-10-11T23:11:33+00:00","dateModified":"2023-10-11T23:13:43+00:00","mainEntityOfPage":{"@id":"https:\/\/apuntesdesanluis.com\/index.php\/2023\/10\/11\/el-gobernador-recibio-al-secretario-general-de-la-fundacion-river-plate\/"},"wordCount":255,"publisher":{"@id":"https:\/\/apuntesdesanluis.com\/#\/schema\/person\/b55151d52296fcce64d1a72538a70b90"},"image":{"@id":"https:\/\/apuntesdesanluis.com\/index.php\/2023\/10\/11\/el-gobernador-recibio-al-secretario-general-de-la-fundacion-river-plate\/#primaryimage"},"thumbnailUrl":"https:\/\/apuntesdesanluis.com\/wp-content\/uploads\/2023\/10\/gober.png","articleSection":["Ciudad\/Provincia"],"inLanguage":"es-AR"},{"@type":"WebPage","@id":"https:\/\/apuntesdesanluis.com\/index.php\/2023\/10\/11\/el-gobernador-recibio-al-secretario-general-de-la-fundacion-river-plate\/","url":"https:\/\/apuntesdesanluis.com\/index.php\/2023\/10\/11\/el-gobernador-recibio-al-secretario-general-de-la-fundacion-river-plate\/","name":"EL GOBERNADOR RECIBI\u00d3 AL SECRETARIO GENERAL DE LA FUNDACI\u00d3N RIVER PLATE - Apuntes de San Luis","isPartOf":{"@id":"https:\/\/apuntesdesanluis.com\/#website"},"primaryImageOfPage":{"@id":"https:\/\/apuntesdesanluis.com\/index.php\/2023\/10\/11\/el-gobernador-recibio-al-secretario-general-de-la-fundacion-river-plate\/#primaryimage"},"image":{"@id":"https:\/\/apuntesdesanluis.com\/index.php\/2023\/10\/11\/el-gobernador-recibio-al-secretario-general-de-la-fundacion-river-plate\/#primaryimage"},"thumbnailUrl":"https:\/\/apuntesdesanluis.com\/wp-content\/uploads\/2023\/10\/gober.png","datePublished":"2023-10-11T23:11:33+00:00","dateModified":"2023-10-11T23:13:43+00:00","breadcrumb":{"@id":"https:\/\/apuntesdesanluis.com\/index.php\/2023\/10\/11\/el-gobernador-recibio-al-secretario-general-de-la-fundacion-river-plate\/#breadcrumb"},"inLanguage":"es-AR","potentialAction":[{"@type":"ReadAction","target":["https:\/\/apuntesdesanluis.com\/index.php\/2023\/10\/11\/el-gobernador-recibio-al-secretario-general-de-la-fundacion-river-plate\/"]}]},{"@type":"ImageObject","inLanguage":"es-AR","@id":"https:\/\/apuntesdesanluis.com\/index.php\/2023\/10\/11\/el-gobernador-recibio-al-secretario-general-de-la-fundacion-river-plate\/#primaryimage","url":"https:\/\/apuntesdesanluis.com\/wp-content\/uploads\/2023\/10\/gober.png","contentUrl":"https:\/\/apuntesdesanluis.com\/wp-content\/uploads\/2023\/10\/gober.png","width":723,"height":428},{"@type":"BreadcrumbList","@id":"https:\/\/apuntesdesanluis.com\/index.php\/2023\/10\/11\/el-gobernador-recibio-al-secretario-general-de-la-fundacion-river-plate\/#breadcrumb","itemListElement":[{"@type":"ListItem","position":1,"name":"Inicio","item":"https:\/\/apuntesdesanluis.com\/"},{"@type":"ListItem","position":2,"name":"EL GOBERNADOR RECIBI\u00d3 AL SECRETARIO GENERAL DE LA FUNDACI\u00d3N RIVER PLATE"}]},{"@type":"WebSite","@id":"https:\/\/apuntesdesanluis.com\/#website","url":"https:\/\/apuntesdesanluis.com\/","name":"Apuntes de San Luis","description":"","publisher":{"@id":"https:\/\/apuntesdesanluis.com\/#\/schema\/person\/b55151d52296fcce64d1a72538a70b90"},"potentialAction":[{"@type":"SearchAction","target":{"@type":"EntryPoint","urlTemplate":"https:\/\/apuntesdesanluis.com\/?s={search_term_string}"},"query-input":{"@type":"PropertyValueSpecification","valueRequired":true,"valueName":"search_term_string"}}],"inLanguage":"es-AR"},{"@type":["Person","Organization"],"@id":"https:\/\/apuntesdesanluis.com\/#\/schema\/person\/b55151d52296fcce64d1a72538a70b90","name":"apuntesdesanluis.com","image":{"@type":"ImageObject","inLanguage":"es-AR","@id":"https:\/\/apuntesdesanluis.com\/#\/schema\/person\/image\/","url":"https:\/\/apuntesdesanluis.com\/wp-content\/uploads\/2023\/07\/cropped-apuntesdesanluis.png","contentUrl":"https:\/\/apuntesdesanluis.com\/wp-content\/uploads\/2023\/07\/cropped-apuntesdesanluis.png","width":450,"height":112,"caption":"apuntesdesanluis.com"},"logo":{"@id":"https:\/\/apuntesdesanluis.com\/#\/schema\/person\/image\/"},"sameAs":["https:\/\/apuntesdesanluis.com"],"url":"https:\/\/apuntesdesanluis.com\/index.php\/author\/apuntesdesanluis-com\/"}]}},"featured_image_urls":{"full":["https:\/\/apuntesdesanluis.com\/wp-content\/uploads\/2023\/10\/gober.png",723,428,false],"thumbnail":["https:\/\/apuntesdesanluis.com\/wp-content\/uploads\/2023\/10\/gober-150x150.png",150,150,true],"medium":["https:\/\/apuntesdesanluis.com\/wp-content\/uploads\/2023\/10\/gober-300x178.png",300,178,true],"medium_large":["https:\/\/apuntesdesanluis.com\/wp-content\/uploads\/2023\/10\/gober.png",640,379,false],"large":["https:\/\/apuntesdesanluis.com\/wp-content\/uploads\/2023\/10\/gober.png",640,379,false],"1536x1536":["https:\/\/apuntesdesanluis.com\/wp-content\/uploads\/2023\/10\/gober.png",723,428,false],"2048x2048":["https:\/\/apuntesdesanluis.com\/wp-content\/uploads\/2023\/10\/gober.png",723,428,false],"newsever-slider-full":["https:\/\/apuntesdesanluis.com\/wp-content\/uploads\/2023\/10\/gober.png",723,428,false],"newsever-featured":["https:\/\/apuntesdesanluis.com\/wp-content\/uploads\/2023\/10\/gober.png",723,428,false],"newsever-medium":["https:\/\/apuntesdesanluis.com\/wp-content\/uploads\/2023\/10\/gober-720x428.png",720,428,true]},"author_info":{"display_name":"apuntesdesanluis.com","author_link":"https:\/\/apuntesdesanluis.com\/index.php\/author\/apuntesdesanluis-com\/"},"category_info":"<a href=\"https:\/\/apuntesdesanluis.com\/index.php\/category\/ciudad-provincia\/\" rel=\"category tag\">Ciudad\/Provincia<\/a>","tag_info":"Ciudad\/Provincia","comment_count":"0","_links":{"self":[{"href":"https:\/\/apuntesdesanluis.com\/index.php\/wp-json\/wp\/v2\/posts\/5057","targetHints":{"allow":["GET"]}}],"collection":[{"href":"https:\/\/apuntesdesanluis.com\/index.php\/wp-json\/wp\/v2\/posts"}],"about":[{"href":"https:\/\/apuntesdesanluis.com\/index.php\/wp-json\/wp\/v2\/types\/post"}],"author":[{"embeddable":true,"href":"https:\/\/apuntesdesanluis.com\/index.php\/wp-json\/wp\/v2\/users\/1"}],"replies":[{"embeddable":true,"href":"https:\/\/apuntesdesanluis.com\/index.php\/wp-json\/wp\/v2\/comments?post=5057"}],"version-history":[{"count":3,"href":"https:\/\/apuntesdesanluis.com\/index.php\/wp-json\/wp\/v2\/posts\/5057\/revisions"}],"predecessor-version":[{"id":5062,"href":"https:\/\/apuntesdesanluis.com\/index.php\/wp-json\/wp\/v2\/posts\/5057\/revisions\/5062"}],"wp:featuredmedia":[{"embeddable":true,"href":"https:\/\/apuntesdesanluis.com\/index.php\/wp-json\/wp\/v2\/media\/5058"}],"wp:attachment":[{"href":"https:\/\/apuntesdesanluis.com\/index.php\/wp-json\/wp\/v2\/media?parent=5057"}],"wp:term":[{"taxonomy":"category","embeddable":true,"href":"https:\/\/apuntesdesanluis.com\/index.php\/wp-json\/wp\/v2\/categories?post=5057"},{"taxonomy":"post_tag","embeddable":true,"href":"https:\/\/apuntesdesanluis.com\/index.php\/wp-json\/wp\/v2\/tags?post=5057"}],"curies":[{"name":"wp","href":"https:\/\/api.w.org\/{rel}","templated":true}]}}