{"id":5070,"date":"2023-10-11T20:36:12","date_gmt":"2023-10-11T23:36:12","guid":{"rendered":"https:\/\/apuntesdesanluis.com\/?p=5070"},"modified":"2023-10-11T20:36:12","modified_gmt":"2023-10-11T23:36:12","slug":"daran-el-veredicto-en-causa-de-homicidio-culposo-en-accidente-de-transito-donde-murieron-3-personas","status":"publish","type":"post","link":"https:\/\/apuntesdesanluis.com\/index.php\/2023\/10\/11\/daran-el-veredicto-en-causa-de-homicidio-culposo-en-accidente-de-transito-donde-murieron-3-personas\/","title":{"rendered":"DAR\u00c1N EL VEREDICTO EN CAUSA DE HOMICIDIO CULPOSO EN ACCIDENTE DE TR\u00c1NSITO, DONDE MURIERON 3 PERSONAS"},"content":{"rendered":"<h3>La sentencia se conocer\u00e1 este jueves 12 a las 12 horas en la sala de Juicios Orales N\u00ba 2 de Villa Mercedes.<\/h3>\n<h3>En la ma\u00f1ana de este mi\u00e9rcoles, el tribunal integrado por las Dras. Daniela Estrada y Virna Eguinoa y el Dr. Mauro Germ\u00e1n D\u00b4Agata Henr\u00edquez recepcion\u00f3 los alegatos de las partes en marco de la causa donde se juzga a un joven de 25 a\u00f1os, quien en noviembre del 2018 conduc\u00eda un autom\u00f3vil que protagoniz\u00f3 un accidente donde tres personas perdieron la vida.<\/h3>\n<h3>Iniciada la audiencia, el tribunal clausur\u00f3 la etapa probatoria y cedi\u00f3 la palabra al imputado, quien pidi\u00f3 declarar. Cont\u00f3 lo que realiz\u00f3 horas antes del accidente y respondi\u00f3 preguntas de sus abogados, como as\u00ed tambi\u00e9n del Fiscal de Juicio, Dr. Ernesto Lutens, y de los representantes de los particulares damnificados, Dres. Pascual Celdr\u00e1n y Miguel \u00c1ngel Mart\u00ednez Mangini.<\/h3>\n<h3>A continuaci\u00f3n, el Dr. Miguel \u00c1ngel Mart\u00ednez Mangini asegur\u00f3 que el \u201cimputado desprestigi\u00f3 cualquier tipo de consecuencia que pod\u00eda tener su accionar y soslay\u00f3 cualquier tipo de regla\u201d.\u00a0 Se\u00f1al\u00f3 la falta de descanso que existi\u00f3 por parte del imputado al manejar un veh\u00edculo y destac\u00f3 que hab\u00eda consumido alcohol. \u201cEs claro que ac\u00e1 hay un solo responsable que debe ser castigado a trav\u00e9s de una pena\u201d, dijo.<\/h3>\n<h3>Luego, y en el mismo sentido, el Dr. Celdr\u00e1n pidi\u00f3 al tribunal que condene al imputado a cuatro a\u00f1os de prisi\u00f3n efectiva, m\u00e1s diez a\u00f1os de inhabilitaci\u00f3n para conducir, teniendo en cuenta la conducta del joven posterior al hecho y las m\u00faltiples v\u00edctimas.<\/h3>\n<h3>El representante del Ministerio P\u00fablico Fiscal, record\u00f3 las circunstancias en las que se produjo el hecho investigado y destac\u00f3 que \u201cel imputado nunca debi\u00f3 haber cargado a cinco personas\u201d. Detall\u00f3 que ninguno de los ocupantes del veh\u00edculo llevaba cintur\u00f3n de seguridad.<\/h3>\n<h3>Mencion\u00f3 adem\u00e1s la ingesta de alcohol por parte del acusado y que llevaba varias horas sin dormir. Encuadr\u00f3 al hecho como un homicidio culposo agravado por la multiplicidad de v\u00edctimas, en los t\u00e9rminos previstos en el Art. 84 bis del C\u00f3digo Penal Argentino. Como atenuantes mencion\u00f3 la falta de antecedentes penales y como agravantes el previsto en el tipo penal. Solicit\u00f3 una condena de 3 a\u00f1os y 6 meses de prisi\u00f3n, m\u00e1s 8 a\u00f1os de inhabilitaci\u00f3n para conducir.<\/h3>\n<h3>Por su parte, en la defensa del imputado, los Dres. Anabitarte y Quiroga citaron circunstancias personales y solicitaron la absoluci\u00f3n de su representado. Aseguraron que exist\u00edan consentimiento de las otras personas y que el imputado \u201cno pod\u00eda imaginarse el resultado da\u00f1oso, donde el tambi\u00e9n podr\u00eda haber sido lesionado\u201d.\u00a0 Aseguraron que el imputado actu\u00f3 sin ning\u00fan tipo de malicia.<\/h3>\n<h3>Luego de escuchar a las partes, el tribunal cedi\u00f3 la palabra nuevamente al imputado, quien pidi\u00f3 disculpas.<\/h3>\n<h3>SOBRE EL HECHO<\/h3>\n<h3>El hecho ocurri\u00f3 el 4 de noviembre de 2018, momento en que el imputado conduc\u00eda un autom\u00f3vil -acompa\u00f1ado por dos personas en la parte delantera y tres en la parte trasera- por autopista N\u00ba 55 en sentido sur-oeste entre las localidades de Naschel y La Toma.<\/h3>\n<h3>En ese entonces saliendo de la curva conocida como \u201cLa Onaquera\u201d a la altura del kil\u00f3metro 840 el conductor perdi\u00f3 el control del veh\u00edculo e ingres\u00f3 al cantero central \u2013banquina este- para luego regresar a la calzada, derrapando hacia la banquina oeste donde se produjeron los vuelcos que expulsaron a uno de los acompa\u00f1antes y provocaron que el rodado atraviese el cerco perimetral y se instale en el campo colindante a la autopista con las ruedas hacia arriba, como consecuencia de estas maniobras fallecieron tres personas.<\/h3>\n<h3>Para obtener m\u00e1s informaci\u00f3n sobre esta causa ingrese al siguiente enlace: <span style=\"color: #3366ff;\"><a style=\"color: #3366ff;\" href=\"https:\/\/www.periodicojudicial.gov.ar\/juzgan-a-un-hombre-de-homicidio-culposo-por-conduccion-imprudente-de-un-automotor\/\">https:\/\/www.periodicojudicial.gov.ar\/juzgan-a-un-hombre-de-homicidio-culposo-por-conduccion-imprudente-de-un-automotor\/<\/a><\/span><\/h3>\n","protected":false},"excerpt":{"rendered":"<p>La sentencia se conocer\u00e1 este jueves 12 a las 12 horas en la sala de&#8230;<\/p>\n","protected":false},"author":1,"featured_media":5071,"comment_status":"closed","ping_status":"closed","sticky":false,"template":"","format":"standard","meta":{"footnotes":""},"categories":[6],"tags":[],"class_list":["post-5070","post","type-post","status-publish","format-standard","has-post-thumbnail","hentry","category-ciudad-provincia"],"yoast_head":"<!-- This site is optimized with the Yoast SEO plugin v26.1.1 - https:\/\/yoast.com\/wordpress\/plugins\/seo\/ -->\n<title>DAR\u00c1N EL VEREDICTO EN CAUSA DE HOMICIDIO CULPOSO EN ACCIDENTE DE TR\u00c1NSITO, DONDE MURIERON 3 PERSONAS - Apuntes de San Luis<\/title>\n<meta name=\"robots\" content=\"index, follow, max-snippet:-1, max-image-preview:large, max-video-preview:-1\" \/>\n<link rel=\"canonical\" href=\"https:\/\/apuntesdesanluis.com\/index.php\/2023\/10\/11\/daran-el-veredicto-en-causa-de-homicidio-culposo-en-accidente-de-transito-donde-murieron-3-personas\/\" \/>\n<meta property=\"og:locale\" content=\"es_ES\" \/>\n<meta property=\"og:type\" content=\"article\" \/>\n<meta property=\"og:title\" content=\"DAR\u00c1N EL VEREDICTO EN CAUSA DE HOMICIDIO CULPOSO EN ACCIDENTE DE TR\u00c1NSITO, DONDE MURIERON 3 PERSONAS - Apuntes de San Luis\" \/>\n<meta property=\"og:description\" content=\"La sentencia se conocer\u00e1 este jueves 12 a las 12 horas en la sala de...\" \/>\n<meta property=\"og:url\" content=\"https:\/\/apuntesdesanluis.com\/index.php\/2023\/10\/11\/daran-el-veredicto-en-causa-de-homicidio-culposo-en-accidente-de-transito-donde-murieron-3-personas\/\" \/>\n<meta property=\"og:site_name\" content=\"Apuntes de San Luis\" \/>\n<meta property=\"article:published_time\" content=\"2023-10-11T23:36:12+00:00\" \/>\n<meta property=\"og:image\" content=\"https:\/\/apuntesdesanluis.com\/wp-content\/uploads\/2023\/10\/causa.png\" \/>\n\t<meta property=\"og:image:width\" content=\"600\" \/>\n\t<meta property=\"og:image:height\" content=\"336\" \/>\n\t<meta property=\"og:image:type\" content=\"image\/png\" \/>\n<meta name=\"author\" content=\"apuntesdesanluis.com\" \/>\n<meta name=\"twitter:card\" content=\"summary_large_image\" \/>\n<meta name=\"twitter:label1\" content=\"Escrito por\" \/>\n\t<meta name=\"twitter:data1\" content=\"apuntesdesanluis.com\" \/>\n\t<meta name=\"twitter:label2\" content=\"Tiempo de lectura\" \/>\n\t<meta name=\"twitter:data2\" content=\"3 minutos\" \/>\n<script type=\"application\/ld+json\" class=\"yoast-schema-graph\">{\"@context\":\"https:\/\/schema.org\",\"@graph\":[{\"@type\":\"Article\",\"@id\":\"https:\/\/apuntesdesanluis.com\/index.php\/2023\/10\/11\/daran-el-veredicto-en-causa-de-homicidio-culposo-en-accidente-de-transito-donde-murieron-3-personas\/#article\",\"isPartOf\":{\"@id\":\"https:\/\/apuntesdesanluis.com\/index.php\/2023\/10\/11\/daran-el-veredicto-en-causa-de-homicidio-culposo-en-accidente-de-transito-donde-murieron-3-personas\/\"},\"author\":{\"name\":\"apuntesdesanluis.com\",\"@id\":\"https:\/\/apuntesdesanluis.com\/#\/schema\/person\/b55151d52296fcce64d1a72538a70b90\"},\"headline\":\"DAR\u00c1N EL VEREDICTO EN CAUSA DE HOMICIDIO CULPOSO EN ACCIDENTE DE TR\u00c1NSITO, DONDE MURIERON 3 PERSONAS\",\"datePublished\":\"2023-10-11T23:36:12+00:00\",\"mainEntityOfPage\":{\"@id\":\"https:\/\/apuntesdesanluis.com\/index.php\/2023\/10\/11\/daran-el-veredicto-en-causa-de-homicidio-culposo-en-accidente-de-transito-donde-murieron-3-personas\/\"},\"wordCount\":655,\"publisher\":{\"@id\":\"https:\/\/apuntesdesanluis.com\/#\/schema\/person\/b55151d52296fcce64d1a72538a70b90\"},\"image\":{\"@id\":\"https:\/\/apuntesdesanluis.com\/index.php\/2023\/10\/11\/daran-el-veredicto-en-causa-de-homicidio-culposo-en-accidente-de-transito-donde-murieron-3-personas\/#primaryimage\"},\"thumbnailUrl\":\"https:\/\/apuntesdesanluis.com\/wp-content\/uploads\/2023\/10\/causa.png\",\"articleSection\":[\"Ciudad\/Provincia\"],\"inLanguage\":\"es-AR\"},{\"@type\":\"WebPage\",\"@id\":\"https:\/\/apuntesdesanluis.com\/index.php\/2023\/10\/11\/daran-el-veredicto-en-causa-de-homicidio-culposo-en-accidente-de-transito-donde-murieron-3-personas\/\",\"url\":\"https:\/\/apuntesdesanluis.com\/index.php\/2023\/10\/11\/daran-el-veredicto-en-causa-de-homicidio-culposo-en-accidente-de-transito-donde-murieron-3-personas\/\",\"name\":\"DAR\u00c1N EL VEREDICTO EN CAUSA DE HOMICIDIO CULPOSO EN ACCIDENTE DE TR\u00c1NSITO, DONDE MURIERON 3 PERSONAS - Apuntes de San Luis\",\"isPartOf\":{\"@id\":\"https:\/\/apuntesdesanluis.com\/#website\"},\"primaryImageOfPage\":{\"@id\":\"https:\/\/apuntesdesanluis.com\/index.php\/2023\/10\/11\/daran-el-veredicto-en-causa-de-homicidio-culposo-en-accidente-de-transito-donde-murieron-3-personas\/#primaryimage\"},\"image\":{\"@id\":\"https:\/\/apuntesdesanluis.com\/index.php\/2023\/10\/11\/daran-el-veredicto-en-causa-de-homicidio-culposo-en-accidente-de-transito-donde-murieron-3-personas\/#primaryimage\"},\"thumbnailUrl\":\"https:\/\/apuntesdesanluis.com\/wp-content\/uploads\/2023\/10\/causa.png\",\"datePublished\":\"2023-10-11T23:36:12+00:00\",\"breadcrumb\":{\"@id\":\"https:\/\/apuntesdesanluis.com\/index.php\/2023\/10\/11\/daran-el-veredicto-en-causa-de-homicidio-culposo-en-accidente-de-transito-donde-murieron-3-personas\/#breadcrumb\"},\"inLanguage\":\"es-AR\",\"potentialAction\":[{\"@type\":\"ReadAction\",\"target\":[\"https:\/\/apuntesdesanluis.com\/index.php\/2023\/10\/11\/daran-el-veredicto-en-causa-de-homicidio-culposo-en-accidente-de-transito-donde-murieron-3-personas\/\"]}]},{\"@type\":\"ImageObject\",\"inLanguage\":\"es-AR\",\"@id\":\"https:\/\/apuntesdesanluis.com\/index.php\/2023\/10\/11\/daran-el-veredicto-en-causa-de-homicidio-culposo-en-accidente-de-transito-donde-murieron-3-personas\/#primaryimage\",\"url\":\"https:\/\/apuntesdesanluis.com\/wp-content\/uploads\/2023\/10\/causa.png\",\"contentUrl\":\"https:\/\/apuntesdesanluis.com\/wp-content\/uploads\/2023\/10\/causa.png\",\"width\":600,\"height\":336},{\"@type\":\"BreadcrumbList\",\"@id\":\"https:\/\/apuntesdesanluis.com\/index.php\/2023\/10\/11\/daran-el-veredicto-en-causa-de-homicidio-culposo-en-accidente-de-transito-donde-murieron-3-personas\/#breadcrumb\",\"itemListElement\":[{\"@type\":\"ListItem\",\"position\":1,\"name\":\"Inicio\",\"item\":\"https:\/\/apuntesdesanluis.com\/\"},{\"@type\":\"ListItem\",\"position\":2,\"name\":\"DAR\u00c1N EL VEREDICTO EN CAUSA DE HOMICIDIO CULPOSO EN ACCIDENTE DE TR\u00c1NSITO, DONDE MURIERON 3 PERSONAS\"}]},{\"@type\":\"WebSite\",\"@id\":\"https:\/\/apuntesdesanluis.com\/#website\",\"url\":\"https:\/\/apuntesdesanluis.com\/\",\"name\":\"Apuntes de San Luis\",\"description\":\"\",\"publisher\":{\"@id\":\"https:\/\/apuntesdesanluis.com\/#\/schema\/person\/b55151d52296fcce64d1a72538a70b90\"},\"potentialAction\":[{\"@type\":\"SearchAction\",\"target\":{\"@type\":\"EntryPoint\",\"urlTemplate\":\"https:\/\/apuntesdesanluis.com\/?s={search_term_string}\"},\"query-input\":{\"@type\":\"PropertyValueSpecification\",\"valueRequired\":true,\"valueName\":\"search_term_string\"}}],\"inLanguage\":\"es-AR\"},{\"@type\":[\"Person\",\"Organization\"],\"@id\":\"https:\/\/apuntesdesanluis.com\/#\/schema\/person\/b55151d52296fcce64d1a72538a70b90\",\"name\":\"apuntesdesanluis.com\",\"image\":{\"@type\":\"ImageObject\",\"inLanguage\":\"es-AR\",\"@id\":\"https:\/\/apuntesdesanluis.com\/#\/schema\/person\/image\/\",\"url\":\"https:\/\/apuntesdesanluis.com\/wp-content\/uploads\/2023\/07\/cropped-apuntesdesanluis.png\",\"contentUrl\":\"https:\/\/apuntesdesanluis.com\/wp-content\/uploads\/2023\/07\/cropped-apuntesdesanluis.png\",\"width\":450,\"height\":112,\"caption\":\"apuntesdesanluis.com\"},\"logo\":{\"@id\":\"https:\/\/apuntesdesanluis.com\/#\/schema\/person\/image\/\"},\"sameAs\":[\"https:\/\/apuntesdesanluis.com\"],\"url\":\"https:\/\/apuntesdesanluis.com\/index.php\/author\/apuntesdesanluis-com\/\"}]}<\/script>\n<!-- \/ Yoast SEO plugin. -->","yoast_head_json":{"title":"DAR\u00c1N EL VEREDICTO EN CAUSA DE HOMICIDIO CULPOSO EN ACCIDENTE DE TR\u00c1NSITO, DONDE MURIERON 3 PERSONAS - Apuntes de San Luis","robots":{"index":"index","follow":"follow","max-snippet":"max-snippet:-1","max-image-preview":"max-image-preview:large","max-video-preview":"max-video-preview:-1"},"canonical":"https:\/\/apuntesdesanluis.com\/index.php\/2023\/10\/11\/daran-el-veredicto-en-causa-de-homicidio-culposo-en-accidente-de-transito-donde-murieron-3-personas\/","og_locale":"es_ES","og_type":"article","og_title":"DAR\u00c1N EL VEREDICTO EN CAUSA DE HOMICIDIO CULPOSO EN ACCIDENTE DE TR\u00c1NSITO, DONDE MURIERON 3 PERSONAS - Apuntes de San Luis","og_description":"La sentencia se conocer\u00e1 este jueves 12 a las 12 horas en la sala de...","og_url":"https:\/\/apuntesdesanluis.com\/index.php\/2023\/10\/11\/daran-el-veredicto-en-causa-de-homicidio-culposo-en-accidente-de-transito-donde-murieron-3-personas\/","og_site_name":"Apuntes de San Luis","article_published_time":"2023-10-11T23:36:12+00:00","og_image":[{"width":600,"height":336,"url":"https:\/\/apuntesdesanluis.com\/wp-content\/uploads\/2023\/10\/causa.png","type":"image\/png"}],"author":"apuntesdesanluis.com","twitter_card":"summary_large_image","twitter_misc":{"Escrito por":"apuntesdesanluis.com","Tiempo de lectura":"3 minutos"},"schema":{"@context":"https:\/\/schema.org","@graph":[{"@type":"Article","@id":"https:\/\/apuntesdesanluis.com\/index.php\/2023\/10\/11\/daran-el-veredicto-en-causa-de-homicidio-culposo-en-accidente-de-transito-donde-murieron-3-personas\/#article","isPartOf":{"@id":"https:\/\/apuntesdesanluis.com\/index.php\/2023\/10\/11\/daran-el-veredicto-en-causa-de-homicidio-culposo-en-accidente-de-transito-donde-murieron-3-personas\/"},"author":{"name":"apuntesdesanluis.com","@id":"https:\/\/apuntesdesanluis.com\/#\/schema\/person\/b55151d52296fcce64d1a72538a70b90"},"headline":"DAR\u00c1N EL VEREDICTO EN CAUSA DE HOMICIDIO CULPOSO EN ACCIDENTE DE TR\u00c1NSITO, DONDE MURIERON 3 PERSONAS","datePublished":"2023-10-11T23:36:12+00:00","mainEntityOfPage":{"@id":"https:\/\/apuntesdesanluis.com\/index.php\/2023\/10\/11\/daran-el-veredicto-en-causa-de-homicidio-culposo-en-accidente-de-transito-donde-murieron-3-personas\/"},"wordCount":655,"publisher":{"@id":"https:\/\/apuntesdesanluis.com\/#\/schema\/person\/b55151d52296fcce64d1a72538a70b90"},"image":{"@id":"https:\/\/apuntesdesanluis.com\/index.php\/2023\/10\/11\/daran-el-veredicto-en-causa-de-homicidio-culposo-en-accidente-de-transito-donde-murieron-3-personas\/#primaryimage"},"thumbnailUrl":"https:\/\/apuntesdesanluis.com\/wp-content\/uploads\/2023\/10\/causa.png","articleSection":["Ciudad\/Provincia"],"inLanguage":"es-AR"},{"@type":"WebPage","@id":"https:\/\/apuntesdesanluis.com\/index.php\/2023\/10\/11\/daran-el-veredicto-en-causa-de-homicidio-culposo-en-accidente-de-transito-donde-murieron-3-personas\/","url":"https:\/\/apuntesdesanluis.com\/index.php\/2023\/10\/11\/daran-el-veredicto-en-causa-de-homicidio-culposo-en-accidente-de-transito-donde-murieron-3-personas\/","name":"DAR\u00c1N EL VEREDICTO EN CAUSA DE HOMICIDIO CULPOSO EN ACCIDENTE DE TR\u00c1NSITO, DONDE MURIERON 3 PERSONAS - Apuntes de San Luis","isPartOf":{"@id":"https:\/\/apuntesdesanluis.com\/#website"},"primaryImageOfPage":{"@id":"https:\/\/apuntesdesanluis.com\/index.php\/2023\/10\/11\/daran-el-veredicto-en-causa-de-homicidio-culposo-en-accidente-de-transito-donde-murieron-3-personas\/#primaryimage"},"image":{"@id":"https:\/\/apuntesdesanluis.com\/index.php\/2023\/10\/11\/daran-el-veredicto-en-causa-de-homicidio-culposo-en-accidente-de-transito-donde-murieron-3-personas\/#primaryimage"},"thumbnailUrl":"https:\/\/apuntesdesanluis.com\/wp-content\/uploads\/2023\/10\/causa.png","datePublished":"2023-10-11T23:36:12+00:00","breadcrumb":{"@id":"https:\/\/apuntesdesanluis.com\/index.php\/2023\/10\/11\/daran-el-veredicto-en-causa-de-homicidio-culposo-en-accidente-de-transito-donde-murieron-3-personas\/#breadcrumb"},"inLanguage":"es-AR","potentialAction":[{"@type":"ReadAction","target":["https:\/\/apuntesdesanluis.com\/index.php\/2023\/10\/11\/daran-el-veredicto-en-causa-de-homicidio-culposo-en-accidente-de-transito-donde-murieron-3-personas\/"]}]},{"@type":"ImageObject","inLanguage":"es-AR","@id":"https:\/\/apuntesdesanluis.com\/index.php\/2023\/10\/11\/daran-el-veredicto-en-causa-de-homicidio-culposo-en-accidente-de-transito-donde-murieron-3-personas\/#primaryimage","url":"https:\/\/apuntesdesanluis.com\/wp-content\/uploads\/2023\/10\/causa.png","contentUrl":"https:\/\/apuntesdesanluis.com\/wp-content\/uploads\/2023\/10\/causa.png","width":600,"height":336},{"@type":"BreadcrumbList","@id":"https:\/\/apuntesdesanluis.com\/index.php\/2023\/10\/11\/daran-el-veredicto-en-causa-de-homicidio-culposo-en-accidente-de-transito-donde-murieron-3-personas\/#breadcrumb","itemListElement":[{"@type":"ListItem","position":1,"name":"Inicio","item":"https:\/\/apuntesdesanluis.com\/"},{"@type":"ListItem","position":2,"name":"DAR\u00c1N EL VEREDICTO EN CAUSA DE HOMICIDIO CULPOSO EN ACCIDENTE DE TR\u00c1NSITO, DONDE MURIERON 3 PERSONAS"}]},{"@type":"WebSite","@id":"https:\/\/apuntesdesanluis.com\/#website","url":"https:\/\/apuntesdesanluis.com\/","name":"Apuntes de San Luis","description":"","publisher":{"@id":"https:\/\/apuntesdesanluis.com\/#\/schema\/person\/b55151d52296fcce64d1a72538a70b90"},"potentialAction":[{"@type":"SearchAction","target":{"@type":"EntryPoint","urlTemplate":"https:\/\/apuntesdesanluis.com\/?s={search_term_string}"},"query-input":{"@type":"PropertyValueSpecification","valueRequired":true,"valueName":"search_term_string"}}],"inLanguage":"es-AR"},{"@type":["Person","Organization"],"@id":"https:\/\/apuntesdesanluis.com\/#\/schema\/person\/b55151d52296fcce64d1a72538a70b90","name":"apuntesdesanluis.com","image":{"@type":"ImageObject","inLanguage":"es-AR","@id":"https:\/\/apuntesdesanluis.com\/#\/schema\/person\/image\/","url":"https:\/\/apuntesdesanluis.com\/wp-content\/uploads\/2023\/07\/cropped-apuntesdesanluis.png","contentUrl":"https:\/\/apuntesdesanluis.com\/wp-content\/uploads\/2023\/07\/cropped-apuntesdesanluis.png","width":450,"height":112,"caption":"apuntesdesanluis.com"},"logo":{"@id":"https:\/\/apuntesdesanluis.com\/#\/schema\/person\/image\/"},"sameAs":["https:\/\/apuntesdesanluis.com"],"url":"https:\/\/apuntesdesanluis.com\/index.php\/author\/apuntesdesanluis-com\/"}]}},"featured_image_urls":{"full":["https:\/\/apuntesdesanluis.com\/wp-content\/uploads\/2023\/10\/causa.png",600,336,false],"thumbnail":["https:\/\/apuntesdesanluis.com\/wp-content\/uploads\/2023\/10\/causa-150x150.png",150,150,true],"medium":["https:\/\/apuntesdesanluis.com\/wp-content\/uploads\/2023\/10\/causa-300x168.png",300,168,true],"medium_large":["https:\/\/apuntesdesanluis.com\/wp-content\/uploads\/2023\/10\/causa.png",600,336,false],"large":["https:\/\/apuntesdesanluis.com\/wp-content\/uploads\/2023\/10\/causa.png",600,336,false],"1536x1536":["https:\/\/apuntesdesanluis.com\/wp-content\/uploads\/2023\/10\/causa.png",600,336,false],"2048x2048":["https:\/\/apuntesdesanluis.com\/wp-content\/uploads\/2023\/10\/causa.png",600,336,false],"newsever-slider-full":["https:\/\/apuntesdesanluis.com\/wp-content\/uploads\/2023\/10\/causa.png",600,336,false],"newsever-featured":["https:\/\/apuntesdesanluis.com\/wp-content\/uploads\/2023\/10\/causa.png",600,336,false],"newsever-medium":["https:\/\/apuntesdesanluis.com\/wp-content\/uploads\/2023\/10\/causa.png",600,336,false]},"author_info":{"display_name":"apuntesdesanluis.com","author_link":"https:\/\/apuntesdesanluis.com\/index.php\/author\/apuntesdesanluis-com\/"},"category_info":"<a href=\"https:\/\/apuntesdesanluis.com\/index.php\/category\/ciudad-provincia\/\" rel=\"category tag\">Ciudad\/Provincia<\/a>","tag_info":"Ciudad\/Provincia","comment_count":"0","_links":{"self":[{"href":"https:\/\/apuntesdesanluis.com\/index.php\/wp-json\/wp\/v2\/posts\/5070","targetHints":{"allow":["GET"]}}],"collection":[{"href":"https:\/\/apuntesdesanluis.com\/index.php\/wp-json\/wp\/v2\/posts"}],"about":[{"href":"https:\/\/apuntesdesanluis.com\/index.php\/wp-json\/wp\/v2\/types\/post"}],"author":[{"embeddable":true,"href":"https:\/\/apuntesdesanluis.com\/index.php\/wp-json\/wp\/v2\/users\/1"}],"replies":[{"embeddable":true,"href":"https:\/\/apuntesdesanluis.com\/index.php\/wp-json\/wp\/v2\/comments?post=5070"}],"version-history":[{"count":1,"href":"https:\/\/apuntesdesanluis.com\/index.php\/wp-json\/wp\/v2\/posts\/5070\/revisions"}],"predecessor-version":[{"id":5072,"href":"https:\/\/apuntesdesanluis.com\/index.php\/wp-json\/wp\/v2\/posts\/5070\/revisions\/5072"}],"wp:featuredmedia":[{"embeddable":true,"href":"https:\/\/apuntesdesanluis.com\/index.php\/wp-json\/wp\/v2\/media\/5071"}],"wp:attachment":[{"href":"https:\/\/apuntesdesanluis.com\/index.php\/wp-json\/wp\/v2\/media?parent=5070"}],"wp:term":[{"taxonomy":"category","embeddable":true,"href":"https:\/\/apuntesdesanluis.com\/index.php\/wp-json\/wp\/v2\/categories?post=5070"},{"taxonomy":"post_tag","embeddable":true,"href":"https:\/\/apuntesdesanluis.com\/index.php\/wp-json\/wp\/v2\/tags?post=5070"}],"curies":[{"name":"wp","href":"https:\/\/api.w.org\/{rel}","templated":true}]}}