{"id":508,"date":"2023-07-26T22:25:34","date_gmt":"2023-07-27T01:25:34","guid":{"rendered":"https:\/\/apuntesdesanluis.com\/?p=508"},"modified":"2023-07-26T22:31:03","modified_gmt":"2023-07-27T01:31:03","slug":"marcelo-sosa-fue-recibido-por-el-secretario-de-politicas-universitarias","status":"publish","type":"post","link":"https:\/\/apuntesdesanluis.com\/index.php\/2023\/07\/26\/marcelo-sosa-fue-recibido-por-el-secretario-de-politicas-universitarias\/","title":{"rendered":"MARCELO SOSA FUE RECIBIDO POR EL SECRETARIO DE POL\u00cdTICAS UNIVERSITARIAS"},"content":{"rendered":"<h3>El candidato a rector de la Universidad Nacional de Villa Mercedes, <strong>Dr. Marcelo Sosa<\/strong>, fue recibido este mi\u00e9rcoles en audiencia por el Secretario de Pol\u00edticas Universitarias (SPU), <strong>CPN Oscar Alpa, <\/strong>del Ministerio de Educaci\u00f3n de la Naci\u00f3n.<\/h3>\n<h3>El docente y dirigente villamercedino concurri\u00f3\u00a0 a CABA acompa\u00f1ado por el Secretario General del Sindicato de Trabajadores Universitarios de la UNViMe (SITUNVIME), <strong>Walter Rold\u00e1n<\/strong>, y durante la audiencia que se extendi\u00f3 casi dos horas, plantearon a Alpa diferentes cuestiones relacionadas con la casa de estudios superiores de Villa Mercedes.<\/h3>\n<h3>Entre otros temas, Sosa y Roldan plantearon la posibilidad de gestionar el dictado de doctorados gratuitos para docentes y la puesta en marcha de la Licenciatura\u00a0en Administraci\u00f3n y Gesti\u00f3n Universitaria para\u00a0los trabajadores nodocentes, en el marco del Tratado de El Cald\u00e9n.<\/h3>\n<h3>Particularmente el candidato a rector para las elecciones del pr\u00f3ximo 16 de agosto efectu\u00f3 adem\u00e1s diferentes consultas relacionadas con la posibilidad de \u201cpotenciar la carrera de Medicina y de otras ofertas acad\u00e9micas vinculadas con Ciencias de la Salud\u201d.<\/h3>\n<h3>\u201cAlpa nos plante\u00f3 que en los casos de Medicina y Enfermer\u00eda, entre otras, se trata de carreras estrat\u00e9gicas para nuestro pa\u00eds, sobre las que existe una gran demanda, por lo que el Ministerio de Educaci\u00f3n y la SPU tienen total predisposici\u00f3n a brindar su apoyo\u201d, apunt\u00f3.<\/h3>\n<h3>Por otro lado, Sosa inform\u00f3 que plante\u00f3 al titular de la SPU la necesidad de &#8220;jerarquizar la sede universitaria de Justo Daract, donde funciona la Escuela de Ciencias Sociales y Educaci\u00f3n. Tanto en lo que respecta a la creaci\u00f3n de nuevas carreras como a la construcci\u00f3n de su sede propia, para consolidar su crecimiento, como respuesta a una sentida demanda no s\u00f3lo de esta ciudad, sino tambi\u00e9n de su regi\u00f3n de influencia, teniendo en cuenta su cercan\u00eda con localidades del sur de C\u00f3rdoba&#8221;.<\/h3>\n<h3>\u201cLa verdad es que nos encontramos con un funcionario sensible, abierto y muy amable, absolutamente comprometido con la defensa de la educaci\u00f3n p\u00fablica. Coincidimos que frente a la crisis que atraviesa la sociedad, la educaci\u00f3n superior es un derecho humano fundamental, cuya gratuidad debemos defender y consolidar, frente a algunos proyectos neoliberables que est\u00e1n exponiendo algunos precandidatos a presidente, que pretenden someterla a un ajuste, siguiendo los dictados del Fondo Monetario Internacional\u201d, expres\u00f3 Marcelo Sosa.<\/h3>\n<p><img fetchpriority=\"high\" decoding=\"async\" class=\"wp-image-510 aligncenter\" src=\"https:\/\/apuntesdesanluis.com\/wp-content\/uploads\/2023\/07\/sosa-en-la-spu-300x197.png\" alt=\"\" width=\"715\" height=\"469\" srcset=\"https:\/\/apuntesdesanluis.com\/wp-content\/uploads\/2023\/07\/sosa-en-la-spu-300x197.png 300w, https:\/\/apuntesdesanluis.com\/wp-content\/uploads\/2023\/07\/sosa-en-la-spu-768x505.png 768w, https:\/\/apuntesdesanluis.com\/wp-content\/uploads\/2023\/07\/sosa-en-la-spu.png 966w\" sizes=\"(max-width: 715px) 100vw, 715px\" \/><\/p>\n","protected":false},"excerpt":{"rendered":"<p>El candidato a rector de la Universidad Nacional de Villa Mercedes, Dr. Marcelo Sosa, fue&#8230;<\/p>\n","protected":false},"author":1,"featured_media":509,"comment_status":"closed","ping_status":"closed","sticky":false,"template":"","format":"standard","meta":{"footnotes":""},"categories":[6],"tags":[],"class_list":["post-508","post","type-post","status-publish","format-standard","has-post-thumbnail","hentry","category-ciudad-provincia"],"yoast_head":"<!-- This site is optimized with the Yoast SEO plugin v26.1.1 - https:\/\/yoast.com\/wordpress\/plugins\/seo\/ -->\n<title>MARCELO SOSA FUE RECIBIDO POR EL SECRETARIO DE POL\u00cdTICAS UNIVERSITARIAS - Apuntes de San Luis<\/title>\n<meta name=\"robots\" content=\"index, follow, max-snippet:-1, max-image-preview:large, max-video-preview:-1\" \/>\n<link rel=\"canonical\" href=\"https:\/\/apuntesdesanluis.com\/index.php\/2023\/07\/26\/marcelo-sosa-fue-recibido-por-el-secretario-de-politicas-universitarias\/\" \/>\n<meta property=\"og:locale\" content=\"es_ES\" \/>\n<meta property=\"og:type\" content=\"article\" \/>\n<meta property=\"og:title\" content=\"MARCELO SOSA FUE RECIBIDO POR EL SECRETARIO DE POL\u00cdTICAS UNIVERSITARIAS - Apuntes de San Luis\" \/>\n<meta property=\"og:description\" content=\"El candidato a rector de la Universidad Nacional de Villa Mercedes, Dr. Marcelo Sosa, fue...\" \/>\n<meta property=\"og:url\" content=\"https:\/\/apuntesdesanluis.com\/index.php\/2023\/07\/26\/marcelo-sosa-fue-recibido-por-el-secretario-de-politicas-universitarias\/\" \/>\n<meta property=\"og:site_name\" content=\"Apuntes de San Luis\" \/>\n<meta property=\"article:published_time\" content=\"2023-07-27T01:25:34+00:00\" \/>\n<meta property=\"article:modified_time\" content=\"2023-07-27T01:31:03+00:00\" \/>\n<meta property=\"og:image\" content=\"https:\/\/apuntesdesanluis.com\/wp-content\/uploads\/2023\/07\/sosa-con-alpa.png\" \/>\n\t<meta property=\"og:image:width\" content=\"855\" \/>\n\t<meta property=\"og:image:height\" content=\"578\" \/>\n\t<meta property=\"og:image:type\" content=\"image\/png\" \/>\n<meta name=\"author\" content=\"apuntesdesanluis.com\" \/>\n<meta name=\"twitter:card\" content=\"summary_large_image\" \/>\n<meta name=\"twitter:label1\" content=\"Escrito por\" \/>\n\t<meta name=\"twitter:data1\" content=\"apuntesdesanluis.com\" \/>\n\t<meta name=\"twitter:label2\" content=\"Tiempo de lectura\" \/>\n\t<meta name=\"twitter:data2\" content=\"2 minutos\" \/>\n<script type=\"application\/ld+json\" class=\"yoast-schema-graph\">{\"@context\":\"https:\/\/schema.org\",\"@graph\":[{\"@type\":\"Article\",\"@id\":\"https:\/\/apuntesdesanluis.com\/index.php\/2023\/07\/26\/marcelo-sosa-fue-recibido-por-el-secretario-de-politicas-universitarias\/#article\",\"isPartOf\":{\"@id\":\"https:\/\/apuntesdesanluis.com\/index.php\/2023\/07\/26\/marcelo-sosa-fue-recibido-por-el-secretario-de-politicas-universitarias\/\"},\"author\":{\"name\":\"apuntesdesanluis.com\",\"@id\":\"https:\/\/apuntesdesanluis.com\/#\/schema\/person\/b55151d52296fcce64d1a72538a70b90\"},\"headline\":\"MARCELO SOSA FUE RECIBIDO POR EL SECRETARIO DE POL\u00cdTICAS UNIVERSITARIAS\",\"datePublished\":\"2023-07-27T01:25:34+00:00\",\"dateModified\":\"2023-07-27T01:31:03+00:00\",\"mainEntityOfPage\":{\"@id\":\"https:\/\/apuntesdesanluis.com\/index.php\/2023\/07\/26\/marcelo-sosa-fue-recibido-por-el-secretario-de-politicas-universitarias\/\"},\"wordCount\":410,\"publisher\":{\"@id\":\"https:\/\/apuntesdesanluis.com\/#\/schema\/person\/b55151d52296fcce64d1a72538a70b90\"},\"image\":{\"@id\":\"https:\/\/apuntesdesanluis.com\/index.php\/2023\/07\/26\/marcelo-sosa-fue-recibido-por-el-secretario-de-politicas-universitarias\/#primaryimage\"},\"thumbnailUrl\":\"https:\/\/apuntesdesanluis.com\/wp-content\/uploads\/2023\/07\/sosa-con-alpa.png\",\"articleSection\":[\"Ciudad\/Provincia\"],\"inLanguage\":\"es-AR\"},{\"@type\":\"WebPage\",\"@id\":\"https:\/\/apuntesdesanluis.com\/index.php\/2023\/07\/26\/marcelo-sosa-fue-recibido-por-el-secretario-de-politicas-universitarias\/\",\"url\":\"https:\/\/apuntesdesanluis.com\/index.php\/2023\/07\/26\/marcelo-sosa-fue-recibido-por-el-secretario-de-politicas-universitarias\/\",\"name\":\"MARCELO SOSA FUE RECIBIDO POR EL SECRETARIO DE POL\u00cdTICAS UNIVERSITARIAS - Apuntes de San Luis\",\"isPartOf\":{\"@id\":\"https:\/\/apuntesdesanluis.com\/#website\"},\"primaryImageOfPage\":{\"@id\":\"https:\/\/apuntesdesanluis.com\/index.php\/2023\/07\/26\/marcelo-sosa-fue-recibido-por-el-secretario-de-politicas-universitarias\/#primaryimage\"},\"image\":{\"@id\":\"https:\/\/apuntesdesanluis.com\/index.php\/2023\/07\/26\/marcelo-sosa-fue-recibido-por-el-secretario-de-politicas-universitarias\/#primaryimage\"},\"thumbnailUrl\":\"https:\/\/apuntesdesanluis.com\/wp-content\/uploads\/2023\/07\/sosa-con-alpa.png\",\"datePublished\":\"2023-07-27T01:25:34+00:00\",\"dateModified\":\"2023-07-27T01:31:03+00:00\",\"breadcrumb\":{\"@id\":\"https:\/\/apuntesdesanluis.com\/index.php\/2023\/07\/26\/marcelo-sosa-fue-recibido-por-el-secretario-de-politicas-universitarias\/#breadcrumb\"},\"inLanguage\":\"es-AR\",\"potentialAction\":[{\"@type\":\"ReadAction\",\"target\":[\"https:\/\/apuntesdesanluis.com\/index.php\/2023\/07\/26\/marcelo-sosa-fue-recibido-por-el-secretario-de-politicas-universitarias\/\"]}]},{\"@type\":\"ImageObject\",\"inLanguage\":\"es-AR\",\"@id\":\"https:\/\/apuntesdesanluis.com\/index.php\/2023\/07\/26\/marcelo-sosa-fue-recibido-por-el-secretario-de-politicas-universitarias\/#primaryimage\",\"url\":\"https:\/\/apuntesdesanluis.com\/wp-content\/uploads\/2023\/07\/sosa-con-alpa.png\",\"contentUrl\":\"https:\/\/apuntesdesanluis.com\/wp-content\/uploads\/2023\/07\/sosa-con-alpa.png\",\"width\":855,\"height\":578},{\"@type\":\"BreadcrumbList\",\"@id\":\"https:\/\/apuntesdesanluis.com\/index.php\/2023\/07\/26\/marcelo-sosa-fue-recibido-por-el-secretario-de-politicas-universitarias\/#breadcrumb\",\"itemListElement\":[{\"@type\":\"ListItem\",\"position\":1,\"name\":\"Inicio\",\"item\":\"https:\/\/apuntesdesanluis.com\/\"},{\"@type\":\"ListItem\",\"position\":2,\"name\":\"MARCELO SOSA FUE RECIBIDO POR EL SECRETARIO DE POL\u00cdTICAS UNIVERSITARIAS\"}]},{\"@type\":\"WebSite\",\"@id\":\"https:\/\/apuntesdesanluis.com\/#website\",\"url\":\"https:\/\/apuntesdesanluis.com\/\",\"name\":\"Apuntes de San Luis\",\"description\":\"\",\"publisher\":{\"@id\":\"https:\/\/apuntesdesanluis.com\/#\/schema\/person\/b55151d52296fcce64d1a72538a70b90\"},\"potentialAction\":[{\"@type\":\"SearchAction\",\"target\":{\"@type\":\"EntryPoint\",\"urlTemplate\":\"https:\/\/apuntesdesanluis.com\/?s={search_term_string}\"},\"query-input\":{\"@type\":\"PropertyValueSpecification\",\"valueRequired\":true,\"valueName\":\"search_term_string\"}}],\"inLanguage\":\"es-AR\"},{\"@type\":[\"Person\",\"Organization\"],\"@id\":\"https:\/\/apuntesdesanluis.com\/#\/schema\/person\/b55151d52296fcce64d1a72538a70b90\",\"name\":\"apuntesdesanluis.com\",\"image\":{\"@type\":\"ImageObject\",\"inLanguage\":\"es-AR\",\"@id\":\"https:\/\/apuntesdesanluis.com\/#\/schema\/person\/image\/\",\"url\":\"https:\/\/apuntesdesanluis.com\/wp-content\/uploads\/2023\/07\/cropped-apuntesdesanluis.png\",\"contentUrl\":\"https:\/\/apuntesdesanluis.com\/wp-content\/uploads\/2023\/07\/cropped-apuntesdesanluis.png\",\"width\":450,\"height\":112,\"caption\":\"apuntesdesanluis.com\"},\"logo\":{\"@id\":\"https:\/\/apuntesdesanluis.com\/#\/schema\/person\/image\/\"},\"sameAs\":[\"https:\/\/apuntesdesanluis.com\"],\"url\":\"https:\/\/apuntesdesanluis.com\/index.php\/author\/apuntesdesanluis-com\/\"}]}<\/script>\n<!-- \/ Yoast SEO plugin. -->","yoast_head_json":{"title":"MARCELO SOSA FUE RECIBIDO POR EL SECRETARIO DE POL\u00cdTICAS UNIVERSITARIAS - Apuntes de San Luis","robots":{"index":"index","follow":"follow","max-snippet":"max-snippet:-1","max-image-preview":"max-image-preview:large","max-video-preview":"max-video-preview:-1"},"canonical":"https:\/\/apuntesdesanluis.com\/index.php\/2023\/07\/26\/marcelo-sosa-fue-recibido-por-el-secretario-de-politicas-universitarias\/","og_locale":"es_ES","og_type":"article","og_title":"MARCELO SOSA FUE RECIBIDO POR EL SECRETARIO DE POL\u00cdTICAS UNIVERSITARIAS - Apuntes de San Luis","og_description":"El candidato a rector de la Universidad Nacional de Villa Mercedes, Dr. Marcelo Sosa, fue...","og_url":"https:\/\/apuntesdesanluis.com\/index.php\/2023\/07\/26\/marcelo-sosa-fue-recibido-por-el-secretario-de-politicas-universitarias\/","og_site_name":"Apuntes de San Luis","article_published_time":"2023-07-27T01:25:34+00:00","article_modified_time":"2023-07-27T01:31:03+00:00","og_image":[{"width":855,"height":578,"url":"https:\/\/apuntesdesanluis.com\/wp-content\/uploads\/2023\/07\/sosa-con-alpa.png","type":"image\/png"}],"author":"apuntesdesanluis.com","twitter_card":"summary_large_image","twitter_misc":{"Escrito por":"apuntesdesanluis.com","Tiempo de lectura":"2 minutos"},"schema":{"@context":"https:\/\/schema.org","@graph":[{"@type":"Article","@id":"https:\/\/apuntesdesanluis.com\/index.php\/2023\/07\/26\/marcelo-sosa-fue-recibido-por-el-secretario-de-politicas-universitarias\/#article","isPartOf":{"@id":"https:\/\/apuntesdesanluis.com\/index.php\/2023\/07\/26\/marcelo-sosa-fue-recibido-por-el-secretario-de-politicas-universitarias\/"},"author":{"name":"apuntesdesanluis.com","@id":"https:\/\/apuntesdesanluis.com\/#\/schema\/person\/b55151d52296fcce64d1a72538a70b90"},"headline":"MARCELO SOSA FUE RECIBIDO POR EL SECRETARIO DE POL\u00cdTICAS UNIVERSITARIAS","datePublished":"2023-07-27T01:25:34+00:00","dateModified":"2023-07-27T01:31:03+00:00","mainEntityOfPage":{"@id":"https:\/\/apuntesdesanluis.com\/index.php\/2023\/07\/26\/marcelo-sosa-fue-recibido-por-el-secretario-de-politicas-universitarias\/"},"wordCount":410,"publisher":{"@id":"https:\/\/apuntesdesanluis.com\/#\/schema\/person\/b55151d52296fcce64d1a72538a70b90"},"image":{"@id":"https:\/\/apuntesdesanluis.com\/index.php\/2023\/07\/26\/marcelo-sosa-fue-recibido-por-el-secretario-de-politicas-universitarias\/#primaryimage"},"thumbnailUrl":"https:\/\/apuntesdesanluis.com\/wp-content\/uploads\/2023\/07\/sosa-con-alpa.png","articleSection":["Ciudad\/Provincia"],"inLanguage":"es-AR"},{"@type":"WebPage","@id":"https:\/\/apuntesdesanluis.com\/index.php\/2023\/07\/26\/marcelo-sosa-fue-recibido-por-el-secretario-de-politicas-universitarias\/","url":"https:\/\/apuntesdesanluis.com\/index.php\/2023\/07\/26\/marcelo-sosa-fue-recibido-por-el-secretario-de-politicas-universitarias\/","name":"MARCELO SOSA FUE RECIBIDO POR EL SECRETARIO DE POL\u00cdTICAS UNIVERSITARIAS - Apuntes de San Luis","isPartOf":{"@id":"https:\/\/apuntesdesanluis.com\/#website"},"primaryImageOfPage":{"@id":"https:\/\/apuntesdesanluis.com\/index.php\/2023\/07\/26\/marcelo-sosa-fue-recibido-por-el-secretario-de-politicas-universitarias\/#primaryimage"},"image":{"@id":"https:\/\/apuntesdesanluis.com\/index.php\/2023\/07\/26\/marcelo-sosa-fue-recibido-por-el-secretario-de-politicas-universitarias\/#primaryimage"},"thumbnailUrl":"https:\/\/apuntesdesanluis.com\/wp-content\/uploads\/2023\/07\/sosa-con-alpa.png","datePublished":"2023-07-27T01:25:34+00:00","dateModified":"2023-07-27T01:31:03+00:00","breadcrumb":{"@id":"https:\/\/apuntesdesanluis.com\/index.php\/2023\/07\/26\/marcelo-sosa-fue-recibido-por-el-secretario-de-politicas-universitarias\/#breadcrumb"},"inLanguage":"es-AR","potentialAction":[{"@type":"ReadAction","target":["https:\/\/apuntesdesanluis.com\/index.php\/2023\/07\/26\/marcelo-sosa-fue-recibido-por-el-secretario-de-politicas-universitarias\/"]}]},{"@type":"ImageObject","inLanguage":"es-AR","@id":"https:\/\/apuntesdesanluis.com\/index.php\/2023\/07\/26\/marcelo-sosa-fue-recibido-por-el-secretario-de-politicas-universitarias\/#primaryimage","url":"https:\/\/apuntesdesanluis.com\/wp-content\/uploads\/2023\/07\/sosa-con-alpa.png","contentUrl":"https:\/\/apuntesdesanluis.com\/wp-content\/uploads\/2023\/07\/sosa-con-alpa.png","width":855,"height":578},{"@type":"BreadcrumbList","@id":"https:\/\/apuntesdesanluis.com\/index.php\/2023\/07\/26\/marcelo-sosa-fue-recibido-por-el-secretario-de-politicas-universitarias\/#breadcrumb","itemListElement":[{"@type":"ListItem","position":1,"name":"Inicio","item":"https:\/\/apuntesdesanluis.com\/"},{"@type":"ListItem","position":2,"name":"MARCELO SOSA FUE RECIBIDO POR EL SECRETARIO DE POL\u00cdTICAS UNIVERSITARIAS"}]},{"@type":"WebSite","@id":"https:\/\/apuntesdesanluis.com\/#website","url":"https:\/\/apuntesdesanluis.com\/","name":"Apuntes de San Luis","description":"","publisher":{"@id":"https:\/\/apuntesdesanluis.com\/#\/schema\/person\/b55151d52296fcce64d1a72538a70b90"},"potentialAction":[{"@type":"SearchAction","target":{"@type":"EntryPoint","urlTemplate":"https:\/\/apuntesdesanluis.com\/?s={search_term_string}"},"query-input":{"@type":"PropertyValueSpecification","valueRequired":true,"valueName":"search_term_string"}}],"inLanguage":"es-AR"},{"@type":["Person","Organization"],"@id":"https:\/\/apuntesdesanluis.com\/#\/schema\/person\/b55151d52296fcce64d1a72538a70b90","name":"apuntesdesanluis.com","image":{"@type":"ImageObject","inLanguage":"es-AR","@id":"https:\/\/apuntesdesanluis.com\/#\/schema\/person\/image\/","url":"https:\/\/apuntesdesanluis.com\/wp-content\/uploads\/2023\/07\/cropped-apuntesdesanluis.png","contentUrl":"https:\/\/apuntesdesanluis.com\/wp-content\/uploads\/2023\/07\/cropped-apuntesdesanluis.png","width":450,"height":112,"caption":"apuntesdesanluis.com"},"logo":{"@id":"https:\/\/apuntesdesanluis.com\/#\/schema\/person\/image\/"},"sameAs":["https:\/\/apuntesdesanluis.com"],"url":"https:\/\/apuntesdesanluis.com\/index.php\/author\/apuntesdesanluis-com\/"}]}},"featured_image_urls":{"full":["https:\/\/apuntesdesanluis.com\/wp-content\/uploads\/2023\/07\/sosa-con-alpa.png",855,578,false],"thumbnail":["https:\/\/apuntesdesanluis.com\/wp-content\/uploads\/2023\/07\/sosa-con-alpa-150x150.png",150,150,true],"medium":["https:\/\/apuntesdesanluis.com\/wp-content\/uploads\/2023\/07\/sosa-con-alpa-300x203.png",300,203,true],"medium_large":["https:\/\/apuntesdesanluis.com\/wp-content\/uploads\/2023\/07\/sosa-con-alpa-768x519.png",640,433,true],"large":["https:\/\/apuntesdesanluis.com\/wp-content\/uploads\/2023\/07\/sosa-con-alpa.png",640,433,false],"1536x1536":["https:\/\/apuntesdesanluis.com\/wp-content\/uploads\/2023\/07\/sosa-con-alpa.png",855,578,false],"2048x2048":["https:\/\/apuntesdesanluis.com\/wp-content\/uploads\/2023\/07\/sosa-con-alpa.png",855,578,false],"newsever-slider-full":["https:\/\/apuntesdesanluis.com\/wp-content\/uploads\/2023\/07\/sosa-con-alpa.png",855,578,false],"newsever-featured":["https:\/\/apuntesdesanluis.com\/wp-content\/uploads\/2023\/07\/sosa-con-alpa.png",855,578,false],"newsever-medium":["https:\/\/apuntesdesanluis.com\/wp-content\/uploads\/2023\/07\/sosa-con-alpa-720x475.png",720,475,true]},"author_info":{"display_name":"apuntesdesanluis.com","author_link":"https:\/\/apuntesdesanluis.com\/index.php\/author\/apuntesdesanluis-com\/"},"category_info":"<a href=\"https:\/\/apuntesdesanluis.com\/index.php\/category\/ciudad-provincia\/\" rel=\"category tag\">Ciudad\/Provincia<\/a>","tag_info":"Ciudad\/Provincia","comment_count":"0","_links":{"self":[{"href":"https:\/\/apuntesdesanluis.com\/index.php\/wp-json\/wp\/v2\/posts\/508","targetHints":{"allow":["GET"]}}],"collection":[{"href":"https:\/\/apuntesdesanluis.com\/index.php\/wp-json\/wp\/v2\/posts"}],"about":[{"href":"https:\/\/apuntesdesanluis.com\/index.php\/wp-json\/wp\/v2\/types\/post"}],"author":[{"embeddable":true,"href":"https:\/\/apuntesdesanluis.com\/index.php\/wp-json\/wp\/v2\/users\/1"}],"replies":[{"embeddable":true,"href":"https:\/\/apuntesdesanluis.com\/index.php\/wp-json\/wp\/v2\/comments?post=508"}],"version-history":[{"count":5,"href":"https:\/\/apuntesdesanluis.com\/index.php\/wp-json\/wp\/v2\/posts\/508\/revisions"}],"predecessor-version":[{"id":515,"href":"https:\/\/apuntesdesanluis.com\/index.php\/wp-json\/wp\/v2\/posts\/508\/revisions\/515"}],"wp:featuredmedia":[{"embeddable":true,"href":"https:\/\/apuntesdesanluis.com\/index.php\/wp-json\/wp\/v2\/media\/509"}],"wp:attachment":[{"href":"https:\/\/apuntesdesanluis.com\/index.php\/wp-json\/wp\/v2\/media?parent=508"}],"wp:term":[{"taxonomy":"category","embeddable":true,"href":"https:\/\/apuntesdesanluis.com\/index.php\/wp-json\/wp\/v2\/categories?post=508"},{"taxonomy":"post_tag","embeddable":true,"href":"https:\/\/apuntesdesanluis.com\/index.php\/wp-json\/wp\/v2\/tags?post=508"}],"curies":[{"name":"wp","href":"https:\/\/api.w.org\/{rel}","templated":true}]}}