{"id":5085,"date":"2023-10-11T21:21:19","date_gmt":"2023-10-12T00:21:19","guid":{"rendered":"https:\/\/apuntesdesanluis.com\/?p=5085"},"modified":"2023-10-12T11:40:14","modified_gmt":"2023-10-12T14:40:14","slug":"el-30-de-octubre-iniciara-el-juicio-oral-contra-el-juez-agustin-ruta","status":"publish","type":"post","link":"https:\/\/apuntesdesanluis.com\/index.php\/2023\/10\/11\/el-30-de-octubre-iniciara-el-juicio-oral-contra-el-juez-agustin-ruta\/","title":{"rendered":"EL 30 DE OCTUBRE INICIAR\u00c1 EL JUICIO ORAL CONTRA EL JUEZ AGUST\u00cdN RUTA"},"content":{"rendered":"<h3>El Jurado de Enjuiciamiento de Magistrados y Funcionarios de la provincia de San Luis, fij\u00f3 para el pr\u00f3ximo 30 de octubre la fecha de inicio del juicio oral en contra del Dr.<strong> Jos\u00e9 Agust\u00edn Ruta<\/strong>, juez Civil, Comercial y Ambiental N\u00ba 4.<\/h3>\n<h3>El referido juicio se desarrollar\u00e1 a partir de las 9.00hs. en la Sala de Acuerdos del Palacio de Justicia, ubicada en el primer piso del mencionado edificio, sito en calle 9 de Julio 934 de la ciudad de San Luis.<\/h3>\n<h3>La presente medida fue firmada por el Presidente del Jurado, Dr.<strong> Jorge Alberto Levingston<\/strong>, en cumplimiento a lo dispuesto por el art. 38 de la Ley VI-0478-2005, Texto Ordenado Ley XVIII-0712-2010, Ley VI-0640-2008.<\/h3>\n<h3>En la primera causa que tiene abierta, y que fue primicia de La Gaceta Digital, se investiga la conducta de Ruta por el presunto delito de acci\u00f3n p\u00fablica en el marco de la causa de los 66 millones del expediente Codapri SA contra el banco Macro; mientras que, en la otra, el procurador general <strong>Luis Mart\u00ednez<\/strong> pidi\u00f3 que se investigue al juez por una denuncia por difamaci\u00f3n de la fiscal de Juicio <strong>Virginia Palacios<\/strong> a trav\u00e9s de la viralizaci\u00f3n por WhatsApp de fotos.<\/h3>\n<h3>Es importante recordar que, por la causa del presunto delito de acci\u00f3n p\u00fablica, Ruta fue suspendido a fines de junio con una reducci\u00f3n salarial del 50% mientras dure el juicio.<\/h3>\n<h3>Luego de que se tomara esta medida, se conoci\u00f3 la presentaci\u00f3n realizada por el cuestionado juez para defenderse, tratando a Mart\u00ednez de &#8220;celoso, ignorante y de falto de experiencia en el ejercicio del Derecho. El Sr. Procurador evidencia la costumbre de celar lo ajeno, de modo que no envidia el auto nuevo del vecino, si no que pretende que el vecino no tenga coche\u201d, dice Ruta en una de las partes m\u00e1s c\u00f3micas de su defensa, donde tambi\u00e9n describe a la denuncia en su contra \u201ccomo un crecepelo por un buhonero de carromato\u201d y advierte que \u201clo denunciado resulta m\u00e1s falso que billete de \u2018Monopoly\u2019\u201d.<\/h3>\n<h3>Seg\u00fan fuentes tribunalicias, todas las se\u00f1ales indican que Ruta va camino a una segura destituci\u00f3n&#8230;<\/h3>\n","protected":false},"excerpt":{"rendered":"<p>El Jurado de Enjuiciamiento de Magistrados y Funcionarios de la provincia de San Luis, fij\u00f3&#8230;<\/p>\n","protected":false},"author":1,"featured_media":5086,"comment_status":"closed","ping_status":"closed","sticky":false,"template":"","format":"standard","meta":{"footnotes":""},"categories":[6],"tags":[],"class_list":["post-5085","post","type-post","status-publish","format-standard","has-post-thumbnail","hentry","category-ciudad-provincia"],"yoast_head":"<!-- This site is optimized with the Yoast SEO plugin v26.1.1 - https:\/\/yoast.com\/wordpress\/plugins\/seo\/ -->\n<title>EL 30 DE OCTUBRE INICIAR\u00c1 EL JUICIO ORAL CONTRA EL JUEZ AGUST\u00cdN RUTA - Apuntes de San Luis<\/title>\n<meta name=\"robots\" content=\"index, follow, max-snippet:-1, max-image-preview:large, max-video-preview:-1\" \/>\n<link rel=\"canonical\" href=\"https:\/\/apuntesdesanluis.com\/index.php\/2023\/10\/11\/el-30-de-octubre-iniciara-el-juicio-oral-contra-el-juez-agustin-ruta\/\" \/>\n<meta property=\"og:locale\" content=\"es_ES\" \/>\n<meta property=\"og:type\" content=\"article\" \/>\n<meta property=\"og:title\" content=\"EL 30 DE OCTUBRE INICIAR\u00c1 EL JUICIO ORAL CONTRA EL JUEZ AGUST\u00cdN RUTA - Apuntes de San Luis\" \/>\n<meta property=\"og:description\" content=\"El Jurado de Enjuiciamiento de Magistrados y Funcionarios de la provincia de San Luis, fij\u00f3...\" \/>\n<meta property=\"og:url\" content=\"https:\/\/apuntesdesanluis.com\/index.php\/2023\/10\/11\/el-30-de-octubre-iniciara-el-juicio-oral-contra-el-juez-agustin-ruta\/\" \/>\n<meta property=\"og:site_name\" content=\"Apuntes de San Luis\" \/>\n<meta property=\"article:published_time\" content=\"2023-10-12T00:21:19+00:00\" \/>\n<meta property=\"article:modified_time\" content=\"2023-10-12T14:40:14+00:00\" \/>\n<meta property=\"og:image\" content=\"https:\/\/apuntesdesanluis.com\/wp-content\/uploads\/2023\/10\/agusstin-ruta.png\" \/>\n\t<meta property=\"og:image:width\" content=\"665\" \/>\n\t<meta property=\"og:image:height\" content=\"382\" \/>\n\t<meta property=\"og:image:type\" content=\"image\/png\" \/>\n<meta name=\"author\" content=\"apuntesdesanluis.com\" \/>\n<meta name=\"twitter:card\" content=\"summary_large_image\" \/>\n<meta name=\"twitter:label1\" content=\"Escrito por\" \/>\n\t<meta name=\"twitter:data1\" content=\"apuntesdesanluis.com\" \/>\n\t<meta name=\"twitter:label2\" content=\"Tiempo de lectura\" \/>\n\t<meta name=\"twitter:data2\" content=\"2 minutos\" \/>\n<script type=\"application\/ld+json\" class=\"yoast-schema-graph\">{\"@context\":\"https:\/\/schema.org\",\"@graph\":[{\"@type\":\"Article\",\"@id\":\"https:\/\/apuntesdesanluis.com\/index.php\/2023\/10\/11\/el-30-de-octubre-iniciara-el-juicio-oral-contra-el-juez-agustin-ruta\/#article\",\"isPartOf\":{\"@id\":\"https:\/\/apuntesdesanluis.com\/index.php\/2023\/10\/11\/el-30-de-octubre-iniciara-el-juicio-oral-contra-el-juez-agustin-ruta\/\"},\"author\":{\"name\":\"apuntesdesanluis.com\",\"@id\":\"https:\/\/apuntesdesanluis.com\/#\/schema\/person\/b55151d52296fcce64d1a72538a70b90\"},\"headline\":\"EL 30 DE OCTUBRE INICIAR\u00c1 EL JUICIO ORAL CONTRA EL JUEZ AGUST\u00cdN RUTA\",\"datePublished\":\"2023-10-12T00:21:19+00:00\",\"dateModified\":\"2023-10-12T14:40:14+00:00\",\"mainEntityOfPage\":{\"@id\":\"https:\/\/apuntesdesanluis.com\/index.php\/2023\/10\/11\/el-30-de-octubre-iniciara-el-juicio-oral-contra-el-juez-agustin-ruta\/\"},\"wordCount\":377,\"publisher\":{\"@id\":\"https:\/\/apuntesdesanluis.com\/#\/schema\/person\/b55151d52296fcce64d1a72538a70b90\"},\"image\":{\"@id\":\"https:\/\/apuntesdesanluis.com\/index.php\/2023\/10\/11\/el-30-de-octubre-iniciara-el-juicio-oral-contra-el-juez-agustin-ruta\/#primaryimage\"},\"thumbnailUrl\":\"https:\/\/apuntesdesanluis.com\/wp-content\/uploads\/2023\/10\/agusstin-ruta.png\",\"articleSection\":[\"Ciudad\/Provincia\"],\"inLanguage\":\"es-AR\"},{\"@type\":\"WebPage\",\"@id\":\"https:\/\/apuntesdesanluis.com\/index.php\/2023\/10\/11\/el-30-de-octubre-iniciara-el-juicio-oral-contra-el-juez-agustin-ruta\/\",\"url\":\"https:\/\/apuntesdesanluis.com\/index.php\/2023\/10\/11\/el-30-de-octubre-iniciara-el-juicio-oral-contra-el-juez-agustin-ruta\/\",\"name\":\"EL 30 DE OCTUBRE INICIAR\u00c1 EL JUICIO ORAL CONTRA EL JUEZ AGUST\u00cdN RUTA - Apuntes de San Luis\",\"isPartOf\":{\"@id\":\"https:\/\/apuntesdesanluis.com\/#website\"},\"primaryImageOfPage\":{\"@id\":\"https:\/\/apuntesdesanluis.com\/index.php\/2023\/10\/11\/el-30-de-octubre-iniciara-el-juicio-oral-contra-el-juez-agustin-ruta\/#primaryimage\"},\"image\":{\"@id\":\"https:\/\/apuntesdesanluis.com\/index.php\/2023\/10\/11\/el-30-de-octubre-iniciara-el-juicio-oral-contra-el-juez-agustin-ruta\/#primaryimage\"},\"thumbnailUrl\":\"https:\/\/apuntesdesanluis.com\/wp-content\/uploads\/2023\/10\/agusstin-ruta.png\",\"datePublished\":\"2023-10-12T00:21:19+00:00\",\"dateModified\":\"2023-10-12T14:40:14+00:00\",\"breadcrumb\":{\"@id\":\"https:\/\/apuntesdesanluis.com\/index.php\/2023\/10\/11\/el-30-de-octubre-iniciara-el-juicio-oral-contra-el-juez-agustin-ruta\/#breadcrumb\"},\"inLanguage\":\"es-AR\",\"potentialAction\":[{\"@type\":\"ReadAction\",\"target\":[\"https:\/\/apuntesdesanluis.com\/index.php\/2023\/10\/11\/el-30-de-octubre-iniciara-el-juicio-oral-contra-el-juez-agustin-ruta\/\"]}]},{\"@type\":\"ImageObject\",\"inLanguage\":\"es-AR\",\"@id\":\"https:\/\/apuntesdesanluis.com\/index.php\/2023\/10\/11\/el-30-de-octubre-iniciara-el-juicio-oral-contra-el-juez-agustin-ruta\/#primaryimage\",\"url\":\"https:\/\/apuntesdesanluis.com\/wp-content\/uploads\/2023\/10\/agusstin-ruta.png\",\"contentUrl\":\"https:\/\/apuntesdesanluis.com\/wp-content\/uploads\/2023\/10\/agusstin-ruta.png\",\"width\":665,\"height\":382},{\"@type\":\"BreadcrumbList\",\"@id\":\"https:\/\/apuntesdesanluis.com\/index.php\/2023\/10\/11\/el-30-de-octubre-iniciara-el-juicio-oral-contra-el-juez-agustin-ruta\/#breadcrumb\",\"itemListElement\":[{\"@type\":\"ListItem\",\"position\":1,\"name\":\"Inicio\",\"item\":\"https:\/\/apuntesdesanluis.com\/\"},{\"@type\":\"ListItem\",\"position\":2,\"name\":\"EL 30 DE OCTUBRE INICIAR\u00c1 EL JUICIO ORAL CONTRA EL JUEZ AGUST\u00cdN RUTA\"}]},{\"@type\":\"WebSite\",\"@id\":\"https:\/\/apuntesdesanluis.com\/#website\",\"url\":\"https:\/\/apuntesdesanluis.com\/\",\"name\":\"Apuntes de San Luis\",\"description\":\"\",\"publisher\":{\"@id\":\"https:\/\/apuntesdesanluis.com\/#\/schema\/person\/b55151d52296fcce64d1a72538a70b90\"},\"potentialAction\":[{\"@type\":\"SearchAction\",\"target\":{\"@type\":\"EntryPoint\",\"urlTemplate\":\"https:\/\/apuntesdesanluis.com\/?s={search_term_string}\"},\"query-input\":{\"@type\":\"PropertyValueSpecification\",\"valueRequired\":true,\"valueName\":\"search_term_string\"}}],\"inLanguage\":\"es-AR\"},{\"@type\":[\"Person\",\"Organization\"],\"@id\":\"https:\/\/apuntesdesanluis.com\/#\/schema\/person\/b55151d52296fcce64d1a72538a70b90\",\"name\":\"apuntesdesanluis.com\",\"image\":{\"@type\":\"ImageObject\",\"inLanguage\":\"es-AR\",\"@id\":\"https:\/\/apuntesdesanluis.com\/#\/schema\/person\/image\/\",\"url\":\"https:\/\/apuntesdesanluis.com\/wp-content\/uploads\/2023\/07\/cropped-apuntesdesanluis.png\",\"contentUrl\":\"https:\/\/apuntesdesanluis.com\/wp-content\/uploads\/2023\/07\/cropped-apuntesdesanluis.png\",\"width\":450,\"height\":112,\"caption\":\"apuntesdesanluis.com\"},\"logo\":{\"@id\":\"https:\/\/apuntesdesanluis.com\/#\/schema\/person\/image\/\"},\"sameAs\":[\"https:\/\/apuntesdesanluis.com\"],\"url\":\"https:\/\/apuntesdesanluis.com\/index.php\/author\/apuntesdesanluis-com\/\"}]}<\/script>\n<!-- \/ Yoast SEO plugin. -->","yoast_head_json":{"title":"EL 30 DE OCTUBRE INICIAR\u00c1 EL JUICIO ORAL CONTRA EL JUEZ AGUST\u00cdN RUTA - Apuntes de San Luis","robots":{"index":"index","follow":"follow","max-snippet":"max-snippet:-1","max-image-preview":"max-image-preview:large","max-video-preview":"max-video-preview:-1"},"canonical":"https:\/\/apuntesdesanluis.com\/index.php\/2023\/10\/11\/el-30-de-octubre-iniciara-el-juicio-oral-contra-el-juez-agustin-ruta\/","og_locale":"es_ES","og_type":"article","og_title":"EL 30 DE OCTUBRE INICIAR\u00c1 EL JUICIO ORAL CONTRA EL JUEZ AGUST\u00cdN RUTA - Apuntes de San Luis","og_description":"El Jurado de Enjuiciamiento de Magistrados y Funcionarios de la provincia de San Luis, fij\u00f3...","og_url":"https:\/\/apuntesdesanluis.com\/index.php\/2023\/10\/11\/el-30-de-octubre-iniciara-el-juicio-oral-contra-el-juez-agustin-ruta\/","og_site_name":"Apuntes de San Luis","article_published_time":"2023-10-12T00:21:19+00:00","article_modified_time":"2023-10-12T14:40:14+00:00","og_image":[{"width":665,"height":382,"url":"https:\/\/apuntesdesanluis.com\/wp-content\/uploads\/2023\/10\/agusstin-ruta.png","type":"image\/png"}],"author":"apuntesdesanluis.com","twitter_card":"summary_large_image","twitter_misc":{"Escrito por":"apuntesdesanluis.com","Tiempo de lectura":"2 minutos"},"schema":{"@context":"https:\/\/schema.org","@graph":[{"@type":"Article","@id":"https:\/\/apuntesdesanluis.com\/index.php\/2023\/10\/11\/el-30-de-octubre-iniciara-el-juicio-oral-contra-el-juez-agustin-ruta\/#article","isPartOf":{"@id":"https:\/\/apuntesdesanluis.com\/index.php\/2023\/10\/11\/el-30-de-octubre-iniciara-el-juicio-oral-contra-el-juez-agustin-ruta\/"},"author":{"name":"apuntesdesanluis.com","@id":"https:\/\/apuntesdesanluis.com\/#\/schema\/person\/b55151d52296fcce64d1a72538a70b90"},"headline":"EL 30 DE OCTUBRE INICIAR\u00c1 EL JUICIO ORAL CONTRA EL JUEZ AGUST\u00cdN RUTA","datePublished":"2023-10-12T00:21:19+00:00","dateModified":"2023-10-12T14:40:14+00:00","mainEntityOfPage":{"@id":"https:\/\/apuntesdesanluis.com\/index.php\/2023\/10\/11\/el-30-de-octubre-iniciara-el-juicio-oral-contra-el-juez-agustin-ruta\/"},"wordCount":377,"publisher":{"@id":"https:\/\/apuntesdesanluis.com\/#\/schema\/person\/b55151d52296fcce64d1a72538a70b90"},"image":{"@id":"https:\/\/apuntesdesanluis.com\/index.php\/2023\/10\/11\/el-30-de-octubre-iniciara-el-juicio-oral-contra-el-juez-agustin-ruta\/#primaryimage"},"thumbnailUrl":"https:\/\/apuntesdesanluis.com\/wp-content\/uploads\/2023\/10\/agusstin-ruta.png","articleSection":["Ciudad\/Provincia"],"inLanguage":"es-AR"},{"@type":"WebPage","@id":"https:\/\/apuntesdesanluis.com\/index.php\/2023\/10\/11\/el-30-de-octubre-iniciara-el-juicio-oral-contra-el-juez-agustin-ruta\/","url":"https:\/\/apuntesdesanluis.com\/index.php\/2023\/10\/11\/el-30-de-octubre-iniciara-el-juicio-oral-contra-el-juez-agustin-ruta\/","name":"EL 30 DE OCTUBRE INICIAR\u00c1 EL JUICIO ORAL CONTRA EL JUEZ AGUST\u00cdN RUTA - Apuntes de San Luis","isPartOf":{"@id":"https:\/\/apuntesdesanluis.com\/#website"},"primaryImageOfPage":{"@id":"https:\/\/apuntesdesanluis.com\/index.php\/2023\/10\/11\/el-30-de-octubre-iniciara-el-juicio-oral-contra-el-juez-agustin-ruta\/#primaryimage"},"image":{"@id":"https:\/\/apuntesdesanluis.com\/index.php\/2023\/10\/11\/el-30-de-octubre-iniciara-el-juicio-oral-contra-el-juez-agustin-ruta\/#primaryimage"},"thumbnailUrl":"https:\/\/apuntesdesanluis.com\/wp-content\/uploads\/2023\/10\/agusstin-ruta.png","datePublished":"2023-10-12T00:21:19+00:00","dateModified":"2023-10-12T14:40:14+00:00","breadcrumb":{"@id":"https:\/\/apuntesdesanluis.com\/index.php\/2023\/10\/11\/el-30-de-octubre-iniciara-el-juicio-oral-contra-el-juez-agustin-ruta\/#breadcrumb"},"inLanguage":"es-AR","potentialAction":[{"@type":"ReadAction","target":["https:\/\/apuntesdesanluis.com\/index.php\/2023\/10\/11\/el-30-de-octubre-iniciara-el-juicio-oral-contra-el-juez-agustin-ruta\/"]}]},{"@type":"ImageObject","inLanguage":"es-AR","@id":"https:\/\/apuntesdesanluis.com\/index.php\/2023\/10\/11\/el-30-de-octubre-iniciara-el-juicio-oral-contra-el-juez-agustin-ruta\/#primaryimage","url":"https:\/\/apuntesdesanluis.com\/wp-content\/uploads\/2023\/10\/agusstin-ruta.png","contentUrl":"https:\/\/apuntesdesanluis.com\/wp-content\/uploads\/2023\/10\/agusstin-ruta.png","width":665,"height":382},{"@type":"BreadcrumbList","@id":"https:\/\/apuntesdesanluis.com\/index.php\/2023\/10\/11\/el-30-de-octubre-iniciara-el-juicio-oral-contra-el-juez-agustin-ruta\/#breadcrumb","itemListElement":[{"@type":"ListItem","position":1,"name":"Inicio","item":"https:\/\/apuntesdesanluis.com\/"},{"@type":"ListItem","position":2,"name":"EL 30 DE OCTUBRE INICIAR\u00c1 EL JUICIO ORAL CONTRA EL JUEZ AGUST\u00cdN RUTA"}]},{"@type":"WebSite","@id":"https:\/\/apuntesdesanluis.com\/#website","url":"https:\/\/apuntesdesanluis.com\/","name":"Apuntes de San Luis","description":"","publisher":{"@id":"https:\/\/apuntesdesanluis.com\/#\/schema\/person\/b55151d52296fcce64d1a72538a70b90"},"potentialAction":[{"@type":"SearchAction","target":{"@type":"EntryPoint","urlTemplate":"https:\/\/apuntesdesanluis.com\/?s={search_term_string}"},"query-input":{"@type":"PropertyValueSpecification","valueRequired":true,"valueName":"search_term_string"}}],"inLanguage":"es-AR"},{"@type":["Person","Organization"],"@id":"https:\/\/apuntesdesanluis.com\/#\/schema\/person\/b55151d52296fcce64d1a72538a70b90","name":"apuntesdesanluis.com","image":{"@type":"ImageObject","inLanguage":"es-AR","@id":"https:\/\/apuntesdesanluis.com\/#\/schema\/person\/image\/","url":"https:\/\/apuntesdesanluis.com\/wp-content\/uploads\/2023\/07\/cropped-apuntesdesanluis.png","contentUrl":"https:\/\/apuntesdesanluis.com\/wp-content\/uploads\/2023\/07\/cropped-apuntesdesanluis.png","width":450,"height":112,"caption":"apuntesdesanluis.com"},"logo":{"@id":"https:\/\/apuntesdesanluis.com\/#\/schema\/person\/image\/"},"sameAs":["https:\/\/apuntesdesanluis.com"],"url":"https:\/\/apuntesdesanluis.com\/index.php\/author\/apuntesdesanluis-com\/"}]}},"featured_image_urls":{"full":["https:\/\/apuntesdesanluis.com\/wp-content\/uploads\/2023\/10\/agusstin-ruta.png",665,382,false],"thumbnail":["https:\/\/apuntesdesanluis.com\/wp-content\/uploads\/2023\/10\/agusstin-ruta-150x150.png",150,150,true],"medium":["https:\/\/apuntesdesanluis.com\/wp-content\/uploads\/2023\/10\/agusstin-ruta-300x172.png",300,172,true],"medium_large":["https:\/\/apuntesdesanluis.com\/wp-content\/uploads\/2023\/10\/agusstin-ruta.png",640,368,false],"large":["https:\/\/apuntesdesanluis.com\/wp-content\/uploads\/2023\/10\/agusstin-ruta.png",640,368,false],"1536x1536":["https:\/\/apuntesdesanluis.com\/wp-content\/uploads\/2023\/10\/agusstin-ruta.png",665,382,false],"2048x2048":["https:\/\/apuntesdesanluis.com\/wp-content\/uploads\/2023\/10\/agusstin-ruta.png",665,382,false],"newsever-slider-full":["https:\/\/apuntesdesanluis.com\/wp-content\/uploads\/2023\/10\/agusstin-ruta.png",665,382,false],"newsever-featured":["https:\/\/apuntesdesanluis.com\/wp-content\/uploads\/2023\/10\/agusstin-ruta.png",665,382,false],"newsever-medium":["https:\/\/apuntesdesanluis.com\/wp-content\/uploads\/2023\/10\/agusstin-ruta.png",665,382,false]},"author_info":{"display_name":"apuntesdesanluis.com","author_link":"https:\/\/apuntesdesanluis.com\/index.php\/author\/apuntesdesanluis-com\/"},"category_info":"<a href=\"https:\/\/apuntesdesanluis.com\/index.php\/category\/ciudad-provincia\/\" rel=\"category tag\">Ciudad\/Provincia<\/a>","tag_info":"Ciudad\/Provincia","comment_count":"0","_links":{"self":[{"href":"https:\/\/apuntesdesanluis.com\/index.php\/wp-json\/wp\/v2\/posts\/5085","targetHints":{"allow":["GET"]}}],"collection":[{"href":"https:\/\/apuntesdesanluis.com\/index.php\/wp-json\/wp\/v2\/posts"}],"about":[{"href":"https:\/\/apuntesdesanluis.com\/index.php\/wp-json\/wp\/v2\/types\/post"}],"author":[{"embeddable":true,"href":"https:\/\/apuntesdesanluis.com\/index.php\/wp-json\/wp\/v2\/users\/1"}],"replies":[{"embeddable":true,"href":"https:\/\/apuntesdesanluis.com\/index.php\/wp-json\/wp\/v2\/comments?post=5085"}],"version-history":[{"count":2,"href":"https:\/\/apuntesdesanluis.com\/index.php\/wp-json\/wp\/v2\/posts\/5085\/revisions"}],"predecessor-version":[{"id":5101,"href":"https:\/\/apuntesdesanluis.com\/index.php\/wp-json\/wp\/v2\/posts\/5085\/revisions\/5101"}],"wp:featuredmedia":[{"embeddable":true,"href":"https:\/\/apuntesdesanluis.com\/index.php\/wp-json\/wp\/v2\/media\/5086"}],"wp:attachment":[{"href":"https:\/\/apuntesdesanluis.com\/index.php\/wp-json\/wp\/v2\/media?parent=5085"}],"wp:term":[{"taxonomy":"category","embeddable":true,"href":"https:\/\/apuntesdesanluis.com\/index.php\/wp-json\/wp\/v2\/categories?post=5085"},{"taxonomy":"post_tag","embeddable":true,"href":"https:\/\/apuntesdesanluis.com\/index.php\/wp-json\/wp\/v2\/tags?post=5085"}],"curies":[{"name":"wp","href":"https:\/\/api.w.org\/{rel}","templated":true}]}}