{"id":5090,"date":"2023-10-11T22:31:58","date_gmt":"2023-10-12T01:31:58","guid":{"rendered":"https:\/\/apuntesdesanluis.com\/?p=5090"},"modified":"2023-10-11T22:32:51","modified_gmt":"2023-10-12T01:32:51","slug":"se-viene-la-previa-de-la-fiesta-de-la-cerveza-en-villa-mercedes","status":"publish","type":"post","link":"https:\/\/apuntesdesanluis.com\/index.php\/2023\/10\/11\/se-viene-la-previa-de-la-fiesta-de-la-cerveza-en-villa-mercedes\/","title":{"rendered":"SE VIENE LA PREVIA DE LA FIESTA DE LA CERVEZA EN VILLA MERCEDES"},"content":{"rendered":"<h3>La Municipalidad record\u00f3 que ya est\u00e1n a la venta las entradas para asistir este 14 y 15 de octubre a una nueva edici\u00f3n de la Fiesta de la Cerveza, que se realizar\u00e1 desde las 19 h en el Complejo Calle Angosta, y que tendr\u00e1 una previa este jueves.<\/h3>\n<h3>Este martes 10 de octubre comenz\u00f3 la venta de entradas anticipadas para los y las manijas que quieran asegurar su pase a este tremendo festival birrero, que contar\u00e1 con la presencia de las mejores bandas.<\/h3>\n<p><img fetchpriority=\"high\" decoding=\"async\" class=\"wp-image-5093 aligncenter\" src=\"https:\/\/apuntesdesanluis.com\/wp-content\/uploads\/2023\/10\/cerveza-numeros-300x151.png\" alt=\"\" width=\"654\" height=\"329\" srcset=\"https:\/\/apuntesdesanluis.com\/wp-content\/uploads\/2023\/10\/cerveza-numeros-300x151.png 300w, https:\/\/apuntesdesanluis.com\/wp-content\/uploads\/2023\/10\/cerveza-numeros.png 546w\" sizes=\"(max-width: 654px) 100vw, 654px\" \/><\/p>\n<h3>El valor es el mismo que en puerta y tiene un costo de $1.500. Pero, adem\u00e1s, este a\u00f1o los organizadores redoblan la apuesta ambiental, y con la pulsera los asistentes se llevan un eco vaso de regalo, que pueden recargar dentro del predio y llevarse un recuerdo de esta fiesta. Pero para eso deber\u00e1n abonar en efectivo.<\/h3>\n<h3>Este jueves habr\u00e1 una &#8220;previa&#8221; de la fiesta, en la peatonal del centro, en calle Pedernera, entre Tucum\u00e1n y Salta.<\/h3>\n<p><img decoding=\"async\" class=\"wp-image-5092 aligncenter\" src=\"https:\/\/apuntesdesanluis.com\/wp-content\/uploads\/2023\/10\/previa-291x300.png\" alt=\"\" width=\"664\" height=\"685\" srcset=\"https:\/\/apuntesdesanluis.com\/wp-content\/uploads\/2023\/10\/previa-291x300.png 291w, https:\/\/apuntesdesanluis.com\/wp-content\/uploads\/2023\/10\/previa.png 584w\" sizes=\"(max-width: 664px) 100vw, 664px\" \/><\/p>\n<h3>Para adquirir la entrada anticipada hay que concurrir de 9:00 a 15:30 h a las oficinas de Bromatolog\u00eda (ingreso por calle Maip\u00fa del edificio Municipal).<\/h3>\n<h3>Igualmente se pueden comprar los d\u00edas del encuentro, en el Museo Ferroviario a partir de las 19 h.<\/h3>\n<h3>Tambi\u00e9n se pueden adquirir en alguna cervecer\u00eda amiga:<\/h3>\n<ul>\n<li>\n<h3>Bar Diastasa (Remedios de Escalada 172)<\/h3>\n<\/li>\n<li>\n<h3>Greyhound (Dante Bodo 701, barrio Las Mirandas)<\/h3>\n<\/li>\n<li>\n<h3>La Comuna (Manzana 6027-casa 5, barrio Jard\u00edn del sur)<\/h3>\n<\/li>\n<li>\n<h3>Innsbruck (Chacabuco 748)<\/h3>\n<\/li>\n<li>\n<h3>Utepils (Brasil 604)<\/h3>\n<\/li>\n<li>\n<h3>Rankel (Mitre 676- Temple)<\/h3>\n<\/li>\n<li>\n<h3>MEVES\u00a0 (Tallaferro 1483)<\/h3>\n<\/li>\n<li>\n<h3>Der Ausgang (San Luis 377 y en av. Adolfo P\u00e9rez 1052, La Ribera)<\/h3>\n<\/li>\n<\/ul>\n<p><img decoding=\"async\" class=\"wp-image-5094 aligncenter\" src=\"https:\/\/apuntesdesanluis.com\/wp-content\/uploads\/2023\/10\/flyer-cerveza-300x279.png\" alt=\"\" width=\"672\" height=\"625\" srcset=\"https:\/\/apuntesdesanluis.com\/wp-content\/uploads\/2023\/10\/flyer-cerveza-300x279.png 300w, https:\/\/apuntesdesanluis.com\/wp-content\/uploads\/2023\/10\/flyer-cerveza.png 656w\" sizes=\"(max-width: 672px) 100vw, 672px\" \/><\/p>\n<p>&nbsp;<\/p>\n<p>&nbsp;<\/p>\n<p>&nbsp;<\/p>\n","protected":false},"excerpt":{"rendered":"<p>La Municipalidad record\u00f3 que ya est\u00e1n a la venta las entradas para asistir este 14&#8230;<\/p>\n","protected":false},"author":1,"featured_media":5091,"comment_status":"closed","ping_status":"closed","sticky":false,"template":"","format":"standard","meta":{"footnotes":""},"categories":[6],"tags":[],"class_list":["post-5090","post","type-post","status-publish","format-standard","has-post-thumbnail","hentry","category-ciudad-provincia"],"yoast_head":"<!-- This site is optimized with the Yoast SEO plugin v26.1.1 - https:\/\/yoast.com\/wordpress\/plugins\/seo\/ -->\n<title>SE VIENE LA PREVIA DE LA FIESTA DE LA CERVEZA EN VILLA MERCEDES - Apuntes de San Luis<\/title>\n<meta name=\"robots\" content=\"index, follow, max-snippet:-1, max-image-preview:large, max-video-preview:-1\" \/>\n<link rel=\"canonical\" href=\"https:\/\/apuntesdesanluis.com\/index.php\/2023\/10\/11\/se-viene-la-previa-de-la-fiesta-de-la-cerveza-en-villa-mercedes\/\" \/>\n<meta property=\"og:locale\" content=\"es_ES\" \/>\n<meta property=\"og:type\" content=\"article\" \/>\n<meta property=\"og:title\" content=\"SE VIENE LA PREVIA DE LA FIESTA DE LA CERVEZA EN VILLA MERCEDES - Apuntes de San Luis\" \/>\n<meta property=\"og:description\" content=\"La Municipalidad record\u00f3 que ya est\u00e1n a la venta las entradas para asistir este 14...\" \/>\n<meta property=\"og:url\" content=\"https:\/\/apuntesdesanluis.com\/index.php\/2023\/10\/11\/se-viene-la-previa-de-la-fiesta-de-la-cerveza-en-villa-mercedes\/\" \/>\n<meta property=\"og:site_name\" content=\"Apuntes de San Luis\" \/>\n<meta property=\"article:published_time\" content=\"2023-10-12T01:31:58+00:00\" \/>\n<meta property=\"article:modified_time\" content=\"2023-10-12T01:32:51+00:00\" \/>\n<meta property=\"og:image\" content=\"https:\/\/apuntesdesanluis.com\/wp-content\/uploads\/2023\/10\/fiestsa-tapa.png\" \/>\n\t<meta property=\"og:image:width\" content=\"625\" \/>\n\t<meta property=\"og:image:height\" content=\"390\" \/>\n\t<meta property=\"og:image:type\" content=\"image\/png\" \/>\n<meta name=\"author\" content=\"apuntesdesanluis.com\" \/>\n<meta name=\"twitter:card\" content=\"summary_large_image\" \/>\n<meta name=\"twitter:label1\" content=\"Escrito por\" \/>\n\t<meta name=\"twitter:data1\" content=\"apuntesdesanluis.com\" \/>\n\t<meta name=\"twitter:label2\" content=\"Tiempo de lectura\" \/>\n\t<meta name=\"twitter:data2\" content=\"2 minutos\" \/>\n<script type=\"application\/ld+json\" class=\"yoast-schema-graph\">{\"@context\":\"https:\/\/schema.org\",\"@graph\":[{\"@type\":\"Article\",\"@id\":\"https:\/\/apuntesdesanluis.com\/index.php\/2023\/10\/11\/se-viene-la-previa-de-la-fiesta-de-la-cerveza-en-villa-mercedes\/#article\",\"isPartOf\":{\"@id\":\"https:\/\/apuntesdesanluis.com\/index.php\/2023\/10\/11\/se-viene-la-previa-de-la-fiesta-de-la-cerveza-en-villa-mercedes\/\"},\"author\":{\"name\":\"apuntesdesanluis.com\",\"@id\":\"https:\/\/apuntesdesanluis.com\/#\/schema\/person\/b55151d52296fcce64d1a72538a70b90\"},\"headline\":\"SE VIENE LA PREVIA DE LA FIESTA DE LA CERVEZA EN VILLA MERCEDES\",\"datePublished\":\"2023-10-12T01:31:58+00:00\",\"dateModified\":\"2023-10-12T01:32:51+00:00\",\"mainEntityOfPage\":{\"@id\":\"https:\/\/apuntesdesanluis.com\/index.php\/2023\/10\/11\/se-viene-la-previa-de-la-fiesta-de-la-cerveza-en-villa-mercedes\/\"},\"wordCount\":271,\"publisher\":{\"@id\":\"https:\/\/apuntesdesanluis.com\/#\/schema\/person\/b55151d52296fcce64d1a72538a70b90\"},\"image\":{\"@id\":\"https:\/\/apuntesdesanluis.com\/index.php\/2023\/10\/11\/se-viene-la-previa-de-la-fiesta-de-la-cerveza-en-villa-mercedes\/#primaryimage\"},\"thumbnailUrl\":\"https:\/\/apuntesdesanluis.com\/wp-content\/uploads\/2023\/10\/fiestsa-tapa.png\",\"articleSection\":[\"Ciudad\/Provincia\"],\"inLanguage\":\"es-AR\"},{\"@type\":\"WebPage\",\"@id\":\"https:\/\/apuntesdesanluis.com\/index.php\/2023\/10\/11\/se-viene-la-previa-de-la-fiesta-de-la-cerveza-en-villa-mercedes\/\",\"url\":\"https:\/\/apuntesdesanluis.com\/index.php\/2023\/10\/11\/se-viene-la-previa-de-la-fiesta-de-la-cerveza-en-villa-mercedes\/\",\"name\":\"SE VIENE LA PREVIA DE LA FIESTA DE LA CERVEZA EN VILLA MERCEDES - Apuntes de San Luis\",\"isPartOf\":{\"@id\":\"https:\/\/apuntesdesanluis.com\/#website\"},\"primaryImageOfPage\":{\"@id\":\"https:\/\/apuntesdesanluis.com\/index.php\/2023\/10\/11\/se-viene-la-previa-de-la-fiesta-de-la-cerveza-en-villa-mercedes\/#primaryimage\"},\"image\":{\"@id\":\"https:\/\/apuntesdesanluis.com\/index.php\/2023\/10\/11\/se-viene-la-previa-de-la-fiesta-de-la-cerveza-en-villa-mercedes\/#primaryimage\"},\"thumbnailUrl\":\"https:\/\/apuntesdesanluis.com\/wp-content\/uploads\/2023\/10\/fiestsa-tapa.png\",\"datePublished\":\"2023-10-12T01:31:58+00:00\",\"dateModified\":\"2023-10-12T01:32:51+00:00\",\"breadcrumb\":{\"@id\":\"https:\/\/apuntesdesanluis.com\/index.php\/2023\/10\/11\/se-viene-la-previa-de-la-fiesta-de-la-cerveza-en-villa-mercedes\/#breadcrumb\"},\"inLanguage\":\"es-AR\",\"potentialAction\":[{\"@type\":\"ReadAction\",\"target\":[\"https:\/\/apuntesdesanluis.com\/index.php\/2023\/10\/11\/se-viene-la-previa-de-la-fiesta-de-la-cerveza-en-villa-mercedes\/\"]}]},{\"@type\":\"ImageObject\",\"inLanguage\":\"es-AR\",\"@id\":\"https:\/\/apuntesdesanluis.com\/index.php\/2023\/10\/11\/se-viene-la-previa-de-la-fiesta-de-la-cerveza-en-villa-mercedes\/#primaryimage\",\"url\":\"https:\/\/apuntesdesanluis.com\/wp-content\/uploads\/2023\/10\/fiestsa-tapa.png\",\"contentUrl\":\"https:\/\/apuntesdesanluis.com\/wp-content\/uploads\/2023\/10\/fiestsa-tapa.png\",\"width\":625,\"height\":390},{\"@type\":\"BreadcrumbList\",\"@id\":\"https:\/\/apuntesdesanluis.com\/index.php\/2023\/10\/11\/se-viene-la-previa-de-la-fiesta-de-la-cerveza-en-villa-mercedes\/#breadcrumb\",\"itemListElement\":[{\"@type\":\"ListItem\",\"position\":1,\"name\":\"Inicio\",\"item\":\"https:\/\/apuntesdesanluis.com\/\"},{\"@type\":\"ListItem\",\"position\":2,\"name\":\"SE VIENE LA PREVIA DE LA FIESTA DE LA CERVEZA EN VILLA MERCEDES\"}]},{\"@type\":\"WebSite\",\"@id\":\"https:\/\/apuntesdesanluis.com\/#website\",\"url\":\"https:\/\/apuntesdesanluis.com\/\",\"name\":\"Apuntes de San Luis\",\"description\":\"\",\"publisher\":{\"@id\":\"https:\/\/apuntesdesanluis.com\/#\/schema\/person\/b55151d52296fcce64d1a72538a70b90\"},\"potentialAction\":[{\"@type\":\"SearchAction\",\"target\":{\"@type\":\"EntryPoint\",\"urlTemplate\":\"https:\/\/apuntesdesanluis.com\/?s={search_term_string}\"},\"query-input\":{\"@type\":\"PropertyValueSpecification\",\"valueRequired\":true,\"valueName\":\"search_term_string\"}}],\"inLanguage\":\"es-AR\"},{\"@type\":[\"Person\",\"Organization\"],\"@id\":\"https:\/\/apuntesdesanluis.com\/#\/schema\/person\/b55151d52296fcce64d1a72538a70b90\",\"name\":\"apuntesdesanluis.com\",\"image\":{\"@type\":\"ImageObject\",\"inLanguage\":\"es-AR\",\"@id\":\"https:\/\/apuntesdesanluis.com\/#\/schema\/person\/image\/\",\"url\":\"https:\/\/apuntesdesanluis.com\/wp-content\/uploads\/2023\/07\/cropped-apuntesdesanluis.png\",\"contentUrl\":\"https:\/\/apuntesdesanluis.com\/wp-content\/uploads\/2023\/07\/cropped-apuntesdesanluis.png\",\"width\":450,\"height\":112,\"caption\":\"apuntesdesanluis.com\"},\"logo\":{\"@id\":\"https:\/\/apuntesdesanluis.com\/#\/schema\/person\/image\/\"},\"sameAs\":[\"https:\/\/apuntesdesanluis.com\"],\"url\":\"https:\/\/apuntesdesanluis.com\/index.php\/author\/apuntesdesanluis-com\/\"}]}<\/script>\n<!-- \/ Yoast SEO plugin. -->","yoast_head_json":{"title":"SE VIENE LA PREVIA DE LA FIESTA DE LA CERVEZA EN VILLA MERCEDES - Apuntes de San Luis","robots":{"index":"index","follow":"follow","max-snippet":"max-snippet:-1","max-image-preview":"max-image-preview:large","max-video-preview":"max-video-preview:-1"},"canonical":"https:\/\/apuntesdesanluis.com\/index.php\/2023\/10\/11\/se-viene-la-previa-de-la-fiesta-de-la-cerveza-en-villa-mercedes\/","og_locale":"es_ES","og_type":"article","og_title":"SE VIENE LA PREVIA DE LA FIESTA DE LA CERVEZA EN VILLA MERCEDES - Apuntes de San Luis","og_description":"La Municipalidad record\u00f3 que ya est\u00e1n a la venta las entradas para asistir este 14...","og_url":"https:\/\/apuntesdesanluis.com\/index.php\/2023\/10\/11\/se-viene-la-previa-de-la-fiesta-de-la-cerveza-en-villa-mercedes\/","og_site_name":"Apuntes de San Luis","article_published_time":"2023-10-12T01:31:58+00:00","article_modified_time":"2023-10-12T01:32:51+00:00","og_image":[{"width":625,"height":390,"url":"https:\/\/apuntesdesanluis.com\/wp-content\/uploads\/2023\/10\/fiestsa-tapa.png","type":"image\/png"}],"author":"apuntesdesanluis.com","twitter_card":"summary_large_image","twitter_misc":{"Escrito por":"apuntesdesanluis.com","Tiempo de lectura":"2 minutos"},"schema":{"@context":"https:\/\/schema.org","@graph":[{"@type":"Article","@id":"https:\/\/apuntesdesanluis.com\/index.php\/2023\/10\/11\/se-viene-la-previa-de-la-fiesta-de-la-cerveza-en-villa-mercedes\/#article","isPartOf":{"@id":"https:\/\/apuntesdesanluis.com\/index.php\/2023\/10\/11\/se-viene-la-previa-de-la-fiesta-de-la-cerveza-en-villa-mercedes\/"},"author":{"name":"apuntesdesanluis.com","@id":"https:\/\/apuntesdesanluis.com\/#\/schema\/person\/b55151d52296fcce64d1a72538a70b90"},"headline":"SE VIENE LA PREVIA DE LA FIESTA DE LA CERVEZA EN VILLA MERCEDES","datePublished":"2023-10-12T01:31:58+00:00","dateModified":"2023-10-12T01:32:51+00:00","mainEntityOfPage":{"@id":"https:\/\/apuntesdesanluis.com\/index.php\/2023\/10\/11\/se-viene-la-previa-de-la-fiesta-de-la-cerveza-en-villa-mercedes\/"},"wordCount":271,"publisher":{"@id":"https:\/\/apuntesdesanluis.com\/#\/schema\/person\/b55151d52296fcce64d1a72538a70b90"},"image":{"@id":"https:\/\/apuntesdesanluis.com\/index.php\/2023\/10\/11\/se-viene-la-previa-de-la-fiesta-de-la-cerveza-en-villa-mercedes\/#primaryimage"},"thumbnailUrl":"https:\/\/apuntesdesanluis.com\/wp-content\/uploads\/2023\/10\/fiestsa-tapa.png","articleSection":["Ciudad\/Provincia"],"inLanguage":"es-AR"},{"@type":"WebPage","@id":"https:\/\/apuntesdesanluis.com\/index.php\/2023\/10\/11\/se-viene-la-previa-de-la-fiesta-de-la-cerveza-en-villa-mercedes\/","url":"https:\/\/apuntesdesanluis.com\/index.php\/2023\/10\/11\/se-viene-la-previa-de-la-fiesta-de-la-cerveza-en-villa-mercedes\/","name":"SE VIENE LA PREVIA DE LA FIESTA DE LA CERVEZA EN VILLA MERCEDES - Apuntes de San Luis","isPartOf":{"@id":"https:\/\/apuntesdesanluis.com\/#website"},"primaryImageOfPage":{"@id":"https:\/\/apuntesdesanluis.com\/index.php\/2023\/10\/11\/se-viene-la-previa-de-la-fiesta-de-la-cerveza-en-villa-mercedes\/#primaryimage"},"image":{"@id":"https:\/\/apuntesdesanluis.com\/index.php\/2023\/10\/11\/se-viene-la-previa-de-la-fiesta-de-la-cerveza-en-villa-mercedes\/#primaryimage"},"thumbnailUrl":"https:\/\/apuntesdesanluis.com\/wp-content\/uploads\/2023\/10\/fiestsa-tapa.png","datePublished":"2023-10-12T01:31:58+00:00","dateModified":"2023-10-12T01:32:51+00:00","breadcrumb":{"@id":"https:\/\/apuntesdesanluis.com\/index.php\/2023\/10\/11\/se-viene-la-previa-de-la-fiesta-de-la-cerveza-en-villa-mercedes\/#breadcrumb"},"inLanguage":"es-AR","potentialAction":[{"@type":"ReadAction","target":["https:\/\/apuntesdesanluis.com\/index.php\/2023\/10\/11\/se-viene-la-previa-de-la-fiesta-de-la-cerveza-en-villa-mercedes\/"]}]},{"@type":"ImageObject","inLanguage":"es-AR","@id":"https:\/\/apuntesdesanluis.com\/index.php\/2023\/10\/11\/se-viene-la-previa-de-la-fiesta-de-la-cerveza-en-villa-mercedes\/#primaryimage","url":"https:\/\/apuntesdesanluis.com\/wp-content\/uploads\/2023\/10\/fiestsa-tapa.png","contentUrl":"https:\/\/apuntesdesanluis.com\/wp-content\/uploads\/2023\/10\/fiestsa-tapa.png","width":625,"height":390},{"@type":"BreadcrumbList","@id":"https:\/\/apuntesdesanluis.com\/index.php\/2023\/10\/11\/se-viene-la-previa-de-la-fiesta-de-la-cerveza-en-villa-mercedes\/#breadcrumb","itemListElement":[{"@type":"ListItem","position":1,"name":"Inicio","item":"https:\/\/apuntesdesanluis.com\/"},{"@type":"ListItem","position":2,"name":"SE VIENE LA PREVIA DE LA FIESTA DE LA CERVEZA EN VILLA MERCEDES"}]},{"@type":"WebSite","@id":"https:\/\/apuntesdesanluis.com\/#website","url":"https:\/\/apuntesdesanluis.com\/","name":"Apuntes de San Luis","description":"","publisher":{"@id":"https:\/\/apuntesdesanluis.com\/#\/schema\/person\/b55151d52296fcce64d1a72538a70b90"},"potentialAction":[{"@type":"SearchAction","target":{"@type":"EntryPoint","urlTemplate":"https:\/\/apuntesdesanluis.com\/?s={search_term_string}"},"query-input":{"@type":"PropertyValueSpecification","valueRequired":true,"valueName":"search_term_string"}}],"inLanguage":"es-AR"},{"@type":["Person","Organization"],"@id":"https:\/\/apuntesdesanluis.com\/#\/schema\/person\/b55151d52296fcce64d1a72538a70b90","name":"apuntesdesanluis.com","image":{"@type":"ImageObject","inLanguage":"es-AR","@id":"https:\/\/apuntesdesanluis.com\/#\/schema\/person\/image\/","url":"https:\/\/apuntesdesanluis.com\/wp-content\/uploads\/2023\/07\/cropped-apuntesdesanluis.png","contentUrl":"https:\/\/apuntesdesanluis.com\/wp-content\/uploads\/2023\/07\/cropped-apuntesdesanluis.png","width":450,"height":112,"caption":"apuntesdesanluis.com"},"logo":{"@id":"https:\/\/apuntesdesanluis.com\/#\/schema\/person\/image\/"},"sameAs":["https:\/\/apuntesdesanluis.com"],"url":"https:\/\/apuntesdesanluis.com\/index.php\/author\/apuntesdesanluis-com\/"}]}},"featured_image_urls":{"full":["https:\/\/apuntesdesanluis.com\/wp-content\/uploads\/2023\/10\/fiestsa-tapa.png",625,390,false],"thumbnail":["https:\/\/apuntesdesanluis.com\/wp-content\/uploads\/2023\/10\/fiestsa-tapa-150x150.png",150,150,true],"medium":["https:\/\/apuntesdesanluis.com\/wp-content\/uploads\/2023\/10\/fiestsa-tapa-300x187.png",300,187,true],"medium_large":["https:\/\/apuntesdesanluis.com\/wp-content\/uploads\/2023\/10\/fiestsa-tapa.png",625,390,false],"large":["https:\/\/apuntesdesanluis.com\/wp-content\/uploads\/2023\/10\/fiestsa-tapa.png",625,390,false],"1536x1536":["https:\/\/apuntesdesanluis.com\/wp-content\/uploads\/2023\/10\/fiestsa-tapa.png",625,390,false],"2048x2048":["https:\/\/apuntesdesanluis.com\/wp-content\/uploads\/2023\/10\/fiestsa-tapa.png",625,390,false],"newsever-slider-full":["https:\/\/apuntesdesanluis.com\/wp-content\/uploads\/2023\/10\/fiestsa-tapa.png",625,390,false],"newsever-featured":["https:\/\/apuntesdesanluis.com\/wp-content\/uploads\/2023\/10\/fiestsa-tapa.png",625,390,false],"newsever-medium":["https:\/\/apuntesdesanluis.com\/wp-content\/uploads\/2023\/10\/fiestsa-tapa.png",625,390,false]},"author_info":{"display_name":"apuntesdesanluis.com","author_link":"https:\/\/apuntesdesanluis.com\/index.php\/author\/apuntesdesanluis-com\/"},"category_info":"<a href=\"https:\/\/apuntesdesanluis.com\/index.php\/category\/ciudad-provincia\/\" rel=\"category tag\">Ciudad\/Provincia<\/a>","tag_info":"Ciudad\/Provincia","comment_count":"0","_links":{"self":[{"href":"https:\/\/apuntesdesanluis.com\/index.php\/wp-json\/wp\/v2\/posts\/5090","targetHints":{"allow":["GET"]}}],"collection":[{"href":"https:\/\/apuntesdesanluis.com\/index.php\/wp-json\/wp\/v2\/posts"}],"about":[{"href":"https:\/\/apuntesdesanluis.com\/index.php\/wp-json\/wp\/v2\/types\/post"}],"author":[{"embeddable":true,"href":"https:\/\/apuntesdesanluis.com\/index.php\/wp-json\/wp\/v2\/users\/1"}],"replies":[{"embeddable":true,"href":"https:\/\/apuntesdesanluis.com\/index.php\/wp-json\/wp\/v2\/comments?post=5090"}],"version-history":[{"count":2,"href":"https:\/\/apuntesdesanluis.com\/index.php\/wp-json\/wp\/v2\/posts\/5090\/revisions"}],"predecessor-version":[{"id":5096,"href":"https:\/\/apuntesdesanluis.com\/index.php\/wp-json\/wp\/v2\/posts\/5090\/revisions\/5096"}],"wp:featuredmedia":[{"embeddable":true,"href":"https:\/\/apuntesdesanluis.com\/index.php\/wp-json\/wp\/v2\/media\/5091"}],"wp:attachment":[{"href":"https:\/\/apuntesdesanluis.com\/index.php\/wp-json\/wp\/v2\/media?parent=5090"}],"wp:term":[{"taxonomy":"category","embeddable":true,"href":"https:\/\/apuntesdesanluis.com\/index.php\/wp-json\/wp\/v2\/categories?post=5090"},{"taxonomy":"post_tag","embeddable":true,"href":"https:\/\/apuntesdesanluis.com\/index.php\/wp-json\/wp\/v2\/tags?post=5090"}],"curies":[{"name":"wp","href":"https:\/\/api.w.org\/{rel}","templated":true}]}}