{"id":5102,"date":"2023-10-12T14:13:50","date_gmt":"2023-10-12T17:13:50","guid":{"rendered":"https:\/\/apuntesdesanluis.com\/?p=5102"},"modified":"2023-10-12T14:27:56","modified_gmt":"2023-10-12T17:27:56","slug":"nos-preocupa-que-se-haya-paralizado-la-obra-publica-por-una-medida-politica","status":"publish","type":"post","link":"https:\/\/apuntesdesanluis.com\/index.php\/2023\/10\/12\/nos-preocupa-que-se-haya-paralizado-la-obra-publica-por-una-medida-politica\/","title":{"rendered":"\u201cNOS PREOCUPA QUE SE HAYA PARALIZADO LA OBRA P\u00daBLICA POR UNA MEDIDA POL\u00cdTICA\u201d"},"content":{"rendered":"<h3>Lo expres\u00f3 el concejal <strong>Roberto Mones Ruiz <\/strong>(FUJ), quien junto a su bloque present\u00f3 la Declaraci\u00f3n que aprob\u00f3 el Concejo Deliberante el martes \u00faltimo, a trav\u00e9s de la cual se \u201crepudia enf\u00e1ticamente la actitud adoptada en relaci\u00f3n a la medida de paralizar la obra p\u00fablica en la provincia de San Luis\u201d.<\/h3>\n<h3>Con el voto de la mayor\u00eda de concejales del Frente Justicialista, el cuerpo manifest\u00f3 su \u201crechazo\u201d al fallo de la titular del Juzgado Laboral N\u00b0 2 de la Primera Circunscripci\u00f3n, <strong>Mar\u00eda Eugenia Bona<\/strong>, quien hizo lugar a una acci\u00f3n de amparo presentada por el gobernador electo <strong>Claudio Poggi<\/strong>, \u201cque ha paralizado la obra p\u00fablica en la provincia, con las graves consecuencias que ello acarrea en toda la econom\u00eda de la provincia de San Luis\u201d.<\/h3>\n<h3>\u201cPareciera ser que no se han medido los da\u00f1os que se est\u00e1 provocando en t\u00e9rminos ocupacionales, porque en San Luis el Estado hist\u00f3ricamente act\u00faa como un motor de la econom\u00eda, a trav\u00e9s de su importante plan de obras p\u00fablicas. Eso es lo que hemos manifestando con nuestros compa\u00f1eros de bloque, la preocupaci\u00f3n por las miles de familias en toda la provincia que se encuentran sin trabajo en estos momentos, por esta medida de neto corte pol\u00edtico y absolutamente fuera de toda l\u00f3gica\u201d, enfatiz\u00f3 Mones Ruiz.<\/h3>\n<h3>En este sentido, cit\u00f3 un fragmento de la Declaraci\u00f3n aprobada por el HCD, que reproduce la Resoluci\u00f3n N\u00b0 1766 del Ministerio de Obras P\u00fablicas&#8221; de la provincia de San Luis, \u201cdonde se interpreta que la verdadera intenci\u00f3n de Poggi ha sido paralizar la obra p\u00fablica y marca la contracci\u00f3n de que el mismo en 2015, \u00faltimo a\u00f1o de su mandato como gobernador, decret\u00f3 la adjudicaci\u00f3n de m\u00e1s de 70 tr\u00e1mites licitatorios de Obras P\u00fablicas cuya ejecuci\u00f3n exced\u00eda su mandato constitucional\u2026\u201d.<\/h3>\n<h3>\u201cResulta que ahora est\u00e1 mal y cuando \u00e9l lo hizo estaba bien? Creo que es una gran hipocres\u00eda y una medida de neto corte pol\u00edtico, que ha provocado un da\u00f1o terrible a numerosos pueblos y ciudades de la provincia, donde se han paralizado las obras. Y a los trabajadores, que en medio de la dif\u00edcil situaci\u00f3n econ\u00f3mica que atravesamos, se han quedado sin ning\u00fan ingreso\u201d, concluy\u00f3.<\/h3>\n<h3>La Declaraci\u00f3n fue aprobada con seis (6) votos de los ediles del Bloque del Frente de Unidad Justicialista y el rechazo de cinco (5) concejales de la oposici\u00f3n.<\/h3>\n<h3><strong>DECLARACI\u00d3N N\u00b0 1464 DEL CONCEJO DELIBERANTE<\/strong><\/h3>\n<h3><strong>VISTO:<\/strong><\/h3>\n<h3>Los hechos p\u00fablicos donde se toma conocimiento que el actual Diputado Nacional Sr. CLAUDIO JAVIER POGGI, ejerci\u00f3 la medida de paralizar la obra p\u00fablica en la provincia de San Luis, y;<\/h3>\n<h3><strong>CONSIDERANDO:<\/strong><\/h3>\n<h3>Que la medida tomada impide el derecho y deber de gobernar e implica m\u00faltiples perjuicios para la econom\u00eda local dentro de la provincia de San Luis.<\/h3>\n<h3>Que la medida conlleva, adem\u00e1s, la suspensi\u00f3n de la totalidad de las licitaciones de la obra p\u00fablica de la provincia en el poder ejecutivo, en los organismos aut\u00e1rquicos y descentralizados, como as\u00ed tambi\u00e9n en agencias y sociedades en que el estado sea parte.<\/h3>\n<h3>Que, la titular del Juzgado Laboral N<sup>O <\/sup>2 de la Primera Circunscripci\u00f3n, MARIA EUGENIA BONA, hizo lugar a una acci\u00f3n de amparo que paraliza la obra p\u00fablica en la provincia, con las graves consecuencias que ello acarrea en toda la econom\u00eda de la provincia de San Luis.<\/h3>\n<h3>Que, en la medida cautelar, en uno de sus principales significativos se encuentra el no reconocer el principio republicano de periodicidad de las funciones y desconoce adem\u00e1s que el actual gobernador de la provincia de San Luis Sr. ALBERTO JOS\u00c9 RODRIGUEZ SA\u00c1 est\u00e1 en plenitud absoluta de sus funciones hasta el 9 de diciembre del a\u00f1o 2.023.<\/h3>\n<h3>Que, esta medida privar\u00e1 a miles de trabajadores que se encuentran realizando esta tarea, prestando su servicio a empresas locales, y a quienes estaban por prestarlo; tambi\u00e9n a comerciantes de recursos que beneficien a toda la provincia. &#8211;<\/h3>\n<h3>Que, dicha medida cautelar incurre en m\u00faltiples trastornos e inconsistencias, adem\u00e1s de basarse en declaraciones circunstanciales emitidas en los medios.<\/h3>\n<h3>Que, en uno de los considerandos de la &#8220;RESOLUCI\u00d3N N<sup>O <\/sup>1766 del Ministerio de Obras P\u00fablicas&#8221; de la provincia de San Luis se establece: &#8220;Que es razonable prever que esa es la verdadera finalidad de Claudio Poggi, ello, porque ser\u00eda absolutamente contradictorio desde el punto de vista legal, que una persona en el a\u00f1o 2015, en el \u00faltimo a\u00f1o de su mandato como gobernador, Decrete la adjudicaci\u00f3n de m\u00e1s de 70 tr\u00e1mites licitatorios de Obras P\u00fablicas cuya ejecuci\u00f3n exced\u00eda su mandato constitucional y en la actualidad manifieste y solicite medidas en el sentido opuesto a las que \u00e9l mismo ejecut\u00f3 en su momento. Entonces, Io que solicita Poggi y ampara la Jueza Bona, no es una medida legal, es una acci\u00f3n netamente pol\u00edtica, ya que, de otro modo, no podr\u00eda solicitar que no se haga Io que \u00e9l (Claudio Poggi) hizo en demas\u00eda<\/h3>\n<h3>Que, en uno de los considerandos de la &#8220;RESOLUCI\u00d3N N<sup>O <\/sup>1766 del Ministerio de Obras P\u00fablicas&#8221; de la provincia de San Luis se establece: &#8216;Que otro de los aspectos que al parecer desconoce Claudio Poggi y la Jueza Bona, es que el Poder Ejecutivo env\u00eda todos los a\u00f1os un proyecto de Ley de Presupuesto general de Gastos y c\u00e1lculo de recursos de la administraci\u00f3n Provincial, en el mismo, por Io que ya se mencion\u00f3 ut supra respecto de la ejecuci\u00f3n de Obras P\u00fablicas, se prev\u00e9 el c\u00e1lculo econ\u00f3mico y financiero que implica la continuidad en la ejecuci\u00f3n y su culminaci\u00f3n.<\/h3>\n<h3>Que, el mencionado tema, al cual se hace referencia en la presente, se encuentra en la: &#8220;RESOLUCI\u00d3N N<sup>O <\/sup>1766 del Ministerio de Obras P\u00fablicas&#8221; de la provincia de San Luis.<\/h3>\n<h3><strong>POR ELLO:<\/strong><\/h3>\n<h3><strong>EL HONORABLE CONCEJO DELIBERANTE, EN QU\u00d3RUM LEGAL Y EN USO DE LAS ATRIBUCIONES QUE LE SON PROPIAS, EMITE LA SIGUIENTE:<\/strong><\/h3>\n<h3><strong>DECLARACI\u00d3N N<sup>O <\/sup>1464-(1\/2023<\/strong><\/h3>\n<h3><strong>Art.1 <sup>0<\/sup>)<\/strong> El Honorable Concejo Deliberante de la ciudad de Villa Mercedes REPUDIA enf\u00e1ticamente la actitud adoptada y en relaci\u00f3n a la medida de paralizar la obra p\u00fablica en la provincia de San Luis.<\/h3>\n<h3><strong>Art.2<sup>0<\/sup>)<\/strong> El Honorable Concejo Deliberante de la ciudad de Villa Mercedes manifiesta un profundo RECHAZO a la medida ejercida en relaci\u00f3n a paralizar la obra p\u00fablica en la provincia de San Luis, dado que afectar\u00e1 gravemente la econom\u00eda provincial.<\/h3>\n<h3><strong>Art.3 <sup>0<\/sup>)<\/strong> El Honorable Concejo Deliberante de la ciudad de Villa Mercedes manifiesta un profundo RECHAZO a la medida ejercida de no reconocer el principio republicano de periodicidad de las funciones y adem\u00e1s que el actual Gobernador de la provincia de san Luis., Dr. ALBERTO JOS\u00c9 RODR\u00cdGUEZ SA\u00c1, se encuentra en plenitud absoluta de sus funciones hasta el d\u00eda 09-12-2.023.<\/h3>\n<h3><strong>Art.4<sup>0<\/sup>)<\/strong> Comun\u00edquese.<\/h3>\n<h3><em>Sala de Sesiones del Honorable Concejo Deliberante, a los diez d\u00edas del mes de octubre del a\u00f1o dos mil veintitr\u00e9s.<\/em><\/h3>\n<p>&nbsp;<\/p>\n<p>&nbsp;<\/p>\n<p>&nbsp;<\/p>\n<p>&nbsp;<\/p>\n","protected":false},"excerpt":{"rendered":"<p>Lo expres\u00f3 el concejal Roberto Mones Ruiz (FUJ), quien junto a su bloque present\u00f3 la&#8230;<\/p>\n","protected":false},"author":1,"featured_media":5103,"comment_status":"closed","ping_status":"closed","sticky":false,"template":"","format":"standard","meta":{"footnotes":""},"categories":[6],"tags":[],"class_list":["post-5102","post","type-post","status-publish","format-standard","has-post-thumbnail","hentry","category-ciudad-provincia"],"yoast_head":"<!-- This site is optimized with the Yoast SEO plugin v26.1.1 - https:\/\/yoast.com\/wordpress\/plugins\/seo\/ -->\n<title>\u201cNOS PREOCUPA QUE SE HAYA PARALIZADO LA OBRA P\u00daBLICA POR UNA MEDIDA POL\u00cdTICA\u201d - Apuntes de San Luis<\/title>\n<meta name=\"robots\" content=\"index, follow, max-snippet:-1, max-image-preview:large, max-video-preview:-1\" \/>\n<link rel=\"canonical\" href=\"https:\/\/apuntesdesanluis.com\/index.php\/2023\/10\/12\/nos-preocupa-que-se-haya-paralizado-la-obra-publica-por-una-medida-politica\/\" \/>\n<meta property=\"og:locale\" content=\"es_ES\" \/>\n<meta property=\"og:type\" content=\"article\" \/>\n<meta property=\"og:title\" content=\"\u201cNOS PREOCUPA QUE SE HAYA PARALIZADO LA OBRA P\u00daBLICA POR UNA MEDIDA POL\u00cdTICA\u201d - Apuntes de San Luis\" \/>\n<meta property=\"og:description\" content=\"Lo expres\u00f3 el concejal Roberto Mones Ruiz (FUJ), quien junto a su bloque present\u00f3 la...\" \/>\n<meta property=\"og:url\" content=\"https:\/\/apuntesdesanluis.com\/index.php\/2023\/10\/12\/nos-preocupa-que-se-haya-paralizado-la-obra-publica-por-una-medida-politica\/\" \/>\n<meta property=\"og:site_name\" content=\"Apuntes de San Luis\" \/>\n<meta property=\"article:published_time\" content=\"2023-10-12T17:13:50+00:00\" \/>\n<meta property=\"article:modified_time\" content=\"2023-10-12T17:27:56+00:00\" \/>\n<meta property=\"og:image\" content=\"https:\/\/apuntesdesanluis.com\/wp-content\/uploads\/2023\/10\/mones-ruiz.jpg\" \/>\n\t<meta property=\"og:image:width\" content=\"600\" \/>\n\t<meta property=\"og:image:height\" content=\"364\" \/>\n\t<meta property=\"og:image:type\" content=\"image\/jpeg\" \/>\n<meta name=\"author\" content=\"apuntesdesanluis.com\" \/>\n<meta name=\"twitter:card\" content=\"summary_large_image\" \/>\n<meta name=\"twitter:label1\" content=\"Escrito por\" \/>\n\t<meta name=\"twitter:data1\" content=\"apuntesdesanluis.com\" \/>\n\t<meta name=\"twitter:label2\" content=\"Tiempo de lectura\" \/>\n\t<meta name=\"twitter:data2\" content=\"6 minutos\" \/>\n<script type=\"application\/ld+json\" class=\"yoast-schema-graph\">{\"@context\":\"https:\/\/schema.org\",\"@graph\":[{\"@type\":\"Article\",\"@id\":\"https:\/\/apuntesdesanluis.com\/index.php\/2023\/10\/12\/nos-preocupa-que-se-haya-paralizado-la-obra-publica-por-una-medida-politica\/#article\",\"isPartOf\":{\"@id\":\"https:\/\/apuntesdesanluis.com\/index.php\/2023\/10\/12\/nos-preocupa-que-se-haya-paralizado-la-obra-publica-por-una-medida-politica\/\"},\"author\":{\"name\":\"apuntesdesanluis.com\",\"@id\":\"https:\/\/apuntesdesanluis.com\/#\/schema\/person\/b55151d52296fcce64d1a72538a70b90\"},\"headline\":\"\u201cNOS PREOCUPA QUE SE HAYA PARALIZADO LA OBRA P\u00daBLICA POR UNA MEDIDA POL\u00cdTICA\u201d\",\"datePublished\":\"2023-10-12T17:13:50+00:00\",\"dateModified\":\"2023-10-12T17:27:56+00:00\",\"mainEntityOfPage\":{\"@id\":\"https:\/\/apuntesdesanluis.com\/index.php\/2023\/10\/12\/nos-preocupa-que-se-haya-paralizado-la-obra-publica-por-una-medida-politica\/\"},\"wordCount\":1217,\"publisher\":{\"@id\":\"https:\/\/apuntesdesanluis.com\/#\/schema\/person\/b55151d52296fcce64d1a72538a70b90\"},\"image\":{\"@id\":\"https:\/\/apuntesdesanluis.com\/index.php\/2023\/10\/12\/nos-preocupa-que-se-haya-paralizado-la-obra-publica-por-una-medida-politica\/#primaryimage\"},\"thumbnailUrl\":\"https:\/\/apuntesdesanluis.com\/wp-content\/uploads\/2023\/10\/mones-ruiz.jpg\",\"articleSection\":[\"Ciudad\/Provincia\"],\"inLanguage\":\"es-AR\"},{\"@type\":\"WebPage\",\"@id\":\"https:\/\/apuntesdesanluis.com\/index.php\/2023\/10\/12\/nos-preocupa-que-se-haya-paralizado-la-obra-publica-por-una-medida-politica\/\",\"url\":\"https:\/\/apuntesdesanluis.com\/index.php\/2023\/10\/12\/nos-preocupa-que-se-haya-paralizado-la-obra-publica-por-una-medida-politica\/\",\"name\":\"\u201cNOS PREOCUPA QUE SE HAYA PARALIZADO LA OBRA P\u00daBLICA POR UNA MEDIDA POL\u00cdTICA\u201d - Apuntes de San Luis\",\"isPartOf\":{\"@id\":\"https:\/\/apuntesdesanluis.com\/#website\"},\"primaryImageOfPage\":{\"@id\":\"https:\/\/apuntesdesanluis.com\/index.php\/2023\/10\/12\/nos-preocupa-que-se-haya-paralizado-la-obra-publica-por-una-medida-politica\/#primaryimage\"},\"image\":{\"@id\":\"https:\/\/apuntesdesanluis.com\/index.php\/2023\/10\/12\/nos-preocupa-que-se-haya-paralizado-la-obra-publica-por-una-medida-politica\/#primaryimage\"},\"thumbnailUrl\":\"https:\/\/apuntesdesanluis.com\/wp-content\/uploads\/2023\/10\/mones-ruiz.jpg\",\"datePublished\":\"2023-10-12T17:13:50+00:00\",\"dateModified\":\"2023-10-12T17:27:56+00:00\",\"breadcrumb\":{\"@id\":\"https:\/\/apuntesdesanluis.com\/index.php\/2023\/10\/12\/nos-preocupa-que-se-haya-paralizado-la-obra-publica-por-una-medida-politica\/#breadcrumb\"},\"inLanguage\":\"es-AR\",\"potentialAction\":[{\"@type\":\"ReadAction\",\"target\":[\"https:\/\/apuntesdesanluis.com\/index.php\/2023\/10\/12\/nos-preocupa-que-se-haya-paralizado-la-obra-publica-por-una-medida-politica\/\"]}]},{\"@type\":\"ImageObject\",\"inLanguage\":\"es-AR\",\"@id\":\"https:\/\/apuntesdesanluis.com\/index.php\/2023\/10\/12\/nos-preocupa-que-se-haya-paralizado-la-obra-publica-por-una-medida-politica\/#primaryimage\",\"url\":\"https:\/\/apuntesdesanluis.com\/wp-content\/uploads\/2023\/10\/mones-ruiz.jpg\",\"contentUrl\":\"https:\/\/apuntesdesanluis.com\/wp-content\/uploads\/2023\/10\/mones-ruiz.jpg\",\"width\":600,\"height\":364},{\"@type\":\"BreadcrumbList\",\"@id\":\"https:\/\/apuntesdesanluis.com\/index.php\/2023\/10\/12\/nos-preocupa-que-se-haya-paralizado-la-obra-publica-por-una-medida-politica\/#breadcrumb\",\"itemListElement\":[{\"@type\":\"ListItem\",\"position\":1,\"name\":\"Inicio\",\"item\":\"https:\/\/apuntesdesanluis.com\/\"},{\"@type\":\"ListItem\",\"position\":2,\"name\":\"\u201cNOS PREOCUPA QUE SE HAYA PARALIZADO LA OBRA P\u00daBLICA POR UNA MEDIDA POL\u00cdTICA\u201d\"}]},{\"@type\":\"WebSite\",\"@id\":\"https:\/\/apuntesdesanluis.com\/#website\",\"url\":\"https:\/\/apuntesdesanluis.com\/\",\"name\":\"Apuntes de San Luis\",\"description\":\"\",\"publisher\":{\"@id\":\"https:\/\/apuntesdesanluis.com\/#\/schema\/person\/b55151d52296fcce64d1a72538a70b90\"},\"potentialAction\":[{\"@type\":\"SearchAction\",\"target\":{\"@type\":\"EntryPoint\",\"urlTemplate\":\"https:\/\/apuntesdesanluis.com\/?s={search_term_string}\"},\"query-input\":{\"@type\":\"PropertyValueSpecification\",\"valueRequired\":true,\"valueName\":\"search_term_string\"}}],\"inLanguage\":\"es-AR\"},{\"@type\":[\"Person\",\"Organization\"],\"@id\":\"https:\/\/apuntesdesanluis.com\/#\/schema\/person\/b55151d52296fcce64d1a72538a70b90\",\"name\":\"apuntesdesanluis.com\",\"image\":{\"@type\":\"ImageObject\",\"inLanguage\":\"es-AR\",\"@id\":\"https:\/\/apuntesdesanluis.com\/#\/schema\/person\/image\/\",\"url\":\"https:\/\/apuntesdesanluis.com\/wp-content\/uploads\/2023\/07\/cropped-apuntesdesanluis.png\",\"contentUrl\":\"https:\/\/apuntesdesanluis.com\/wp-content\/uploads\/2023\/07\/cropped-apuntesdesanluis.png\",\"width\":450,\"height\":112,\"caption\":\"apuntesdesanluis.com\"},\"logo\":{\"@id\":\"https:\/\/apuntesdesanluis.com\/#\/schema\/person\/image\/\"},\"sameAs\":[\"https:\/\/apuntesdesanluis.com\"],\"url\":\"https:\/\/apuntesdesanluis.com\/index.php\/author\/apuntesdesanluis-com\/\"}]}<\/script>\n<!-- \/ Yoast SEO plugin. -->","yoast_head_json":{"title":"\u201cNOS PREOCUPA QUE SE HAYA PARALIZADO LA OBRA P\u00daBLICA POR UNA MEDIDA POL\u00cdTICA\u201d - Apuntes de San Luis","robots":{"index":"index","follow":"follow","max-snippet":"max-snippet:-1","max-image-preview":"max-image-preview:large","max-video-preview":"max-video-preview:-1"},"canonical":"https:\/\/apuntesdesanluis.com\/index.php\/2023\/10\/12\/nos-preocupa-que-se-haya-paralizado-la-obra-publica-por-una-medida-politica\/","og_locale":"es_ES","og_type":"article","og_title":"\u201cNOS PREOCUPA QUE SE HAYA PARALIZADO LA OBRA P\u00daBLICA POR UNA MEDIDA POL\u00cdTICA\u201d - Apuntes de San Luis","og_description":"Lo expres\u00f3 el concejal Roberto Mones Ruiz (FUJ), quien junto a su bloque present\u00f3 la...","og_url":"https:\/\/apuntesdesanluis.com\/index.php\/2023\/10\/12\/nos-preocupa-que-se-haya-paralizado-la-obra-publica-por-una-medida-politica\/","og_site_name":"Apuntes de San Luis","article_published_time":"2023-10-12T17:13:50+00:00","article_modified_time":"2023-10-12T17:27:56+00:00","og_image":[{"width":600,"height":364,"url":"https:\/\/apuntesdesanluis.com\/wp-content\/uploads\/2023\/10\/mones-ruiz.jpg","type":"image\/jpeg"}],"author":"apuntesdesanluis.com","twitter_card":"summary_large_image","twitter_misc":{"Escrito por":"apuntesdesanluis.com","Tiempo de lectura":"6 minutos"},"schema":{"@context":"https:\/\/schema.org","@graph":[{"@type":"Article","@id":"https:\/\/apuntesdesanluis.com\/index.php\/2023\/10\/12\/nos-preocupa-que-se-haya-paralizado-la-obra-publica-por-una-medida-politica\/#article","isPartOf":{"@id":"https:\/\/apuntesdesanluis.com\/index.php\/2023\/10\/12\/nos-preocupa-que-se-haya-paralizado-la-obra-publica-por-una-medida-politica\/"},"author":{"name":"apuntesdesanluis.com","@id":"https:\/\/apuntesdesanluis.com\/#\/schema\/person\/b55151d52296fcce64d1a72538a70b90"},"headline":"\u201cNOS PREOCUPA QUE SE HAYA PARALIZADO LA OBRA P\u00daBLICA POR UNA MEDIDA POL\u00cdTICA\u201d","datePublished":"2023-10-12T17:13:50+00:00","dateModified":"2023-10-12T17:27:56+00:00","mainEntityOfPage":{"@id":"https:\/\/apuntesdesanluis.com\/index.php\/2023\/10\/12\/nos-preocupa-que-se-haya-paralizado-la-obra-publica-por-una-medida-politica\/"},"wordCount":1217,"publisher":{"@id":"https:\/\/apuntesdesanluis.com\/#\/schema\/person\/b55151d52296fcce64d1a72538a70b90"},"image":{"@id":"https:\/\/apuntesdesanluis.com\/index.php\/2023\/10\/12\/nos-preocupa-que-se-haya-paralizado-la-obra-publica-por-una-medida-politica\/#primaryimage"},"thumbnailUrl":"https:\/\/apuntesdesanluis.com\/wp-content\/uploads\/2023\/10\/mones-ruiz.jpg","articleSection":["Ciudad\/Provincia"],"inLanguage":"es-AR"},{"@type":"WebPage","@id":"https:\/\/apuntesdesanluis.com\/index.php\/2023\/10\/12\/nos-preocupa-que-se-haya-paralizado-la-obra-publica-por-una-medida-politica\/","url":"https:\/\/apuntesdesanluis.com\/index.php\/2023\/10\/12\/nos-preocupa-que-se-haya-paralizado-la-obra-publica-por-una-medida-politica\/","name":"\u201cNOS PREOCUPA QUE SE HAYA PARALIZADO LA OBRA P\u00daBLICA POR UNA MEDIDA POL\u00cdTICA\u201d - Apuntes de San Luis","isPartOf":{"@id":"https:\/\/apuntesdesanluis.com\/#website"},"primaryImageOfPage":{"@id":"https:\/\/apuntesdesanluis.com\/index.php\/2023\/10\/12\/nos-preocupa-que-se-haya-paralizado-la-obra-publica-por-una-medida-politica\/#primaryimage"},"image":{"@id":"https:\/\/apuntesdesanluis.com\/index.php\/2023\/10\/12\/nos-preocupa-que-se-haya-paralizado-la-obra-publica-por-una-medida-politica\/#primaryimage"},"thumbnailUrl":"https:\/\/apuntesdesanluis.com\/wp-content\/uploads\/2023\/10\/mones-ruiz.jpg","datePublished":"2023-10-12T17:13:50+00:00","dateModified":"2023-10-12T17:27:56+00:00","breadcrumb":{"@id":"https:\/\/apuntesdesanluis.com\/index.php\/2023\/10\/12\/nos-preocupa-que-se-haya-paralizado-la-obra-publica-por-una-medida-politica\/#breadcrumb"},"inLanguage":"es-AR","potentialAction":[{"@type":"ReadAction","target":["https:\/\/apuntesdesanluis.com\/index.php\/2023\/10\/12\/nos-preocupa-que-se-haya-paralizado-la-obra-publica-por-una-medida-politica\/"]}]},{"@type":"ImageObject","inLanguage":"es-AR","@id":"https:\/\/apuntesdesanluis.com\/index.php\/2023\/10\/12\/nos-preocupa-que-se-haya-paralizado-la-obra-publica-por-una-medida-politica\/#primaryimage","url":"https:\/\/apuntesdesanluis.com\/wp-content\/uploads\/2023\/10\/mones-ruiz.jpg","contentUrl":"https:\/\/apuntesdesanluis.com\/wp-content\/uploads\/2023\/10\/mones-ruiz.jpg","width":600,"height":364},{"@type":"BreadcrumbList","@id":"https:\/\/apuntesdesanluis.com\/index.php\/2023\/10\/12\/nos-preocupa-que-se-haya-paralizado-la-obra-publica-por-una-medida-politica\/#breadcrumb","itemListElement":[{"@type":"ListItem","position":1,"name":"Inicio","item":"https:\/\/apuntesdesanluis.com\/"},{"@type":"ListItem","position":2,"name":"\u201cNOS PREOCUPA QUE SE HAYA PARALIZADO LA OBRA P\u00daBLICA POR UNA MEDIDA POL\u00cdTICA\u201d"}]},{"@type":"WebSite","@id":"https:\/\/apuntesdesanluis.com\/#website","url":"https:\/\/apuntesdesanluis.com\/","name":"Apuntes de San Luis","description":"","publisher":{"@id":"https:\/\/apuntesdesanluis.com\/#\/schema\/person\/b55151d52296fcce64d1a72538a70b90"},"potentialAction":[{"@type":"SearchAction","target":{"@type":"EntryPoint","urlTemplate":"https:\/\/apuntesdesanluis.com\/?s={search_term_string}"},"query-input":{"@type":"PropertyValueSpecification","valueRequired":true,"valueName":"search_term_string"}}],"inLanguage":"es-AR"},{"@type":["Person","Organization"],"@id":"https:\/\/apuntesdesanluis.com\/#\/schema\/person\/b55151d52296fcce64d1a72538a70b90","name":"apuntesdesanluis.com","image":{"@type":"ImageObject","inLanguage":"es-AR","@id":"https:\/\/apuntesdesanluis.com\/#\/schema\/person\/image\/","url":"https:\/\/apuntesdesanluis.com\/wp-content\/uploads\/2023\/07\/cropped-apuntesdesanluis.png","contentUrl":"https:\/\/apuntesdesanluis.com\/wp-content\/uploads\/2023\/07\/cropped-apuntesdesanluis.png","width":450,"height":112,"caption":"apuntesdesanluis.com"},"logo":{"@id":"https:\/\/apuntesdesanluis.com\/#\/schema\/person\/image\/"},"sameAs":["https:\/\/apuntesdesanluis.com"],"url":"https:\/\/apuntesdesanluis.com\/index.php\/author\/apuntesdesanluis-com\/"}]}},"featured_image_urls":{"full":["https:\/\/apuntesdesanluis.com\/wp-content\/uploads\/2023\/10\/mones-ruiz.jpg",600,364,false],"thumbnail":["https:\/\/apuntesdesanluis.com\/wp-content\/uploads\/2023\/10\/mones-ruiz-150x150.jpg",150,150,true],"medium":["https:\/\/apuntesdesanluis.com\/wp-content\/uploads\/2023\/10\/mones-ruiz-300x182.jpg",300,182,true],"medium_large":["https:\/\/apuntesdesanluis.com\/wp-content\/uploads\/2023\/10\/mones-ruiz.jpg",600,364,false],"large":["https:\/\/apuntesdesanluis.com\/wp-content\/uploads\/2023\/10\/mones-ruiz.jpg",600,364,false],"1536x1536":["https:\/\/apuntesdesanluis.com\/wp-content\/uploads\/2023\/10\/mones-ruiz.jpg",600,364,false],"2048x2048":["https:\/\/apuntesdesanluis.com\/wp-content\/uploads\/2023\/10\/mones-ruiz.jpg",600,364,false],"newsever-slider-full":["https:\/\/apuntesdesanluis.com\/wp-content\/uploads\/2023\/10\/mones-ruiz.jpg",600,364,false],"newsever-featured":["https:\/\/apuntesdesanluis.com\/wp-content\/uploads\/2023\/10\/mones-ruiz.jpg",600,364,false],"newsever-medium":["https:\/\/apuntesdesanluis.com\/wp-content\/uploads\/2023\/10\/mones-ruiz.jpg",600,364,false]},"author_info":{"display_name":"apuntesdesanluis.com","author_link":"https:\/\/apuntesdesanluis.com\/index.php\/author\/apuntesdesanluis-com\/"},"category_info":"<a href=\"https:\/\/apuntesdesanluis.com\/index.php\/category\/ciudad-provincia\/\" rel=\"category tag\">Ciudad\/Provincia<\/a>","tag_info":"Ciudad\/Provincia","comment_count":"0","_links":{"self":[{"href":"https:\/\/apuntesdesanluis.com\/index.php\/wp-json\/wp\/v2\/posts\/5102","targetHints":{"allow":["GET"]}}],"collection":[{"href":"https:\/\/apuntesdesanluis.com\/index.php\/wp-json\/wp\/v2\/posts"}],"about":[{"href":"https:\/\/apuntesdesanluis.com\/index.php\/wp-json\/wp\/v2\/types\/post"}],"author":[{"embeddable":true,"href":"https:\/\/apuntesdesanluis.com\/index.php\/wp-json\/wp\/v2\/users\/1"}],"replies":[{"embeddable":true,"href":"https:\/\/apuntesdesanluis.com\/index.php\/wp-json\/wp\/v2\/comments?post=5102"}],"version-history":[{"count":6,"href":"https:\/\/apuntesdesanluis.com\/index.php\/wp-json\/wp\/v2\/posts\/5102\/revisions"}],"predecessor-version":[{"id":5109,"href":"https:\/\/apuntesdesanluis.com\/index.php\/wp-json\/wp\/v2\/posts\/5102\/revisions\/5109"}],"wp:featuredmedia":[{"embeddable":true,"href":"https:\/\/apuntesdesanluis.com\/index.php\/wp-json\/wp\/v2\/media\/5103"}],"wp:attachment":[{"href":"https:\/\/apuntesdesanluis.com\/index.php\/wp-json\/wp\/v2\/media?parent=5102"}],"wp:term":[{"taxonomy":"category","embeddable":true,"href":"https:\/\/apuntesdesanluis.com\/index.php\/wp-json\/wp\/v2\/categories?post=5102"},{"taxonomy":"post_tag","embeddable":true,"href":"https:\/\/apuntesdesanluis.com\/index.php\/wp-json\/wp\/v2\/tags?post=5102"}],"curies":[{"name":"wp","href":"https:\/\/api.w.org\/{rel}","templated":true}]}}