{"id":5110,"date":"2023-10-12T22:32:05","date_gmt":"2023-10-13T01:32:05","guid":{"rendered":"https:\/\/apuntesdesanluis.com\/?p=5110"},"modified":"2023-10-12T22:32:05","modified_gmt":"2023-10-13T01:32:05","slug":"la-inflacion-subio-al-127-en-septiembre-y-acumula-1383-anual","status":"publish","type":"post","link":"https:\/\/apuntesdesanluis.com\/index.php\/2023\/10\/12\/la-inflacion-subio-al-127-en-septiembre-y-acumula-1383-anual\/","title":{"rendered":"LA INFLACI\u00d3N SUBI\u00d3 AL 12,7% EN SEPTIEMBRE Y ACUMULA 138,3% ANUAL"},"content":{"rendered":"<h3>La inflaci\u00f3n sigui\u00f3 en niveles alt\u00edsimos en septiembre \u00faltimo, ya que aument\u00f3 <strong>12,7%<\/strong>, mientras el acumulado de los \u00faltimo doce meses fue de <strong>138,3<\/strong> por ciento. As\u00ed, el costo de vida se ubic\u00f3 0,3 puntos por encima del de agosto (12,4%).<\/h3>\n<h3>Adem\u00e1s, el costo de vida super\u00f3 el 100% en los primeros nueve meses, al subir 103,2%, inform\u00f3 el INDEC.<\/h3>\n<p><img fetchpriority=\"high\" decoding=\"async\" class=\"wp-image-5111 aligncenter\" src=\"https:\/\/apuntesdesanluis.com\/wp-content\/uploads\/2023\/10\/subas-300x217.png\" alt=\"\" width=\"795\" height=\"575\" srcset=\"https:\/\/apuntesdesanluis.com\/wp-content\/uploads\/2023\/10\/subas-300x217.png 300w, https:\/\/apuntesdesanluis.com\/wp-content\/uploads\/2023\/10\/subas.png 766w\" sizes=\"(max-width: 795px) 100vw, 795px\" \/><\/p>\n<h3>La divisi\u00f3n de mayor aumento en el mes fue Prendas de vestir y calzado (15,7%), impulsada por el cambio de temporada.<\/h3>\n<h3>Le siguieron Recreaci\u00f3n y cultura (15,1%) \u2013principalmente por la suba en los servicios de televisi\u00f3n por cable\u2013 y Alimentos y bebidas no alcoh\u00f3licas (14,3%).<\/h3>\n<h3>La divisi\u00f3n con mayor incidencia en todas las regiones fue Alimentos y bebidas no alcoh\u00f3licas (14,3%). Al interior de la divisi\u00f3n impact\u00f3 la suba de Carnes y derivados, Pan y cereales y Frutas.<\/h3>\n<h3>El Nivel general del \u00cdndice de precios al consumidor registr\u00f3 un alza mensual de 12,7% en septiembre de 2023, y acumul\u00f3 una variaci\u00f3n de 103,2%. En la comparaci\u00f3n interanual, el incremento alcanz\u00f3 el 138,3%.<\/h3>\n<h3>Las dos divisiones que registraron las menores variaciones en septiembre fueron Educaci\u00f3n (8,1%) y Vivienda, agua, electricidad y otros combustibles (8,5%).<\/h3>\n<h3>A nivel de las categor\u00edas, Estacionales (14,7%) lider\u00f3 el aumento del per\u00edodo seguida por IPC N\u00facleo (13,4%), mientras que Regulados registr\u00f3 un incremento de 8,3%.<\/h3>\n","protected":false},"excerpt":{"rendered":"<p>La inflaci\u00f3n sigui\u00f3 en niveles alt\u00edsimos en septiembre \u00faltimo, ya que aument\u00f3 12,7%, mientras el&#8230;<\/p>\n","protected":false},"author":1,"featured_media":1583,"comment_status":"closed","ping_status":"closed","sticky":false,"template":"","format":"standard","meta":{"footnotes":""},"categories":[5],"tags":[],"class_list":["post-5110","post","type-post","status-publish","format-standard","has-post-thumbnail","hentry","category-nacionales-internacionales"],"yoast_head":"<!-- This site is optimized with the Yoast SEO plugin v26.1.1 - https:\/\/yoast.com\/wordpress\/plugins\/seo\/ -->\n<title>LA INFLACI\u00d3N SUBI\u00d3 AL 12,7% EN SEPTIEMBRE Y ACUMULA 138,3% ANUAL - Apuntes de San Luis<\/title>\n<meta name=\"robots\" content=\"index, follow, max-snippet:-1, max-image-preview:large, max-video-preview:-1\" \/>\n<link rel=\"canonical\" href=\"https:\/\/apuntesdesanluis.com\/index.php\/2023\/10\/12\/la-inflacion-subio-al-127-en-septiembre-y-acumula-1383-anual\/\" \/>\n<meta property=\"og:locale\" content=\"es_ES\" \/>\n<meta property=\"og:type\" content=\"article\" \/>\n<meta property=\"og:title\" content=\"LA INFLACI\u00d3N SUBI\u00d3 AL 12,7% EN SEPTIEMBRE Y ACUMULA 138,3% ANUAL - Apuntes de San Luis\" \/>\n<meta property=\"og:description\" content=\"La inflaci\u00f3n sigui\u00f3 en niveles alt\u00edsimos en septiembre \u00faltimo, ya que aument\u00f3 12,7%, mientras el...\" \/>\n<meta property=\"og:url\" content=\"https:\/\/apuntesdesanluis.com\/index.php\/2023\/10\/12\/la-inflacion-subio-al-127-en-septiembre-y-acumula-1383-anual\/\" \/>\n<meta property=\"og:site_name\" content=\"Apuntes de San Luis\" \/>\n<meta property=\"article:published_time\" content=\"2023-10-13T01:32:05+00:00\" \/>\n<meta property=\"og:image\" content=\"https:\/\/apuntesdesanluis.com\/wp-content\/uploads\/2023\/08\/inflacion-julio.png\" \/>\n\t<meta property=\"og:image:width\" content=\"557\" \/>\n\t<meta property=\"og:image:height\" content=\"342\" \/>\n\t<meta property=\"og:image:type\" content=\"image\/png\" \/>\n<meta name=\"author\" content=\"apuntesdesanluis.com\" \/>\n<meta name=\"twitter:card\" content=\"summary_large_image\" \/>\n<meta name=\"twitter:label1\" content=\"Escrito por\" \/>\n\t<meta name=\"twitter:data1\" content=\"apuntesdesanluis.com\" \/>\n\t<meta name=\"twitter:label2\" content=\"Tiempo de lectura\" \/>\n\t<meta name=\"twitter:data2\" content=\"2 minutos\" \/>\n<script type=\"application\/ld+json\" class=\"yoast-schema-graph\">{\"@context\":\"https:\/\/schema.org\",\"@graph\":[{\"@type\":\"Article\",\"@id\":\"https:\/\/apuntesdesanluis.com\/index.php\/2023\/10\/12\/la-inflacion-subio-al-127-en-septiembre-y-acumula-1383-anual\/#article\",\"isPartOf\":{\"@id\":\"https:\/\/apuntesdesanluis.com\/index.php\/2023\/10\/12\/la-inflacion-subio-al-127-en-septiembre-y-acumula-1383-anual\/\"},\"author\":{\"name\":\"apuntesdesanluis.com\",\"@id\":\"https:\/\/apuntesdesanluis.com\/#\/schema\/person\/b55151d52296fcce64d1a72538a70b90\"},\"headline\":\"LA INFLACI\u00d3N SUBI\u00d3 AL 12,7% EN SEPTIEMBRE Y ACUMULA 138,3% ANUAL\",\"datePublished\":\"2023-10-13T01:32:05+00:00\",\"mainEntityOfPage\":{\"@id\":\"https:\/\/apuntesdesanluis.com\/index.php\/2023\/10\/12\/la-inflacion-subio-al-127-en-septiembre-y-acumula-1383-anual\/\"},\"wordCount\":225,\"publisher\":{\"@id\":\"https:\/\/apuntesdesanluis.com\/#\/schema\/person\/b55151d52296fcce64d1a72538a70b90\"},\"image\":{\"@id\":\"https:\/\/apuntesdesanluis.com\/index.php\/2023\/10\/12\/la-inflacion-subio-al-127-en-septiembre-y-acumula-1383-anual\/#primaryimage\"},\"thumbnailUrl\":\"https:\/\/apuntesdesanluis.com\/wp-content\/uploads\/2023\/08\/inflacion-julio.png\",\"articleSection\":[\"Nacionales\/Internacionales\"],\"inLanguage\":\"es-AR\"},{\"@type\":\"WebPage\",\"@id\":\"https:\/\/apuntesdesanluis.com\/index.php\/2023\/10\/12\/la-inflacion-subio-al-127-en-septiembre-y-acumula-1383-anual\/\",\"url\":\"https:\/\/apuntesdesanluis.com\/index.php\/2023\/10\/12\/la-inflacion-subio-al-127-en-septiembre-y-acumula-1383-anual\/\",\"name\":\"LA INFLACI\u00d3N SUBI\u00d3 AL 12,7% EN SEPTIEMBRE Y ACUMULA 138,3% ANUAL - Apuntes de San Luis\",\"isPartOf\":{\"@id\":\"https:\/\/apuntesdesanluis.com\/#website\"},\"primaryImageOfPage\":{\"@id\":\"https:\/\/apuntesdesanluis.com\/index.php\/2023\/10\/12\/la-inflacion-subio-al-127-en-septiembre-y-acumula-1383-anual\/#primaryimage\"},\"image\":{\"@id\":\"https:\/\/apuntesdesanluis.com\/index.php\/2023\/10\/12\/la-inflacion-subio-al-127-en-septiembre-y-acumula-1383-anual\/#primaryimage\"},\"thumbnailUrl\":\"https:\/\/apuntesdesanluis.com\/wp-content\/uploads\/2023\/08\/inflacion-julio.png\",\"datePublished\":\"2023-10-13T01:32:05+00:00\",\"breadcrumb\":{\"@id\":\"https:\/\/apuntesdesanluis.com\/index.php\/2023\/10\/12\/la-inflacion-subio-al-127-en-septiembre-y-acumula-1383-anual\/#breadcrumb\"},\"inLanguage\":\"es-AR\",\"potentialAction\":[{\"@type\":\"ReadAction\",\"target\":[\"https:\/\/apuntesdesanluis.com\/index.php\/2023\/10\/12\/la-inflacion-subio-al-127-en-septiembre-y-acumula-1383-anual\/\"]}]},{\"@type\":\"ImageObject\",\"inLanguage\":\"es-AR\",\"@id\":\"https:\/\/apuntesdesanluis.com\/index.php\/2023\/10\/12\/la-inflacion-subio-al-127-en-septiembre-y-acumula-1383-anual\/#primaryimage\",\"url\":\"https:\/\/apuntesdesanluis.com\/wp-content\/uploads\/2023\/08\/inflacion-julio.png\",\"contentUrl\":\"https:\/\/apuntesdesanluis.com\/wp-content\/uploads\/2023\/08\/inflacion-julio.png\",\"width\":557,\"height\":342},{\"@type\":\"BreadcrumbList\",\"@id\":\"https:\/\/apuntesdesanluis.com\/index.php\/2023\/10\/12\/la-inflacion-subio-al-127-en-septiembre-y-acumula-1383-anual\/#breadcrumb\",\"itemListElement\":[{\"@type\":\"ListItem\",\"position\":1,\"name\":\"Inicio\",\"item\":\"https:\/\/apuntesdesanluis.com\/\"},{\"@type\":\"ListItem\",\"position\":2,\"name\":\"LA INFLACI\u00d3N SUBI\u00d3 AL 12,7% EN SEPTIEMBRE Y ACUMULA 138,3% ANUAL\"}]},{\"@type\":\"WebSite\",\"@id\":\"https:\/\/apuntesdesanluis.com\/#website\",\"url\":\"https:\/\/apuntesdesanluis.com\/\",\"name\":\"Apuntes de San Luis\",\"description\":\"\",\"publisher\":{\"@id\":\"https:\/\/apuntesdesanluis.com\/#\/schema\/person\/b55151d52296fcce64d1a72538a70b90\"},\"potentialAction\":[{\"@type\":\"SearchAction\",\"target\":{\"@type\":\"EntryPoint\",\"urlTemplate\":\"https:\/\/apuntesdesanluis.com\/?s={search_term_string}\"},\"query-input\":{\"@type\":\"PropertyValueSpecification\",\"valueRequired\":true,\"valueName\":\"search_term_string\"}}],\"inLanguage\":\"es-AR\"},{\"@type\":[\"Person\",\"Organization\"],\"@id\":\"https:\/\/apuntesdesanluis.com\/#\/schema\/person\/b55151d52296fcce64d1a72538a70b90\",\"name\":\"apuntesdesanluis.com\",\"image\":{\"@type\":\"ImageObject\",\"inLanguage\":\"es-AR\",\"@id\":\"https:\/\/apuntesdesanluis.com\/#\/schema\/person\/image\/\",\"url\":\"https:\/\/apuntesdesanluis.com\/wp-content\/uploads\/2023\/07\/cropped-apuntesdesanluis.png\",\"contentUrl\":\"https:\/\/apuntesdesanluis.com\/wp-content\/uploads\/2023\/07\/cropped-apuntesdesanluis.png\",\"width\":450,\"height\":112,\"caption\":\"apuntesdesanluis.com\"},\"logo\":{\"@id\":\"https:\/\/apuntesdesanluis.com\/#\/schema\/person\/image\/\"},\"sameAs\":[\"https:\/\/apuntesdesanluis.com\"],\"url\":\"https:\/\/apuntesdesanluis.com\/index.php\/author\/apuntesdesanluis-com\/\"}]}<\/script>\n<!-- \/ Yoast SEO plugin. -->","yoast_head_json":{"title":"LA INFLACI\u00d3N SUBI\u00d3 AL 12,7% EN SEPTIEMBRE Y ACUMULA 138,3% ANUAL - Apuntes de San Luis","robots":{"index":"index","follow":"follow","max-snippet":"max-snippet:-1","max-image-preview":"max-image-preview:large","max-video-preview":"max-video-preview:-1"},"canonical":"https:\/\/apuntesdesanluis.com\/index.php\/2023\/10\/12\/la-inflacion-subio-al-127-en-septiembre-y-acumula-1383-anual\/","og_locale":"es_ES","og_type":"article","og_title":"LA INFLACI\u00d3N SUBI\u00d3 AL 12,7% EN SEPTIEMBRE Y ACUMULA 138,3% ANUAL - Apuntes de San Luis","og_description":"La inflaci\u00f3n sigui\u00f3 en niveles alt\u00edsimos en septiembre \u00faltimo, ya que aument\u00f3 12,7%, mientras el...","og_url":"https:\/\/apuntesdesanluis.com\/index.php\/2023\/10\/12\/la-inflacion-subio-al-127-en-septiembre-y-acumula-1383-anual\/","og_site_name":"Apuntes de San Luis","article_published_time":"2023-10-13T01:32:05+00:00","og_image":[{"width":557,"height":342,"url":"https:\/\/apuntesdesanluis.com\/wp-content\/uploads\/2023\/08\/inflacion-julio.png","type":"image\/png"}],"author":"apuntesdesanluis.com","twitter_card":"summary_large_image","twitter_misc":{"Escrito por":"apuntesdesanluis.com","Tiempo de lectura":"2 minutos"},"schema":{"@context":"https:\/\/schema.org","@graph":[{"@type":"Article","@id":"https:\/\/apuntesdesanluis.com\/index.php\/2023\/10\/12\/la-inflacion-subio-al-127-en-septiembre-y-acumula-1383-anual\/#article","isPartOf":{"@id":"https:\/\/apuntesdesanluis.com\/index.php\/2023\/10\/12\/la-inflacion-subio-al-127-en-septiembre-y-acumula-1383-anual\/"},"author":{"name":"apuntesdesanluis.com","@id":"https:\/\/apuntesdesanluis.com\/#\/schema\/person\/b55151d52296fcce64d1a72538a70b90"},"headline":"LA INFLACI\u00d3N SUBI\u00d3 AL 12,7% EN SEPTIEMBRE Y ACUMULA 138,3% ANUAL","datePublished":"2023-10-13T01:32:05+00:00","mainEntityOfPage":{"@id":"https:\/\/apuntesdesanluis.com\/index.php\/2023\/10\/12\/la-inflacion-subio-al-127-en-septiembre-y-acumula-1383-anual\/"},"wordCount":225,"publisher":{"@id":"https:\/\/apuntesdesanluis.com\/#\/schema\/person\/b55151d52296fcce64d1a72538a70b90"},"image":{"@id":"https:\/\/apuntesdesanluis.com\/index.php\/2023\/10\/12\/la-inflacion-subio-al-127-en-septiembre-y-acumula-1383-anual\/#primaryimage"},"thumbnailUrl":"https:\/\/apuntesdesanluis.com\/wp-content\/uploads\/2023\/08\/inflacion-julio.png","articleSection":["Nacionales\/Internacionales"],"inLanguage":"es-AR"},{"@type":"WebPage","@id":"https:\/\/apuntesdesanluis.com\/index.php\/2023\/10\/12\/la-inflacion-subio-al-127-en-septiembre-y-acumula-1383-anual\/","url":"https:\/\/apuntesdesanluis.com\/index.php\/2023\/10\/12\/la-inflacion-subio-al-127-en-septiembre-y-acumula-1383-anual\/","name":"LA INFLACI\u00d3N SUBI\u00d3 AL 12,7% EN SEPTIEMBRE Y ACUMULA 138,3% ANUAL - Apuntes de San Luis","isPartOf":{"@id":"https:\/\/apuntesdesanluis.com\/#website"},"primaryImageOfPage":{"@id":"https:\/\/apuntesdesanluis.com\/index.php\/2023\/10\/12\/la-inflacion-subio-al-127-en-septiembre-y-acumula-1383-anual\/#primaryimage"},"image":{"@id":"https:\/\/apuntesdesanluis.com\/index.php\/2023\/10\/12\/la-inflacion-subio-al-127-en-septiembre-y-acumula-1383-anual\/#primaryimage"},"thumbnailUrl":"https:\/\/apuntesdesanluis.com\/wp-content\/uploads\/2023\/08\/inflacion-julio.png","datePublished":"2023-10-13T01:32:05+00:00","breadcrumb":{"@id":"https:\/\/apuntesdesanluis.com\/index.php\/2023\/10\/12\/la-inflacion-subio-al-127-en-septiembre-y-acumula-1383-anual\/#breadcrumb"},"inLanguage":"es-AR","potentialAction":[{"@type":"ReadAction","target":["https:\/\/apuntesdesanluis.com\/index.php\/2023\/10\/12\/la-inflacion-subio-al-127-en-septiembre-y-acumula-1383-anual\/"]}]},{"@type":"ImageObject","inLanguage":"es-AR","@id":"https:\/\/apuntesdesanluis.com\/index.php\/2023\/10\/12\/la-inflacion-subio-al-127-en-septiembre-y-acumula-1383-anual\/#primaryimage","url":"https:\/\/apuntesdesanluis.com\/wp-content\/uploads\/2023\/08\/inflacion-julio.png","contentUrl":"https:\/\/apuntesdesanluis.com\/wp-content\/uploads\/2023\/08\/inflacion-julio.png","width":557,"height":342},{"@type":"BreadcrumbList","@id":"https:\/\/apuntesdesanluis.com\/index.php\/2023\/10\/12\/la-inflacion-subio-al-127-en-septiembre-y-acumula-1383-anual\/#breadcrumb","itemListElement":[{"@type":"ListItem","position":1,"name":"Inicio","item":"https:\/\/apuntesdesanluis.com\/"},{"@type":"ListItem","position":2,"name":"LA INFLACI\u00d3N SUBI\u00d3 AL 12,7% EN SEPTIEMBRE Y ACUMULA 138,3% ANUAL"}]},{"@type":"WebSite","@id":"https:\/\/apuntesdesanluis.com\/#website","url":"https:\/\/apuntesdesanluis.com\/","name":"Apuntes de San Luis","description":"","publisher":{"@id":"https:\/\/apuntesdesanluis.com\/#\/schema\/person\/b55151d52296fcce64d1a72538a70b90"},"potentialAction":[{"@type":"SearchAction","target":{"@type":"EntryPoint","urlTemplate":"https:\/\/apuntesdesanluis.com\/?s={search_term_string}"},"query-input":{"@type":"PropertyValueSpecification","valueRequired":true,"valueName":"search_term_string"}}],"inLanguage":"es-AR"},{"@type":["Person","Organization"],"@id":"https:\/\/apuntesdesanluis.com\/#\/schema\/person\/b55151d52296fcce64d1a72538a70b90","name":"apuntesdesanluis.com","image":{"@type":"ImageObject","inLanguage":"es-AR","@id":"https:\/\/apuntesdesanluis.com\/#\/schema\/person\/image\/","url":"https:\/\/apuntesdesanluis.com\/wp-content\/uploads\/2023\/07\/cropped-apuntesdesanluis.png","contentUrl":"https:\/\/apuntesdesanluis.com\/wp-content\/uploads\/2023\/07\/cropped-apuntesdesanluis.png","width":450,"height":112,"caption":"apuntesdesanluis.com"},"logo":{"@id":"https:\/\/apuntesdesanluis.com\/#\/schema\/person\/image\/"},"sameAs":["https:\/\/apuntesdesanluis.com"],"url":"https:\/\/apuntesdesanluis.com\/index.php\/author\/apuntesdesanluis-com\/"}]}},"featured_image_urls":{"full":["https:\/\/apuntesdesanluis.com\/wp-content\/uploads\/2023\/08\/inflacion-julio.png",557,342,false],"thumbnail":["https:\/\/apuntesdesanluis.com\/wp-content\/uploads\/2023\/08\/inflacion-julio-150x150.png",150,150,true],"medium":["https:\/\/apuntesdesanluis.com\/wp-content\/uploads\/2023\/08\/inflacion-julio-300x184.png",300,184,true],"medium_large":["https:\/\/apuntesdesanluis.com\/wp-content\/uploads\/2023\/08\/inflacion-julio.png",557,342,false],"large":["https:\/\/apuntesdesanluis.com\/wp-content\/uploads\/2023\/08\/inflacion-julio.png",557,342,false],"1536x1536":["https:\/\/apuntesdesanluis.com\/wp-content\/uploads\/2023\/08\/inflacion-julio.png",557,342,false],"2048x2048":["https:\/\/apuntesdesanluis.com\/wp-content\/uploads\/2023\/08\/inflacion-julio.png",557,342,false],"newsever-slider-full":["https:\/\/apuntesdesanluis.com\/wp-content\/uploads\/2023\/08\/inflacion-julio.png",557,342,false],"newsever-featured":["https:\/\/apuntesdesanluis.com\/wp-content\/uploads\/2023\/08\/inflacion-julio.png",557,342,false],"newsever-medium":["https:\/\/apuntesdesanluis.com\/wp-content\/uploads\/2023\/08\/inflacion-julio.png",557,342,false]},"author_info":{"display_name":"apuntesdesanluis.com","author_link":"https:\/\/apuntesdesanluis.com\/index.php\/author\/apuntesdesanluis-com\/"},"category_info":"<a href=\"https:\/\/apuntesdesanluis.com\/index.php\/category\/nacionales-internacionales\/\" rel=\"category tag\">Nacionales\/Internacionales<\/a>","tag_info":"Nacionales\/Internacionales","comment_count":"0","_links":{"self":[{"href":"https:\/\/apuntesdesanluis.com\/index.php\/wp-json\/wp\/v2\/posts\/5110","targetHints":{"allow":["GET"]}}],"collection":[{"href":"https:\/\/apuntesdesanluis.com\/index.php\/wp-json\/wp\/v2\/posts"}],"about":[{"href":"https:\/\/apuntesdesanluis.com\/index.php\/wp-json\/wp\/v2\/types\/post"}],"author":[{"embeddable":true,"href":"https:\/\/apuntesdesanluis.com\/index.php\/wp-json\/wp\/v2\/users\/1"}],"replies":[{"embeddable":true,"href":"https:\/\/apuntesdesanluis.com\/index.php\/wp-json\/wp\/v2\/comments?post=5110"}],"version-history":[{"count":1,"href":"https:\/\/apuntesdesanluis.com\/index.php\/wp-json\/wp\/v2\/posts\/5110\/revisions"}],"predecessor-version":[{"id":5112,"href":"https:\/\/apuntesdesanluis.com\/index.php\/wp-json\/wp\/v2\/posts\/5110\/revisions\/5112"}],"wp:featuredmedia":[{"embeddable":true,"href":"https:\/\/apuntesdesanluis.com\/index.php\/wp-json\/wp\/v2\/media\/1583"}],"wp:attachment":[{"href":"https:\/\/apuntesdesanluis.com\/index.php\/wp-json\/wp\/v2\/media?parent=5110"}],"wp:term":[{"taxonomy":"category","embeddable":true,"href":"https:\/\/apuntesdesanluis.com\/index.php\/wp-json\/wp\/v2\/categories?post=5110"},{"taxonomy":"post_tag","embeddable":true,"href":"https:\/\/apuntesdesanluis.com\/index.php\/wp-json\/wp\/v2\/tags?post=5110"}],"curies":[{"name":"wp","href":"https:\/\/api.w.org\/{rel}","templated":true}]}}