{"id":5113,"date":"2023-10-12T11:41:09","date_gmt":"2023-10-12T14:41:09","guid":{"rendered":"https:\/\/apuntesdesanluis.com\/?p=5113"},"modified":"2023-10-12T22:42:31","modified_gmt":"2023-10-13T01:42:31","slug":"prision-preventiva-para-un-imputado-por-lesiones-graves-y-hurto","status":"publish","type":"post","link":"https:\/\/apuntesdesanluis.com\/index.php\/2023\/10\/12\/prision-preventiva-para-un-imputado-por-lesiones-graves-y-hurto\/","title":{"rendered":"PRISI\u00d3N PREVENTIVA PARA UN IMPUTADO POR LESIONES GRAVES Y HURTO"},"content":{"rendered":"<h3>Este jueves se venci\u00f3 la pr\u00f3rroga de detenci\u00f3n de un hombre imputado por los delitos de lesiones graves y hurto en perjuicio de otro hombre. En la audiencia la Dra. Mirta Ucelay resolvi\u00f3 ordenar la prisi\u00f3n preventiva por el t\u00e9rmino de 50 d\u00edas que deber\u00e1 cumplir en el Servicio Penitenciario Provincial.<\/h3>\n<h3>El Dr. Hern\u00e1n Herrera, defensor del imputado hizo reserva de solicitar, al momento del control de acusaci\u00f3n, un cambio de calificaci\u00f3n, seg\u00fan su teor\u00eda del caso se trat\u00f3 de un hecho enmarcado en las lesiones graves en un contexto de estado de emoci\u00f3n violenta, dado que el hombre mantendr\u00eda una relaci\u00f3n con la mujer, seg\u00fan trascendi\u00f3.<\/h3>\n<h3>Adem\u00e1s plante\u00f3 la posibilidad de culminar la causa mediante un proceso alternativo.<\/h3>\n<h3>Asimismo, solicit\u00f3 que se realice un peritaje psicol\u00f3gico para determinar un tratamiento. Por otra parte, pidi\u00f3 la acumulaci\u00f3n de una causa que tiene tambi\u00e9n como imputado a su defendido. En relaci\u00f3n a la medida de coerci\u00f3n solicit\u00f3 que sea un plazo razonable y que se resguarde la integridad f\u00edsica del imputado.<\/h3>\n<h3>La fiscal\u00eda, representada por la Dra. Daniela Torres, mantuvo la calificaci\u00f3n legal en esta oportunidad, no formul\u00f3 objeciones en relaci\u00f3n a la pericia psicol\u00f3gica y a la acumulaci\u00f3n de causa, mencion\u00f3 la evidencia que resta incorporar y solicit\u00f3 la prisi\u00f3n preventiva por 70 d\u00edas.<\/h3>\n<h3>Luego de escuchar a las partes, la Dra. Mirta Ucelay orden\u00f3: la prisi\u00f3n preventiva por el t\u00e9rmino de 50 d\u00edas -que deber\u00e1 cumplir en el Servicio Penitenciario Provincial-, el peritaje psicol\u00f3gico, la acumulaci\u00f3n de la causa anterior, y mantuvo la reserva de la defensa en relaci\u00f3n a la calificaci\u00f3n legal y a las posibles propuestas para culminar la causa. Tambi\u00e9n orden\u00f3 que se resguarde la integridad f\u00edsica del imputado durante su alojamiento en la penitenciar\u00eda.<\/h3>\n<h3>A su vez, ratific\u00f3 la imputaci\u00f3n provisoria por los delitos de lesiones graves y hurto, en los t\u00e9rminos de los Art. 90, 162 y 45 del C\u00f3digo Penal Argentino.<\/h3>\n<h3>El hombre est\u00e1 siendo investigado por un hecho ocurrido el pasado 1 de octubre en Villa Mercedes. Para mayor informaci\u00f3n, ingresar al siguiente enlace: <a href=\"https:\/\/www.periodicojudicial.gov.ar\/villa-mercedes-un-detenido-en-causa-por-lesiones-graves-y-hurto\/\">https:\/\/www.periodicojudicial.gov.ar\/villa-mercedes-un-detenido-en-causa-por-lesiones-graves-y-hurto\/<\/a><\/h3>\n","protected":false},"excerpt":{"rendered":"<p>Este jueves se venci\u00f3 la pr\u00f3rroga de detenci\u00f3n de un hombre imputado por los delitos&#8230;<\/p>\n","protected":false},"author":1,"featured_media":5114,"comment_status":"closed","ping_status":"closed","sticky":false,"template":"","format":"standard","meta":{"footnotes":""},"categories":[6],"tags":[],"class_list":["post-5113","post","type-post","status-publish","format-standard","has-post-thumbnail","hentry","category-ciudad-provincia"],"yoast_head":"<!-- This site is optimized with the Yoast SEO plugin v26.1.1 - https:\/\/yoast.com\/wordpress\/plugins\/seo\/ -->\n<title>PRISI\u00d3N PREVENTIVA PARA UN IMPUTADO POR LESIONES GRAVES Y HURTO - Apuntes de San Luis<\/title>\n<meta name=\"robots\" content=\"index, follow, max-snippet:-1, max-image-preview:large, max-video-preview:-1\" \/>\n<link rel=\"canonical\" href=\"https:\/\/apuntesdesanluis.com\/index.php\/2023\/10\/12\/prision-preventiva-para-un-imputado-por-lesiones-graves-y-hurto\/\" \/>\n<meta property=\"og:locale\" content=\"es_ES\" \/>\n<meta property=\"og:type\" content=\"article\" \/>\n<meta property=\"og:title\" content=\"PRISI\u00d3N PREVENTIVA PARA UN IMPUTADO POR LESIONES GRAVES Y HURTO - Apuntes de San Luis\" \/>\n<meta property=\"og:description\" content=\"Este jueves se venci\u00f3 la pr\u00f3rroga de detenci\u00f3n de un hombre imputado por los delitos...\" \/>\n<meta property=\"og:url\" content=\"https:\/\/apuntesdesanluis.com\/index.php\/2023\/10\/12\/prision-preventiva-para-un-imputado-por-lesiones-graves-y-hurto\/\" \/>\n<meta property=\"og:site_name\" content=\"Apuntes de San Luis\" \/>\n<meta property=\"article:published_time\" content=\"2023-10-12T14:41:09+00:00\" \/>\n<meta property=\"article:modified_time\" content=\"2023-10-13T01:42:31+00:00\" \/>\n<meta property=\"og:image\" content=\"https:\/\/apuntesdesanluis.com\/wp-content\/uploads\/2023\/10\/audiencia-2.png\" \/>\n\t<meta property=\"og:image:width\" content=\"899\" \/>\n\t<meta property=\"og:image:height\" content=\"535\" \/>\n\t<meta property=\"og:image:type\" content=\"image\/png\" \/>\n<meta name=\"author\" content=\"apuntesdesanluis.com\" \/>\n<meta name=\"twitter:card\" content=\"summary_large_image\" \/>\n<meta name=\"twitter:label1\" content=\"Escrito por\" \/>\n\t<meta name=\"twitter:data1\" content=\"apuntesdesanluis.com\" \/>\n\t<meta name=\"twitter:label2\" content=\"Tiempo de lectura\" \/>\n\t<meta name=\"twitter:data2\" content=\"2 minutos\" \/>\n<script type=\"application\/ld+json\" class=\"yoast-schema-graph\">{\"@context\":\"https:\/\/schema.org\",\"@graph\":[{\"@type\":\"Article\",\"@id\":\"https:\/\/apuntesdesanluis.com\/index.php\/2023\/10\/12\/prision-preventiva-para-un-imputado-por-lesiones-graves-y-hurto\/#article\",\"isPartOf\":{\"@id\":\"https:\/\/apuntesdesanluis.com\/index.php\/2023\/10\/12\/prision-preventiva-para-un-imputado-por-lesiones-graves-y-hurto\/\"},\"author\":{\"name\":\"apuntesdesanluis.com\",\"@id\":\"https:\/\/apuntesdesanluis.com\/#\/schema\/person\/b55151d52296fcce64d1a72538a70b90\"},\"headline\":\"PRISI\u00d3N PREVENTIVA PARA UN IMPUTADO POR LESIONES GRAVES Y HURTO\",\"datePublished\":\"2023-10-12T14:41:09+00:00\",\"dateModified\":\"2023-10-13T01:42:31+00:00\",\"mainEntityOfPage\":{\"@id\":\"https:\/\/apuntesdesanluis.com\/index.php\/2023\/10\/12\/prision-preventiva-para-un-imputado-por-lesiones-graves-y-hurto\/\"},\"wordCount\":394,\"publisher\":{\"@id\":\"https:\/\/apuntesdesanluis.com\/#\/schema\/person\/b55151d52296fcce64d1a72538a70b90\"},\"image\":{\"@id\":\"https:\/\/apuntesdesanluis.com\/index.php\/2023\/10\/12\/prision-preventiva-para-un-imputado-por-lesiones-graves-y-hurto\/#primaryimage\"},\"thumbnailUrl\":\"https:\/\/apuntesdesanluis.com\/wp-content\/uploads\/2023\/10\/audiencia-2.png\",\"articleSection\":[\"Ciudad\/Provincia\"],\"inLanguage\":\"es-AR\"},{\"@type\":\"WebPage\",\"@id\":\"https:\/\/apuntesdesanluis.com\/index.php\/2023\/10\/12\/prision-preventiva-para-un-imputado-por-lesiones-graves-y-hurto\/\",\"url\":\"https:\/\/apuntesdesanluis.com\/index.php\/2023\/10\/12\/prision-preventiva-para-un-imputado-por-lesiones-graves-y-hurto\/\",\"name\":\"PRISI\u00d3N PREVENTIVA PARA UN IMPUTADO POR LESIONES GRAVES Y HURTO - Apuntes de San Luis\",\"isPartOf\":{\"@id\":\"https:\/\/apuntesdesanluis.com\/#website\"},\"primaryImageOfPage\":{\"@id\":\"https:\/\/apuntesdesanluis.com\/index.php\/2023\/10\/12\/prision-preventiva-para-un-imputado-por-lesiones-graves-y-hurto\/#primaryimage\"},\"image\":{\"@id\":\"https:\/\/apuntesdesanluis.com\/index.php\/2023\/10\/12\/prision-preventiva-para-un-imputado-por-lesiones-graves-y-hurto\/#primaryimage\"},\"thumbnailUrl\":\"https:\/\/apuntesdesanluis.com\/wp-content\/uploads\/2023\/10\/audiencia-2.png\",\"datePublished\":\"2023-10-12T14:41:09+00:00\",\"dateModified\":\"2023-10-13T01:42:31+00:00\",\"breadcrumb\":{\"@id\":\"https:\/\/apuntesdesanluis.com\/index.php\/2023\/10\/12\/prision-preventiva-para-un-imputado-por-lesiones-graves-y-hurto\/#breadcrumb\"},\"inLanguage\":\"es-AR\",\"potentialAction\":[{\"@type\":\"ReadAction\",\"target\":[\"https:\/\/apuntesdesanluis.com\/index.php\/2023\/10\/12\/prision-preventiva-para-un-imputado-por-lesiones-graves-y-hurto\/\"]}]},{\"@type\":\"ImageObject\",\"inLanguage\":\"es-AR\",\"@id\":\"https:\/\/apuntesdesanluis.com\/index.php\/2023\/10\/12\/prision-preventiva-para-un-imputado-por-lesiones-graves-y-hurto\/#primaryimage\",\"url\":\"https:\/\/apuntesdesanluis.com\/wp-content\/uploads\/2023\/10\/audiencia-2.png\",\"contentUrl\":\"https:\/\/apuntesdesanluis.com\/wp-content\/uploads\/2023\/10\/audiencia-2.png\",\"width\":899,\"height\":535},{\"@type\":\"BreadcrumbList\",\"@id\":\"https:\/\/apuntesdesanluis.com\/index.php\/2023\/10\/12\/prision-preventiva-para-un-imputado-por-lesiones-graves-y-hurto\/#breadcrumb\",\"itemListElement\":[{\"@type\":\"ListItem\",\"position\":1,\"name\":\"Inicio\",\"item\":\"https:\/\/apuntesdesanluis.com\/\"},{\"@type\":\"ListItem\",\"position\":2,\"name\":\"PRISI\u00d3N PREVENTIVA PARA UN IMPUTADO POR LESIONES GRAVES Y HURTO\"}]},{\"@type\":\"WebSite\",\"@id\":\"https:\/\/apuntesdesanluis.com\/#website\",\"url\":\"https:\/\/apuntesdesanluis.com\/\",\"name\":\"Apuntes de San Luis\",\"description\":\"\",\"publisher\":{\"@id\":\"https:\/\/apuntesdesanluis.com\/#\/schema\/person\/b55151d52296fcce64d1a72538a70b90\"},\"potentialAction\":[{\"@type\":\"SearchAction\",\"target\":{\"@type\":\"EntryPoint\",\"urlTemplate\":\"https:\/\/apuntesdesanluis.com\/?s={search_term_string}\"},\"query-input\":{\"@type\":\"PropertyValueSpecification\",\"valueRequired\":true,\"valueName\":\"search_term_string\"}}],\"inLanguage\":\"es-AR\"},{\"@type\":[\"Person\",\"Organization\"],\"@id\":\"https:\/\/apuntesdesanluis.com\/#\/schema\/person\/b55151d52296fcce64d1a72538a70b90\",\"name\":\"apuntesdesanluis.com\",\"image\":{\"@type\":\"ImageObject\",\"inLanguage\":\"es-AR\",\"@id\":\"https:\/\/apuntesdesanluis.com\/#\/schema\/person\/image\/\",\"url\":\"https:\/\/apuntesdesanluis.com\/wp-content\/uploads\/2023\/07\/cropped-apuntesdesanluis.png\",\"contentUrl\":\"https:\/\/apuntesdesanluis.com\/wp-content\/uploads\/2023\/07\/cropped-apuntesdesanluis.png\",\"width\":450,\"height\":112,\"caption\":\"apuntesdesanluis.com\"},\"logo\":{\"@id\":\"https:\/\/apuntesdesanluis.com\/#\/schema\/person\/image\/\"},\"sameAs\":[\"https:\/\/apuntesdesanluis.com\"],\"url\":\"https:\/\/apuntesdesanluis.com\/index.php\/author\/apuntesdesanluis-com\/\"}]}<\/script>\n<!-- \/ Yoast SEO plugin. -->","yoast_head_json":{"title":"PRISI\u00d3N PREVENTIVA PARA UN IMPUTADO POR LESIONES GRAVES Y HURTO - Apuntes de San Luis","robots":{"index":"index","follow":"follow","max-snippet":"max-snippet:-1","max-image-preview":"max-image-preview:large","max-video-preview":"max-video-preview:-1"},"canonical":"https:\/\/apuntesdesanluis.com\/index.php\/2023\/10\/12\/prision-preventiva-para-un-imputado-por-lesiones-graves-y-hurto\/","og_locale":"es_ES","og_type":"article","og_title":"PRISI\u00d3N PREVENTIVA PARA UN IMPUTADO POR LESIONES GRAVES Y HURTO - Apuntes de San Luis","og_description":"Este jueves se venci\u00f3 la pr\u00f3rroga de detenci\u00f3n de un hombre imputado por los delitos...","og_url":"https:\/\/apuntesdesanluis.com\/index.php\/2023\/10\/12\/prision-preventiva-para-un-imputado-por-lesiones-graves-y-hurto\/","og_site_name":"Apuntes de San Luis","article_published_time":"2023-10-12T14:41:09+00:00","article_modified_time":"2023-10-13T01:42:31+00:00","og_image":[{"width":899,"height":535,"url":"https:\/\/apuntesdesanluis.com\/wp-content\/uploads\/2023\/10\/audiencia-2.png","type":"image\/png"}],"author":"apuntesdesanluis.com","twitter_card":"summary_large_image","twitter_misc":{"Escrito por":"apuntesdesanluis.com","Tiempo de lectura":"2 minutos"},"schema":{"@context":"https:\/\/schema.org","@graph":[{"@type":"Article","@id":"https:\/\/apuntesdesanluis.com\/index.php\/2023\/10\/12\/prision-preventiva-para-un-imputado-por-lesiones-graves-y-hurto\/#article","isPartOf":{"@id":"https:\/\/apuntesdesanluis.com\/index.php\/2023\/10\/12\/prision-preventiva-para-un-imputado-por-lesiones-graves-y-hurto\/"},"author":{"name":"apuntesdesanluis.com","@id":"https:\/\/apuntesdesanluis.com\/#\/schema\/person\/b55151d52296fcce64d1a72538a70b90"},"headline":"PRISI\u00d3N PREVENTIVA PARA UN IMPUTADO POR LESIONES GRAVES Y HURTO","datePublished":"2023-10-12T14:41:09+00:00","dateModified":"2023-10-13T01:42:31+00:00","mainEntityOfPage":{"@id":"https:\/\/apuntesdesanluis.com\/index.php\/2023\/10\/12\/prision-preventiva-para-un-imputado-por-lesiones-graves-y-hurto\/"},"wordCount":394,"publisher":{"@id":"https:\/\/apuntesdesanluis.com\/#\/schema\/person\/b55151d52296fcce64d1a72538a70b90"},"image":{"@id":"https:\/\/apuntesdesanluis.com\/index.php\/2023\/10\/12\/prision-preventiva-para-un-imputado-por-lesiones-graves-y-hurto\/#primaryimage"},"thumbnailUrl":"https:\/\/apuntesdesanluis.com\/wp-content\/uploads\/2023\/10\/audiencia-2.png","articleSection":["Ciudad\/Provincia"],"inLanguage":"es-AR"},{"@type":"WebPage","@id":"https:\/\/apuntesdesanluis.com\/index.php\/2023\/10\/12\/prision-preventiva-para-un-imputado-por-lesiones-graves-y-hurto\/","url":"https:\/\/apuntesdesanluis.com\/index.php\/2023\/10\/12\/prision-preventiva-para-un-imputado-por-lesiones-graves-y-hurto\/","name":"PRISI\u00d3N PREVENTIVA PARA UN IMPUTADO POR LESIONES GRAVES Y HURTO - Apuntes de San Luis","isPartOf":{"@id":"https:\/\/apuntesdesanluis.com\/#website"},"primaryImageOfPage":{"@id":"https:\/\/apuntesdesanluis.com\/index.php\/2023\/10\/12\/prision-preventiva-para-un-imputado-por-lesiones-graves-y-hurto\/#primaryimage"},"image":{"@id":"https:\/\/apuntesdesanluis.com\/index.php\/2023\/10\/12\/prision-preventiva-para-un-imputado-por-lesiones-graves-y-hurto\/#primaryimage"},"thumbnailUrl":"https:\/\/apuntesdesanluis.com\/wp-content\/uploads\/2023\/10\/audiencia-2.png","datePublished":"2023-10-12T14:41:09+00:00","dateModified":"2023-10-13T01:42:31+00:00","breadcrumb":{"@id":"https:\/\/apuntesdesanluis.com\/index.php\/2023\/10\/12\/prision-preventiva-para-un-imputado-por-lesiones-graves-y-hurto\/#breadcrumb"},"inLanguage":"es-AR","potentialAction":[{"@type":"ReadAction","target":["https:\/\/apuntesdesanluis.com\/index.php\/2023\/10\/12\/prision-preventiva-para-un-imputado-por-lesiones-graves-y-hurto\/"]}]},{"@type":"ImageObject","inLanguage":"es-AR","@id":"https:\/\/apuntesdesanluis.com\/index.php\/2023\/10\/12\/prision-preventiva-para-un-imputado-por-lesiones-graves-y-hurto\/#primaryimage","url":"https:\/\/apuntesdesanluis.com\/wp-content\/uploads\/2023\/10\/audiencia-2.png","contentUrl":"https:\/\/apuntesdesanluis.com\/wp-content\/uploads\/2023\/10\/audiencia-2.png","width":899,"height":535},{"@type":"BreadcrumbList","@id":"https:\/\/apuntesdesanluis.com\/index.php\/2023\/10\/12\/prision-preventiva-para-un-imputado-por-lesiones-graves-y-hurto\/#breadcrumb","itemListElement":[{"@type":"ListItem","position":1,"name":"Inicio","item":"https:\/\/apuntesdesanluis.com\/"},{"@type":"ListItem","position":2,"name":"PRISI\u00d3N PREVENTIVA PARA UN IMPUTADO POR LESIONES GRAVES Y HURTO"}]},{"@type":"WebSite","@id":"https:\/\/apuntesdesanluis.com\/#website","url":"https:\/\/apuntesdesanluis.com\/","name":"Apuntes de San Luis","description":"","publisher":{"@id":"https:\/\/apuntesdesanluis.com\/#\/schema\/person\/b55151d52296fcce64d1a72538a70b90"},"potentialAction":[{"@type":"SearchAction","target":{"@type":"EntryPoint","urlTemplate":"https:\/\/apuntesdesanluis.com\/?s={search_term_string}"},"query-input":{"@type":"PropertyValueSpecification","valueRequired":true,"valueName":"search_term_string"}}],"inLanguage":"es-AR"},{"@type":["Person","Organization"],"@id":"https:\/\/apuntesdesanluis.com\/#\/schema\/person\/b55151d52296fcce64d1a72538a70b90","name":"apuntesdesanluis.com","image":{"@type":"ImageObject","inLanguage":"es-AR","@id":"https:\/\/apuntesdesanluis.com\/#\/schema\/person\/image\/","url":"https:\/\/apuntesdesanluis.com\/wp-content\/uploads\/2023\/07\/cropped-apuntesdesanluis.png","contentUrl":"https:\/\/apuntesdesanluis.com\/wp-content\/uploads\/2023\/07\/cropped-apuntesdesanluis.png","width":450,"height":112,"caption":"apuntesdesanluis.com"},"logo":{"@id":"https:\/\/apuntesdesanluis.com\/#\/schema\/person\/image\/"},"sameAs":["https:\/\/apuntesdesanluis.com"],"url":"https:\/\/apuntesdesanluis.com\/index.php\/author\/apuntesdesanluis-com\/"}]}},"featured_image_urls":{"full":["https:\/\/apuntesdesanluis.com\/wp-content\/uploads\/2023\/10\/audiencia-2.png",899,535,false],"thumbnail":["https:\/\/apuntesdesanluis.com\/wp-content\/uploads\/2023\/10\/audiencia-2-150x150.png",150,150,true],"medium":["https:\/\/apuntesdesanluis.com\/wp-content\/uploads\/2023\/10\/audiencia-2-300x179.png",300,179,true],"medium_large":["https:\/\/apuntesdesanluis.com\/wp-content\/uploads\/2023\/10\/audiencia-2-768x457.png",640,381,true],"large":["https:\/\/apuntesdesanluis.com\/wp-content\/uploads\/2023\/10\/audiencia-2.png",640,381,false],"1536x1536":["https:\/\/apuntesdesanluis.com\/wp-content\/uploads\/2023\/10\/audiencia-2.png",899,535,false],"2048x2048":["https:\/\/apuntesdesanluis.com\/wp-content\/uploads\/2023\/10\/audiencia-2.png",899,535,false],"newsever-slider-full":["https:\/\/apuntesdesanluis.com\/wp-content\/uploads\/2023\/10\/audiencia-2.png",899,535,false],"newsever-featured":["https:\/\/apuntesdesanluis.com\/wp-content\/uploads\/2023\/10\/audiencia-2.png",899,535,false],"newsever-medium":["https:\/\/apuntesdesanluis.com\/wp-content\/uploads\/2023\/10\/audiencia-2-720x475.png",720,475,true]},"author_info":{"display_name":"apuntesdesanluis.com","author_link":"https:\/\/apuntesdesanluis.com\/index.php\/author\/apuntesdesanluis-com\/"},"category_info":"<a href=\"https:\/\/apuntesdesanluis.com\/index.php\/category\/ciudad-provincia\/\" rel=\"category tag\">Ciudad\/Provincia<\/a>","tag_info":"Ciudad\/Provincia","comment_count":"0","_links":{"self":[{"href":"https:\/\/apuntesdesanluis.com\/index.php\/wp-json\/wp\/v2\/posts\/5113","targetHints":{"allow":["GET"]}}],"collection":[{"href":"https:\/\/apuntesdesanluis.com\/index.php\/wp-json\/wp\/v2\/posts"}],"about":[{"href":"https:\/\/apuntesdesanluis.com\/index.php\/wp-json\/wp\/v2\/types\/post"}],"author":[{"embeddable":true,"href":"https:\/\/apuntesdesanluis.com\/index.php\/wp-json\/wp\/v2\/users\/1"}],"replies":[{"embeddable":true,"href":"https:\/\/apuntesdesanluis.com\/index.php\/wp-json\/wp\/v2\/comments?post=5113"}],"version-history":[{"count":1,"href":"https:\/\/apuntesdesanluis.com\/index.php\/wp-json\/wp\/v2\/posts\/5113\/revisions"}],"predecessor-version":[{"id":5115,"href":"https:\/\/apuntesdesanluis.com\/index.php\/wp-json\/wp\/v2\/posts\/5113\/revisions\/5115"}],"wp:featuredmedia":[{"embeddable":true,"href":"https:\/\/apuntesdesanluis.com\/index.php\/wp-json\/wp\/v2\/media\/5114"}],"wp:attachment":[{"href":"https:\/\/apuntesdesanluis.com\/index.php\/wp-json\/wp\/v2\/media?parent=5113"}],"wp:term":[{"taxonomy":"category","embeddable":true,"href":"https:\/\/apuntesdesanluis.com\/index.php\/wp-json\/wp\/v2\/categories?post=5113"},{"taxonomy":"post_tag","embeddable":true,"href":"https:\/\/apuntesdesanluis.com\/index.php\/wp-json\/wp\/v2\/tags?post=5113"}],"curies":[{"name":"wp","href":"https:\/\/api.w.org\/{rel}","templated":true}]}}