{"id":5131,"date":"2023-10-13T00:10:55","date_gmt":"2023-10-13T03:10:55","guid":{"rendered":"https:\/\/apuntesdesanluis.com\/?p=5131"},"modified":"2023-10-13T00:10:55","modified_gmt":"2023-10-13T03:10:55","slug":"el-banco-central-subio-la-tasa-de-interes-al-133-anual-para-tratar-de-frenar-el-desarme-de-plazos-fijos","status":"publish","type":"post","link":"https:\/\/apuntesdesanluis.com\/index.php\/2023\/10\/13\/el-banco-central-subio-la-tasa-de-interes-al-133-anual-para-tratar-de-frenar-el-desarme-de-plazos-fijos\/","title":{"rendered":"EL BANCO CENTRAL SUBI\u00d3 LA TASA DE INTER\u00c9S AL 133% ANUAL, PARA TRATAR DE FRENAR EL DESARME DE PLAZOS FIJOS"},"content":{"rendered":"<h3>Ante la disparada de la inflaci\u00f3n y del d\u00f3lar, el Banco Central finalmente resolvi\u00f3 este jueves subir la tasa de inter\u00e9s al 133% anual,\u00a0en un intento por evitar tambi\u00e9n el desarme de plazos fijos. Inicialmente analistas financieros que reciben informaci\u00f3n del Central hab\u00edan informado una tasa del 145%.<\/h3>\n<h3>La tasa de inter\u00e9s rompe as\u00ed todos los r\u00e9cords, ya que equivale a una efectiva que es la &#8220;m\u00e1xima del siglo&#8221;, explic\u00f3 en analista financiero Salvado Vitelli.<\/h3>\n<h3>As\u00ed, la Tasa Efectiva Anual (TEA) trepa a 254,8%.<\/h3>\n<h3>El Directorio del Banco Central de la Rep\u00fablica Argentina (BCRA) dispuso hoy incrementar la tasa de pol\u00edtica monetaria. De esta forma, la tasa de las Letras de Liquidez (Leliq) a 28 d\u00edas pas\u00f3 a 133% (11% de tasa efectiva mensual).<\/h3>\n<h3>Simult\u00e1neamente y en pos de reforzar el incentivo al ahorro en pesos, el BCRA elev\u00f3 la tasa de inter\u00e9s m\u00ednima garantizada sobre los plazos fijos de personas humanas, estableciendo el nuevo piso en 133% (11% tasa efectiva mensual) para las imposiciones a 30 d\u00edas hasta 30 millones de pesos. Para el resto de los dep\u00f3sitos a plazo fijo del sector privado la tasa m\u00ednima efectiva mensual garantizada se establece en 126%.<\/h3>\n<h3>En septiembre, la tasa de inflaci\u00f3n mensual se ubic\u00f3 en 12,7%, impulsada por el arrastre estad\u00edstico de la aceleraci\u00f3n de precios que tuvo lugar en agosto, luego de la recalibraci\u00f3n del tipo de cambio oficial.<\/h3>\n<h3>Los indicadores de alta frecuencia contin\u00faan reflejando una desaceleraci\u00f3n del ritmo de incremento del nivel general de precios desde el pico de la tercera semana de agosto, y sugieren que la inflaci\u00f3n mensual mostrar\u00eda una desaceleraci\u00f3n significativa en octubre.<\/h3>\n<h3>La autoridad monetaria considera conveniente incrementar la estructura de tasas de inter\u00e9s de la econom\u00eda para consolidar esta tendencia, acotar la volatilidad financiera observada durante el per\u00edodo electoral y favorecer la acumulaci\u00f3n de reservas internacionales.<\/h3>\n<h3>La pol\u00edtica de tasa de inter\u00e9s del Banco Central busca propender hacia retornos reales positivos sobre las inversiones en moneda local, con el fin de preservar la estabilidad monetaria y cambiaria.<\/h3>\n<h3>El BCRA continuar\u00e1 monitoreando la evoluci\u00f3n del nivel general de precios, la din\u00e1mica del mercado de cambios y de los agregados monetarios a los efectos de calibrar su pol\u00edtica de tasas de inter\u00e9s y de gesti\u00f3n de la liquidez.<\/h3>\n<h3>QU\u00c9 PAS\u00d3 CON LOS DEP\u00d3SITOS<\/h3>\n<h3>El mes pasado todos los dep\u00f3sitos en los bancos cayeron, impulsados por la aceleraci\u00f3n inflacionaria, que lleva a los argentinos a gastar antes de que los precios vuelvan a subir, y la tensi\u00f3n cambiaria. Los pesos en cuentas a la vista cayeron 3,4% por encima de la inflaci\u00f3n; pero el castigo se sinti\u00f3 en la salida de plazos fijos minoristas: cayeron 13% con respecto a agosto.<\/h3>\n<h3>Esta tasa efectiva anual es el rendimiento que se obtendr\u00e1 al cabo de un a\u00f1o reinvirtiendo cada vez el capital m\u00e1s los intereses mensuales generados.<\/h3>\n<h3>Tras conocerse p\u00fablicamente el \u00edndice de inflaci\u00f3n de septiembre, la reuni\u00f3n de Directorio, que se llev\u00f3 a cabo al mediod\u00eda, concluy\u00f3 con la decisi\u00f3n de elevar la tasa de inter\u00e9s.<\/h3>\n<h3>Con esta medida, el Central espera que los ahorristas cesen en el desarme de dep\u00f3sitos, que se dispar\u00f3 en las \u00faltimas semanas porque la inflaci\u00f3n super\u00f3 la tasa que rinden los plazo fijo y se agudiz\u00f3 tras la recomendaci\u00f3n de Milei, este lunes, de no renovar los plazo fijo.<\/h3>\n<h3>En los sectores productivos se teme que un fuerte impacto en la actividad fabril, en la que se viene verificando una desaceleraci\u00f3n.<\/h3>\n<h3>La decisi\u00f3n del Central se adopt\u00f3 en medio de un gran nerviosismo en el mercado financiero.<\/h3>\n<h3>El BCRA hab\u00eda subido la tasa en 21 puntos b\u00e1sicos al 118% vigente despu\u00e9s de la devaluaci\u00f3n post PASO, pero la inflaci\u00f3n que se dispar\u00f3 por el salto del d\u00f3lar oficial termin\u00f3 absorbiendo la mejora de los rendimientos en pesos.<\/h3>\n<h3>Luego del IPC de agosto, que hab\u00eda arrojado una inflaci\u00f3n del 12,4% en el mes, el organismo se neg\u00f3 a volver a ajustar al alza la tasa porque, seg\u00fan comentaban sus funcionarios en voz baja, &#8220;ser\u00eda un desastre para la econom\u00eda&#8221;.<\/h3>\n<h3>Pero septiembre termin\u00f3 con un cambio de tendencia de los ahorristas que comenzaron a dejar de renovar sus plazos fijos y prefirieron pasarse a posiciones &#8220;l\u00edquidas&#8221; para poder cubrirse con inmediatez ante un nuevo salto del d\u00f3lar y del resto de los precios de la econom\u00eda.<\/h3>\n<p>&nbsp;<\/p>\n<p>&nbsp;<\/p>\n","protected":false},"excerpt":{"rendered":"<p>Ante la disparada de la inflaci\u00f3n y del d\u00f3lar, el Banco Central finalmente resolvi\u00f3 este&#8230;<\/p>\n","protected":false},"author":1,"featured_media":628,"comment_status":"closed","ping_status":"closed","sticky":false,"template":"","format":"standard","meta":{"footnotes":""},"categories":[5],"tags":[],"class_list":["post-5131","post","type-post","status-publish","format-standard","has-post-thumbnail","hentry","category-nacionales-internacionales"],"yoast_head":"<!-- This site is optimized with the Yoast SEO plugin v26.1.1 - https:\/\/yoast.com\/wordpress\/plugins\/seo\/ -->\n<title>EL BANCO CENTRAL SUBI\u00d3 LA TASA DE INTER\u00c9S AL 133% ANUAL, PARA TRATAR DE FRENAR EL DESARME DE PLAZOS FIJOS - Apuntes de San Luis<\/title>\n<meta name=\"robots\" content=\"index, follow, max-snippet:-1, max-image-preview:large, max-video-preview:-1\" \/>\n<link rel=\"canonical\" href=\"https:\/\/apuntesdesanluis.com\/index.php\/2023\/10\/13\/el-banco-central-subio-la-tasa-de-interes-al-133-anual-para-tratar-de-frenar-el-desarme-de-plazos-fijos\/\" \/>\n<meta property=\"og:locale\" content=\"es_ES\" \/>\n<meta property=\"og:type\" content=\"article\" \/>\n<meta property=\"og:title\" content=\"EL BANCO CENTRAL SUBI\u00d3 LA TASA DE INTER\u00c9S AL 133% ANUAL, PARA TRATAR DE FRENAR EL DESARME DE PLAZOS FIJOS - Apuntes de San Luis\" \/>\n<meta property=\"og:description\" content=\"Ante la disparada de la inflaci\u00f3n y del d\u00f3lar, el Banco Central finalmente resolvi\u00f3 este...\" \/>\n<meta property=\"og:url\" content=\"https:\/\/apuntesdesanluis.com\/index.php\/2023\/10\/13\/el-banco-central-subio-la-tasa-de-interes-al-133-anual-para-tratar-de-frenar-el-desarme-de-plazos-fijos\/\" \/>\n<meta property=\"og:site_name\" content=\"Apuntes de San Luis\" \/>\n<meta property=\"article:published_time\" content=\"2023-10-13T03:10:55+00:00\" \/>\n<meta property=\"og:image\" content=\"https:\/\/apuntesdesanluis.com\/wp-content\/uploads\/2023\/07\/banco-central.png\" \/>\n\t<meta property=\"og:image:width\" content=\"600\" \/>\n\t<meta property=\"og:image:height\" content=\"418\" \/>\n\t<meta property=\"og:image:type\" content=\"image\/png\" \/>\n<meta name=\"author\" content=\"apuntesdesanluis.com\" \/>\n<meta name=\"twitter:card\" content=\"summary_large_image\" \/>\n<meta name=\"twitter:label1\" content=\"Escrito por\" \/>\n\t<meta name=\"twitter:data1\" content=\"apuntesdesanluis.com\" \/>\n\t<meta name=\"twitter:label2\" content=\"Tiempo de lectura\" \/>\n\t<meta name=\"twitter:data2\" content=\"4 minutos\" \/>\n<script type=\"application\/ld+json\" class=\"yoast-schema-graph\">{\"@context\":\"https:\/\/schema.org\",\"@graph\":[{\"@type\":\"Article\",\"@id\":\"https:\/\/apuntesdesanluis.com\/index.php\/2023\/10\/13\/el-banco-central-subio-la-tasa-de-interes-al-133-anual-para-tratar-de-frenar-el-desarme-de-plazos-fijos\/#article\",\"isPartOf\":{\"@id\":\"https:\/\/apuntesdesanluis.com\/index.php\/2023\/10\/13\/el-banco-central-subio-la-tasa-de-interes-al-133-anual-para-tratar-de-frenar-el-desarme-de-plazos-fijos\/\"},\"author\":{\"name\":\"apuntesdesanluis.com\",\"@id\":\"https:\/\/apuntesdesanluis.com\/#\/schema\/person\/b55151d52296fcce64d1a72538a70b90\"},\"headline\":\"EL BANCO CENTRAL SUBI\u00d3 LA TASA DE INTER\u00c9S AL 133% ANUAL, PARA TRATAR DE FRENAR EL DESARME DE PLAZOS FIJOS\",\"datePublished\":\"2023-10-13T03:10:55+00:00\",\"mainEntityOfPage\":{\"@id\":\"https:\/\/apuntesdesanluis.com\/index.php\/2023\/10\/13\/el-banco-central-subio-la-tasa-de-interes-al-133-anual-para-tratar-de-frenar-el-desarme-de-plazos-fijos\/\"},\"wordCount\":790,\"publisher\":{\"@id\":\"https:\/\/apuntesdesanluis.com\/#\/schema\/person\/b55151d52296fcce64d1a72538a70b90\"},\"image\":{\"@id\":\"https:\/\/apuntesdesanluis.com\/index.php\/2023\/10\/13\/el-banco-central-subio-la-tasa-de-interes-al-133-anual-para-tratar-de-frenar-el-desarme-de-plazos-fijos\/#primaryimage\"},\"thumbnailUrl\":\"https:\/\/apuntesdesanluis.com\/wp-content\/uploads\/2023\/07\/banco-central.png\",\"articleSection\":[\"Nacionales\/Internacionales\"],\"inLanguage\":\"es-AR\"},{\"@type\":\"WebPage\",\"@id\":\"https:\/\/apuntesdesanluis.com\/index.php\/2023\/10\/13\/el-banco-central-subio-la-tasa-de-interes-al-133-anual-para-tratar-de-frenar-el-desarme-de-plazos-fijos\/\",\"url\":\"https:\/\/apuntesdesanluis.com\/index.php\/2023\/10\/13\/el-banco-central-subio-la-tasa-de-interes-al-133-anual-para-tratar-de-frenar-el-desarme-de-plazos-fijos\/\",\"name\":\"EL BANCO CENTRAL SUBI\u00d3 LA TASA DE INTER\u00c9S AL 133% ANUAL, PARA TRATAR DE FRENAR EL DESARME DE PLAZOS FIJOS - Apuntes de San Luis\",\"isPartOf\":{\"@id\":\"https:\/\/apuntesdesanluis.com\/#website\"},\"primaryImageOfPage\":{\"@id\":\"https:\/\/apuntesdesanluis.com\/index.php\/2023\/10\/13\/el-banco-central-subio-la-tasa-de-interes-al-133-anual-para-tratar-de-frenar-el-desarme-de-plazos-fijos\/#primaryimage\"},\"image\":{\"@id\":\"https:\/\/apuntesdesanluis.com\/index.php\/2023\/10\/13\/el-banco-central-subio-la-tasa-de-interes-al-133-anual-para-tratar-de-frenar-el-desarme-de-plazos-fijos\/#primaryimage\"},\"thumbnailUrl\":\"https:\/\/apuntesdesanluis.com\/wp-content\/uploads\/2023\/07\/banco-central.png\",\"datePublished\":\"2023-10-13T03:10:55+00:00\",\"breadcrumb\":{\"@id\":\"https:\/\/apuntesdesanluis.com\/index.php\/2023\/10\/13\/el-banco-central-subio-la-tasa-de-interes-al-133-anual-para-tratar-de-frenar-el-desarme-de-plazos-fijos\/#breadcrumb\"},\"inLanguage\":\"es-AR\",\"potentialAction\":[{\"@type\":\"ReadAction\",\"target\":[\"https:\/\/apuntesdesanluis.com\/index.php\/2023\/10\/13\/el-banco-central-subio-la-tasa-de-interes-al-133-anual-para-tratar-de-frenar-el-desarme-de-plazos-fijos\/\"]}]},{\"@type\":\"ImageObject\",\"inLanguage\":\"es-AR\",\"@id\":\"https:\/\/apuntesdesanluis.com\/index.php\/2023\/10\/13\/el-banco-central-subio-la-tasa-de-interes-al-133-anual-para-tratar-de-frenar-el-desarme-de-plazos-fijos\/#primaryimage\",\"url\":\"https:\/\/apuntesdesanluis.com\/wp-content\/uploads\/2023\/07\/banco-central.png\",\"contentUrl\":\"https:\/\/apuntesdesanluis.com\/wp-content\/uploads\/2023\/07\/banco-central.png\",\"width\":600,\"height\":418},{\"@type\":\"BreadcrumbList\",\"@id\":\"https:\/\/apuntesdesanluis.com\/index.php\/2023\/10\/13\/el-banco-central-subio-la-tasa-de-interes-al-133-anual-para-tratar-de-frenar-el-desarme-de-plazos-fijos\/#breadcrumb\",\"itemListElement\":[{\"@type\":\"ListItem\",\"position\":1,\"name\":\"Inicio\",\"item\":\"https:\/\/apuntesdesanluis.com\/\"},{\"@type\":\"ListItem\",\"position\":2,\"name\":\"EL BANCO CENTRAL SUBI\u00d3 LA TASA DE INTER\u00c9S AL 133% ANUAL, PARA TRATAR DE FRENAR EL DESARME DE PLAZOS FIJOS\"}]},{\"@type\":\"WebSite\",\"@id\":\"https:\/\/apuntesdesanluis.com\/#website\",\"url\":\"https:\/\/apuntesdesanluis.com\/\",\"name\":\"Apuntes de San Luis\",\"description\":\"\",\"publisher\":{\"@id\":\"https:\/\/apuntesdesanluis.com\/#\/schema\/person\/b55151d52296fcce64d1a72538a70b90\"},\"potentialAction\":[{\"@type\":\"SearchAction\",\"target\":{\"@type\":\"EntryPoint\",\"urlTemplate\":\"https:\/\/apuntesdesanluis.com\/?s={search_term_string}\"},\"query-input\":{\"@type\":\"PropertyValueSpecification\",\"valueRequired\":true,\"valueName\":\"search_term_string\"}}],\"inLanguage\":\"es-AR\"},{\"@type\":[\"Person\",\"Organization\"],\"@id\":\"https:\/\/apuntesdesanluis.com\/#\/schema\/person\/b55151d52296fcce64d1a72538a70b90\",\"name\":\"apuntesdesanluis.com\",\"image\":{\"@type\":\"ImageObject\",\"inLanguage\":\"es-AR\",\"@id\":\"https:\/\/apuntesdesanluis.com\/#\/schema\/person\/image\/\",\"url\":\"https:\/\/apuntesdesanluis.com\/wp-content\/uploads\/2023\/07\/cropped-apuntesdesanluis.png\",\"contentUrl\":\"https:\/\/apuntesdesanluis.com\/wp-content\/uploads\/2023\/07\/cropped-apuntesdesanluis.png\",\"width\":450,\"height\":112,\"caption\":\"apuntesdesanluis.com\"},\"logo\":{\"@id\":\"https:\/\/apuntesdesanluis.com\/#\/schema\/person\/image\/\"},\"sameAs\":[\"https:\/\/apuntesdesanluis.com\"],\"url\":\"https:\/\/apuntesdesanluis.com\/index.php\/author\/apuntesdesanluis-com\/\"}]}<\/script>\n<!-- \/ Yoast SEO plugin. -->","yoast_head_json":{"title":"EL BANCO CENTRAL SUBI\u00d3 LA TASA DE INTER\u00c9S AL 133% ANUAL, PARA TRATAR DE FRENAR EL DESARME DE PLAZOS FIJOS - Apuntes de San Luis","robots":{"index":"index","follow":"follow","max-snippet":"max-snippet:-1","max-image-preview":"max-image-preview:large","max-video-preview":"max-video-preview:-1"},"canonical":"https:\/\/apuntesdesanluis.com\/index.php\/2023\/10\/13\/el-banco-central-subio-la-tasa-de-interes-al-133-anual-para-tratar-de-frenar-el-desarme-de-plazos-fijos\/","og_locale":"es_ES","og_type":"article","og_title":"EL BANCO CENTRAL SUBI\u00d3 LA TASA DE INTER\u00c9S AL 133% ANUAL, PARA TRATAR DE FRENAR EL DESARME DE PLAZOS FIJOS - Apuntes de San Luis","og_description":"Ante la disparada de la inflaci\u00f3n y del d\u00f3lar, el Banco Central finalmente resolvi\u00f3 este...","og_url":"https:\/\/apuntesdesanluis.com\/index.php\/2023\/10\/13\/el-banco-central-subio-la-tasa-de-interes-al-133-anual-para-tratar-de-frenar-el-desarme-de-plazos-fijos\/","og_site_name":"Apuntes de San Luis","article_published_time":"2023-10-13T03:10:55+00:00","og_image":[{"width":600,"height":418,"url":"https:\/\/apuntesdesanluis.com\/wp-content\/uploads\/2023\/07\/banco-central.png","type":"image\/png"}],"author":"apuntesdesanluis.com","twitter_card":"summary_large_image","twitter_misc":{"Escrito por":"apuntesdesanluis.com","Tiempo de lectura":"4 minutos"},"schema":{"@context":"https:\/\/schema.org","@graph":[{"@type":"Article","@id":"https:\/\/apuntesdesanluis.com\/index.php\/2023\/10\/13\/el-banco-central-subio-la-tasa-de-interes-al-133-anual-para-tratar-de-frenar-el-desarme-de-plazos-fijos\/#article","isPartOf":{"@id":"https:\/\/apuntesdesanluis.com\/index.php\/2023\/10\/13\/el-banco-central-subio-la-tasa-de-interes-al-133-anual-para-tratar-de-frenar-el-desarme-de-plazos-fijos\/"},"author":{"name":"apuntesdesanluis.com","@id":"https:\/\/apuntesdesanluis.com\/#\/schema\/person\/b55151d52296fcce64d1a72538a70b90"},"headline":"EL BANCO CENTRAL SUBI\u00d3 LA TASA DE INTER\u00c9S AL 133% ANUAL, PARA TRATAR DE FRENAR EL DESARME DE PLAZOS FIJOS","datePublished":"2023-10-13T03:10:55+00:00","mainEntityOfPage":{"@id":"https:\/\/apuntesdesanluis.com\/index.php\/2023\/10\/13\/el-banco-central-subio-la-tasa-de-interes-al-133-anual-para-tratar-de-frenar-el-desarme-de-plazos-fijos\/"},"wordCount":790,"publisher":{"@id":"https:\/\/apuntesdesanluis.com\/#\/schema\/person\/b55151d52296fcce64d1a72538a70b90"},"image":{"@id":"https:\/\/apuntesdesanluis.com\/index.php\/2023\/10\/13\/el-banco-central-subio-la-tasa-de-interes-al-133-anual-para-tratar-de-frenar-el-desarme-de-plazos-fijos\/#primaryimage"},"thumbnailUrl":"https:\/\/apuntesdesanluis.com\/wp-content\/uploads\/2023\/07\/banco-central.png","articleSection":["Nacionales\/Internacionales"],"inLanguage":"es-AR"},{"@type":"WebPage","@id":"https:\/\/apuntesdesanluis.com\/index.php\/2023\/10\/13\/el-banco-central-subio-la-tasa-de-interes-al-133-anual-para-tratar-de-frenar-el-desarme-de-plazos-fijos\/","url":"https:\/\/apuntesdesanluis.com\/index.php\/2023\/10\/13\/el-banco-central-subio-la-tasa-de-interes-al-133-anual-para-tratar-de-frenar-el-desarme-de-plazos-fijos\/","name":"EL BANCO CENTRAL SUBI\u00d3 LA TASA DE INTER\u00c9S AL 133% ANUAL, PARA TRATAR DE FRENAR EL DESARME DE PLAZOS FIJOS - Apuntes de San Luis","isPartOf":{"@id":"https:\/\/apuntesdesanluis.com\/#website"},"primaryImageOfPage":{"@id":"https:\/\/apuntesdesanluis.com\/index.php\/2023\/10\/13\/el-banco-central-subio-la-tasa-de-interes-al-133-anual-para-tratar-de-frenar-el-desarme-de-plazos-fijos\/#primaryimage"},"image":{"@id":"https:\/\/apuntesdesanluis.com\/index.php\/2023\/10\/13\/el-banco-central-subio-la-tasa-de-interes-al-133-anual-para-tratar-de-frenar-el-desarme-de-plazos-fijos\/#primaryimage"},"thumbnailUrl":"https:\/\/apuntesdesanluis.com\/wp-content\/uploads\/2023\/07\/banco-central.png","datePublished":"2023-10-13T03:10:55+00:00","breadcrumb":{"@id":"https:\/\/apuntesdesanluis.com\/index.php\/2023\/10\/13\/el-banco-central-subio-la-tasa-de-interes-al-133-anual-para-tratar-de-frenar-el-desarme-de-plazos-fijos\/#breadcrumb"},"inLanguage":"es-AR","potentialAction":[{"@type":"ReadAction","target":["https:\/\/apuntesdesanluis.com\/index.php\/2023\/10\/13\/el-banco-central-subio-la-tasa-de-interes-al-133-anual-para-tratar-de-frenar-el-desarme-de-plazos-fijos\/"]}]},{"@type":"ImageObject","inLanguage":"es-AR","@id":"https:\/\/apuntesdesanluis.com\/index.php\/2023\/10\/13\/el-banco-central-subio-la-tasa-de-interes-al-133-anual-para-tratar-de-frenar-el-desarme-de-plazos-fijos\/#primaryimage","url":"https:\/\/apuntesdesanluis.com\/wp-content\/uploads\/2023\/07\/banco-central.png","contentUrl":"https:\/\/apuntesdesanluis.com\/wp-content\/uploads\/2023\/07\/banco-central.png","width":600,"height":418},{"@type":"BreadcrumbList","@id":"https:\/\/apuntesdesanluis.com\/index.php\/2023\/10\/13\/el-banco-central-subio-la-tasa-de-interes-al-133-anual-para-tratar-de-frenar-el-desarme-de-plazos-fijos\/#breadcrumb","itemListElement":[{"@type":"ListItem","position":1,"name":"Inicio","item":"https:\/\/apuntesdesanluis.com\/"},{"@type":"ListItem","position":2,"name":"EL BANCO CENTRAL SUBI\u00d3 LA TASA DE INTER\u00c9S AL 133% ANUAL, PARA TRATAR DE FRENAR EL DESARME DE PLAZOS FIJOS"}]},{"@type":"WebSite","@id":"https:\/\/apuntesdesanluis.com\/#website","url":"https:\/\/apuntesdesanluis.com\/","name":"Apuntes de San Luis","description":"","publisher":{"@id":"https:\/\/apuntesdesanluis.com\/#\/schema\/person\/b55151d52296fcce64d1a72538a70b90"},"potentialAction":[{"@type":"SearchAction","target":{"@type":"EntryPoint","urlTemplate":"https:\/\/apuntesdesanluis.com\/?s={search_term_string}"},"query-input":{"@type":"PropertyValueSpecification","valueRequired":true,"valueName":"search_term_string"}}],"inLanguage":"es-AR"},{"@type":["Person","Organization"],"@id":"https:\/\/apuntesdesanluis.com\/#\/schema\/person\/b55151d52296fcce64d1a72538a70b90","name":"apuntesdesanluis.com","image":{"@type":"ImageObject","inLanguage":"es-AR","@id":"https:\/\/apuntesdesanluis.com\/#\/schema\/person\/image\/","url":"https:\/\/apuntesdesanluis.com\/wp-content\/uploads\/2023\/07\/cropped-apuntesdesanluis.png","contentUrl":"https:\/\/apuntesdesanluis.com\/wp-content\/uploads\/2023\/07\/cropped-apuntesdesanluis.png","width":450,"height":112,"caption":"apuntesdesanluis.com"},"logo":{"@id":"https:\/\/apuntesdesanluis.com\/#\/schema\/person\/image\/"},"sameAs":["https:\/\/apuntesdesanluis.com"],"url":"https:\/\/apuntesdesanluis.com\/index.php\/author\/apuntesdesanluis-com\/"}]}},"featured_image_urls":{"full":["https:\/\/apuntesdesanluis.com\/wp-content\/uploads\/2023\/07\/banco-central.png",600,418,false],"thumbnail":["https:\/\/apuntesdesanluis.com\/wp-content\/uploads\/2023\/07\/banco-central-150x150.png",150,150,true],"medium":["https:\/\/apuntesdesanluis.com\/wp-content\/uploads\/2023\/07\/banco-central-300x209.png",300,209,true],"medium_large":["https:\/\/apuntesdesanluis.com\/wp-content\/uploads\/2023\/07\/banco-central.png",600,418,false],"large":["https:\/\/apuntesdesanluis.com\/wp-content\/uploads\/2023\/07\/banco-central.png",600,418,false],"1536x1536":["https:\/\/apuntesdesanluis.com\/wp-content\/uploads\/2023\/07\/banco-central.png",600,418,false],"2048x2048":["https:\/\/apuntesdesanluis.com\/wp-content\/uploads\/2023\/07\/banco-central.png",600,418,false],"newsever-slider-full":["https:\/\/apuntesdesanluis.com\/wp-content\/uploads\/2023\/07\/banco-central.png",600,418,false],"newsever-featured":["https:\/\/apuntesdesanluis.com\/wp-content\/uploads\/2023\/07\/banco-central.png",600,418,false],"newsever-medium":["https:\/\/apuntesdesanluis.com\/wp-content\/uploads\/2023\/07\/banco-central.png",600,418,false]},"author_info":{"display_name":"apuntesdesanluis.com","author_link":"https:\/\/apuntesdesanluis.com\/index.php\/author\/apuntesdesanluis-com\/"},"category_info":"<a href=\"https:\/\/apuntesdesanluis.com\/index.php\/category\/nacionales-internacionales\/\" rel=\"category tag\">Nacionales\/Internacionales<\/a>","tag_info":"Nacionales\/Internacionales","comment_count":"0","_links":{"self":[{"href":"https:\/\/apuntesdesanluis.com\/index.php\/wp-json\/wp\/v2\/posts\/5131","targetHints":{"allow":["GET"]}}],"collection":[{"href":"https:\/\/apuntesdesanluis.com\/index.php\/wp-json\/wp\/v2\/posts"}],"about":[{"href":"https:\/\/apuntesdesanluis.com\/index.php\/wp-json\/wp\/v2\/types\/post"}],"author":[{"embeddable":true,"href":"https:\/\/apuntesdesanluis.com\/index.php\/wp-json\/wp\/v2\/users\/1"}],"replies":[{"embeddable":true,"href":"https:\/\/apuntesdesanluis.com\/index.php\/wp-json\/wp\/v2\/comments?post=5131"}],"version-history":[{"count":1,"href":"https:\/\/apuntesdesanluis.com\/index.php\/wp-json\/wp\/v2\/posts\/5131\/revisions"}],"predecessor-version":[{"id":5132,"href":"https:\/\/apuntesdesanluis.com\/index.php\/wp-json\/wp\/v2\/posts\/5131\/revisions\/5132"}],"wp:featuredmedia":[{"embeddable":true,"href":"https:\/\/apuntesdesanluis.com\/index.php\/wp-json\/wp\/v2\/media\/628"}],"wp:attachment":[{"href":"https:\/\/apuntesdesanluis.com\/index.php\/wp-json\/wp\/v2\/media?parent=5131"}],"wp:term":[{"taxonomy":"category","embeddable":true,"href":"https:\/\/apuntesdesanluis.com\/index.php\/wp-json\/wp\/v2\/categories?post=5131"},{"taxonomy":"post_tag","embeddable":true,"href":"https:\/\/apuntesdesanluis.com\/index.php\/wp-json\/wp\/v2\/tags?post=5131"}],"curies":[{"name":"wp","href":"https:\/\/api.w.org\/{rel}","templated":true}]}}