{"id":5147,"date":"2023-10-14T20:28:15","date_gmt":"2023-10-14T23:28:15","guid":{"rendered":"https:\/\/apuntesdesanluis.com\/?p=5147"},"modified":"2023-10-14T20:28:15","modified_gmt":"2023-10-14T23:28:15","slug":"patricia-bullrich-anuncio-que-horacio-rodriguez-larreta-sera-su-jefe-de-gabinete-si-llega-a-la-presidencia","status":"publish","type":"post","link":"https:\/\/apuntesdesanluis.com\/index.php\/2023\/10\/14\/patricia-bullrich-anuncio-que-horacio-rodriguez-larreta-sera-su-jefe-de-gabinete-si-llega-a-la-presidencia\/","title":{"rendered":"PATRICIA BULLRICH ANUNCI\u00d3 QUE HORACIO RODR\u00cdGUEZ LARRETA SER\u00c1 SU JEFE DE GABINETE SI LLEGA A LA PRESIDENCIA"},"content":{"rendered":"<h3>En una fuerte se\u00f1al pol\u00edtica a una semana de las elecciones, la candidata a presidenta de Juntos por el Cambio, <strong>Patricia Bullrich<\/strong>, anunci\u00f3 esta ma\u00f1ana que <strong>Horacio Rodr\u00edguez Larreta<\/strong> ser\u00e1 su jefe de Gabinete si llega a la primera magistratura. El jefe de gobierno porte\u00f1o fue su rival en las primarias de agosto y mantuvieron una tensa relaci\u00f3n durante la campa\u00f1a.<\/h3>\n<h3>\u201cHay una sola fuerza pol\u00edtica capaz de llevar adelante el cambio, que debe tener el poder suficiente para consolidarse y no tener extorsiones y aprietes. Sabemos de la profundidad de la crisis y del caos que hay en la Argentina. Estoy decidida a llevar adelante este cambio porque me han conferido la posibilidad de ser la candidata a presidente de Juntos por el Cambio y para lograr que este cambio sea posible, r\u00e1pido y eficiente, con capacidad de gesti\u00f3n, he convocado a Horacio Rodr\u00edguez Larreta para que me acompa\u00f1e como jefe de Gabinete de Ministros de Naci\u00f3n\u201d, afirm\u00f3 Bullrich.<\/h3>\n<h3>En una conferencia junto a Larreta y su candidato a vicepresidente, Luis Petri, Bullrich consider\u00f3: \u201cEste anuncio es mucho m\u00e1s que un anuncio electoral, es mostrarle a la sociedad argentina que Juntos por el Cambio est\u00e1 listo para agarrar el pa\u00eds desde el fondo del pozo, por eso estamos convocando a los que m\u00e1s experiencia y m\u00e1s capacidad de gesti\u00f3n tienen\u201d.<\/h3>\n<h3>A su turno, Larreta le agradeci\u00f3 \u201cla oportunidad de poder ser jefe de Gabinete de Ministros cuando seas presidenta, a partir del 10 de diciembre. Vos sos la persona capacitada, que tiene la convicci\u00f3n y el coraje, la fuerza y la capacidad tambi\u00e9n para llevar adelante el cambio que la sociedad argentina necesita\u201d.<\/h3>\n<h3>\u00a0\u201cTrabajamos juntos durante muchos a\u00f1os y vamos a seguir trabajando juntos. JxC es el \u00fanico equipo realmente preparado, que tiene la capacidad, las herramientas para llevar adelante el cambio que la Argentina necesita. Vamos a tener 10 gobernadores, intendentes, diputados, senadores, presencia en todo el pa\u00eds y un equipo que se viene preparando hace muchos a\u00f1os, preparando las propuestas para cada una de las necesidades de nuestro pa\u00eds\u201d, continu\u00f3 Larreta y agreg\u00f3: \u201cMi misi\u00f3n es ayudar a transformar la Argentina\u201d.<\/h3>\n<h3>Se trata de una decisi\u00f3n que busca romper la din\u00e1mica actual y contener los votos que obtuvo el frente opositor en las PASO. El consenso de las encuestas ubica a Bullrich relegada, detr\u00e1s del candidato de La Libertad Avanza (LLA), Javier Milei, y del ministro de Econom\u00eda y postulante por Uni\u00f3n por la Patria, Sergio Massa.<\/h3>\n<p>&nbsp;<\/p>\n<p>&nbsp;<\/p>\n<p>&nbsp;<\/p>\n","protected":false},"excerpt":{"rendered":"<p>En una fuerte se\u00f1al pol\u00edtica a una semana de las elecciones, la candidata a presidenta&#8230;<\/p>\n","protected":false},"author":1,"featured_media":5148,"comment_status":"closed","ping_status":"closed","sticky":false,"template":"","format":"standard","meta":{"footnotes":""},"categories":[5],"tags":[],"class_list":["post-5147","post","type-post","status-publish","format-standard","has-post-thumbnail","hentry","category-nacionales-internacionales"],"yoast_head":"<!-- This site is optimized with the Yoast SEO plugin v26.1.1 - https:\/\/yoast.com\/wordpress\/plugins\/seo\/ -->\n<title>PATRICIA BULLRICH ANUNCI\u00d3 QUE HORACIO RODR\u00cdGUEZ LARRETA SER\u00c1 SU JEFE DE GABINETE SI LLEGA A LA PRESIDENCIA - Apuntes de San Luis<\/title>\n<meta name=\"robots\" content=\"index, follow, max-snippet:-1, max-image-preview:large, max-video-preview:-1\" \/>\n<link rel=\"canonical\" href=\"https:\/\/apuntesdesanluis.com\/index.php\/2023\/10\/14\/patricia-bullrich-anuncio-que-horacio-rodriguez-larreta-sera-su-jefe-de-gabinete-si-llega-a-la-presidencia\/\" \/>\n<meta property=\"og:locale\" content=\"es_ES\" \/>\n<meta property=\"og:type\" content=\"article\" \/>\n<meta property=\"og:title\" content=\"PATRICIA BULLRICH ANUNCI\u00d3 QUE HORACIO RODR\u00cdGUEZ LARRETA SER\u00c1 SU JEFE DE GABINETE SI LLEGA A LA PRESIDENCIA - Apuntes de San Luis\" \/>\n<meta property=\"og:description\" content=\"En una fuerte se\u00f1al pol\u00edtica a una semana de las elecciones, la candidata a presidenta...\" \/>\n<meta property=\"og:url\" content=\"https:\/\/apuntesdesanluis.com\/index.php\/2023\/10\/14\/patricia-bullrich-anuncio-que-horacio-rodriguez-larreta-sera-su-jefe-de-gabinete-si-llega-a-la-presidencia\/\" \/>\n<meta property=\"og:site_name\" content=\"Apuntes de San Luis\" \/>\n<meta property=\"article:published_time\" content=\"2023-10-14T23:28:15+00:00\" \/>\n<meta property=\"og:image\" content=\"https:\/\/apuntesdesanluis.com\/wp-content\/uploads\/2023\/10\/bullrich-1.png\" \/>\n\t<meta property=\"og:image:width\" content=\"681\" \/>\n\t<meta property=\"og:image:height\" content=\"380\" \/>\n\t<meta property=\"og:image:type\" content=\"image\/png\" \/>\n<meta name=\"author\" content=\"apuntesdesanluis.com\" \/>\n<meta name=\"twitter:card\" content=\"summary_large_image\" \/>\n<meta name=\"twitter:label1\" content=\"Escrito por\" \/>\n\t<meta name=\"twitter:data1\" content=\"apuntesdesanluis.com\" \/>\n\t<meta name=\"twitter:label2\" content=\"Tiempo de lectura\" \/>\n\t<meta name=\"twitter:data2\" content=\"2 minutos\" \/>\n<script type=\"application\/ld+json\" class=\"yoast-schema-graph\">{\"@context\":\"https:\/\/schema.org\",\"@graph\":[{\"@type\":\"Article\",\"@id\":\"https:\/\/apuntesdesanluis.com\/index.php\/2023\/10\/14\/patricia-bullrich-anuncio-que-horacio-rodriguez-larreta-sera-su-jefe-de-gabinete-si-llega-a-la-presidencia\/#article\",\"isPartOf\":{\"@id\":\"https:\/\/apuntesdesanluis.com\/index.php\/2023\/10\/14\/patricia-bullrich-anuncio-que-horacio-rodriguez-larreta-sera-su-jefe-de-gabinete-si-llega-a-la-presidencia\/\"},\"author\":{\"name\":\"apuntesdesanluis.com\",\"@id\":\"https:\/\/apuntesdesanluis.com\/#\/schema\/person\/b55151d52296fcce64d1a72538a70b90\"},\"headline\":\"PATRICIA BULLRICH ANUNCI\u00d3 QUE HORACIO RODR\u00cdGUEZ LARRETA SER\u00c1 SU JEFE DE GABINETE SI LLEGA A LA PRESIDENCIA\",\"datePublished\":\"2023-10-14T23:28:15+00:00\",\"mainEntityOfPage\":{\"@id\":\"https:\/\/apuntesdesanluis.com\/index.php\/2023\/10\/14\/patricia-bullrich-anuncio-que-horacio-rodriguez-larreta-sera-su-jefe-de-gabinete-si-llega-a-la-presidencia\/\"},\"wordCount\":459,\"publisher\":{\"@id\":\"https:\/\/apuntesdesanluis.com\/#\/schema\/person\/b55151d52296fcce64d1a72538a70b90\"},\"image\":{\"@id\":\"https:\/\/apuntesdesanluis.com\/index.php\/2023\/10\/14\/patricia-bullrich-anuncio-que-horacio-rodriguez-larreta-sera-su-jefe-de-gabinete-si-llega-a-la-presidencia\/#primaryimage\"},\"thumbnailUrl\":\"https:\/\/apuntesdesanluis.com\/wp-content\/uploads\/2023\/10\/bullrich-1.png\",\"articleSection\":[\"Nacionales\/Internacionales\"],\"inLanguage\":\"es-AR\"},{\"@type\":\"WebPage\",\"@id\":\"https:\/\/apuntesdesanluis.com\/index.php\/2023\/10\/14\/patricia-bullrich-anuncio-que-horacio-rodriguez-larreta-sera-su-jefe-de-gabinete-si-llega-a-la-presidencia\/\",\"url\":\"https:\/\/apuntesdesanluis.com\/index.php\/2023\/10\/14\/patricia-bullrich-anuncio-que-horacio-rodriguez-larreta-sera-su-jefe-de-gabinete-si-llega-a-la-presidencia\/\",\"name\":\"PATRICIA BULLRICH ANUNCI\u00d3 QUE HORACIO RODR\u00cdGUEZ LARRETA SER\u00c1 SU JEFE DE GABINETE SI LLEGA A LA PRESIDENCIA - Apuntes de San Luis\",\"isPartOf\":{\"@id\":\"https:\/\/apuntesdesanluis.com\/#website\"},\"primaryImageOfPage\":{\"@id\":\"https:\/\/apuntesdesanluis.com\/index.php\/2023\/10\/14\/patricia-bullrich-anuncio-que-horacio-rodriguez-larreta-sera-su-jefe-de-gabinete-si-llega-a-la-presidencia\/#primaryimage\"},\"image\":{\"@id\":\"https:\/\/apuntesdesanluis.com\/index.php\/2023\/10\/14\/patricia-bullrich-anuncio-que-horacio-rodriguez-larreta-sera-su-jefe-de-gabinete-si-llega-a-la-presidencia\/#primaryimage\"},\"thumbnailUrl\":\"https:\/\/apuntesdesanluis.com\/wp-content\/uploads\/2023\/10\/bullrich-1.png\",\"datePublished\":\"2023-10-14T23:28:15+00:00\",\"breadcrumb\":{\"@id\":\"https:\/\/apuntesdesanluis.com\/index.php\/2023\/10\/14\/patricia-bullrich-anuncio-que-horacio-rodriguez-larreta-sera-su-jefe-de-gabinete-si-llega-a-la-presidencia\/#breadcrumb\"},\"inLanguage\":\"es-AR\",\"potentialAction\":[{\"@type\":\"ReadAction\",\"target\":[\"https:\/\/apuntesdesanluis.com\/index.php\/2023\/10\/14\/patricia-bullrich-anuncio-que-horacio-rodriguez-larreta-sera-su-jefe-de-gabinete-si-llega-a-la-presidencia\/\"]}]},{\"@type\":\"ImageObject\",\"inLanguage\":\"es-AR\",\"@id\":\"https:\/\/apuntesdesanluis.com\/index.php\/2023\/10\/14\/patricia-bullrich-anuncio-que-horacio-rodriguez-larreta-sera-su-jefe-de-gabinete-si-llega-a-la-presidencia\/#primaryimage\",\"url\":\"https:\/\/apuntesdesanluis.com\/wp-content\/uploads\/2023\/10\/bullrich-1.png\",\"contentUrl\":\"https:\/\/apuntesdesanluis.com\/wp-content\/uploads\/2023\/10\/bullrich-1.png\",\"width\":681,\"height\":380},{\"@type\":\"BreadcrumbList\",\"@id\":\"https:\/\/apuntesdesanluis.com\/index.php\/2023\/10\/14\/patricia-bullrich-anuncio-que-horacio-rodriguez-larreta-sera-su-jefe-de-gabinete-si-llega-a-la-presidencia\/#breadcrumb\",\"itemListElement\":[{\"@type\":\"ListItem\",\"position\":1,\"name\":\"Inicio\",\"item\":\"https:\/\/apuntesdesanluis.com\/\"},{\"@type\":\"ListItem\",\"position\":2,\"name\":\"PATRICIA BULLRICH ANUNCI\u00d3 QUE HORACIO RODR\u00cdGUEZ LARRETA SER\u00c1 SU JEFE DE GABINETE SI LLEGA A LA PRESIDENCIA\"}]},{\"@type\":\"WebSite\",\"@id\":\"https:\/\/apuntesdesanluis.com\/#website\",\"url\":\"https:\/\/apuntesdesanluis.com\/\",\"name\":\"Apuntes de San Luis\",\"description\":\"\",\"publisher\":{\"@id\":\"https:\/\/apuntesdesanluis.com\/#\/schema\/person\/b55151d52296fcce64d1a72538a70b90\"},\"potentialAction\":[{\"@type\":\"SearchAction\",\"target\":{\"@type\":\"EntryPoint\",\"urlTemplate\":\"https:\/\/apuntesdesanluis.com\/?s={search_term_string}\"},\"query-input\":{\"@type\":\"PropertyValueSpecification\",\"valueRequired\":true,\"valueName\":\"search_term_string\"}}],\"inLanguage\":\"es-AR\"},{\"@type\":[\"Person\",\"Organization\"],\"@id\":\"https:\/\/apuntesdesanluis.com\/#\/schema\/person\/b55151d52296fcce64d1a72538a70b90\",\"name\":\"apuntesdesanluis.com\",\"image\":{\"@type\":\"ImageObject\",\"inLanguage\":\"es-AR\",\"@id\":\"https:\/\/apuntesdesanluis.com\/#\/schema\/person\/image\/\",\"url\":\"https:\/\/apuntesdesanluis.com\/wp-content\/uploads\/2023\/07\/cropped-apuntesdesanluis.png\",\"contentUrl\":\"https:\/\/apuntesdesanluis.com\/wp-content\/uploads\/2023\/07\/cropped-apuntesdesanluis.png\",\"width\":450,\"height\":112,\"caption\":\"apuntesdesanluis.com\"},\"logo\":{\"@id\":\"https:\/\/apuntesdesanluis.com\/#\/schema\/person\/image\/\"},\"sameAs\":[\"https:\/\/apuntesdesanluis.com\"],\"url\":\"https:\/\/apuntesdesanluis.com\/index.php\/author\/apuntesdesanluis-com\/\"}]}<\/script>\n<!-- \/ Yoast SEO plugin. -->","yoast_head_json":{"title":"PATRICIA BULLRICH ANUNCI\u00d3 QUE HORACIO RODR\u00cdGUEZ LARRETA SER\u00c1 SU JEFE DE GABINETE SI LLEGA A LA PRESIDENCIA - Apuntes de San Luis","robots":{"index":"index","follow":"follow","max-snippet":"max-snippet:-1","max-image-preview":"max-image-preview:large","max-video-preview":"max-video-preview:-1"},"canonical":"https:\/\/apuntesdesanluis.com\/index.php\/2023\/10\/14\/patricia-bullrich-anuncio-que-horacio-rodriguez-larreta-sera-su-jefe-de-gabinete-si-llega-a-la-presidencia\/","og_locale":"es_ES","og_type":"article","og_title":"PATRICIA BULLRICH ANUNCI\u00d3 QUE HORACIO RODR\u00cdGUEZ LARRETA SER\u00c1 SU JEFE DE GABINETE SI LLEGA A LA PRESIDENCIA - Apuntes de San Luis","og_description":"En una fuerte se\u00f1al pol\u00edtica a una semana de las elecciones, la candidata a presidenta...","og_url":"https:\/\/apuntesdesanluis.com\/index.php\/2023\/10\/14\/patricia-bullrich-anuncio-que-horacio-rodriguez-larreta-sera-su-jefe-de-gabinete-si-llega-a-la-presidencia\/","og_site_name":"Apuntes de San Luis","article_published_time":"2023-10-14T23:28:15+00:00","og_image":[{"width":681,"height":380,"url":"https:\/\/apuntesdesanluis.com\/wp-content\/uploads\/2023\/10\/bullrich-1.png","type":"image\/png"}],"author":"apuntesdesanluis.com","twitter_card":"summary_large_image","twitter_misc":{"Escrito por":"apuntesdesanluis.com","Tiempo de lectura":"2 minutos"},"schema":{"@context":"https:\/\/schema.org","@graph":[{"@type":"Article","@id":"https:\/\/apuntesdesanluis.com\/index.php\/2023\/10\/14\/patricia-bullrich-anuncio-que-horacio-rodriguez-larreta-sera-su-jefe-de-gabinete-si-llega-a-la-presidencia\/#article","isPartOf":{"@id":"https:\/\/apuntesdesanluis.com\/index.php\/2023\/10\/14\/patricia-bullrich-anuncio-que-horacio-rodriguez-larreta-sera-su-jefe-de-gabinete-si-llega-a-la-presidencia\/"},"author":{"name":"apuntesdesanluis.com","@id":"https:\/\/apuntesdesanluis.com\/#\/schema\/person\/b55151d52296fcce64d1a72538a70b90"},"headline":"PATRICIA BULLRICH ANUNCI\u00d3 QUE HORACIO RODR\u00cdGUEZ LARRETA SER\u00c1 SU JEFE DE GABINETE SI LLEGA A LA PRESIDENCIA","datePublished":"2023-10-14T23:28:15+00:00","mainEntityOfPage":{"@id":"https:\/\/apuntesdesanluis.com\/index.php\/2023\/10\/14\/patricia-bullrich-anuncio-que-horacio-rodriguez-larreta-sera-su-jefe-de-gabinete-si-llega-a-la-presidencia\/"},"wordCount":459,"publisher":{"@id":"https:\/\/apuntesdesanluis.com\/#\/schema\/person\/b55151d52296fcce64d1a72538a70b90"},"image":{"@id":"https:\/\/apuntesdesanluis.com\/index.php\/2023\/10\/14\/patricia-bullrich-anuncio-que-horacio-rodriguez-larreta-sera-su-jefe-de-gabinete-si-llega-a-la-presidencia\/#primaryimage"},"thumbnailUrl":"https:\/\/apuntesdesanluis.com\/wp-content\/uploads\/2023\/10\/bullrich-1.png","articleSection":["Nacionales\/Internacionales"],"inLanguage":"es-AR"},{"@type":"WebPage","@id":"https:\/\/apuntesdesanluis.com\/index.php\/2023\/10\/14\/patricia-bullrich-anuncio-que-horacio-rodriguez-larreta-sera-su-jefe-de-gabinete-si-llega-a-la-presidencia\/","url":"https:\/\/apuntesdesanluis.com\/index.php\/2023\/10\/14\/patricia-bullrich-anuncio-que-horacio-rodriguez-larreta-sera-su-jefe-de-gabinete-si-llega-a-la-presidencia\/","name":"PATRICIA BULLRICH ANUNCI\u00d3 QUE HORACIO RODR\u00cdGUEZ LARRETA SER\u00c1 SU JEFE DE GABINETE SI LLEGA A LA PRESIDENCIA - Apuntes de San Luis","isPartOf":{"@id":"https:\/\/apuntesdesanluis.com\/#website"},"primaryImageOfPage":{"@id":"https:\/\/apuntesdesanluis.com\/index.php\/2023\/10\/14\/patricia-bullrich-anuncio-que-horacio-rodriguez-larreta-sera-su-jefe-de-gabinete-si-llega-a-la-presidencia\/#primaryimage"},"image":{"@id":"https:\/\/apuntesdesanluis.com\/index.php\/2023\/10\/14\/patricia-bullrich-anuncio-que-horacio-rodriguez-larreta-sera-su-jefe-de-gabinete-si-llega-a-la-presidencia\/#primaryimage"},"thumbnailUrl":"https:\/\/apuntesdesanluis.com\/wp-content\/uploads\/2023\/10\/bullrich-1.png","datePublished":"2023-10-14T23:28:15+00:00","breadcrumb":{"@id":"https:\/\/apuntesdesanluis.com\/index.php\/2023\/10\/14\/patricia-bullrich-anuncio-que-horacio-rodriguez-larreta-sera-su-jefe-de-gabinete-si-llega-a-la-presidencia\/#breadcrumb"},"inLanguage":"es-AR","potentialAction":[{"@type":"ReadAction","target":["https:\/\/apuntesdesanluis.com\/index.php\/2023\/10\/14\/patricia-bullrich-anuncio-que-horacio-rodriguez-larreta-sera-su-jefe-de-gabinete-si-llega-a-la-presidencia\/"]}]},{"@type":"ImageObject","inLanguage":"es-AR","@id":"https:\/\/apuntesdesanluis.com\/index.php\/2023\/10\/14\/patricia-bullrich-anuncio-que-horacio-rodriguez-larreta-sera-su-jefe-de-gabinete-si-llega-a-la-presidencia\/#primaryimage","url":"https:\/\/apuntesdesanluis.com\/wp-content\/uploads\/2023\/10\/bullrich-1.png","contentUrl":"https:\/\/apuntesdesanluis.com\/wp-content\/uploads\/2023\/10\/bullrich-1.png","width":681,"height":380},{"@type":"BreadcrumbList","@id":"https:\/\/apuntesdesanluis.com\/index.php\/2023\/10\/14\/patricia-bullrich-anuncio-que-horacio-rodriguez-larreta-sera-su-jefe-de-gabinete-si-llega-a-la-presidencia\/#breadcrumb","itemListElement":[{"@type":"ListItem","position":1,"name":"Inicio","item":"https:\/\/apuntesdesanluis.com\/"},{"@type":"ListItem","position":2,"name":"PATRICIA BULLRICH ANUNCI\u00d3 QUE HORACIO RODR\u00cdGUEZ LARRETA SER\u00c1 SU JEFE DE GABINETE SI LLEGA A LA PRESIDENCIA"}]},{"@type":"WebSite","@id":"https:\/\/apuntesdesanluis.com\/#website","url":"https:\/\/apuntesdesanluis.com\/","name":"Apuntes de San Luis","description":"","publisher":{"@id":"https:\/\/apuntesdesanluis.com\/#\/schema\/person\/b55151d52296fcce64d1a72538a70b90"},"potentialAction":[{"@type":"SearchAction","target":{"@type":"EntryPoint","urlTemplate":"https:\/\/apuntesdesanluis.com\/?s={search_term_string}"},"query-input":{"@type":"PropertyValueSpecification","valueRequired":true,"valueName":"search_term_string"}}],"inLanguage":"es-AR"},{"@type":["Person","Organization"],"@id":"https:\/\/apuntesdesanluis.com\/#\/schema\/person\/b55151d52296fcce64d1a72538a70b90","name":"apuntesdesanluis.com","image":{"@type":"ImageObject","inLanguage":"es-AR","@id":"https:\/\/apuntesdesanluis.com\/#\/schema\/person\/image\/","url":"https:\/\/apuntesdesanluis.com\/wp-content\/uploads\/2023\/07\/cropped-apuntesdesanluis.png","contentUrl":"https:\/\/apuntesdesanluis.com\/wp-content\/uploads\/2023\/07\/cropped-apuntesdesanluis.png","width":450,"height":112,"caption":"apuntesdesanluis.com"},"logo":{"@id":"https:\/\/apuntesdesanluis.com\/#\/schema\/person\/image\/"},"sameAs":["https:\/\/apuntesdesanluis.com"],"url":"https:\/\/apuntesdesanluis.com\/index.php\/author\/apuntesdesanluis-com\/"}]}},"featured_image_urls":{"full":["https:\/\/apuntesdesanluis.com\/wp-content\/uploads\/2023\/10\/bullrich-1.png",681,380,false],"thumbnail":["https:\/\/apuntesdesanluis.com\/wp-content\/uploads\/2023\/10\/bullrich-1-150x150.png",150,150,true],"medium":["https:\/\/apuntesdesanluis.com\/wp-content\/uploads\/2023\/10\/bullrich-1-300x167.png",300,167,true],"medium_large":["https:\/\/apuntesdesanluis.com\/wp-content\/uploads\/2023\/10\/bullrich-1.png",640,357,false],"large":["https:\/\/apuntesdesanluis.com\/wp-content\/uploads\/2023\/10\/bullrich-1.png",640,357,false],"1536x1536":["https:\/\/apuntesdesanluis.com\/wp-content\/uploads\/2023\/10\/bullrich-1.png",681,380,false],"2048x2048":["https:\/\/apuntesdesanluis.com\/wp-content\/uploads\/2023\/10\/bullrich-1.png",681,380,false],"newsever-slider-full":["https:\/\/apuntesdesanluis.com\/wp-content\/uploads\/2023\/10\/bullrich-1.png",681,380,false],"newsever-featured":["https:\/\/apuntesdesanluis.com\/wp-content\/uploads\/2023\/10\/bullrich-1.png",681,380,false],"newsever-medium":["https:\/\/apuntesdesanluis.com\/wp-content\/uploads\/2023\/10\/bullrich-1.png",681,380,false]},"author_info":{"display_name":"apuntesdesanluis.com","author_link":"https:\/\/apuntesdesanluis.com\/index.php\/author\/apuntesdesanluis-com\/"},"category_info":"<a href=\"https:\/\/apuntesdesanluis.com\/index.php\/category\/nacionales-internacionales\/\" rel=\"category tag\">Nacionales\/Internacionales<\/a>","tag_info":"Nacionales\/Internacionales","comment_count":"0","_links":{"self":[{"href":"https:\/\/apuntesdesanluis.com\/index.php\/wp-json\/wp\/v2\/posts\/5147","targetHints":{"allow":["GET"]}}],"collection":[{"href":"https:\/\/apuntesdesanluis.com\/index.php\/wp-json\/wp\/v2\/posts"}],"about":[{"href":"https:\/\/apuntesdesanluis.com\/index.php\/wp-json\/wp\/v2\/types\/post"}],"author":[{"embeddable":true,"href":"https:\/\/apuntesdesanluis.com\/index.php\/wp-json\/wp\/v2\/users\/1"}],"replies":[{"embeddable":true,"href":"https:\/\/apuntesdesanluis.com\/index.php\/wp-json\/wp\/v2\/comments?post=5147"}],"version-history":[{"count":1,"href":"https:\/\/apuntesdesanluis.com\/index.php\/wp-json\/wp\/v2\/posts\/5147\/revisions"}],"predecessor-version":[{"id":5149,"href":"https:\/\/apuntesdesanluis.com\/index.php\/wp-json\/wp\/v2\/posts\/5147\/revisions\/5149"}],"wp:featuredmedia":[{"embeddable":true,"href":"https:\/\/apuntesdesanluis.com\/index.php\/wp-json\/wp\/v2\/media\/5148"}],"wp:attachment":[{"href":"https:\/\/apuntesdesanluis.com\/index.php\/wp-json\/wp\/v2\/media?parent=5147"}],"wp:term":[{"taxonomy":"category","embeddable":true,"href":"https:\/\/apuntesdesanluis.com\/index.php\/wp-json\/wp\/v2\/categories?post=5147"},{"taxonomy":"post_tag","embeddable":true,"href":"https:\/\/apuntesdesanluis.com\/index.php\/wp-json\/wp\/v2\/tags?post=5147"}],"curies":[{"name":"wp","href":"https:\/\/api.w.org\/{rel}","templated":true}]}}