{"id":5161,"date":"2023-10-13T22:15:42","date_gmt":"2023-10-14T01:15:42","guid":{"rendered":"https:\/\/apuntesdesanluis.com\/?p=5161"},"modified":"2023-10-14T22:28:31","modified_gmt":"2023-10-15T01:28:31","slug":"dura-advertencia-de-rectores-el-derecho-a-la-educacion-universitaria-esta-en-riesgo","status":"publish","type":"post","link":"https:\/\/apuntesdesanluis.com\/index.php\/2023\/10\/13\/dura-advertencia-de-rectores-el-derecho-a-la-educacion-universitaria-esta-en-riesgo\/","title":{"rendered":"DURA ADVERTENCIA DE RECTORES: EL DERECHO A LA EDUCACI\u00d3N UNIVERSITARIA EST\u00c1 EN RIESGO"},"content":{"rendered":"<h3>Rectores y rectoras de universidades p\u00fablicas nacionales y provinciales de todo el pa\u00eds advirtieron en un comunicado, que &#8220;el derecho a la educaci\u00f3n superior est\u00e1 en riesgo, si se socavan valores constitutivos del sistema universitario p\u00fablico argentino&#8221;.<\/h3>\n<h3>El comunicado expresa:<\/h3>\n<h3>&#8220;Rectores y rectoras de universidades p\u00fablicas nacionales y provinciales de todo el pa\u00eds advertimos que el derecho a la educaci\u00f3n superior est\u00e1 en riesgo si se socavan valores constitutivos del sistema universitario p\u00fablico argentino.<\/h3>\n<h3>Las autoridades del Consejo Interuniversitario Nacional (CIN) manifestamos preocupaci\u00f3n por recurrentes expresiones que intentan deslegitimar el rol estrat\u00e9gico que cumplen las universidades p\u00fablicas para el desarrollo nacional y se\u00f1alamos con firmeza que la implementaci\u00f3n de sistemas que han fracasado en los pocos pa\u00edses del mundo en los que se implementaron, como cualquier estrategia de privatizaci\u00f3n de la educaci\u00f3n superior, constituir\u00edan un grave retroceso para el pa\u00eds en su conjunto.<\/h3>\n<h3>La educaci\u00f3n es un derecho humano universal y un bien social que debe ser garantizado por el Estado. No es con menos inversi\u00f3n en educaci\u00f3n, privatizando la universidad o desjerarquizando la ciencia el camino que debe recorrer la Argentina para solucionar sus problemas. Se solucionan con m\u00e1s y mejor educaci\u00f3n p\u00fablica, con m\u00e1s inversi\u00f3n en desarrollo cient\u00edfico.<\/h3>\n<h3>No se trata de una defensa corporativa ni conformista. Creemos fervientemente que, en un mundo que cambia vertiginosamente, para que la universidad siga cumpliendo con excelencia su misi\u00f3n debe provocar a su interior profundas transformaciones. Las estamos haciendo, pero en un sentido que transforma resguardando lo bueno construido: un sistema universitario que es \u00fanico en el mundo por su fisonom\u00eda y por lo que nos reconocen en todo el planeta, una manera de concebir la educaci\u00f3n superior que garantiza el acceso como derecho, lo que permite a mucha gente formarse en la universidad que, de otra manera, no hubiera podido hacerlo, algo que no sucede en ninguna otra experiencia internacional.<\/h3>\n<h3>Por tanto, instamos a nuestras comunidades y a la sociedad toda a defender la continuidad del sistema universitario p\u00fablico que ha forjado el car\u00e1cter y la actitud de la Naci\u00f3n, garantizando a cada joven, seg\u00fan su vocaci\u00f3n, la posibilidad de estudiar y al conjunto de la Argentina una herramienta formidable de movilidad social ascendente, \u00fanico camino posible para provocar los cambios que nuestro pa\u00eds requiere.<\/h3>\n<h3>No es por nosotras y nosotros, ni solo por el presente. Es para las pr\u00f3ximas generaciones, para que ma\u00f1ana no sea tarde&#8221;.<\/h3>\n<p>&nbsp;<\/p>\n<p>&nbsp;<\/p>\n<p>&nbsp;<\/p>\n","protected":false},"excerpt":{"rendered":"<p>Rectores y rectoras de universidades p\u00fablicas nacionales y provinciales de todo el pa\u00eds advirtieron en&#8230;<\/p>\n","protected":false},"author":1,"featured_media":5162,"comment_status":"closed","ping_status":"closed","sticky":false,"template":"","format":"standard","meta":{"footnotes":""},"categories":[5],"tags":[],"class_list":["post-5161","post","type-post","status-publish","format-standard","has-post-thumbnail","hentry","category-nacionales-internacionales"],"yoast_head":"<!-- This site is optimized with the Yoast SEO plugin v26.1.1 - https:\/\/yoast.com\/wordpress\/plugins\/seo\/ -->\n<title>DURA ADVERTENCIA DE RECTORES: EL DERECHO A LA EDUCACI\u00d3N UNIVERSITARIA EST\u00c1 EN RIESGO - Apuntes de San Luis<\/title>\n<meta name=\"robots\" content=\"index, follow, max-snippet:-1, max-image-preview:large, max-video-preview:-1\" \/>\n<link rel=\"canonical\" href=\"https:\/\/apuntesdesanluis.com\/index.php\/2023\/10\/13\/dura-advertencia-de-rectores-el-derecho-a-la-educacion-universitaria-esta-en-riesgo\/\" \/>\n<meta property=\"og:locale\" content=\"es_ES\" \/>\n<meta property=\"og:type\" content=\"article\" \/>\n<meta property=\"og:title\" content=\"DURA ADVERTENCIA DE RECTORES: EL DERECHO A LA EDUCACI\u00d3N UNIVERSITARIA EST\u00c1 EN RIESGO - Apuntes de San Luis\" \/>\n<meta property=\"og:description\" content=\"Rectores y rectoras de universidades p\u00fablicas nacionales y provinciales de todo el pa\u00eds advirtieron en...\" \/>\n<meta property=\"og:url\" content=\"https:\/\/apuntesdesanluis.com\/index.php\/2023\/10\/13\/dura-advertencia-de-rectores-el-derecho-a-la-educacion-universitaria-esta-en-riesgo\/\" \/>\n<meta property=\"og:site_name\" content=\"Apuntes de San Luis\" \/>\n<meta property=\"article:published_time\" content=\"2023-10-14T01:15:42+00:00\" \/>\n<meta property=\"article:modified_time\" content=\"2023-10-15T01:28:31+00:00\" \/>\n<meta property=\"og:image\" content=\"https:\/\/apuntesdesanluis.com\/wp-content\/uploads\/2023\/10\/advertencia-del-cin.png\" \/>\n\t<meta property=\"og:image:width\" content=\"566\" \/>\n\t<meta property=\"og:image:height\" content=\"404\" \/>\n\t<meta property=\"og:image:type\" content=\"image\/png\" \/>\n<meta name=\"author\" content=\"apuntesdesanluis.com\" \/>\n<meta name=\"twitter:card\" content=\"summary_large_image\" \/>\n<meta name=\"twitter:label1\" content=\"Escrito por\" \/>\n\t<meta name=\"twitter:data1\" content=\"apuntesdesanluis.com\" \/>\n\t<meta name=\"twitter:label2\" content=\"Tiempo de lectura\" \/>\n\t<meta name=\"twitter:data2\" content=\"2 minutos\" \/>\n<script type=\"application\/ld+json\" class=\"yoast-schema-graph\">{\"@context\":\"https:\/\/schema.org\",\"@graph\":[{\"@type\":\"Article\",\"@id\":\"https:\/\/apuntesdesanluis.com\/index.php\/2023\/10\/13\/dura-advertencia-de-rectores-el-derecho-a-la-educacion-universitaria-esta-en-riesgo\/#article\",\"isPartOf\":{\"@id\":\"https:\/\/apuntesdesanluis.com\/index.php\/2023\/10\/13\/dura-advertencia-de-rectores-el-derecho-a-la-educacion-universitaria-esta-en-riesgo\/\"},\"author\":{\"name\":\"apuntesdesanluis.com\",\"@id\":\"https:\/\/apuntesdesanluis.com\/#\/schema\/person\/b55151d52296fcce64d1a72538a70b90\"},\"headline\":\"DURA ADVERTENCIA DE RECTORES: EL DERECHO A LA EDUCACI\u00d3N UNIVERSITARIA EST\u00c1 EN RIESGO\",\"datePublished\":\"2023-10-14T01:15:42+00:00\",\"dateModified\":\"2023-10-15T01:28:31+00:00\",\"mainEntityOfPage\":{\"@id\":\"https:\/\/apuntesdesanluis.com\/index.php\/2023\/10\/13\/dura-advertencia-de-rectores-el-derecho-a-la-educacion-universitaria-esta-en-riesgo\/\"},\"wordCount\":452,\"publisher\":{\"@id\":\"https:\/\/apuntesdesanluis.com\/#\/schema\/person\/b55151d52296fcce64d1a72538a70b90\"},\"image\":{\"@id\":\"https:\/\/apuntesdesanluis.com\/index.php\/2023\/10\/13\/dura-advertencia-de-rectores-el-derecho-a-la-educacion-universitaria-esta-en-riesgo\/#primaryimage\"},\"thumbnailUrl\":\"https:\/\/apuntesdesanluis.com\/wp-content\/uploads\/2023\/10\/advertencia-del-cin.png\",\"articleSection\":[\"Nacionales\/Internacionales\"],\"inLanguage\":\"es-AR\"},{\"@type\":\"WebPage\",\"@id\":\"https:\/\/apuntesdesanluis.com\/index.php\/2023\/10\/13\/dura-advertencia-de-rectores-el-derecho-a-la-educacion-universitaria-esta-en-riesgo\/\",\"url\":\"https:\/\/apuntesdesanluis.com\/index.php\/2023\/10\/13\/dura-advertencia-de-rectores-el-derecho-a-la-educacion-universitaria-esta-en-riesgo\/\",\"name\":\"DURA ADVERTENCIA DE RECTORES: EL DERECHO A LA EDUCACI\u00d3N UNIVERSITARIA EST\u00c1 EN RIESGO - Apuntes de San Luis\",\"isPartOf\":{\"@id\":\"https:\/\/apuntesdesanluis.com\/#website\"},\"primaryImageOfPage\":{\"@id\":\"https:\/\/apuntesdesanluis.com\/index.php\/2023\/10\/13\/dura-advertencia-de-rectores-el-derecho-a-la-educacion-universitaria-esta-en-riesgo\/#primaryimage\"},\"image\":{\"@id\":\"https:\/\/apuntesdesanluis.com\/index.php\/2023\/10\/13\/dura-advertencia-de-rectores-el-derecho-a-la-educacion-universitaria-esta-en-riesgo\/#primaryimage\"},\"thumbnailUrl\":\"https:\/\/apuntesdesanluis.com\/wp-content\/uploads\/2023\/10\/advertencia-del-cin.png\",\"datePublished\":\"2023-10-14T01:15:42+00:00\",\"dateModified\":\"2023-10-15T01:28:31+00:00\",\"breadcrumb\":{\"@id\":\"https:\/\/apuntesdesanluis.com\/index.php\/2023\/10\/13\/dura-advertencia-de-rectores-el-derecho-a-la-educacion-universitaria-esta-en-riesgo\/#breadcrumb\"},\"inLanguage\":\"es-AR\",\"potentialAction\":[{\"@type\":\"ReadAction\",\"target\":[\"https:\/\/apuntesdesanluis.com\/index.php\/2023\/10\/13\/dura-advertencia-de-rectores-el-derecho-a-la-educacion-universitaria-esta-en-riesgo\/\"]}]},{\"@type\":\"ImageObject\",\"inLanguage\":\"es-AR\",\"@id\":\"https:\/\/apuntesdesanluis.com\/index.php\/2023\/10\/13\/dura-advertencia-de-rectores-el-derecho-a-la-educacion-universitaria-esta-en-riesgo\/#primaryimage\",\"url\":\"https:\/\/apuntesdesanluis.com\/wp-content\/uploads\/2023\/10\/advertencia-del-cin.png\",\"contentUrl\":\"https:\/\/apuntesdesanluis.com\/wp-content\/uploads\/2023\/10\/advertencia-del-cin.png\",\"width\":566,\"height\":404},{\"@type\":\"BreadcrumbList\",\"@id\":\"https:\/\/apuntesdesanluis.com\/index.php\/2023\/10\/13\/dura-advertencia-de-rectores-el-derecho-a-la-educacion-universitaria-esta-en-riesgo\/#breadcrumb\",\"itemListElement\":[{\"@type\":\"ListItem\",\"position\":1,\"name\":\"Inicio\",\"item\":\"https:\/\/apuntesdesanluis.com\/\"},{\"@type\":\"ListItem\",\"position\":2,\"name\":\"DURA ADVERTENCIA DE RECTORES: EL DERECHO A LA EDUCACI\u00d3N UNIVERSITARIA EST\u00c1 EN RIESGO\"}]},{\"@type\":\"WebSite\",\"@id\":\"https:\/\/apuntesdesanluis.com\/#website\",\"url\":\"https:\/\/apuntesdesanluis.com\/\",\"name\":\"Apuntes de San Luis\",\"description\":\"\",\"publisher\":{\"@id\":\"https:\/\/apuntesdesanluis.com\/#\/schema\/person\/b55151d52296fcce64d1a72538a70b90\"},\"potentialAction\":[{\"@type\":\"SearchAction\",\"target\":{\"@type\":\"EntryPoint\",\"urlTemplate\":\"https:\/\/apuntesdesanluis.com\/?s={search_term_string}\"},\"query-input\":{\"@type\":\"PropertyValueSpecification\",\"valueRequired\":true,\"valueName\":\"search_term_string\"}}],\"inLanguage\":\"es-AR\"},{\"@type\":[\"Person\",\"Organization\"],\"@id\":\"https:\/\/apuntesdesanluis.com\/#\/schema\/person\/b55151d52296fcce64d1a72538a70b90\",\"name\":\"apuntesdesanluis.com\",\"image\":{\"@type\":\"ImageObject\",\"inLanguage\":\"es-AR\",\"@id\":\"https:\/\/apuntesdesanluis.com\/#\/schema\/person\/image\/\",\"url\":\"https:\/\/apuntesdesanluis.com\/wp-content\/uploads\/2023\/07\/cropped-apuntesdesanluis.png\",\"contentUrl\":\"https:\/\/apuntesdesanluis.com\/wp-content\/uploads\/2023\/07\/cropped-apuntesdesanluis.png\",\"width\":450,\"height\":112,\"caption\":\"apuntesdesanluis.com\"},\"logo\":{\"@id\":\"https:\/\/apuntesdesanluis.com\/#\/schema\/person\/image\/\"},\"sameAs\":[\"https:\/\/apuntesdesanluis.com\"],\"url\":\"https:\/\/apuntesdesanluis.com\/index.php\/author\/apuntesdesanluis-com\/\"}]}<\/script>\n<!-- \/ Yoast SEO plugin. -->","yoast_head_json":{"title":"DURA ADVERTENCIA DE RECTORES: EL DERECHO A LA EDUCACI\u00d3N UNIVERSITARIA EST\u00c1 EN RIESGO - Apuntes de San Luis","robots":{"index":"index","follow":"follow","max-snippet":"max-snippet:-1","max-image-preview":"max-image-preview:large","max-video-preview":"max-video-preview:-1"},"canonical":"https:\/\/apuntesdesanluis.com\/index.php\/2023\/10\/13\/dura-advertencia-de-rectores-el-derecho-a-la-educacion-universitaria-esta-en-riesgo\/","og_locale":"es_ES","og_type":"article","og_title":"DURA ADVERTENCIA DE RECTORES: EL DERECHO A LA EDUCACI\u00d3N UNIVERSITARIA EST\u00c1 EN RIESGO - Apuntes de San Luis","og_description":"Rectores y rectoras de universidades p\u00fablicas nacionales y provinciales de todo el pa\u00eds advirtieron en...","og_url":"https:\/\/apuntesdesanluis.com\/index.php\/2023\/10\/13\/dura-advertencia-de-rectores-el-derecho-a-la-educacion-universitaria-esta-en-riesgo\/","og_site_name":"Apuntes de San Luis","article_published_time":"2023-10-14T01:15:42+00:00","article_modified_time":"2023-10-15T01:28:31+00:00","og_image":[{"width":566,"height":404,"url":"https:\/\/apuntesdesanluis.com\/wp-content\/uploads\/2023\/10\/advertencia-del-cin.png","type":"image\/png"}],"author":"apuntesdesanluis.com","twitter_card":"summary_large_image","twitter_misc":{"Escrito por":"apuntesdesanluis.com","Tiempo de lectura":"2 minutos"},"schema":{"@context":"https:\/\/schema.org","@graph":[{"@type":"Article","@id":"https:\/\/apuntesdesanluis.com\/index.php\/2023\/10\/13\/dura-advertencia-de-rectores-el-derecho-a-la-educacion-universitaria-esta-en-riesgo\/#article","isPartOf":{"@id":"https:\/\/apuntesdesanluis.com\/index.php\/2023\/10\/13\/dura-advertencia-de-rectores-el-derecho-a-la-educacion-universitaria-esta-en-riesgo\/"},"author":{"name":"apuntesdesanluis.com","@id":"https:\/\/apuntesdesanluis.com\/#\/schema\/person\/b55151d52296fcce64d1a72538a70b90"},"headline":"DURA ADVERTENCIA DE RECTORES: EL DERECHO A LA EDUCACI\u00d3N UNIVERSITARIA EST\u00c1 EN RIESGO","datePublished":"2023-10-14T01:15:42+00:00","dateModified":"2023-10-15T01:28:31+00:00","mainEntityOfPage":{"@id":"https:\/\/apuntesdesanluis.com\/index.php\/2023\/10\/13\/dura-advertencia-de-rectores-el-derecho-a-la-educacion-universitaria-esta-en-riesgo\/"},"wordCount":452,"publisher":{"@id":"https:\/\/apuntesdesanluis.com\/#\/schema\/person\/b55151d52296fcce64d1a72538a70b90"},"image":{"@id":"https:\/\/apuntesdesanluis.com\/index.php\/2023\/10\/13\/dura-advertencia-de-rectores-el-derecho-a-la-educacion-universitaria-esta-en-riesgo\/#primaryimage"},"thumbnailUrl":"https:\/\/apuntesdesanluis.com\/wp-content\/uploads\/2023\/10\/advertencia-del-cin.png","articleSection":["Nacionales\/Internacionales"],"inLanguage":"es-AR"},{"@type":"WebPage","@id":"https:\/\/apuntesdesanluis.com\/index.php\/2023\/10\/13\/dura-advertencia-de-rectores-el-derecho-a-la-educacion-universitaria-esta-en-riesgo\/","url":"https:\/\/apuntesdesanluis.com\/index.php\/2023\/10\/13\/dura-advertencia-de-rectores-el-derecho-a-la-educacion-universitaria-esta-en-riesgo\/","name":"DURA ADVERTENCIA DE RECTORES: EL DERECHO A LA EDUCACI\u00d3N UNIVERSITARIA EST\u00c1 EN RIESGO - Apuntes de San Luis","isPartOf":{"@id":"https:\/\/apuntesdesanluis.com\/#website"},"primaryImageOfPage":{"@id":"https:\/\/apuntesdesanluis.com\/index.php\/2023\/10\/13\/dura-advertencia-de-rectores-el-derecho-a-la-educacion-universitaria-esta-en-riesgo\/#primaryimage"},"image":{"@id":"https:\/\/apuntesdesanluis.com\/index.php\/2023\/10\/13\/dura-advertencia-de-rectores-el-derecho-a-la-educacion-universitaria-esta-en-riesgo\/#primaryimage"},"thumbnailUrl":"https:\/\/apuntesdesanluis.com\/wp-content\/uploads\/2023\/10\/advertencia-del-cin.png","datePublished":"2023-10-14T01:15:42+00:00","dateModified":"2023-10-15T01:28:31+00:00","breadcrumb":{"@id":"https:\/\/apuntesdesanluis.com\/index.php\/2023\/10\/13\/dura-advertencia-de-rectores-el-derecho-a-la-educacion-universitaria-esta-en-riesgo\/#breadcrumb"},"inLanguage":"es-AR","potentialAction":[{"@type":"ReadAction","target":["https:\/\/apuntesdesanluis.com\/index.php\/2023\/10\/13\/dura-advertencia-de-rectores-el-derecho-a-la-educacion-universitaria-esta-en-riesgo\/"]}]},{"@type":"ImageObject","inLanguage":"es-AR","@id":"https:\/\/apuntesdesanluis.com\/index.php\/2023\/10\/13\/dura-advertencia-de-rectores-el-derecho-a-la-educacion-universitaria-esta-en-riesgo\/#primaryimage","url":"https:\/\/apuntesdesanluis.com\/wp-content\/uploads\/2023\/10\/advertencia-del-cin.png","contentUrl":"https:\/\/apuntesdesanluis.com\/wp-content\/uploads\/2023\/10\/advertencia-del-cin.png","width":566,"height":404},{"@type":"BreadcrumbList","@id":"https:\/\/apuntesdesanluis.com\/index.php\/2023\/10\/13\/dura-advertencia-de-rectores-el-derecho-a-la-educacion-universitaria-esta-en-riesgo\/#breadcrumb","itemListElement":[{"@type":"ListItem","position":1,"name":"Inicio","item":"https:\/\/apuntesdesanluis.com\/"},{"@type":"ListItem","position":2,"name":"DURA ADVERTENCIA DE RECTORES: EL DERECHO A LA EDUCACI\u00d3N UNIVERSITARIA EST\u00c1 EN RIESGO"}]},{"@type":"WebSite","@id":"https:\/\/apuntesdesanluis.com\/#website","url":"https:\/\/apuntesdesanluis.com\/","name":"Apuntes de San Luis","description":"","publisher":{"@id":"https:\/\/apuntesdesanluis.com\/#\/schema\/person\/b55151d52296fcce64d1a72538a70b90"},"potentialAction":[{"@type":"SearchAction","target":{"@type":"EntryPoint","urlTemplate":"https:\/\/apuntesdesanluis.com\/?s={search_term_string}"},"query-input":{"@type":"PropertyValueSpecification","valueRequired":true,"valueName":"search_term_string"}}],"inLanguage":"es-AR"},{"@type":["Person","Organization"],"@id":"https:\/\/apuntesdesanluis.com\/#\/schema\/person\/b55151d52296fcce64d1a72538a70b90","name":"apuntesdesanluis.com","image":{"@type":"ImageObject","inLanguage":"es-AR","@id":"https:\/\/apuntesdesanluis.com\/#\/schema\/person\/image\/","url":"https:\/\/apuntesdesanluis.com\/wp-content\/uploads\/2023\/07\/cropped-apuntesdesanluis.png","contentUrl":"https:\/\/apuntesdesanluis.com\/wp-content\/uploads\/2023\/07\/cropped-apuntesdesanluis.png","width":450,"height":112,"caption":"apuntesdesanluis.com"},"logo":{"@id":"https:\/\/apuntesdesanluis.com\/#\/schema\/person\/image\/"},"sameAs":["https:\/\/apuntesdesanluis.com"],"url":"https:\/\/apuntesdesanluis.com\/index.php\/author\/apuntesdesanluis-com\/"}]}},"featured_image_urls":{"full":["https:\/\/apuntesdesanluis.com\/wp-content\/uploads\/2023\/10\/advertencia-del-cin.png",566,404,false],"thumbnail":["https:\/\/apuntesdesanluis.com\/wp-content\/uploads\/2023\/10\/advertencia-del-cin-150x150.png",150,150,true],"medium":["https:\/\/apuntesdesanluis.com\/wp-content\/uploads\/2023\/10\/advertencia-del-cin-300x214.png",300,214,true],"medium_large":["https:\/\/apuntesdesanluis.com\/wp-content\/uploads\/2023\/10\/advertencia-del-cin.png",566,404,false],"large":["https:\/\/apuntesdesanluis.com\/wp-content\/uploads\/2023\/10\/advertencia-del-cin.png",566,404,false],"1536x1536":["https:\/\/apuntesdesanluis.com\/wp-content\/uploads\/2023\/10\/advertencia-del-cin.png",566,404,false],"2048x2048":["https:\/\/apuntesdesanluis.com\/wp-content\/uploads\/2023\/10\/advertencia-del-cin.png",566,404,false],"newsever-slider-full":["https:\/\/apuntesdesanluis.com\/wp-content\/uploads\/2023\/10\/advertencia-del-cin.png",566,404,false],"newsever-featured":["https:\/\/apuntesdesanluis.com\/wp-content\/uploads\/2023\/10\/advertencia-del-cin.png",566,404,false],"newsever-medium":["https:\/\/apuntesdesanluis.com\/wp-content\/uploads\/2023\/10\/advertencia-del-cin.png",566,404,false]},"author_info":{"display_name":"apuntesdesanluis.com","author_link":"https:\/\/apuntesdesanluis.com\/index.php\/author\/apuntesdesanluis-com\/"},"category_info":"<a href=\"https:\/\/apuntesdesanluis.com\/index.php\/category\/nacionales-internacionales\/\" rel=\"category tag\">Nacionales\/Internacionales<\/a>","tag_info":"Nacionales\/Internacionales","comment_count":"0","_links":{"self":[{"href":"https:\/\/apuntesdesanluis.com\/index.php\/wp-json\/wp\/v2\/posts\/5161","targetHints":{"allow":["GET"]}}],"collection":[{"href":"https:\/\/apuntesdesanluis.com\/index.php\/wp-json\/wp\/v2\/posts"}],"about":[{"href":"https:\/\/apuntesdesanluis.com\/index.php\/wp-json\/wp\/v2\/types\/post"}],"author":[{"embeddable":true,"href":"https:\/\/apuntesdesanluis.com\/index.php\/wp-json\/wp\/v2\/users\/1"}],"replies":[{"embeddable":true,"href":"https:\/\/apuntesdesanluis.com\/index.php\/wp-json\/wp\/v2\/comments?post=5161"}],"version-history":[{"count":1,"href":"https:\/\/apuntesdesanluis.com\/index.php\/wp-json\/wp\/v2\/posts\/5161\/revisions"}],"predecessor-version":[{"id":5163,"href":"https:\/\/apuntesdesanluis.com\/index.php\/wp-json\/wp\/v2\/posts\/5161\/revisions\/5163"}],"wp:featuredmedia":[{"embeddable":true,"href":"https:\/\/apuntesdesanluis.com\/index.php\/wp-json\/wp\/v2\/media\/5162"}],"wp:attachment":[{"href":"https:\/\/apuntesdesanluis.com\/index.php\/wp-json\/wp\/v2\/media?parent=5161"}],"wp:term":[{"taxonomy":"category","embeddable":true,"href":"https:\/\/apuntesdesanluis.com\/index.php\/wp-json\/wp\/v2\/categories?post=5161"},{"taxonomy":"post_tag","embeddable":true,"href":"https:\/\/apuntesdesanluis.com\/index.php\/wp-json\/wp\/v2\/tags?post=5161"}],"curies":[{"name":"wp","href":"https:\/\/api.w.org\/{rel}","templated":true}]}}