{"id":5165,"date":"2023-10-14T22:51:24","date_gmt":"2023-10-15T01:51:24","guid":{"rendered":"https:\/\/apuntesdesanluis.com\/?p=5165"},"modified":"2023-10-14T22:52:59","modified_gmt":"2023-10-15T01:52:59","slug":"confirman-las-visitas-de-sergio-massa-y-patricia-bullrich-a-san-luis","status":"publish","type":"post","link":"https:\/\/apuntesdesanluis.com\/index.php\/2023\/10\/14\/confirman-las-visitas-de-sergio-massa-y-patricia-bullrich-a-san-luis\/","title":{"rendered":"CONFIRMAN LAS VISITAS DE SERGIO MASSA Y PATRICIA BULLRICH A SAN LUIS"},"content":{"rendered":"<h3>Ambos candidatos presidenciales participar\u00e1n de sendos actos de cierres de campa\u00f1as de Uni\u00f3n por la Patria y Juntos por el Cambio, a menos de una semana de las elecciones del domingo 22.<\/h3>\n<h3>En el caso del actual ministro de Econom\u00eda <strong>Sergio Massa<\/strong> llegar\u00e1 este lunes 16 a Villa Mercedes, donde a las 19:00 h encabezar\u00e1 un acto en Espacio Mitre, ubicado en Avenida Mitre 2326.<\/h3>\n<p><img fetchpriority=\"high\" decoding=\"async\" class=\"wp-image-5166 aligncenter\" src=\"https:\/\/apuntesdesanluis.com\/wp-content\/uploads\/2023\/10\/Massa-300x300.jpg\" alt=\"\" width=\"608\" height=\"608\" srcset=\"https:\/\/apuntesdesanluis.com\/wp-content\/uploads\/2023\/10\/Massa-300x300.jpg 300w, https:\/\/apuntesdesanluis.com\/wp-content\/uploads\/2023\/10\/Massa-150x150.jpg 150w, https:\/\/apuntesdesanluis.com\/wp-content\/uploads\/2023\/10\/Massa.jpg 600w\" sizes=\"(max-width: 608px) 100vw, 608px\" \/><\/p>\n<h3>En la oportunidad estar\u00eda acompa\u00f1ado por los principales candidatos del oficialismo a senador nacional, Fernando Salino; a diputado nacional, Ernesto &#8220;Pipi&#8221; Al\u00ed, y a Parlamentaria del Mercosur, Anabela Lucero. Es factible que tambi\u00e9n participen el gobernador Alberto Rodr\u00edguez Sa\u00e1 y el intendente Maximiliano Frontera.<\/h3>\n<h3><strong>Patricia Bullrich<\/strong>, en tanto, arribar\u00e1 a la ciudad de San Luis el martes 17, D\u00eda de la Lealtad, junto a su candidato a vicepresidente <strong>Luis Petri<\/strong>, para cerrar la campa\u00f1a de la oposici\u00f3n en un acto que compartir\u00e1 con el gobernador electo <strong>Claudio Poggi<\/strong>, y que contar\u00e1 con la presencia de la candidata a senadora nacional, Gabriela Gonz\u00e1lez Riollo, y a diputado nacional, Alejandro Cacace, entre otros.<\/h3>\n<h3>El encuentro partidario est\u00e1 previsto a las 16:00 h en un local de Le Club San Luis, en Juana Koslay.<\/h3>\n<p><img decoding=\"async\" class=\"wp-image-5167 aligncenter\" src=\"https:\/\/apuntesdesanluis.com\/wp-content\/uploads\/2023\/10\/bullrich-300x300.jpg\" alt=\"\" width=\"608\" height=\"608\" srcset=\"https:\/\/apuntesdesanluis.com\/wp-content\/uploads\/2023\/10\/bullrich-300x300.jpg 300w, https:\/\/apuntesdesanluis.com\/wp-content\/uploads\/2023\/10\/bullrich-150x150.jpg 150w, https:\/\/apuntesdesanluis.com\/wp-content\/uploads\/2023\/10\/bullrich.jpg 600w\" sizes=\"(max-width: 608px) 100vw, 608px\" \/><\/p>\n<h3>Seg\u00fan diferentes encuestas e informes difundidos en las \u00faltimas semanas, Massa y Bullrich se disputan el segundo lugar detr\u00e1s del libertario Javier Milei y pugnan por entrar al balotaje.<\/h3>\n","protected":false},"excerpt":{"rendered":"<p>Ambos candidatos presidenciales participar\u00e1n de sendos actos de cierres de campa\u00f1as de Uni\u00f3n por la&#8230;<\/p>\n","protected":false},"author":1,"featured_media":5168,"comment_status":"closed","ping_status":"closed","sticky":false,"template":"","format":"standard","meta":{"footnotes":""},"categories":[6],"tags":[],"class_list":["post-5165","post","type-post","status-publish","format-standard","has-post-thumbnail","hentry","category-ciudad-provincia"],"yoast_head":"<!-- This site is optimized with the Yoast SEO plugin v26.1.1 - https:\/\/yoast.com\/wordpress\/plugins\/seo\/ -->\n<title>CONFIRMAN LAS VISITAS DE SERGIO MASSA Y PATRICIA BULLRICH A SAN LUIS - Apuntes de San Luis<\/title>\n<meta name=\"robots\" content=\"index, follow, max-snippet:-1, max-image-preview:large, max-video-preview:-1\" \/>\n<link rel=\"canonical\" href=\"https:\/\/apuntesdesanluis.com\/index.php\/2023\/10\/14\/confirman-las-visitas-de-sergio-massa-y-patricia-bullrich-a-san-luis\/\" \/>\n<meta property=\"og:locale\" content=\"es_ES\" \/>\n<meta property=\"og:type\" content=\"article\" \/>\n<meta property=\"og:title\" content=\"CONFIRMAN LAS VISITAS DE SERGIO MASSA Y PATRICIA BULLRICH A SAN LUIS - Apuntes de San Luis\" \/>\n<meta property=\"og:description\" content=\"Ambos candidatos presidenciales participar\u00e1n de sendos actos de cierres de campa\u00f1as de Uni\u00f3n por la...\" \/>\n<meta property=\"og:url\" content=\"https:\/\/apuntesdesanluis.com\/index.php\/2023\/10\/14\/confirman-las-visitas-de-sergio-massa-y-patricia-bullrich-a-san-luis\/\" \/>\n<meta property=\"og:site_name\" content=\"Apuntes de San Luis\" \/>\n<meta property=\"article:published_time\" content=\"2023-10-15T01:51:24+00:00\" \/>\n<meta property=\"article:modified_time\" content=\"2023-10-15T01:52:59+00:00\" \/>\n<meta property=\"og:image\" content=\"https:\/\/apuntesdesanluis.com\/wp-content\/uploads\/2023\/10\/massa-y-bullrich.png\" \/>\n\t<meta property=\"og:image:width\" content=\"600\" \/>\n\t<meta property=\"og:image:height\" content=\"358\" \/>\n\t<meta property=\"og:image:type\" content=\"image\/png\" \/>\n<meta name=\"author\" content=\"apuntesdesanluis.com\" \/>\n<meta name=\"twitter:card\" content=\"summary_large_image\" \/>\n<meta name=\"twitter:label1\" content=\"Escrito por\" \/>\n\t<meta name=\"twitter:data1\" content=\"apuntesdesanluis.com\" \/>\n\t<meta name=\"twitter:label2\" content=\"Tiempo de lectura\" \/>\n\t<meta name=\"twitter:data2\" content=\"2 minutos\" \/>\n<script type=\"application\/ld+json\" class=\"yoast-schema-graph\">{\"@context\":\"https:\/\/schema.org\",\"@graph\":[{\"@type\":\"Article\",\"@id\":\"https:\/\/apuntesdesanluis.com\/index.php\/2023\/10\/14\/confirman-las-visitas-de-sergio-massa-y-patricia-bullrich-a-san-luis\/#article\",\"isPartOf\":{\"@id\":\"https:\/\/apuntesdesanluis.com\/index.php\/2023\/10\/14\/confirman-las-visitas-de-sergio-massa-y-patricia-bullrich-a-san-luis\/\"},\"author\":{\"name\":\"apuntesdesanluis.com\",\"@id\":\"https:\/\/apuntesdesanluis.com\/#\/schema\/person\/b55151d52296fcce64d1a72538a70b90\"},\"headline\":\"CONFIRMAN LAS VISITAS DE SERGIO MASSA Y PATRICIA BULLRICH A SAN LUIS\",\"datePublished\":\"2023-10-15T01:51:24+00:00\",\"dateModified\":\"2023-10-15T01:52:59+00:00\",\"mainEntityOfPage\":{\"@id\":\"https:\/\/apuntesdesanluis.com\/index.php\/2023\/10\/14\/confirman-las-visitas-de-sergio-massa-y-patricia-bullrich-a-san-luis\/\"},\"wordCount\":245,\"publisher\":{\"@id\":\"https:\/\/apuntesdesanluis.com\/#\/schema\/person\/b55151d52296fcce64d1a72538a70b90\"},\"image\":{\"@id\":\"https:\/\/apuntesdesanluis.com\/index.php\/2023\/10\/14\/confirman-las-visitas-de-sergio-massa-y-patricia-bullrich-a-san-luis\/#primaryimage\"},\"thumbnailUrl\":\"https:\/\/apuntesdesanluis.com\/wp-content\/uploads\/2023\/10\/massa-y-bullrich.png\",\"articleSection\":[\"Ciudad\/Provincia\"],\"inLanguage\":\"es-AR\"},{\"@type\":\"WebPage\",\"@id\":\"https:\/\/apuntesdesanluis.com\/index.php\/2023\/10\/14\/confirman-las-visitas-de-sergio-massa-y-patricia-bullrich-a-san-luis\/\",\"url\":\"https:\/\/apuntesdesanluis.com\/index.php\/2023\/10\/14\/confirman-las-visitas-de-sergio-massa-y-patricia-bullrich-a-san-luis\/\",\"name\":\"CONFIRMAN LAS VISITAS DE SERGIO MASSA Y PATRICIA BULLRICH A SAN LUIS - Apuntes de San Luis\",\"isPartOf\":{\"@id\":\"https:\/\/apuntesdesanluis.com\/#website\"},\"primaryImageOfPage\":{\"@id\":\"https:\/\/apuntesdesanluis.com\/index.php\/2023\/10\/14\/confirman-las-visitas-de-sergio-massa-y-patricia-bullrich-a-san-luis\/#primaryimage\"},\"image\":{\"@id\":\"https:\/\/apuntesdesanluis.com\/index.php\/2023\/10\/14\/confirman-las-visitas-de-sergio-massa-y-patricia-bullrich-a-san-luis\/#primaryimage\"},\"thumbnailUrl\":\"https:\/\/apuntesdesanluis.com\/wp-content\/uploads\/2023\/10\/massa-y-bullrich.png\",\"datePublished\":\"2023-10-15T01:51:24+00:00\",\"dateModified\":\"2023-10-15T01:52:59+00:00\",\"breadcrumb\":{\"@id\":\"https:\/\/apuntesdesanluis.com\/index.php\/2023\/10\/14\/confirman-las-visitas-de-sergio-massa-y-patricia-bullrich-a-san-luis\/#breadcrumb\"},\"inLanguage\":\"es-AR\",\"potentialAction\":[{\"@type\":\"ReadAction\",\"target\":[\"https:\/\/apuntesdesanluis.com\/index.php\/2023\/10\/14\/confirman-las-visitas-de-sergio-massa-y-patricia-bullrich-a-san-luis\/\"]}]},{\"@type\":\"ImageObject\",\"inLanguage\":\"es-AR\",\"@id\":\"https:\/\/apuntesdesanluis.com\/index.php\/2023\/10\/14\/confirman-las-visitas-de-sergio-massa-y-patricia-bullrich-a-san-luis\/#primaryimage\",\"url\":\"https:\/\/apuntesdesanluis.com\/wp-content\/uploads\/2023\/10\/massa-y-bullrich.png\",\"contentUrl\":\"https:\/\/apuntesdesanluis.com\/wp-content\/uploads\/2023\/10\/massa-y-bullrich.png\",\"width\":600,\"height\":358},{\"@type\":\"BreadcrumbList\",\"@id\":\"https:\/\/apuntesdesanluis.com\/index.php\/2023\/10\/14\/confirman-las-visitas-de-sergio-massa-y-patricia-bullrich-a-san-luis\/#breadcrumb\",\"itemListElement\":[{\"@type\":\"ListItem\",\"position\":1,\"name\":\"Inicio\",\"item\":\"https:\/\/apuntesdesanluis.com\/\"},{\"@type\":\"ListItem\",\"position\":2,\"name\":\"CONFIRMAN LAS VISITAS DE SERGIO MASSA Y PATRICIA BULLRICH A SAN LUIS\"}]},{\"@type\":\"WebSite\",\"@id\":\"https:\/\/apuntesdesanluis.com\/#website\",\"url\":\"https:\/\/apuntesdesanluis.com\/\",\"name\":\"Apuntes de San Luis\",\"description\":\"\",\"publisher\":{\"@id\":\"https:\/\/apuntesdesanluis.com\/#\/schema\/person\/b55151d52296fcce64d1a72538a70b90\"},\"potentialAction\":[{\"@type\":\"SearchAction\",\"target\":{\"@type\":\"EntryPoint\",\"urlTemplate\":\"https:\/\/apuntesdesanluis.com\/?s={search_term_string}\"},\"query-input\":{\"@type\":\"PropertyValueSpecification\",\"valueRequired\":true,\"valueName\":\"search_term_string\"}}],\"inLanguage\":\"es-AR\"},{\"@type\":[\"Person\",\"Organization\"],\"@id\":\"https:\/\/apuntesdesanluis.com\/#\/schema\/person\/b55151d52296fcce64d1a72538a70b90\",\"name\":\"apuntesdesanluis.com\",\"image\":{\"@type\":\"ImageObject\",\"inLanguage\":\"es-AR\",\"@id\":\"https:\/\/apuntesdesanluis.com\/#\/schema\/person\/image\/\",\"url\":\"https:\/\/apuntesdesanluis.com\/wp-content\/uploads\/2023\/07\/cropped-apuntesdesanluis.png\",\"contentUrl\":\"https:\/\/apuntesdesanluis.com\/wp-content\/uploads\/2023\/07\/cropped-apuntesdesanluis.png\",\"width\":450,\"height\":112,\"caption\":\"apuntesdesanluis.com\"},\"logo\":{\"@id\":\"https:\/\/apuntesdesanluis.com\/#\/schema\/person\/image\/\"},\"sameAs\":[\"https:\/\/apuntesdesanluis.com\"],\"url\":\"https:\/\/apuntesdesanluis.com\/index.php\/author\/apuntesdesanluis-com\/\"}]}<\/script>\n<!-- \/ Yoast SEO plugin. -->","yoast_head_json":{"title":"CONFIRMAN LAS VISITAS DE SERGIO MASSA Y PATRICIA BULLRICH A SAN LUIS - Apuntes de San Luis","robots":{"index":"index","follow":"follow","max-snippet":"max-snippet:-1","max-image-preview":"max-image-preview:large","max-video-preview":"max-video-preview:-1"},"canonical":"https:\/\/apuntesdesanluis.com\/index.php\/2023\/10\/14\/confirman-las-visitas-de-sergio-massa-y-patricia-bullrich-a-san-luis\/","og_locale":"es_ES","og_type":"article","og_title":"CONFIRMAN LAS VISITAS DE SERGIO MASSA Y PATRICIA BULLRICH A SAN LUIS - Apuntes de San Luis","og_description":"Ambos candidatos presidenciales participar\u00e1n de sendos actos de cierres de campa\u00f1as de Uni\u00f3n por la...","og_url":"https:\/\/apuntesdesanluis.com\/index.php\/2023\/10\/14\/confirman-las-visitas-de-sergio-massa-y-patricia-bullrich-a-san-luis\/","og_site_name":"Apuntes de San Luis","article_published_time":"2023-10-15T01:51:24+00:00","article_modified_time":"2023-10-15T01:52:59+00:00","og_image":[{"width":600,"height":358,"url":"https:\/\/apuntesdesanluis.com\/wp-content\/uploads\/2023\/10\/massa-y-bullrich.png","type":"image\/png"}],"author":"apuntesdesanluis.com","twitter_card":"summary_large_image","twitter_misc":{"Escrito por":"apuntesdesanluis.com","Tiempo de lectura":"2 minutos"},"schema":{"@context":"https:\/\/schema.org","@graph":[{"@type":"Article","@id":"https:\/\/apuntesdesanluis.com\/index.php\/2023\/10\/14\/confirman-las-visitas-de-sergio-massa-y-patricia-bullrich-a-san-luis\/#article","isPartOf":{"@id":"https:\/\/apuntesdesanluis.com\/index.php\/2023\/10\/14\/confirman-las-visitas-de-sergio-massa-y-patricia-bullrich-a-san-luis\/"},"author":{"name":"apuntesdesanluis.com","@id":"https:\/\/apuntesdesanluis.com\/#\/schema\/person\/b55151d52296fcce64d1a72538a70b90"},"headline":"CONFIRMAN LAS VISITAS DE SERGIO MASSA Y PATRICIA BULLRICH A SAN LUIS","datePublished":"2023-10-15T01:51:24+00:00","dateModified":"2023-10-15T01:52:59+00:00","mainEntityOfPage":{"@id":"https:\/\/apuntesdesanluis.com\/index.php\/2023\/10\/14\/confirman-las-visitas-de-sergio-massa-y-patricia-bullrich-a-san-luis\/"},"wordCount":245,"publisher":{"@id":"https:\/\/apuntesdesanluis.com\/#\/schema\/person\/b55151d52296fcce64d1a72538a70b90"},"image":{"@id":"https:\/\/apuntesdesanluis.com\/index.php\/2023\/10\/14\/confirman-las-visitas-de-sergio-massa-y-patricia-bullrich-a-san-luis\/#primaryimage"},"thumbnailUrl":"https:\/\/apuntesdesanluis.com\/wp-content\/uploads\/2023\/10\/massa-y-bullrich.png","articleSection":["Ciudad\/Provincia"],"inLanguage":"es-AR"},{"@type":"WebPage","@id":"https:\/\/apuntesdesanluis.com\/index.php\/2023\/10\/14\/confirman-las-visitas-de-sergio-massa-y-patricia-bullrich-a-san-luis\/","url":"https:\/\/apuntesdesanluis.com\/index.php\/2023\/10\/14\/confirman-las-visitas-de-sergio-massa-y-patricia-bullrich-a-san-luis\/","name":"CONFIRMAN LAS VISITAS DE SERGIO MASSA Y PATRICIA BULLRICH A SAN LUIS - Apuntes de San Luis","isPartOf":{"@id":"https:\/\/apuntesdesanluis.com\/#website"},"primaryImageOfPage":{"@id":"https:\/\/apuntesdesanluis.com\/index.php\/2023\/10\/14\/confirman-las-visitas-de-sergio-massa-y-patricia-bullrich-a-san-luis\/#primaryimage"},"image":{"@id":"https:\/\/apuntesdesanluis.com\/index.php\/2023\/10\/14\/confirman-las-visitas-de-sergio-massa-y-patricia-bullrich-a-san-luis\/#primaryimage"},"thumbnailUrl":"https:\/\/apuntesdesanluis.com\/wp-content\/uploads\/2023\/10\/massa-y-bullrich.png","datePublished":"2023-10-15T01:51:24+00:00","dateModified":"2023-10-15T01:52:59+00:00","breadcrumb":{"@id":"https:\/\/apuntesdesanluis.com\/index.php\/2023\/10\/14\/confirman-las-visitas-de-sergio-massa-y-patricia-bullrich-a-san-luis\/#breadcrumb"},"inLanguage":"es-AR","potentialAction":[{"@type":"ReadAction","target":["https:\/\/apuntesdesanluis.com\/index.php\/2023\/10\/14\/confirman-las-visitas-de-sergio-massa-y-patricia-bullrich-a-san-luis\/"]}]},{"@type":"ImageObject","inLanguage":"es-AR","@id":"https:\/\/apuntesdesanluis.com\/index.php\/2023\/10\/14\/confirman-las-visitas-de-sergio-massa-y-patricia-bullrich-a-san-luis\/#primaryimage","url":"https:\/\/apuntesdesanluis.com\/wp-content\/uploads\/2023\/10\/massa-y-bullrich.png","contentUrl":"https:\/\/apuntesdesanluis.com\/wp-content\/uploads\/2023\/10\/massa-y-bullrich.png","width":600,"height":358},{"@type":"BreadcrumbList","@id":"https:\/\/apuntesdesanluis.com\/index.php\/2023\/10\/14\/confirman-las-visitas-de-sergio-massa-y-patricia-bullrich-a-san-luis\/#breadcrumb","itemListElement":[{"@type":"ListItem","position":1,"name":"Inicio","item":"https:\/\/apuntesdesanluis.com\/"},{"@type":"ListItem","position":2,"name":"CONFIRMAN LAS VISITAS DE SERGIO MASSA Y PATRICIA BULLRICH A SAN LUIS"}]},{"@type":"WebSite","@id":"https:\/\/apuntesdesanluis.com\/#website","url":"https:\/\/apuntesdesanluis.com\/","name":"Apuntes de San Luis","description":"","publisher":{"@id":"https:\/\/apuntesdesanluis.com\/#\/schema\/person\/b55151d52296fcce64d1a72538a70b90"},"potentialAction":[{"@type":"SearchAction","target":{"@type":"EntryPoint","urlTemplate":"https:\/\/apuntesdesanluis.com\/?s={search_term_string}"},"query-input":{"@type":"PropertyValueSpecification","valueRequired":true,"valueName":"search_term_string"}}],"inLanguage":"es-AR"},{"@type":["Person","Organization"],"@id":"https:\/\/apuntesdesanluis.com\/#\/schema\/person\/b55151d52296fcce64d1a72538a70b90","name":"apuntesdesanluis.com","image":{"@type":"ImageObject","inLanguage":"es-AR","@id":"https:\/\/apuntesdesanluis.com\/#\/schema\/person\/image\/","url":"https:\/\/apuntesdesanluis.com\/wp-content\/uploads\/2023\/07\/cropped-apuntesdesanluis.png","contentUrl":"https:\/\/apuntesdesanluis.com\/wp-content\/uploads\/2023\/07\/cropped-apuntesdesanluis.png","width":450,"height":112,"caption":"apuntesdesanluis.com"},"logo":{"@id":"https:\/\/apuntesdesanluis.com\/#\/schema\/person\/image\/"},"sameAs":["https:\/\/apuntesdesanluis.com"],"url":"https:\/\/apuntesdesanluis.com\/index.php\/author\/apuntesdesanluis-com\/"}]}},"featured_image_urls":{"full":["https:\/\/apuntesdesanluis.com\/wp-content\/uploads\/2023\/10\/massa-y-bullrich.png",600,358,false],"thumbnail":["https:\/\/apuntesdesanluis.com\/wp-content\/uploads\/2023\/10\/massa-y-bullrich-150x150.png",150,150,true],"medium":["https:\/\/apuntesdesanluis.com\/wp-content\/uploads\/2023\/10\/massa-y-bullrich-300x179.png",300,179,true],"medium_large":["https:\/\/apuntesdesanluis.com\/wp-content\/uploads\/2023\/10\/massa-y-bullrich.png",600,358,false],"large":["https:\/\/apuntesdesanluis.com\/wp-content\/uploads\/2023\/10\/massa-y-bullrich.png",600,358,false],"1536x1536":["https:\/\/apuntesdesanluis.com\/wp-content\/uploads\/2023\/10\/massa-y-bullrich.png",600,358,false],"2048x2048":["https:\/\/apuntesdesanluis.com\/wp-content\/uploads\/2023\/10\/massa-y-bullrich.png",600,358,false],"newsever-slider-full":["https:\/\/apuntesdesanluis.com\/wp-content\/uploads\/2023\/10\/massa-y-bullrich.png",600,358,false],"newsever-featured":["https:\/\/apuntesdesanluis.com\/wp-content\/uploads\/2023\/10\/massa-y-bullrich.png",600,358,false],"newsever-medium":["https:\/\/apuntesdesanluis.com\/wp-content\/uploads\/2023\/10\/massa-y-bullrich.png",600,358,false]},"author_info":{"display_name":"apuntesdesanluis.com","author_link":"https:\/\/apuntesdesanluis.com\/index.php\/author\/apuntesdesanluis-com\/"},"category_info":"<a href=\"https:\/\/apuntesdesanluis.com\/index.php\/category\/ciudad-provincia\/\" rel=\"category tag\">Ciudad\/Provincia<\/a>","tag_info":"Ciudad\/Provincia","comment_count":"0","_links":{"self":[{"href":"https:\/\/apuntesdesanluis.com\/index.php\/wp-json\/wp\/v2\/posts\/5165","targetHints":{"allow":["GET"]}}],"collection":[{"href":"https:\/\/apuntesdesanluis.com\/index.php\/wp-json\/wp\/v2\/posts"}],"about":[{"href":"https:\/\/apuntesdesanluis.com\/index.php\/wp-json\/wp\/v2\/types\/post"}],"author":[{"embeddable":true,"href":"https:\/\/apuntesdesanluis.com\/index.php\/wp-json\/wp\/v2\/users\/1"}],"replies":[{"embeddable":true,"href":"https:\/\/apuntesdesanluis.com\/index.php\/wp-json\/wp\/v2\/comments?post=5165"}],"version-history":[{"count":2,"href":"https:\/\/apuntesdesanluis.com\/index.php\/wp-json\/wp\/v2\/posts\/5165\/revisions"}],"predecessor-version":[{"id":5170,"href":"https:\/\/apuntesdesanluis.com\/index.php\/wp-json\/wp\/v2\/posts\/5165\/revisions\/5170"}],"wp:featuredmedia":[{"embeddable":true,"href":"https:\/\/apuntesdesanluis.com\/index.php\/wp-json\/wp\/v2\/media\/5168"}],"wp:attachment":[{"href":"https:\/\/apuntesdesanluis.com\/index.php\/wp-json\/wp\/v2\/media?parent=5165"}],"wp:term":[{"taxonomy":"category","embeddable":true,"href":"https:\/\/apuntesdesanluis.com\/index.php\/wp-json\/wp\/v2\/categories?post=5165"},{"taxonomy":"post_tag","embeddable":true,"href":"https:\/\/apuntesdesanluis.com\/index.php\/wp-json\/wp\/v2\/tags?post=5165"}],"curies":[{"name":"wp","href":"https:\/\/api.w.org\/{rel}","templated":true}]}}