{"id":5171,"date":"2023-10-15T11:05:14","date_gmt":"2023-10-15T14:05:14","guid":{"rendered":"https:\/\/apuntesdesanluis.com\/?p=5171"},"modified":"2023-10-15T11:05:14","modified_gmt":"2023-10-15T14:05:14","slug":"autorretrato-de-javier-milei-a-pocas-horas-de-una-victoria-historica","status":"publish","type":"post","link":"https:\/\/apuntesdesanluis.com\/index.php\/2023\/10\/15\/autorretrato-de-javier-milei-a-pocas-horas-de-una-victoria-historica\/","title":{"rendered":"AUTORRETRATO DE JAVIER MILEI, A POCAS HORAS DE UNA VICTORIA HIST\u00d3RICA"},"content":{"rendered":"<p>&nbsp;<\/p>\n<h3>Por <span style=\"color: #000000;\"><strong><em>Ernesto Tenembaum (*)<\/em><\/strong><\/span><\/h3>\n<h3>Los d\u00edas previos a la primera vuelta presidencial tienen un protagonista excluyente, que es Javier Milei. Casi todas las encuestas le otorgan el primer lugar. En ninguna de ellas queda afuera de la segunda vuelta y hay una posibilidad de que gane en la primera. Los otros dos candidatos est\u00e1n cada vez m\u00e1s ocupados en hablar de \u00e9l. Y es el \u00fanico que puede realizar actos realmente populares. Eso obliga a mirarlo cada vez con m\u00e1s detenimiento. Y esta semana hubo episodios que permiten conocerlo un poquito m\u00e1s.<\/h3>\n<h3>En las horas posteriores a las PASO, Javier Milei anunci\u00f3 que centrar\u00eda su campa\u00f1a en la provincia de Buenos Aires, donde hab\u00eda sacado, comparativamente, menos votos que en otros lugares. Dado el clima de esos d\u00edas, era previsible que su aparici\u00f3n en el conurbano generara efectos parecidos a los de Carlos Menem en 1989: multitudes saldr\u00edan a las calles de tierra para abrazar al salvador. Eso no ocurri\u00f3. O, al menos, no sucedi\u00f3 en esa dimensi\u00f3n. Las im\u00e1genes que los mismos libertarios sub\u00edan a las redes eran muy d\u00e9biles: solo se pod\u00eda ver un grupo de gente rodeando una camioneta. No hab\u00eda tomas cenitales, ni drones, ni testimonios neutrales donde esas multitudes aparecieran.<\/h3>\n<h3>Esta semana, finalmente, el aluvi\u00f3n se produjo en Salta, donde miles y miles de personas rodearon a Milei en un clima de fervor que, ni de lejos, pueden mostrar los otros candidatos. Las im\u00e1genes son impresionantes. Era una marea humana, que hab\u00eda salido a acompa\u00f1arlo. El fervor impactaba, sobre todo si se lo contrasta con la frialdad de los actos, mucho menos espont\u00e1neos y populares, que rodean a Sergio Massa y a Patricia Bullrich. Ayer mismo, el fen\u00f3meno se repiti\u00f3 en Mar del Plata, donde una multitud enfervorizada \u2013en parte movilizada por los gastron\u00f3micos de Luis Barrionuevo- coreaba el nombre de Milei y sus slogans preferidos: \u201cLa casta tiene miedo\u201d y \u201cQue se vayan todos\u201d.<\/h3>\n<h3>En ese camino, Milei va construyendo un autorretrato m\u00e1s complejo y controvertido que el del candidato rodeado por gente que lo idolatra. La tensi\u00f3n, el v\u00e9rtigo y los esc\u00e1ndalos que sacudieron al pa\u00eds y al mundo esta semana, tal vez dejaron poco tiempo para detenerse en episodios ciertamente inquietantes, que lo tuvieron como protagonista.<\/h3>\n<h3>El primero de ellos ocurri\u00f3 en el segundo debate presidencial, que se realiz\u00f3 el domingo pasado. Como se sabe, en varios momentos de su mete\u00f3rica carrera, Milei sostuvo que se deber\u00eda implementar un mercado de compra y venta de \u00f3rganos. \u201cSer\u00eda un mercado m\u00e1s. Actualmente hay mucha m\u00e1s demanda que oferta de \u00f3rganos, as\u00ed que hay un problema ah\u00ed\u201d, dijo.<\/h3>\n<h3>Durante el debate, Patricia Bullrich le plante\u00f3 el asunto.<\/h3>\n<h3>Milei respondi\u00f3 con agresividad:<\/h3>\n<h3>-Hay 300 mil potenciales donantes y 7 mil personas en lista de espera. Es evidente que hay un problema de corrupci\u00f3n ah\u00ed. \u00bfA vos te gusta el robo?<\/h3>\n<h3>En esas treinta palabras aparecen algunos problemas serios.<\/h3>\n<h3>El primero es un evidente desconocimiento de aquello sobre lo que habla. Se supone que el n\u00famero de 300 mil potenciales donantes surge de la cantidad de personas que mueren en la Argentina, que es aproximadamente esa cifra. Los especialistas explican que solo pueden donar \u00f3rganos las personas que mueren en terapia intensiva, porque solo en ese contexto es posible su preservaci\u00f3n. Eso solo representa el 4 por ciento del total de las personas que mueren. O sea: hay 12.000 potenciales donantes y no 300 mil. Es una diferencia abismal.<\/h3>\n<h3>Pero, adem\u00e1s, la lista de espera de 7000 personas es un porcentaje peque\u00f1o del total de las personas que requieren trasplante de \u00f3rganos. Son, apenas, los casos m\u00e1s graves. Por ejemplo, en este momento hay 30 mil personas que se hacen di\u00e1lisis. Los expertos consideran que hay cien mil personas que necesitan en este momento un trasplante.<\/h3>\n<h3>Milei dice que solo 7.000 argentinos necesitan un trasplante y hay 300 mil potenciales donantes. Pero en la realidad, los potenciales donantes son 12.000 y quienes esperan un \u00f3rgano son 100 mil.<\/h3>\n<h3>Las diferencias entre uno y otro panorama son abrumadoras.<\/h3>\n<h3>El segundo problema es que atribuye un delito de corrupci\u00f3n sin ninguna prueba. Milei concluye que al haber tantos donantes potenciales -que no hay- y tan pocas personas que necesitan \u00f3rganos -algo que tambi\u00e9n es err\u00f3neo-, existe all\u00ed un problema, es la corrupci\u00f3n. Probablemente, eso derive de su concepci\u00f3n de que toda regulaci\u00f3n es contraproducente y deriva en corrupci\u00f3n.<\/h3>\n<h3>Ese esquema conceptual no necesariamente es correcto. En el caso del Incucai no es as\u00ed. Se trata de un organismo que distribuye \u00f3rganos entre familias que est\u00e1n desesperadas. Muchos de esos \u00f3rganos no llegan a tiempo para salvar vidas. Sin embargo, no hay denuncias de corrupci\u00f3n o acomodo, como existi\u00f3, por ejemplo, en el sonado caso del \u201cvacunagate\u201d.<\/h3>\n<h3>El tercer problema es la nula empat\u00eda con situaciones humanas que son muy dram\u00e1ticas: naturalmente, las declaraciones de Milei generaron mucha alarma entre las personas que esperan un \u00f3rgano.<\/h3>\n<h3>Como si cualquier cosa valiera para ganar. Eso que ocurri\u00f3 con la venta de \u00f3rganos sucedi\u00f3 tambi\u00e9n con la acusaci\u00f3n al Gobierno de genocidio por el manejo de la pandemia, con cifras -otra vez- muy ama\u00f1adas o con la afirmaci\u00f3n de que Patricia Bullrich \u201cpon\u00eda bombas en jardines de infantes\u201d.<\/h3>\n<h3>\u00bfSer\u00e1 m\u00e1s preciso Milei con los n\u00fameros y los datos en el momento de armar un plan econ\u00f3mico?<\/h3>\n<h3>El segundo episodio ocurri\u00f3 durante la conferencia de prensa que ofreci\u00f3 Milei el d\u00eda mi\u00e9rcoles. Para entonces, el d\u00f3lar cotizaba por encima de los mil pesos. Una semana antes, Milei hab\u00eda dicho que \u201ccuanto m\u00e1s alto est\u00e9 el d\u00f3lar, m\u00e1s f\u00e1cil ser\u00e1 dolarizar\u201d. Y, luego, sostuvo que el peso era \u201cexcremento\u201d y que la gente deb\u00eda salir de la moneda nacional.<\/h3>\n<h3>Las declaraciones de Milei produjeron un sinn\u00famero de cuestionamientos por parte de economistas y pol\u00edticos de las m\u00e1s diversas l\u00edneas: Patricia Bullrich, Sergio Massa, Carlos Melconian, Alberto Fern\u00e1ndez, Eduardo Levy Yeyati, Daniel Artana, Emmanuel \u00c1lvarez Agis, Daniel Marx, Marina Dal Poggetto, Hernan Lacunza, entre muchas otras personas, se\u00f1alaron que se trataba de una irresponsabilidad que un hombre que est\u00e1 a punto de ser Presidente, convoque a la gente para que abandone el peso.<\/h3>\n<h3>En la conferencia de prensa, Milei dijo textualmente lo que antes hab\u00eda argumentado por X (ex Twitter):<\/h3>\n<h3>\u201cLlevo en pol\u00edtica casi 2 a\u00f1os. \u00bfMe van a culpar a m\u00ed de la decadencia de los \u00faltimos 100 a\u00f1os, y el esc\u00e1ndalo de los \u00faltimos 40 y el desastre que ocurre en la Argentina desde el kirchnerismo? \u00bfPor qu\u00e9 no tratan de ser un poco m\u00e1s serios?\u201d.<\/h3>\n<h3>El argumento de Milei tiene un punto muy s\u00f3lido. La fragilidad de la econom\u00eda argentina no es culpa suya: de hecho, es el que menos responsabilidad tiene entre los tres candidatos con alguna posibilidad para llegar a la Presidencia.<\/h3>\n<h3>En ese sentido, las acusaciones que recibi\u00f3 de las otras dos fuerzas pol\u00edticas, tienen un punto d\u00e9bil: el emisor. Dada su perfomance en lo que refiere a inflaci\u00f3n, pobreza y p\u00e9rdida de reservas, no parecen tender demasiado derecho a acusar a Milei de nada.<\/h3>\n<h3>Pero eso no quiere decir que la acusaci\u00f3n sea falsa. Como dice Milei cada tanto, se trata de una falacia ad hominem: si una persona dice algo cierto, por m\u00e1s que no tenga derecho a decirlo, sigue siendo cierto.<\/h3>\n<h3>La discusi\u00f3n de esta semana no se refer\u00eda a los \u00faltimos cien a\u00f1os, ni a los \u00faltimos cuarenta ni a los veinte a\u00f1os de kirchnerismo: s\u00f3lo se refer\u00eda a la \u00faltima semana, cuando se aceler\u00f3 fuertemente una corrida contra el peso, luego de que el favorito calificara a la moneda nacional como \u201cexcremento\u201d y pidiera varias veces a la gente que se desprendiera de ella.<\/h3>\n<h3>Milei tiene raz\u00f3n cuando argumenta que se conoce hace varios a\u00f1os su posici\u00f3n al respecto. Pero una cosa es la influencia de su palabra como panelista de televisi\u00f3n, o como candidato de una fuerza minoritaria, y otra la que tiene como favorito.<\/h3>\n<h3>En cada transici\u00f3n, los favoritos -si son opositores- tienen un dilema. Pueden empujar al gobierno al abismo para mejorar sus n\u00fameros electorales, o incluso darle m\u00e1s margen a su futuro gobierno, si el actual deja tierra arrasada. Esa actitud tiene un costo social alto. Puede tratar, en cambio, de serenar las aguas. Esta segunda opci\u00f3n tiene efectos inversos: menos r\u00e9dito electoral, un poquito de aire al gobierno saliente pero contiene un poco la situaci\u00f3n social y financiera.<\/h3>\n<h3>Ante la creciente tensi\u00f3n, Milei podr\u00eda haber dicho: \u201cUstedes saben lo que opino del tema. No quiero repetirlo ahora porque agregar\u00eda m\u00e1s problemas. Pero tengan paciencia: en pocas semanas me har\u00e9 cargo del problema y le encontraremos una soluci\u00f3n\u201d.<\/h3>\n<h3>Eligi\u00f3 exactamente lo contrario.<\/h3>\n<h3>El d\u00f3lar se fue a mil pesos en un suspiro.<\/h3>\n<h3>En la historia democr\u00e1tica argentina no ha habido nunca un episodio as\u00ed, donde un candidato presidencial estimule abiertamente una corrida que lo beneficiar\u00eda electoralmente.<\/h3>\n<h3>Por si fuera poco, en esa misma conferencia de prensa, hubo otro episodio llamativo. En el momento en que Milei comenzaba a hablar, se escuchaba de lejos la voz de un colega de radio del Plata, que sal\u00eda al aire para informar, justamente, que el candidato estaba arrancando. No hubo una pregunta conflictiva, una falta de respeto, nada que pudiera interpretarse como agresivo. Milei, igual, se molest\u00f3 y lo humill\u00f3 en p\u00fablico:<\/h3>\n<h3>-Pregunta: los que est\u00e1n hablando, \u00bfquieren ser parte de la conferencia?<\/h3>\n<h3>El colega pidi\u00f3 disculpas.<\/h3>\n<h3>-Perd\u00f3n Javier, estoy saliendo al aire.<\/h3>\n<h3>-Bueno. Busc\u00e1 la forma de no interrumpir. Digamos, te deben querer escuchar a vos seguramente\u2014reaccion\u00f3 Milei.<\/h3>\n<h3>El colega inform\u00f3:<\/h3>\n<h3>-Bueno, ah\u00ed se enoja entonces Javier Milei.<\/h3>\n<h3>Y \u00e9l le dijo:<\/h3>\n<h3>-Vos sos un grosero, que es otra cosa.<\/h3>\n<h3>Se trataba de un desaf\u00edo muy peque\u00f1o para una persona con poder, que es lo que tiene Milei ahora. Con un \u201cdisc\u00falpame, te pido por favor que hables m\u00e1s bajo porque me desconcentr\u00e1s\u201d, hubiera sido suficiente. No es necesario mucho m\u00e1s para arreglar esa situaci\u00f3n, salvo que alguien quiera demostrar el poder que tiene a cada paso. Milei no se comport\u00f3 con alguien que entiende el desnivel de poder o, peor, como alguien que lo entiende y abusa de \u00e9l.<\/h3>\n<h3>Nadie sabe c\u00f3mo va a salir la elecci\u00f3n del domingo pr\u00f3ximo. Las encuestas ya no son instrumentos confiables. Y el crecimiento que rodea a Milei puede tener un techo. En la campa\u00f1a, por ejemplo, del 2015, el peronismo realizaba actos con mucha m\u00e1s gente que Cambiemos. En la del 2013, Cristina convocaba m\u00e1s que Sergio Massa. Y en ambos casos el resultado electoral favoreci\u00f3 al que menos gente pon\u00eda en las calles. Sea como fuere, la campa\u00f1a de Milei es la m\u00e1s espont\u00e1nea, la que incorpora todo el tiempo m\u00e9todos novedosos y la que m\u00e1s v\u00e9rtigo y pasi\u00f3n tiene. Este mi\u00e9rcoles se ver\u00e1 algo as\u00ed en el cierre, en el Movistar Arena. Adem\u00e1s, ambas mediciones \u2013la de las encuestas y la de los actos\u2014parecen coincidir en que m\u00e1s tarde o m\u00e1s temprano Milei ganar\u00e1 la elecci\u00f3n. Y aun cuando no lo ganara, su irrupci\u00f3n tiene caracter\u00edsticas que marcar\u00e1n la historia pol\u00edtica argentina.<\/h3>\n<h3>En medio de ese vendaval, hay un ser humano con virtudes que le permitieron llegar hasta el umbral del poder, es decir, al que no se deber\u00eda subestimar. Y, al mismo tiempo, con defectos que son muy preocupantes cuando uno se lo imagina en el centro de la toma de decisiones.<\/h3>\n<h3>Ojal\u00e1 no sea as\u00ed.<\/h3>\n<h3>Pero, a primera vista, la combinaci\u00f3n parece explosiva.<\/h3>\n<h3><span style=\"color: #000000;\"><em>* Periodista. Columnista de Infobae.<\/em><\/span><\/h3>\n","protected":false},"excerpt":{"rendered":"<p>&nbsp; Por Ernesto Tenembaum (*) Los d\u00edas previos a la primera vuelta presidencial tienen un&#8230;<\/p>\n","protected":false},"author":1,"featured_media":5172,"comment_status":"closed","ping_status":"closed","sticky":false,"template":"","format":"standard","meta":{"footnotes":""},"categories":[9],"tags":[],"class_list":["post-5171","post","type-post","status-publish","format-standard","has-post-thumbnail","hentry","category-opinion"],"yoast_head":"<!-- This site is optimized with the Yoast SEO plugin v26.1.1 - https:\/\/yoast.com\/wordpress\/plugins\/seo\/ -->\n<title>AUTORRETRATO DE JAVIER MILEI, A POCAS HORAS DE UNA VICTORIA HIST\u00d3RICA - Apuntes de San Luis<\/title>\n<meta name=\"robots\" content=\"index, follow, max-snippet:-1, max-image-preview:large, max-video-preview:-1\" \/>\n<link rel=\"canonical\" href=\"https:\/\/apuntesdesanluis.com\/index.php\/2023\/10\/15\/autorretrato-de-javier-milei-a-pocas-horas-de-una-victoria-historica\/\" \/>\n<meta property=\"og:locale\" content=\"es_ES\" \/>\n<meta property=\"og:type\" content=\"article\" \/>\n<meta property=\"og:title\" content=\"AUTORRETRATO DE JAVIER MILEI, A POCAS HORAS DE UNA VICTORIA HIST\u00d3RICA - Apuntes de San Luis\" \/>\n<meta property=\"og:description\" content=\"&nbsp; Por Ernesto Tenembaum (*) Los d\u00edas previos a la primera vuelta presidencial tienen un...\" \/>\n<meta property=\"og:url\" content=\"https:\/\/apuntesdesanluis.com\/index.php\/2023\/10\/15\/autorretrato-de-javier-milei-a-pocas-horas-de-una-victoria-historica\/\" \/>\n<meta property=\"og:site_name\" content=\"Apuntes de San Luis\" \/>\n<meta property=\"article:published_time\" content=\"2023-10-15T14:05:14+00:00\" \/>\n<meta property=\"og:image\" content=\"https:\/\/apuntesdesanluis.com\/wp-content\/uploads\/2023\/10\/milei-2.png\" \/>\n\t<meta property=\"og:image:width\" content=\"706\" \/>\n\t<meta property=\"og:image:height\" content=\"389\" \/>\n\t<meta property=\"og:image:type\" content=\"image\/png\" \/>\n<meta name=\"author\" content=\"apuntesdesanluis.com\" \/>\n<meta name=\"twitter:card\" content=\"summary_large_image\" \/>\n<meta name=\"twitter:label1\" content=\"Escrito por\" \/>\n\t<meta name=\"twitter:data1\" content=\"apuntesdesanluis.com\" \/>\n\t<meta name=\"twitter:label2\" content=\"Tiempo de lectura\" \/>\n\t<meta name=\"twitter:data2\" content=\"9 minutos\" \/>\n<script type=\"application\/ld+json\" class=\"yoast-schema-graph\">{\"@context\":\"https:\/\/schema.org\",\"@graph\":[{\"@type\":\"Article\",\"@id\":\"https:\/\/apuntesdesanluis.com\/index.php\/2023\/10\/15\/autorretrato-de-javier-milei-a-pocas-horas-de-una-victoria-historica\/#article\",\"isPartOf\":{\"@id\":\"https:\/\/apuntesdesanluis.com\/index.php\/2023\/10\/15\/autorretrato-de-javier-milei-a-pocas-horas-de-una-victoria-historica\/\"},\"author\":{\"name\":\"apuntesdesanluis.com\",\"@id\":\"https:\/\/apuntesdesanluis.com\/#\/schema\/person\/b55151d52296fcce64d1a72538a70b90\"},\"headline\":\"AUTORRETRATO DE JAVIER MILEI, A POCAS HORAS DE UNA VICTORIA HIST\u00d3RICA\",\"datePublished\":\"2023-10-15T14:05:14+00:00\",\"mainEntityOfPage\":{\"@id\":\"https:\/\/apuntesdesanluis.com\/index.php\/2023\/10\/15\/autorretrato-de-javier-milei-a-pocas-horas-de-una-victoria-historica\/\"},\"wordCount\":2042,\"publisher\":{\"@id\":\"https:\/\/apuntesdesanluis.com\/#\/schema\/person\/b55151d52296fcce64d1a72538a70b90\"},\"image\":{\"@id\":\"https:\/\/apuntesdesanluis.com\/index.php\/2023\/10\/15\/autorretrato-de-javier-milei-a-pocas-horas-de-una-victoria-historica\/#primaryimage\"},\"thumbnailUrl\":\"https:\/\/apuntesdesanluis.com\/wp-content\/uploads\/2023\/10\/milei-2.png\",\"articleSection\":[\"Opini\u00f3n\"],\"inLanguage\":\"es-AR\"},{\"@type\":\"WebPage\",\"@id\":\"https:\/\/apuntesdesanluis.com\/index.php\/2023\/10\/15\/autorretrato-de-javier-milei-a-pocas-horas-de-una-victoria-historica\/\",\"url\":\"https:\/\/apuntesdesanluis.com\/index.php\/2023\/10\/15\/autorretrato-de-javier-milei-a-pocas-horas-de-una-victoria-historica\/\",\"name\":\"AUTORRETRATO DE JAVIER MILEI, A POCAS HORAS DE UNA VICTORIA HIST\u00d3RICA - Apuntes de San Luis\",\"isPartOf\":{\"@id\":\"https:\/\/apuntesdesanluis.com\/#website\"},\"primaryImageOfPage\":{\"@id\":\"https:\/\/apuntesdesanluis.com\/index.php\/2023\/10\/15\/autorretrato-de-javier-milei-a-pocas-horas-de-una-victoria-historica\/#primaryimage\"},\"image\":{\"@id\":\"https:\/\/apuntesdesanluis.com\/index.php\/2023\/10\/15\/autorretrato-de-javier-milei-a-pocas-horas-de-una-victoria-historica\/#primaryimage\"},\"thumbnailUrl\":\"https:\/\/apuntesdesanluis.com\/wp-content\/uploads\/2023\/10\/milei-2.png\",\"datePublished\":\"2023-10-15T14:05:14+00:00\",\"breadcrumb\":{\"@id\":\"https:\/\/apuntesdesanluis.com\/index.php\/2023\/10\/15\/autorretrato-de-javier-milei-a-pocas-horas-de-una-victoria-historica\/#breadcrumb\"},\"inLanguage\":\"es-AR\",\"potentialAction\":[{\"@type\":\"ReadAction\",\"target\":[\"https:\/\/apuntesdesanluis.com\/index.php\/2023\/10\/15\/autorretrato-de-javier-milei-a-pocas-horas-de-una-victoria-historica\/\"]}]},{\"@type\":\"ImageObject\",\"inLanguage\":\"es-AR\",\"@id\":\"https:\/\/apuntesdesanluis.com\/index.php\/2023\/10\/15\/autorretrato-de-javier-milei-a-pocas-horas-de-una-victoria-historica\/#primaryimage\",\"url\":\"https:\/\/apuntesdesanluis.com\/wp-content\/uploads\/2023\/10\/milei-2.png\",\"contentUrl\":\"https:\/\/apuntesdesanluis.com\/wp-content\/uploads\/2023\/10\/milei-2.png\",\"width\":706,\"height\":389},{\"@type\":\"BreadcrumbList\",\"@id\":\"https:\/\/apuntesdesanluis.com\/index.php\/2023\/10\/15\/autorretrato-de-javier-milei-a-pocas-horas-de-una-victoria-historica\/#breadcrumb\",\"itemListElement\":[{\"@type\":\"ListItem\",\"position\":1,\"name\":\"Inicio\",\"item\":\"https:\/\/apuntesdesanluis.com\/\"},{\"@type\":\"ListItem\",\"position\":2,\"name\":\"AUTORRETRATO DE JAVIER MILEI, A POCAS HORAS DE UNA VICTORIA HIST\u00d3RICA\"}]},{\"@type\":\"WebSite\",\"@id\":\"https:\/\/apuntesdesanluis.com\/#website\",\"url\":\"https:\/\/apuntesdesanluis.com\/\",\"name\":\"Apuntes de San Luis\",\"description\":\"\",\"publisher\":{\"@id\":\"https:\/\/apuntesdesanluis.com\/#\/schema\/person\/b55151d52296fcce64d1a72538a70b90\"},\"potentialAction\":[{\"@type\":\"SearchAction\",\"target\":{\"@type\":\"EntryPoint\",\"urlTemplate\":\"https:\/\/apuntesdesanluis.com\/?s={search_term_string}\"},\"query-input\":{\"@type\":\"PropertyValueSpecification\",\"valueRequired\":true,\"valueName\":\"search_term_string\"}}],\"inLanguage\":\"es-AR\"},{\"@type\":[\"Person\",\"Organization\"],\"@id\":\"https:\/\/apuntesdesanluis.com\/#\/schema\/person\/b55151d52296fcce64d1a72538a70b90\",\"name\":\"apuntesdesanluis.com\",\"image\":{\"@type\":\"ImageObject\",\"inLanguage\":\"es-AR\",\"@id\":\"https:\/\/apuntesdesanluis.com\/#\/schema\/person\/image\/\",\"url\":\"https:\/\/apuntesdesanluis.com\/wp-content\/uploads\/2023\/07\/cropped-apuntesdesanluis.png\",\"contentUrl\":\"https:\/\/apuntesdesanluis.com\/wp-content\/uploads\/2023\/07\/cropped-apuntesdesanluis.png\",\"width\":450,\"height\":112,\"caption\":\"apuntesdesanluis.com\"},\"logo\":{\"@id\":\"https:\/\/apuntesdesanluis.com\/#\/schema\/person\/image\/\"},\"sameAs\":[\"https:\/\/apuntesdesanluis.com\"],\"url\":\"https:\/\/apuntesdesanluis.com\/index.php\/author\/apuntesdesanluis-com\/\"}]}<\/script>\n<!-- \/ Yoast SEO plugin. -->","yoast_head_json":{"title":"AUTORRETRATO DE JAVIER MILEI, A POCAS HORAS DE UNA VICTORIA HIST\u00d3RICA - Apuntes de San Luis","robots":{"index":"index","follow":"follow","max-snippet":"max-snippet:-1","max-image-preview":"max-image-preview:large","max-video-preview":"max-video-preview:-1"},"canonical":"https:\/\/apuntesdesanluis.com\/index.php\/2023\/10\/15\/autorretrato-de-javier-milei-a-pocas-horas-de-una-victoria-historica\/","og_locale":"es_ES","og_type":"article","og_title":"AUTORRETRATO DE JAVIER MILEI, A POCAS HORAS DE UNA VICTORIA HIST\u00d3RICA - Apuntes de San Luis","og_description":"&nbsp; Por Ernesto Tenembaum (*) Los d\u00edas previos a la primera vuelta presidencial tienen un...","og_url":"https:\/\/apuntesdesanluis.com\/index.php\/2023\/10\/15\/autorretrato-de-javier-milei-a-pocas-horas-de-una-victoria-historica\/","og_site_name":"Apuntes de San Luis","article_published_time":"2023-10-15T14:05:14+00:00","og_image":[{"width":706,"height":389,"url":"https:\/\/apuntesdesanluis.com\/wp-content\/uploads\/2023\/10\/milei-2.png","type":"image\/png"}],"author":"apuntesdesanluis.com","twitter_card":"summary_large_image","twitter_misc":{"Escrito por":"apuntesdesanluis.com","Tiempo de lectura":"9 minutos"},"schema":{"@context":"https:\/\/schema.org","@graph":[{"@type":"Article","@id":"https:\/\/apuntesdesanluis.com\/index.php\/2023\/10\/15\/autorretrato-de-javier-milei-a-pocas-horas-de-una-victoria-historica\/#article","isPartOf":{"@id":"https:\/\/apuntesdesanluis.com\/index.php\/2023\/10\/15\/autorretrato-de-javier-milei-a-pocas-horas-de-una-victoria-historica\/"},"author":{"name":"apuntesdesanluis.com","@id":"https:\/\/apuntesdesanluis.com\/#\/schema\/person\/b55151d52296fcce64d1a72538a70b90"},"headline":"AUTORRETRATO DE JAVIER MILEI, A POCAS HORAS DE UNA VICTORIA HIST\u00d3RICA","datePublished":"2023-10-15T14:05:14+00:00","mainEntityOfPage":{"@id":"https:\/\/apuntesdesanluis.com\/index.php\/2023\/10\/15\/autorretrato-de-javier-milei-a-pocas-horas-de-una-victoria-historica\/"},"wordCount":2042,"publisher":{"@id":"https:\/\/apuntesdesanluis.com\/#\/schema\/person\/b55151d52296fcce64d1a72538a70b90"},"image":{"@id":"https:\/\/apuntesdesanluis.com\/index.php\/2023\/10\/15\/autorretrato-de-javier-milei-a-pocas-horas-de-una-victoria-historica\/#primaryimage"},"thumbnailUrl":"https:\/\/apuntesdesanluis.com\/wp-content\/uploads\/2023\/10\/milei-2.png","articleSection":["Opini\u00f3n"],"inLanguage":"es-AR"},{"@type":"WebPage","@id":"https:\/\/apuntesdesanluis.com\/index.php\/2023\/10\/15\/autorretrato-de-javier-milei-a-pocas-horas-de-una-victoria-historica\/","url":"https:\/\/apuntesdesanluis.com\/index.php\/2023\/10\/15\/autorretrato-de-javier-milei-a-pocas-horas-de-una-victoria-historica\/","name":"AUTORRETRATO DE JAVIER MILEI, A POCAS HORAS DE UNA VICTORIA HIST\u00d3RICA - Apuntes de San Luis","isPartOf":{"@id":"https:\/\/apuntesdesanluis.com\/#website"},"primaryImageOfPage":{"@id":"https:\/\/apuntesdesanluis.com\/index.php\/2023\/10\/15\/autorretrato-de-javier-milei-a-pocas-horas-de-una-victoria-historica\/#primaryimage"},"image":{"@id":"https:\/\/apuntesdesanluis.com\/index.php\/2023\/10\/15\/autorretrato-de-javier-milei-a-pocas-horas-de-una-victoria-historica\/#primaryimage"},"thumbnailUrl":"https:\/\/apuntesdesanluis.com\/wp-content\/uploads\/2023\/10\/milei-2.png","datePublished":"2023-10-15T14:05:14+00:00","breadcrumb":{"@id":"https:\/\/apuntesdesanluis.com\/index.php\/2023\/10\/15\/autorretrato-de-javier-milei-a-pocas-horas-de-una-victoria-historica\/#breadcrumb"},"inLanguage":"es-AR","potentialAction":[{"@type":"ReadAction","target":["https:\/\/apuntesdesanluis.com\/index.php\/2023\/10\/15\/autorretrato-de-javier-milei-a-pocas-horas-de-una-victoria-historica\/"]}]},{"@type":"ImageObject","inLanguage":"es-AR","@id":"https:\/\/apuntesdesanluis.com\/index.php\/2023\/10\/15\/autorretrato-de-javier-milei-a-pocas-horas-de-una-victoria-historica\/#primaryimage","url":"https:\/\/apuntesdesanluis.com\/wp-content\/uploads\/2023\/10\/milei-2.png","contentUrl":"https:\/\/apuntesdesanluis.com\/wp-content\/uploads\/2023\/10\/milei-2.png","width":706,"height":389},{"@type":"BreadcrumbList","@id":"https:\/\/apuntesdesanluis.com\/index.php\/2023\/10\/15\/autorretrato-de-javier-milei-a-pocas-horas-de-una-victoria-historica\/#breadcrumb","itemListElement":[{"@type":"ListItem","position":1,"name":"Inicio","item":"https:\/\/apuntesdesanluis.com\/"},{"@type":"ListItem","position":2,"name":"AUTORRETRATO DE JAVIER MILEI, A POCAS HORAS DE UNA VICTORIA HIST\u00d3RICA"}]},{"@type":"WebSite","@id":"https:\/\/apuntesdesanluis.com\/#website","url":"https:\/\/apuntesdesanluis.com\/","name":"Apuntes de San Luis","description":"","publisher":{"@id":"https:\/\/apuntesdesanluis.com\/#\/schema\/person\/b55151d52296fcce64d1a72538a70b90"},"potentialAction":[{"@type":"SearchAction","target":{"@type":"EntryPoint","urlTemplate":"https:\/\/apuntesdesanluis.com\/?s={search_term_string}"},"query-input":{"@type":"PropertyValueSpecification","valueRequired":true,"valueName":"search_term_string"}}],"inLanguage":"es-AR"},{"@type":["Person","Organization"],"@id":"https:\/\/apuntesdesanluis.com\/#\/schema\/person\/b55151d52296fcce64d1a72538a70b90","name":"apuntesdesanluis.com","image":{"@type":"ImageObject","inLanguage":"es-AR","@id":"https:\/\/apuntesdesanluis.com\/#\/schema\/person\/image\/","url":"https:\/\/apuntesdesanluis.com\/wp-content\/uploads\/2023\/07\/cropped-apuntesdesanluis.png","contentUrl":"https:\/\/apuntesdesanluis.com\/wp-content\/uploads\/2023\/07\/cropped-apuntesdesanluis.png","width":450,"height":112,"caption":"apuntesdesanluis.com"},"logo":{"@id":"https:\/\/apuntesdesanluis.com\/#\/schema\/person\/image\/"},"sameAs":["https:\/\/apuntesdesanluis.com"],"url":"https:\/\/apuntesdesanluis.com\/index.php\/author\/apuntesdesanluis-com\/"}]}},"featured_image_urls":{"full":["https:\/\/apuntesdesanluis.com\/wp-content\/uploads\/2023\/10\/milei-2.png",706,389,false],"thumbnail":["https:\/\/apuntesdesanluis.com\/wp-content\/uploads\/2023\/10\/milei-2-150x150.png",150,150,true],"medium":["https:\/\/apuntesdesanluis.com\/wp-content\/uploads\/2023\/10\/milei-2-300x165.png",300,165,true],"medium_large":["https:\/\/apuntesdesanluis.com\/wp-content\/uploads\/2023\/10\/milei-2.png",640,353,false],"large":["https:\/\/apuntesdesanluis.com\/wp-content\/uploads\/2023\/10\/milei-2.png",640,353,false],"1536x1536":["https:\/\/apuntesdesanluis.com\/wp-content\/uploads\/2023\/10\/milei-2.png",706,389,false],"2048x2048":["https:\/\/apuntesdesanluis.com\/wp-content\/uploads\/2023\/10\/milei-2.png",706,389,false],"newsever-slider-full":["https:\/\/apuntesdesanluis.com\/wp-content\/uploads\/2023\/10\/milei-2.png",706,389,false],"newsever-featured":["https:\/\/apuntesdesanluis.com\/wp-content\/uploads\/2023\/10\/milei-2.png",706,389,false],"newsever-medium":["https:\/\/apuntesdesanluis.com\/wp-content\/uploads\/2023\/10\/milei-2.png",706,389,false]},"author_info":{"display_name":"apuntesdesanluis.com","author_link":"https:\/\/apuntesdesanluis.com\/index.php\/author\/apuntesdesanluis-com\/"},"category_info":"<a href=\"https:\/\/apuntesdesanluis.com\/index.php\/category\/opinion\/\" rel=\"category tag\">Opini\u00f3n<\/a>","tag_info":"Opini\u00f3n","comment_count":"0","_links":{"self":[{"href":"https:\/\/apuntesdesanluis.com\/index.php\/wp-json\/wp\/v2\/posts\/5171","targetHints":{"allow":["GET"]}}],"collection":[{"href":"https:\/\/apuntesdesanluis.com\/index.php\/wp-json\/wp\/v2\/posts"}],"about":[{"href":"https:\/\/apuntesdesanluis.com\/index.php\/wp-json\/wp\/v2\/types\/post"}],"author":[{"embeddable":true,"href":"https:\/\/apuntesdesanluis.com\/index.php\/wp-json\/wp\/v2\/users\/1"}],"replies":[{"embeddable":true,"href":"https:\/\/apuntesdesanluis.com\/index.php\/wp-json\/wp\/v2\/comments?post=5171"}],"version-history":[{"count":1,"href":"https:\/\/apuntesdesanluis.com\/index.php\/wp-json\/wp\/v2\/posts\/5171\/revisions"}],"predecessor-version":[{"id":5173,"href":"https:\/\/apuntesdesanluis.com\/index.php\/wp-json\/wp\/v2\/posts\/5171\/revisions\/5173"}],"wp:featuredmedia":[{"embeddable":true,"href":"https:\/\/apuntesdesanluis.com\/index.php\/wp-json\/wp\/v2\/media\/5172"}],"wp:attachment":[{"href":"https:\/\/apuntesdesanluis.com\/index.php\/wp-json\/wp\/v2\/media?parent=5171"}],"wp:term":[{"taxonomy":"category","embeddable":true,"href":"https:\/\/apuntesdesanluis.com\/index.php\/wp-json\/wp\/v2\/categories?post=5171"},{"taxonomy":"post_tag","embeddable":true,"href":"https:\/\/apuntesdesanluis.com\/index.php\/wp-json\/wp\/v2\/tags?post=5171"}],"curies":[{"name":"wp","href":"https:\/\/api.w.org\/{rel}","templated":true}]}}