{"id":5174,"date":"2023-10-15T11:09:11","date_gmt":"2023-10-15T14:09:11","guid":{"rendered":"https:\/\/apuntesdesanluis.com\/?p=5174"},"modified":"2023-10-15T11:10:54","modified_gmt":"2023-10-15T14:10:54","slug":"arribaron-a-ezeiza-los-primeros-argentinos-provenientes-de-israel","status":"publish","type":"post","link":"https:\/\/apuntesdesanluis.com\/index.php\/2023\/10\/15\/arribaron-a-ezeiza-los-primeros-argentinos-provenientes-de-israel\/","title":{"rendered":"ARRIBARON A EZEIZA LOS PRIMEROS ARGENTINOS PROVENIENTES DE ISRAEL"},"content":{"rendered":"<h3>El primer contingente de argentinos que decidieron salir de Israel, luego del ataque del grupo terrorista\u00a0 Ham\u00e1s, arrib\u00f3 este domingo por la ma\u00f1ana, D\u00eda de la Madre, al aeropuerto de Ezeiza, luego de la puesta en marcha del operativo Retorno Seguro que implement\u00f3 el gobierno argentino.<\/h3>\n<h3>\u201cEl operativo #RegresoSeguro que coordina @CancilleriaARG y @MindefArg comenz\u00f3 el mi\u00e9rcoles pasado con los vuelos entre Tel Aviv y Roma. La segunda etapa se completa con el regreso de nuestros compatriotas a bordo del A330-200\u201d, se inform\u00f3 oficialmente.<\/h3>\n<h3>La Canciller\u00eda argentina contin\u00faa con la elaboraci\u00f3n de un Registro de aquellos ciudadanos argentinos que se encuentran en territorio israel\u00ed y requieran una evacuaci\u00f3n.<\/h3>\n<h3>Se trata de un contingente integrado en su mayor\u00eda por adolescentes y j\u00f3venes que estaban en Israel en el marco de programas de estudio y fueron sorprendidos por el ataque terrorista.<\/h3>\n<h3>En la principal terminal aeroportuaria del pa\u00eds los estaba esperando el canciller Santiago Cafiero junto a dirigentes de la comunidad jud\u00eda en la Argentina, en en marco de emoci\u00f3n, sobre todo por el contexto del D\u00eda de la Madre.<\/h3>\n<h3>Una mujer que esperaba a su hijo sostuvo: &#8220;Hoy par\u00ed de nuevo&#8221;. Escenas de abrazos y alegr\u00eda incontenible en el momento del reencuentro con sus familiares se pudieron ver en el lugar, a donde concurrieron tambi\u00e9n medios internacionales.<\/h3>\n<p><img fetchpriority=\"high\" decoding=\"async\" class=\"wp-image-5176 aligncenter\" src=\"https:\/\/apuntesdesanluis.com\/wp-content\/uploads\/2023\/10\/cafiero-300x245.png\" alt=\"\" width=\"696\" height=\"568\" srcset=\"https:\/\/apuntesdesanluis.com\/wp-content\/uploads\/2023\/10\/cafiero-300x245.png 300w, https:\/\/apuntesdesanluis.com\/wp-content\/uploads\/2023\/10\/cafiero.png 663w\" sizes=\"(max-width: 696px) 100vw, 696px\" \/><\/p>\n<p>&nbsp;<\/p>\n<p>&nbsp;<\/p>\n<p>&nbsp;<\/p>\n","protected":false},"excerpt":{"rendered":"<p>El primer contingente de argentinos que decidieron salir de Israel, luego del ataque del grupo&#8230;<\/p>\n","protected":false},"author":1,"featured_media":5175,"comment_status":"closed","ping_status":"closed","sticky":false,"template":"","format":"standard","meta":{"footnotes":""},"categories":[5],"tags":[],"class_list":["post-5174","post","type-post","status-publish","format-standard","has-post-thumbnail","hentry","category-nacionales-internacionales"],"yoast_head":"<!-- This site is optimized with the Yoast SEO plugin v26.1.1 - https:\/\/yoast.com\/wordpress\/plugins\/seo\/ -->\n<title>ARRIBARON A EZEIZA LOS PRIMEROS ARGENTINOS PROVENIENTES DE ISRAEL - Apuntes de San Luis<\/title>\n<meta name=\"robots\" content=\"index, follow, max-snippet:-1, max-image-preview:large, max-video-preview:-1\" \/>\n<link rel=\"canonical\" href=\"https:\/\/apuntesdesanluis.com\/index.php\/2023\/10\/15\/arribaron-a-ezeiza-los-primeros-argentinos-provenientes-de-israel\/\" \/>\n<meta property=\"og:locale\" content=\"es_ES\" \/>\n<meta property=\"og:type\" content=\"article\" \/>\n<meta property=\"og:title\" content=\"ARRIBARON A EZEIZA LOS PRIMEROS ARGENTINOS PROVENIENTES DE ISRAEL - Apuntes de San Luis\" \/>\n<meta property=\"og:description\" content=\"El primer contingente de argentinos que decidieron salir de Israel, luego del ataque del grupo...\" \/>\n<meta property=\"og:url\" content=\"https:\/\/apuntesdesanluis.com\/index.php\/2023\/10\/15\/arribaron-a-ezeiza-los-primeros-argentinos-provenientes-de-israel\/\" \/>\n<meta property=\"og:site_name\" content=\"Apuntes de San Luis\" \/>\n<meta property=\"article:published_time\" content=\"2023-10-15T14:09:11+00:00\" \/>\n<meta property=\"article:modified_time\" content=\"2023-10-15T14:10:54+00:00\" \/>\n<meta property=\"og:image\" content=\"https:\/\/apuntesdesanluis.com\/wp-content\/uploads\/2023\/10\/argentinos-que-llegaron.png\" \/>\n\t<meta property=\"og:image:width\" content=\"714\" \/>\n\t<meta property=\"og:image:height\" content=\"433\" \/>\n\t<meta property=\"og:image:type\" content=\"image\/png\" \/>\n<meta name=\"author\" content=\"apuntesdesanluis.com\" \/>\n<meta name=\"twitter:card\" content=\"summary_large_image\" \/>\n<meta name=\"twitter:label1\" content=\"Escrito por\" \/>\n\t<meta name=\"twitter:data1\" content=\"apuntesdesanluis.com\" \/>\n\t<meta name=\"twitter:label2\" content=\"Tiempo de lectura\" \/>\n\t<meta name=\"twitter:data2\" content=\"2 minutos\" \/>\n<script type=\"application\/ld+json\" class=\"yoast-schema-graph\">{\"@context\":\"https:\/\/schema.org\",\"@graph\":[{\"@type\":\"Article\",\"@id\":\"https:\/\/apuntesdesanluis.com\/index.php\/2023\/10\/15\/arribaron-a-ezeiza-los-primeros-argentinos-provenientes-de-israel\/#article\",\"isPartOf\":{\"@id\":\"https:\/\/apuntesdesanluis.com\/index.php\/2023\/10\/15\/arribaron-a-ezeiza-los-primeros-argentinos-provenientes-de-israel\/\"},\"author\":{\"name\":\"apuntesdesanluis.com\",\"@id\":\"https:\/\/apuntesdesanluis.com\/#\/schema\/person\/b55151d52296fcce64d1a72538a70b90\"},\"headline\":\"ARRIBARON A EZEIZA LOS PRIMEROS ARGENTINOS PROVENIENTES DE ISRAEL\",\"datePublished\":\"2023-10-15T14:09:11+00:00\",\"dateModified\":\"2023-10-15T14:10:54+00:00\",\"mainEntityOfPage\":{\"@id\":\"https:\/\/apuntesdesanluis.com\/index.php\/2023\/10\/15\/arribaron-a-ezeiza-los-primeros-argentinos-provenientes-de-israel\/\"},\"wordCount\":245,\"publisher\":{\"@id\":\"https:\/\/apuntesdesanluis.com\/#\/schema\/person\/b55151d52296fcce64d1a72538a70b90\"},\"image\":{\"@id\":\"https:\/\/apuntesdesanluis.com\/index.php\/2023\/10\/15\/arribaron-a-ezeiza-los-primeros-argentinos-provenientes-de-israel\/#primaryimage\"},\"thumbnailUrl\":\"https:\/\/apuntesdesanluis.com\/wp-content\/uploads\/2023\/10\/argentinos-que-llegaron.png\",\"articleSection\":[\"Nacionales\/Internacionales\"],\"inLanguage\":\"es-AR\"},{\"@type\":\"WebPage\",\"@id\":\"https:\/\/apuntesdesanluis.com\/index.php\/2023\/10\/15\/arribaron-a-ezeiza-los-primeros-argentinos-provenientes-de-israel\/\",\"url\":\"https:\/\/apuntesdesanluis.com\/index.php\/2023\/10\/15\/arribaron-a-ezeiza-los-primeros-argentinos-provenientes-de-israel\/\",\"name\":\"ARRIBARON A EZEIZA LOS PRIMEROS ARGENTINOS PROVENIENTES DE ISRAEL - Apuntes de San Luis\",\"isPartOf\":{\"@id\":\"https:\/\/apuntesdesanluis.com\/#website\"},\"primaryImageOfPage\":{\"@id\":\"https:\/\/apuntesdesanluis.com\/index.php\/2023\/10\/15\/arribaron-a-ezeiza-los-primeros-argentinos-provenientes-de-israel\/#primaryimage\"},\"image\":{\"@id\":\"https:\/\/apuntesdesanluis.com\/index.php\/2023\/10\/15\/arribaron-a-ezeiza-los-primeros-argentinos-provenientes-de-israel\/#primaryimage\"},\"thumbnailUrl\":\"https:\/\/apuntesdesanluis.com\/wp-content\/uploads\/2023\/10\/argentinos-que-llegaron.png\",\"datePublished\":\"2023-10-15T14:09:11+00:00\",\"dateModified\":\"2023-10-15T14:10:54+00:00\",\"breadcrumb\":{\"@id\":\"https:\/\/apuntesdesanluis.com\/index.php\/2023\/10\/15\/arribaron-a-ezeiza-los-primeros-argentinos-provenientes-de-israel\/#breadcrumb\"},\"inLanguage\":\"es-AR\",\"potentialAction\":[{\"@type\":\"ReadAction\",\"target\":[\"https:\/\/apuntesdesanluis.com\/index.php\/2023\/10\/15\/arribaron-a-ezeiza-los-primeros-argentinos-provenientes-de-israel\/\"]}]},{\"@type\":\"ImageObject\",\"inLanguage\":\"es-AR\",\"@id\":\"https:\/\/apuntesdesanluis.com\/index.php\/2023\/10\/15\/arribaron-a-ezeiza-los-primeros-argentinos-provenientes-de-israel\/#primaryimage\",\"url\":\"https:\/\/apuntesdesanluis.com\/wp-content\/uploads\/2023\/10\/argentinos-que-llegaron.png\",\"contentUrl\":\"https:\/\/apuntesdesanluis.com\/wp-content\/uploads\/2023\/10\/argentinos-que-llegaron.png\",\"width\":714,\"height\":433},{\"@type\":\"BreadcrumbList\",\"@id\":\"https:\/\/apuntesdesanluis.com\/index.php\/2023\/10\/15\/arribaron-a-ezeiza-los-primeros-argentinos-provenientes-de-israel\/#breadcrumb\",\"itemListElement\":[{\"@type\":\"ListItem\",\"position\":1,\"name\":\"Inicio\",\"item\":\"https:\/\/apuntesdesanluis.com\/\"},{\"@type\":\"ListItem\",\"position\":2,\"name\":\"ARRIBARON A EZEIZA LOS PRIMEROS ARGENTINOS PROVENIENTES DE ISRAEL\"}]},{\"@type\":\"WebSite\",\"@id\":\"https:\/\/apuntesdesanluis.com\/#website\",\"url\":\"https:\/\/apuntesdesanluis.com\/\",\"name\":\"Apuntes de San Luis\",\"description\":\"\",\"publisher\":{\"@id\":\"https:\/\/apuntesdesanluis.com\/#\/schema\/person\/b55151d52296fcce64d1a72538a70b90\"},\"potentialAction\":[{\"@type\":\"SearchAction\",\"target\":{\"@type\":\"EntryPoint\",\"urlTemplate\":\"https:\/\/apuntesdesanluis.com\/?s={search_term_string}\"},\"query-input\":{\"@type\":\"PropertyValueSpecification\",\"valueRequired\":true,\"valueName\":\"search_term_string\"}}],\"inLanguage\":\"es-AR\"},{\"@type\":[\"Person\",\"Organization\"],\"@id\":\"https:\/\/apuntesdesanluis.com\/#\/schema\/person\/b55151d52296fcce64d1a72538a70b90\",\"name\":\"apuntesdesanluis.com\",\"image\":{\"@type\":\"ImageObject\",\"inLanguage\":\"es-AR\",\"@id\":\"https:\/\/apuntesdesanluis.com\/#\/schema\/person\/image\/\",\"url\":\"https:\/\/apuntesdesanluis.com\/wp-content\/uploads\/2023\/07\/cropped-apuntesdesanluis.png\",\"contentUrl\":\"https:\/\/apuntesdesanluis.com\/wp-content\/uploads\/2023\/07\/cropped-apuntesdesanluis.png\",\"width\":450,\"height\":112,\"caption\":\"apuntesdesanluis.com\"},\"logo\":{\"@id\":\"https:\/\/apuntesdesanluis.com\/#\/schema\/person\/image\/\"},\"sameAs\":[\"https:\/\/apuntesdesanluis.com\"],\"url\":\"https:\/\/apuntesdesanluis.com\/index.php\/author\/apuntesdesanluis-com\/\"}]}<\/script>\n<!-- \/ Yoast SEO plugin. -->","yoast_head_json":{"title":"ARRIBARON A EZEIZA LOS PRIMEROS ARGENTINOS PROVENIENTES DE ISRAEL - Apuntes de San Luis","robots":{"index":"index","follow":"follow","max-snippet":"max-snippet:-1","max-image-preview":"max-image-preview:large","max-video-preview":"max-video-preview:-1"},"canonical":"https:\/\/apuntesdesanluis.com\/index.php\/2023\/10\/15\/arribaron-a-ezeiza-los-primeros-argentinos-provenientes-de-israel\/","og_locale":"es_ES","og_type":"article","og_title":"ARRIBARON A EZEIZA LOS PRIMEROS ARGENTINOS PROVENIENTES DE ISRAEL - Apuntes de San Luis","og_description":"El primer contingente de argentinos que decidieron salir de Israel, luego del ataque del grupo...","og_url":"https:\/\/apuntesdesanluis.com\/index.php\/2023\/10\/15\/arribaron-a-ezeiza-los-primeros-argentinos-provenientes-de-israel\/","og_site_name":"Apuntes de San Luis","article_published_time":"2023-10-15T14:09:11+00:00","article_modified_time":"2023-10-15T14:10:54+00:00","og_image":[{"width":714,"height":433,"url":"https:\/\/apuntesdesanluis.com\/wp-content\/uploads\/2023\/10\/argentinos-que-llegaron.png","type":"image\/png"}],"author":"apuntesdesanluis.com","twitter_card":"summary_large_image","twitter_misc":{"Escrito por":"apuntesdesanluis.com","Tiempo de lectura":"2 minutos"},"schema":{"@context":"https:\/\/schema.org","@graph":[{"@type":"Article","@id":"https:\/\/apuntesdesanluis.com\/index.php\/2023\/10\/15\/arribaron-a-ezeiza-los-primeros-argentinos-provenientes-de-israel\/#article","isPartOf":{"@id":"https:\/\/apuntesdesanluis.com\/index.php\/2023\/10\/15\/arribaron-a-ezeiza-los-primeros-argentinos-provenientes-de-israel\/"},"author":{"name":"apuntesdesanluis.com","@id":"https:\/\/apuntesdesanluis.com\/#\/schema\/person\/b55151d52296fcce64d1a72538a70b90"},"headline":"ARRIBARON A EZEIZA LOS PRIMEROS ARGENTINOS PROVENIENTES DE ISRAEL","datePublished":"2023-10-15T14:09:11+00:00","dateModified":"2023-10-15T14:10:54+00:00","mainEntityOfPage":{"@id":"https:\/\/apuntesdesanluis.com\/index.php\/2023\/10\/15\/arribaron-a-ezeiza-los-primeros-argentinos-provenientes-de-israel\/"},"wordCount":245,"publisher":{"@id":"https:\/\/apuntesdesanluis.com\/#\/schema\/person\/b55151d52296fcce64d1a72538a70b90"},"image":{"@id":"https:\/\/apuntesdesanluis.com\/index.php\/2023\/10\/15\/arribaron-a-ezeiza-los-primeros-argentinos-provenientes-de-israel\/#primaryimage"},"thumbnailUrl":"https:\/\/apuntesdesanluis.com\/wp-content\/uploads\/2023\/10\/argentinos-que-llegaron.png","articleSection":["Nacionales\/Internacionales"],"inLanguage":"es-AR"},{"@type":"WebPage","@id":"https:\/\/apuntesdesanluis.com\/index.php\/2023\/10\/15\/arribaron-a-ezeiza-los-primeros-argentinos-provenientes-de-israel\/","url":"https:\/\/apuntesdesanluis.com\/index.php\/2023\/10\/15\/arribaron-a-ezeiza-los-primeros-argentinos-provenientes-de-israel\/","name":"ARRIBARON A EZEIZA LOS PRIMEROS ARGENTINOS PROVENIENTES DE ISRAEL - Apuntes de San Luis","isPartOf":{"@id":"https:\/\/apuntesdesanluis.com\/#website"},"primaryImageOfPage":{"@id":"https:\/\/apuntesdesanluis.com\/index.php\/2023\/10\/15\/arribaron-a-ezeiza-los-primeros-argentinos-provenientes-de-israel\/#primaryimage"},"image":{"@id":"https:\/\/apuntesdesanluis.com\/index.php\/2023\/10\/15\/arribaron-a-ezeiza-los-primeros-argentinos-provenientes-de-israel\/#primaryimage"},"thumbnailUrl":"https:\/\/apuntesdesanluis.com\/wp-content\/uploads\/2023\/10\/argentinos-que-llegaron.png","datePublished":"2023-10-15T14:09:11+00:00","dateModified":"2023-10-15T14:10:54+00:00","breadcrumb":{"@id":"https:\/\/apuntesdesanluis.com\/index.php\/2023\/10\/15\/arribaron-a-ezeiza-los-primeros-argentinos-provenientes-de-israel\/#breadcrumb"},"inLanguage":"es-AR","potentialAction":[{"@type":"ReadAction","target":["https:\/\/apuntesdesanluis.com\/index.php\/2023\/10\/15\/arribaron-a-ezeiza-los-primeros-argentinos-provenientes-de-israel\/"]}]},{"@type":"ImageObject","inLanguage":"es-AR","@id":"https:\/\/apuntesdesanluis.com\/index.php\/2023\/10\/15\/arribaron-a-ezeiza-los-primeros-argentinos-provenientes-de-israel\/#primaryimage","url":"https:\/\/apuntesdesanluis.com\/wp-content\/uploads\/2023\/10\/argentinos-que-llegaron.png","contentUrl":"https:\/\/apuntesdesanluis.com\/wp-content\/uploads\/2023\/10\/argentinos-que-llegaron.png","width":714,"height":433},{"@type":"BreadcrumbList","@id":"https:\/\/apuntesdesanluis.com\/index.php\/2023\/10\/15\/arribaron-a-ezeiza-los-primeros-argentinos-provenientes-de-israel\/#breadcrumb","itemListElement":[{"@type":"ListItem","position":1,"name":"Inicio","item":"https:\/\/apuntesdesanluis.com\/"},{"@type":"ListItem","position":2,"name":"ARRIBARON A EZEIZA LOS PRIMEROS ARGENTINOS PROVENIENTES DE ISRAEL"}]},{"@type":"WebSite","@id":"https:\/\/apuntesdesanluis.com\/#website","url":"https:\/\/apuntesdesanluis.com\/","name":"Apuntes de San Luis","description":"","publisher":{"@id":"https:\/\/apuntesdesanluis.com\/#\/schema\/person\/b55151d52296fcce64d1a72538a70b90"},"potentialAction":[{"@type":"SearchAction","target":{"@type":"EntryPoint","urlTemplate":"https:\/\/apuntesdesanluis.com\/?s={search_term_string}"},"query-input":{"@type":"PropertyValueSpecification","valueRequired":true,"valueName":"search_term_string"}}],"inLanguage":"es-AR"},{"@type":["Person","Organization"],"@id":"https:\/\/apuntesdesanluis.com\/#\/schema\/person\/b55151d52296fcce64d1a72538a70b90","name":"apuntesdesanluis.com","image":{"@type":"ImageObject","inLanguage":"es-AR","@id":"https:\/\/apuntesdesanluis.com\/#\/schema\/person\/image\/","url":"https:\/\/apuntesdesanluis.com\/wp-content\/uploads\/2023\/07\/cropped-apuntesdesanluis.png","contentUrl":"https:\/\/apuntesdesanluis.com\/wp-content\/uploads\/2023\/07\/cropped-apuntesdesanluis.png","width":450,"height":112,"caption":"apuntesdesanluis.com"},"logo":{"@id":"https:\/\/apuntesdesanluis.com\/#\/schema\/person\/image\/"},"sameAs":["https:\/\/apuntesdesanluis.com"],"url":"https:\/\/apuntesdesanluis.com\/index.php\/author\/apuntesdesanluis-com\/"}]}},"featured_image_urls":{"full":["https:\/\/apuntesdesanluis.com\/wp-content\/uploads\/2023\/10\/argentinos-que-llegaron.png",714,433,false],"thumbnail":["https:\/\/apuntesdesanluis.com\/wp-content\/uploads\/2023\/10\/argentinos-que-llegaron-150x150.png",150,150,true],"medium":["https:\/\/apuntesdesanluis.com\/wp-content\/uploads\/2023\/10\/argentinos-que-llegaron-300x182.png",300,182,true],"medium_large":["https:\/\/apuntesdesanluis.com\/wp-content\/uploads\/2023\/10\/argentinos-que-llegaron.png",640,388,false],"large":["https:\/\/apuntesdesanluis.com\/wp-content\/uploads\/2023\/10\/argentinos-que-llegaron.png",640,388,false],"1536x1536":["https:\/\/apuntesdesanluis.com\/wp-content\/uploads\/2023\/10\/argentinos-que-llegaron.png",714,433,false],"2048x2048":["https:\/\/apuntesdesanluis.com\/wp-content\/uploads\/2023\/10\/argentinos-que-llegaron.png",714,433,false],"newsever-slider-full":["https:\/\/apuntesdesanluis.com\/wp-content\/uploads\/2023\/10\/argentinos-que-llegaron.png",714,433,false],"newsever-featured":["https:\/\/apuntesdesanluis.com\/wp-content\/uploads\/2023\/10\/argentinos-que-llegaron.png",714,433,false],"newsever-medium":["https:\/\/apuntesdesanluis.com\/wp-content\/uploads\/2023\/10\/argentinos-que-llegaron.png",714,433,false]},"author_info":{"display_name":"apuntesdesanluis.com","author_link":"https:\/\/apuntesdesanluis.com\/index.php\/author\/apuntesdesanluis-com\/"},"category_info":"<a href=\"https:\/\/apuntesdesanluis.com\/index.php\/category\/nacionales-internacionales\/\" rel=\"category tag\">Nacionales\/Internacionales<\/a>","tag_info":"Nacionales\/Internacionales","comment_count":"0","_links":{"self":[{"href":"https:\/\/apuntesdesanluis.com\/index.php\/wp-json\/wp\/v2\/posts\/5174","targetHints":{"allow":["GET"]}}],"collection":[{"href":"https:\/\/apuntesdesanluis.com\/index.php\/wp-json\/wp\/v2\/posts"}],"about":[{"href":"https:\/\/apuntesdesanluis.com\/index.php\/wp-json\/wp\/v2\/types\/post"}],"author":[{"embeddable":true,"href":"https:\/\/apuntesdesanluis.com\/index.php\/wp-json\/wp\/v2\/users\/1"}],"replies":[{"embeddable":true,"href":"https:\/\/apuntesdesanluis.com\/index.php\/wp-json\/wp\/v2\/comments?post=5174"}],"version-history":[{"count":3,"href":"https:\/\/apuntesdesanluis.com\/index.php\/wp-json\/wp\/v2\/posts\/5174\/revisions"}],"predecessor-version":[{"id":5179,"href":"https:\/\/apuntesdesanluis.com\/index.php\/wp-json\/wp\/v2\/posts\/5174\/revisions\/5179"}],"wp:featuredmedia":[{"embeddable":true,"href":"https:\/\/apuntesdesanluis.com\/index.php\/wp-json\/wp\/v2\/media\/5175"}],"wp:attachment":[{"href":"https:\/\/apuntesdesanluis.com\/index.php\/wp-json\/wp\/v2\/media?parent=5174"}],"wp:term":[{"taxonomy":"category","embeddable":true,"href":"https:\/\/apuntesdesanluis.com\/index.php\/wp-json\/wp\/v2\/categories?post=5174"},{"taxonomy":"post_tag","embeddable":true,"href":"https:\/\/apuntesdesanluis.com\/index.php\/wp-json\/wp\/v2\/tags?post=5174"}],"curies":[{"name":"wp","href":"https:\/\/api.w.org\/{rel}","templated":true}]}}