{"id":5184,"date":"2023-10-15T12:43:13","date_gmt":"2023-10-15T15:43:13","guid":{"rendered":"https:\/\/apuntesdesanluis.com\/?p=5184"},"modified":"2023-10-15T12:43:13","modified_gmt":"2023-10-15T15:43:13","slug":"el-derecho-de-votar-a-un-loco","status":"publish","type":"post","link":"https:\/\/apuntesdesanluis.com\/index.php\/2023\/10\/15\/el-derecho-de-votar-a-un-loco\/","title":{"rendered":"EL DERECHO DE VOTAR A UN LOCO"},"content":{"rendered":"<h3>(Y la obligaci\u00f3n legal de un test psicof\u00edsico que cualquier trabajador debe cumplir. Salvo que quiera ser Presidente).<\/h3>\n<h3>Por <span style=\"color: #000000;\"><strong><em>Gustavo Gonz\u00e1lez (*)<\/em><\/strong><\/span><\/h3>\n<h3>Massa se acord\u00f3 tarde de pedir un test psicof\u00edsico para los candidatos presidenciales. Era un debate que la sociedad y sus representantes pol\u00edticos debimos dar antes de la campa\u00f1a electoral.<\/h3>\n<h3>En principio, porque se ajustar\u00eda a lo que dispone la Resoluci\u00f3n 37\/10 de la Superintendencia de Riesgos del Trabajo en el marco de la Ley 24.557: \u201cAntes y durante el inicio de la relaci\u00f3n laboral todo empleador realiza ex\u00e1menes m\u00e9dicos de control con el objetivo de determinar las condiciones psicof\u00edsicas de sus trabajadores (\u2026) La realizaci\u00f3n de los ex\u00e1menes preocupacionales es obligatoria, debiendo efectuarse de manera previa al inicio de la relaci\u00f3n laboral.\u201d<\/h3>\n<h3>En una columna en PERFIL antes de las PASO, lo explicaba Juan Tesone, m\u00e9dico y psiquiatra, miembro titular de la Asociaci\u00f3n Psicoanal\u00edtica Argentina y de la Sociedad Psicoanal\u00edtica de Par\u00eds. Tesone advert\u00eda que la obligatoriedad que rige para todos los trabajadores, incluso para obtener un carnet de conducir, no se cumple para ingresar a cargos de relevancia en el Estado.<\/h3>\n<h3>Por ejemplo, para ser presidente.<\/h3>\n<h3>El especialista se preguntaba: \u201c\u00bfEs menos riesgoso para la sociedad asumir la gesti\u00f3n de diputados, senadores, ministros o presidente que conducir un autom\u00f3vil? \u00bfPor qu\u00e9 motivo la jerarqu\u00eda en la funci\u00f3n p\u00fablica los deja por fuera de la obligatoriedad que tiene todo trabajador?\u201d.<\/h3>\n<h3>De Milei se pueden decir muchas cosas, menos que sea normal. Es su \u2018anormalidad\u2019 la que lo vuelve exitoso.<\/h3>\n<h3>Normalidad y locura. Que los candidatos a ejercer cargos p\u00fablicos no cumplan con los mismos requisitos que se le exigen al resto, es reconocer cierto nivel de impunidad y de responsabilidad compartida. De anomia. Porque, adem\u00e1s de no ser equitativo, se incumple con la ley a la vista de todos y todos siempre lo aceptamos.<\/h3>\n<h3>Aunque exigir su cumplimiento tambi\u00e9n obligar\u00eda a debatir qu\u00e9 buscar\u00eda un estudio psicol\u00f3gico en un candidato a presidir la Argentina. Ya que si lo que busca es verificar su estado de normalidad, a continuaci\u00f3n surgir\u00eda la duda de si una persona diagnosticada como normal estar\u00eda en condiciones de conducir un pa\u00eds. Un pa\u00eds como \u00e9ste.<\/h3>\n<h3>Hasta cabr\u00eda preguntarse si para ser Presidente se requiere de alg\u00fan nivel (acotado) de locura.<\/h3>\n<h3>No es casual que el tema haya sido planteado en estos comicios y no antes. Es la primera vez que compite para jefe de Estado alguien como Javier Milei.<\/h3>\n<h3>De \u00e9l se podr\u00e1n decir muchas cosas, menos que sea normal. Normal en el sentido de un pol\u00edtico como los dem\u00e1s, est\u00e1ndar, lo que se supone correcto. Es precisamente su \u201canormalidad\u201d la que lo vuelve exitoso.<\/h3>\n<h3>Tan distinto como que, desde la recuperaci\u00f3n democr\u00e1tica, no hubo otro pol\u00edtico que haya manejado su nivel de violencia verbal. Salvo contad\u00edsimas excepciones, los dirigentes m\u00e1s importantes ya recibieron sus insultos extremos, incluyendo al Papa. Su excusa siempre es ideol\u00f3gica, pero su agresividad es personal: \u201chijo de puta\u201d, \u201csorete\u201d, \u201cpedazo de mierda\u201d, \u201cgusano arrastrado\u201d, \u201cte aplasto\u201d, \u201cpelado asqueroso\u201d, \u201cenano diab\u00f3lico\u201d, \u201cpelotudo\u201d, \u201ctorre de esti\u00e9rcol\u201d, \u201cin\u00fatil\u201d, \u201cmentiroso\u201d, \u201cla concha de tu madre\u201d, \u201csiniestro\u201d, \u201cpar\u00e1sito de mierda\u201d, \u201cpar\u00e1sito chupasangre\u201d, \u201cchorro\u201d, \u201ctontito\u201d, \u201cbobito\u201d, \u201cboludo\u201d, \u201cest\u00fapido\u201d, \u201cidiota\u201d, \u201cburro\u201d, \u201clacra\u201d, \u201crata\u201d.<\/h3>\n<h3>Cada sector elige a quien lo refleja mejor. No votan candidatos, sino a espejos con forma de candidatos<\/h3>\n<h3>A la violencia verbal se suma la violencia gestual. Cada insulto, cada muestra de desprecio frente a quienes no piensan como \u00e9l, es acompa\u00f1ado de gritos, pu\u00f1os en alto, tez enrojecida, frente transpirada y ojos inyectados en sangre. Ahora agreg\u00f3 el zamarreo de una motosierra encendida.<\/h3>\n<h3>No se trata de una actuaci\u00f3n. Milei es el mismo frente a las c\u00e1maras que detr\u00e1s de ellas.<\/h3>\n<h3>Nada de eso es normal, pero s\u00ed pol\u00edticamente eficaz.<\/h3>\n<h3>Tampoco es normal que est\u00e9 convencido de que Dios le encomend\u00f3 la misi\u00f3n de conducir este a\u00f1o los destinos del pa\u00eds, que crea que su perro Conan sigue vivo (muri\u00f3 en 2017) y que sus clones son capaces de asesorarlo en econom\u00eda y filosof\u00eda a trav\u00e9s de m\u00e9diums y de un sistema de comunicaci\u00f3n interespecies.<\/h3>\n<h3>Ni es habitual un pol\u00edtico (sociables por naturaleza) que sea tan solitario como \u00e9l, sin novia hasta casi sus 50 a\u00f1os, que pas\u00f3 trece Navidades brindando solo junto a Conan, sin amigos y con apenas una persona en la que siempre confi\u00f3: su hermana Karina.<\/h3>\n<h3>Es cierto que tampoco es com\u00fan que alguien reciba violencia f\u00edsica y psicol\u00f3gica como la que debi\u00f3 soportar de sus propios padres, adem\u00e1s del permanente bullying de sus compa\u00f1eros de colegio.<\/h3>\n<h3>Salud mental. Freud no conoci\u00f3 a Milei, pero s\u00ed a pacientes con incompatibilidad para relacionarse con los dem\u00e1s, imposibilidad de mantener relaciones afectivas duraderas, sensaci\u00f3n de que los otros conjuran en su contra y de tener una enorme cantidad de enemigos a los que enfrentar. En algunos casos, a ese tipo de padecimientos diagnosticados por Freud, se le sumaba el de quienes escuchaban voces no reales.<\/h3>\n<h3>Para el psicoan\u00e1lisis, la locura puede funcionar como la defensa de una persona que se ve sobrepasada por experiencias extremadamente traum\u00e1ticas. El fundador del psicoan\u00e1lisis llam\u00f3 mecanismo de defensa al artilugio mental que se pone en marcha frente al terror que provoca enfrentar los propios miedos.<\/h3>\n<h3>Est\u00e1 en constante debate qu\u00e9 es, de verdad, lo que popularmente se denomina locura y c\u00f3mo se deber\u00eda tratar a quienes la sociedad considera locos. Incluso, hay corrientes que plantean que hay grados de neurosis y psicosis que se enmarcan dentro de una cierta normalidad que las hace imperceptibles.<\/h3>\n<h3>En cualquier caso, un debate sobre la salud mental de los gobernantes o de quienes aspiren a serlo, deber\u00eda contemplar los complejos intersticios de la psicolog\u00eda del poder. Desde las enfermedades que lo pueden preceder a las que ocasiona la pr\u00e1ctica misma del poder, como la depresi\u00f3n o el s\u00edndrome de Hubris, con su caracter\u00edstico sentido de omnipotencia.<\/h3>\n<h3>Justamente esta semana se celebr\u00f3 el D\u00eda de la Salud Mental, un estado de la psiquis que la OMS describe como \u201cun estado de bienestar en el cual el individuo es consciente de sus propias capacidades, puede afrontar las tensiones normales de la vida, trabajar de forma productiva y fruct\u00edfera y ser capaz de hacer una contribuci\u00f3n a su comunidad\u201d.<\/h3>\n<h3>LA OTRA CARA DEL DEBATE<\/h3>\n<h3>El incumplimiento de todos los candidatos presidenciales a la obligaci\u00f3n de someterse a un test de aptitud psicol\u00f3gica, impide saber si Javier Milei y sus competidores cumplen con esas condiciones.<\/h3>\n<h3>Pero todav\u00eda est\u00e1n a tiempo de hacerlo en forma voluntaria y darlo a conocer antes del pr\u00f3ximo domingo.<\/h3>\n<h3>Y si el resultado no fuera el mejor, hasta podr\u00edan decir que los grandes hombres deben tener alg\u00fan grado de locura mezclado con su ciencia (Moliere) o proclamar la falta que hace la locura para \u201ccurar la peste del sentido com\u00fan\u201d (Unamuno). O, simplemente, podr\u00edan alegar que la locura es relativa porque \u201cdepende de qui\u00e9n encierre a qui\u00e9n en la jaula\u201d (Bradbury).<\/h3>\n<h3>\u00bfOtro pa\u00eds? Los candidatos tienen la obligaci\u00f3n de cumplir con la ley. Y sus votantes tienen el derecho de conocer el diagn\u00f3stico e, incluso, el de elegir a un loco para conducir sus destinos.<\/h3>\n<h3>Es el derecho de las personas quebradas emocional y econ\u00f3micamente, agobiadas por un sistema que no les da lo que creen merecer, rotas por el individualismo, violentadas por el sentido com\u00fan de \u00e9poca y enga\u00f1adas por sus dirigentes.<\/h3>\n<h3>El derecho de votar a un hombre inestable que represente la inestabilidad que ellos vienen sintiendo desde hace tanto tiempo.<\/h3>\n<h3>Como lo que se votan son espejos con forma de candidatos, si la mayor\u00eda siente eso, lo que se viene es el reflejo de una ruptura con todo lo que conocimos desde el regreso de la democracia.<\/h3>\n<h3><span style=\"color: #000000;\"><strong><em>* Columnista Diario Perfil.<\/em><\/strong><\/span><\/h3>\n","protected":false},"excerpt":{"rendered":"<p>(Y la obligaci\u00f3n legal de un test psicof\u00edsico que cualquier trabajador debe cumplir. Salvo que&#8230;<\/p>\n","protected":false},"author":1,"featured_media":5185,"comment_status":"closed","ping_status":"closed","sticky":false,"template":"","format":"standard","meta":{"footnotes":""},"categories":[9],"tags":[],"class_list":["post-5184","post","type-post","status-publish","format-standard","has-post-thumbnail","hentry","category-opinion"],"yoast_head":"<!-- This site is optimized with the Yoast SEO plugin v26.1.1 - https:\/\/yoast.com\/wordpress\/plugins\/seo\/ -->\n<title>EL DERECHO DE VOTAR A UN LOCO - Apuntes de San Luis<\/title>\n<meta name=\"robots\" content=\"index, follow, max-snippet:-1, max-image-preview:large, max-video-preview:-1\" \/>\n<link rel=\"canonical\" href=\"https:\/\/apuntesdesanluis.com\/index.php\/2023\/10\/15\/el-derecho-de-votar-a-un-loco\/\" \/>\n<meta property=\"og:locale\" content=\"es_ES\" \/>\n<meta property=\"og:type\" content=\"article\" \/>\n<meta property=\"og:title\" content=\"EL DERECHO DE VOTAR A UN LOCO - Apuntes de San Luis\" \/>\n<meta property=\"og:description\" content=\"(Y la obligaci\u00f3n legal de un test psicof\u00edsico que cualquier trabajador debe cumplir. Salvo que...\" \/>\n<meta property=\"og:url\" content=\"https:\/\/apuntesdesanluis.com\/index.php\/2023\/10\/15\/el-derecho-de-votar-a-un-loco\/\" \/>\n<meta property=\"og:site_name\" content=\"Apuntes de San Luis\" \/>\n<meta property=\"article:published_time\" content=\"2023-10-15T15:43:13+00:00\" \/>\n<meta property=\"og:image\" content=\"https:\/\/apuntesdesanluis.com\/wp-content\/uploads\/2023\/10\/milei-3.png\" \/>\n\t<meta property=\"og:image:width\" content=\"621\" \/>\n\t<meta property=\"og:image:height\" content=\"374\" \/>\n\t<meta property=\"og:image:type\" content=\"image\/png\" \/>\n<meta name=\"author\" content=\"apuntesdesanluis.com\" \/>\n<meta name=\"twitter:card\" content=\"summary_large_image\" \/>\n<meta name=\"twitter:label1\" content=\"Escrito por\" \/>\n\t<meta name=\"twitter:data1\" content=\"apuntesdesanluis.com\" \/>\n\t<meta name=\"twitter:label2\" content=\"Tiempo de lectura\" \/>\n\t<meta name=\"twitter:data2\" content=\"6 minutos\" \/>\n<script type=\"application\/ld+json\" class=\"yoast-schema-graph\">{\"@context\":\"https:\/\/schema.org\",\"@graph\":[{\"@type\":\"Article\",\"@id\":\"https:\/\/apuntesdesanluis.com\/index.php\/2023\/10\/15\/el-derecho-de-votar-a-un-loco\/#article\",\"isPartOf\":{\"@id\":\"https:\/\/apuntesdesanluis.com\/index.php\/2023\/10\/15\/el-derecho-de-votar-a-un-loco\/\"},\"author\":{\"name\":\"apuntesdesanluis.com\",\"@id\":\"https:\/\/apuntesdesanluis.com\/#\/schema\/person\/b55151d52296fcce64d1a72538a70b90\"},\"headline\":\"EL DERECHO DE VOTAR A UN LOCO\",\"datePublished\":\"2023-10-15T15:43:13+00:00\",\"mainEntityOfPage\":{\"@id\":\"https:\/\/apuntesdesanluis.com\/index.php\/2023\/10\/15\/el-derecho-de-votar-a-un-loco\/\"},\"wordCount\":1387,\"publisher\":{\"@id\":\"https:\/\/apuntesdesanluis.com\/#\/schema\/person\/b55151d52296fcce64d1a72538a70b90\"},\"image\":{\"@id\":\"https:\/\/apuntesdesanluis.com\/index.php\/2023\/10\/15\/el-derecho-de-votar-a-un-loco\/#primaryimage\"},\"thumbnailUrl\":\"https:\/\/apuntesdesanluis.com\/wp-content\/uploads\/2023\/10\/milei-3.png\",\"articleSection\":[\"Opini\u00f3n\"],\"inLanguage\":\"es-AR\"},{\"@type\":\"WebPage\",\"@id\":\"https:\/\/apuntesdesanluis.com\/index.php\/2023\/10\/15\/el-derecho-de-votar-a-un-loco\/\",\"url\":\"https:\/\/apuntesdesanluis.com\/index.php\/2023\/10\/15\/el-derecho-de-votar-a-un-loco\/\",\"name\":\"EL DERECHO DE VOTAR A UN LOCO - Apuntes de San Luis\",\"isPartOf\":{\"@id\":\"https:\/\/apuntesdesanluis.com\/#website\"},\"primaryImageOfPage\":{\"@id\":\"https:\/\/apuntesdesanluis.com\/index.php\/2023\/10\/15\/el-derecho-de-votar-a-un-loco\/#primaryimage\"},\"image\":{\"@id\":\"https:\/\/apuntesdesanluis.com\/index.php\/2023\/10\/15\/el-derecho-de-votar-a-un-loco\/#primaryimage\"},\"thumbnailUrl\":\"https:\/\/apuntesdesanluis.com\/wp-content\/uploads\/2023\/10\/milei-3.png\",\"datePublished\":\"2023-10-15T15:43:13+00:00\",\"breadcrumb\":{\"@id\":\"https:\/\/apuntesdesanluis.com\/index.php\/2023\/10\/15\/el-derecho-de-votar-a-un-loco\/#breadcrumb\"},\"inLanguage\":\"es-AR\",\"potentialAction\":[{\"@type\":\"ReadAction\",\"target\":[\"https:\/\/apuntesdesanluis.com\/index.php\/2023\/10\/15\/el-derecho-de-votar-a-un-loco\/\"]}]},{\"@type\":\"ImageObject\",\"inLanguage\":\"es-AR\",\"@id\":\"https:\/\/apuntesdesanluis.com\/index.php\/2023\/10\/15\/el-derecho-de-votar-a-un-loco\/#primaryimage\",\"url\":\"https:\/\/apuntesdesanluis.com\/wp-content\/uploads\/2023\/10\/milei-3.png\",\"contentUrl\":\"https:\/\/apuntesdesanluis.com\/wp-content\/uploads\/2023\/10\/milei-3.png\",\"width\":621,\"height\":374},{\"@type\":\"BreadcrumbList\",\"@id\":\"https:\/\/apuntesdesanluis.com\/index.php\/2023\/10\/15\/el-derecho-de-votar-a-un-loco\/#breadcrumb\",\"itemListElement\":[{\"@type\":\"ListItem\",\"position\":1,\"name\":\"Inicio\",\"item\":\"https:\/\/apuntesdesanluis.com\/\"},{\"@type\":\"ListItem\",\"position\":2,\"name\":\"EL DERECHO DE VOTAR A UN LOCO\"}]},{\"@type\":\"WebSite\",\"@id\":\"https:\/\/apuntesdesanluis.com\/#website\",\"url\":\"https:\/\/apuntesdesanluis.com\/\",\"name\":\"Apuntes de San Luis\",\"description\":\"\",\"publisher\":{\"@id\":\"https:\/\/apuntesdesanluis.com\/#\/schema\/person\/b55151d52296fcce64d1a72538a70b90\"},\"potentialAction\":[{\"@type\":\"SearchAction\",\"target\":{\"@type\":\"EntryPoint\",\"urlTemplate\":\"https:\/\/apuntesdesanluis.com\/?s={search_term_string}\"},\"query-input\":{\"@type\":\"PropertyValueSpecification\",\"valueRequired\":true,\"valueName\":\"search_term_string\"}}],\"inLanguage\":\"es-AR\"},{\"@type\":[\"Person\",\"Organization\"],\"@id\":\"https:\/\/apuntesdesanluis.com\/#\/schema\/person\/b55151d52296fcce64d1a72538a70b90\",\"name\":\"apuntesdesanluis.com\",\"image\":{\"@type\":\"ImageObject\",\"inLanguage\":\"es-AR\",\"@id\":\"https:\/\/apuntesdesanluis.com\/#\/schema\/person\/image\/\",\"url\":\"https:\/\/apuntesdesanluis.com\/wp-content\/uploads\/2023\/07\/cropped-apuntesdesanluis.png\",\"contentUrl\":\"https:\/\/apuntesdesanluis.com\/wp-content\/uploads\/2023\/07\/cropped-apuntesdesanluis.png\",\"width\":450,\"height\":112,\"caption\":\"apuntesdesanluis.com\"},\"logo\":{\"@id\":\"https:\/\/apuntesdesanluis.com\/#\/schema\/person\/image\/\"},\"sameAs\":[\"https:\/\/apuntesdesanluis.com\"],\"url\":\"https:\/\/apuntesdesanluis.com\/index.php\/author\/apuntesdesanluis-com\/\"}]}<\/script>\n<!-- \/ Yoast SEO plugin. -->","yoast_head_json":{"title":"EL DERECHO DE VOTAR A UN LOCO - Apuntes de San Luis","robots":{"index":"index","follow":"follow","max-snippet":"max-snippet:-1","max-image-preview":"max-image-preview:large","max-video-preview":"max-video-preview:-1"},"canonical":"https:\/\/apuntesdesanluis.com\/index.php\/2023\/10\/15\/el-derecho-de-votar-a-un-loco\/","og_locale":"es_ES","og_type":"article","og_title":"EL DERECHO DE VOTAR A UN LOCO - Apuntes de San Luis","og_description":"(Y la obligaci\u00f3n legal de un test psicof\u00edsico que cualquier trabajador debe cumplir. Salvo que...","og_url":"https:\/\/apuntesdesanluis.com\/index.php\/2023\/10\/15\/el-derecho-de-votar-a-un-loco\/","og_site_name":"Apuntes de San Luis","article_published_time":"2023-10-15T15:43:13+00:00","og_image":[{"width":621,"height":374,"url":"https:\/\/apuntesdesanluis.com\/wp-content\/uploads\/2023\/10\/milei-3.png","type":"image\/png"}],"author":"apuntesdesanluis.com","twitter_card":"summary_large_image","twitter_misc":{"Escrito por":"apuntesdesanluis.com","Tiempo de lectura":"6 minutos"},"schema":{"@context":"https:\/\/schema.org","@graph":[{"@type":"Article","@id":"https:\/\/apuntesdesanluis.com\/index.php\/2023\/10\/15\/el-derecho-de-votar-a-un-loco\/#article","isPartOf":{"@id":"https:\/\/apuntesdesanluis.com\/index.php\/2023\/10\/15\/el-derecho-de-votar-a-un-loco\/"},"author":{"name":"apuntesdesanluis.com","@id":"https:\/\/apuntesdesanluis.com\/#\/schema\/person\/b55151d52296fcce64d1a72538a70b90"},"headline":"EL DERECHO DE VOTAR A UN LOCO","datePublished":"2023-10-15T15:43:13+00:00","mainEntityOfPage":{"@id":"https:\/\/apuntesdesanluis.com\/index.php\/2023\/10\/15\/el-derecho-de-votar-a-un-loco\/"},"wordCount":1387,"publisher":{"@id":"https:\/\/apuntesdesanluis.com\/#\/schema\/person\/b55151d52296fcce64d1a72538a70b90"},"image":{"@id":"https:\/\/apuntesdesanluis.com\/index.php\/2023\/10\/15\/el-derecho-de-votar-a-un-loco\/#primaryimage"},"thumbnailUrl":"https:\/\/apuntesdesanluis.com\/wp-content\/uploads\/2023\/10\/milei-3.png","articleSection":["Opini\u00f3n"],"inLanguage":"es-AR"},{"@type":"WebPage","@id":"https:\/\/apuntesdesanluis.com\/index.php\/2023\/10\/15\/el-derecho-de-votar-a-un-loco\/","url":"https:\/\/apuntesdesanluis.com\/index.php\/2023\/10\/15\/el-derecho-de-votar-a-un-loco\/","name":"EL DERECHO DE VOTAR A UN LOCO - Apuntes de San Luis","isPartOf":{"@id":"https:\/\/apuntesdesanluis.com\/#website"},"primaryImageOfPage":{"@id":"https:\/\/apuntesdesanluis.com\/index.php\/2023\/10\/15\/el-derecho-de-votar-a-un-loco\/#primaryimage"},"image":{"@id":"https:\/\/apuntesdesanluis.com\/index.php\/2023\/10\/15\/el-derecho-de-votar-a-un-loco\/#primaryimage"},"thumbnailUrl":"https:\/\/apuntesdesanluis.com\/wp-content\/uploads\/2023\/10\/milei-3.png","datePublished":"2023-10-15T15:43:13+00:00","breadcrumb":{"@id":"https:\/\/apuntesdesanluis.com\/index.php\/2023\/10\/15\/el-derecho-de-votar-a-un-loco\/#breadcrumb"},"inLanguage":"es-AR","potentialAction":[{"@type":"ReadAction","target":["https:\/\/apuntesdesanluis.com\/index.php\/2023\/10\/15\/el-derecho-de-votar-a-un-loco\/"]}]},{"@type":"ImageObject","inLanguage":"es-AR","@id":"https:\/\/apuntesdesanluis.com\/index.php\/2023\/10\/15\/el-derecho-de-votar-a-un-loco\/#primaryimage","url":"https:\/\/apuntesdesanluis.com\/wp-content\/uploads\/2023\/10\/milei-3.png","contentUrl":"https:\/\/apuntesdesanluis.com\/wp-content\/uploads\/2023\/10\/milei-3.png","width":621,"height":374},{"@type":"BreadcrumbList","@id":"https:\/\/apuntesdesanluis.com\/index.php\/2023\/10\/15\/el-derecho-de-votar-a-un-loco\/#breadcrumb","itemListElement":[{"@type":"ListItem","position":1,"name":"Inicio","item":"https:\/\/apuntesdesanluis.com\/"},{"@type":"ListItem","position":2,"name":"EL DERECHO DE VOTAR A UN LOCO"}]},{"@type":"WebSite","@id":"https:\/\/apuntesdesanluis.com\/#website","url":"https:\/\/apuntesdesanluis.com\/","name":"Apuntes de San Luis","description":"","publisher":{"@id":"https:\/\/apuntesdesanluis.com\/#\/schema\/person\/b55151d52296fcce64d1a72538a70b90"},"potentialAction":[{"@type":"SearchAction","target":{"@type":"EntryPoint","urlTemplate":"https:\/\/apuntesdesanluis.com\/?s={search_term_string}"},"query-input":{"@type":"PropertyValueSpecification","valueRequired":true,"valueName":"search_term_string"}}],"inLanguage":"es-AR"},{"@type":["Person","Organization"],"@id":"https:\/\/apuntesdesanluis.com\/#\/schema\/person\/b55151d52296fcce64d1a72538a70b90","name":"apuntesdesanluis.com","image":{"@type":"ImageObject","inLanguage":"es-AR","@id":"https:\/\/apuntesdesanluis.com\/#\/schema\/person\/image\/","url":"https:\/\/apuntesdesanluis.com\/wp-content\/uploads\/2023\/07\/cropped-apuntesdesanluis.png","contentUrl":"https:\/\/apuntesdesanluis.com\/wp-content\/uploads\/2023\/07\/cropped-apuntesdesanluis.png","width":450,"height":112,"caption":"apuntesdesanluis.com"},"logo":{"@id":"https:\/\/apuntesdesanluis.com\/#\/schema\/person\/image\/"},"sameAs":["https:\/\/apuntesdesanluis.com"],"url":"https:\/\/apuntesdesanluis.com\/index.php\/author\/apuntesdesanluis-com\/"}]}},"featured_image_urls":{"full":["https:\/\/apuntesdesanluis.com\/wp-content\/uploads\/2023\/10\/milei-3.png",621,374,false],"thumbnail":["https:\/\/apuntesdesanluis.com\/wp-content\/uploads\/2023\/10\/milei-3-150x150.png",150,150,true],"medium":["https:\/\/apuntesdesanluis.com\/wp-content\/uploads\/2023\/10\/milei-3-300x181.png",300,181,true],"medium_large":["https:\/\/apuntesdesanluis.com\/wp-content\/uploads\/2023\/10\/milei-3.png",621,374,false],"large":["https:\/\/apuntesdesanluis.com\/wp-content\/uploads\/2023\/10\/milei-3.png",621,374,false],"1536x1536":["https:\/\/apuntesdesanluis.com\/wp-content\/uploads\/2023\/10\/milei-3.png",621,374,false],"2048x2048":["https:\/\/apuntesdesanluis.com\/wp-content\/uploads\/2023\/10\/milei-3.png",621,374,false],"newsever-slider-full":["https:\/\/apuntesdesanluis.com\/wp-content\/uploads\/2023\/10\/milei-3.png",621,374,false],"newsever-featured":["https:\/\/apuntesdesanluis.com\/wp-content\/uploads\/2023\/10\/milei-3.png",621,374,false],"newsever-medium":["https:\/\/apuntesdesanluis.com\/wp-content\/uploads\/2023\/10\/milei-3.png",621,374,false]},"author_info":{"display_name":"apuntesdesanluis.com","author_link":"https:\/\/apuntesdesanluis.com\/index.php\/author\/apuntesdesanluis-com\/"},"category_info":"<a href=\"https:\/\/apuntesdesanluis.com\/index.php\/category\/opinion\/\" rel=\"category tag\">Opini\u00f3n<\/a>","tag_info":"Opini\u00f3n","comment_count":"0","_links":{"self":[{"href":"https:\/\/apuntesdesanluis.com\/index.php\/wp-json\/wp\/v2\/posts\/5184","targetHints":{"allow":["GET"]}}],"collection":[{"href":"https:\/\/apuntesdesanluis.com\/index.php\/wp-json\/wp\/v2\/posts"}],"about":[{"href":"https:\/\/apuntesdesanluis.com\/index.php\/wp-json\/wp\/v2\/types\/post"}],"author":[{"embeddable":true,"href":"https:\/\/apuntesdesanluis.com\/index.php\/wp-json\/wp\/v2\/users\/1"}],"replies":[{"embeddable":true,"href":"https:\/\/apuntesdesanluis.com\/index.php\/wp-json\/wp\/v2\/comments?post=5184"}],"version-history":[{"count":1,"href":"https:\/\/apuntesdesanluis.com\/index.php\/wp-json\/wp\/v2\/posts\/5184\/revisions"}],"predecessor-version":[{"id":5186,"href":"https:\/\/apuntesdesanluis.com\/index.php\/wp-json\/wp\/v2\/posts\/5184\/revisions\/5186"}],"wp:featuredmedia":[{"embeddable":true,"href":"https:\/\/apuntesdesanluis.com\/index.php\/wp-json\/wp\/v2\/media\/5185"}],"wp:attachment":[{"href":"https:\/\/apuntesdesanluis.com\/index.php\/wp-json\/wp\/v2\/media?parent=5184"}],"wp:term":[{"taxonomy":"category","embeddable":true,"href":"https:\/\/apuntesdesanluis.com\/index.php\/wp-json\/wp\/v2\/categories?post=5184"},{"taxonomy":"post_tag","embeddable":true,"href":"https:\/\/apuntesdesanluis.com\/index.php\/wp-json\/wp\/v2\/tags?post=5184"}],"curies":[{"name":"wp","href":"https:\/\/api.w.org\/{rel}","templated":true}]}}