{"id":5187,"date":"2023-10-15T12:55:10","date_gmt":"2023-10-15T15:55:10","guid":{"rendered":"https:\/\/apuntesdesanluis.com\/?p=5187"},"modified":"2023-10-15T12:58:36","modified_gmt":"2023-10-15T15:58:36","slug":"villa-mercedes-festejara-con-una-maraton-los-50-anos-de-la-unsl","status":"publish","type":"post","link":"https:\/\/apuntesdesanluis.com\/index.php\/2023\/10\/15\/villa-mercedes-festejara-con-una-maraton-los-50-anos-de-la-unsl\/","title":{"rendered":"VILLA MERCEDES FESTEJAR\u00c1 CON UNA MARAT\u00d3N LOS 50 A\u00d1OS DE LA UNSL"},"content":{"rendered":"<h3>En el marco del <strong>50\u00b0 aniversario de la Universidad Nacional de San Luis<\/strong> (UNSL), el Centro Universitario de Villa Mercedes realizar\u00e1 el evento <strong>Marat\u00f3n Cross<\/strong>. Ser\u00e1 el s\u00e1bado 21 de octubre a las 9:00 horas en el predio del Campus de la localidad mercedina, previo al festejo central del d\u00eda 24 de octubre.<\/h3>\n<h3>Esta actividad gratuita est\u00e1 dirigida a toda la comunidad universitaria, agrupaciones del medio y p\u00fablico en general. Quienes participen deber\u00e1n inscribirse previamente a trav\u00e9s de este <a href=\"https:\/\/docs.google.com\/forms\/d\/e\/1FAIpQLSeXqeFVXFUpQ6D-jQijWfMFzT9Ibt-f8I-ZoBG4w761I0Gdbw\/viewform?pli=1\"><span style=\"color: #3366ff;\">formulario<\/span><\/a>, ya sea en la categor\u00eda 4k u 8k.<\/h3>\n<h3>En el d\u00eda del encuentro, se concentrar\u00e1n en el Campus a las 8:00 horas. Durante todo el recorrido se dispondr\u00e1n diferentes puestos de hidrataci\u00f3n por todo el predio de la Facultad de Ingenier\u00eda y Ciencias Agropecuarias (FICA) y la Facultad de Ciencias Econ\u00f3micas, Jur\u00eddicas y Sociales (FCEJS).<\/h3>\n<h3>Quienes corran en esta marat\u00f3n, recibir\u00e1n como obsequio el n\u00famero de participaci\u00f3n con el logo de los 50 a\u00f1os de la UNSL y distintos presentes de los patrocinadores. Adem\u00e1s, se preparar\u00e1 el arco de llegada para las fotos institucionales.<\/h3>\n<p><img fetchpriority=\"high\" decoding=\"async\" class=\"wp-image-5189 aligncenter\" src=\"https:\/\/apuntesdesanluis.com\/wp-content\/uploads\/2023\/10\/CIRCUITO-MARATON-212x300.png\" alt=\"\" width=\"640\" height=\"906\" srcset=\"https:\/\/apuntesdesanluis.com\/wp-content\/uploads\/2023\/10\/CIRCUITO-MARATON-212x300.png 212w, https:\/\/apuntesdesanluis.com\/wp-content\/uploads\/2023\/10\/CIRCUITO-MARATON.png 456w\" sizes=\"(max-width: 640px) 100vw, 640px\" \/><\/p>\n<p>&nbsp;<\/p>\n","protected":false},"excerpt":{"rendered":"<p>En el marco del 50\u00b0 aniversario de la Universidad Nacional de San Luis (UNSL), el&#8230;<\/p>\n","protected":false},"author":1,"featured_media":5188,"comment_status":"closed","ping_status":"closed","sticky":false,"template":"","format":"standard","meta":{"footnotes":""},"categories":[6],"tags":[],"class_list":["post-5187","post","type-post","status-publish","format-standard","has-post-thumbnail","hentry","category-ciudad-provincia"],"yoast_head":"<!-- This site is optimized with the Yoast SEO plugin v26.1.1 - https:\/\/yoast.com\/wordpress\/plugins\/seo\/ -->\n<title>VILLA MERCEDES FESTEJAR\u00c1 CON UNA MARAT\u00d3N LOS 50 A\u00d1OS DE LA UNSL - Apuntes de San Luis<\/title>\n<meta name=\"robots\" content=\"index, follow, max-snippet:-1, max-image-preview:large, max-video-preview:-1\" \/>\n<link rel=\"canonical\" href=\"https:\/\/apuntesdesanluis.com\/index.php\/2023\/10\/15\/villa-mercedes-festejara-con-una-maraton-los-50-anos-de-la-unsl\/\" \/>\n<meta property=\"og:locale\" content=\"es_ES\" \/>\n<meta property=\"og:type\" content=\"article\" \/>\n<meta property=\"og:title\" content=\"VILLA MERCEDES FESTEJAR\u00c1 CON UNA MARAT\u00d3N LOS 50 A\u00d1OS DE LA UNSL - Apuntes de San Luis\" \/>\n<meta property=\"og:description\" content=\"En el marco del 50\u00b0 aniversario de la Universidad Nacional de San Luis (UNSL), el...\" \/>\n<meta property=\"og:url\" content=\"https:\/\/apuntesdesanluis.com\/index.php\/2023\/10\/15\/villa-mercedes-festejara-con-una-maraton-los-50-anos-de-la-unsl\/\" \/>\n<meta property=\"og:site_name\" content=\"Apuntes de San Luis\" \/>\n<meta property=\"article:published_time\" content=\"2023-10-15T15:55:10+00:00\" \/>\n<meta property=\"article:modified_time\" content=\"2023-10-15T15:58:36+00:00\" \/>\n<meta property=\"og:image\" content=\"https:\/\/apuntesdesanluis.com\/wp-content\/uploads\/2023\/10\/fica-fcejs.png\" \/>\n\t<meta property=\"og:image:width\" content=\"600\" \/>\n\t<meta property=\"og:image:height\" content=\"340\" \/>\n\t<meta property=\"og:image:type\" content=\"image\/png\" \/>\n<meta name=\"author\" content=\"apuntesdesanluis.com\" \/>\n<meta name=\"twitter:card\" content=\"summary_large_image\" \/>\n<meta name=\"twitter:label1\" content=\"Escrito por\" \/>\n\t<meta name=\"twitter:data1\" content=\"apuntesdesanluis.com\" \/>\n\t<meta name=\"twitter:label2\" content=\"Tiempo de lectura\" \/>\n\t<meta name=\"twitter:data2\" content=\"1 minuto\" \/>\n<script type=\"application\/ld+json\" class=\"yoast-schema-graph\">{\"@context\":\"https:\/\/schema.org\",\"@graph\":[{\"@type\":\"Article\",\"@id\":\"https:\/\/apuntesdesanluis.com\/index.php\/2023\/10\/15\/villa-mercedes-festejara-con-una-maraton-los-50-anos-de-la-unsl\/#article\",\"isPartOf\":{\"@id\":\"https:\/\/apuntesdesanluis.com\/index.php\/2023\/10\/15\/villa-mercedes-festejara-con-una-maraton-los-50-anos-de-la-unsl\/\"},\"author\":{\"name\":\"apuntesdesanluis.com\",\"@id\":\"https:\/\/apuntesdesanluis.com\/#\/schema\/person\/b55151d52296fcce64d1a72538a70b90\"},\"headline\":\"VILLA MERCEDES FESTEJAR\u00c1 CON UNA MARAT\u00d3N LOS 50 A\u00d1OS DE LA UNSL\",\"datePublished\":\"2023-10-15T15:55:10+00:00\",\"dateModified\":\"2023-10-15T15:58:36+00:00\",\"mainEntityOfPage\":{\"@id\":\"https:\/\/apuntesdesanluis.com\/index.php\/2023\/10\/15\/villa-mercedes-festejara-con-una-maraton-los-50-anos-de-la-unsl\/\"},\"wordCount\":202,\"publisher\":{\"@id\":\"https:\/\/apuntesdesanluis.com\/#\/schema\/person\/b55151d52296fcce64d1a72538a70b90\"},\"image\":{\"@id\":\"https:\/\/apuntesdesanluis.com\/index.php\/2023\/10\/15\/villa-mercedes-festejara-con-una-maraton-los-50-anos-de-la-unsl\/#primaryimage\"},\"thumbnailUrl\":\"https:\/\/apuntesdesanluis.com\/wp-content\/uploads\/2023\/10\/fica-fcejs.png\",\"articleSection\":[\"Ciudad\/Provincia\"],\"inLanguage\":\"es-AR\"},{\"@type\":\"WebPage\",\"@id\":\"https:\/\/apuntesdesanluis.com\/index.php\/2023\/10\/15\/villa-mercedes-festejara-con-una-maraton-los-50-anos-de-la-unsl\/\",\"url\":\"https:\/\/apuntesdesanluis.com\/index.php\/2023\/10\/15\/villa-mercedes-festejara-con-una-maraton-los-50-anos-de-la-unsl\/\",\"name\":\"VILLA MERCEDES FESTEJAR\u00c1 CON UNA MARAT\u00d3N LOS 50 A\u00d1OS DE LA UNSL - Apuntes de San Luis\",\"isPartOf\":{\"@id\":\"https:\/\/apuntesdesanluis.com\/#website\"},\"primaryImageOfPage\":{\"@id\":\"https:\/\/apuntesdesanluis.com\/index.php\/2023\/10\/15\/villa-mercedes-festejara-con-una-maraton-los-50-anos-de-la-unsl\/#primaryimage\"},\"image\":{\"@id\":\"https:\/\/apuntesdesanluis.com\/index.php\/2023\/10\/15\/villa-mercedes-festejara-con-una-maraton-los-50-anos-de-la-unsl\/#primaryimage\"},\"thumbnailUrl\":\"https:\/\/apuntesdesanluis.com\/wp-content\/uploads\/2023\/10\/fica-fcejs.png\",\"datePublished\":\"2023-10-15T15:55:10+00:00\",\"dateModified\":\"2023-10-15T15:58:36+00:00\",\"breadcrumb\":{\"@id\":\"https:\/\/apuntesdesanluis.com\/index.php\/2023\/10\/15\/villa-mercedes-festejara-con-una-maraton-los-50-anos-de-la-unsl\/#breadcrumb\"},\"inLanguage\":\"es-AR\",\"potentialAction\":[{\"@type\":\"ReadAction\",\"target\":[\"https:\/\/apuntesdesanluis.com\/index.php\/2023\/10\/15\/villa-mercedes-festejara-con-una-maraton-los-50-anos-de-la-unsl\/\"]}]},{\"@type\":\"ImageObject\",\"inLanguage\":\"es-AR\",\"@id\":\"https:\/\/apuntesdesanluis.com\/index.php\/2023\/10\/15\/villa-mercedes-festejara-con-una-maraton-los-50-anos-de-la-unsl\/#primaryimage\",\"url\":\"https:\/\/apuntesdesanluis.com\/wp-content\/uploads\/2023\/10\/fica-fcejs.png\",\"contentUrl\":\"https:\/\/apuntesdesanluis.com\/wp-content\/uploads\/2023\/10\/fica-fcejs.png\",\"width\":600,\"height\":340},{\"@type\":\"BreadcrumbList\",\"@id\":\"https:\/\/apuntesdesanluis.com\/index.php\/2023\/10\/15\/villa-mercedes-festejara-con-una-maraton-los-50-anos-de-la-unsl\/#breadcrumb\",\"itemListElement\":[{\"@type\":\"ListItem\",\"position\":1,\"name\":\"Inicio\",\"item\":\"https:\/\/apuntesdesanluis.com\/\"},{\"@type\":\"ListItem\",\"position\":2,\"name\":\"VILLA MERCEDES FESTEJAR\u00c1 CON UNA MARAT\u00d3N LOS 50 A\u00d1OS DE LA UNSL\"}]},{\"@type\":\"WebSite\",\"@id\":\"https:\/\/apuntesdesanluis.com\/#website\",\"url\":\"https:\/\/apuntesdesanluis.com\/\",\"name\":\"Apuntes de San Luis\",\"description\":\"\",\"publisher\":{\"@id\":\"https:\/\/apuntesdesanluis.com\/#\/schema\/person\/b55151d52296fcce64d1a72538a70b90\"},\"potentialAction\":[{\"@type\":\"SearchAction\",\"target\":{\"@type\":\"EntryPoint\",\"urlTemplate\":\"https:\/\/apuntesdesanluis.com\/?s={search_term_string}\"},\"query-input\":{\"@type\":\"PropertyValueSpecification\",\"valueRequired\":true,\"valueName\":\"search_term_string\"}}],\"inLanguage\":\"es-AR\"},{\"@type\":[\"Person\",\"Organization\"],\"@id\":\"https:\/\/apuntesdesanluis.com\/#\/schema\/person\/b55151d52296fcce64d1a72538a70b90\",\"name\":\"apuntesdesanluis.com\",\"image\":{\"@type\":\"ImageObject\",\"inLanguage\":\"es-AR\",\"@id\":\"https:\/\/apuntesdesanluis.com\/#\/schema\/person\/image\/\",\"url\":\"https:\/\/apuntesdesanluis.com\/wp-content\/uploads\/2023\/07\/cropped-apuntesdesanluis.png\",\"contentUrl\":\"https:\/\/apuntesdesanluis.com\/wp-content\/uploads\/2023\/07\/cropped-apuntesdesanluis.png\",\"width\":450,\"height\":112,\"caption\":\"apuntesdesanluis.com\"},\"logo\":{\"@id\":\"https:\/\/apuntesdesanluis.com\/#\/schema\/person\/image\/\"},\"sameAs\":[\"https:\/\/apuntesdesanluis.com\"],\"url\":\"https:\/\/apuntesdesanluis.com\/index.php\/author\/apuntesdesanluis-com\/\"}]}<\/script>\n<!-- \/ Yoast SEO plugin. -->","yoast_head_json":{"title":"VILLA MERCEDES FESTEJAR\u00c1 CON UNA MARAT\u00d3N LOS 50 A\u00d1OS DE LA UNSL - Apuntes de San Luis","robots":{"index":"index","follow":"follow","max-snippet":"max-snippet:-1","max-image-preview":"max-image-preview:large","max-video-preview":"max-video-preview:-1"},"canonical":"https:\/\/apuntesdesanluis.com\/index.php\/2023\/10\/15\/villa-mercedes-festejara-con-una-maraton-los-50-anos-de-la-unsl\/","og_locale":"es_ES","og_type":"article","og_title":"VILLA MERCEDES FESTEJAR\u00c1 CON UNA MARAT\u00d3N LOS 50 A\u00d1OS DE LA UNSL - Apuntes de San Luis","og_description":"En el marco del 50\u00b0 aniversario de la Universidad Nacional de San Luis (UNSL), el...","og_url":"https:\/\/apuntesdesanluis.com\/index.php\/2023\/10\/15\/villa-mercedes-festejara-con-una-maraton-los-50-anos-de-la-unsl\/","og_site_name":"Apuntes de San Luis","article_published_time":"2023-10-15T15:55:10+00:00","article_modified_time":"2023-10-15T15:58:36+00:00","og_image":[{"width":600,"height":340,"url":"https:\/\/apuntesdesanluis.com\/wp-content\/uploads\/2023\/10\/fica-fcejs.png","type":"image\/png"}],"author":"apuntesdesanluis.com","twitter_card":"summary_large_image","twitter_misc":{"Escrito por":"apuntesdesanluis.com","Tiempo de lectura":"1 minuto"},"schema":{"@context":"https:\/\/schema.org","@graph":[{"@type":"Article","@id":"https:\/\/apuntesdesanluis.com\/index.php\/2023\/10\/15\/villa-mercedes-festejara-con-una-maraton-los-50-anos-de-la-unsl\/#article","isPartOf":{"@id":"https:\/\/apuntesdesanluis.com\/index.php\/2023\/10\/15\/villa-mercedes-festejara-con-una-maraton-los-50-anos-de-la-unsl\/"},"author":{"name":"apuntesdesanluis.com","@id":"https:\/\/apuntesdesanluis.com\/#\/schema\/person\/b55151d52296fcce64d1a72538a70b90"},"headline":"VILLA MERCEDES FESTEJAR\u00c1 CON UNA MARAT\u00d3N LOS 50 A\u00d1OS DE LA UNSL","datePublished":"2023-10-15T15:55:10+00:00","dateModified":"2023-10-15T15:58:36+00:00","mainEntityOfPage":{"@id":"https:\/\/apuntesdesanluis.com\/index.php\/2023\/10\/15\/villa-mercedes-festejara-con-una-maraton-los-50-anos-de-la-unsl\/"},"wordCount":202,"publisher":{"@id":"https:\/\/apuntesdesanluis.com\/#\/schema\/person\/b55151d52296fcce64d1a72538a70b90"},"image":{"@id":"https:\/\/apuntesdesanluis.com\/index.php\/2023\/10\/15\/villa-mercedes-festejara-con-una-maraton-los-50-anos-de-la-unsl\/#primaryimage"},"thumbnailUrl":"https:\/\/apuntesdesanluis.com\/wp-content\/uploads\/2023\/10\/fica-fcejs.png","articleSection":["Ciudad\/Provincia"],"inLanguage":"es-AR"},{"@type":"WebPage","@id":"https:\/\/apuntesdesanluis.com\/index.php\/2023\/10\/15\/villa-mercedes-festejara-con-una-maraton-los-50-anos-de-la-unsl\/","url":"https:\/\/apuntesdesanluis.com\/index.php\/2023\/10\/15\/villa-mercedes-festejara-con-una-maraton-los-50-anos-de-la-unsl\/","name":"VILLA MERCEDES FESTEJAR\u00c1 CON UNA MARAT\u00d3N LOS 50 A\u00d1OS DE LA UNSL - Apuntes de San Luis","isPartOf":{"@id":"https:\/\/apuntesdesanluis.com\/#website"},"primaryImageOfPage":{"@id":"https:\/\/apuntesdesanluis.com\/index.php\/2023\/10\/15\/villa-mercedes-festejara-con-una-maraton-los-50-anos-de-la-unsl\/#primaryimage"},"image":{"@id":"https:\/\/apuntesdesanluis.com\/index.php\/2023\/10\/15\/villa-mercedes-festejara-con-una-maraton-los-50-anos-de-la-unsl\/#primaryimage"},"thumbnailUrl":"https:\/\/apuntesdesanluis.com\/wp-content\/uploads\/2023\/10\/fica-fcejs.png","datePublished":"2023-10-15T15:55:10+00:00","dateModified":"2023-10-15T15:58:36+00:00","breadcrumb":{"@id":"https:\/\/apuntesdesanluis.com\/index.php\/2023\/10\/15\/villa-mercedes-festejara-con-una-maraton-los-50-anos-de-la-unsl\/#breadcrumb"},"inLanguage":"es-AR","potentialAction":[{"@type":"ReadAction","target":["https:\/\/apuntesdesanluis.com\/index.php\/2023\/10\/15\/villa-mercedes-festejara-con-una-maraton-los-50-anos-de-la-unsl\/"]}]},{"@type":"ImageObject","inLanguage":"es-AR","@id":"https:\/\/apuntesdesanluis.com\/index.php\/2023\/10\/15\/villa-mercedes-festejara-con-una-maraton-los-50-anos-de-la-unsl\/#primaryimage","url":"https:\/\/apuntesdesanluis.com\/wp-content\/uploads\/2023\/10\/fica-fcejs.png","contentUrl":"https:\/\/apuntesdesanluis.com\/wp-content\/uploads\/2023\/10\/fica-fcejs.png","width":600,"height":340},{"@type":"BreadcrumbList","@id":"https:\/\/apuntesdesanluis.com\/index.php\/2023\/10\/15\/villa-mercedes-festejara-con-una-maraton-los-50-anos-de-la-unsl\/#breadcrumb","itemListElement":[{"@type":"ListItem","position":1,"name":"Inicio","item":"https:\/\/apuntesdesanluis.com\/"},{"@type":"ListItem","position":2,"name":"VILLA MERCEDES FESTEJAR\u00c1 CON UNA MARAT\u00d3N LOS 50 A\u00d1OS DE LA UNSL"}]},{"@type":"WebSite","@id":"https:\/\/apuntesdesanluis.com\/#website","url":"https:\/\/apuntesdesanluis.com\/","name":"Apuntes de San Luis","description":"","publisher":{"@id":"https:\/\/apuntesdesanluis.com\/#\/schema\/person\/b55151d52296fcce64d1a72538a70b90"},"potentialAction":[{"@type":"SearchAction","target":{"@type":"EntryPoint","urlTemplate":"https:\/\/apuntesdesanluis.com\/?s={search_term_string}"},"query-input":{"@type":"PropertyValueSpecification","valueRequired":true,"valueName":"search_term_string"}}],"inLanguage":"es-AR"},{"@type":["Person","Organization"],"@id":"https:\/\/apuntesdesanluis.com\/#\/schema\/person\/b55151d52296fcce64d1a72538a70b90","name":"apuntesdesanluis.com","image":{"@type":"ImageObject","inLanguage":"es-AR","@id":"https:\/\/apuntesdesanluis.com\/#\/schema\/person\/image\/","url":"https:\/\/apuntesdesanluis.com\/wp-content\/uploads\/2023\/07\/cropped-apuntesdesanluis.png","contentUrl":"https:\/\/apuntesdesanluis.com\/wp-content\/uploads\/2023\/07\/cropped-apuntesdesanluis.png","width":450,"height":112,"caption":"apuntesdesanluis.com"},"logo":{"@id":"https:\/\/apuntesdesanluis.com\/#\/schema\/person\/image\/"},"sameAs":["https:\/\/apuntesdesanluis.com"],"url":"https:\/\/apuntesdesanluis.com\/index.php\/author\/apuntesdesanluis-com\/"}]}},"featured_image_urls":{"full":["https:\/\/apuntesdesanluis.com\/wp-content\/uploads\/2023\/10\/fica-fcejs.png",600,340,false],"thumbnail":["https:\/\/apuntesdesanluis.com\/wp-content\/uploads\/2023\/10\/fica-fcejs-150x150.png",150,150,true],"medium":["https:\/\/apuntesdesanluis.com\/wp-content\/uploads\/2023\/10\/fica-fcejs-300x170.png",300,170,true],"medium_large":["https:\/\/apuntesdesanluis.com\/wp-content\/uploads\/2023\/10\/fica-fcejs.png",600,340,false],"large":["https:\/\/apuntesdesanluis.com\/wp-content\/uploads\/2023\/10\/fica-fcejs.png",600,340,false],"1536x1536":["https:\/\/apuntesdesanluis.com\/wp-content\/uploads\/2023\/10\/fica-fcejs.png",600,340,false],"2048x2048":["https:\/\/apuntesdesanluis.com\/wp-content\/uploads\/2023\/10\/fica-fcejs.png",600,340,false],"newsever-slider-full":["https:\/\/apuntesdesanluis.com\/wp-content\/uploads\/2023\/10\/fica-fcejs.png",600,340,false],"newsever-featured":["https:\/\/apuntesdesanluis.com\/wp-content\/uploads\/2023\/10\/fica-fcejs.png",600,340,false],"newsever-medium":["https:\/\/apuntesdesanluis.com\/wp-content\/uploads\/2023\/10\/fica-fcejs.png",600,340,false]},"author_info":{"display_name":"apuntesdesanluis.com","author_link":"https:\/\/apuntesdesanluis.com\/index.php\/author\/apuntesdesanluis-com\/"},"category_info":"<a href=\"https:\/\/apuntesdesanluis.com\/index.php\/category\/ciudad-provincia\/\" rel=\"category tag\">Ciudad\/Provincia<\/a>","tag_info":"Ciudad\/Provincia","comment_count":"0","_links":{"self":[{"href":"https:\/\/apuntesdesanluis.com\/index.php\/wp-json\/wp\/v2\/posts\/5187","targetHints":{"allow":["GET"]}}],"collection":[{"href":"https:\/\/apuntesdesanluis.com\/index.php\/wp-json\/wp\/v2\/posts"}],"about":[{"href":"https:\/\/apuntesdesanluis.com\/index.php\/wp-json\/wp\/v2\/types\/post"}],"author":[{"embeddable":true,"href":"https:\/\/apuntesdesanluis.com\/index.php\/wp-json\/wp\/v2\/users\/1"}],"replies":[{"embeddable":true,"href":"https:\/\/apuntesdesanluis.com\/index.php\/wp-json\/wp\/v2\/comments?post=5187"}],"version-history":[{"count":3,"href":"https:\/\/apuntesdesanluis.com\/index.php\/wp-json\/wp\/v2\/posts\/5187\/revisions"}],"predecessor-version":[{"id":5192,"href":"https:\/\/apuntesdesanluis.com\/index.php\/wp-json\/wp\/v2\/posts\/5187\/revisions\/5192"}],"wp:featuredmedia":[{"embeddable":true,"href":"https:\/\/apuntesdesanluis.com\/index.php\/wp-json\/wp\/v2\/media\/5188"}],"wp:attachment":[{"href":"https:\/\/apuntesdesanluis.com\/index.php\/wp-json\/wp\/v2\/media?parent=5187"}],"wp:term":[{"taxonomy":"category","embeddable":true,"href":"https:\/\/apuntesdesanluis.com\/index.php\/wp-json\/wp\/v2\/categories?post=5187"},{"taxonomy":"post_tag","embeddable":true,"href":"https:\/\/apuntesdesanluis.com\/index.php\/wp-json\/wp\/v2\/tags?post=5187"}],"curies":[{"name":"wp","href":"https:\/\/api.w.org\/{rel}","templated":true}]}}