{"id":5193,"date":"2023-10-16T10:11:32","date_gmt":"2023-10-16T13:11:32","guid":{"rendered":"https:\/\/apuntesdesanluis.com\/?p=5193"},"modified":"2023-10-16T10:22:44","modified_gmt":"2023-10-16T13:22:44","slug":"apoyamos-a-massa-en-defensa-de-nuestra-fuente-de-trabajo","status":"publish","type":"post","link":"https:\/\/apuntesdesanluis.com\/index.php\/2023\/10\/16\/apoyamos-a-massa-en-defensa-de-nuestra-fuente-de-trabajo\/","title":{"rendered":"\u201cAPOYAMOS A MASSA EN DEFENSA DE NUESTROS DERECHOS Y LAS FUENTES DE TRABAJO\u201d"},"content":{"rendered":"<h3>Lo asegur\u00f3 el dirigente <strong>Marcelo Periale<\/strong>, al fundamentar las razones por las que los trabajadores de la carne concurrir\u00e1n este lunes al acto que se realizar\u00e1 en Villa Mercedes, con la presencia del candidato a presidente de Uni\u00f3n por la Patria, <strong>Sergio Massa<\/strong>.<\/h3>\n<h3>A menos de una semana de las elecciones generales, el dirigente llegar\u00e1 este lunes a la ciudad cabecera del Departamento Pedernera para encabezar un acto a partir de las 19:00 h en Espacio Mitre (Avenida Mitre 2326).<\/h3>\n<h3>\u201cHoy el Sindicato de la Carne participa del acto por convicci\u00f3n peronista, pero por sobre todas las cosas en defensa de las fuentes de trabajo de los argentinos y la defensa de nuestros derechos como trabajadores\u201d, afirm\u00f3 Periale.<\/h3>\n<h3>Agreg\u00f3 que \u201cpor sobre todas las cosas y en lo particular, tenemos claro nuestro alineamiento pol\u00edtico y electoral, ante la amenaza de algunos candidatos que quieren romper relaciones comerciales con China, pa\u00eds que es nuestro principal comprador de carne, o cambiar el Convenio Colectivo de Trabajo y vulnerar los derechos laborales\u201d, enfatiz\u00f3.<\/h3>\n<h3>\u201cSabemos que hay problemas en nuestro pa\u00eds, que hay sectores interesados en generar corridas que conduzcan a una devaluaci\u00f3n. Pero no es echando m\u00e1s le\u00f1a al fuego como vamos a salir ni poniendo en riesgo la fuente de trabajo de los compa\u00f1eros. Ante ese escenario estamos muy preocupados, por eso invitamos a todos los trabajadores y compa\u00f1eros a participar de este encuentro de la militancia y el compromiso\u201d, concluy\u00f3 el Secretario General del Sindicato de la Carne.<\/h3>\n<p><img fetchpriority=\"high\" decoding=\"async\" class=\"wp-image-5199 aligncenter\" src=\"https:\/\/apuntesdesanluis.com\/wp-content\/uploads\/2023\/10\/Massa-1-300x300.jpg\" alt=\"\" width=\"574\" height=\"574\" srcset=\"https:\/\/apuntesdesanluis.com\/wp-content\/uploads\/2023\/10\/Massa-1-300x300.jpg 300w, https:\/\/apuntesdesanluis.com\/wp-content\/uploads\/2023\/10\/Massa-1-150x150.jpg 150w, https:\/\/apuntesdesanluis.com\/wp-content\/uploads\/2023\/10\/Massa-1.jpg 600w\" sizes=\"(max-width: 574px) 100vw, 574px\" \/><\/p>\n<p>&nbsp;<\/p>\n<p>&nbsp;<\/p>\n<p>&nbsp;<\/p>\n","protected":false},"excerpt":{"rendered":"<p>Lo asegur\u00f3 el dirigente Marcelo Periale, al fundamentar las razones por las que los trabajadores&#8230;<\/p>\n","protected":false},"author":1,"featured_media":5195,"comment_status":"closed","ping_status":"closed","sticky":false,"template":"","format":"standard","meta":{"footnotes":""},"categories":[6],"tags":[],"class_list":["post-5193","post","type-post","status-publish","format-standard","has-post-thumbnail","hentry","category-ciudad-provincia"],"yoast_head":"<!-- This site is optimized with the Yoast SEO plugin v26.1.1 - https:\/\/yoast.com\/wordpress\/plugins\/seo\/ -->\n<title>\u201cAPOYAMOS A MASSA EN DEFENSA DE NUESTROS DERECHOS Y LAS FUENTES DE TRABAJO\u201d - Apuntes de San Luis<\/title>\n<meta name=\"robots\" content=\"index, follow, max-snippet:-1, max-image-preview:large, max-video-preview:-1\" \/>\n<link rel=\"canonical\" href=\"https:\/\/apuntesdesanluis.com\/index.php\/2023\/10\/16\/apoyamos-a-massa-en-defensa-de-nuestra-fuente-de-trabajo\/\" \/>\n<meta property=\"og:locale\" content=\"es_ES\" \/>\n<meta property=\"og:type\" content=\"article\" \/>\n<meta property=\"og:title\" content=\"\u201cAPOYAMOS A MASSA EN DEFENSA DE NUESTROS DERECHOS Y LAS FUENTES DE TRABAJO\u201d - Apuntes de San Luis\" \/>\n<meta property=\"og:description\" content=\"Lo asegur\u00f3 el dirigente Marcelo Periale, al fundamentar las razones por las que los trabajadores...\" \/>\n<meta property=\"og:url\" content=\"https:\/\/apuntesdesanluis.com\/index.php\/2023\/10\/16\/apoyamos-a-massa-en-defensa-de-nuestra-fuente-de-trabajo\/\" \/>\n<meta property=\"og:site_name\" content=\"Apuntes de San Luis\" \/>\n<meta property=\"article:published_time\" content=\"2023-10-16T13:11:32+00:00\" \/>\n<meta property=\"article:modified_time\" content=\"2023-10-16T13:22:44+00:00\" \/>\n<meta property=\"og:image\" content=\"https:\/\/apuntesdesanluis.com\/wp-content\/uploads\/2023\/10\/trapo-1.jpg\" \/>\n\t<meta property=\"og:image:width\" content=\"572\" \/>\n\t<meta property=\"og:image:height\" content=\"384\" \/>\n\t<meta property=\"og:image:type\" content=\"image\/jpeg\" \/>\n<meta name=\"author\" content=\"apuntesdesanluis.com\" \/>\n<meta name=\"twitter:card\" content=\"summary_large_image\" \/>\n<meta name=\"twitter:label1\" content=\"Escrito por\" \/>\n\t<meta name=\"twitter:data1\" content=\"apuntesdesanluis.com\" \/>\n\t<meta name=\"twitter:label2\" content=\"Tiempo de lectura\" \/>\n\t<meta name=\"twitter:data2\" content=\"2 minutos\" \/>\n<script type=\"application\/ld+json\" class=\"yoast-schema-graph\">{\"@context\":\"https:\/\/schema.org\",\"@graph\":[{\"@type\":\"Article\",\"@id\":\"https:\/\/apuntesdesanluis.com\/index.php\/2023\/10\/16\/apoyamos-a-massa-en-defensa-de-nuestra-fuente-de-trabajo\/#article\",\"isPartOf\":{\"@id\":\"https:\/\/apuntesdesanluis.com\/index.php\/2023\/10\/16\/apoyamos-a-massa-en-defensa-de-nuestra-fuente-de-trabajo\/\"},\"author\":{\"name\":\"apuntesdesanluis.com\",\"@id\":\"https:\/\/apuntesdesanluis.com\/#\/schema\/person\/b55151d52296fcce64d1a72538a70b90\"},\"headline\":\"\u201cAPOYAMOS A MASSA EN DEFENSA DE NUESTROS DERECHOS Y LAS FUENTES DE TRABAJO\u201d\",\"datePublished\":\"2023-10-16T13:11:32+00:00\",\"dateModified\":\"2023-10-16T13:22:44+00:00\",\"mainEntityOfPage\":{\"@id\":\"https:\/\/apuntesdesanluis.com\/index.php\/2023\/10\/16\/apoyamos-a-massa-en-defensa-de-nuestra-fuente-de-trabajo\/\"},\"wordCount\":272,\"publisher\":{\"@id\":\"https:\/\/apuntesdesanluis.com\/#\/schema\/person\/b55151d52296fcce64d1a72538a70b90\"},\"image\":{\"@id\":\"https:\/\/apuntesdesanluis.com\/index.php\/2023\/10\/16\/apoyamos-a-massa-en-defensa-de-nuestra-fuente-de-trabajo\/#primaryimage\"},\"thumbnailUrl\":\"https:\/\/apuntesdesanluis.com\/wp-content\/uploads\/2023\/10\/trapo-1.jpg\",\"articleSection\":[\"Ciudad\/Provincia\"],\"inLanguage\":\"es-AR\"},{\"@type\":\"WebPage\",\"@id\":\"https:\/\/apuntesdesanluis.com\/index.php\/2023\/10\/16\/apoyamos-a-massa-en-defensa-de-nuestra-fuente-de-trabajo\/\",\"url\":\"https:\/\/apuntesdesanluis.com\/index.php\/2023\/10\/16\/apoyamos-a-massa-en-defensa-de-nuestra-fuente-de-trabajo\/\",\"name\":\"\u201cAPOYAMOS A MASSA EN DEFENSA DE NUESTROS DERECHOS Y LAS FUENTES DE TRABAJO\u201d - Apuntes de San Luis\",\"isPartOf\":{\"@id\":\"https:\/\/apuntesdesanluis.com\/#website\"},\"primaryImageOfPage\":{\"@id\":\"https:\/\/apuntesdesanluis.com\/index.php\/2023\/10\/16\/apoyamos-a-massa-en-defensa-de-nuestra-fuente-de-trabajo\/#primaryimage\"},\"image\":{\"@id\":\"https:\/\/apuntesdesanluis.com\/index.php\/2023\/10\/16\/apoyamos-a-massa-en-defensa-de-nuestra-fuente-de-trabajo\/#primaryimage\"},\"thumbnailUrl\":\"https:\/\/apuntesdesanluis.com\/wp-content\/uploads\/2023\/10\/trapo-1.jpg\",\"datePublished\":\"2023-10-16T13:11:32+00:00\",\"dateModified\":\"2023-10-16T13:22:44+00:00\",\"breadcrumb\":{\"@id\":\"https:\/\/apuntesdesanluis.com\/index.php\/2023\/10\/16\/apoyamos-a-massa-en-defensa-de-nuestra-fuente-de-trabajo\/#breadcrumb\"},\"inLanguage\":\"es-AR\",\"potentialAction\":[{\"@type\":\"ReadAction\",\"target\":[\"https:\/\/apuntesdesanluis.com\/index.php\/2023\/10\/16\/apoyamos-a-massa-en-defensa-de-nuestra-fuente-de-trabajo\/\"]}]},{\"@type\":\"ImageObject\",\"inLanguage\":\"es-AR\",\"@id\":\"https:\/\/apuntesdesanluis.com\/index.php\/2023\/10\/16\/apoyamos-a-massa-en-defensa-de-nuestra-fuente-de-trabajo\/#primaryimage\",\"url\":\"https:\/\/apuntesdesanluis.com\/wp-content\/uploads\/2023\/10\/trapo-1.jpg\",\"contentUrl\":\"https:\/\/apuntesdesanluis.com\/wp-content\/uploads\/2023\/10\/trapo-1.jpg\",\"width\":572,\"height\":384},{\"@type\":\"BreadcrumbList\",\"@id\":\"https:\/\/apuntesdesanluis.com\/index.php\/2023\/10\/16\/apoyamos-a-massa-en-defensa-de-nuestra-fuente-de-trabajo\/#breadcrumb\",\"itemListElement\":[{\"@type\":\"ListItem\",\"position\":1,\"name\":\"Inicio\",\"item\":\"https:\/\/apuntesdesanluis.com\/\"},{\"@type\":\"ListItem\",\"position\":2,\"name\":\"\u201cAPOYAMOS A MASSA EN DEFENSA DE NUESTROS DERECHOS Y LAS FUENTES DE TRABAJO\u201d\"}]},{\"@type\":\"WebSite\",\"@id\":\"https:\/\/apuntesdesanluis.com\/#website\",\"url\":\"https:\/\/apuntesdesanluis.com\/\",\"name\":\"Apuntes de San Luis\",\"description\":\"\",\"publisher\":{\"@id\":\"https:\/\/apuntesdesanluis.com\/#\/schema\/person\/b55151d52296fcce64d1a72538a70b90\"},\"potentialAction\":[{\"@type\":\"SearchAction\",\"target\":{\"@type\":\"EntryPoint\",\"urlTemplate\":\"https:\/\/apuntesdesanluis.com\/?s={search_term_string}\"},\"query-input\":{\"@type\":\"PropertyValueSpecification\",\"valueRequired\":true,\"valueName\":\"search_term_string\"}}],\"inLanguage\":\"es-AR\"},{\"@type\":[\"Person\",\"Organization\"],\"@id\":\"https:\/\/apuntesdesanluis.com\/#\/schema\/person\/b55151d52296fcce64d1a72538a70b90\",\"name\":\"apuntesdesanluis.com\",\"image\":{\"@type\":\"ImageObject\",\"inLanguage\":\"es-AR\",\"@id\":\"https:\/\/apuntesdesanluis.com\/#\/schema\/person\/image\/\",\"url\":\"https:\/\/apuntesdesanluis.com\/wp-content\/uploads\/2023\/07\/cropped-apuntesdesanluis.png\",\"contentUrl\":\"https:\/\/apuntesdesanluis.com\/wp-content\/uploads\/2023\/07\/cropped-apuntesdesanluis.png\",\"width\":450,\"height\":112,\"caption\":\"apuntesdesanluis.com\"},\"logo\":{\"@id\":\"https:\/\/apuntesdesanluis.com\/#\/schema\/person\/image\/\"},\"sameAs\":[\"https:\/\/apuntesdesanluis.com\"],\"url\":\"https:\/\/apuntesdesanluis.com\/index.php\/author\/apuntesdesanluis-com\/\"}]}<\/script>\n<!-- \/ Yoast SEO plugin. -->","yoast_head_json":{"title":"\u201cAPOYAMOS A MASSA EN DEFENSA DE NUESTROS DERECHOS Y LAS FUENTES DE TRABAJO\u201d - Apuntes de San Luis","robots":{"index":"index","follow":"follow","max-snippet":"max-snippet:-1","max-image-preview":"max-image-preview:large","max-video-preview":"max-video-preview:-1"},"canonical":"https:\/\/apuntesdesanluis.com\/index.php\/2023\/10\/16\/apoyamos-a-massa-en-defensa-de-nuestra-fuente-de-trabajo\/","og_locale":"es_ES","og_type":"article","og_title":"\u201cAPOYAMOS A MASSA EN DEFENSA DE NUESTROS DERECHOS Y LAS FUENTES DE TRABAJO\u201d - Apuntes de San Luis","og_description":"Lo asegur\u00f3 el dirigente Marcelo Periale, al fundamentar las razones por las que los trabajadores...","og_url":"https:\/\/apuntesdesanluis.com\/index.php\/2023\/10\/16\/apoyamos-a-massa-en-defensa-de-nuestra-fuente-de-trabajo\/","og_site_name":"Apuntes de San Luis","article_published_time":"2023-10-16T13:11:32+00:00","article_modified_time":"2023-10-16T13:22:44+00:00","og_image":[{"width":572,"height":384,"url":"https:\/\/apuntesdesanluis.com\/wp-content\/uploads\/2023\/10\/trapo-1.jpg","type":"image\/jpeg"}],"author":"apuntesdesanluis.com","twitter_card":"summary_large_image","twitter_misc":{"Escrito por":"apuntesdesanluis.com","Tiempo de lectura":"2 minutos"},"schema":{"@context":"https:\/\/schema.org","@graph":[{"@type":"Article","@id":"https:\/\/apuntesdesanluis.com\/index.php\/2023\/10\/16\/apoyamos-a-massa-en-defensa-de-nuestra-fuente-de-trabajo\/#article","isPartOf":{"@id":"https:\/\/apuntesdesanluis.com\/index.php\/2023\/10\/16\/apoyamos-a-massa-en-defensa-de-nuestra-fuente-de-trabajo\/"},"author":{"name":"apuntesdesanluis.com","@id":"https:\/\/apuntesdesanluis.com\/#\/schema\/person\/b55151d52296fcce64d1a72538a70b90"},"headline":"\u201cAPOYAMOS A MASSA EN DEFENSA DE NUESTROS DERECHOS Y LAS FUENTES DE TRABAJO\u201d","datePublished":"2023-10-16T13:11:32+00:00","dateModified":"2023-10-16T13:22:44+00:00","mainEntityOfPage":{"@id":"https:\/\/apuntesdesanluis.com\/index.php\/2023\/10\/16\/apoyamos-a-massa-en-defensa-de-nuestra-fuente-de-trabajo\/"},"wordCount":272,"publisher":{"@id":"https:\/\/apuntesdesanluis.com\/#\/schema\/person\/b55151d52296fcce64d1a72538a70b90"},"image":{"@id":"https:\/\/apuntesdesanluis.com\/index.php\/2023\/10\/16\/apoyamos-a-massa-en-defensa-de-nuestra-fuente-de-trabajo\/#primaryimage"},"thumbnailUrl":"https:\/\/apuntesdesanluis.com\/wp-content\/uploads\/2023\/10\/trapo-1.jpg","articleSection":["Ciudad\/Provincia"],"inLanguage":"es-AR"},{"@type":"WebPage","@id":"https:\/\/apuntesdesanluis.com\/index.php\/2023\/10\/16\/apoyamos-a-massa-en-defensa-de-nuestra-fuente-de-trabajo\/","url":"https:\/\/apuntesdesanluis.com\/index.php\/2023\/10\/16\/apoyamos-a-massa-en-defensa-de-nuestra-fuente-de-trabajo\/","name":"\u201cAPOYAMOS A MASSA EN DEFENSA DE NUESTROS DERECHOS Y LAS FUENTES DE TRABAJO\u201d - Apuntes de San Luis","isPartOf":{"@id":"https:\/\/apuntesdesanluis.com\/#website"},"primaryImageOfPage":{"@id":"https:\/\/apuntesdesanluis.com\/index.php\/2023\/10\/16\/apoyamos-a-massa-en-defensa-de-nuestra-fuente-de-trabajo\/#primaryimage"},"image":{"@id":"https:\/\/apuntesdesanluis.com\/index.php\/2023\/10\/16\/apoyamos-a-massa-en-defensa-de-nuestra-fuente-de-trabajo\/#primaryimage"},"thumbnailUrl":"https:\/\/apuntesdesanluis.com\/wp-content\/uploads\/2023\/10\/trapo-1.jpg","datePublished":"2023-10-16T13:11:32+00:00","dateModified":"2023-10-16T13:22:44+00:00","breadcrumb":{"@id":"https:\/\/apuntesdesanluis.com\/index.php\/2023\/10\/16\/apoyamos-a-massa-en-defensa-de-nuestra-fuente-de-trabajo\/#breadcrumb"},"inLanguage":"es-AR","potentialAction":[{"@type":"ReadAction","target":["https:\/\/apuntesdesanluis.com\/index.php\/2023\/10\/16\/apoyamos-a-massa-en-defensa-de-nuestra-fuente-de-trabajo\/"]}]},{"@type":"ImageObject","inLanguage":"es-AR","@id":"https:\/\/apuntesdesanluis.com\/index.php\/2023\/10\/16\/apoyamos-a-massa-en-defensa-de-nuestra-fuente-de-trabajo\/#primaryimage","url":"https:\/\/apuntesdesanluis.com\/wp-content\/uploads\/2023\/10\/trapo-1.jpg","contentUrl":"https:\/\/apuntesdesanluis.com\/wp-content\/uploads\/2023\/10\/trapo-1.jpg","width":572,"height":384},{"@type":"BreadcrumbList","@id":"https:\/\/apuntesdesanluis.com\/index.php\/2023\/10\/16\/apoyamos-a-massa-en-defensa-de-nuestra-fuente-de-trabajo\/#breadcrumb","itemListElement":[{"@type":"ListItem","position":1,"name":"Inicio","item":"https:\/\/apuntesdesanluis.com\/"},{"@type":"ListItem","position":2,"name":"\u201cAPOYAMOS A MASSA EN DEFENSA DE NUESTROS DERECHOS Y LAS FUENTES DE TRABAJO\u201d"}]},{"@type":"WebSite","@id":"https:\/\/apuntesdesanluis.com\/#website","url":"https:\/\/apuntesdesanluis.com\/","name":"Apuntes de San Luis","description":"","publisher":{"@id":"https:\/\/apuntesdesanluis.com\/#\/schema\/person\/b55151d52296fcce64d1a72538a70b90"},"potentialAction":[{"@type":"SearchAction","target":{"@type":"EntryPoint","urlTemplate":"https:\/\/apuntesdesanluis.com\/?s={search_term_string}"},"query-input":{"@type":"PropertyValueSpecification","valueRequired":true,"valueName":"search_term_string"}}],"inLanguage":"es-AR"},{"@type":["Person","Organization"],"@id":"https:\/\/apuntesdesanluis.com\/#\/schema\/person\/b55151d52296fcce64d1a72538a70b90","name":"apuntesdesanluis.com","image":{"@type":"ImageObject","inLanguage":"es-AR","@id":"https:\/\/apuntesdesanluis.com\/#\/schema\/person\/image\/","url":"https:\/\/apuntesdesanluis.com\/wp-content\/uploads\/2023\/07\/cropped-apuntesdesanluis.png","contentUrl":"https:\/\/apuntesdesanluis.com\/wp-content\/uploads\/2023\/07\/cropped-apuntesdesanluis.png","width":450,"height":112,"caption":"apuntesdesanluis.com"},"logo":{"@id":"https:\/\/apuntesdesanluis.com\/#\/schema\/person\/image\/"},"sameAs":["https:\/\/apuntesdesanluis.com"],"url":"https:\/\/apuntesdesanluis.com\/index.php\/author\/apuntesdesanluis-com\/"}]}},"featured_image_urls":{"full":["https:\/\/apuntesdesanluis.com\/wp-content\/uploads\/2023\/10\/trapo-1.jpg",572,384,false],"thumbnail":["https:\/\/apuntesdesanluis.com\/wp-content\/uploads\/2023\/10\/trapo-1-150x150.jpg",150,150,true],"medium":["https:\/\/apuntesdesanluis.com\/wp-content\/uploads\/2023\/10\/trapo-1-300x201.jpg",300,201,true],"medium_large":["https:\/\/apuntesdesanluis.com\/wp-content\/uploads\/2023\/10\/trapo-1.jpg",572,384,false],"large":["https:\/\/apuntesdesanluis.com\/wp-content\/uploads\/2023\/10\/trapo-1.jpg",572,384,false],"1536x1536":["https:\/\/apuntesdesanluis.com\/wp-content\/uploads\/2023\/10\/trapo-1.jpg",572,384,false],"2048x2048":["https:\/\/apuntesdesanluis.com\/wp-content\/uploads\/2023\/10\/trapo-1.jpg",572,384,false],"newsever-slider-full":["https:\/\/apuntesdesanluis.com\/wp-content\/uploads\/2023\/10\/trapo-1.jpg",572,384,false],"newsever-featured":["https:\/\/apuntesdesanluis.com\/wp-content\/uploads\/2023\/10\/trapo-1.jpg",572,384,false],"newsever-medium":["https:\/\/apuntesdesanluis.com\/wp-content\/uploads\/2023\/10\/trapo-1.jpg",572,384,false]},"author_info":{"display_name":"apuntesdesanluis.com","author_link":"https:\/\/apuntesdesanluis.com\/index.php\/author\/apuntesdesanluis-com\/"},"category_info":"<a href=\"https:\/\/apuntesdesanluis.com\/index.php\/category\/ciudad-provincia\/\" rel=\"category tag\">Ciudad\/Provincia<\/a>","tag_info":"Ciudad\/Provincia","comment_count":"0","_links":{"self":[{"href":"https:\/\/apuntesdesanluis.com\/index.php\/wp-json\/wp\/v2\/posts\/5193","targetHints":{"allow":["GET"]}}],"collection":[{"href":"https:\/\/apuntesdesanluis.com\/index.php\/wp-json\/wp\/v2\/posts"}],"about":[{"href":"https:\/\/apuntesdesanluis.com\/index.php\/wp-json\/wp\/v2\/types\/post"}],"author":[{"embeddable":true,"href":"https:\/\/apuntesdesanluis.com\/index.php\/wp-json\/wp\/v2\/users\/1"}],"replies":[{"embeddable":true,"href":"https:\/\/apuntesdesanluis.com\/index.php\/wp-json\/wp\/v2\/comments?post=5193"}],"version-history":[{"count":9,"href":"https:\/\/apuntesdesanluis.com\/index.php\/wp-json\/wp\/v2\/posts\/5193\/revisions"}],"predecessor-version":[{"id":5209,"href":"https:\/\/apuntesdesanluis.com\/index.php\/wp-json\/wp\/v2\/posts\/5193\/revisions\/5209"}],"wp:featuredmedia":[{"embeddable":true,"href":"https:\/\/apuntesdesanluis.com\/index.php\/wp-json\/wp\/v2\/media\/5195"}],"wp:attachment":[{"href":"https:\/\/apuntesdesanluis.com\/index.php\/wp-json\/wp\/v2\/media?parent=5193"}],"wp:term":[{"taxonomy":"category","embeddable":true,"href":"https:\/\/apuntesdesanluis.com\/index.php\/wp-json\/wp\/v2\/categories?post=5193"},{"taxonomy":"post_tag","embeddable":true,"href":"https:\/\/apuntesdesanluis.com\/index.php\/wp-json\/wp\/v2\/tags?post=5193"}],"curies":[{"name":"wp","href":"https:\/\/api.w.org\/{rel}","templated":true}]}}