{"id":52,"date":"2023-07-15T20:33:51","date_gmt":"2023-07-15T23:33:51","guid":{"rendered":"https:\/\/apuntesdesanluis.com\/?p=52"},"modified":"2023-07-17T00:43:54","modified_gmt":"2023-07-17T03:43:54","slug":"los-votos-por-milei-definen-la-eleccion","status":"publish","type":"post","link":"https:\/\/apuntesdesanluis.com\/index.php\/2023\/07\/15\/los-votos-por-milei-definen-la-eleccion\/","title":{"rendered":"LOS VOTOS POR MILEI DEFINEN LA ELECCI\u00d3N"},"content":{"rendered":"<h3>Por <strong><em>Hugo Aime *<\/em><\/strong><\/h3>\n<h3>La campa\u00f1a comenz\u00f3\u00a0 y ya nos llenamos de avisos por TV, radio y redes, pero si bien las f\u00f3rmulas son m\u00e1s de diez, la incertidumbre se centra en la din\u00e1mica de tres marcas, cuatro candidatos, el voto en blanco y la abstenci\u00f3n electoral.<\/h3>\n<h3>Comunicacionalmente los cuatro intentan definir su posicionamiento, Patricia: \u201cLa fuerza del Cambio\u201d, Milei: \u201cConstruir un pa\u00eds distinto\u201d, Larreta: \u201cEste pa\u00eds tiene arreglo\u201d, Massa: \u201cCapacidad de Gesti\u00f3n para cuidarte\u201d. Como vemos, son tres propuestas de cambio y una propuesta de retomar el camino, haciendo las cosas que no se hicieron.<\/h3>\n<h3>Los spots son la parte visible de una campa\u00f1a. All\u00ed podemos ver las intenciones. El de Uni\u00f3n por la Patria intenta hablarles a los trabajadores con \u00e9nfasis en los m\u00e1s sumergidos, dici\u00e9ndoles \u201cs\u00e9 que sufriste, en la etapa que sigue te voy a cuidar\u201d.<\/h3>\n<h3>Milei es de los m\u00e1s completos, habla al mismo tiempo de nuevos valores y direcciona hacia los que se sienten defraudados por la casta, interpela a los humildes y a los j\u00f3venes; se propone para atacar la inflaci\u00f3n y la inseguridad.<\/h3>\n<h3>Una de las dudas es sobre el presentismo ante un electorado cansado de los dirigentes<\/h3>\n<h3>Patricia hace eje en el orden y la seguridad, cambio o nada. Su objetivo es obturar el paso a Larreta. \u00c9ste tiene el spot m\u00e1s marketinero, les habla a todos, pero define poco. No es casual que cuando analizamos perfiles el jefe de Gobierno no se destaca en ninguno. Extra\u00f1o que alguien que ejerci\u00f3 el Ejecutivo de la Capital durante ocho a\u00f1os no sea considerado el m\u00e1s capaz. Son la firmeza y la decisi\u00f3n acompa\u00f1ados de capacidad de gesti\u00f3n y sensibilidad social los atributos m\u00e1s valorados por los electores.<\/h3>\n<h3>Patricia es considerada Firme para ocuparse de la seguridad y punto. Milei ser\u00eda Firme, Capaz para ocuparse de la inflaci\u00f3n y con cierto grado de sensibilidad social. Massa es percibido Capaz y Preocupado por los problemas cotidianos del electorado, entre ellos la econom\u00eda. As\u00ed est\u00e1n dispuestas las piezas.<\/h3>\n<h3>Cada candidato tiene un andarivel por donde desarrollarse. Massa emerge como un candidato competitivo, porque al tiempo que el kirchnerismo y el peronismo del interior trabajan para conseguir el voto de los sectores m\u00e1s pobres, \u00e9l le puede hablar a la clase media baja. Para que el peronismo tenga posibilidad competitiva no s\u00f3lo tiene que conseguir el voto de los que nada tienen,\u00a0 sino que necesita vencer dentro de los sectores sociales que luchan por no caer y tienen aspiraciones de vivir como los sectores medios y medios altos. Quien se gana a la clase media baja gana las elecciones y es a la que Massa le habl\u00f3 hist\u00f3ricamente en 2013\/2015\/2017. Es a la que debemos mirar.<\/h3>\n<h3>La clase media baja en su gran mayor\u00eda est\u00e1 en relaci\u00f3n de dependencia o es aut\u00f3nomo, pero estar integrada al sistema no le garantiza no caer en la pobreza. Y all\u00ed el ministro tiene el problema de la inflaci\u00f3n. Pero la ventaja es que hay trabajo y que es un electorado al cual no le agradan las propuestas del tipo \u201ccambio todo y mientras resuelvo las cosas arr\u00e9glate como puedas\u201d. Aqu\u00ed la pelea del peronismo no es con Cambiemos, es con Milei.<\/h3>\n<h3>La pelea Bullrich-Milei les est\u00e1 costando votos y puntos de imagen a los dos. Ellos no s\u00f3lo se diferencian por sus proyectos, tampoco pescan en la misma pecera. atricia toma votos del PRO puro, mientras Larreta tiene menos votos dentro del n\u00facleo duro y toma votos de Alberto y Lavagna 2019. Pero el que hay que mirar con atenci\u00f3n es a Milei, quien por presencia o ausencia ser\u00e1 el gran protagonista.<\/h3>\n<h3>Milei se mantiene alto en las encuestas porque toma un sector de votos que provienen tanto de Cambiemos como del peronismo. \u00bfY Massa a qui\u00e9n le puede robar votos? Tanto a Larreta como a Milei. Si Massa logra que los votos para Alberto 2019 vuelvan al tronco original sacar\u00eda ventaja. Y le dejar\u00eda el problema a Cambiemos, principal preocupado por el libertario, ya que de all\u00ed\u00a0 provienen la mayor\u00eda de sus votos. La gran duda en todo esto es cu\u00e1ntos terminar\u00e1 sacando Milei. El libertario es la gran inc\u00f3gnita, porque est\u00e1 con graves problemas de armado pol\u00edtico. Las denuncias y rumores no hacen por ahora mella en sus electores.<\/h3>\n<h3>El tema es qui\u00e9n trabaja su boleta, qui\u00e9n habla con los vecinos. Su problema no est\u00e1 en las grandes ciudades, all\u00ed los votantes van solos al cuarto oscuro, su problema est\u00e1 en el Conurbano y los interiores provinciales donde los referentes locales tienen peso.<\/h3>\n<h3>Hay m\u00e1s de una provincia\u00a0 y municipio en donde no puede presentar candidatos. Por eso los tres tercios est\u00e1n en las encuestas, pero es dif\u00edcil saber si estar\u00e1n en las urnas. Si lo est\u00e1n ser\u00e1 la gran figura Y si no, de su caudal depende la diferencia porcentual entre las coaliciones y si hay o no segunda vuelta.<\/h3>\n<h3>La otra duda es sobre el presentismo ante un electorado cansado de los dirigentes y que ya aprendi\u00f3 que las PASO para ellos, solo es una gran encuesta.<\/h3>\n<h3><strong><em>* Consultor y analista pol\u00edtico.<\/em><\/strong><\/h3>\n","protected":false},"excerpt":{"rendered":"<p>Por Hugo Aime * La campa\u00f1a comenz\u00f3\u00a0 y ya nos llenamos de avisos por TV,&#8230;<\/p>\n","protected":false},"author":1,"featured_media":53,"comment_status":"closed","ping_status":"open","sticky":false,"template":"","format":"standard","meta":{"footnotes":""},"categories":[9],"tags":[],"class_list":["post-52","post","type-post","status-publish","format-standard","has-post-thumbnail","hentry","category-opinion"],"yoast_head":"<!-- This site is optimized with the Yoast SEO plugin v26.1.1 - https:\/\/yoast.com\/wordpress\/plugins\/seo\/ -->\n<title>LOS VOTOS POR MILEI DEFINEN LA ELECCI\u00d3N - Apuntes de San Luis<\/title>\n<meta name=\"robots\" content=\"index, follow, max-snippet:-1, max-image-preview:large, max-video-preview:-1\" \/>\n<link rel=\"canonical\" href=\"https:\/\/apuntesdesanluis.com\/index.php\/2023\/07\/15\/los-votos-por-milei-definen-la-eleccion\/\" \/>\n<meta property=\"og:locale\" content=\"es_ES\" \/>\n<meta property=\"og:type\" content=\"article\" \/>\n<meta property=\"og:title\" content=\"LOS VOTOS POR MILEI DEFINEN LA ELECCI\u00d3N - Apuntes de San Luis\" \/>\n<meta property=\"og:description\" content=\"Por Hugo Aime * La campa\u00f1a comenz\u00f3\u00a0 y ya nos llenamos de avisos por TV,...\" \/>\n<meta property=\"og:url\" content=\"https:\/\/apuntesdesanluis.com\/index.php\/2023\/07\/15\/los-votos-por-milei-definen-la-eleccion\/\" \/>\n<meta property=\"og:site_name\" content=\"Apuntes de San Luis\" \/>\n<meta property=\"article:published_time\" content=\"2023-07-15T23:33:51+00:00\" \/>\n<meta property=\"article:modified_time\" content=\"2023-07-17T03:43:54+00:00\" \/>\n<meta property=\"og:image\" content=\"https:\/\/apuntesdesanluis.com\/wp-content\/uploads\/2023\/07\/bulrich-milei-larreta-massa.webp\" \/>\n\t<meta property=\"og:image:width\" content=\"987\" \/>\n\t<meta property=\"og:image:height\" content=\"555\" \/>\n\t<meta property=\"og:image:type\" content=\"image\/webp\" \/>\n<meta name=\"author\" content=\"apuntesdesanluis.com\" \/>\n<meta name=\"twitter:card\" content=\"summary_large_image\" \/>\n<meta name=\"twitter:label1\" content=\"Escrito por\" \/>\n\t<meta name=\"twitter:data1\" content=\"apuntesdesanluis.com\" \/>\n\t<meta name=\"twitter:label2\" content=\"Tiempo de lectura\" \/>\n\t<meta name=\"twitter:data2\" content=\"4 minutos\" \/>\n<script type=\"application\/ld+json\" class=\"yoast-schema-graph\">{\"@context\":\"https:\/\/schema.org\",\"@graph\":[{\"@type\":\"Article\",\"@id\":\"https:\/\/apuntesdesanluis.com\/index.php\/2023\/07\/15\/los-votos-por-milei-definen-la-eleccion\/#article\",\"isPartOf\":{\"@id\":\"https:\/\/apuntesdesanluis.com\/index.php\/2023\/07\/15\/los-votos-por-milei-definen-la-eleccion\/\"},\"author\":{\"name\":\"apuntesdesanluis.com\",\"@id\":\"https:\/\/apuntesdesanluis.com\/#\/schema\/person\/b55151d52296fcce64d1a72538a70b90\"},\"headline\":\"LOS VOTOS POR MILEI DEFINEN LA ELECCI\u00d3N\",\"datePublished\":\"2023-07-15T23:33:51+00:00\",\"dateModified\":\"2023-07-17T03:43:54+00:00\",\"mainEntityOfPage\":{\"@id\":\"https:\/\/apuntesdesanluis.com\/index.php\/2023\/07\/15\/los-votos-por-milei-definen-la-eleccion\/\"},\"wordCount\":903,\"publisher\":{\"@id\":\"https:\/\/apuntesdesanluis.com\/#\/schema\/person\/b55151d52296fcce64d1a72538a70b90\"},\"image\":{\"@id\":\"https:\/\/apuntesdesanluis.com\/index.php\/2023\/07\/15\/los-votos-por-milei-definen-la-eleccion\/#primaryimage\"},\"thumbnailUrl\":\"https:\/\/apuntesdesanluis.com\/wp-content\/uploads\/2023\/07\/bulrich-milei-larreta-massa.webp\",\"articleSection\":[\"Opini\u00f3n\"],\"inLanguage\":\"es-AR\"},{\"@type\":\"WebPage\",\"@id\":\"https:\/\/apuntesdesanluis.com\/index.php\/2023\/07\/15\/los-votos-por-milei-definen-la-eleccion\/\",\"url\":\"https:\/\/apuntesdesanluis.com\/index.php\/2023\/07\/15\/los-votos-por-milei-definen-la-eleccion\/\",\"name\":\"LOS VOTOS POR MILEI DEFINEN LA ELECCI\u00d3N - Apuntes de San Luis\",\"isPartOf\":{\"@id\":\"https:\/\/apuntesdesanluis.com\/#website\"},\"primaryImageOfPage\":{\"@id\":\"https:\/\/apuntesdesanluis.com\/index.php\/2023\/07\/15\/los-votos-por-milei-definen-la-eleccion\/#primaryimage\"},\"image\":{\"@id\":\"https:\/\/apuntesdesanluis.com\/index.php\/2023\/07\/15\/los-votos-por-milei-definen-la-eleccion\/#primaryimage\"},\"thumbnailUrl\":\"https:\/\/apuntesdesanluis.com\/wp-content\/uploads\/2023\/07\/bulrich-milei-larreta-massa.webp\",\"datePublished\":\"2023-07-15T23:33:51+00:00\",\"dateModified\":\"2023-07-17T03:43:54+00:00\",\"breadcrumb\":{\"@id\":\"https:\/\/apuntesdesanluis.com\/index.php\/2023\/07\/15\/los-votos-por-milei-definen-la-eleccion\/#breadcrumb\"},\"inLanguage\":\"es-AR\",\"potentialAction\":[{\"@type\":\"ReadAction\",\"target\":[\"https:\/\/apuntesdesanluis.com\/index.php\/2023\/07\/15\/los-votos-por-milei-definen-la-eleccion\/\"]}]},{\"@type\":\"ImageObject\",\"inLanguage\":\"es-AR\",\"@id\":\"https:\/\/apuntesdesanluis.com\/index.php\/2023\/07\/15\/los-votos-por-milei-definen-la-eleccion\/#primaryimage\",\"url\":\"https:\/\/apuntesdesanluis.com\/wp-content\/uploads\/2023\/07\/bulrich-milei-larreta-massa.webp\",\"contentUrl\":\"https:\/\/apuntesdesanluis.com\/wp-content\/uploads\/2023\/07\/bulrich-milei-larreta-massa.webp\",\"width\":987,\"height\":555},{\"@type\":\"BreadcrumbList\",\"@id\":\"https:\/\/apuntesdesanluis.com\/index.php\/2023\/07\/15\/los-votos-por-milei-definen-la-eleccion\/#breadcrumb\",\"itemListElement\":[{\"@type\":\"ListItem\",\"position\":1,\"name\":\"Inicio\",\"item\":\"https:\/\/apuntesdesanluis.com\/\"},{\"@type\":\"ListItem\",\"position\":2,\"name\":\"LOS VOTOS POR MILEI DEFINEN LA ELECCI\u00d3N\"}]},{\"@type\":\"WebSite\",\"@id\":\"https:\/\/apuntesdesanluis.com\/#website\",\"url\":\"https:\/\/apuntesdesanluis.com\/\",\"name\":\"Apuntes de San Luis\",\"description\":\"\",\"publisher\":{\"@id\":\"https:\/\/apuntesdesanluis.com\/#\/schema\/person\/b55151d52296fcce64d1a72538a70b90\"},\"potentialAction\":[{\"@type\":\"SearchAction\",\"target\":{\"@type\":\"EntryPoint\",\"urlTemplate\":\"https:\/\/apuntesdesanluis.com\/?s={search_term_string}\"},\"query-input\":{\"@type\":\"PropertyValueSpecification\",\"valueRequired\":true,\"valueName\":\"search_term_string\"}}],\"inLanguage\":\"es-AR\"},{\"@type\":[\"Person\",\"Organization\"],\"@id\":\"https:\/\/apuntesdesanluis.com\/#\/schema\/person\/b55151d52296fcce64d1a72538a70b90\",\"name\":\"apuntesdesanluis.com\",\"image\":{\"@type\":\"ImageObject\",\"inLanguage\":\"es-AR\",\"@id\":\"https:\/\/apuntesdesanluis.com\/#\/schema\/person\/image\/\",\"url\":\"https:\/\/apuntesdesanluis.com\/wp-content\/uploads\/2023\/07\/cropped-apuntesdesanluis.png\",\"contentUrl\":\"https:\/\/apuntesdesanluis.com\/wp-content\/uploads\/2023\/07\/cropped-apuntesdesanluis.png\",\"width\":450,\"height\":112,\"caption\":\"apuntesdesanluis.com\"},\"logo\":{\"@id\":\"https:\/\/apuntesdesanluis.com\/#\/schema\/person\/image\/\"},\"sameAs\":[\"https:\/\/apuntesdesanluis.com\"],\"url\":\"https:\/\/apuntesdesanluis.com\/index.php\/author\/apuntesdesanluis-com\/\"}]}<\/script>\n<!-- \/ Yoast SEO plugin. -->","yoast_head_json":{"title":"LOS VOTOS POR MILEI DEFINEN LA ELECCI\u00d3N - Apuntes de San Luis","robots":{"index":"index","follow":"follow","max-snippet":"max-snippet:-1","max-image-preview":"max-image-preview:large","max-video-preview":"max-video-preview:-1"},"canonical":"https:\/\/apuntesdesanluis.com\/index.php\/2023\/07\/15\/los-votos-por-milei-definen-la-eleccion\/","og_locale":"es_ES","og_type":"article","og_title":"LOS VOTOS POR MILEI DEFINEN LA ELECCI\u00d3N - Apuntes de San Luis","og_description":"Por Hugo Aime * La campa\u00f1a comenz\u00f3\u00a0 y ya nos llenamos de avisos por TV,...","og_url":"https:\/\/apuntesdesanluis.com\/index.php\/2023\/07\/15\/los-votos-por-milei-definen-la-eleccion\/","og_site_name":"Apuntes de San Luis","article_published_time":"2023-07-15T23:33:51+00:00","article_modified_time":"2023-07-17T03:43:54+00:00","og_image":[{"width":987,"height":555,"url":"https:\/\/apuntesdesanluis.com\/wp-content\/uploads\/2023\/07\/bulrich-milei-larreta-massa.webp","type":"image\/webp"}],"author":"apuntesdesanluis.com","twitter_card":"summary_large_image","twitter_misc":{"Escrito por":"apuntesdesanluis.com","Tiempo de lectura":"4 minutos"},"schema":{"@context":"https:\/\/schema.org","@graph":[{"@type":"Article","@id":"https:\/\/apuntesdesanluis.com\/index.php\/2023\/07\/15\/los-votos-por-milei-definen-la-eleccion\/#article","isPartOf":{"@id":"https:\/\/apuntesdesanluis.com\/index.php\/2023\/07\/15\/los-votos-por-milei-definen-la-eleccion\/"},"author":{"name":"apuntesdesanluis.com","@id":"https:\/\/apuntesdesanluis.com\/#\/schema\/person\/b55151d52296fcce64d1a72538a70b90"},"headline":"LOS VOTOS POR MILEI DEFINEN LA ELECCI\u00d3N","datePublished":"2023-07-15T23:33:51+00:00","dateModified":"2023-07-17T03:43:54+00:00","mainEntityOfPage":{"@id":"https:\/\/apuntesdesanluis.com\/index.php\/2023\/07\/15\/los-votos-por-milei-definen-la-eleccion\/"},"wordCount":903,"publisher":{"@id":"https:\/\/apuntesdesanluis.com\/#\/schema\/person\/b55151d52296fcce64d1a72538a70b90"},"image":{"@id":"https:\/\/apuntesdesanluis.com\/index.php\/2023\/07\/15\/los-votos-por-milei-definen-la-eleccion\/#primaryimage"},"thumbnailUrl":"https:\/\/apuntesdesanluis.com\/wp-content\/uploads\/2023\/07\/bulrich-milei-larreta-massa.webp","articleSection":["Opini\u00f3n"],"inLanguage":"es-AR"},{"@type":"WebPage","@id":"https:\/\/apuntesdesanluis.com\/index.php\/2023\/07\/15\/los-votos-por-milei-definen-la-eleccion\/","url":"https:\/\/apuntesdesanluis.com\/index.php\/2023\/07\/15\/los-votos-por-milei-definen-la-eleccion\/","name":"LOS VOTOS POR MILEI DEFINEN LA ELECCI\u00d3N - Apuntes de San Luis","isPartOf":{"@id":"https:\/\/apuntesdesanluis.com\/#website"},"primaryImageOfPage":{"@id":"https:\/\/apuntesdesanluis.com\/index.php\/2023\/07\/15\/los-votos-por-milei-definen-la-eleccion\/#primaryimage"},"image":{"@id":"https:\/\/apuntesdesanluis.com\/index.php\/2023\/07\/15\/los-votos-por-milei-definen-la-eleccion\/#primaryimage"},"thumbnailUrl":"https:\/\/apuntesdesanluis.com\/wp-content\/uploads\/2023\/07\/bulrich-milei-larreta-massa.webp","datePublished":"2023-07-15T23:33:51+00:00","dateModified":"2023-07-17T03:43:54+00:00","breadcrumb":{"@id":"https:\/\/apuntesdesanluis.com\/index.php\/2023\/07\/15\/los-votos-por-milei-definen-la-eleccion\/#breadcrumb"},"inLanguage":"es-AR","potentialAction":[{"@type":"ReadAction","target":["https:\/\/apuntesdesanluis.com\/index.php\/2023\/07\/15\/los-votos-por-milei-definen-la-eleccion\/"]}]},{"@type":"ImageObject","inLanguage":"es-AR","@id":"https:\/\/apuntesdesanluis.com\/index.php\/2023\/07\/15\/los-votos-por-milei-definen-la-eleccion\/#primaryimage","url":"https:\/\/apuntesdesanluis.com\/wp-content\/uploads\/2023\/07\/bulrich-milei-larreta-massa.webp","contentUrl":"https:\/\/apuntesdesanluis.com\/wp-content\/uploads\/2023\/07\/bulrich-milei-larreta-massa.webp","width":987,"height":555},{"@type":"BreadcrumbList","@id":"https:\/\/apuntesdesanluis.com\/index.php\/2023\/07\/15\/los-votos-por-milei-definen-la-eleccion\/#breadcrumb","itemListElement":[{"@type":"ListItem","position":1,"name":"Inicio","item":"https:\/\/apuntesdesanluis.com\/"},{"@type":"ListItem","position":2,"name":"LOS VOTOS POR MILEI DEFINEN LA ELECCI\u00d3N"}]},{"@type":"WebSite","@id":"https:\/\/apuntesdesanluis.com\/#website","url":"https:\/\/apuntesdesanluis.com\/","name":"Apuntes de San Luis","description":"","publisher":{"@id":"https:\/\/apuntesdesanluis.com\/#\/schema\/person\/b55151d52296fcce64d1a72538a70b90"},"potentialAction":[{"@type":"SearchAction","target":{"@type":"EntryPoint","urlTemplate":"https:\/\/apuntesdesanluis.com\/?s={search_term_string}"},"query-input":{"@type":"PropertyValueSpecification","valueRequired":true,"valueName":"search_term_string"}}],"inLanguage":"es-AR"},{"@type":["Person","Organization"],"@id":"https:\/\/apuntesdesanluis.com\/#\/schema\/person\/b55151d52296fcce64d1a72538a70b90","name":"apuntesdesanluis.com","image":{"@type":"ImageObject","inLanguage":"es-AR","@id":"https:\/\/apuntesdesanluis.com\/#\/schema\/person\/image\/","url":"https:\/\/apuntesdesanluis.com\/wp-content\/uploads\/2023\/07\/cropped-apuntesdesanluis.png","contentUrl":"https:\/\/apuntesdesanluis.com\/wp-content\/uploads\/2023\/07\/cropped-apuntesdesanluis.png","width":450,"height":112,"caption":"apuntesdesanluis.com"},"logo":{"@id":"https:\/\/apuntesdesanluis.com\/#\/schema\/person\/image\/"},"sameAs":["https:\/\/apuntesdesanluis.com"],"url":"https:\/\/apuntesdesanluis.com\/index.php\/author\/apuntesdesanluis-com\/"}]}},"featured_image_urls":{"full":["https:\/\/apuntesdesanluis.com\/wp-content\/uploads\/2023\/07\/bulrich-milei-larreta-massa.webp",987,555,false],"thumbnail":["https:\/\/apuntesdesanluis.com\/wp-content\/uploads\/2023\/07\/bulrich-milei-larreta-massa-150x150.webp",150,150,true],"medium":["https:\/\/apuntesdesanluis.com\/wp-content\/uploads\/2023\/07\/bulrich-milei-larreta-massa-300x169.webp",300,169,true],"medium_large":["https:\/\/apuntesdesanluis.com\/wp-content\/uploads\/2023\/07\/bulrich-milei-larreta-massa-768x432.webp",640,360,true],"large":["https:\/\/apuntesdesanluis.com\/wp-content\/uploads\/2023\/07\/bulrich-milei-larreta-massa.webp",640,360,false],"1536x1536":["https:\/\/apuntesdesanluis.com\/wp-content\/uploads\/2023\/07\/bulrich-milei-larreta-massa.webp",987,555,false],"2048x2048":["https:\/\/apuntesdesanluis.com\/wp-content\/uploads\/2023\/07\/bulrich-milei-larreta-massa.webp",987,555,false],"newsever-slider-full":["https:\/\/apuntesdesanluis.com\/wp-content\/uploads\/2023\/07\/bulrich-milei-larreta-massa.webp",987,555,false],"newsever-featured":["https:\/\/apuntesdesanluis.com\/wp-content\/uploads\/2023\/07\/bulrich-milei-larreta-massa.webp",987,555,false],"newsever-medium":["https:\/\/apuntesdesanluis.com\/wp-content\/uploads\/2023\/07\/bulrich-milei-larreta-massa-720x475.webp",720,475,true]},"author_info":{"display_name":"apuntesdesanluis.com","author_link":"https:\/\/apuntesdesanluis.com\/index.php\/author\/apuntesdesanluis-com\/"},"category_info":"<a href=\"https:\/\/apuntesdesanluis.com\/index.php\/category\/opinion\/\" rel=\"category tag\">Opini\u00f3n<\/a>","tag_info":"Opini\u00f3n","comment_count":"0","_links":{"self":[{"href":"https:\/\/apuntesdesanluis.com\/index.php\/wp-json\/wp\/v2\/posts\/52","targetHints":{"allow":["GET"]}}],"collection":[{"href":"https:\/\/apuntesdesanluis.com\/index.php\/wp-json\/wp\/v2\/posts"}],"about":[{"href":"https:\/\/apuntesdesanluis.com\/index.php\/wp-json\/wp\/v2\/types\/post"}],"author":[{"embeddable":true,"href":"https:\/\/apuntesdesanluis.com\/index.php\/wp-json\/wp\/v2\/users\/1"}],"replies":[{"embeddable":true,"href":"https:\/\/apuntesdesanluis.com\/index.php\/wp-json\/wp\/v2\/comments?post=52"}],"version-history":[{"count":0,"href":"https:\/\/apuntesdesanluis.com\/index.php\/wp-json\/wp\/v2\/posts\/52\/revisions"}],"wp:featuredmedia":[{"embeddable":true,"href":"https:\/\/apuntesdesanluis.com\/index.php\/wp-json\/wp\/v2\/media\/53"}],"wp:attachment":[{"href":"https:\/\/apuntesdesanluis.com\/index.php\/wp-json\/wp\/v2\/media?parent=52"}],"wp:term":[{"taxonomy":"category","embeddable":true,"href":"https:\/\/apuntesdesanluis.com\/index.php\/wp-json\/wp\/v2\/categories?post=52"},{"taxonomy":"post_tag","embeddable":true,"href":"https:\/\/apuntesdesanluis.com\/index.php\/wp-json\/wp\/v2\/tags?post=52"}],"curies":[{"name":"wp","href":"https:\/\/api.w.org\/{rel}","templated":true}]}}