{"id":5210,"date":"2023-10-16T10:38:25","date_gmt":"2023-10-16T13:38:25","guid":{"rendered":"https:\/\/apuntesdesanluis.com\/?p=5210"},"modified":"2023-10-16T10:38:25","modified_gmt":"2023-10-16T13:38:25","slug":"conversemos-para-ponernos-de-acuerdo-el-proceso-de-mediacion","status":"publish","type":"post","link":"https:\/\/apuntesdesanluis.com\/index.php\/2023\/10\/16\/conversemos-para-ponernos-de-acuerdo-el-proceso-de-mediacion\/","title":{"rendered":"\u201cCONVERSEMOS PARA PONERNOS DE ACUERDO\u201d: EL PROCESO DE MEDIACI\u00d3N"},"content":{"rendered":"<h3>\u00bfEn qu\u00e9 consiste el proceso de mediaci\u00f3n? \u00bfHay que presentarse con un abogado o abogada? \u00bfQu\u00e9 validez tienen los acuerdos? En este segundo episodio del podcast de mediaci\u00f3n elaborado por el sitio informativo del Poder Judicial, la Coordinadora Marta Gonz\u00e1lez comenta las principales caracter\u00edsticas del procedimiento.<\/h3>\n<h3>En el mes de septiembre, la Oficina de Prensa estren\u00f3 el ciclo de podcasts: \u201cConversemos para ponernos de acuerdo\u201d, una producci\u00f3n sonora destinada a dar a conocer las caracter\u00edsticas y beneficios del servicio de Mediaci\u00f3n ofrecido por el Poder Judicial de San Luis.<\/h3>\n<h3>En la segunda entrega del ciclo, la Coordinadora de Mediaci\u00f3n de la Tercera Circunscripci\u00f3n Judicial, <strong>Marta Gonz\u00e1lez<\/strong>, explica c\u00f3mo se lleva a cabo una mediaci\u00f3n, cu\u00e1nto dura el proceso, cu\u00e1l es la validez de los acuerdos, el rol de mediadores\/as y abogados\/as, y en qu\u00e9 se diferencia del proceso judicial.<\/h3>\n<p><iframe title=\"CONVERSEMOS PARA PONERNOS DE ACUERDO - EPISODIO 2:  EL PROCESO DE MEDIACI\u00d3N\" width=\"640\" height=\"360\" src=\"https:\/\/www.youtube.com\/embed\/gqhtXKFsTC4?feature=oembed\" frameborder=\"0\" allow=\"accelerometer; autoplay; clipboard-write; encrypted-media; gyroscope; picture-in-picture; web-share\" referrerpolicy=\"strict-origin-when-cross-origin\" allowfullscreen><\/iframe><\/p>\n<h3>Tambi\u00e9n, se comparte el enlace del primer episodio, titulado: \u201cCaracter\u00edsticas de la Mediaci\u00f3n\u201d, donde la Directora Coordinadora de los Centros de Mediaci\u00f3n de la provincia, <strong>M\u00f3nica Corval\u00e1n<\/strong>, detalla en qu\u00e9 consiste dicho m\u00e9todo de resoluci\u00f3n pac\u00edfica de conflictos y en qu\u00e9 casos resulta aplicable.<\/h3>\n<p><iframe title=\"CONVERSEMOS PARA PONERNOS DE ACUERDO - EPISODIO 1: CARACTER\u00cdSTICAS DE LA MEDIACI\u00d3N\" width=\"640\" height=\"360\" src=\"https:\/\/www.youtube.com\/embed\/0R24ybvGqmU?feature=oembed\" frameborder=\"0\" allow=\"accelerometer; autoplay; clipboard-write; encrypted-media; gyroscope; picture-in-picture; web-share\" referrerpolicy=\"strict-origin-when-cross-origin\" allowfullscreen><\/iframe><\/p>\n<p>&nbsp;<\/p>\n<p>&nbsp;<\/p>\n<p>&nbsp;<\/p>\n","protected":false},"excerpt":{"rendered":"<p>\u00bfEn qu\u00e9 consiste el proceso de mediaci\u00f3n? \u00bfHay que presentarse con un abogado o abogada?&#8230;<\/p>\n","protected":false},"author":1,"featured_media":5211,"comment_status":"closed","ping_status":"closed","sticky":false,"template":"","format":"standard","meta":{"footnotes":""},"categories":[9],"tags":[],"class_list":["post-5210","post","type-post","status-publish","format-standard","has-post-thumbnail","hentry","category-opinion"],"yoast_head":"<!-- This site is optimized with the Yoast SEO plugin v26.1.1 - https:\/\/yoast.com\/wordpress\/plugins\/seo\/ -->\n<title>\u201cCONVERSEMOS PARA PONERNOS DE ACUERDO\u201d: EL PROCESO DE MEDIACI\u00d3N - Apuntes de San Luis<\/title>\n<meta name=\"robots\" content=\"index, follow, max-snippet:-1, max-image-preview:large, max-video-preview:-1\" \/>\n<link rel=\"canonical\" href=\"https:\/\/apuntesdesanluis.com\/index.php\/2023\/10\/16\/conversemos-para-ponernos-de-acuerdo-el-proceso-de-mediacion\/\" \/>\n<meta property=\"og:locale\" content=\"es_ES\" \/>\n<meta property=\"og:type\" content=\"article\" \/>\n<meta property=\"og:title\" content=\"\u201cCONVERSEMOS PARA PONERNOS DE ACUERDO\u201d: EL PROCESO DE MEDIACI\u00d3N - Apuntes de San Luis\" \/>\n<meta property=\"og:description\" content=\"\u00bfEn qu\u00e9 consiste el proceso de mediaci\u00f3n? \u00bfHay que presentarse con un abogado o abogada?...\" \/>\n<meta property=\"og:url\" content=\"https:\/\/apuntesdesanluis.com\/index.php\/2023\/10\/16\/conversemos-para-ponernos-de-acuerdo-el-proceso-de-mediacion\/\" \/>\n<meta property=\"og:site_name\" content=\"Apuntes de San Luis\" \/>\n<meta property=\"article:published_time\" content=\"2023-10-16T13:38:25+00:00\" \/>\n<meta property=\"og:image\" content=\"https:\/\/apuntesdesanluis.com\/wp-content\/uploads\/2023\/10\/mediacion-acuerdo.png\" \/>\n\t<meta property=\"og:image:width\" content=\"600\" \/>\n\t<meta property=\"og:image:height\" content=\"384\" \/>\n\t<meta property=\"og:image:type\" content=\"image\/png\" \/>\n<meta name=\"author\" content=\"apuntesdesanluis.com\" \/>\n<meta name=\"twitter:card\" content=\"summary_large_image\" \/>\n<meta name=\"twitter:label1\" content=\"Escrito por\" \/>\n\t<meta name=\"twitter:data1\" content=\"apuntesdesanluis.com\" \/>\n\t<meta name=\"twitter:label2\" content=\"Tiempo de lectura\" \/>\n\t<meta name=\"twitter:data2\" content=\"1 minuto\" \/>\n<script type=\"application\/ld+json\" class=\"yoast-schema-graph\">{\"@context\":\"https:\/\/schema.org\",\"@graph\":[{\"@type\":\"Article\",\"@id\":\"https:\/\/apuntesdesanluis.com\/index.php\/2023\/10\/16\/conversemos-para-ponernos-de-acuerdo-el-proceso-de-mediacion\/#article\",\"isPartOf\":{\"@id\":\"https:\/\/apuntesdesanluis.com\/index.php\/2023\/10\/16\/conversemos-para-ponernos-de-acuerdo-el-proceso-de-mediacion\/\"},\"author\":{\"name\":\"apuntesdesanluis.com\",\"@id\":\"https:\/\/apuntesdesanluis.com\/#\/schema\/person\/b55151d52296fcce64d1a72538a70b90\"},\"headline\":\"\u201cCONVERSEMOS PARA PONERNOS DE ACUERDO\u201d: EL PROCESO DE MEDIACI\u00d3N\",\"datePublished\":\"2023-10-16T13:38:25+00:00\",\"mainEntityOfPage\":{\"@id\":\"https:\/\/apuntesdesanluis.com\/index.php\/2023\/10\/16\/conversemos-para-ponernos-de-acuerdo-el-proceso-de-mediacion\/\"},\"wordCount\":234,\"publisher\":{\"@id\":\"https:\/\/apuntesdesanluis.com\/#\/schema\/person\/b55151d52296fcce64d1a72538a70b90\"},\"image\":{\"@id\":\"https:\/\/apuntesdesanluis.com\/index.php\/2023\/10\/16\/conversemos-para-ponernos-de-acuerdo-el-proceso-de-mediacion\/#primaryimage\"},\"thumbnailUrl\":\"https:\/\/apuntesdesanluis.com\/wp-content\/uploads\/2023\/10\/mediacion-acuerdo.png\",\"articleSection\":[\"Opini\u00f3n\"],\"inLanguage\":\"es-AR\"},{\"@type\":\"WebPage\",\"@id\":\"https:\/\/apuntesdesanluis.com\/index.php\/2023\/10\/16\/conversemos-para-ponernos-de-acuerdo-el-proceso-de-mediacion\/\",\"url\":\"https:\/\/apuntesdesanluis.com\/index.php\/2023\/10\/16\/conversemos-para-ponernos-de-acuerdo-el-proceso-de-mediacion\/\",\"name\":\"\u201cCONVERSEMOS PARA PONERNOS DE ACUERDO\u201d: EL PROCESO DE MEDIACI\u00d3N - Apuntes de San Luis\",\"isPartOf\":{\"@id\":\"https:\/\/apuntesdesanluis.com\/#website\"},\"primaryImageOfPage\":{\"@id\":\"https:\/\/apuntesdesanluis.com\/index.php\/2023\/10\/16\/conversemos-para-ponernos-de-acuerdo-el-proceso-de-mediacion\/#primaryimage\"},\"image\":{\"@id\":\"https:\/\/apuntesdesanluis.com\/index.php\/2023\/10\/16\/conversemos-para-ponernos-de-acuerdo-el-proceso-de-mediacion\/#primaryimage\"},\"thumbnailUrl\":\"https:\/\/apuntesdesanluis.com\/wp-content\/uploads\/2023\/10\/mediacion-acuerdo.png\",\"datePublished\":\"2023-10-16T13:38:25+00:00\",\"breadcrumb\":{\"@id\":\"https:\/\/apuntesdesanluis.com\/index.php\/2023\/10\/16\/conversemos-para-ponernos-de-acuerdo-el-proceso-de-mediacion\/#breadcrumb\"},\"inLanguage\":\"es-AR\",\"potentialAction\":[{\"@type\":\"ReadAction\",\"target\":[\"https:\/\/apuntesdesanluis.com\/index.php\/2023\/10\/16\/conversemos-para-ponernos-de-acuerdo-el-proceso-de-mediacion\/\"]}]},{\"@type\":\"ImageObject\",\"inLanguage\":\"es-AR\",\"@id\":\"https:\/\/apuntesdesanluis.com\/index.php\/2023\/10\/16\/conversemos-para-ponernos-de-acuerdo-el-proceso-de-mediacion\/#primaryimage\",\"url\":\"https:\/\/apuntesdesanluis.com\/wp-content\/uploads\/2023\/10\/mediacion-acuerdo.png\",\"contentUrl\":\"https:\/\/apuntesdesanluis.com\/wp-content\/uploads\/2023\/10\/mediacion-acuerdo.png\",\"width\":600,\"height\":384},{\"@type\":\"BreadcrumbList\",\"@id\":\"https:\/\/apuntesdesanluis.com\/index.php\/2023\/10\/16\/conversemos-para-ponernos-de-acuerdo-el-proceso-de-mediacion\/#breadcrumb\",\"itemListElement\":[{\"@type\":\"ListItem\",\"position\":1,\"name\":\"Inicio\",\"item\":\"https:\/\/apuntesdesanluis.com\/\"},{\"@type\":\"ListItem\",\"position\":2,\"name\":\"\u201cCONVERSEMOS PARA PONERNOS DE ACUERDO\u201d: EL PROCESO DE MEDIACI\u00d3N\"}]},{\"@type\":\"WebSite\",\"@id\":\"https:\/\/apuntesdesanluis.com\/#website\",\"url\":\"https:\/\/apuntesdesanluis.com\/\",\"name\":\"Apuntes de San Luis\",\"description\":\"\",\"publisher\":{\"@id\":\"https:\/\/apuntesdesanluis.com\/#\/schema\/person\/b55151d52296fcce64d1a72538a70b90\"},\"potentialAction\":[{\"@type\":\"SearchAction\",\"target\":{\"@type\":\"EntryPoint\",\"urlTemplate\":\"https:\/\/apuntesdesanluis.com\/?s={search_term_string}\"},\"query-input\":{\"@type\":\"PropertyValueSpecification\",\"valueRequired\":true,\"valueName\":\"search_term_string\"}}],\"inLanguage\":\"es-AR\"},{\"@type\":[\"Person\",\"Organization\"],\"@id\":\"https:\/\/apuntesdesanluis.com\/#\/schema\/person\/b55151d52296fcce64d1a72538a70b90\",\"name\":\"apuntesdesanluis.com\",\"image\":{\"@type\":\"ImageObject\",\"inLanguage\":\"es-AR\",\"@id\":\"https:\/\/apuntesdesanluis.com\/#\/schema\/person\/image\/\",\"url\":\"https:\/\/apuntesdesanluis.com\/wp-content\/uploads\/2023\/07\/cropped-apuntesdesanluis.png\",\"contentUrl\":\"https:\/\/apuntesdesanluis.com\/wp-content\/uploads\/2023\/07\/cropped-apuntesdesanluis.png\",\"width\":450,\"height\":112,\"caption\":\"apuntesdesanluis.com\"},\"logo\":{\"@id\":\"https:\/\/apuntesdesanluis.com\/#\/schema\/person\/image\/\"},\"sameAs\":[\"https:\/\/apuntesdesanluis.com\"],\"url\":\"https:\/\/apuntesdesanluis.com\/index.php\/author\/apuntesdesanluis-com\/\"}]}<\/script>\n<!-- \/ Yoast SEO plugin. -->","yoast_head_json":{"title":"\u201cCONVERSEMOS PARA PONERNOS DE ACUERDO\u201d: EL PROCESO DE MEDIACI\u00d3N - Apuntes de San Luis","robots":{"index":"index","follow":"follow","max-snippet":"max-snippet:-1","max-image-preview":"max-image-preview:large","max-video-preview":"max-video-preview:-1"},"canonical":"https:\/\/apuntesdesanluis.com\/index.php\/2023\/10\/16\/conversemos-para-ponernos-de-acuerdo-el-proceso-de-mediacion\/","og_locale":"es_ES","og_type":"article","og_title":"\u201cCONVERSEMOS PARA PONERNOS DE ACUERDO\u201d: EL PROCESO DE MEDIACI\u00d3N - Apuntes de San Luis","og_description":"\u00bfEn qu\u00e9 consiste el proceso de mediaci\u00f3n? \u00bfHay que presentarse con un abogado o abogada?...","og_url":"https:\/\/apuntesdesanluis.com\/index.php\/2023\/10\/16\/conversemos-para-ponernos-de-acuerdo-el-proceso-de-mediacion\/","og_site_name":"Apuntes de San Luis","article_published_time":"2023-10-16T13:38:25+00:00","og_image":[{"width":600,"height":384,"url":"https:\/\/apuntesdesanluis.com\/wp-content\/uploads\/2023\/10\/mediacion-acuerdo.png","type":"image\/png"}],"author":"apuntesdesanluis.com","twitter_card":"summary_large_image","twitter_misc":{"Escrito por":"apuntesdesanluis.com","Tiempo de lectura":"1 minuto"},"schema":{"@context":"https:\/\/schema.org","@graph":[{"@type":"Article","@id":"https:\/\/apuntesdesanluis.com\/index.php\/2023\/10\/16\/conversemos-para-ponernos-de-acuerdo-el-proceso-de-mediacion\/#article","isPartOf":{"@id":"https:\/\/apuntesdesanluis.com\/index.php\/2023\/10\/16\/conversemos-para-ponernos-de-acuerdo-el-proceso-de-mediacion\/"},"author":{"name":"apuntesdesanluis.com","@id":"https:\/\/apuntesdesanluis.com\/#\/schema\/person\/b55151d52296fcce64d1a72538a70b90"},"headline":"\u201cCONVERSEMOS PARA PONERNOS DE ACUERDO\u201d: EL PROCESO DE MEDIACI\u00d3N","datePublished":"2023-10-16T13:38:25+00:00","mainEntityOfPage":{"@id":"https:\/\/apuntesdesanluis.com\/index.php\/2023\/10\/16\/conversemos-para-ponernos-de-acuerdo-el-proceso-de-mediacion\/"},"wordCount":234,"publisher":{"@id":"https:\/\/apuntesdesanluis.com\/#\/schema\/person\/b55151d52296fcce64d1a72538a70b90"},"image":{"@id":"https:\/\/apuntesdesanluis.com\/index.php\/2023\/10\/16\/conversemos-para-ponernos-de-acuerdo-el-proceso-de-mediacion\/#primaryimage"},"thumbnailUrl":"https:\/\/apuntesdesanluis.com\/wp-content\/uploads\/2023\/10\/mediacion-acuerdo.png","articleSection":["Opini\u00f3n"],"inLanguage":"es-AR"},{"@type":"WebPage","@id":"https:\/\/apuntesdesanluis.com\/index.php\/2023\/10\/16\/conversemos-para-ponernos-de-acuerdo-el-proceso-de-mediacion\/","url":"https:\/\/apuntesdesanluis.com\/index.php\/2023\/10\/16\/conversemos-para-ponernos-de-acuerdo-el-proceso-de-mediacion\/","name":"\u201cCONVERSEMOS PARA PONERNOS DE ACUERDO\u201d: EL PROCESO DE MEDIACI\u00d3N - Apuntes de San Luis","isPartOf":{"@id":"https:\/\/apuntesdesanluis.com\/#website"},"primaryImageOfPage":{"@id":"https:\/\/apuntesdesanluis.com\/index.php\/2023\/10\/16\/conversemos-para-ponernos-de-acuerdo-el-proceso-de-mediacion\/#primaryimage"},"image":{"@id":"https:\/\/apuntesdesanluis.com\/index.php\/2023\/10\/16\/conversemos-para-ponernos-de-acuerdo-el-proceso-de-mediacion\/#primaryimage"},"thumbnailUrl":"https:\/\/apuntesdesanluis.com\/wp-content\/uploads\/2023\/10\/mediacion-acuerdo.png","datePublished":"2023-10-16T13:38:25+00:00","breadcrumb":{"@id":"https:\/\/apuntesdesanluis.com\/index.php\/2023\/10\/16\/conversemos-para-ponernos-de-acuerdo-el-proceso-de-mediacion\/#breadcrumb"},"inLanguage":"es-AR","potentialAction":[{"@type":"ReadAction","target":["https:\/\/apuntesdesanluis.com\/index.php\/2023\/10\/16\/conversemos-para-ponernos-de-acuerdo-el-proceso-de-mediacion\/"]}]},{"@type":"ImageObject","inLanguage":"es-AR","@id":"https:\/\/apuntesdesanluis.com\/index.php\/2023\/10\/16\/conversemos-para-ponernos-de-acuerdo-el-proceso-de-mediacion\/#primaryimage","url":"https:\/\/apuntesdesanluis.com\/wp-content\/uploads\/2023\/10\/mediacion-acuerdo.png","contentUrl":"https:\/\/apuntesdesanluis.com\/wp-content\/uploads\/2023\/10\/mediacion-acuerdo.png","width":600,"height":384},{"@type":"BreadcrumbList","@id":"https:\/\/apuntesdesanluis.com\/index.php\/2023\/10\/16\/conversemos-para-ponernos-de-acuerdo-el-proceso-de-mediacion\/#breadcrumb","itemListElement":[{"@type":"ListItem","position":1,"name":"Inicio","item":"https:\/\/apuntesdesanluis.com\/"},{"@type":"ListItem","position":2,"name":"\u201cCONVERSEMOS PARA PONERNOS DE ACUERDO\u201d: EL PROCESO DE MEDIACI\u00d3N"}]},{"@type":"WebSite","@id":"https:\/\/apuntesdesanluis.com\/#website","url":"https:\/\/apuntesdesanluis.com\/","name":"Apuntes de San Luis","description":"","publisher":{"@id":"https:\/\/apuntesdesanluis.com\/#\/schema\/person\/b55151d52296fcce64d1a72538a70b90"},"potentialAction":[{"@type":"SearchAction","target":{"@type":"EntryPoint","urlTemplate":"https:\/\/apuntesdesanluis.com\/?s={search_term_string}"},"query-input":{"@type":"PropertyValueSpecification","valueRequired":true,"valueName":"search_term_string"}}],"inLanguage":"es-AR"},{"@type":["Person","Organization"],"@id":"https:\/\/apuntesdesanluis.com\/#\/schema\/person\/b55151d52296fcce64d1a72538a70b90","name":"apuntesdesanluis.com","image":{"@type":"ImageObject","inLanguage":"es-AR","@id":"https:\/\/apuntesdesanluis.com\/#\/schema\/person\/image\/","url":"https:\/\/apuntesdesanluis.com\/wp-content\/uploads\/2023\/07\/cropped-apuntesdesanluis.png","contentUrl":"https:\/\/apuntesdesanluis.com\/wp-content\/uploads\/2023\/07\/cropped-apuntesdesanluis.png","width":450,"height":112,"caption":"apuntesdesanluis.com"},"logo":{"@id":"https:\/\/apuntesdesanluis.com\/#\/schema\/person\/image\/"},"sameAs":["https:\/\/apuntesdesanluis.com"],"url":"https:\/\/apuntesdesanluis.com\/index.php\/author\/apuntesdesanluis-com\/"}]}},"featured_image_urls":{"full":["https:\/\/apuntesdesanluis.com\/wp-content\/uploads\/2023\/10\/mediacion-acuerdo.png",600,384,false],"thumbnail":["https:\/\/apuntesdesanluis.com\/wp-content\/uploads\/2023\/10\/mediacion-acuerdo-150x150.png",150,150,true],"medium":["https:\/\/apuntesdesanluis.com\/wp-content\/uploads\/2023\/10\/mediacion-acuerdo-300x192.png",300,192,true],"medium_large":["https:\/\/apuntesdesanluis.com\/wp-content\/uploads\/2023\/10\/mediacion-acuerdo.png",600,384,false],"large":["https:\/\/apuntesdesanluis.com\/wp-content\/uploads\/2023\/10\/mediacion-acuerdo.png",600,384,false],"1536x1536":["https:\/\/apuntesdesanluis.com\/wp-content\/uploads\/2023\/10\/mediacion-acuerdo.png",600,384,false],"2048x2048":["https:\/\/apuntesdesanluis.com\/wp-content\/uploads\/2023\/10\/mediacion-acuerdo.png",600,384,false],"newsever-slider-full":["https:\/\/apuntesdesanluis.com\/wp-content\/uploads\/2023\/10\/mediacion-acuerdo.png",600,384,false],"newsever-featured":["https:\/\/apuntesdesanluis.com\/wp-content\/uploads\/2023\/10\/mediacion-acuerdo.png",600,384,false],"newsever-medium":["https:\/\/apuntesdesanluis.com\/wp-content\/uploads\/2023\/10\/mediacion-acuerdo.png",600,384,false]},"author_info":{"display_name":"apuntesdesanluis.com","author_link":"https:\/\/apuntesdesanluis.com\/index.php\/author\/apuntesdesanluis-com\/"},"category_info":"<a href=\"https:\/\/apuntesdesanluis.com\/index.php\/category\/opinion\/\" rel=\"category tag\">Opini\u00f3n<\/a>","tag_info":"Opini\u00f3n","comment_count":"0","_links":{"self":[{"href":"https:\/\/apuntesdesanluis.com\/index.php\/wp-json\/wp\/v2\/posts\/5210","targetHints":{"allow":["GET"]}}],"collection":[{"href":"https:\/\/apuntesdesanluis.com\/index.php\/wp-json\/wp\/v2\/posts"}],"about":[{"href":"https:\/\/apuntesdesanluis.com\/index.php\/wp-json\/wp\/v2\/types\/post"}],"author":[{"embeddable":true,"href":"https:\/\/apuntesdesanluis.com\/index.php\/wp-json\/wp\/v2\/users\/1"}],"replies":[{"embeddable":true,"href":"https:\/\/apuntesdesanluis.com\/index.php\/wp-json\/wp\/v2\/comments?post=5210"}],"version-history":[{"count":1,"href":"https:\/\/apuntesdesanluis.com\/index.php\/wp-json\/wp\/v2\/posts\/5210\/revisions"}],"predecessor-version":[{"id":5212,"href":"https:\/\/apuntesdesanluis.com\/index.php\/wp-json\/wp\/v2\/posts\/5210\/revisions\/5212"}],"wp:featuredmedia":[{"embeddable":true,"href":"https:\/\/apuntesdesanluis.com\/index.php\/wp-json\/wp\/v2\/media\/5211"}],"wp:attachment":[{"href":"https:\/\/apuntesdesanluis.com\/index.php\/wp-json\/wp\/v2\/media?parent=5210"}],"wp:term":[{"taxonomy":"category","embeddable":true,"href":"https:\/\/apuntesdesanluis.com\/index.php\/wp-json\/wp\/v2\/categories?post=5210"},{"taxonomy":"post_tag","embeddable":true,"href":"https:\/\/apuntesdesanluis.com\/index.php\/wp-json\/wp\/v2\/tags?post=5210"}],"curies":[{"name":"wp","href":"https:\/\/api.w.org\/{rel}","templated":true}]}}