{"id":5224,"date":"2023-10-16T19:13:27","date_gmt":"2023-10-16T22:13:27","guid":{"rendered":"https:\/\/apuntesdesanluis.com\/?p=5224"},"modified":"2023-10-16T19:14:20","modified_gmt":"2023-10-16T22:14:20","slug":"exitoso-fin-de-semana-en-la-villa-de-merlo","status":"publish","type":"post","link":"https:\/\/apuntesdesanluis.com\/index.php\/2023\/10\/16\/exitoso-fin-de-semana-en-la-villa-de-merlo\/","title":{"rendered":"MILES DE FAMILIAS VISITARON EL FIN DE SEMANA LA VILLA DE MERLO"},"content":{"rendered":"<h3>El fin de semana XXL fue un \u00e9xito en la Villa de Merlo, que fue elegida por miles de familias que decidieron visitarla y disfrutar de todas las propuestas.<\/h3>\n<h3>\u201cEsto es el fruto de un trabajo en conjunto con el EMIPROTUR, el Municipio y el sector privado integrado por hoteleros, caba\u00f1eros, comerciantes\u201d, destac\u00f3 el \u00e1rea de Turismo de la villa.<\/h3>\n<h3>Agreg\u00f3 que \u201cuno de los principales objetivos de la gesti\u00f3n del intendente Juan \u00c1lvarez Pinto es que la Villa de Merlo est\u00e9 entre los diez lugares de preferencia del p\u00fablico nacional; no solo por su compromiso personal, sino tambi\u00e9n por el beneficio de toda la comunidad\u201d.<\/h3>\n<h3>Con 16.000 camas disponibles, 10.000 puestos de trabajos directos e indirectos y un desarrollo tur\u00edstico en constante crecimiento, el enfoque en la econom\u00eda regional y local se convirti\u00f3 en el eje central de la promoci\u00f3n de la Villa de Merlo.<\/h3>\n<p><img fetchpriority=\"high\" decoding=\"async\" class=\"wp-image-5226 aligncenter\" src=\"https:\/\/apuntesdesanluis.com\/wp-content\/uploads\/2023\/10\/merlo-paisae-300x179.png\" alt=\"\" width=\"677\" height=\"404\" srcset=\"https:\/\/apuntesdesanluis.com\/wp-content\/uploads\/2023\/10\/merlo-paisae-300x179.png 300w, https:\/\/apuntesdesanluis.com\/wp-content\/uploads\/2023\/10\/merlo-paisae.png 600w\" sizes=\"(max-width: 677px) 100vw, 677px\" \/><\/p>\n<h3>De esta manera, el municipio a trav\u00e9s de la Secretar\u00eda de Gesti\u00f3n, Calidad y Productos Tur\u00edsticos junto con el EMIPROTUR, los gu\u00edas de turismo urbano y activos, con las agencias de turismo, con los hoteleros y caba\u00f1eros, la C\u00e1mara de Comercio trabajaron y contin\u00faan trabajando en conjunto para lograr mantener a esta pujante localidad posicionada entre las 10 m\u00e1s elegidas en el orden nacional.<\/h3>\n<h3>La promoci\u00f3n es destacada, Merlo est\u00e1 presente en la campa\u00f1a de pantallas LED en los subtes de Buenos Aires, en diario Clar\u00edn, Revista Weekend, Radios de Mendoza, San Juan, La Pampa, Catamarca, C\u00f3rdoba, Santa Fe y Rosario, acciones que permiten llegar a cumplir este objetivo-<\/h3>\n<h3>Los esfuerzos han dado frutos notables y el \u00faltimo fin de semana es un claro ejemplo de ello. La ocupaci\u00f3n estuvo cerca del m\u00e1ximo, con m\u00e1s de 45.000 visitantes durante tres d\u00edas y medio.<\/h3>\n<h3>Adem\u00e1s, se inyectaron m\u00e1s de 800 millones de pesos en la econom\u00eda local. Eventos como caminatas saludables, yoga y carreras de mountain bike han contribuido a que la villa merlina sea elegida por miles de argentinos.<\/h3>\n<h3>Se contin\u00faa trabajando en la preparaci\u00f3n para la pr\u00f3xima temporada, con enfoque en lugares emblem\u00e1ticos como el Azud, el Mirador del Tala y la Reserva Municipal Flor Fant\u00e1stica.<\/h3>\n<h3>Hay mucho camino por recorrer antes de la temporada 2024, y se espera que los esfuerzos realizados hasta ahora contin\u00faen dando resultados exitosos.<\/h3>\n<p>&nbsp;<\/p>\n<p>&nbsp;<\/p>\n<p>&nbsp;<\/p>\n","protected":false},"excerpt":{"rendered":"<p>El fin de semana XXL fue un \u00e9xito en la Villa de Merlo, que fue&#8230;<\/p>\n","protected":false},"author":1,"featured_media":5225,"comment_status":"closed","ping_status":"closed","sticky":false,"template":"","format":"standard","meta":{"footnotes":""},"categories":[6],"tags":[],"class_list":["post-5224","post","type-post","status-publish","format-standard","has-post-thumbnail","hentry","category-ciudad-provincia"],"yoast_head":"<!-- This site is optimized with the Yoast SEO plugin v26.1.1 - https:\/\/yoast.com\/wordpress\/plugins\/seo\/ -->\n<title>MILES DE FAMILIAS VISITARON EL FIN DE SEMANA LA VILLA DE MERLO - Apuntes de San Luis<\/title>\n<meta name=\"robots\" content=\"index, follow, max-snippet:-1, max-image-preview:large, max-video-preview:-1\" \/>\n<link rel=\"canonical\" href=\"https:\/\/apuntesdesanluis.com\/index.php\/2023\/10\/16\/exitoso-fin-de-semana-en-la-villa-de-merlo\/\" \/>\n<meta property=\"og:locale\" content=\"es_ES\" \/>\n<meta property=\"og:type\" content=\"article\" \/>\n<meta property=\"og:title\" content=\"MILES DE FAMILIAS VISITARON EL FIN DE SEMANA LA VILLA DE MERLO - Apuntes de San Luis\" \/>\n<meta property=\"og:description\" content=\"El fin de semana XXL fue un \u00e9xito en la Villa de Merlo, que fue...\" \/>\n<meta property=\"og:url\" content=\"https:\/\/apuntesdesanluis.com\/index.php\/2023\/10\/16\/exitoso-fin-de-semana-en-la-villa-de-merlo\/\" \/>\n<meta property=\"og:site_name\" content=\"Apuntes de San Luis\" \/>\n<meta property=\"article:published_time\" content=\"2023-10-16T22:13:27+00:00\" \/>\n<meta property=\"article:modified_time\" content=\"2023-10-16T22:14:20+00:00\" \/>\n<meta property=\"og:image\" content=\"https:\/\/apuntesdesanluis.com\/wp-content\/uploads\/2023\/10\/merlo-1.jpg\" \/>\n\t<meta property=\"og:image:width\" content=\"576\" \/>\n\t<meta property=\"og:image:height\" content=\"358\" \/>\n\t<meta property=\"og:image:type\" content=\"image\/jpeg\" \/>\n<meta name=\"author\" content=\"apuntesdesanluis.com\" \/>\n<meta name=\"twitter:card\" content=\"summary_large_image\" \/>\n<meta name=\"twitter:label1\" content=\"Escrito por\" \/>\n\t<meta name=\"twitter:data1\" content=\"apuntesdesanluis.com\" \/>\n\t<meta name=\"twitter:label2\" content=\"Tiempo de lectura\" \/>\n\t<meta name=\"twitter:data2\" content=\"2 minutos\" \/>\n<script type=\"application\/ld+json\" class=\"yoast-schema-graph\">{\"@context\":\"https:\/\/schema.org\",\"@graph\":[{\"@type\":\"Article\",\"@id\":\"https:\/\/apuntesdesanluis.com\/index.php\/2023\/10\/16\/exitoso-fin-de-semana-en-la-villa-de-merlo\/#article\",\"isPartOf\":{\"@id\":\"https:\/\/apuntesdesanluis.com\/index.php\/2023\/10\/16\/exitoso-fin-de-semana-en-la-villa-de-merlo\/\"},\"author\":{\"name\":\"apuntesdesanluis.com\",\"@id\":\"https:\/\/apuntesdesanluis.com\/#\/schema\/person\/b55151d52296fcce64d1a72538a70b90\"},\"headline\":\"MILES DE FAMILIAS VISITARON EL FIN DE SEMANA LA VILLA DE MERLO\",\"datePublished\":\"2023-10-16T22:13:27+00:00\",\"dateModified\":\"2023-10-16T22:14:20+00:00\",\"mainEntityOfPage\":{\"@id\":\"https:\/\/apuntesdesanluis.com\/index.php\/2023\/10\/16\/exitoso-fin-de-semana-en-la-villa-de-merlo\/\"},\"wordCount\":418,\"publisher\":{\"@id\":\"https:\/\/apuntesdesanluis.com\/#\/schema\/person\/b55151d52296fcce64d1a72538a70b90\"},\"image\":{\"@id\":\"https:\/\/apuntesdesanluis.com\/index.php\/2023\/10\/16\/exitoso-fin-de-semana-en-la-villa-de-merlo\/#primaryimage\"},\"thumbnailUrl\":\"https:\/\/apuntesdesanluis.com\/wp-content\/uploads\/2023\/10\/merlo-1.jpg\",\"articleSection\":[\"Ciudad\/Provincia\"],\"inLanguage\":\"es-AR\"},{\"@type\":\"WebPage\",\"@id\":\"https:\/\/apuntesdesanluis.com\/index.php\/2023\/10\/16\/exitoso-fin-de-semana-en-la-villa-de-merlo\/\",\"url\":\"https:\/\/apuntesdesanluis.com\/index.php\/2023\/10\/16\/exitoso-fin-de-semana-en-la-villa-de-merlo\/\",\"name\":\"MILES DE FAMILIAS VISITARON EL FIN DE SEMANA LA VILLA DE MERLO - Apuntes de San Luis\",\"isPartOf\":{\"@id\":\"https:\/\/apuntesdesanluis.com\/#website\"},\"primaryImageOfPage\":{\"@id\":\"https:\/\/apuntesdesanluis.com\/index.php\/2023\/10\/16\/exitoso-fin-de-semana-en-la-villa-de-merlo\/#primaryimage\"},\"image\":{\"@id\":\"https:\/\/apuntesdesanluis.com\/index.php\/2023\/10\/16\/exitoso-fin-de-semana-en-la-villa-de-merlo\/#primaryimage\"},\"thumbnailUrl\":\"https:\/\/apuntesdesanluis.com\/wp-content\/uploads\/2023\/10\/merlo-1.jpg\",\"datePublished\":\"2023-10-16T22:13:27+00:00\",\"dateModified\":\"2023-10-16T22:14:20+00:00\",\"breadcrumb\":{\"@id\":\"https:\/\/apuntesdesanluis.com\/index.php\/2023\/10\/16\/exitoso-fin-de-semana-en-la-villa-de-merlo\/#breadcrumb\"},\"inLanguage\":\"es-AR\",\"potentialAction\":[{\"@type\":\"ReadAction\",\"target\":[\"https:\/\/apuntesdesanluis.com\/index.php\/2023\/10\/16\/exitoso-fin-de-semana-en-la-villa-de-merlo\/\"]}]},{\"@type\":\"ImageObject\",\"inLanguage\":\"es-AR\",\"@id\":\"https:\/\/apuntesdesanluis.com\/index.php\/2023\/10\/16\/exitoso-fin-de-semana-en-la-villa-de-merlo\/#primaryimage\",\"url\":\"https:\/\/apuntesdesanluis.com\/wp-content\/uploads\/2023\/10\/merlo-1.jpg\",\"contentUrl\":\"https:\/\/apuntesdesanluis.com\/wp-content\/uploads\/2023\/10\/merlo-1.jpg\",\"width\":576,\"height\":358},{\"@type\":\"BreadcrumbList\",\"@id\":\"https:\/\/apuntesdesanluis.com\/index.php\/2023\/10\/16\/exitoso-fin-de-semana-en-la-villa-de-merlo\/#breadcrumb\",\"itemListElement\":[{\"@type\":\"ListItem\",\"position\":1,\"name\":\"Inicio\",\"item\":\"https:\/\/apuntesdesanluis.com\/\"},{\"@type\":\"ListItem\",\"position\":2,\"name\":\"MILES DE FAMILIAS VISITARON EL FIN DE SEMANA LA VILLA DE MERLO\"}]},{\"@type\":\"WebSite\",\"@id\":\"https:\/\/apuntesdesanluis.com\/#website\",\"url\":\"https:\/\/apuntesdesanluis.com\/\",\"name\":\"Apuntes de San Luis\",\"description\":\"\",\"publisher\":{\"@id\":\"https:\/\/apuntesdesanluis.com\/#\/schema\/person\/b55151d52296fcce64d1a72538a70b90\"},\"potentialAction\":[{\"@type\":\"SearchAction\",\"target\":{\"@type\":\"EntryPoint\",\"urlTemplate\":\"https:\/\/apuntesdesanluis.com\/?s={search_term_string}\"},\"query-input\":{\"@type\":\"PropertyValueSpecification\",\"valueRequired\":true,\"valueName\":\"search_term_string\"}}],\"inLanguage\":\"es-AR\"},{\"@type\":[\"Person\",\"Organization\"],\"@id\":\"https:\/\/apuntesdesanluis.com\/#\/schema\/person\/b55151d52296fcce64d1a72538a70b90\",\"name\":\"apuntesdesanluis.com\",\"image\":{\"@type\":\"ImageObject\",\"inLanguage\":\"es-AR\",\"@id\":\"https:\/\/apuntesdesanluis.com\/#\/schema\/person\/image\/\",\"url\":\"https:\/\/apuntesdesanluis.com\/wp-content\/uploads\/2023\/07\/cropped-apuntesdesanluis.png\",\"contentUrl\":\"https:\/\/apuntesdesanluis.com\/wp-content\/uploads\/2023\/07\/cropped-apuntesdesanluis.png\",\"width\":450,\"height\":112,\"caption\":\"apuntesdesanluis.com\"},\"logo\":{\"@id\":\"https:\/\/apuntesdesanluis.com\/#\/schema\/person\/image\/\"},\"sameAs\":[\"https:\/\/apuntesdesanluis.com\"],\"url\":\"https:\/\/apuntesdesanluis.com\/index.php\/author\/apuntesdesanluis-com\/\"}]}<\/script>\n<!-- \/ Yoast SEO plugin. -->","yoast_head_json":{"title":"MILES DE FAMILIAS VISITARON EL FIN DE SEMANA LA VILLA DE MERLO - Apuntes de San Luis","robots":{"index":"index","follow":"follow","max-snippet":"max-snippet:-1","max-image-preview":"max-image-preview:large","max-video-preview":"max-video-preview:-1"},"canonical":"https:\/\/apuntesdesanluis.com\/index.php\/2023\/10\/16\/exitoso-fin-de-semana-en-la-villa-de-merlo\/","og_locale":"es_ES","og_type":"article","og_title":"MILES DE FAMILIAS VISITARON EL FIN DE SEMANA LA VILLA DE MERLO - Apuntes de San Luis","og_description":"El fin de semana XXL fue un \u00e9xito en la Villa de Merlo, que fue...","og_url":"https:\/\/apuntesdesanluis.com\/index.php\/2023\/10\/16\/exitoso-fin-de-semana-en-la-villa-de-merlo\/","og_site_name":"Apuntes de San Luis","article_published_time":"2023-10-16T22:13:27+00:00","article_modified_time":"2023-10-16T22:14:20+00:00","og_image":[{"width":576,"height":358,"url":"https:\/\/apuntesdesanluis.com\/wp-content\/uploads\/2023\/10\/merlo-1.jpg","type":"image\/jpeg"}],"author":"apuntesdesanluis.com","twitter_card":"summary_large_image","twitter_misc":{"Escrito por":"apuntesdesanluis.com","Tiempo de lectura":"2 minutos"},"schema":{"@context":"https:\/\/schema.org","@graph":[{"@type":"Article","@id":"https:\/\/apuntesdesanluis.com\/index.php\/2023\/10\/16\/exitoso-fin-de-semana-en-la-villa-de-merlo\/#article","isPartOf":{"@id":"https:\/\/apuntesdesanluis.com\/index.php\/2023\/10\/16\/exitoso-fin-de-semana-en-la-villa-de-merlo\/"},"author":{"name":"apuntesdesanluis.com","@id":"https:\/\/apuntesdesanluis.com\/#\/schema\/person\/b55151d52296fcce64d1a72538a70b90"},"headline":"MILES DE FAMILIAS VISITARON EL FIN DE SEMANA LA VILLA DE MERLO","datePublished":"2023-10-16T22:13:27+00:00","dateModified":"2023-10-16T22:14:20+00:00","mainEntityOfPage":{"@id":"https:\/\/apuntesdesanluis.com\/index.php\/2023\/10\/16\/exitoso-fin-de-semana-en-la-villa-de-merlo\/"},"wordCount":418,"publisher":{"@id":"https:\/\/apuntesdesanluis.com\/#\/schema\/person\/b55151d52296fcce64d1a72538a70b90"},"image":{"@id":"https:\/\/apuntesdesanluis.com\/index.php\/2023\/10\/16\/exitoso-fin-de-semana-en-la-villa-de-merlo\/#primaryimage"},"thumbnailUrl":"https:\/\/apuntesdesanluis.com\/wp-content\/uploads\/2023\/10\/merlo-1.jpg","articleSection":["Ciudad\/Provincia"],"inLanguage":"es-AR"},{"@type":"WebPage","@id":"https:\/\/apuntesdesanluis.com\/index.php\/2023\/10\/16\/exitoso-fin-de-semana-en-la-villa-de-merlo\/","url":"https:\/\/apuntesdesanluis.com\/index.php\/2023\/10\/16\/exitoso-fin-de-semana-en-la-villa-de-merlo\/","name":"MILES DE FAMILIAS VISITARON EL FIN DE SEMANA LA VILLA DE MERLO - Apuntes de San Luis","isPartOf":{"@id":"https:\/\/apuntesdesanluis.com\/#website"},"primaryImageOfPage":{"@id":"https:\/\/apuntesdesanluis.com\/index.php\/2023\/10\/16\/exitoso-fin-de-semana-en-la-villa-de-merlo\/#primaryimage"},"image":{"@id":"https:\/\/apuntesdesanluis.com\/index.php\/2023\/10\/16\/exitoso-fin-de-semana-en-la-villa-de-merlo\/#primaryimage"},"thumbnailUrl":"https:\/\/apuntesdesanluis.com\/wp-content\/uploads\/2023\/10\/merlo-1.jpg","datePublished":"2023-10-16T22:13:27+00:00","dateModified":"2023-10-16T22:14:20+00:00","breadcrumb":{"@id":"https:\/\/apuntesdesanluis.com\/index.php\/2023\/10\/16\/exitoso-fin-de-semana-en-la-villa-de-merlo\/#breadcrumb"},"inLanguage":"es-AR","potentialAction":[{"@type":"ReadAction","target":["https:\/\/apuntesdesanluis.com\/index.php\/2023\/10\/16\/exitoso-fin-de-semana-en-la-villa-de-merlo\/"]}]},{"@type":"ImageObject","inLanguage":"es-AR","@id":"https:\/\/apuntesdesanluis.com\/index.php\/2023\/10\/16\/exitoso-fin-de-semana-en-la-villa-de-merlo\/#primaryimage","url":"https:\/\/apuntesdesanluis.com\/wp-content\/uploads\/2023\/10\/merlo-1.jpg","contentUrl":"https:\/\/apuntesdesanluis.com\/wp-content\/uploads\/2023\/10\/merlo-1.jpg","width":576,"height":358},{"@type":"BreadcrumbList","@id":"https:\/\/apuntesdesanluis.com\/index.php\/2023\/10\/16\/exitoso-fin-de-semana-en-la-villa-de-merlo\/#breadcrumb","itemListElement":[{"@type":"ListItem","position":1,"name":"Inicio","item":"https:\/\/apuntesdesanluis.com\/"},{"@type":"ListItem","position":2,"name":"MILES DE FAMILIAS VISITARON EL FIN DE SEMANA LA VILLA DE MERLO"}]},{"@type":"WebSite","@id":"https:\/\/apuntesdesanluis.com\/#website","url":"https:\/\/apuntesdesanluis.com\/","name":"Apuntes de San Luis","description":"","publisher":{"@id":"https:\/\/apuntesdesanluis.com\/#\/schema\/person\/b55151d52296fcce64d1a72538a70b90"},"potentialAction":[{"@type":"SearchAction","target":{"@type":"EntryPoint","urlTemplate":"https:\/\/apuntesdesanluis.com\/?s={search_term_string}"},"query-input":{"@type":"PropertyValueSpecification","valueRequired":true,"valueName":"search_term_string"}}],"inLanguage":"es-AR"},{"@type":["Person","Organization"],"@id":"https:\/\/apuntesdesanluis.com\/#\/schema\/person\/b55151d52296fcce64d1a72538a70b90","name":"apuntesdesanluis.com","image":{"@type":"ImageObject","inLanguage":"es-AR","@id":"https:\/\/apuntesdesanluis.com\/#\/schema\/person\/image\/","url":"https:\/\/apuntesdesanluis.com\/wp-content\/uploads\/2023\/07\/cropped-apuntesdesanluis.png","contentUrl":"https:\/\/apuntesdesanluis.com\/wp-content\/uploads\/2023\/07\/cropped-apuntesdesanluis.png","width":450,"height":112,"caption":"apuntesdesanluis.com"},"logo":{"@id":"https:\/\/apuntesdesanluis.com\/#\/schema\/person\/image\/"},"sameAs":["https:\/\/apuntesdesanluis.com"],"url":"https:\/\/apuntesdesanluis.com\/index.php\/author\/apuntesdesanluis-com\/"}]}},"featured_image_urls":{"full":["https:\/\/apuntesdesanluis.com\/wp-content\/uploads\/2023\/10\/merlo-1.jpg",576,358,false],"thumbnail":["https:\/\/apuntesdesanluis.com\/wp-content\/uploads\/2023\/10\/merlo-1-150x150.jpg",150,150,true],"medium":["https:\/\/apuntesdesanluis.com\/wp-content\/uploads\/2023\/10\/merlo-1-300x186.jpg",300,186,true],"medium_large":["https:\/\/apuntesdesanluis.com\/wp-content\/uploads\/2023\/10\/merlo-1.jpg",576,358,false],"large":["https:\/\/apuntesdesanluis.com\/wp-content\/uploads\/2023\/10\/merlo-1.jpg",576,358,false],"1536x1536":["https:\/\/apuntesdesanluis.com\/wp-content\/uploads\/2023\/10\/merlo-1.jpg",576,358,false],"2048x2048":["https:\/\/apuntesdesanluis.com\/wp-content\/uploads\/2023\/10\/merlo-1.jpg",576,358,false],"newsever-slider-full":["https:\/\/apuntesdesanluis.com\/wp-content\/uploads\/2023\/10\/merlo-1.jpg",576,358,false],"newsever-featured":["https:\/\/apuntesdesanluis.com\/wp-content\/uploads\/2023\/10\/merlo-1.jpg",576,358,false],"newsever-medium":["https:\/\/apuntesdesanluis.com\/wp-content\/uploads\/2023\/10\/merlo-1.jpg",576,358,false]},"author_info":{"display_name":"apuntesdesanluis.com","author_link":"https:\/\/apuntesdesanluis.com\/index.php\/author\/apuntesdesanluis-com\/"},"category_info":"<a href=\"https:\/\/apuntesdesanluis.com\/index.php\/category\/ciudad-provincia\/\" rel=\"category tag\">Ciudad\/Provincia<\/a>","tag_info":"Ciudad\/Provincia","comment_count":"0","_links":{"self":[{"href":"https:\/\/apuntesdesanluis.com\/index.php\/wp-json\/wp\/v2\/posts\/5224","targetHints":{"allow":["GET"]}}],"collection":[{"href":"https:\/\/apuntesdesanluis.com\/index.php\/wp-json\/wp\/v2\/posts"}],"about":[{"href":"https:\/\/apuntesdesanluis.com\/index.php\/wp-json\/wp\/v2\/types\/post"}],"author":[{"embeddable":true,"href":"https:\/\/apuntesdesanluis.com\/index.php\/wp-json\/wp\/v2\/users\/1"}],"replies":[{"embeddable":true,"href":"https:\/\/apuntesdesanluis.com\/index.php\/wp-json\/wp\/v2\/comments?post=5224"}],"version-history":[{"count":2,"href":"https:\/\/apuntesdesanluis.com\/index.php\/wp-json\/wp\/v2\/posts\/5224\/revisions"}],"predecessor-version":[{"id":5228,"href":"https:\/\/apuntesdesanluis.com\/index.php\/wp-json\/wp\/v2\/posts\/5224\/revisions\/5228"}],"wp:featuredmedia":[{"embeddable":true,"href":"https:\/\/apuntesdesanluis.com\/index.php\/wp-json\/wp\/v2\/media\/5225"}],"wp:attachment":[{"href":"https:\/\/apuntesdesanluis.com\/index.php\/wp-json\/wp\/v2\/media?parent=5224"}],"wp:term":[{"taxonomy":"category","embeddable":true,"href":"https:\/\/apuntesdesanluis.com\/index.php\/wp-json\/wp\/v2\/categories?post=5224"},{"taxonomy":"post_tag","embeddable":true,"href":"https:\/\/apuntesdesanluis.com\/index.php\/wp-json\/wp\/v2\/tags?post=5224"}],"curies":[{"name":"wp","href":"https:\/\/api.w.org\/{rel}","templated":true}]}}