{"id":5233,"date":"2023-10-17T07:02:37","date_gmt":"2023-10-17T10:02:37","guid":{"rendered":"https:\/\/apuntesdesanluis.com\/?p=5233"},"modified":"2023-10-17T07:02:37","modified_gmt":"2023-10-17T10:02:37","slug":"la-semana-se-completa-con-temperaturas-en-ascenso","status":"publish","type":"post","link":"https:\/\/apuntesdesanluis.com\/index.php\/2023\/10\/17\/la-semana-se-completa-con-temperaturas-en-ascenso\/","title":{"rendered":"LA SEMANA SE COMPLETA CON TEMPERATURAS EN ASCENSO"},"content":{"rendered":"<h3>Luego del buen clima que predomin\u00f3 en el fin de semana extralago, la Red de Estaciones Meteorol\u00f3gicas de la provincia pronostica que en los pr\u00f3ximos d\u00edas gozaremos de buen tiempo y con elevadas temperaturas hacia la llegada del pr\u00f3ximo finde.<\/h3>\n<h3>Este martes ser\u00e1 una jornada con poco cambio de las temperaturas y ventosa en el centro y parte del norte provincial.<\/h3>\n<h3>El cielo estar\u00e1 mayormente despejado, en tanto la regi\u00f3n norte, tendr\u00e1 la presencia de algunos intervalos nubosos. Durante la noche ir\u00e1 aumentando la nubosidad paulatinamente.<\/h3>\n<h3>Las temperaturas de la jornada rondar\u00e1n los 8\u00b0C de m\u00ednima, en varias localidades ser\u00e1 en la noche y 26\u00b0C de m\u00e1xima, en promedio.<\/h3>\n<h3>El viento predominar\u00e1 del sector este entre leve a regular (12 a 38 km\/h) con r\u00e1fagas fuertes que, en la regi\u00f3n central y serran\u00edas aleda\u00f1as, donde podr\u00edan superar 65 km\/h.<\/h3>\n<h3><span style=\"color: #000000;\"><strong>MI\u00c9RCOLES 18<\/strong><\/span><\/h3>\n<h3>Jornada algo inestable y ventosa. El cielo estar\u00e1 parcialmente nublado. En promedio, se esperan m\u00ednimas de 10\u00b0C y m\u00e1ximas de 23\u00b0C. El viento ser\u00e1 variable del sector este con r\u00e1fagas fuertes<\/h3>\n<h3><span style=\"color: #000000;\"><strong>JUEVES 19<\/strong><\/span><\/h3>\n<h3>Jornada con ascenso de la temperatura m\u00e1xima. El cielo estar\u00e1 mayormente despejado. En promedio, se esperan m\u00ednimas de 7\u00b0 y m\u00e1ximas de 28\u00b0C. El viento predominar\u00e1 del sector noroeste con algunas r\u00e1fagas.<\/h3>\n<h3><span style=\"color: #000000;\"><strong>VIERNES 20<\/strong><\/span><\/h3>\n<h3>Jornada en general de buen tiempo y ascenso t\u00e9rmico. El cielo estar\u00e1 algo a parcialmente nublado con algunas chances de precipitaciones en el sur por la noche. M\u00ednimas de 12\u00b0C y m\u00e1ximas de 32\u00b0C, en promedio. El viento ser\u00e1 leve a regular del cuadrante norte con r\u00e1fagas.<\/h3>\n<p>&nbsp;<\/p>\n","protected":false},"excerpt":{"rendered":"<p>Luego del buen clima que predomin\u00f3 en el fin de semana extralago, la Red de&#8230;<\/p>\n","protected":false},"author":1,"featured_media":5234,"comment_status":"closed","ping_status":"closed","sticky":false,"template":"","format":"standard","meta":{"footnotes":""},"categories":[6],"tags":[],"class_list":["post-5233","post","type-post","status-publish","format-standard","has-post-thumbnail","hentry","category-ciudad-provincia"],"yoast_head":"<!-- This site is optimized with the Yoast SEO plugin v26.1.1 - https:\/\/yoast.com\/wordpress\/plugins\/seo\/ -->\n<title>LA SEMANA SE COMPLETA CON TEMPERATURAS EN ASCENSO - Apuntes de San Luis<\/title>\n<meta name=\"robots\" content=\"index, follow, max-snippet:-1, max-image-preview:large, max-video-preview:-1\" \/>\n<link rel=\"canonical\" href=\"https:\/\/apuntesdesanluis.com\/index.php\/2023\/10\/17\/la-semana-se-completa-con-temperaturas-en-ascenso\/\" \/>\n<meta property=\"og:locale\" content=\"es_ES\" \/>\n<meta property=\"og:type\" content=\"article\" \/>\n<meta property=\"og:title\" content=\"LA SEMANA SE COMPLETA CON TEMPERATURAS EN ASCENSO - Apuntes de San Luis\" \/>\n<meta property=\"og:description\" content=\"Luego del buen clima que predomin\u00f3 en el fin de semana extralago, la Red de...\" \/>\n<meta property=\"og:url\" content=\"https:\/\/apuntesdesanluis.com\/index.php\/2023\/10\/17\/la-semana-se-completa-con-temperaturas-en-ascenso\/\" \/>\n<meta property=\"og:site_name\" content=\"Apuntes de San Luis\" \/>\n<meta property=\"article:published_time\" content=\"2023-10-17T10:02:37+00:00\" \/>\n<meta property=\"og:image\" content=\"https:\/\/apuntesdesanluis.com\/wp-content\/uploads\/2023\/10\/clima.png\" \/>\n\t<meta property=\"og:image:width\" content=\"608\" \/>\n\t<meta property=\"og:image:height\" content=\"351\" \/>\n\t<meta property=\"og:image:type\" content=\"image\/png\" \/>\n<meta name=\"author\" content=\"apuntesdesanluis.com\" \/>\n<meta name=\"twitter:card\" content=\"summary_large_image\" \/>\n<meta name=\"twitter:label1\" content=\"Escrito por\" \/>\n\t<meta name=\"twitter:data1\" content=\"apuntesdesanluis.com\" \/>\n\t<meta name=\"twitter:label2\" content=\"Tiempo de lectura\" \/>\n\t<meta name=\"twitter:data2\" content=\"2 minutos\" \/>\n<script type=\"application\/ld+json\" class=\"yoast-schema-graph\">{\"@context\":\"https:\/\/schema.org\",\"@graph\":[{\"@type\":\"Article\",\"@id\":\"https:\/\/apuntesdesanluis.com\/index.php\/2023\/10\/17\/la-semana-se-completa-con-temperaturas-en-ascenso\/#article\",\"isPartOf\":{\"@id\":\"https:\/\/apuntesdesanluis.com\/index.php\/2023\/10\/17\/la-semana-se-completa-con-temperaturas-en-ascenso\/\"},\"author\":{\"name\":\"apuntesdesanluis.com\",\"@id\":\"https:\/\/apuntesdesanluis.com\/#\/schema\/person\/b55151d52296fcce64d1a72538a70b90\"},\"headline\":\"LA SEMANA SE COMPLETA CON TEMPERATURAS EN ASCENSO\",\"datePublished\":\"2023-10-17T10:02:37+00:00\",\"mainEntityOfPage\":{\"@id\":\"https:\/\/apuntesdesanluis.com\/index.php\/2023\/10\/17\/la-semana-se-completa-con-temperaturas-en-ascenso\/\"},\"wordCount\":284,\"publisher\":{\"@id\":\"https:\/\/apuntesdesanluis.com\/#\/schema\/person\/b55151d52296fcce64d1a72538a70b90\"},\"image\":{\"@id\":\"https:\/\/apuntesdesanluis.com\/index.php\/2023\/10\/17\/la-semana-se-completa-con-temperaturas-en-ascenso\/#primaryimage\"},\"thumbnailUrl\":\"https:\/\/apuntesdesanluis.com\/wp-content\/uploads\/2023\/10\/clima.png\",\"articleSection\":[\"Ciudad\/Provincia\"],\"inLanguage\":\"es-AR\"},{\"@type\":\"WebPage\",\"@id\":\"https:\/\/apuntesdesanluis.com\/index.php\/2023\/10\/17\/la-semana-se-completa-con-temperaturas-en-ascenso\/\",\"url\":\"https:\/\/apuntesdesanluis.com\/index.php\/2023\/10\/17\/la-semana-se-completa-con-temperaturas-en-ascenso\/\",\"name\":\"LA SEMANA SE COMPLETA CON TEMPERATURAS EN ASCENSO - Apuntes de San Luis\",\"isPartOf\":{\"@id\":\"https:\/\/apuntesdesanluis.com\/#website\"},\"primaryImageOfPage\":{\"@id\":\"https:\/\/apuntesdesanluis.com\/index.php\/2023\/10\/17\/la-semana-se-completa-con-temperaturas-en-ascenso\/#primaryimage\"},\"image\":{\"@id\":\"https:\/\/apuntesdesanluis.com\/index.php\/2023\/10\/17\/la-semana-se-completa-con-temperaturas-en-ascenso\/#primaryimage\"},\"thumbnailUrl\":\"https:\/\/apuntesdesanluis.com\/wp-content\/uploads\/2023\/10\/clima.png\",\"datePublished\":\"2023-10-17T10:02:37+00:00\",\"breadcrumb\":{\"@id\":\"https:\/\/apuntesdesanluis.com\/index.php\/2023\/10\/17\/la-semana-se-completa-con-temperaturas-en-ascenso\/#breadcrumb\"},\"inLanguage\":\"es-AR\",\"potentialAction\":[{\"@type\":\"ReadAction\",\"target\":[\"https:\/\/apuntesdesanluis.com\/index.php\/2023\/10\/17\/la-semana-se-completa-con-temperaturas-en-ascenso\/\"]}]},{\"@type\":\"ImageObject\",\"inLanguage\":\"es-AR\",\"@id\":\"https:\/\/apuntesdesanluis.com\/index.php\/2023\/10\/17\/la-semana-se-completa-con-temperaturas-en-ascenso\/#primaryimage\",\"url\":\"https:\/\/apuntesdesanluis.com\/wp-content\/uploads\/2023\/10\/clima.png\",\"contentUrl\":\"https:\/\/apuntesdesanluis.com\/wp-content\/uploads\/2023\/10\/clima.png\",\"width\":608,\"height\":351},{\"@type\":\"BreadcrumbList\",\"@id\":\"https:\/\/apuntesdesanluis.com\/index.php\/2023\/10\/17\/la-semana-se-completa-con-temperaturas-en-ascenso\/#breadcrumb\",\"itemListElement\":[{\"@type\":\"ListItem\",\"position\":1,\"name\":\"Inicio\",\"item\":\"https:\/\/apuntesdesanluis.com\/\"},{\"@type\":\"ListItem\",\"position\":2,\"name\":\"LA SEMANA SE COMPLETA CON TEMPERATURAS EN ASCENSO\"}]},{\"@type\":\"WebSite\",\"@id\":\"https:\/\/apuntesdesanluis.com\/#website\",\"url\":\"https:\/\/apuntesdesanluis.com\/\",\"name\":\"Apuntes de San Luis\",\"description\":\"\",\"publisher\":{\"@id\":\"https:\/\/apuntesdesanluis.com\/#\/schema\/person\/b55151d52296fcce64d1a72538a70b90\"},\"potentialAction\":[{\"@type\":\"SearchAction\",\"target\":{\"@type\":\"EntryPoint\",\"urlTemplate\":\"https:\/\/apuntesdesanluis.com\/?s={search_term_string}\"},\"query-input\":{\"@type\":\"PropertyValueSpecification\",\"valueRequired\":true,\"valueName\":\"search_term_string\"}}],\"inLanguage\":\"es-AR\"},{\"@type\":[\"Person\",\"Organization\"],\"@id\":\"https:\/\/apuntesdesanluis.com\/#\/schema\/person\/b55151d52296fcce64d1a72538a70b90\",\"name\":\"apuntesdesanluis.com\",\"image\":{\"@type\":\"ImageObject\",\"inLanguage\":\"es-AR\",\"@id\":\"https:\/\/apuntesdesanluis.com\/#\/schema\/person\/image\/\",\"url\":\"https:\/\/apuntesdesanluis.com\/wp-content\/uploads\/2023\/07\/cropped-apuntesdesanluis.png\",\"contentUrl\":\"https:\/\/apuntesdesanluis.com\/wp-content\/uploads\/2023\/07\/cropped-apuntesdesanluis.png\",\"width\":450,\"height\":112,\"caption\":\"apuntesdesanluis.com\"},\"logo\":{\"@id\":\"https:\/\/apuntesdesanluis.com\/#\/schema\/person\/image\/\"},\"sameAs\":[\"https:\/\/apuntesdesanluis.com\"],\"url\":\"https:\/\/apuntesdesanluis.com\/index.php\/author\/apuntesdesanluis-com\/\"}]}<\/script>\n<!-- \/ Yoast SEO plugin. -->","yoast_head_json":{"title":"LA SEMANA SE COMPLETA CON TEMPERATURAS EN ASCENSO - Apuntes de San Luis","robots":{"index":"index","follow":"follow","max-snippet":"max-snippet:-1","max-image-preview":"max-image-preview:large","max-video-preview":"max-video-preview:-1"},"canonical":"https:\/\/apuntesdesanluis.com\/index.php\/2023\/10\/17\/la-semana-se-completa-con-temperaturas-en-ascenso\/","og_locale":"es_ES","og_type":"article","og_title":"LA SEMANA SE COMPLETA CON TEMPERATURAS EN ASCENSO - Apuntes de San Luis","og_description":"Luego del buen clima que predomin\u00f3 en el fin de semana extralago, la Red de...","og_url":"https:\/\/apuntesdesanluis.com\/index.php\/2023\/10\/17\/la-semana-se-completa-con-temperaturas-en-ascenso\/","og_site_name":"Apuntes de San Luis","article_published_time":"2023-10-17T10:02:37+00:00","og_image":[{"width":608,"height":351,"url":"https:\/\/apuntesdesanluis.com\/wp-content\/uploads\/2023\/10\/clima.png","type":"image\/png"}],"author":"apuntesdesanluis.com","twitter_card":"summary_large_image","twitter_misc":{"Escrito por":"apuntesdesanluis.com","Tiempo de lectura":"2 minutos"},"schema":{"@context":"https:\/\/schema.org","@graph":[{"@type":"Article","@id":"https:\/\/apuntesdesanluis.com\/index.php\/2023\/10\/17\/la-semana-se-completa-con-temperaturas-en-ascenso\/#article","isPartOf":{"@id":"https:\/\/apuntesdesanluis.com\/index.php\/2023\/10\/17\/la-semana-se-completa-con-temperaturas-en-ascenso\/"},"author":{"name":"apuntesdesanluis.com","@id":"https:\/\/apuntesdesanluis.com\/#\/schema\/person\/b55151d52296fcce64d1a72538a70b90"},"headline":"LA SEMANA SE COMPLETA CON TEMPERATURAS EN ASCENSO","datePublished":"2023-10-17T10:02:37+00:00","mainEntityOfPage":{"@id":"https:\/\/apuntesdesanluis.com\/index.php\/2023\/10\/17\/la-semana-se-completa-con-temperaturas-en-ascenso\/"},"wordCount":284,"publisher":{"@id":"https:\/\/apuntesdesanluis.com\/#\/schema\/person\/b55151d52296fcce64d1a72538a70b90"},"image":{"@id":"https:\/\/apuntesdesanluis.com\/index.php\/2023\/10\/17\/la-semana-se-completa-con-temperaturas-en-ascenso\/#primaryimage"},"thumbnailUrl":"https:\/\/apuntesdesanluis.com\/wp-content\/uploads\/2023\/10\/clima.png","articleSection":["Ciudad\/Provincia"],"inLanguage":"es-AR"},{"@type":"WebPage","@id":"https:\/\/apuntesdesanluis.com\/index.php\/2023\/10\/17\/la-semana-se-completa-con-temperaturas-en-ascenso\/","url":"https:\/\/apuntesdesanluis.com\/index.php\/2023\/10\/17\/la-semana-se-completa-con-temperaturas-en-ascenso\/","name":"LA SEMANA SE COMPLETA CON TEMPERATURAS EN ASCENSO - Apuntes de San Luis","isPartOf":{"@id":"https:\/\/apuntesdesanluis.com\/#website"},"primaryImageOfPage":{"@id":"https:\/\/apuntesdesanluis.com\/index.php\/2023\/10\/17\/la-semana-se-completa-con-temperaturas-en-ascenso\/#primaryimage"},"image":{"@id":"https:\/\/apuntesdesanluis.com\/index.php\/2023\/10\/17\/la-semana-se-completa-con-temperaturas-en-ascenso\/#primaryimage"},"thumbnailUrl":"https:\/\/apuntesdesanluis.com\/wp-content\/uploads\/2023\/10\/clima.png","datePublished":"2023-10-17T10:02:37+00:00","breadcrumb":{"@id":"https:\/\/apuntesdesanluis.com\/index.php\/2023\/10\/17\/la-semana-se-completa-con-temperaturas-en-ascenso\/#breadcrumb"},"inLanguage":"es-AR","potentialAction":[{"@type":"ReadAction","target":["https:\/\/apuntesdesanluis.com\/index.php\/2023\/10\/17\/la-semana-se-completa-con-temperaturas-en-ascenso\/"]}]},{"@type":"ImageObject","inLanguage":"es-AR","@id":"https:\/\/apuntesdesanluis.com\/index.php\/2023\/10\/17\/la-semana-se-completa-con-temperaturas-en-ascenso\/#primaryimage","url":"https:\/\/apuntesdesanluis.com\/wp-content\/uploads\/2023\/10\/clima.png","contentUrl":"https:\/\/apuntesdesanluis.com\/wp-content\/uploads\/2023\/10\/clima.png","width":608,"height":351},{"@type":"BreadcrumbList","@id":"https:\/\/apuntesdesanluis.com\/index.php\/2023\/10\/17\/la-semana-se-completa-con-temperaturas-en-ascenso\/#breadcrumb","itemListElement":[{"@type":"ListItem","position":1,"name":"Inicio","item":"https:\/\/apuntesdesanluis.com\/"},{"@type":"ListItem","position":2,"name":"LA SEMANA SE COMPLETA CON TEMPERATURAS EN ASCENSO"}]},{"@type":"WebSite","@id":"https:\/\/apuntesdesanluis.com\/#website","url":"https:\/\/apuntesdesanluis.com\/","name":"Apuntes de San Luis","description":"","publisher":{"@id":"https:\/\/apuntesdesanluis.com\/#\/schema\/person\/b55151d52296fcce64d1a72538a70b90"},"potentialAction":[{"@type":"SearchAction","target":{"@type":"EntryPoint","urlTemplate":"https:\/\/apuntesdesanluis.com\/?s={search_term_string}"},"query-input":{"@type":"PropertyValueSpecification","valueRequired":true,"valueName":"search_term_string"}}],"inLanguage":"es-AR"},{"@type":["Person","Organization"],"@id":"https:\/\/apuntesdesanluis.com\/#\/schema\/person\/b55151d52296fcce64d1a72538a70b90","name":"apuntesdesanluis.com","image":{"@type":"ImageObject","inLanguage":"es-AR","@id":"https:\/\/apuntesdesanluis.com\/#\/schema\/person\/image\/","url":"https:\/\/apuntesdesanluis.com\/wp-content\/uploads\/2023\/07\/cropped-apuntesdesanluis.png","contentUrl":"https:\/\/apuntesdesanluis.com\/wp-content\/uploads\/2023\/07\/cropped-apuntesdesanluis.png","width":450,"height":112,"caption":"apuntesdesanluis.com"},"logo":{"@id":"https:\/\/apuntesdesanluis.com\/#\/schema\/person\/image\/"},"sameAs":["https:\/\/apuntesdesanluis.com"],"url":"https:\/\/apuntesdesanluis.com\/index.php\/author\/apuntesdesanluis-com\/"}]}},"featured_image_urls":{"full":["https:\/\/apuntesdesanluis.com\/wp-content\/uploads\/2023\/10\/clima.png",608,351,false],"thumbnail":["https:\/\/apuntesdesanluis.com\/wp-content\/uploads\/2023\/10\/clima-150x150.png",150,150,true],"medium":["https:\/\/apuntesdesanluis.com\/wp-content\/uploads\/2023\/10\/clima-300x173.png",300,173,true],"medium_large":["https:\/\/apuntesdesanluis.com\/wp-content\/uploads\/2023\/10\/clima.png",608,351,false],"large":["https:\/\/apuntesdesanluis.com\/wp-content\/uploads\/2023\/10\/clima.png",608,351,false],"1536x1536":["https:\/\/apuntesdesanluis.com\/wp-content\/uploads\/2023\/10\/clima.png",608,351,false],"2048x2048":["https:\/\/apuntesdesanluis.com\/wp-content\/uploads\/2023\/10\/clima.png",608,351,false],"newsever-slider-full":["https:\/\/apuntesdesanluis.com\/wp-content\/uploads\/2023\/10\/clima.png",608,351,false],"newsever-featured":["https:\/\/apuntesdesanluis.com\/wp-content\/uploads\/2023\/10\/clima.png",608,351,false],"newsever-medium":["https:\/\/apuntesdesanluis.com\/wp-content\/uploads\/2023\/10\/clima.png",608,351,false]},"author_info":{"display_name":"apuntesdesanluis.com","author_link":"https:\/\/apuntesdesanluis.com\/index.php\/author\/apuntesdesanluis-com\/"},"category_info":"<a href=\"https:\/\/apuntesdesanluis.com\/index.php\/category\/ciudad-provincia\/\" rel=\"category tag\">Ciudad\/Provincia<\/a>","tag_info":"Ciudad\/Provincia","comment_count":"0","_links":{"self":[{"href":"https:\/\/apuntesdesanluis.com\/index.php\/wp-json\/wp\/v2\/posts\/5233","targetHints":{"allow":["GET"]}}],"collection":[{"href":"https:\/\/apuntesdesanluis.com\/index.php\/wp-json\/wp\/v2\/posts"}],"about":[{"href":"https:\/\/apuntesdesanluis.com\/index.php\/wp-json\/wp\/v2\/types\/post"}],"author":[{"embeddable":true,"href":"https:\/\/apuntesdesanluis.com\/index.php\/wp-json\/wp\/v2\/users\/1"}],"replies":[{"embeddable":true,"href":"https:\/\/apuntesdesanluis.com\/index.php\/wp-json\/wp\/v2\/comments?post=5233"}],"version-history":[{"count":1,"href":"https:\/\/apuntesdesanluis.com\/index.php\/wp-json\/wp\/v2\/posts\/5233\/revisions"}],"predecessor-version":[{"id":5235,"href":"https:\/\/apuntesdesanluis.com\/index.php\/wp-json\/wp\/v2\/posts\/5233\/revisions\/5235"}],"wp:featuredmedia":[{"embeddable":true,"href":"https:\/\/apuntesdesanluis.com\/index.php\/wp-json\/wp\/v2\/media\/5234"}],"wp:attachment":[{"href":"https:\/\/apuntesdesanluis.com\/index.php\/wp-json\/wp\/v2\/media?parent=5233"}],"wp:term":[{"taxonomy":"category","embeddable":true,"href":"https:\/\/apuntesdesanluis.com\/index.php\/wp-json\/wp\/v2\/categories?post=5233"},{"taxonomy":"post_tag","embeddable":true,"href":"https:\/\/apuntesdesanluis.com\/index.php\/wp-json\/wp\/v2\/tags?post=5233"}],"curies":[{"name":"wp","href":"https:\/\/api.w.org\/{rel}","templated":true}]}}