{"id":5259,"date":"2023-10-17T14:58:21","date_gmt":"2023-10-17T17:58:21","guid":{"rendered":"https:\/\/apuntesdesanluis.com\/?p=5259"},"modified":"2023-10-17T15:01:23","modified_gmt":"2023-10-17T18:01:23","slug":"la-municipalidad-de-la-punta-ratifico-que-ha-cumplido-con-el-piso-salarial","status":"publish","type":"post","link":"https:\/\/apuntesdesanluis.com\/index.php\/2023\/10\/17\/la-municipalidad-de-la-punta-ratifico-que-ha-cumplido-con-el-piso-salarial\/","title":{"rendered":"LA MUNICIPALIDAD DE LA PUNTA RATIFIC\u00d3 QUE HA CUMPLIDO CON EL PISO SALARIAL"},"content":{"rendered":"<h3>El Municipio de la ciudad de La Punta emiti\u00f3 un comunicado en el que ratific\u00f3 que abon\u00f3 los salarios de los municipales cumpliendo con el convenio firmado con el gobierno, que estableci\u00f3 un piso salarial de $300.000.<\/h3>\n<h3>El comunicado dirigido \u201cA los trabajadores, trabajadoras y comunidad en general\u201d, expresa lo siguiente:<\/h3>\n<h3>\u201cLa Municipalidad de La Punta entiende necesario y justo aclarar los puntos de reclamo de un min\u00fasculo grupo de dudosa representaci\u00f3n. Como es sabido, la presente gesti\u00f3n tiene como pilar el valor de decir siempre la verdad y documentarla. En ese sentido, no vemos en la obligaci\u00f3n de manifestar los siguientes conceptos.<\/h3>\n<h3>La declaraci\u00f3n de ese sector respecto al incumplimiento del Tratado La Toma, Lucha contra la Pobreza, es FALSO. El viernes 29 de septiembre se abonaron, en su totalidad, los conceptos salariales que se suscribieron. Es decir, ning\u00fan agente de la administraci\u00f3n cobr\u00f3 menos de $ 300.000 como lo estipula el mencionado acuerdo, a lo que se suman los adicionales correspondientes en cada categor\u00eda y desempe\u00f1o de funciones.<\/h3>\n<h3>La documentaci\u00f3n que acompa\u00f1a a este punto es categ\u00f3rica e irrefutable ya que se trata de recibos salariales que est\u00e1n en poder de trabajadores y trabajadoras en el que se detalla cada uno de los \u00edtems que lo componen.<\/h3>\n<h3><strong>Primer caso<\/strong>: un Trabajador contratado Categor\u00eda \u201cB\u201d que desempe\u00f1a tareas en \u201cAgua y Cloacas\u201d, percibi\u00f3 de sueldo $ 155.786,00 a lo que se suma el Plus de $220.000,00 alcanzando la cifra total de $ 375.786,00.<\/h3>\n<p><img fetchpriority=\"high\" decoding=\"async\" class=\"wp-image-5260 aligncenter\" src=\"https:\/\/apuntesdesanluis.com\/wp-content\/uploads\/2023\/10\/caso-1-300x178.png\" alt=\"\" width=\"553\" height=\"328\" srcset=\"https:\/\/apuntesdesanluis.com\/wp-content\/uploads\/2023\/10\/caso-1-300x178.png 300w, https:\/\/apuntesdesanluis.com\/wp-content\/uploads\/2023\/10\/caso-1.png 516w\" sizes=\"(max-width: 553px) 100vw, 553px\" \/><\/p>\n<p><img decoding=\"async\" class=\"wp-image-5261 aligncenter\" src=\"https:\/\/apuntesdesanluis.com\/wp-content\/uploads\/2023\/10\/1-caso-300x180.png\" alt=\"\" width=\"540\" height=\"324\" srcset=\"https:\/\/apuntesdesanluis.com\/wp-content\/uploads\/2023\/10\/1-caso-300x180.png 300w, https:\/\/apuntesdesanluis.com\/wp-content\/uploads\/2023\/10\/1-caso.png 509w\" sizes=\"(max-width: 540px) 100vw, 540px\" \/><\/p>\n<h3><strong>Segundo caso<\/strong>: un agente, de Planta Permanente, en el \u00c1rea de Tr\u00e1nsito, Categor\u00eda G, percibi\u00f3 de sueldo $ 175.283,00 m\u00e1s el Plus de $ 172.000,00, la remuneraci\u00f3n total ascendi\u00f3 a $ 347.283,00<\/h3>\n<p><img decoding=\"async\" class=\"wp-image-5262 aligncenter\" src=\"https:\/\/apuntesdesanluis.com\/wp-content\/uploads\/2023\/10\/caso-2-300x179.png\" alt=\"\" width=\"540\" height=\"322\" srcset=\"https:\/\/apuntesdesanluis.com\/wp-content\/uploads\/2023\/10\/caso-2-300x179.png 300w, https:\/\/apuntesdesanluis.com\/wp-content\/uploads\/2023\/10\/caso-2.png 496w\" sizes=\"(max-width: 540px) 100vw, 540px\" \/><\/p>\n<p><img loading=\"lazy\" decoding=\"async\" class=\"wp-image-5263 aligncenter\" src=\"https:\/\/apuntesdesanluis.com\/wp-content\/uploads\/2023\/10\/2-caso-300x179.png\" alt=\"\" width=\"531\" height=\"317\" srcset=\"https:\/\/apuntesdesanluis.com\/wp-content\/uploads\/2023\/10\/2-caso-300x179.png 300w, https:\/\/apuntesdesanluis.com\/wp-content\/uploads\/2023\/10\/2-caso.png 510w\" sizes=\"(max-width: 531px) 100vw, 531px\" \/><\/p>\n<h3><strong>Tercer caso<\/strong>: trabajador, contratado, Operario de Categor\u00eda B, percibi\u00f3 de salario $ 231.250,00 m\u00e1s el Plus de $ 200.000,00, la remuneraci\u00f3n mensual total fue de $451.250,00.<\/h3>\n<p><img loading=\"lazy\" decoding=\"async\" class=\"wp-image-5264 aligncenter\" src=\"https:\/\/apuntesdesanluis.com\/wp-content\/uploads\/2023\/10\/caso-3-300x183.png\" alt=\"\" width=\"532\" height=\"324\" srcset=\"https:\/\/apuntesdesanluis.com\/wp-content\/uploads\/2023\/10\/caso-3-300x183.png 300w, https:\/\/apuntesdesanluis.com\/wp-content\/uploads\/2023\/10\/caso-3.png 525w\" sizes=\"(max-width: 532px) 100vw, 532px\" \/><\/p>\n<p><img loading=\"lazy\" decoding=\"async\" class=\"wp-image-5265 aligncenter\" src=\"https:\/\/apuntesdesanluis.com\/wp-content\/uploads\/2023\/10\/3-caso-300x182.png\" alt=\"\" width=\"532\" height=\"323\" srcset=\"https:\/\/apuntesdesanluis.com\/wp-content\/uploads\/2023\/10\/3-caso-300x182.png 300w, https:\/\/apuntesdesanluis.com\/wp-content\/uploads\/2023\/10\/3-caso.png 541w\" sizes=\"(max-width: 532px) 100vw, 532px\" \/><\/p>\n","protected":false},"excerpt":{"rendered":"<p>El Municipio de la ciudad de La Punta emiti\u00f3 un comunicado en el que ratific\u00f3&#8230;<\/p>\n","protected":false},"author":1,"featured_media":5266,"comment_status":"closed","ping_status":"closed","sticky":false,"template":"","format":"standard","meta":{"footnotes":""},"categories":[6],"tags":[],"class_list":["post-5259","post","type-post","status-publish","format-standard","has-post-thumbnail","hentry","category-ciudad-provincia"],"yoast_head":"<!-- This site is optimized with the Yoast SEO plugin v26.1.1 - https:\/\/yoast.com\/wordpress\/plugins\/seo\/ -->\n<title>LA MUNICIPALIDAD DE LA PUNTA RATIFIC\u00d3 QUE HA CUMPLIDO CON EL PISO SALARIAL - Apuntes de San Luis<\/title>\n<meta name=\"robots\" content=\"index, follow, max-snippet:-1, max-image-preview:large, max-video-preview:-1\" \/>\n<link rel=\"canonical\" href=\"https:\/\/apuntesdesanluis.com\/index.php\/2023\/10\/17\/la-municipalidad-de-la-punta-ratifico-que-ha-cumplido-con-el-piso-salarial\/\" \/>\n<meta property=\"og:locale\" content=\"es_ES\" \/>\n<meta property=\"og:type\" content=\"article\" \/>\n<meta property=\"og:title\" content=\"LA MUNICIPALIDAD DE LA PUNTA RATIFIC\u00d3 QUE HA CUMPLIDO CON EL PISO SALARIAL - Apuntes de San Luis\" \/>\n<meta property=\"og:description\" content=\"El Municipio de la ciudad de La Punta emiti\u00f3 un comunicado en el que ratific\u00f3...\" \/>\n<meta property=\"og:url\" content=\"https:\/\/apuntesdesanluis.com\/index.php\/2023\/10\/17\/la-municipalidad-de-la-punta-ratifico-que-ha-cumplido-con-el-piso-salarial\/\" \/>\n<meta property=\"og:site_name\" content=\"Apuntes de San Luis\" \/>\n<meta property=\"article:published_time\" content=\"2023-10-17T17:58:21+00:00\" \/>\n<meta property=\"article:modified_time\" content=\"2023-10-17T18:01:23+00:00\" \/>\n<meta property=\"og:image\" content=\"https:\/\/apuntesdesanluis.com\/wp-content\/uploads\/2023\/10\/Municipalidad-de-la-punta.png\" \/>\n\t<meta property=\"og:image:width\" content=\"542\" \/>\n\t<meta property=\"og:image:height\" content=\"336\" \/>\n\t<meta property=\"og:image:type\" content=\"image\/png\" \/>\n<meta name=\"author\" content=\"apuntesdesanluis.com\" \/>\n<meta name=\"twitter:card\" content=\"summary_large_image\" \/>\n<meta name=\"twitter:label1\" content=\"Escrito por\" \/>\n\t<meta name=\"twitter:data1\" content=\"apuntesdesanluis.com\" \/>\n\t<meta name=\"twitter:label2\" content=\"Tiempo de lectura\" \/>\n\t<meta name=\"twitter:data2\" content=\"3 minutos\" \/>\n<script type=\"application\/ld+json\" class=\"yoast-schema-graph\">{\"@context\":\"https:\/\/schema.org\",\"@graph\":[{\"@type\":\"Article\",\"@id\":\"https:\/\/apuntesdesanluis.com\/index.php\/2023\/10\/17\/la-municipalidad-de-la-punta-ratifico-que-ha-cumplido-con-el-piso-salarial\/#article\",\"isPartOf\":{\"@id\":\"https:\/\/apuntesdesanluis.com\/index.php\/2023\/10\/17\/la-municipalidad-de-la-punta-ratifico-que-ha-cumplido-con-el-piso-salarial\/\"},\"author\":{\"name\":\"apuntesdesanluis.com\",\"@id\":\"https:\/\/apuntesdesanluis.com\/#\/schema\/person\/b55151d52296fcce64d1a72538a70b90\"},\"headline\":\"LA MUNICIPALIDAD DE LA PUNTA RATIFIC\u00d3 QUE HA CUMPLIDO CON EL PISO SALARIAL\",\"datePublished\":\"2023-10-17T17:58:21+00:00\",\"dateModified\":\"2023-10-17T18:01:23+00:00\",\"mainEntityOfPage\":{\"@id\":\"https:\/\/apuntesdesanluis.com\/index.php\/2023\/10\/17\/la-municipalidad-de-la-punta-ratifico-que-ha-cumplido-con-el-piso-salarial\/\"},\"wordCount\":317,\"publisher\":{\"@id\":\"https:\/\/apuntesdesanluis.com\/#\/schema\/person\/b55151d52296fcce64d1a72538a70b90\"},\"image\":{\"@id\":\"https:\/\/apuntesdesanluis.com\/index.php\/2023\/10\/17\/la-municipalidad-de-la-punta-ratifico-que-ha-cumplido-con-el-piso-salarial\/#primaryimage\"},\"thumbnailUrl\":\"https:\/\/apuntesdesanluis.com\/wp-content\/uploads\/2023\/10\/Municipalidad-de-la-punta.png\",\"articleSection\":[\"Ciudad\/Provincia\"],\"inLanguage\":\"es-AR\"},{\"@type\":\"WebPage\",\"@id\":\"https:\/\/apuntesdesanluis.com\/index.php\/2023\/10\/17\/la-municipalidad-de-la-punta-ratifico-que-ha-cumplido-con-el-piso-salarial\/\",\"url\":\"https:\/\/apuntesdesanluis.com\/index.php\/2023\/10\/17\/la-municipalidad-de-la-punta-ratifico-que-ha-cumplido-con-el-piso-salarial\/\",\"name\":\"LA MUNICIPALIDAD DE LA PUNTA RATIFIC\u00d3 QUE HA CUMPLIDO CON EL PISO SALARIAL - Apuntes de San Luis\",\"isPartOf\":{\"@id\":\"https:\/\/apuntesdesanluis.com\/#website\"},\"primaryImageOfPage\":{\"@id\":\"https:\/\/apuntesdesanluis.com\/index.php\/2023\/10\/17\/la-municipalidad-de-la-punta-ratifico-que-ha-cumplido-con-el-piso-salarial\/#primaryimage\"},\"image\":{\"@id\":\"https:\/\/apuntesdesanluis.com\/index.php\/2023\/10\/17\/la-municipalidad-de-la-punta-ratifico-que-ha-cumplido-con-el-piso-salarial\/#primaryimage\"},\"thumbnailUrl\":\"https:\/\/apuntesdesanluis.com\/wp-content\/uploads\/2023\/10\/Municipalidad-de-la-punta.png\",\"datePublished\":\"2023-10-17T17:58:21+00:00\",\"dateModified\":\"2023-10-17T18:01:23+00:00\",\"breadcrumb\":{\"@id\":\"https:\/\/apuntesdesanluis.com\/index.php\/2023\/10\/17\/la-municipalidad-de-la-punta-ratifico-que-ha-cumplido-con-el-piso-salarial\/#breadcrumb\"},\"inLanguage\":\"es-AR\",\"potentialAction\":[{\"@type\":\"ReadAction\",\"target\":[\"https:\/\/apuntesdesanluis.com\/index.php\/2023\/10\/17\/la-municipalidad-de-la-punta-ratifico-que-ha-cumplido-con-el-piso-salarial\/\"]}]},{\"@type\":\"ImageObject\",\"inLanguage\":\"es-AR\",\"@id\":\"https:\/\/apuntesdesanluis.com\/index.php\/2023\/10\/17\/la-municipalidad-de-la-punta-ratifico-que-ha-cumplido-con-el-piso-salarial\/#primaryimage\",\"url\":\"https:\/\/apuntesdesanluis.com\/wp-content\/uploads\/2023\/10\/Municipalidad-de-la-punta.png\",\"contentUrl\":\"https:\/\/apuntesdesanluis.com\/wp-content\/uploads\/2023\/10\/Municipalidad-de-la-punta.png\",\"width\":542,\"height\":336},{\"@type\":\"BreadcrumbList\",\"@id\":\"https:\/\/apuntesdesanluis.com\/index.php\/2023\/10\/17\/la-municipalidad-de-la-punta-ratifico-que-ha-cumplido-con-el-piso-salarial\/#breadcrumb\",\"itemListElement\":[{\"@type\":\"ListItem\",\"position\":1,\"name\":\"Inicio\",\"item\":\"https:\/\/apuntesdesanluis.com\/\"},{\"@type\":\"ListItem\",\"position\":2,\"name\":\"LA MUNICIPALIDAD DE LA PUNTA RATIFIC\u00d3 QUE HA CUMPLIDO CON EL PISO SALARIAL\"}]},{\"@type\":\"WebSite\",\"@id\":\"https:\/\/apuntesdesanluis.com\/#website\",\"url\":\"https:\/\/apuntesdesanluis.com\/\",\"name\":\"Apuntes de San Luis\",\"description\":\"\",\"publisher\":{\"@id\":\"https:\/\/apuntesdesanluis.com\/#\/schema\/person\/b55151d52296fcce64d1a72538a70b90\"},\"potentialAction\":[{\"@type\":\"SearchAction\",\"target\":{\"@type\":\"EntryPoint\",\"urlTemplate\":\"https:\/\/apuntesdesanluis.com\/?s={search_term_string}\"},\"query-input\":{\"@type\":\"PropertyValueSpecification\",\"valueRequired\":true,\"valueName\":\"search_term_string\"}}],\"inLanguage\":\"es-AR\"},{\"@type\":[\"Person\",\"Organization\"],\"@id\":\"https:\/\/apuntesdesanluis.com\/#\/schema\/person\/b55151d52296fcce64d1a72538a70b90\",\"name\":\"apuntesdesanluis.com\",\"image\":{\"@type\":\"ImageObject\",\"inLanguage\":\"es-AR\",\"@id\":\"https:\/\/apuntesdesanluis.com\/#\/schema\/person\/image\/\",\"url\":\"https:\/\/apuntesdesanluis.com\/wp-content\/uploads\/2023\/07\/cropped-apuntesdesanluis.png\",\"contentUrl\":\"https:\/\/apuntesdesanluis.com\/wp-content\/uploads\/2023\/07\/cropped-apuntesdesanluis.png\",\"width\":450,\"height\":112,\"caption\":\"apuntesdesanluis.com\"},\"logo\":{\"@id\":\"https:\/\/apuntesdesanluis.com\/#\/schema\/person\/image\/\"},\"sameAs\":[\"https:\/\/apuntesdesanluis.com\"],\"url\":\"https:\/\/apuntesdesanluis.com\/index.php\/author\/apuntesdesanluis-com\/\"}]}<\/script>\n<!-- \/ Yoast SEO plugin. -->","yoast_head_json":{"title":"LA MUNICIPALIDAD DE LA PUNTA RATIFIC\u00d3 QUE HA CUMPLIDO CON EL PISO SALARIAL - Apuntes de San Luis","robots":{"index":"index","follow":"follow","max-snippet":"max-snippet:-1","max-image-preview":"max-image-preview:large","max-video-preview":"max-video-preview:-1"},"canonical":"https:\/\/apuntesdesanluis.com\/index.php\/2023\/10\/17\/la-municipalidad-de-la-punta-ratifico-que-ha-cumplido-con-el-piso-salarial\/","og_locale":"es_ES","og_type":"article","og_title":"LA MUNICIPALIDAD DE LA PUNTA RATIFIC\u00d3 QUE HA CUMPLIDO CON EL PISO SALARIAL - Apuntes de San Luis","og_description":"El Municipio de la ciudad de La Punta emiti\u00f3 un comunicado en el que ratific\u00f3...","og_url":"https:\/\/apuntesdesanluis.com\/index.php\/2023\/10\/17\/la-municipalidad-de-la-punta-ratifico-que-ha-cumplido-con-el-piso-salarial\/","og_site_name":"Apuntes de San Luis","article_published_time":"2023-10-17T17:58:21+00:00","article_modified_time":"2023-10-17T18:01:23+00:00","og_image":[{"width":542,"height":336,"url":"https:\/\/apuntesdesanluis.com\/wp-content\/uploads\/2023\/10\/Municipalidad-de-la-punta.png","type":"image\/png"}],"author":"apuntesdesanluis.com","twitter_card":"summary_large_image","twitter_misc":{"Escrito por":"apuntesdesanluis.com","Tiempo de lectura":"3 minutos"},"schema":{"@context":"https:\/\/schema.org","@graph":[{"@type":"Article","@id":"https:\/\/apuntesdesanluis.com\/index.php\/2023\/10\/17\/la-municipalidad-de-la-punta-ratifico-que-ha-cumplido-con-el-piso-salarial\/#article","isPartOf":{"@id":"https:\/\/apuntesdesanluis.com\/index.php\/2023\/10\/17\/la-municipalidad-de-la-punta-ratifico-que-ha-cumplido-con-el-piso-salarial\/"},"author":{"name":"apuntesdesanluis.com","@id":"https:\/\/apuntesdesanluis.com\/#\/schema\/person\/b55151d52296fcce64d1a72538a70b90"},"headline":"LA MUNICIPALIDAD DE LA PUNTA RATIFIC\u00d3 QUE HA CUMPLIDO CON EL PISO SALARIAL","datePublished":"2023-10-17T17:58:21+00:00","dateModified":"2023-10-17T18:01:23+00:00","mainEntityOfPage":{"@id":"https:\/\/apuntesdesanluis.com\/index.php\/2023\/10\/17\/la-municipalidad-de-la-punta-ratifico-que-ha-cumplido-con-el-piso-salarial\/"},"wordCount":317,"publisher":{"@id":"https:\/\/apuntesdesanluis.com\/#\/schema\/person\/b55151d52296fcce64d1a72538a70b90"},"image":{"@id":"https:\/\/apuntesdesanluis.com\/index.php\/2023\/10\/17\/la-municipalidad-de-la-punta-ratifico-que-ha-cumplido-con-el-piso-salarial\/#primaryimage"},"thumbnailUrl":"https:\/\/apuntesdesanluis.com\/wp-content\/uploads\/2023\/10\/Municipalidad-de-la-punta.png","articleSection":["Ciudad\/Provincia"],"inLanguage":"es-AR"},{"@type":"WebPage","@id":"https:\/\/apuntesdesanluis.com\/index.php\/2023\/10\/17\/la-municipalidad-de-la-punta-ratifico-que-ha-cumplido-con-el-piso-salarial\/","url":"https:\/\/apuntesdesanluis.com\/index.php\/2023\/10\/17\/la-municipalidad-de-la-punta-ratifico-que-ha-cumplido-con-el-piso-salarial\/","name":"LA MUNICIPALIDAD DE LA PUNTA RATIFIC\u00d3 QUE HA CUMPLIDO CON EL PISO SALARIAL - Apuntes de San Luis","isPartOf":{"@id":"https:\/\/apuntesdesanluis.com\/#website"},"primaryImageOfPage":{"@id":"https:\/\/apuntesdesanluis.com\/index.php\/2023\/10\/17\/la-municipalidad-de-la-punta-ratifico-que-ha-cumplido-con-el-piso-salarial\/#primaryimage"},"image":{"@id":"https:\/\/apuntesdesanluis.com\/index.php\/2023\/10\/17\/la-municipalidad-de-la-punta-ratifico-que-ha-cumplido-con-el-piso-salarial\/#primaryimage"},"thumbnailUrl":"https:\/\/apuntesdesanluis.com\/wp-content\/uploads\/2023\/10\/Municipalidad-de-la-punta.png","datePublished":"2023-10-17T17:58:21+00:00","dateModified":"2023-10-17T18:01:23+00:00","breadcrumb":{"@id":"https:\/\/apuntesdesanluis.com\/index.php\/2023\/10\/17\/la-municipalidad-de-la-punta-ratifico-que-ha-cumplido-con-el-piso-salarial\/#breadcrumb"},"inLanguage":"es-AR","potentialAction":[{"@type":"ReadAction","target":["https:\/\/apuntesdesanluis.com\/index.php\/2023\/10\/17\/la-municipalidad-de-la-punta-ratifico-que-ha-cumplido-con-el-piso-salarial\/"]}]},{"@type":"ImageObject","inLanguage":"es-AR","@id":"https:\/\/apuntesdesanluis.com\/index.php\/2023\/10\/17\/la-municipalidad-de-la-punta-ratifico-que-ha-cumplido-con-el-piso-salarial\/#primaryimage","url":"https:\/\/apuntesdesanluis.com\/wp-content\/uploads\/2023\/10\/Municipalidad-de-la-punta.png","contentUrl":"https:\/\/apuntesdesanluis.com\/wp-content\/uploads\/2023\/10\/Municipalidad-de-la-punta.png","width":542,"height":336},{"@type":"BreadcrumbList","@id":"https:\/\/apuntesdesanluis.com\/index.php\/2023\/10\/17\/la-municipalidad-de-la-punta-ratifico-que-ha-cumplido-con-el-piso-salarial\/#breadcrumb","itemListElement":[{"@type":"ListItem","position":1,"name":"Inicio","item":"https:\/\/apuntesdesanluis.com\/"},{"@type":"ListItem","position":2,"name":"LA MUNICIPALIDAD DE LA PUNTA RATIFIC\u00d3 QUE HA CUMPLIDO CON EL PISO SALARIAL"}]},{"@type":"WebSite","@id":"https:\/\/apuntesdesanluis.com\/#website","url":"https:\/\/apuntesdesanluis.com\/","name":"Apuntes de San Luis","description":"","publisher":{"@id":"https:\/\/apuntesdesanluis.com\/#\/schema\/person\/b55151d52296fcce64d1a72538a70b90"},"potentialAction":[{"@type":"SearchAction","target":{"@type":"EntryPoint","urlTemplate":"https:\/\/apuntesdesanluis.com\/?s={search_term_string}"},"query-input":{"@type":"PropertyValueSpecification","valueRequired":true,"valueName":"search_term_string"}}],"inLanguage":"es-AR"},{"@type":["Person","Organization"],"@id":"https:\/\/apuntesdesanluis.com\/#\/schema\/person\/b55151d52296fcce64d1a72538a70b90","name":"apuntesdesanluis.com","image":{"@type":"ImageObject","inLanguage":"es-AR","@id":"https:\/\/apuntesdesanluis.com\/#\/schema\/person\/image\/","url":"https:\/\/apuntesdesanluis.com\/wp-content\/uploads\/2023\/07\/cropped-apuntesdesanluis.png","contentUrl":"https:\/\/apuntesdesanluis.com\/wp-content\/uploads\/2023\/07\/cropped-apuntesdesanluis.png","width":450,"height":112,"caption":"apuntesdesanluis.com"},"logo":{"@id":"https:\/\/apuntesdesanluis.com\/#\/schema\/person\/image\/"},"sameAs":["https:\/\/apuntesdesanluis.com"],"url":"https:\/\/apuntesdesanluis.com\/index.php\/author\/apuntesdesanluis-com\/"}]}},"featured_image_urls":{"full":["https:\/\/apuntesdesanluis.com\/wp-content\/uploads\/2023\/10\/Municipalidad-de-la-punta.png",542,336,false],"thumbnail":["https:\/\/apuntesdesanluis.com\/wp-content\/uploads\/2023\/10\/Municipalidad-de-la-punta-150x150.png",150,150,true],"medium":["https:\/\/apuntesdesanluis.com\/wp-content\/uploads\/2023\/10\/Municipalidad-de-la-punta-300x186.png",300,186,true],"medium_large":["https:\/\/apuntesdesanluis.com\/wp-content\/uploads\/2023\/10\/Municipalidad-de-la-punta.png",542,336,false],"large":["https:\/\/apuntesdesanluis.com\/wp-content\/uploads\/2023\/10\/Municipalidad-de-la-punta.png",542,336,false],"1536x1536":["https:\/\/apuntesdesanluis.com\/wp-content\/uploads\/2023\/10\/Municipalidad-de-la-punta.png",542,336,false],"2048x2048":["https:\/\/apuntesdesanluis.com\/wp-content\/uploads\/2023\/10\/Municipalidad-de-la-punta.png",542,336,false],"newsever-slider-full":["https:\/\/apuntesdesanluis.com\/wp-content\/uploads\/2023\/10\/Municipalidad-de-la-punta.png",542,336,false],"newsever-featured":["https:\/\/apuntesdesanluis.com\/wp-content\/uploads\/2023\/10\/Municipalidad-de-la-punta.png",542,336,false],"newsever-medium":["https:\/\/apuntesdesanluis.com\/wp-content\/uploads\/2023\/10\/Municipalidad-de-la-punta.png",542,336,false]},"author_info":{"display_name":"apuntesdesanluis.com","author_link":"https:\/\/apuntesdesanluis.com\/index.php\/author\/apuntesdesanluis-com\/"},"category_info":"<a href=\"https:\/\/apuntesdesanluis.com\/index.php\/category\/ciudad-provincia\/\" rel=\"category tag\">Ciudad\/Provincia<\/a>","tag_info":"Ciudad\/Provincia","comment_count":"0","_links":{"self":[{"href":"https:\/\/apuntesdesanluis.com\/index.php\/wp-json\/wp\/v2\/posts\/5259","targetHints":{"allow":["GET"]}}],"collection":[{"href":"https:\/\/apuntesdesanluis.com\/index.php\/wp-json\/wp\/v2\/posts"}],"about":[{"href":"https:\/\/apuntesdesanluis.com\/index.php\/wp-json\/wp\/v2\/types\/post"}],"author":[{"embeddable":true,"href":"https:\/\/apuntesdesanluis.com\/index.php\/wp-json\/wp\/v2\/users\/1"}],"replies":[{"embeddable":true,"href":"https:\/\/apuntesdesanluis.com\/index.php\/wp-json\/wp\/v2\/comments?post=5259"}],"version-history":[{"count":2,"href":"https:\/\/apuntesdesanluis.com\/index.php\/wp-json\/wp\/v2\/posts\/5259\/revisions"}],"predecessor-version":[{"id":5268,"href":"https:\/\/apuntesdesanluis.com\/index.php\/wp-json\/wp\/v2\/posts\/5259\/revisions\/5268"}],"wp:featuredmedia":[{"embeddable":true,"href":"https:\/\/apuntesdesanluis.com\/index.php\/wp-json\/wp\/v2\/media\/5266"}],"wp:attachment":[{"href":"https:\/\/apuntesdesanluis.com\/index.php\/wp-json\/wp\/v2\/media?parent=5259"}],"wp:term":[{"taxonomy":"category","embeddable":true,"href":"https:\/\/apuntesdesanluis.com\/index.php\/wp-json\/wp\/v2\/categories?post=5259"},{"taxonomy":"post_tag","embeddable":true,"href":"https:\/\/apuntesdesanluis.com\/index.php\/wp-json\/wp\/v2\/tags?post=5259"}],"curies":[{"name":"wp","href":"https:\/\/api.w.org\/{rel}","templated":true}]}}