{"id":5279,"date":"2023-10-17T20:25:09","date_gmt":"2023-10-17T23:25:09","guid":{"rendered":"https:\/\/apuntesdesanluis.com\/?p=5279"},"modified":"2023-10-17T20:25:09","modified_gmt":"2023-10-17T23:25:09","slug":"se-presento-ante-la-justicia-el-croata-supuesto-responsable-de-la-mayor-cueva-portena","status":"publish","type":"post","link":"https:\/\/apuntesdesanluis.com\/index.php\/2023\/10\/17\/se-presento-ante-la-justicia-el-croata-supuesto-responsable-de-la-mayor-cueva-portena\/","title":{"rendered":"SE PRESENT\u00d3 ANTE LA JUSTICIA &#8220;EL CROATA&#8221;, SUPUESTO RESPONSABLE DE LA MAYOR &#8220;CUEVA&#8221; PORTE\u00d1A"},"content":{"rendered":"<h3>El hombre se\u00f1alado como el supuesto responsable de la \u201cmayor cueva\u201d de la city porte\u00f1a, Ivo Rojnica, se present\u00f3 este martes ante la justicia federal y design\u00f3 un abogado en el expediente en el cual apareci\u00f3 su nombre, informaron fuentes judiciales.<\/h3>\n<h3>Rojnica, conocido tambi\u00e9n como \u201cel croata\u201d, se present\u00f3 junto al abogado Gast\u00f3n Marano ante el juzgado Federal 8 que encabeza el juez Marcelo Mart\u00ednez de Giorgi, confirmaron las fuentes consultadas.<\/h3>\n<h3>Rojnica, de 42 a\u00f1os design\u00f3 a su abogado defensor a trav\u00e9s de un escrito de una carilla en la que asegura que tom\u00f3 conocimiento de la existencia de la causa a partir de un allanamiento reciente y porque su nombre sali\u00f3 publicado en medios period\u00edsticos.<\/h3>\n<h3>Desde el entorno del \u201ccroata\u201d, como lo identificaron los investigadores, se\u00f1alaron que la de este martes fue una presentaci\u00f3n espont\u00e1nea, debido a que se encontraba en Brasil cuando surgi\u00f3 la noticia y que decidi\u00f3 a volver de inmediato para ponerse a derecho.<\/h3>\n<h3>Gast\u00f3n Marano, el abogado con el que se present\u00f3 Rojnica, es un letrado que en el \u00faltimo tiempo vine levantando su perfil: asesor\u00f3 a un diputado del PRO en la comisi\u00f3n bicameral de seguimiento de los organismos de inteligencia, defiende a uno de los acusados de la causa por el atentado contra Cristina Fern\u00e1ndez de Kirchner, y fue quien present\u00f3 una de las denuncias por el viaje a Marbella de Mart\u00edn Insaurralde.<\/h3>\n<h3>Tambi\u00e9n tiene v\u00ednculos con la embajada de los Estados Unidos y con referentes del partido La Libertad Avanza (LLA) de Javier Milei.<\/h3>\n<h3>Seg\u00fan fuentes de la Direcci\u00f3n General de Aduanas (DGA), todo apunta a que los negocios de Ivo Rojnica forman parte de una \u201coperatoria trasnacional ilegal\u201d a partir del hallazgo de elementos que lo comprometen.<\/h3>\n<h3>\u201cEl croata\u201d es el titular de la financiera Nimbus, ubicada en San Mart\u00edn 140, piso 19, y que fue allanada en la noche del mi\u00e9rcoles pasado.<\/h3>\n<p><img fetchpriority=\"high\" decoding=\"async\" class=\"wp-image-5281 aligncenter\" src=\"https:\/\/apuntesdesanluis.com\/wp-content\/uploads\/2023\/10\/ALLANAMIENTO-1-300x188.png\" alt=\"\" width=\"709\" height=\"444\" srcset=\"https:\/\/apuntesdesanluis.com\/wp-content\/uploads\/2023\/10\/ALLANAMIENTO-1-300x188.png 300w, https:\/\/apuntesdesanluis.com\/wp-content\/uploads\/2023\/10\/ALLANAMIENTO-1.png 600w\" sizes=\"(max-width: 709px) 100vw, 709px\" \/><\/p>\n<h3>Rojnica tiene prohibida la salida del pa\u00eds en el marco del expediente judicial que se encuentra bajo secreto de sumario.<\/h3>\n<h3>Por el presunto volumen de operaciones, los investigadores creen que ten\u00eda un importante rol en la formaci\u00f3n del precio del \u201cd\u00f3lar blue\u201d.<\/h3>\n<h3>En el allanamiento, la Administraci\u00f3n Federal de Ingresos P\u00fablicos (AFIP), Polic\u00eda Federal Argentina (PFA) y la Aduana encontraron un cronograma con fechas marcadas y la palabra \u201csalto\u201d con una \u201cexacta correlaci\u00f3n con los d\u00edas en que el paralelo registr\u00f3 subas\u201d, indicaron fuentes del organismo aduanero.<\/h3>\n<p><img decoding=\"async\" class=\"wp-image-5282 aligncenter\" src=\"https:\/\/apuntesdesanluis.com\/wp-content\/uploads\/2023\/10\/MAQUINAS-DE-CONTAR-BILLETES-300x180.png\" alt=\"\" width=\"708\" height=\"425\" srcset=\"https:\/\/apuntesdesanluis.com\/wp-content\/uploads\/2023\/10\/MAQUINAS-DE-CONTAR-BILLETES-300x180.png 300w, https:\/\/apuntesdesanluis.com\/wp-content\/uploads\/2023\/10\/MAQUINAS-DE-CONTAR-BILLETES.png 600w\" sizes=\"(max-width: 708px) 100vw, 708px\" \/><\/p>\n<h4 style=\"text-align: center;\"><em>M\u00e1quinas de contar billetes que fueron secuestradas por la Polic\u00eda Federal.<\/em><\/h4>\n<h3>Un foco del caso est\u00e1 puesto en las maniobras de sobrefacturaci\u00f3n, donde las divisas fugadas iban a cuentas de pa\u00edses como China y Estados Unidos, volviendo luego a la Argentina v\u00eda el d\u00f3lar Contado con Liquidaci\u00f3n (CCL), para luego comercializarse en el mercado del \u201cblue\u201d, dijeron fuentes judiciales.<\/h3>\n<h3>En las oficinas de Nimbus tambi\u00e9n se encontraron planillas manuscritas con el registro de la venta de divisas con nombres y apodos de clientes.<\/h3>\n<h3>De hecho, entre los registros que manten\u00eda la \u201ccueva\u201d, s\u00f3lo para un cliente, el pasado viernes 6 ingresaron $ 61.950.000 y egresaron US$ 70.000; mientras que, en otra operaci\u00f3n, ingresaron $ 13 millones y egresaron US$ 15.000.<\/h3>\n<h3>Es por estos vol\u00famenes de dinero que la Aduana cree que Nimbus marcaba el pulso del valor del d\u00f3lar blue.<\/h3>\n<h3>Uno de los nombres que aparece de forma reiterada en las operaciones y que est\u00e1 siendo investigando es el de un tal \u201cRoberto H\u201d, indicaron las fuentes.<\/h3>\n<h3>Adem\u00e1s de sus negocios en la city porte\u00f1a, Rojnica hab\u00eda expandido su operaci\u00f3n a Paraguay y a Espa\u00f1a, y ofrec\u00eda como servicio la apertura cuentas \u201coffshore\u201d para sus clientes, en presunta sociedad con el financista Federico Pulenta, uno de los due\u00f1os de Thesis Group SA.<\/h3>\n<h3>En Paraguay, aparece como el titular de 40% de la firma Negocios Burs\u00e1tiles Casa de Bolsa S.A., constituida el 11 de marzo de 2014.<\/h3>\n<h3>En ese pa\u00eds Rojnica adquiri\u00f3 propiedades de valores millonarios.<\/h3>\n<h3>Rojnica era vicepresidente de la empresa y posee una hipoteca a su favor por varios inmuebles ante un pr\u00e9stamo de medio mill\u00f3n de d\u00f3lares.<\/h3>\n<h3>Uno de los directores de la empresa es Agust\u00edn Estrada, financista cuyo nombre fue viralizado esta semana luego de subir un video en su cuenta de la red social Instagram en donde, al bajar de un avi\u00f3n de Aerol\u00edneas Argentinas, discrimin\u00f3 a una azafata por su contextura f\u00edsica.<\/h3>\n<h3>En tanto, en Espa\u00f1a, el croata figura como administrador \u00fanico de Lokrum Capital SL y administrador solidario junto con Jonathan Rivas Fuentes en Peimento SL, ambas registradas en 2021 y 2022 en Madrid.<\/h3>\n<h3>La primera firma aparece en los registros espa\u00f1oles como dedicada a \u201cactividades de intermediaci\u00f3n en operaciones con valores y otros activos\u201d, mientras la segunda apunta a la \u201ccreaci\u00f3n, desarrollo y sostenimiento de portales web, as\u00ed como la prestaci\u00f3n de toda clase de servicios auxiliares\u201d, entre otras cuestiones.<\/h3>\n<h3>En Argentina, el financista figura inscripto ante la AFIP como monotributista categor\u00eda F, delicado a \u201cservicios de atesoramiento, direcci\u00f3n y gesti\u00f3n\u201d.<\/h3>\n<h3>Rojnica, de 42 a\u00f1os, est\u00e1 casado con la modelo Melina Cammertoni. Ambos ofrecieron una fiesta exclusiva para 500 invitados en La Rural en noviembre del a\u00f1o pasado que fue calificada por la Revista Caras como \u201cuna de las m\u00e1s destacadas del a\u00f1o\u201d.<\/h3>\n","protected":false},"excerpt":{"rendered":"<p>El hombre se\u00f1alado como el supuesto responsable de la \u201cmayor cueva\u201d de la city porte\u00f1a,&#8230;<\/p>\n","protected":false},"author":1,"featured_media":5280,"comment_status":"closed","ping_status":"closed","sticky":false,"template":"","format":"standard","meta":{"footnotes":""},"categories":[5],"tags":[],"class_list":["post-5279","post","type-post","status-publish","format-standard","has-post-thumbnail","hentry","category-nacionales-internacionales"],"yoast_head":"<!-- This site is optimized with the Yoast SEO plugin v26.1.1 - https:\/\/yoast.com\/wordpress\/plugins\/seo\/ -->\n<title>SE PRESENT\u00d3 ANTE LA JUSTICIA &quot;EL CROATA&quot;, SUPUESTO RESPONSABLE DE LA MAYOR &quot;CUEVA&quot; PORTE\u00d1A - Apuntes de San Luis<\/title>\n<meta name=\"robots\" content=\"index, follow, max-snippet:-1, max-image-preview:large, max-video-preview:-1\" \/>\n<link rel=\"canonical\" href=\"https:\/\/apuntesdesanluis.com\/index.php\/2023\/10\/17\/se-presento-ante-la-justicia-el-croata-supuesto-responsable-de-la-mayor-cueva-portena\/\" \/>\n<meta property=\"og:locale\" content=\"es_ES\" \/>\n<meta property=\"og:type\" content=\"article\" \/>\n<meta property=\"og:title\" content=\"SE PRESENT\u00d3 ANTE LA JUSTICIA &quot;EL CROATA&quot;, SUPUESTO RESPONSABLE DE LA MAYOR &quot;CUEVA&quot; PORTE\u00d1A - Apuntes de San Luis\" \/>\n<meta property=\"og:description\" content=\"El hombre se\u00f1alado como el supuesto responsable de la \u201cmayor cueva\u201d de la city porte\u00f1a,...\" \/>\n<meta property=\"og:url\" content=\"https:\/\/apuntesdesanluis.com\/index.php\/2023\/10\/17\/se-presento-ante-la-justicia-el-croata-supuesto-responsable-de-la-mayor-cueva-portena\/\" \/>\n<meta property=\"og:site_name\" content=\"Apuntes de San Luis\" \/>\n<meta property=\"article:published_time\" content=\"2023-10-17T23:25:09+00:00\" \/>\n<meta property=\"og:image\" content=\"https:\/\/apuntesdesanluis.com\/wp-content\/uploads\/2023\/10\/EL-CROATA.png\" \/>\n\t<meta property=\"og:image:width\" content=\"600\" \/>\n\t<meta property=\"og:image:height\" content=\"376\" \/>\n\t<meta property=\"og:image:type\" content=\"image\/png\" \/>\n<meta name=\"author\" content=\"apuntesdesanluis.com\" \/>\n<meta name=\"twitter:card\" content=\"summary_large_image\" \/>\n<meta name=\"twitter:label1\" content=\"Escrito por\" \/>\n\t<meta name=\"twitter:data1\" content=\"apuntesdesanluis.com\" \/>\n\t<meta name=\"twitter:label2\" content=\"Tiempo de lectura\" \/>\n\t<meta name=\"twitter:data2\" content=\"5 minutos\" \/>\n<script type=\"application\/ld+json\" class=\"yoast-schema-graph\">{\"@context\":\"https:\/\/schema.org\",\"@graph\":[{\"@type\":\"Article\",\"@id\":\"https:\/\/apuntesdesanluis.com\/index.php\/2023\/10\/17\/se-presento-ante-la-justicia-el-croata-supuesto-responsable-de-la-mayor-cueva-portena\/#article\",\"isPartOf\":{\"@id\":\"https:\/\/apuntesdesanluis.com\/index.php\/2023\/10\/17\/se-presento-ante-la-justicia-el-croata-supuesto-responsable-de-la-mayor-cueva-portena\/\"},\"author\":{\"name\":\"apuntesdesanluis.com\",\"@id\":\"https:\/\/apuntesdesanluis.com\/#\/schema\/person\/b55151d52296fcce64d1a72538a70b90\"},\"headline\":\"SE PRESENT\u00d3 ANTE LA JUSTICIA &#8220;EL CROATA&#8221;, SUPUESTO RESPONSABLE DE LA MAYOR &#8220;CUEVA&#8221; PORTE\u00d1A\",\"datePublished\":\"2023-10-17T23:25:09+00:00\",\"mainEntityOfPage\":{\"@id\":\"https:\/\/apuntesdesanluis.com\/index.php\/2023\/10\/17\/se-presento-ante-la-justicia-el-croata-supuesto-responsable-de-la-mayor-cueva-portena\/\"},\"wordCount\":928,\"publisher\":{\"@id\":\"https:\/\/apuntesdesanluis.com\/#\/schema\/person\/b55151d52296fcce64d1a72538a70b90\"},\"image\":{\"@id\":\"https:\/\/apuntesdesanluis.com\/index.php\/2023\/10\/17\/se-presento-ante-la-justicia-el-croata-supuesto-responsable-de-la-mayor-cueva-portena\/#primaryimage\"},\"thumbnailUrl\":\"https:\/\/apuntesdesanluis.com\/wp-content\/uploads\/2023\/10\/EL-CROATA.png\",\"articleSection\":[\"Nacionales\/Internacionales\"],\"inLanguage\":\"es-AR\"},{\"@type\":\"WebPage\",\"@id\":\"https:\/\/apuntesdesanluis.com\/index.php\/2023\/10\/17\/se-presento-ante-la-justicia-el-croata-supuesto-responsable-de-la-mayor-cueva-portena\/\",\"url\":\"https:\/\/apuntesdesanluis.com\/index.php\/2023\/10\/17\/se-presento-ante-la-justicia-el-croata-supuesto-responsable-de-la-mayor-cueva-portena\/\",\"name\":\"SE PRESENT\u00d3 ANTE LA JUSTICIA \\\"EL CROATA\\\", SUPUESTO RESPONSABLE DE LA MAYOR \\\"CUEVA\\\" PORTE\u00d1A - Apuntes de San Luis\",\"isPartOf\":{\"@id\":\"https:\/\/apuntesdesanluis.com\/#website\"},\"primaryImageOfPage\":{\"@id\":\"https:\/\/apuntesdesanluis.com\/index.php\/2023\/10\/17\/se-presento-ante-la-justicia-el-croata-supuesto-responsable-de-la-mayor-cueva-portena\/#primaryimage\"},\"image\":{\"@id\":\"https:\/\/apuntesdesanluis.com\/index.php\/2023\/10\/17\/se-presento-ante-la-justicia-el-croata-supuesto-responsable-de-la-mayor-cueva-portena\/#primaryimage\"},\"thumbnailUrl\":\"https:\/\/apuntesdesanluis.com\/wp-content\/uploads\/2023\/10\/EL-CROATA.png\",\"datePublished\":\"2023-10-17T23:25:09+00:00\",\"breadcrumb\":{\"@id\":\"https:\/\/apuntesdesanluis.com\/index.php\/2023\/10\/17\/se-presento-ante-la-justicia-el-croata-supuesto-responsable-de-la-mayor-cueva-portena\/#breadcrumb\"},\"inLanguage\":\"es-AR\",\"potentialAction\":[{\"@type\":\"ReadAction\",\"target\":[\"https:\/\/apuntesdesanluis.com\/index.php\/2023\/10\/17\/se-presento-ante-la-justicia-el-croata-supuesto-responsable-de-la-mayor-cueva-portena\/\"]}]},{\"@type\":\"ImageObject\",\"inLanguage\":\"es-AR\",\"@id\":\"https:\/\/apuntesdesanluis.com\/index.php\/2023\/10\/17\/se-presento-ante-la-justicia-el-croata-supuesto-responsable-de-la-mayor-cueva-portena\/#primaryimage\",\"url\":\"https:\/\/apuntesdesanluis.com\/wp-content\/uploads\/2023\/10\/EL-CROATA.png\",\"contentUrl\":\"https:\/\/apuntesdesanluis.com\/wp-content\/uploads\/2023\/10\/EL-CROATA.png\",\"width\":600,\"height\":376},{\"@type\":\"BreadcrumbList\",\"@id\":\"https:\/\/apuntesdesanluis.com\/index.php\/2023\/10\/17\/se-presento-ante-la-justicia-el-croata-supuesto-responsable-de-la-mayor-cueva-portena\/#breadcrumb\",\"itemListElement\":[{\"@type\":\"ListItem\",\"position\":1,\"name\":\"Inicio\",\"item\":\"https:\/\/apuntesdesanluis.com\/\"},{\"@type\":\"ListItem\",\"position\":2,\"name\":\"SE PRESENT\u00d3 ANTE LA JUSTICIA &#8220;EL CROATA&#8221;, SUPUESTO RESPONSABLE DE LA MAYOR &#8220;CUEVA&#8221; PORTE\u00d1A\"}]},{\"@type\":\"WebSite\",\"@id\":\"https:\/\/apuntesdesanluis.com\/#website\",\"url\":\"https:\/\/apuntesdesanluis.com\/\",\"name\":\"Apuntes de San Luis\",\"description\":\"\",\"publisher\":{\"@id\":\"https:\/\/apuntesdesanluis.com\/#\/schema\/person\/b55151d52296fcce64d1a72538a70b90\"},\"potentialAction\":[{\"@type\":\"SearchAction\",\"target\":{\"@type\":\"EntryPoint\",\"urlTemplate\":\"https:\/\/apuntesdesanluis.com\/?s={search_term_string}\"},\"query-input\":{\"@type\":\"PropertyValueSpecification\",\"valueRequired\":true,\"valueName\":\"search_term_string\"}}],\"inLanguage\":\"es-AR\"},{\"@type\":[\"Person\",\"Organization\"],\"@id\":\"https:\/\/apuntesdesanluis.com\/#\/schema\/person\/b55151d52296fcce64d1a72538a70b90\",\"name\":\"apuntesdesanluis.com\",\"image\":{\"@type\":\"ImageObject\",\"inLanguage\":\"es-AR\",\"@id\":\"https:\/\/apuntesdesanluis.com\/#\/schema\/person\/image\/\",\"url\":\"https:\/\/apuntesdesanluis.com\/wp-content\/uploads\/2023\/07\/cropped-apuntesdesanluis.png\",\"contentUrl\":\"https:\/\/apuntesdesanluis.com\/wp-content\/uploads\/2023\/07\/cropped-apuntesdesanluis.png\",\"width\":450,\"height\":112,\"caption\":\"apuntesdesanluis.com\"},\"logo\":{\"@id\":\"https:\/\/apuntesdesanluis.com\/#\/schema\/person\/image\/\"},\"sameAs\":[\"https:\/\/apuntesdesanluis.com\"],\"url\":\"https:\/\/apuntesdesanluis.com\/index.php\/author\/apuntesdesanluis-com\/\"}]}<\/script>\n<!-- \/ Yoast SEO plugin. -->","yoast_head_json":{"title":"SE PRESENT\u00d3 ANTE LA JUSTICIA \"EL CROATA\", SUPUESTO RESPONSABLE DE LA MAYOR \"CUEVA\" PORTE\u00d1A - Apuntes de San Luis","robots":{"index":"index","follow":"follow","max-snippet":"max-snippet:-1","max-image-preview":"max-image-preview:large","max-video-preview":"max-video-preview:-1"},"canonical":"https:\/\/apuntesdesanluis.com\/index.php\/2023\/10\/17\/se-presento-ante-la-justicia-el-croata-supuesto-responsable-de-la-mayor-cueva-portena\/","og_locale":"es_ES","og_type":"article","og_title":"SE PRESENT\u00d3 ANTE LA JUSTICIA \"EL CROATA\", SUPUESTO RESPONSABLE DE LA MAYOR \"CUEVA\" PORTE\u00d1A - Apuntes de San Luis","og_description":"El hombre se\u00f1alado como el supuesto responsable de la \u201cmayor cueva\u201d de la city porte\u00f1a,...","og_url":"https:\/\/apuntesdesanluis.com\/index.php\/2023\/10\/17\/se-presento-ante-la-justicia-el-croata-supuesto-responsable-de-la-mayor-cueva-portena\/","og_site_name":"Apuntes de San Luis","article_published_time":"2023-10-17T23:25:09+00:00","og_image":[{"width":600,"height":376,"url":"https:\/\/apuntesdesanluis.com\/wp-content\/uploads\/2023\/10\/EL-CROATA.png","type":"image\/png"}],"author":"apuntesdesanluis.com","twitter_card":"summary_large_image","twitter_misc":{"Escrito por":"apuntesdesanluis.com","Tiempo de lectura":"5 minutos"},"schema":{"@context":"https:\/\/schema.org","@graph":[{"@type":"Article","@id":"https:\/\/apuntesdesanluis.com\/index.php\/2023\/10\/17\/se-presento-ante-la-justicia-el-croata-supuesto-responsable-de-la-mayor-cueva-portena\/#article","isPartOf":{"@id":"https:\/\/apuntesdesanluis.com\/index.php\/2023\/10\/17\/se-presento-ante-la-justicia-el-croata-supuesto-responsable-de-la-mayor-cueva-portena\/"},"author":{"name":"apuntesdesanluis.com","@id":"https:\/\/apuntesdesanluis.com\/#\/schema\/person\/b55151d52296fcce64d1a72538a70b90"},"headline":"SE PRESENT\u00d3 ANTE LA JUSTICIA &#8220;EL CROATA&#8221;, SUPUESTO RESPONSABLE DE LA MAYOR &#8220;CUEVA&#8221; PORTE\u00d1A","datePublished":"2023-10-17T23:25:09+00:00","mainEntityOfPage":{"@id":"https:\/\/apuntesdesanluis.com\/index.php\/2023\/10\/17\/se-presento-ante-la-justicia-el-croata-supuesto-responsable-de-la-mayor-cueva-portena\/"},"wordCount":928,"publisher":{"@id":"https:\/\/apuntesdesanluis.com\/#\/schema\/person\/b55151d52296fcce64d1a72538a70b90"},"image":{"@id":"https:\/\/apuntesdesanluis.com\/index.php\/2023\/10\/17\/se-presento-ante-la-justicia-el-croata-supuesto-responsable-de-la-mayor-cueva-portena\/#primaryimage"},"thumbnailUrl":"https:\/\/apuntesdesanluis.com\/wp-content\/uploads\/2023\/10\/EL-CROATA.png","articleSection":["Nacionales\/Internacionales"],"inLanguage":"es-AR"},{"@type":"WebPage","@id":"https:\/\/apuntesdesanluis.com\/index.php\/2023\/10\/17\/se-presento-ante-la-justicia-el-croata-supuesto-responsable-de-la-mayor-cueva-portena\/","url":"https:\/\/apuntesdesanluis.com\/index.php\/2023\/10\/17\/se-presento-ante-la-justicia-el-croata-supuesto-responsable-de-la-mayor-cueva-portena\/","name":"SE PRESENT\u00d3 ANTE LA JUSTICIA \"EL CROATA\", SUPUESTO RESPONSABLE DE LA MAYOR \"CUEVA\" PORTE\u00d1A - Apuntes de San Luis","isPartOf":{"@id":"https:\/\/apuntesdesanluis.com\/#website"},"primaryImageOfPage":{"@id":"https:\/\/apuntesdesanluis.com\/index.php\/2023\/10\/17\/se-presento-ante-la-justicia-el-croata-supuesto-responsable-de-la-mayor-cueva-portena\/#primaryimage"},"image":{"@id":"https:\/\/apuntesdesanluis.com\/index.php\/2023\/10\/17\/se-presento-ante-la-justicia-el-croata-supuesto-responsable-de-la-mayor-cueva-portena\/#primaryimage"},"thumbnailUrl":"https:\/\/apuntesdesanluis.com\/wp-content\/uploads\/2023\/10\/EL-CROATA.png","datePublished":"2023-10-17T23:25:09+00:00","breadcrumb":{"@id":"https:\/\/apuntesdesanluis.com\/index.php\/2023\/10\/17\/se-presento-ante-la-justicia-el-croata-supuesto-responsable-de-la-mayor-cueva-portena\/#breadcrumb"},"inLanguage":"es-AR","potentialAction":[{"@type":"ReadAction","target":["https:\/\/apuntesdesanluis.com\/index.php\/2023\/10\/17\/se-presento-ante-la-justicia-el-croata-supuesto-responsable-de-la-mayor-cueva-portena\/"]}]},{"@type":"ImageObject","inLanguage":"es-AR","@id":"https:\/\/apuntesdesanluis.com\/index.php\/2023\/10\/17\/se-presento-ante-la-justicia-el-croata-supuesto-responsable-de-la-mayor-cueva-portena\/#primaryimage","url":"https:\/\/apuntesdesanluis.com\/wp-content\/uploads\/2023\/10\/EL-CROATA.png","contentUrl":"https:\/\/apuntesdesanluis.com\/wp-content\/uploads\/2023\/10\/EL-CROATA.png","width":600,"height":376},{"@type":"BreadcrumbList","@id":"https:\/\/apuntesdesanluis.com\/index.php\/2023\/10\/17\/se-presento-ante-la-justicia-el-croata-supuesto-responsable-de-la-mayor-cueva-portena\/#breadcrumb","itemListElement":[{"@type":"ListItem","position":1,"name":"Inicio","item":"https:\/\/apuntesdesanluis.com\/"},{"@type":"ListItem","position":2,"name":"SE PRESENT\u00d3 ANTE LA JUSTICIA &#8220;EL CROATA&#8221;, SUPUESTO RESPONSABLE DE LA MAYOR &#8220;CUEVA&#8221; PORTE\u00d1A"}]},{"@type":"WebSite","@id":"https:\/\/apuntesdesanluis.com\/#website","url":"https:\/\/apuntesdesanluis.com\/","name":"Apuntes de San Luis","description":"","publisher":{"@id":"https:\/\/apuntesdesanluis.com\/#\/schema\/person\/b55151d52296fcce64d1a72538a70b90"},"potentialAction":[{"@type":"SearchAction","target":{"@type":"EntryPoint","urlTemplate":"https:\/\/apuntesdesanluis.com\/?s={search_term_string}"},"query-input":{"@type":"PropertyValueSpecification","valueRequired":true,"valueName":"search_term_string"}}],"inLanguage":"es-AR"},{"@type":["Person","Organization"],"@id":"https:\/\/apuntesdesanluis.com\/#\/schema\/person\/b55151d52296fcce64d1a72538a70b90","name":"apuntesdesanluis.com","image":{"@type":"ImageObject","inLanguage":"es-AR","@id":"https:\/\/apuntesdesanluis.com\/#\/schema\/person\/image\/","url":"https:\/\/apuntesdesanluis.com\/wp-content\/uploads\/2023\/07\/cropped-apuntesdesanluis.png","contentUrl":"https:\/\/apuntesdesanluis.com\/wp-content\/uploads\/2023\/07\/cropped-apuntesdesanluis.png","width":450,"height":112,"caption":"apuntesdesanluis.com"},"logo":{"@id":"https:\/\/apuntesdesanluis.com\/#\/schema\/person\/image\/"},"sameAs":["https:\/\/apuntesdesanluis.com"],"url":"https:\/\/apuntesdesanluis.com\/index.php\/author\/apuntesdesanluis-com\/"}]}},"featured_image_urls":{"full":["https:\/\/apuntesdesanluis.com\/wp-content\/uploads\/2023\/10\/EL-CROATA.png",600,376,false],"thumbnail":["https:\/\/apuntesdesanluis.com\/wp-content\/uploads\/2023\/10\/EL-CROATA-150x150.png",150,150,true],"medium":["https:\/\/apuntesdesanluis.com\/wp-content\/uploads\/2023\/10\/EL-CROATA-300x188.png",300,188,true],"medium_large":["https:\/\/apuntesdesanluis.com\/wp-content\/uploads\/2023\/10\/EL-CROATA.png",600,376,false],"large":["https:\/\/apuntesdesanluis.com\/wp-content\/uploads\/2023\/10\/EL-CROATA.png",600,376,false],"1536x1536":["https:\/\/apuntesdesanluis.com\/wp-content\/uploads\/2023\/10\/EL-CROATA.png",600,376,false],"2048x2048":["https:\/\/apuntesdesanluis.com\/wp-content\/uploads\/2023\/10\/EL-CROATA.png",600,376,false],"newsever-slider-full":["https:\/\/apuntesdesanluis.com\/wp-content\/uploads\/2023\/10\/EL-CROATA.png",600,376,false],"newsever-featured":["https:\/\/apuntesdesanluis.com\/wp-content\/uploads\/2023\/10\/EL-CROATA.png",600,376,false],"newsever-medium":["https:\/\/apuntesdesanluis.com\/wp-content\/uploads\/2023\/10\/EL-CROATA.png",600,376,false]},"author_info":{"display_name":"apuntesdesanluis.com","author_link":"https:\/\/apuntesdesanluis.com\/index.php\/author\/apuntesdesanluis-com\/"},"category_info":"<a href=\"https:\/\/apuntesdesanluis.com\/index.php\/category\/nacionales-internacionales\/\" rel=\"category tag\">Nacionales\/Internacionales<\/a>","tag_info":"Nacionales\/Internacionales","comment_count":"0","_links":{"self":[{"href":"https:\/\/apuntesdesanluis.com\/index.php\/wp-json\/wp\/v2\/posts\/5279","targetHints":{"allow":["GET"]}}],"collection":[{"href":"https:\/\/apuntesdesanluis.com\/index.php\/wp-json\/wp\/v2\/posts"}],"about":[{"href":"https:\/\/apuntesdesanluis.com\/index.php\/wp-json\/wp\/v2\/types\/post"}],"author":[{"embeddable":true,"href":"https:\/\/apuntesdesanluis.com\/index.php\/wp-json\/wp\/v2\/users\/1"}],"replies":[{"embeddable":true,"href":"https:\/\/apuntesdesanluis.com\/index.php\/wp-json\/wp\/v2\/comments?post=5279"}],"version-history":[{"count":1,"href":"https:\/\/apuntesdesanluis.com\/index.php\/wp-json\/wp\/v2\/posts\/5279\/revisions"}],"predecessor-version":[{"id":5283,"href":"https:\/\/apuntesdesanluis.com\/index.php\/wp-json\/wp\/v2\/posts\/5279\/revisions\/5283"}],"wp:featuredmedia":[{"embeddable":true,"href":"https:\/\/apuntesdesanluis.com\/index.php\/wp-json\/wp\/v2\/media\/5280"}],"wp:attachment":[{"href":"https:\/\/apuntesdesanluis.com\/index.php\/wp-json\/wp\/v2\/media?parent=5279"}],"wp:term":[{"taxonomy":"category","embeddable":true,"href":"https:\/\/apuntesdesanluis.com\/index.php\/wp-json\/wp\/v2\/categories?post=5279"},{"taxonomy":"post_tag","embeddable":true,"href":"https:\/\/apuntesdesanluis.com\/index.php\/wp-json\/wp\/v2\/tags?post=5279"}],"curies":[{"name":"wp","href":"https:\/\/api.w.org\/{rel}","templated":true}]}}