{"id":5284,"date":"2023-10-17T21:00:18","date_gmt":"2023-10-18T00:00:18","guid":{"rendered":"https:\/\/apuntesdesanluis.com\/?p=5284"},"modified":"2023-10-17T22:04:11","modified_gmt":"2023-10-18T01:04:11","slug":"picante-sesion-del-concejo-deliberante-de-villa-mercedes","status":"publish","type":"post","link":"https:\/\/apuntesdesanluis.com\/index.php\/2023\/10\/17\/picante-sesion-del-concejo-deliberante-de-villa-mercedes\/","title":{"rendered":"PICANTE SESI\u00d3N DEL CONCEJO DELIBERANTE DE VILLA MERCEDES"},"content":{"rendered":"<h3>Este martes 17 se llev\u00f3 a cabo una nueva sesi\u00f3n ordinaria en el Honorable Concejo Deliberante, presidida por la Presidenta Provisional Luc\u00eda Lacerda Traversi, durante la cual se observaron disidencias internas en el bloque del oficialismo, que provocaron votaciones divididas e hicieron recrudecer viejos enconos, lo cual podr\u00eda tener ulteriores derivaciones pol\u00edticas <span style=\"color: #000000;\">(Ver nota aparte)<\/span><\/h3>\n<h3>En el comienzo de la sesi\u00f3n el Secretario Administrativo tom\u00f3 asistencia a los concejales y ley\u00f3 a la correspondencia recibida, mencionando el Expediente Interno Municipal N\u00b013493-2023 que conten\u00eda un Proyecto de Ordenanza del Ejecutivo Municipal, proponiendo una modificaci\u00f3n de la Ordenanza N\u00b01214 -IAL\/O\/2023, que dispuso el pase a planta temporaria del personal municipal, aprob\u00e1ndose por mayor\u00eda su incorporaci\u00f3n al orden del d\u00eda.<\/h3>\n<h3>En momentos de ingresar proyectos al orden del d\u00eda y\/o realizar homenajes, el Concejal Marcelo Periale record\u00f3 el 17 de octubre de 1945, donde fue una gran movilizaci\u00f3n obrera y sindical a favor del entonces coronel y secretario de Trabajo, Juan Domingo Per\u00f3n, que hab\u00eda sido detenido, y con una multitudinaria marcha forz\u00f3 su liberaci\u00f3n, gesta revolucionaria conocida como D\u00eda de la Lealtad.<\/h3>\n<h3>La Concejal Lucrecia Soria adhiri\u00f3 a sus palabras del D\u00eda de la Lealtad e incorpor\u00f3 un despacho a la comisi\u00f3n de Ecolog\u00eda Medio Ambiente e Higiene.<\/h3>\n<h3>Por otro lado, hizo referencia a una invitaci\u00f3n\u00a0 formal digital por parte de la Universidad de Oficios (UPRO) y el Gobierno de la Provincia, quienes invitan al inicio de obra del Club Alianza Futbol\u00edstica. La Edil enfatiz\u00f3 que esta obra carece de una serie de legalidades, infringiendo\u00a0 ordenanzas vigentes por ser zona residencial.<\/h3>\n<h3>El Concejal Hugo Rossi por su lado reflexion\u00f3 sobre lo parad\u00f3jico que resulta que el D\u00eda de la Lealtad lo presida el candidato a Presidente por el oficialismo.<\/h3>\n<h3>En\u00a0 segundo t\u00e9rmino, cuestion\u00f3 los procedimientos legales que se han utilizado\u00a0 para realizar una obra de instalaciones deportivas, a sabiendas que en esa zona residencial no est\u00e1n autorizados esos tipos de construcciones en contravenci\u00f3n a la Ordenanza vigente. \u201cEstos actos s\u00f3lo tienden a buscar r\u00e9ditos electorales\u201d, enfatiz\u00f3.<\/h3>\n<h3>En cuanto a los asuntos entrados fueron le\u00eddos por la Secretaria Legislativa y enviados a la comisi\u00f3n pertinente salvo:<\/h3>\n<h3>El Expediente del Departamento Interno Municipal N\u00b013493-2023 Proyecto de Ordenanza referido a la modificaci\u00f3n del art\u00edculo 4to e incorporaci\u00f3n del art\u00edculo 5to a la Ordenanza N\u00b01214 -IAL\/O\/2023 referido a disposici\u00f3n de pase\u00a0 a planta de personal temporario. El Concejal Marcelo Periale hizo alusi\u00f3n\u00a0 sobre la modificaci\u00f3n del art\u00edculo 4to. de la Ordenanza, que qued\u00f3 redactado de la siguiente manera: \u201cSolicitar al DEM el inicio inmediato del procedimiento legal pertinente y basado en un concurso cerrado de acuerdo al estatuto y escalaf\u00f3n de obreros y empleados municipales, a los efectos de dar cumplimiento a la Ordenanza mencionada\u201d.<\/h3>\n<h3>El Concejal Roberto Mones Ruiz critic\u00f3 la formalidad en que se quiere modificar esa norma vigente y que debi\u00f3 haberse regularizado en el plazo estipulado, bien lo establece el estatuto, mencionando los fundamentos para el no acompa\u00f1amiento al proyecto en cuesti\u00f3n y solicitando el voto nominal del cuerpo.<\/h3>\n<h3>El Concejal Hugo Rossi reflexion\u00f3 sobre esta nueva condici\u00f3n de la ordenanza, a lo que catalog\u00f3 como \u201cm\u00e1s que importante, sobre todo para brindarles seguridad laboral de una vez por todas y sacarles esa incertidumbre a los obreros que le ponen el hombro a las tareas del municipio\u201d.<\/h3>\n<h3>La Concejal Lucrecia Soria reflexion\u00f3 sobre la modificaci\u00f3n, aduciendo que esos concursos ya se encuentran establecidos en el estatuto del empleado municipal, por lo que ser\u00eda\u00a0 obsoleto y m\u00e1s de lo mismo\u201d.<\/h3>\n<h3>Por su parte la Concejal Virginia Lucero solicit\u00f3 abstenerse por tomar conocimiento de la modificaci\u00f3n de la ordenanza, muy sobre la hora de la sesi\u00f3n, por lo cual no tuvo el tiempo necesario para analizarla.<\/h3>\n<h3>El Concejal Luis Zapata por su lado cuestion\u00f3 lo llamativo y la\u00a0 urgencia en que se present\u00f3 en el d\u00eda de la fecha esa modificaci\u00f3n para aprobar la modificaci\u00f3n de la ordenanza, sugiriendo varias dudas.<\/h3>\n<h3>A su turno el concejal Jorge Rosales se\u00f1al\u00f3 que \u201csi dicha modificaci\u00f3n ayuda a darle estabilidad a los empleados, bienvenida sea\u201d.<\/h3>\n<h3>La votaci\u00f3n nominal arroj\u00f3 10 votos afirmativos contra 2 negativos (Mones Ruiz y Zapata) y 1 abstenci\u00f3n (Lucero).<\/h3>\n<h3>Luego se trataron los siguientes despachos:<\/h3>\n<h3>INTERPRETACI\u00d3N Y ASUNTOS LEGALES<\/h3>\n<h3>El Expte N\u00b0 21597-0\/23 Departamento Ejecutivo Municipal Proyecto de Ordenanza referido a Homologaci\u00f3n de Decreto Municipal N\u00b0 2305-2023 que Declara operada a favor de la Municipalidad de Villa Mercedes la Prescripci\u00f3n Adquisitiva de Dominio del inmueble individualizado conforme plano de mensura N\u00b03\/463\/22 aprobado por la Direcci\u00f3n Provincial de Catastro y Tierras Fiscales.<\/h3>\n<h3>La Concejal Flavia Coria ley\u00f3 el dictamen del mencionado despacho, oportunidad en que los concejales Hugo Rossi, Lucrecia Soria y Roberto Mones Ruiz manifestaron su propio posicionamiento con respecto al mencionado expediente. En la votaci\u00f3n el despacho fue rechazado.<\/h3>\n<h3>HACIENDA Y PRESUPUESTO<\/h3>\n<h3>Los Exptes N\u00b0 20803-b\/22; N\u00b0 20996-b\/22, N\u00b0 21238-b\/22; N\u00b0 21426-b\/23 y N\u00b0 21865 b\/23 referidos a Balances trimestrales y semestrales y Estados Contables y de Ejecuci\u00f3n Presupuestaria correspondientes al ejercicio 2022 (enero a diciembre), perteneciente a Obras Sanitarias Mercedes (con informe del Tribunal de Contralor Municipal). El Concejal Marcelo Periale\u00a0 ley\u00f3 el dictamen de la comisi\u00f3n y el concejal Hugo Rossi fundament\u00f3 el no acompa\u00f1amiento. Por otro lado, la Concejal Lucrecia Soria no comparti\u00f3 la metodolog\u00eda con que opera la empresa, no obstante lo cual fue aprobado.<\/h3>\n<h3>ACCI\u00d3N SOCIAL CULTURA Y EDUCACI\u00d3N<\/h3>\n<h3>El Expte N\u00b0 21833-n\/23- Junta de Estudios Hist\u00f3ricos de Villa Mercedes- Nota N\u00b0 34\/23 referido a Solicita se Declare de Inter\u00e9s Hist\u00f3rico, Cultural y Educativo al &#8220;Congreso Villamercedino de Historia de San Luis&#8221;, a desarrollarse los d\u00edas 27 y 28 de octubre en Casa de la Cultura y Teatro del Viejo Mercado.<\/h3>\n<h3>Fundamentado por la Concejal Gabriela L\u00f3pez, el mismo result\u00f3 aprobado por unanimidad<\/h3>\n<h3>ECOLOG\u00cdA Y MEDIO AMBIENTE E HIGIENE<\/h3>\n<h3>Los Expedientes Internoa Municipal N\u00b012396 y N\u00b012443 referidos a la autorizaci\u00f3n para la extracci\u00f3n de \u00e1rboles fueron fundamentados por la Concejal Lucrecia Soria y aprobados de forma un\u00e1nime.<\/h3>\n","protected":false},"excerpt":{"rendered":"<p>Este martes 17 se llev\u00f3 a cabo una nueva sesi\u00f3n ordinaria en el Honorable Concejo&#8230;<\/p>\n","protected":false},"author":1,"featured_media":5285,"comment_status":"closed","ping_status":"closed","sticky":false,"template":"","format":"standard","meta":{"footnotes":""},"categories":[6],"tags":[],"class_list":["post-5284","post","type-post","status-publish","format-standard","has-post-thumbnail","hentry","category-ciudad-provincia"],"yoast_head":"<!-- This site is optimized with the Yoast SEO plugin v26.1.1 - https:\/\/yoast.com\/wordpress\/plugins\/seo\/ -->\n<title>PICANTE SESI\u00d3N DEL CONCEJO DELIBERANTE DE VILLA MERCEDES - Apuntes de San Luis<\/title>\n<meta name=\"robots\" content=\"index, follow, max-snippet:-1, max-image-preview:large, max-video-preview:-1\" \/>\n<link rel=\"canonical\" href=\"https:\/\/apuntesdesanluis.com\/index.php\/2023\/10\/17\/picante-sesion-del-concejo-deliberante-de-villa-mercedes\/\" \/>\n<meta property=\"og:locale\" content=\"es_ES\" \/>\n<meta property=\"og:type\" content=\"article\" \/>\n<meta property=\"og:title\" content=\"PICANTE SESI\u00d3N DEL CONCEJO DELIBERANTE DE VILLA MERCEDES - Apuntes de San Luis\" \/>\n<meta property=\"og:description\" content=\"Este martes 17 se llev\u00f3 a cabo una nueva sesi\u00f3n ordinaria en el Honorable Concejo...\" \/>\n<meta property=\"og:url\" content=\"https:\/\/apuntesdesanluis.com\/index.php\/2023\/10\/17\/picante-sesion-del-concejo-deliberante-de-villa-mercedes\/\" \/>\n<meta property=\"og:site_name\" content=\"Apuntes de San Luis\" \/>\n<meta property=\"article:published_time\" content=\"2023-10-18T00:00:18+00:00\" \/>\n<meta property=\"article:modified_time\" content=\"2023-10-18T01:04:11+00:00\" \/>\n<meta property=\"og:image\" content=\"https:\/\/apuntesdesanluis.com\/wp-content\/uploads\/2023\/10\/Piki-concejo-deliberante.jpg\" \/>\n\t<meta property=\"og:image:width\" content=\"587\" \/>\n\t<meta property=\"og:image:height\" content=\"336\" \/>\n\t<meta property=\"og:image:type\" content=\"image\/jpeg\" \/>\n<meta name=\"author\" content=\"apuntesdesanluis.com\" \/>\n<meta name=\"twitter:card\" content=\"summary_large_image\" \/>\n<meta name=\"twitter:label1\" content=\"Escrito por\" \/>\n\t<meta name=\"twitter:data1\" content=\"apuntesdesanluis.com\" \/>\n\t<meta name=\"twitter:label2\" content=\"Tiempo de lectura\" \/>\n\t<meta name=\"twitter:data2\" content=\"5 minutos\" \/>\n<script type=\"application\/ld+json\" class=\"yoast-schema-graph\">{\"@context\":\"https:\/\/schema.org\",\"@graph\":[{\"@type\":\"Article\",\"@id\":\"https:\/\/apuntesdesanluis.com\/index.php\/2023\/10\/17\/picante-sesion-del-concejo-deliberante-de-villa-mercedes\/#article\",\"isPartOf\":{\"@id\":\"https:\/\/apuntesdesanluis.com\/index.php\/2023\/10\/17\/picante-sesion-del-concejo-deliberante-de-villa-mercedes\/\"},\"author\":{\"name\":\"apuntesdesanluis.com\",\"@id\":\"https:\/\/apuntesdesanluis.com\/#\/schema\/person\/b55151d52296fcce64d1a72538a70b90\"},\"headline\":\"PICANTE SESI\u00d3N DEL CONCEJO DELIBERANTE DE VILLA MERCEDES\",\"datePublished\":\"2023-10-18T00:00:18+00:00\",\"dateModified\":\"2023-10-18T01:04:11+00:00\",\"mainEntityOfPage\":{\"@id\":\"https:\/\/apuntesdesanluis.com\/index.php\/2023\/10\/17\/picante-sesion-del-concejo-deliberante-de-villa-mercedes\/\"},\"wordCount\":1060,\"publisher\":{\"@id\":\"https:\/\/apuntesdesanluis.com\/#\/schema\/person\/b55151d52296fcce64d1a72538a70b90\"},\"image\":{\"@id\":\"https:\/\/apuntesdesanluis.com\/index.php\/2023\/10\/17\/picante-sesion-del-concejo-deliberante-de-villa-mercedes\/#primaryimage\"},\"thumbnailUrl\":\"https:\/\/apuntesdesanluis.com\/wp-content\/uploads\/2023\/10\/Piki-concejo-deliberante.jpg\",\"articleSection\":[\"Ciudad\/Provincia\"],\"inLanguage\":\"es-AR\"},{\"@type\":\"WebPage\",\"@id\":\"https:\/\/apuntesdesanluis.com\/index.php\/2023\/10\/17\/picante-sesion-del-concejo-deliberante-de-villa-mercedes\/\",\"url\":\"https:\/\/apuntesdesanluis.com\/index.php\/2023\/10\/17\/picante-sesion-del-concejo-deliberante-de-villa-mercedes\/\",\"name\":\"PICANTE SESI\u00d3N DEL CONCEJO DELIBERANTE DE VILLA MERCEDES - Apuntes de San Luis\",\"isPartOf\":{\"@id\":\"https:\/\/apuntesdesanluis.com\/#website\"},\"primaryImageOfPage\":{\"@id\":\"https:\/\/apuntesdesanluis.com\/index.php\/2023\/10\/17\/picante-sesion-del-concejo-deliberante-de-villa-mercedes\/#primaryimage\"},\"image\":{\"@id\":\"https:\/\/apuntesdesanluis.com\/index.php\/2023\/10\/17\/picante-sesion-del-concejo-deliberante-de-villa-mercedes\/#primaryimage\"},\"thumbnailUrl\":\"https:\/\/apuntesdesanluis.com\/wp-content\/uploads\/2023\/10\/Piki-concejo-deliberante.jpg\",\"datePublished\":\"2023-10-18T00:00:18+00:00\",\"dateModified\":\"2023-10-18T01:04:11+00:00\",\"breadcrumb\":{\"@id\":\"https:\/\/apuntesdesanluis.com\/index.php\/2023\/10\/17\/picante-sesion-del-concejo-deliberante-de-villa-mercedes\/#breadcrumb\"},\"inLanguage\":\"es-AR\",\"potentialAction\":[{\"@type\":\"ReadAction\",\"target\":[\"https:\/\/apuntesdesanluis.com\/index.php\/2023\/10\/17\/picante-sesion-del-concejo-deliberante-de-villa-mercedes\/\"]}]},{\"@type\":\"ImageObject\",\"inLanguage\":\"es-AR\",\"@id\":\"https:\/\/apuntesdesanluis.com\/index.php\/2023\/10\/17\/picante-sesion-del-concejo-deliberante-de-villa-mercedes\/#primaryimage\",\"url\":\"https:\/\/apuntesdesanluis.com\/wp-content\/uploads\/2023\/10\/Piki-concejo-deliberante.jpg\",\"contentUrl\":\"https:\/\/apuntesdesanluis.com\/wp-content\/uploads\/2023\/10\/Piki-concejo-deliberante.jpg\",\"width\":587,\"height\":336},{\"@type\":\"BreadcrumbList\",\"@id\":\"https:\/\/apuntesdesanluis.com\/index.php\/2023\/10\/17\/picante-sesion-del-concejo-deliberante-de-villa-mercedes\/#breadcrumb\",\"itemListElement\":[{\"@type\":\"ListItem\",\"position\":1,\"name\":\"Inicio\",\"item\":\"https:\/\/apuntesdesanluis.com\/\"},{\"@type\":\"ListItem\",\"position\":2,\"name\":\"PICANTE SESI\u00d3N DEL CONCEJO DELIBERANTE DE VILLA MERCEDES\"}]},{\"@type\":\"WebSite\",\"@id\":\"https:\/\/apuntesdesanluis.com\/#website\",\"url\":\"https:\/\/apuntesdesanluis.com\/\",\"name\":\"Apuntes de San Luis\",\"description\":\"\",\"publisher\":{\"@id\":\"https:\/\/apuntesdesanluis.com\/#\/schema\/person\/b55151d52296fcce64d1a72538a70b90\"},\"potentialAction\":[{\"@type\":\"SearchAction\",\"target\":{\"@type\":\"EntryPoint\",\"urlTemplate\":\"https:\/\/apuntesdesanluis.com\/?s={search_term_string}\"},\"query-input\":{\"@type\":\"PropertyValueSpecification\",\"valueRequired\":true,\"valueName\":\"search_term_string\"}}],\"inLanguage\":\"es-AR\"},{\"@type\":[\"Person\",\"Organization\"],\"@id\":\"https:\/\/apuntesdesanluis.com\/#\/schema\/person\/b55151d52296fcce64d1a72538a70b90\",\"name\":\"apuntesdesanluis.com\",\"image\":{\"@type\":\"ImageObject\",\"inLanguage\":\"es-AR\",\"@id\":\"https:\/\/apuntesdesanluis.com\/#\/schema\/person\/image\/\",\"url\":\"https:\/\/apuntesdesanluis.com\/wp-content\/uploads\/2023\/07\/cropped-apuntesdesanluis.png\",\"contentUrl\":\"https:\/\/apuntesdesanluis.com\/wp-content\/uploads\/2023\/07\/cropped-apuntesdesanluis.png\",\"width\":450,\"height\":112,\"caption\":\"apuntesdesanluis.com\"},\"logo\":{\"@id\":\"https:\/\/apuntesdesanluis.com\/#\/schema\/person\/image\/\"},\"sameAs\":[\"https:\/\/apuntesdesanluis.com\"],\"url\":\"https:\/\/apuntesdesanluis.com\/index.php\/author\/apuntesdesanluis-com\/\"}]}<\/script>\n<!-- \/ Yoast SEO plugin. -->","yoast_head_json":{"title":"PICANTE SESI\u00d3N DEL CONCEJO DELIBERANTE DE VILLA MERCEDES - Apuntes de San Luis","robots":{"index":"index","follow":"follow","max-snippet":"max-snippet:-1","max-image-preview":"max-image-preview:large","max-video-preview":"max-video-preview:-1"},"canonical":"https:\/\/apuntesdesanluis.com\/index.php\/2023\/10\/17\/picante-sesion-del-concejo-deliberante-de-villa-mercedes\/","og_locale":"es_ES","og_type":"article","og_title":"PICANTE SESI\u00d3N DEL CONCEJO DELIBERANTE DE VILLA MERCEDES - Apuntes de San Luis","og_description":"Este martes 17 se llev\u00f3 a cabo una nueva sesi\u00f3n ordinaria en el Honorable Concejo...","og_url":"https:\/\/apuntesdesanluis.com\/index.php\/2023\/10\/17\/picante-sesion-del-concejo-deliberante-de-villa-mercedes\/","og_site_name":"Apuntes de San Luis","article_published_time":"2023-10-18T00:00:18+00:00","article_modified_time":"2023-10-18T01:04:11+00:00","og_image":[{"width":587,"height":336,"url":"https:\/\/apuntesdesanluis.com\/wp-content\/uploads\/2023\/10\/Piki-concejo-deliberante.jpg","type":"image\/jpeg"}],"author":"apuntesdesanluis.com","twitter_card":"summary_large_image","twitter_misc":{"Escrito por":"apuntesdesanluis.com","Tiempo de lectura":"5 minutos"},"schema":{"@context":"https:\/\/schema.org","@graph":[{"@type":"Article","@id":"https:\/\/apuntesdesanluis.com\/index.php\/2023\/10\/17\/picante-sesion-del-concejo-deliberante-de-villa-mercedes\/#article","isPartOf":{"@id":"https:\/\/apuntesdesanluis.com\/index.php\/2023\/10\/17\/picante-sesion-del-concejo-deliberante-de-villa-mercedes\/"},"author":{"name":"apuntesdesanluis.com","@id":"https:\/\/apuntesdesanluis.com\/#\/schema\/person\/b55151d52296fcce64d1a72538a70b90"},"headline":"PICANTE SESI\u00d3N DEL CONCEJO DELIBERANTE DE VILLA MERCEDES","datePublished":"2023-10-18T00:00:18+00:00","dateModified":"2023-10-18T01:04:11+00:00","mainEntityOfPage":{"@id":"https:\/\/apuntesdesanluis.com\/index.php\/2023\/10\/17\/picante-sesion-del-concejo-deliberante-de-villa-mercedes\/"},"wordCount":1060,"publisher":{"@id":"https:\/\/apuntesdesanluis.com\/#\/schema\/person\/b55151d52296fcce64d1a72538a70b90"},"image":{"@id":"https:\/\/apuntesdesanluis.com\/index.php\/2023\/10\/17\/picante-sesion-del-concejo-deliberante-de-villa-mercedes\/#primaryimage"},"thumbnailUrl":"https:\/\/apuntesdesanluis.com\/wp-content\/uploads\/2023\/10\/Piki-concejo-deliberante.jpg","articleSection":["Ciudad\/Provincia"],"inLanguage":"es-AR"},{"@type":"WebPage","@id":"https:\/\/apuntesdesanluis.com\/index.php\/2023\/10\/17\/picante-sesion-del-concejo-deliberante-de-villa-mercedes\/","url":"https:\/\/apuntesdesanluis.com\/index.php\/2023\/10\/17\/picante-sesion-del-concejo-deliberante-de-villa-mercedes\/","name":"PICANTE SESI\u00d3N DEL CONCEJO DELIBERANTE DE VILLA MERCEDES - Apuntes de San Luis","isPartOf":{"@id":"https:\/\/apuntesdesanluis.com\/#website"},"primaryImageOfPage":{"@id":"https:\/\/apuntesdesanluis.com\/index.php\/2023\/10\/17\/picante-sesion-del-concejo-deliberante-de-villa-mercedes\/#primaryimage"},"image":{"@id":"https:\/\/apuntesdesanluis.com\/index.php\/2023\/10\/17\/picante-sesion-del-concejo-deliberante-de-villa-mercedes\/#primaryimage"},"thumbnailUrl":"https:\/\/apuntesdesanluis.com\/wp-content\/uploads\/2023\/10\/Piki-concejo-deliberante.jpg","datePublished":"2023-10-18T00:00:18+00:00","dateModified":"2023-10-18T01:04:11+00:00","breadcrumb":{"@id":"https:\/\/apuntesdesanluis.com\/index.php\/2023\/10\/17\/picante-sesion-del-concejo-deliberante-de-villa-mercedes\/#breadcrumb"},"inLanguage":"es-AR","potentialAction":[{"@type":"ReadAction","target":["https:\/\/apuntesdesanluis.com\/index.php\/2023\/10\/17\/picante-sesion-del-concejo-deliberante-de-villa-mercedes\/"]}]},{"@type":"ImageObject","inLanguage":"es-AR","@id":"https:\/\/apuntesdesanluis.com\/index.php\/2023\/10\/17\/picante-sesion-del-concejo-deliberante-de-villa-mercedes\/#primaryimage","url":"https:\/\/apuntesdesanluis.com\/wp-content\/uploads\/2023\/10\/Piki-concejo-deliberante.jpg","contentUrl":"https:\/\/apuntesdesanluis.com\/wp-content\/uploads\/2023\/10\/Piki-concejo-deliberante.jpg","width":587,"height":336},{"@type":"BreadcrumbList","@id":"https:\/\/apuntesdesanluis.com\/index.php\/2023\/10\/17\/picante-sesion-del-concejo-deliberante-de-villa-mercedes\/#breadcrumb","itemListElement":[{"@type":"ListItem","position":1,"name":"Inicio","item":"https:\/\/apuntesdesanluis.com\/"},{"@type":"ListItem","position":2,"name":"PICANTE SESI\u00d3N DEL CONCEJO DELIBERANTE DE VILLA MERCEDES"}]},{"@type":"WebSite","@id":"https:\/\/apuntesdesanluis.com\/#website","url":"https:\/\/apuntesdesanluis.com\/","name":"Apuntes de San Luis","description":"","publisher":{"@id":"https:\/\/apuntesdesanluis.com\/#\/schema\/person\/b55151d52296fcce64d1a72538a70b90"},"potentialAction":[{"@type":"SearchAction","target":{"@type":"EntryPoint","urlTemplate":"https:\/\/apuntesdesanluis.com\/?s={search_term_string}"},"query-input":{"@type":"PropertyValueSpecification","valueRequired":true,"valueName":"search_term_string"}}],"inLanguage":"es-AR"},{"@type":["Person","Organization"],"@id":"https:\/\/apuntesdesanluis.com\/#\/schema\/person\/b55151d52296fcce64d1a72538a70b90","name":"apuntesdesanluis.com","image":{"@type":"ImageObject","inLanguage":"es-AR","@id":"https:\/\/apuntesdesanluis.com\/#\/schema\/person\/image\/","url":"https:\/\/apuntesdesanluis.com\/wp-content\/uploads\/2023\/07\/cropped-apuntesdesanluis.png","contentUrl":"https:\/\/apuntesdesanluis.com\/wp-content\/uploads\/2023\/07\/cropped-apuntesdesanluis.png","width":450,"height":112,"caption":"apuntesdesanluis.com"},"logo":{"@id":"https:\/\/apuntesdesanluis.com\/#\/schema\/person\/image\/"},"sameAs":["https:\/\/apuntesdesanluis.com"],"url":"https:\/\/apuntesdesanluis.com\/index.php\/author\/apuntesdesanluis-com\/"}]}},"featured_image_urls":{"full":["https:\/\/apuntesdesanluis.com\/wp-content\/uploads\/2023\/10\/Piki-concejo-deliberante.jpg",587,336,false],"thumbnail":["https:\/\/apuntesdesanluis.com\/wp-content\/uploads\/2023\/10\/Piki-concejo-deliberante-150x150.jpg",150,150,true],"medium":["https:\/\/apuntesdesanluis.com\/wp-content\/uploads\/2023\/10\/Piki-concejo-deliberante-300x172.jpg",300,172,true],"medium_large":["https:\/\/apuntesdesanluis.com\/wp-content\/uploads\/2023\/10\/Piki-concejo-deliberante.jpg",587,336,false],"large":["https:\/\/apuntesdesanluis.com\/wp-content\/uploads\/2023\/10\/Piki-concejo-deliberante.jpg",587,336,false],"1536x1536":["https:\/\/apuntesdesanluis.com\/wp-content\/uploads\/2023\/10\/Piki-concejo-deliberante.jpg",587,336,false],"2048x2048":["https:\/\/apuntesdesanluis.com\/wp-content\/uploads\/2023\/10\/Piki-concejo-deliberante.jpg",587,336,false],"newsever-slider-full":["https:\/\/apuntesdesanluis.com\/wp-content\/uploads\/2023\/10\/Piki-concejo-deliberante.jpg",587,336,false],"newsever-featured":["https:\/\/apuntesdesanluis.com\/wp-content\/uploads\/2023\/10\/Piki-concejo-deliberante.jpg",587,336,false],"newsever-medium":["https:\/\/apuntesdesanluis.com\/wp-content\/uploads\/2023\/10\/Piki-concejo-deliberante.jpg",587,336,false]},"author_info":{"display_name":"apuntesdesanluis.com","author_link":"https:\/\/apuntesdesanluis.com\/index.php\/author\/apuntesdesanluis-com\/"},"category_info":"<a href=\"https:\/\/apuntesdesanluis.com\/index.php\/category\/ciudad-provincia\/\" rel=\"category tag\">Ciudad\/Provincia<\/a>","tag_info":"Ciudad\/Provincia","comment_count":"0","_links":{"self":[{"href":"https:\/\/apuntesdesanluis.com\/index.php\/wp-json\/wp\/v2\/posts\/5284","targetHints":{"allow":["GET"]}}],"collection":[{"href":"https:\/\/apuntesdesanluis.com\/index.php\/wp-json\/wp\/v2\/posts"}],"about":[{"href":"https:\/\/apuntesdesanluis.com\/index.php\/wp-json\/wp\/v2\/types\/post"}],"author":[{"embeddable":true,"href":"https:\/\/apuntesdesanluis.com\/index.php\/wp-json\/wp\/v2\/users\/1"}],"replies":[{"embeddable":true,"href":"https:\/\/apuntesdesanluis.com\/index.php\/wp-json\/wp\/v2\/comments?post=5284"}],"version-history":[{"count":4,"href":"https:\/\/apuntesdesanluis.com\/index.php\/wp-json\/wp\/v2\/posts\/5284\/revisions"}],"predecessor-version":[{"id":5306,"href":"https:\/\/apuntesdesanluis.com\/index.php\/wp-json\/wp\/v2\/posts\/5284\/revisions\/5306"}],"wp:featuredmedia":[{"embeddable":true,"href":"https:\/\/apuntesdesanluis.com\/index.php\/wp-json\/wp\/v2\/media\/5285"}],"wp:attachment":[{"href":"https:\/\/apuntesdesanluis.com\/index.php\/wp-json\/wp\/v2\/media?parent=5284"}],"wp:term":[{"taxonomy":"category","embeddable":true,"href":"https:\/\/apuntesdesanluis.com\/index.php\/wp-json\/wp\/v2\/categories?post=5284"},{"taxonomy":"post_tag","embeddable":true,"href":"https:\/\/apuntesdesanluis.com\/index.php\/wp-json\/wp\/v2\/tags?post=5284"}],"curies":[{"name":"wp","href":"https:\/\/api.w.org\/{rel}","templated":true}]}}