{"id":5290,"date":"2023-10-17T21:20:47","date_gmt":"2023-10-18T00:20:47","guid":{"rendered":"https:\/\/apuntesdesanluis.com\/?p=5290"},"modified":"2023-10-17T22:26:32","modified_gmt":"2023-10-18T01:26:32","slug":"pedirian-la-expulsion-del-pj-de-legisladores-villamercedinos","status":"publish","type":"post","link":"https:\/\/apuntesdesanluis.com\/index.php\/2023\/10\/17\/pedirian-la-expulsion-del-pj-de-legisladores-villamercedinos\/","title":{"rendered":"PEDIR\u00cdAN LA EXPULSI\u00d3N DEL PJ DE LEGISLADORES VILLAMERCEDINOS"},"content":{"rendered":"<h3>En la misma jornada en que el PJ celebr\u00f3 una de sus fechas m\u00e1s caras, el <strong>D\u00eda de la Lealtad Peronista<\/strong>, concejales oficialistas del Concejo Deliberante villamercedino votaron en contra de dos ordenanzas que impulsaba el oficialismo que conduce el intendente <strong>Maximiliano Frontera<\/strong>.<\/h3>\n<h3>El cortocircuito se produjo en la sesi\u00f3n de este martes, al momento de tratarse sendos proyectos de ordenanza impulsados por la gesti\u00f3n municipal.<\/h3>\n<h3>Uno de ellos fue un pedido efectuado por el DEM para que se modifique la ordenanza referida a la\u00a0 incorporaci\u00f3n de\u00a0 empleados que fueron pasados a planta temporaria, disponiendo que antes de pasar a efectivos deben atravesar un concurso cerrado previo.<\/h3>\n<h3>La cuesti\u00f3n fue votada en forma negativa por los concejales <strong>Roberto Mones Ruiz<\/strong> y <strong>Luis Zapata<\/strong>, en tanto que la edil <strong>Virginia Lucero<\/strong>\u00a0se\u00a0abstuvo.<\/h3>\n<h3>Posteriormente Zapata y Lucero procedieron a votar en contra de la aprobaci\u00f3n del proyecto de ordenanza que homologaba un decreto municipal declarando operada a favor de la Municipalidad la prescripci\u00f3n adquisitiva de dominio de un inmueble, donde se proyectaba realizar viviendas sociales\u00a0municipales.<\/h3>\n<h3>Pocos minutos despu\u00e9s de concluida la sesi\u00f3n, se viraliz\u00f3 un flyer en las redes sociales, anticipando la tormenta que se vendr\u00eda con el paso de las horas.<\/h3>\n<p><img fetchpriority=\"high\" decoding=\"async\" class=\"wp-image-5292 aligncenter\" src=\"https:\/\/apuntesdesanluis.com\/wp-content\/uploads\/2023\/10\/Expulsion-300x300.jpg\" alt=\"\" width=\"674\" height=\"674\" srcset=\"https:\/\/apuntesdesanluis.com\/wp-content\/uploads\/2023\/10\/Expulsion-300x300.jpg 300w, https:\/\/apuntesdesanluis.com\/wp-content\/uploads\/2023\/10\/Expulsion-150x150.jpg 150w, https:\/\/apuntesdesanluis.com\/wp-content\/uploads\/2023\/10\/Expulsion.jpg 600w\" sizes=\"(max-width: 674px) 100vw, 674px\" \/><\/p>\n<h3>\u201cNo tengas dudas, vamos a pedir la expulsi\u00f3n de Luis Zapata, Roberto Mones Ruiz y Virginia Lucero. Esta es una nueva muestra de falta de organicidad, verticalismo y de traici\u00f3n a la conducci\u00f3n, en un momento en que el acompa\u00f1amiento para este tipo de acciones es de vital importancia para nuestro intendente\u201d, afirm\u00f3 un dirigente peronista a <strong>Apuntes de San Luis<\/strong>.<\/h3>\n<h3>La fuente fue m\u00e1s all\u00e1 e indic\u00f3 que adem\u00e1s de los tres legisladores, el pedido de expulsi\u00f3n se extender\u00eda \u201ca sus mentores pol\u00edticos, el actual Vicegobernador <strong>Eduardo Mones Ruiz<\/strong> (h) y la diputada provincial\u00a0<strong>Anabela\u00a0Lucero<\/strong>\u201d.<\/h3>\n<h3>En este sentido, trascendi\u00f3 que ya se habr\u00eda redactado un documento que est\u00e1 circulando entre la dirigencia del PJ local y militantes cercanos al intendente, con el objetivo de juntar firmas para exigir la expulsi\u00f3n de los citados funcionarios, el que ser\u00e1 elevado al Tribunal de Disciplina del PJ de Pedernera.<\/h3>\n<h3>Como se recordar\u00e1, el pasado mi\u00e9rcoles 4 del corriente se dio a conocer la Resoluci\u00f3n N\u00b01\/2023 del Tribunal de Disciplina del Partido Justicialista, a trav\u00e9s de la cual se dispuso \u201cexpulsar al Sr. <strong>Ram\u00f3n Alberto Leyes<\/strong>\u201d, por conformar un nuevo bloque en la C\u00e1mara de Diputados, y quien tras escindirse del oficialismo vot\u00f3 en contra del pase a planta de los trabajadores de Inclusi\u00f3n Social.<\/h3>\n<h3>\u201cNosotros vamos a exponer las mismas causales para pedir la expulsi\u00f3n de estos traidores, que no es la primera vez que votan en contra de iniciativas del intendente, por lo que entendemos que el fallo deber\u00eda ser de igual tenor\u201d, sostuvo un asesor municipal.<\/h3>\n<h3>Resulta sugestivo que surja este enfrentamiento en el oficialismo no s\u00f3lo en el marco del 17 de octubre, sino tambi\u00e9n un d\u00eda despu\u00e9s del acto encabezado por Sergio Massa en Villa Mercedes y a s\u00f3lo 5 d\u00edas de las cruciales elecciones del pr\u00f3ximo domingo, donde <strong>Anabela Lucero<\/strong> compite como candidata a Parlamentaria del Mercosur, propuesta por el propio <strong>Alberto Rodr\u00edguez Sa\u00e1<\/strong>.<\/h3>\n<p>&nbsp;<\/p>\n<h3><strong>NOTICIA RELACIONADA:<\/strong><\/h3>\n<p><a href=\"https:\/\/apuntesdesanluis.com\/index.php\/2023\/10\/17\/picante-sesion-del-concejo-deliberante-de-villa-mercedes\/\"><img decoding=\"async\" class=\"alignnone wp-image-5296\" src=\"https:\/\/apuntesdesanluis.com\/wp-content\/uploads\/2023\/10\/POSTEO-4-300x202.png\" alt=\"\" width=\"468\" height=\"315\" srcset=\"https:\/\/apuntesdesanluis.com\/wp-content\/uploads\/2023\/10\/POSTEO-4-300x202.png 300w, https:\/\/apuntesdesanluis.com\/wp-content\/uploads\/2023\/10\/POSTEO-4.png 637w\" sizes=\"(max-width: 468px) 100vw, 468px\" \/><\/a><\/p>\n<p>&nbsp;<\/p>\n<p>&nbsp;<\/p>\n<p>&nbsp;<\/p>\n<p>&nbsp;<\/p>\n<p>&nbsp;<\/p>\n<p>&nbsp;<\/p>\n","protected":false},"excerpt":{"rendered":"<p>En la misma jornada en que el PJ celebr\u00f3 una de sus fechas m\u00e1s caras,&#8230;<\/p>\n","protected":false},"author":1,"featured_media":5291,"comment_status":"closed","ping_status":"closed","sticky":false,"template":"","format":"standard","meta":{"footnotes":""},"categories":[6],"tags":[],"class_list":["post-5290","post","type-post","status-publish","format-standard","has-post-thumbnail","hentry","category-ciudad-provincia"],"yoast_head":"<!-- This site is optimized with the Yoast SEO plugin v26.1.1 - https:\/\/yoast.com\/wordpress\/plugins\/seo\/ -->\n<title>PEDIR\u00cdAN LA EXPULSI\u00d3N DEL PJ DE LEGISLADORES VILLAMERCEDINOS - Apuntes de San Luis<\/title>\n<meta name=\"robots\" content=\"index, follow, max-snippet:-1, max-image-preview:large, max-video-preview:-1\" \/>\n<link rel=\"canonical\" href=\"https:\/\/apuntesdesanluis.com\/index.php\/2023\/10\/17\/pedirian-la-expulsion-del-pj-de-legisladores-villamercedinos\/\" \/>\n<meta property=\"og:locale\" content=\"es_ES\" \/>\n<meta property=\"og:type\" content=\"article\" \/>\n<meta property=\"og:title\" content=\"PEDIR\u00cdAN LA EXPULSI\u00d3N DEL PJ DE LEGISLADORES VILLAMERCEDINOS - Apuntes de San Luis\" \/>\n<meta property=\"og:description\" content=\"En la misma jornada en que el PJ celebr\u00f3 una de sus fechas m\u00e1s caras,...\" \/>\n<meta property=\"og:url\" content=\"https:\/\/apuntesdesanluis.com\/index.php\/2023\/10\/17\/pedirian-la-expulsion-del-pj-de-legisladores-villamercedinos\/\" \/>\n<meta property=\"og:site_name\" content=\"Apuntes de San Luis\" \/>\n<meta property=\"article:published_time\" content=\"2023-10-18T00:20:47+00:00\" \/>\n<meta property=\"article:modified_time\" content=\"2023-10-18T01:26:32+00:00\" \/>\n<meta property=\"og:image\" content=\"https:\/\/apuntesdesanluis.com\/wp-content\/uploads\/2023\/10\/concejales-mones-ruiz-zapata-lucero.png\" \/>\n\t<meta property=\"og:image:width\" content=\"572\" \/>\n\t<meta property=\"og:image:height\" content=\"320\" \/>\n\t<meta property=\"og:image:type\" content=\"image\/png\" \/>\n<meta name=\"author\" content=\"apuntesdesanluis.com\" \/>\n<meta name=\"twitter:card\" content=\"summary_large_image\" \/>\n<meta name=\"twitter:label1\" content=\"Escrito por\" \/>\n\t<meta name=\"twitter:data1\" content=\"apuntesdesanluis.com\" \/>\n\t<meta name=\"twitter:label2\" content=\"Tiempo de lectura\" \/>\n\t<meta name=\"twitter:data2\" content=\"3 minutos\" \/>\n<script type=\"application\/ld+json\" class=\"yoast-schema-graph\">{\"@context\":\"https:\/\/schema.org\",\"@graph\":[{\"@type\":\"Article\",\"@id\":\"https:\/\/apuntesdesanluis.com\/index.php\/2023\/10\/17\/pedirian-la-expulsion-del-pj-de-legisladores-villamercedinos\/#article\",\"isPartOf\":{\"@id\":\"https:\/\/apuntesdesanluis.com\/index.php\/2023\/10\/17\/pedirian-la-expulsion-del-pj-de-legisladores-villamercedinos\/\"},\"author\":{\"name\":\"apuntesdesanluis.com\",\"@id\":\"https:\/\/apuntesdesanluis.com\/#\/schema\/person\/b55151d52296fcce64d1a72538a70b90\"},\"headline\":\"PEDIR\u00cdAN LA EXPULSI\u00d3N DEL PJ DE LEGISLADORES VILLAMERCEDINOS\",\"datePublished\":\"2023-10-18T00:20:47+00:00\",\"dateModified\":\"2023-10-18T01:26:32+00:00\",\"mainEntityOfPage\":{\"@id\":\"https:\/\/apuntesdesanluis.com\/index.php\/2023\/10\/17\/pedirian-la-expulsion-del-pj-de-legisladores-villamercedinos\/\"},\"wordCount\":574,\"publisher\":{\"@id\":\"https:\/\/apuntesdesanluis.com\/#\/schema\/person\/b55151d52296fcce64d1a72538a70b90\"},\"image\":{\"@id\":\"https:\/\/apuntesdesanluis.com\/index.php\/2023\/10\/17\/pedirian-la-expulsion-del-pj-de-legisladores-villamercedinos\/#primaryimage\"},\"thumbnailUrl\":\"https:\/\/apuntesdesanluis.com\/wp-content\/uploads\/2023\/10\/concejales-mones-ruiz-zapata-lucero.png\",\"articleSection\":[\"Ciudad\/Provincia\"],\"inLanguage\":\"es-AR\"},{\"@type\":\"WebPage\",\"@id\":\"https:\/\/apuntesdesanluis.com\/index.php\/2023\/10\/17\/pedirian-la-expulsion-del-pj-de-legisladores-villamercedinos\/\",\"url\":\"https:\/\/apuntesdesanluis.com\/index.php\/2023\/10\/17\/pedirian-la-expulsion-del-pj-de-legisladores-villamercedinos\/\",\"name\":\"PEDIR\u00cdAN LA EXPULSI\u00d3N DEL PJ DE LEGISLADORES VILLAMERCEDINOS - Apuntes de San Luis\",\"isPartOf\":{\"@id\":\"https:\/\/apuntesdesanluis.com\/#website\"},\"primaryImageOfPage\":{\"@id\":\"https:\/\/apuntesdesanluis.com\/index.php\/2023\/10\/17\/pedirian-la-expulsion-del-pj-de-legisladores-villamercedinos\/#primaryimage\"},\"image\":{\"@id\":\"https:\/\/apuntesdesanluis.com\/index.php\/2023\/10\/17\/pedirian-la-expulsion-del-pj-de-legisladores-villamercedinos\/#primaryimage\"},\"thumbnailUrl\":\"https:\/\/apuntesdesanluis.com\/wp-content\/uploads\/2023\/10\/concejales-mones-ruiz-zapata-lucero.png\",\"datePublished\":\"2023-10-18T00:20:47+00:00\",\"dateModified\":\"2023-10-18T01:26:32+00:00\",\"breadcrumb\":{\"@id\":\"https:\/\/apuntesdesanluis.com\/index.php\/2023\/10\/17\/pedirian-la-expulsion-del-pj-de-legisladores-villamercedinos\/#breadcrumb\"},\"inLanguage\":\"es-AR\",\"potentialAction\":[{\"@type\":\"ReadAction\",\"target\":[\"https:\/\/apuntesdesanluis.com\/index.php\/2023\/10\/17\/pedirian-la-expulsion-del-pj-de-legisladores-villamercedinos\/\"]}]},{\"@type\":\"ImageObject\",\"inLanguage\":\"es-AR\",\"@id\":\"https:\/\/apuntesdesanluis.com\/index.php\/2023\/10\/17\/pedirian-la-expulsion-del-pj-de-legisladores-villamercedinos\/#primaryimage\",\"url\":\"https:\/\/apuntesdesanluis.com\/wp-content\/uploads\/2023\/10\/concejales-mones-ruiz-zapata-lucero.png\",\"contentUrl\":\"https:\/\/apuntesdesanluis.com\/wp-content\/uploads\/2023\/10\/concejales-mones-ruiz-zapata-lucero.png\",\"width\":572,\"height\":320},{\"@type\":\"BreadcrumbList\",\"@id\":\"https:\/\/apuntesdesanluis.com\/index.php\/2023\/10\/17\/pedirian-la-expulsion-del-pj-de-legisladores-villamercedinos\/#breadcrumb\",\"itemListElement\":[{\"@type\":\"ListItem\",\"position\":1,\"name\":\"Inicio\",\"item\":\"https:\/\/apuntesdesanluis.com\/\"},{\"@type\":\"ListItem\",\"position\":2,\"name\":\"PEDIR\u00cdAN LA EXPULSI\u00d3N DEL PJ DE LEGISLADORES VILLAMERCEDINOS\"}]},{\"@type\":\"WebSite\",\"@id\":\"https:\/\/apuntesdesanluis.com\/#website\",\"url\":\"https:\/\/apuntesdesanluis.com\/\",\"name\":\"Apuntes de San Luis\",\"description\":\"\",\"publisher\":{\"@id\":\"https:\/\/apuntesdesanluis.com\/#\/schema\/person\/b55151d52296fcce64d1a72538a70b90\"},\"potentialAction\":[{\"@type\":\"SearchAction\",\"target\":{\"@type\":\"EntryPoint\",\"urlTemplate\":\"https:\/\/apuntesdesanluis.com\/?s={search_term_string}\"},\"query-input\":{\"@type\":\"PropertyValueSpecification\",\"valueRequired\":true,\"valueName\":\"search_term_string\"}}],\"inLanguage\":\"es-AR\"},{\"@type\":[\"Person\",\"Organization\"],\"@id\":\"https:\/\/apuntesdesanluis.com\/#\/schema\/person\/b55151d52296fcce64d1a72538a70b90\",\"name\":\"apuntesdesanluis.com\",\"image\":{\"@type\":\"ImageObject\",\"inLanguage\":\"es-AR\",\"@id\":\"https:\/\/apuntesdesanluis.com\/#\/schema\/person\/image\/\",\"url\":\"https:\/\/apuntesdesanluis.com\/wp-content\/uploads\/2023\/07\/cropped-apuntesdesanluis.png\",\"contentUrl\":\"https:\/\/apuntesdesanluis.com\/wp-content\/uploads\/2023\/07\/cropped-apuntesdesanluis.png\",\"width\":450,\"height\":112,\"caption\":\"apuntesdesanluis.com\"},\"logo\":{\"@id\":\"https:\/\/apuntesdesanluis.com\/#\/schema\/person\/image\/\"},\"sameAs\":[\"https:\/\/apuntesdesanluis.com\"],\"url\":\"https:\/\/apuntesdesanluis.com\/index.php\/author\/apuntesdesanluis-com\/\"}]}<\/script>\n<!-- \/ Yoast SEO plugin. -->","yoast_head_json":{"title":"PEDIR\u00cdAN LA EXPULSI\u00d3N DEL PJ DE LEGISLADORES VILLAMERCEDINOS - Apuntes de San Luis","robots":{"index":"index","follow":"follow","max-snippet":"max-snippet:-1","max-image-preview":"max-image-preview:large","max-video-preview":"max-video-preview:-1"},"canonical":"https:\/\/apuntesdesanluis.com\/index.php\/2023\/10\/17\/pedirian-la-expulsion-del-pj-de-legisladores-villamercedinos\/","og_locale":"es_ES","og_type":"article","og_title":"PEDIR\u00cdAN LA EXPULSI\u00d3N DEL PJ DE LEGISLADORES VILLAMERCEDINOS - Apuntes de San Luis","og_description":"En la misma jornada en que el PJ celebr\u00f3 una de sus fechas m\u00e1s caras,...","og_url":"https:\/\/apuntesdesanluis.com\/index.php\/2023\/10\/17\/pedirian-la-expulsion-del-pj-de-legisladores-villamercedinos\/","og_site_name":"Apuntes de San Luis","article_published_time":"2023-10-18T00:20:47+00:00","article_modified_time":"2023-10-18T01:26:32+00:00","og_image":[{"width":572,"height":320,"url":"https:\/\/apuntesdesanluis.com\/wp-content\/uploads\/2023\/10\/concejales-mones-ruiz-zapata-lucero.png","type":"image\/png"}],"author":"apuntesdesanluis.com","twitter_card":"summary_large_image","twitter_misc":{"Escrito por":"apuntesdesanluis.com","Tiempo de lectura":"3 minutos"},"schema":{"@context":"https:\/\/schema.org","@graph":[{"@type":"Article","@id":"https:\/\/apuntesdesanluis.com\/index.php\/2023\/10\/17\/pedirian-la-expulsion-del-pj-de-legisladores-villamercedinos\/#article","isPartOf":{"@id":"https:\/\/apuntesdesanluis.com\/index.php\/2023\/10\/17\/pedirian-la-expulsion-del-pj-de-legisladores-villamercedinos\/"},"author":{"name":"apuntesdesanluis.com","@id":"https:\/\/apuntesdesanluis.com\/#\/schema\/person\/b55151d52296fcce64d1a72538a70b90"},"headline":"PEDIR\u00cdAN LA EXPULSI\u00d3N DEL PJ DE LEGISLADORES VILLAMERCEDINOS","datePublished":"2023-10-18T00:20:47+00:00","dateModified":"2023-10-18T01:26:32+00:00","mainEntityOfPage":{"@id":"https:\/\/apuntesdesanluis.com\/index.php\/2023\/10\/17\/pedirian-la-expulsion-del-pj-de-legisladores-villamercedinos\/"},"wordCount":574,"publisher":{"@id":"https:\/\/apuntesdesanluis.com\/#\/schema\/person\/b55151d52296fcce64d1a72538a70b90"},"image":{"@id":"https:\/\/apuntesdesanluis.com\/index.php\/2023\/10\/17\/pedirian-la-expulsion-del-pj-de-legisladores-villamercedinos\/#primaryimage"},"thumbnailUrl":"https:\/\/apuntesdesanluis.com\/wp-content\/uploads\/2023\/10\/concejales-mones-ruiz-zapata-lucero.png","articleSection":["Ciudad\/Provincia"],"inLanguage":"es-AR"},{"@type":"WebPage","@id":"https:\/\/apuntesdesanluis.com\/index.php\/2023\/10\/17\/pedirian-la-expulsion-del-pj-de-legisladores-villamercedinos\/","url":"https:\/\/apuntesdesanluis.com\/index.php\/2023\/10\/17\/pedirian-la-expulsion-del-pj-de-legisladores-villamercedinos\/","name":"PEDIR\u00cdAN LA EXPULSI\u00d3N DEL PJ DE LEGISLADORES VILLAMERCEDINOS - Apuntes de San Luis","isPartOf":{"@id":"https:\/\/apuntesdesanluis.com\/#website"},"primaryImageOfPage":{"@id":"https:\/\/apuntesdesanluis.com\/index.php\/2023\/10\/17\/pedirian-la-expulsion-del-pj-de-legisladores-villamercedinos\/#primaryimage"},"image":{"@id":"https:\/\/apuntesdesanluis.com\/index.php\/2023\/10\/17\/pedirian-la-expulsion-del-pj-de-legisladores-villamercedinos\/#primaryimage"},"thumbnailUrl":"https:\/\/apuntesdesanluis.com\/wp-content\/uploads\/2023\/10\/concejales-mones-ruiz-zapata-lucero.png","datePublished":"2023-10-18T00:20:47+00:00","dateModified":"2023-10-18T01:26:32+00:00","breadcrumb":{"@id":"https:\/\/apuntesdesanluis.com\/index.php\/2023\/10\/17\/pedirian-la-expulsion-del-pj-de-legisladores-villamercedinos\/#breadcrumb"},"inLanguage":"es-AR","potentialAction":[{"@type":"ReadAction","target":["https:\/\/apuntesdesanluis.com\/index.php\/2023\/10\/17\/pedirian-la-expulsion-del-pj-de-legisladores-villamercedinos\/"]}]},{"@type":"ImageObject","inLanguage":"es-AR","@id":"https:\/\/apuntesdesanluis.com\/index.php\/2023\/10\/17\/pedirian-la-expulsion-del-pj-de-legisladores-villamercedinos\/#primaryimage","url":"https:\/\/apuntesdesanluis.com\/wp-content\/uploads\/2023\/10\/concejales-mones-ruiz-zapata-lucero.png","contentUrl":"https:\/\/apuntesdesanluis.com\/wp-content\/uploads\/2023\/10\/concejales-mones-ruiz-zapata-lucero.png","width":572,"height":320},{"@type":"BreadcrumbList","@id":"https:\/\/apuntesdesanluis.com\/index.php\/2023\/10\/17\/pedirian-la-expulsion-del-pj-de-legisladores-villamercedinos\/#breadcrumb","itemListElement":[{"@type":"ListItem","position":1,"name":"Inicio","item":"https:\/\/apuntesdesanluis.com\/"},{"@type":"ListItem","position":2,"name":"PEDIR\u00cdAN LA EXPULSI\u00d3N DEL PJ DE LEGISLADORES VILLAMERCEDINOS"}]},{"@type":"WebSite","@id":"https:\/\/apuntesdesanluis.com\/#website","url":"https:\/\/apuntesdesanluis.com\/","name":"Apuntes de San Luis","description":"","publisher":{"@id":"https:\/\/apuntesdesanluis.com\/#\/schema\/person\/b55151d52296fcce64d1a72538a70b90"},"potentialAction":[{"@type":"SearchAction","target":{"@type":"EntryPoint","urlTemplate":"https:\/\/apuntesdesanluis.com\/?s={search_term_string}"},"query-input":{"@type":"PropertyValueSpecification","valueRequired":true,"valueName":"search_term_string"}}],"inLanguage":"es-AR"},{"@type":["Person","Organization"],"@id":"https:\/\/apuntesdesanluis.com\/#\/schema\/person\/b55151d52296fcce64d1a72538a70b90","name":"apuntesdesanluis.com","image":{"@type":"ImageObject","inLanguage":"es-AR","@id":"https:\/\/apuntesdesanluis.com\/#\/schema\/person\/image\/","url":"https:\/\/apuntesdesanluis.com\/wp-content\/uploads\/2023\/07\/cropped-apuntesdesanluis.png","contentUrl":"https:\/\/apuntesdesanluis.com\/wp-content\/uploads\/2023\/07\/cropped-apuntesdesanluis.png","width":450,"height":112,"caption":"apuntesdesanluis.com"},"logo":{"@id":"https:\/\/apuntesdesanluis.com\/#\/schema\/person\/image\/"},"sameAs":["https:\/\/apuntesdesanluis.com"],"url":"https:\/\/apuntesdesanluis.com\/index.php\/author\/apuntesdesanluis-com\/"}]}},"featured_image_urls":{"full":["https:\/\/apuntesdesanluis.com\/wp-content\/uploads\/2023\/10\/concejales-mones-ruiz-zapata-lucero.png",572,320,false],"thumbnail":["https:\/\/apuntesdesanluis.com\/wp-content\/uploads\/2023\/10\/concejales-mones-ruiz-zapata-lucero-150x150.png",150,150,true],"medium":["https:\/\/apuntesdesanluis.com\/wp-content\/uploads\/2023\/10\/concejales-mones-ruiz-zapata-lucero-300x168.png",300,168,true],"medium_large":["https:\/\/apuntesdesanluis.com\/wp-content\/uploads\/2023\/10\/concejales-mones-ruiz-zapata-lucero.png",572,320,false],"large":["https:\/\/apuntesdesanluis.com\/wp-content\/uploads\/2023\/10\/concejales-mones-ruiz-zapata-lucero.png",572,320,false],"1536x1536":["https:\/\/apuntesdesanluis.com\/wp-content\/uploads\/2023\/10\/concejales-mones-ruiz-zapata-lucero.png",572,320,false],"2048x2048":["https:\/\/apuntesdesanluis.com\/wp-content\/uploads\/2023\/10\/concejales-mones-ruiz-zapata-lucero.png",572,320,false],"newsever-slider-full":["https:\/\/apuntesdesanluis.com\/wp-content\/uploads\/2023\/10\/concejales-mones-ruiz-zapata-lucero.png",572,320,false],"newsever-featured":["https:\/\/apuntesdesanluis.com\/wp-content\/uploads\/2023\/10\/concejales-mones-ruiz-zapata-lucero.png",572,320,false],"newsever-medium":["https:\/\/apuntesdesanluis.com\/wp-content\/uploads\/2023\/10\/concejales-mones-ruiz-zapata-lucero.png",572,320,false]},"author_info":{"display_name":"apuntesdesanluis.com","author_link":"https:\/\/apuntesdesanluis.com\/index.php\/author\/apuntesdesanluis-com\/"},"category_info":"<a href=\"https:\/\/apuntesdesanluis.com\/index.php\/category\/ciudad-provincia\/\" rel=\"category tag\">Ciudad\/Provincia<\/a>","tag_info":"Ciudad\/Provincia","comment_count":"0","_links":{"self":[{"href":"https:\/\/apuntesdesanluis.com\/index.php\/wp-json\/wp\/v2\/posts\/5290","targetHints":{"allow":["GET"]}}],"collection":[{"href":"https:\/\/apuntesdesanluis.com\/index.php\/wp-json\/wp\/v2\/posts"}],"about":[{"href":"https:\/\/apuntesdesanluis.com\/index.php\/wp-json\/wp\/v2\/types\/post"}],"author":[{"embeddable":true,"href":"https:\/\/apuntesdesanluis.com\/index.php\/wp-json\/wp\/v2\/users\/1"}],"replies":[{"embeddable":true,"href":"https:\/\/apuntesdesanluis.com\/index.php\/wp-json\/wp\/v2\/comments?post=5290"}],"version-history":[{"count":10,"href":"https:\/\/apuntesdesanluis.com\/index.php\/wp-json\/wp\/v2\/posts\/5290\/revisions"}],"predecessor-version":[{"id":5319,"href":"https:\/\/apuntesdesanluis.com\/index.php\/wp-json\/wp\/v2\/posts\/5290\/revisions\/5319"}],"wp:featuredmedia":[{"embeddable":true,"href":"https:\/\/apuntesdesanluis.com\/index.php\/wp-json\/wp\/v2\/media\/5291"}],"wp:attachment":[{"href":"https:\/\/apuntesdesanluis.com\/index.php\/wp-json\/wp\/v2\/media?parent=5290"}],"wp:term":[{"taxonomy":"category","embeddable":true,"href":"https:\/\/apuntesdesanluis.com\/index.php\/wp-json\/wp\/v2\/categories?post=5290"},{"taxonomy":"post_tag","embeddable":true,"href":"https:\/\/apuntesdesanluis.com\/index.php\/wp-json\/wp\/v2\/tags?post=5290"}],"curies":[{"name":"wp","href":"https:\/\/api.w.org\/{rel}","templated":true}]}}