{"id":5337,"date":"2023-10-18T08:28:33","date_gmt":"2023-10-18T11:28:33","guid":{"rendered":"https:\/\/apuntesdesanluis.com\/?p=5337"},"modified":"2023-10-18T08:29:04","modified_gmt":"2023-10-18T11:29:04","slug":"despues-de-40-anos-alianza-futbolistica-tiene-su-predio","status":"publish","type":"post","link":"https:\/\/apuntesdesanluis.com\/index.php\/2023\/10\/18\/despues-de-40-anos-alianza-futbolistica-tiene-su-predio\/","title":{"rendered":"DESPU\u00c9S DE 40 A\u00d1OS, ALIANZA FUTBOL\u00cdSTICA TIENE SU PREDIO"},"content":{"rendered":"<h3>Este es un plan que se lleva a cabo en forma conjunta entre la Universidad Provincial de Oficios \u201cEva Per\u00f3n\u201d y la Secretar\u00eda de Deportes del Gobierno de San Luis, con la articulaci\u00f3n de la Municipalidad de Villa Mercedes.<\/h3>\n<h3>\u201cEs uno de los clubes m\u00e1s ganadores de la historia del f\u00fatbol mercedino, sin embargo, nunca tuvo la oportunidad de tener un lugar para poder entrenar, contener a los chicos, formar inferiores. Esto es un sue\u00f1o\u201d, coment\u00f3 al inicio del encuentro <strong>Carlos Ciuffani<\/strong>, presidente de Alianza Futbol\u00edstica, club integrante de la Liga de F\u00fatbol Mercedes y que este martes recibi\u00f3 la obra del cierre perimetral en un terreno ubicado en Gobernador Alric y Garc\u00eda Lorca de la ciudad de Villa Mercedes.<\/h3>\n<h3><img fetchpriority=\"high\" decoding=\"async\" class=\"wp-image-5338 aligncenter\" src=\"https:\/\/apuntesdesanluis.com\/wp-content\/uploads\/2023\/10\/Cancha-de-alianza-300x191.png\" alt=\"\" width=\"473\" height=\"301\" srcset=\"https:\/\/apuntesdesanluis.com\/wp-content\/uploads\/2023\/10\/Cancha-de-alianza-300x191.png 300w, https:\/\/apuntesdesanluis.com\/wp-content\/uploads\/2023\/10\/Cancha-de-alianza.png 600w\" sizes=\"(max-width: 473px) 100vw, 473px\" \/><\/h3>\n<h3>\u201cEn aquella primera reuni\u00f3n con los clubes hace unos 3 meses, los dirigentes nos plantearon las necesidades, y en todos los casos tratamos de darles soluci\u00f3n. Deportes nos aporta los materiales y nosotros la mano de obra. Son 34 obras en general entre vestuarios, cierres, terrenos, alambrados, iluminaci\u00f3n, y ya tenemos m\u00e1s del 70% de las obras terminadas\u201d, expres\u00f3 el rector de la UPrO, <strong>Joaqu\u00edn Surroca<\/strong>.<\/h3>\n<h3>La obra del club consta de 368 m de cierre perimetral, de 2 m de altura, conformado en placas de hormig\u00f3n armado y dos portones met\u00e1licos de 5 m de ancho cada uno y tuvo un monto de realizaci\u00f3n $ 11.655.500,00.<\/h3>\n<p>&nbsp;<\/p>\n<p>&nbsp;<\/p>\n<p>&nbsp;<\/p>\n<p>&nbsp;<\/p>\n","protected":false},"excerpt":{"rendered":"<p>Este es un plan que se lleva a cabo en forma conjunta entre la Universidad&#8230;<\/p>\n","protected":false},"author":1,"featured_media":5339,"comment_status":"closed","ping_status":"closed","sticky":false,"template":"","format":"standard","meta":{"footnotes":""},"categories":[6],"tags":[],"class_list":["post-5337","post","type-post","status-publish","format-standard","has-post-thumbnail","hentry","category-ciudad-provincia"],"yoast_head":"<!-- This site is optimized with the Yoast SEO plugin v26.1.1 - https:\/\/yoast.com\/wordpress\/plugins\/seo\/ -->\n<title>DESPU\u00c9S DE 40 A\u00d1OS, ALIANZA FUTBOL\u00cdSTICA TIENE SU PREDIO - Apuntes de San Luis<\/title>\n<meta name=\"robots\" content=\"index, follow, max-snippet:-1, max-image-preview:large, max-video-preview:-1\" \/>\n<link rel=\"canonical\" href=\"https:\/\/apuntesdesanluis.com\/index.php\/2023\/10\/18\/despues-de-40-anos-alianza-futbolistica-tiene-su-predio\/\" \/>\n<meta property=\"og:locale\" content=\"es_ES\" \/>\n<meta property=\"og:type\" content=\"article\" \/>\n<meta property=\"og:title\" content=\"DESPU\u00c9S DE 40 A\u00d1OS, ALIANZA FUTBOL\u00cdSTICA TIENE SU PREDIO - Apuntes de San Luis\" \/>\n<meta property=\"og:description\" content=\"Este es un plan que se lleva a cabo en forma conjunta entre la Universidad...\" \/>\n<meta property=\"og:url\" content=\"https:\/\/apuntesdesanluis.com\/index.php\/2023\/10\/18\/despues-de-40-anos-alianza-futbolistica-tiene-su-predio\/\" \/>\n<meta property=\"og:site_name\" content=\"Apuntes de San Luis\" \/>\n<meta property=\"article:published_time\" content=\"2023-10-18T11:28:33+00:00\" \/>\n<meta property=\"article:modified_time\" content=\"2023-10-18T11:29:04+00:00\" \/>\n<meta property=\"og:image\" content=\"https:\/\/apuntesdesanluis.com\/wp-content\/uploads\/2023\/10\/surroca-echeverria.png\" \/>\n\t<meta property=\"og:image:width\" content=\"544\" \/>\n\t<meta property=\"og:image:height\" content=\"331\" \/>\n\t<meta property=\"og:image:type\" content=\"image\/png\" \/>\n<meta name=\"author\" content=\"apuntesdesanluis.com\" \/>\n<meta name=\"twitter:card\" content=\"summary_large_image\" \/>\n<meta name=\"twitter:label1\" content=\"Escrito por\" \/>\n\t<meta name=\"twitter:data1\" content=\"apuntesdesanluis.com\" \/>\n\t<meta name=\"twitter:label2\" content=\"Tiempo de lectura\" \/>\n\t<meta name=\"twitter:data2\" content=\"2 minutos\" \/>\n<script type=\"application\/ld+json\" class=\"yoast-schema-graph\">{\"@context\":\"https:\/\/schema.org\",\"@graph\":[{\"@type\":\"Article\",\"@id\":\"https:\/\/apuntesdesanluis.com\/index.php\/2023\/10\/18\/despues-de-40-anos-alianza-futbolistica-tiene-su-predio\/#article\",\"isPartOf\":{\"@id\":\"https:\/\/apuntesdesanluis.com\/index.php\/2023\/10\/18\/despues-de-40-anos-alianza-futbolistica-tiene-su-predio\/\"},\"author\":{\"name\":\"apuntesdesanluis.com\",\"@id\":\"https:\/\/apuntesdesanluis.com\/#\/schema\/person\/b55151d52296fcce64d1a72538a70b90\"},\"headline\":\"DESPU\u00c9S DE 40 A\u00d1OS, ALIANZA FUTBOL\u00cdSTICA TIENE SU PREDIO\",\"datePublished\":\"2023-10-18T11:28:33+00:00\",\"dateModified\":\"2023-10-18T11:29:04+00:00\",\"mainEntityOfPage\":{\"@id\":\"https:\/\/apuntesdesanluis.com\/index.php\/2023\/10\/18\/despues-de-40-anos-alianza-futbolistica-tiene-su-predio\/\"},\"wordCount\":251,\"publisher\":{\"@id\":\"https:\/\/apuntesdesanluis.com\/#\/schema\/person\/b55151d52296fcce64d1a72538a70b90\"},\"image\":{\"@id\":\"https:\/\/apuntesdesanluis.com\/index.php\/2023\/10\/18\/despues-de-40-anos-alianza-futbolistica-tiene-su-predio\/#primaryimage\"},\"thumbnailUrl\":\"https:\/\/apuntesdesanluis.com\/wp-content\/uploads\/2023\/10\/surroca-echeverria.png\",\"articleSection\":[\"Ciudad\/Provincia\"],\"inLanguage\":\"es-AR\"},{\"@type\":\"WebPage\",\"@id\":\"https:\/\/apuntesdesanluis.com\/index.php\/2023\/10\/18\/despues-de-40-anos-alianza-futbolistica-tiene-su-predio\/\",\"url\":\"https:\/\/apuntesdesanluis.com\/index.php\/2023\/10\/18\/despues-de-40-anos-alianza-futbolistica-tiene-su-predio\/\",\"name\":\"DESPU\u00c9S DE 40 A\u00d1OS, ALIANZA FUTBOL\u00cdSTICA TIENE SU PREDIO - Apuntes de San Luis\",\"isPartOf\":{\"@id\":\"https:\/\/apuntesdesanluis.com\/#website\"},\"primaryImageOfPage\":{\"@id\":\"https:\/\/apuntesdesanluis.com\/index.php\/2023\/10\/18\/despues-de-40-anos-alianza-futbolistica-tiene-su-predio\/#primaryimage\"},\"image\":{\"@id\":\"https:\/\/apuntesdesanluis.com\/index.php\/2023\/10\/18\/despues-de-40-anos-alianza-futbolistica-tiene-su-predio\/#primaryimage\"},\"thumbnailUrl\":\"https:\/\/apuntesdesanluis.com\/wp-content\/uploads\/2023\/10\/surroca-echeverria.png\",\"datePublished\":\"2023-10-18T11:28:33+00:00\",\"dateModified\":\"2023-10-18T11:29:04+00:00\",\"breadcrumb\":{\"@id\":\"https:\/\/apuntesdesanluis.com\/index.php\/2023\/10\/18\/despues-de-40-anos-alianza-futbolistica-tiene-su-predio\/#breadcrumb\"},\"inLanguage\":\"es-AR\",\"potentialAction\":[{\"@type\":\"ReadAction\",\"target\":[\"https:\/\/apuntesdesanluis.com\/index.php\/2023\/10\/18\/despues-de-40-anos-alianza-futbolistica-tiene-su-predio\/\"]}]},{\"@type\":\"ImageObject\",\"inLanguage\":\"es-AR\",\"@id\":\"https:\/\/apuntesdesanluis.com\/index.php\/2023\/10\/18\/despues-de-40-anos-alianza-futbolistica-tiene-su-predio\/#primaryimage\",\"url\":\"https:\/\/apuntesdesanluis.com\/wp-content\/uploads\/2023\/10\/surroca-echeverria.png\",\"contentUrl\":\"https:\/\/apuntesdesanluis.com\/wp-content\/uploads\/2023\/10\/surroca-echeverria.png\",\"width\":544,\"height\":331},{\"@type\":\"BreadcrumbList\",\"@id\":\"https:\/\/apuntesdesanluis.com\/index.php\/2023\/10\/18\/despues-de-40-anos-alianza-futbolistica-tiene-su-predio\/#breadcrumb\",\"itemListElement\":[{\"@type\":\"ListItem\",\"position\":1,\"name\":\"Inicio\",\"item\":\"https:\/\/apuntesdesanluis.com\/\"},{\"@type\":\"ListItem\",\"position\":2,\"name\":\"DESPU\u00c9S DE 40 A\u00d1OS, ALIANZA FUTBOL\u00cdSTICA TIENE SU PREDIO\"}]},{\"@type\":\"WebSite\",\"@id\":\"https:\/\/apuntesdesanluis.com\/#website\",\"url\":\"https:\/\/apuntesdesanluis.com\/\",\"name\":\"Apuntes de San Luis\",\"description\":\"\",\"publisher\":{\"@id\":\"https:\/\/apuntesdesanluis.com\/#\/schema\/person\/b55151d52296fcce64d1a72538a70b90\"},\"potentialAction\":[{\"@type\":\"SearchAction\",\"target\":{\"@type\":\"EntryPoint\",\"urlTemplate\":\"https:\/\/apuntesdesanluis.com\/?s={search_term_string}\"},\"query-input\":{\"@type\":\"PropertyValueSpecification\",\"valueRequired\":true,\"valueName\":\"search_term_string\"}}],\"inLanguage\":\"es-AR\"},{\"@type\":[\"Person\",\"Organization\"],\"@id\":\"https:\/\/apuntesdesanluis.com\/#\/schema\/person\/b55151d52296fcce64d1a72538a70b90\",\"name\":\"apuntesdesanluis.com\",\"image\":{\"@type\":\"ImageObject\",\"inLanguage\":\"es-AR\",\"@id\":\"https:\/\/apuntesdesanluis.com\/#\/schema\/person\/image\/\",\"url\":\"https:\/\/apuntesdesanluis.com\/wp-content\/uploads\/2023\/07\/cropped-apuntesdesanluis.png\",\"contentUrl\":\"https:\/\/apuntesdesanluis.com\/wp-content\/uploads\/2023\/07\/cropped-apuntesdesanluis.png\",\"width\":450,\"height\":112,\"caption\":\"apuntesdesanluis.com\"},\"logo\":{\"@id\":\"https:\/\/apuntesdesanluis.com\/#\/schema\/person\/image\/\"},\"sameAs\":[\"https:\/\/apuntesdesanluis.com\"],\"url\":\"https:\/\/apuntesdesanluis.com\/index.php\/author\/apuntesdesanluis-com\/\"}]}<\/script>\n<!-- \/ Yoast SEO plugin. -->","yoast_head_json":{"title":"DESPU\u00c9S DE 40 A\u00d1OS, ALIANZA FUTBOL\u00cdSTICA TIENE SU PREDIO - Apuntes de San Luis","robots":{"index":"index","follow":"follow","max-snippet":"max-snippet:-1","max-image-preview":"max-image-preview:large","max-video-preview":"max-video-preview:-1"},"canonical":"https:\/\/apuntesdesanluis.com\/index.php\/2023\/10\/18\/despues-de-40-anos-alianza-futbolistica-tiene-su-predio\/","og_locale":"es_ES","og_type":"article","og_title":"DESPU\u00c9S DE 40 A\u00d1OS, ALIANZA FUTBOL\u00cdSTICA TIENE SU PREDIO - Apuntes de San Luis","og_description":"Este es un plan que se lleva a cabo en forma conjunta entre la Universidad...","og_url":"https:\/\/apuntesdesanluis.com\/index.php\/2023\/10\/18\/despues-de-40-anos-alianza-futbolistica-tiene-su-predio\/","og_site_name":"Apuntes de San Luis","article_published_time":"2023-10-18T11:28:33+00:00","article_modified_time":"2023-10-18T11:29:04+00:00","og_image":[{"width":544,"height":331,"url":"https:\/\/apuntesdesanluis.com\/wp-content\/uploads\/2023\/10\/surroca-echeverria.png","type":"image\/png"}],"author":"apuntesdesanluis.com","twitter_card":"summary_large_image","twitter_misc":{"Escrito por":"apuntesdesanluis.com","Tiempo de lectura":"2 minutos"},"schema":{"@context":"https:\/\/schema.org","@graph":[{"@type":"Article","@id":"https:\/\/apuntesdesanluis.com\/index.php\/2023\/10\/18\/despues-de-40-anos-alianza-futbolistica-tiene-su-predio\/#article","isPartOf":{"@id":"https:\/\/apuntesdesanluis.com\/index.php\/2023\/10\/18\/despues-de-40-anos-alianza-futbolistica-tiene-su-predio\/"},"author":{"name":"apuntesdesanluis.com","@id":"https:\/\/apuntesdesanluis.com\/#\/schema\/person\/b55151d52296fcce64d1a72538a70b90"},"headline":"DESPU\u00c9S DE 40 A\u00d1OS, ALIANZA FUTBOL\u00cdSTICA TIENE SU PREDIO","datePublished":"2023-10-18T11:28:33+00:00","dateModified":"2023-10-18T11:29:04+00:00","mainEntityOfPage":{"@id":"https:\/\/apuntesdesanluis.com\/index.php\/2023\/10\/18\/despues-de-40-anos-alianza-futbolistica-tiene-su-predio\/"},"wordCount":251,"publisher":{"@id":"https:\/\/apuntesdesanluis.com\/#\/schema\/person\/b55151d52296fcce64d1a72538a70b90"},"image":{"@id":"https:\/\/apuntesdesanluis.com\/index.php\/2023\/10\/18\/despues-de-40-anos-alianza-futbolistica-tiene-su-predio\/#primaryimage"},"thumbnailUrl":"https:\/\/apuntesdesanluis.com\/wp-content\/uploads\/2023\/10\/surroca-echeverria.png","articleSection":["Ciudad\/Provincia"],"inLanguage":"es-AR"},{"@type":"WebPage","@id":"https:\/\/apuntesdesanluis.com\/index.php\/2023\/10\/18\/despues-de-40-anos-alianza-futbolistica-tiene-su-predio\/","url":"https:\/\/apuntesdesanluis.com\/index.php\/2023\/10\/18\/despues-de-40-anos-alianza-futbolistica-tiene-su-predio\/","name":"DESPU\u00c9S DE 40 A\u00d1OS, ALIANZA FUTBOL\u00cdSTICA TIENE SU PREDIO - Apuntes de San Luis","isPartOf":{"@id":"https:\/\/apuntesdesanluis.com\/#website"},"primaryImageOfPage":{"@id":"https:\/\/apuntesdesanluis.com\/index.php\/2023\/10\/18\/despues-de-40-anos-alianza-futbolistica-tiene-su-predio\/#primaryimage"},"image":{"@id":"https:\/\/apuntesdesanluis.com\/index.php\/2023\/10\/18\/despues-de-40-anos-alianza-futbolistica-tiene-su-predio\/#primaryimage"},"thumbnailUrl":"https:\/\/apuntesdesanluis.com\/wp-content\/uploads\/2023\/10\/surroca-echeverria.png","datePublished":"2023-10-18T11:28:33+00:00","dateModified":"2023-10-18T11:29:04+00:00","breadcrumb":{"@id":"https:\/\/apuntesdesanluis.com\/index.php\/2023\/10\/18\/despues-de-40-anos-alianza-futbolistica-tiene-su-predio\/#breadcrumb"},"inLanguage":"es-AR","potentialAction":[{"@type":"ReadAction","target":["https:\/\/apuntesdesanluis.com\/index.php\/2023\/10\/18\/despues-de-40-anos-alianza-futbolistica-tiene-su-predio\/"]}]},{"@type":"ImageObject","inLanguage":"es-AR","@id":"https:\/\/apuntesdesanluis.com\/index.php\/2023\/10\/18\/despues-de-40-anos-alianza-futbolistica-tiene-su-predio\/#primaryimage","url":"https:\/\/apuntesdesanluis.com\/wp-content\/uploads\/2023\/10\/surroca-echeverria.png","contentUrl":"https:\/\/apuntesdesanluis.com\/wp-content\/uploads\/2023\/10\/surroca-echeverria.png","width":544,"height":331},{"@type":"BreadcrumbList","@id":"https:\/\/apuntesdesanluis.com\/index.php\/2023\/10\/18\/despues-de-40-anos-alianza-futbolistica-tiene-su-predio\/#breadcrumb","itemListElement":[{"@type":"ListItem","position":1,"name":"Inicio","item":"https:\/\/apuntesdesanluis.com\/"},{"@type":"ListItem","position":2,"name":"DESPU\u00c9S DE 40 A\u00d1OS, ALIANZA FUTBOL\u00cdSTICA TIENE SU PREDIO"}]},{"@type":"WebSite","@id":"https:\/\/apuntesdesanluis.com\/#website","url":"https:\/\/apuntesdesanluis.com\/","name":"Apuntes de San Luis","description":"","publisher":{"@id":"https:\/\/apuntesdesanluis.com\/#\/schema\/person\/b55151d52296fcce64d1a72538a70b90"},"potentialAction":[{"@type":"SearchAction","target":{"@type":"EntryPoint","urlTemplate":"https:\/\/apuntesdesanluis.com\/?s={search_term_string}"},"query-input":{"@type":"PropertyValueSpecification","valueRequired":true,"valueName":"search_term_string"}}],"inLanguage":"es-AR"},{"@type":["Person","Organization"],"@id":"https:\/\/apuntesdesanluis.com\/#\/schema\/person\/b55151d52296fcce64d1a72538a70b90","name":"apuntesdesanluis.com","image":{"@type":"ImageObject","inLanguage":"es-AR","@id":"https:\/\/apuntesdesanluis.com\/#\/schema\/person\/image\/","url":"https:\/\/apuntesdesanluis.com\/wp-content\/uploads\/2023\/07\/cropped-apuntesdesanluis.png","contentUrl":"https:\/\/apuntesdesanluis.com\/wp-content\/uploads\/2023\/07\/cropped-apuntesdesanluis.png","width":450,"height":112,"caption":"apuntesdesanluis.com"},"logo":{"@id":"https:\/\/apuntesdesanluis.com\/#\/schema\/person\/image\/"},"sameAs":["https:\/\/apuntesdesanluis.com"],"url":"https:\/\/apuntesdesanluis.com\/index.php\/author\/apuntesdesanluis-com\/"}]}},"featured_image_urls":{"full":["https:\/\/apuntesdesanluis.com\/wp-content\/uploads\/2023\/10\/surroca-echeverria.png",544,331,false],"thumbnail":["https:\/\/apuntesdesanluis.com\/wp-content\/uploads\/2023\/10\/surroca-echeverria-150x150.png",150,150,true],"medium":["https:\/\/apuntesdesanluis.com\/wp-content\/uploads\/2023\/10\/surroca-echeverria-300x183.png",300,183,true],"medium_large":["https:\/\/apuntesdesanluis.com\/wp-content\/uploads\/2023\/10\/surroca-echeverria.png",544,331,false],"large":["https:\/\/apuntesdesanluis.com\/wp-content\/uploads\/2023\/10\/surroca-echeverria.png",544,331,false],"1536x1536":["https:\/\/apuntesdesanluis.com\/wp-content\/uploads\/2023\/10\/surroca-echeverria.png",544,331,false],"2048x2048":["https:\/\/apuntesdesanluis.com\/wp-content\/uploads\/2023\/10\/surroca-echeverria.png",544,331,false],"newsever-slider-full":["https:\/\/apuntesdesanluis.com\/wp-content\/uploads\/2023\/10\/surroca-echeverria.png",544,331,false],"newsever-featured":["https:\/\/apuntesdesanluis.com\/wp-content\/uploads\/2023\/10\/surroca-echeverria.png",544,331,false],"newsever-medium":["https:\/\/apuntesdesanluis.com\/wp-content\/uploads\/2023\/10\/surroca-echeverria.png",544,331,false]},"author_info":{"display_name":"apuntesdesanluis.com","author_link":"https:\/\/apuntesdesanluis.com\/index.php\/author\/apuntesdesanluis-com\/"},"category_info":"<a href=\"https:\/\/apuntesdesanluis.com\/index.php\/category\/ciudad-provincia\/\" rel=\"category tag\">Ciudad\/Provincia<\/a>","tag_info":"Ciudad\/Provincia","comment_count":"0","_links":{"self":[{"href":"https:\/\/apuntesdesanluis.com\/index.php\/wp-json\/wp\/v2\/posts\/5337","targetHints":{"allow":["GET"]}}],"collection":[{"href":"https:\/\/apuntesdesanluis.com\/index.php\/wp-json\/wp\/v2\/posts"}],"about":[{"href":"https:\/\/apuntesdesanluis.com\/index.php\/wp-json\/wp\/v2\/types\/post"}],"author":[{"embeddable":true,"href":"https:\/\/apuntesdesanluis.com\/index.php\/wp-json\/wp\/v2\/users\/1"}],"replies":[{"embeddable":true,"href":"https:\/\/apuntesdesanluis.com\/index.php\/wp-json\/wp\/v2\/comments?post=5337"}],"version-history":[{"count":2,"href":"https:\/\/apuntesdesanluis.com\/index.php\/wp-json\/wp\/v2\/posts\/5337\/revisions"}],"predecessor-version":[{"id":5341,"href":"https:\/\/apuntesdesanluis.com\/index.php\/wp-json\/wp\/v2\/posts\/5337\/revisions\/5341"}],"wp:featuredmedia":[{"embeddable":true,"href":"https:\/\/apuntesdesanluis.com\/index.php\/wp-json\/wp\/v2\/media\/5339"}],"wp:attachment":[{"href":"https:\/\/apuntesdesanluis.com\/index.php\/wp-json\/wp\/v2\/media?parent=5337"}],"wp:term":[{"taxonomy":"category","embeddable":true,"href":"https:\/\/apuntesdesanluis.com\/index.php\/wp-json\/wp\/v2\/categories?post=5337"},{"taxonomy":"post_tag","embeddable":true,"href":"https:\/\/apuntesdesanluis.com\/index.php\/wp-json\/wp\/v2\/tags?post=5337"}],"curies":[{"name":"wp","href":"https:\/\/api.w.org\/{rel}","templated":true}]}}