{"id":5342,"date":"2023-10-18T09:11:16","date_gmt":"2023-10-18T12:11:16","guid":{"rendered":"https:\/\/apuntesdesanluis.com\/?p=5342"},"modified":"2023-10-18T09:21:42","modified_gmt":"2023-10-18T12:21:42","slug":"milei-en-pantalla-el-cierre-de-campana-de-los-libertarios","status":"publish","type":"post","link":"https:\/\/apuntesdesanluis.com\/index.php\/2023\/10\/18\/milei-en-pantalla-el-cierre-de-campana-de-los-libertarios\/","title":{"rendered":"MILEI EN PANTALLA, EL CIERRE DE CAMPA\u00d1A DE LOS LIBERTARIOS"},"content":{"rendered":"<h3>Nada del folclore caracter\u00edstico de los tradicionales mitines pol\u00edticos. Tampoco la b\u00fasqueda del contacto directo con los seguidores y\/o votantes. Mucho menos el bombo y el chorip\u00e1n. Ahora casi todo es digital. Incluso la militancia pol\u00edtica y la captaci\u00f3n de adhesiones.<\/h3>\n<h3>A diferencia del oficialista Uni\u00f3n por la Patria, que organiz\u00f3 un acto el lunes con la presencia de <strong>Sergio Massa<\/strong>, y de Juntos por el Cambio, que convoc\u00f3 ayer en Juana Koslay con <strong>Patricia Bullrich<\/strong> a la cabeza, la Libertad Avanza clausurar\u00e1 su campa\u00f1a en San Luis con la transmisi\u00f3n en vivo del encuentro de cierre que har\u00e1 <strong>Javier Milei<\/strong> en Capital Federal.<\/h3>\n<h3>A m\u00e1s de dos meses de su triunfo en las PASO, el candidato presidencial de La Libertad Avanza (LLA), Javier Milei, cerrar\u00e1 su campa\u00f1a proselitista para las generales este mi\u00e9rcoles en el Movistar Arena, ubicado en el barrio porte\u00f1o de Villa Crespo.<\/h3>\n<h3>En su discurso, delinear\u00e1 las principales propuestas de gobierno que plantea implementar en caso de asumir y tratar\u00e1 de captar el voto de los indecisos, para intentar ganar en primera vuelta.<\/h3>\n<h3>Los libertarios puntanos, cuya estrategia ha sido no mostrar ni hacer campa\u00f1a con los postulantes locales sino \u201cpotenciar\u201d las acciones de su candidato presidencial, han dispuesto \u2013como en otras ciudades del pa\u00eds- la colocaci\u00f3n de una pantalla gigante en plena peatonal (Rivadavia 526), donde se proyectar\u00e1 en vivo el acto de cierre de Milei en Capital Federal.<\/h3>\n<h3><em>\u201cTe esperamos este mi\u00e9rcoles 18 de octubre a las 19 hs en la sede de La Libertad Avanza en San Luis, en la peatonal. Vamos a compartir este momento hist\u00f3rico\u201d<\/em>, consigna la invitaci\u00f3n que hicieron llegar a la sociedad y los medios de prensa.<\/h3>\n<p>&nbsp;<\/p>\n<p><img fetchpriority=\"high\" decoding=\"async\" class=\"wp-image-5344 aligncenter\" src=\"https:\/\/apuntesdesanluis.com\/wp-content\/uploads\/2023\/10\/Cierre-campana-milei-297x300.jpg\" alt=\"\" width=\"530\" height=\"535\" srcset=\"https:\/\/apuntesdesanluis.com\/wp-content\/uploads\/2023\/10\/Cierre-campana-milei-297x300.jpg 297w, https:\/\/apuntesdesanluis.com\/wp-content\/uploads\/2023\/10\/Cierre-campana-milei-150x150.jpg 150w, https:\/\/apuntesdesanluis.com\/wp-content\/uploads\/2023\/10\/Cierre-campana-milei.jpg 600w\" sizes=\"(max-width: 530px) 100vw, 530px\" \/><\/p>\n<p>&nbsp;<\/p>\n<p>&nbsp;<\/p>\n<p>&nbsp;<\/p>\n<p>&nbsp;<\/p>\n","protected":false},"excerpt":{"rendered":"<p>Nada del folclore caracter\u00edstico de los tradicionales mitines pol\u00edticos. Tampoco la b\u00fasqueda del contacto directo&#8230;<\/p>\n","protected":false},"author":1,"featured_media":5343,"comment_status":"closed","ping_status":"closed","sticky":false,"template":"","format":"standard","meta":{"footnotes":""},"categories":[6],"tags":[],"class_list":["post-5342","post","type-post","status-publish","format-standard","has-post-thumbnail","hentry","category-ciudad-provincia"],"yoast_head":"<!-- This site is optimized with the Yoast SEO plugin v26.1.1 - https:\/\/yoast.com\/wordpress\/plugins\/seo\/ -->\n<title>MILEI EN PANTALLA, EL CIERRE DE CAMPA\u00d1A DE LOS LIBERTARIOS - Apuntes de San Luis<\/title>\n<meta name=\"robots\" content=\"index, follow, max-snippet:-1, max-image-preview:large, max-video-preview:-1\" \/>\n<link rel=\"canonical\" href=\"https:\/\/apuntesdesanluis.com\/index.php\/2023\/10\/18\/milei-en-pantalla-el-cierre-de-campana-de-los-libertarios\/\" \/>\n<meta property=\"og:locale\" content=\"es_ES\" \/>\n<meta property=\"og:type\" content=\"article\" \/>\n<meta property=\"og:title\" content=\"MILEI EN PANTALLA, EL CIERRE DE CAMPA\u00d1A DE LOS LIBERTARIOS - Apuntes de San Luis\" \/>\n<meta property=\"og:description\" content=\"Nada del folclore caracter\u00edstico de los tradicionales mitines pol\u00edticos. Tampoco la b\u00fasqueda del contacto directo...\" \/>\n<meta property=\"og:url\" content=\"https:\/\/apuntesdesanluis.com\/index.php\/2023\/10\/18\/milei-en-pantalla-el-cierre-de-campana-de-los-libertarios\/\" \/>\n<meta property=\"og:site_name\" content=\"Apuntes de San Luis\" \/>\n<meta property=\"article:published_time\" content=\"2023-10-18T12:11:16+00:00\" \/>\n<meta property=\"article:modified_time\" content=\"2023-10-18T12:21:42+00:00\" \/>\n<meta property=\"og:image\" content=\"https:\/\/apuntesdesanluis.com\/wp-content\/uploads\/2023\/10\/acto-de-milei.png\" \/>\n\t<meta property=\"og:image:width\" content=\"600\" \/>\n\t<meta property=\"og:image:height\" content=\"353\" \/>\n\t<meta property=\"og:image:type\" content=\"image\/png\" \/>\n<meta name=\"author\" content=\"apuntesdesanluis.com\" \/>\n<meta name=\"twitter:card\" content=\"summary_large_image\" \/>\n<meta name=\"twitter:label1\" content=\"Escrito por\" \/>\n\t<meta name=\"twitter:data1\" content=\"apuntesdesanluis.com\" \/>\n\t<meta name=\"twitter:label2\" content=\"Tiempo de lectura\" \/>\n\t<meta name=\"twitter:data2\" content=\"2 minutos\" \/>\n<script type=\"application\/ld+json\" class=\"yoast-schema-graph\">{\"@context\":\"https:\/\/schema.org\",\"@graph\":[{\"@type\":\"Article\",\"@id\":\"https:\/\/apuntesdesanluis.com\/index.php\/2023\/10\/18\/milei-en-pantalla-el-cierre-de-campana-de-los-libertarios\/#article\",\"isPartOf\":{\"@id\":\"https:\/\/apuntesdesanluis.com\/index.php\/2023\/10\/18\/milei-en-pantalla-el-cierre-de-campana-de-los-libertarios\/\"},\"author\":{\"name\":\"apuntesdesanluis.com\",\"@id\":\"https:\/\/apuntesdesanluis.com\/#\/schema\/person\/b55151d52296fcce64d1a72538a70b90\"},\"headline\":\"MILEI EN PANTALLA, EL CIERRE DE CAMPA\u00d1A DE LOS LIBERTARIOS\",\"datePublished\":\"2023-10-18T12:11:16+00:00\",\"dateModified\":\"2023-10-18T12:21:42+00:00\",\"mainEntityOfPage\":{\"@id\":\"https:\/\/apuntesdesanluis.com\/index.php\/2023\/10\/18\/milei-en-pantalla-el-cierre-de-campana-de-los-libertarios\/\"},\"wordCount\":311,\"publisher\":{\"@id\":\"https:\/\/apuntesdesanluis.com\/#\/schema\/person\/b55151d52296fcce64d1a72538a70b90\"},\"image\":{\"@id\":\"https:\/\/apuntesdesanluis.com\/index.php\/2023\/10\/18\/milei-en-pantalla-el-cierre-de-campana-de-los-libertarios\/#primaryimage\"},\"thumbnailUrl\":\"https:\/\/apuntesdesanluis.com\/wp-content\/uploads\/2023\/10\/acto-de-milei.png\",\"articleSection\":[\"Ciudad\/Provincia\"],\"inLanguage\":\"es-AR\"},{\"@type\":\"WebPage\",\"@id\":\"https:\/\/apuntesdesanluis.com\/index.php\/2023\/10\/18\/milei-en-pantalla-el-cierre-de-campana-de-los-libertarios\/\",\"url\":\"https:\/\/apuntesdesanluis.com\/index.php\/2023\/10\/18\/milei-en-pantalla-el-cierre-de-campana-de-los-libertarios\/\",\"name\":\"MILEI EN PANTALLA, EL CIERRE DE CAMPA\u00d1A DE LOS LIBERTARIOS - Apuntes de San Luis\",\"isPartOf\":{\"@id\":\"https:\/\/apuntesdesanluis.com\/#website\"},\"primaryImageOfPage\":{\"@id\":\"https:\/\/apuntesdesanluis.com\/index.php\/2023\/10\/18\/milei-en-pantalla-el-cierre-de-campana-de-los-libertarios\/#primaryimage\"},\"image\":{\"@id\":\"https:\/\/apuntesdesanluis.com\/index.php\/2023\/10\/18\/milei-en-pantalla-el-cierre-de-campana-de-los-libertarios\/#primaryimage\"},\"thumbnailUrl\":\"https:\/\/apuntesdesanluis.com\/wp-content\/uploads\/2023\/10\/acto-de-milei.png\",\"datePublished\":\"2023-10-18T12:11:16+00:00\",\"dateModified\":\"2023-10-18T12:21:42+00:00\",\"breadcrumb\":{\"@id\":\"https:\/\/apuntesdesanluis.com\/index.php\/2023\/10\/18\/milei-en-pantalla-el-cierre-de-campana-de-los-libertarios\/#breadcrumb\"},\"inLanguage\":\"es-AR\",\"potentialAction\":[{\"@type\":\"ReadAction\",\"target\":[\"https:\/\/apuntesdesanluis.com\/index.php\/2023\/10\/18\/milei-en-pantalla-el-cierre-de-campana-de-los-libertarios\/\"]}]},{\"@type\":\"ImageObject\",\"inLanguage\":\"es-AR\",\"@id\":\"https:\/\/apuntesdesanluis.com\/index.php\/2023\/10\/18\/milei-en-pantalla-el-cierre-de-campana-de-los-libertarios\/#primaryimage\",\"url\":\"https:\/\/apuntesdesanluis.com\/wp-content\/uploads\/2023\/10\/acto-de-milei.png\",\"contentUrl\":\"https:\/\/apuntesdesanluis.com\/wp-content\/uploads\/2023\/10\/acto-de-milei.png\",\"width\":600,\"height\":353},{\"@type\":\"BreadcrumbList\",\"@id\":\"https:\/\/apuntesdesanluis.com\/index.php\/2023\/10\/18\/milei-en-pantalla-el-cierre-de-campana-de-los-libertarios\/#breadcrumb\",\"itemListElement\":[{\"@type\":\"ListItem\",\"position\":1,\"name\":\"Inicio\",\"item\":\"https:\/\/apuntesdesanluis.com\/\"},{\"@type\":\"ListItem\",\"position\":2,\"name\":\"MILEI EN PANTALLA, EL CIERRE DE CAMPA\u00d1A DE LOS LIBERTARIOS\"}]},{\"@type\":\"WebSite\",\"@id\":\"https:\/\/apuntesdesanluis.com\/#website\",\"url\":\"https:\/\/apuntesdesanluis.com\/\",\"name\":\"Apuntes de San Luis\",\"description\":\"\",\"publisher\":{\"@id\":\"https:\/\/apuntesdesanluis.com\/#\/schema\/person\/b55151d52296fcce64d1a72538a70b90\"},\"potentialAction\":[{\"@type\":\"SearchAction\",\"target\":{\"@type\":\"EntryPoint\",\"urlTemplate\":\"https:\/\/apuntesdesanluis.com\/?s={search_term_string}\"},\"query-input\":{\"@type\":\"PropertyValueSpecification\",\"valueRequired\":true,\"valueName\":\"search_term_string\"}}],\"inLanguage\":\"es-AR\"},{\"@type\":[\"Person\",\"Organization\"],\"@id\":\"https:\/\/apuntesdesanluis.com\/#\/schema\/person\/b55151d52296fcce64d1a72538a70b90\",\"name\":\"apuntesdesanluis.com\",\"image\":{\"@type\":\"ImageObject\",\"inLanguage\":\"es-AR\",\"@id\":\"https:\/\/apuntesdesanluis.com\/#\/schema\/person\/image\/\",\"url\":\"https:\/\/apuntesdesanluis.com\/wp-content\/uploads\/2023\/07\/cropped-apuntesdesanluis.png\",\"contentUrl\":\"https:\/\/apuntesdesanluis.com\/wp-content\/uploads\/2023\/07\/cropped-apuntesdesanluis.png\",\"width\":450,\"height\":112,\"caption\":\"apuntesdesanluis.com\"},\"logo\":{\"@id\":\"https:\/\/apuntesdesanluis.com\/#\/schema\/person\/image\/\"},\"sameAs\":[\"https:\/\/apuntesdesanluis.com\"],\"url\":\"https:\/\/apuntesdesanluis.com\/index.php\/author\/apuntesdesanluis-com\/\"}]}<\/script>\n<!-- \/ Yoast SEO plugin. -->","yoast_head_json":{"title":"MILEI EN PANTALLA, EL CIERRE DE CAMPA\u00d1A DE LOS LIBERTARIOS - Apuntes de San Luis","robots":{"index":"index","follow":"follow","max-snippet":"max-snippet:-1","max-image-preview":"max-image-preview:large","max-video-preview":"max-video-preview:-1"},"canonical":"https:\/\/apuntesdesanluis.com\/index.php\/2023\/10\/18\/milei-en-pantalla-el-cierre-de-campana-de-los-libertarios\/","og_locale":"es_ES","og_type":"article","og_title":"MILEI EN PANTALLA, EL CIERRE DE CAMPA\u00d1A DE LOS LIBERTARIOS - Apuntes de San Luis","og_description":"Nada del folclore caracter\u00edstico de los tradicionales mitines pol\u00edticos. Tampoco la b\u00fasqueda del contacto directo...","og_url":"https:\/\/apuntesdesanluis.com\/index.php\/2023\/10\/18\/milei-en-pantalla-el-cierre-de-campana-de-los-libertarios\/","og_site_name":"Apuntes de San Luis","article_published_time":"2023-10-18T12:11:16+00:00","article_modified_time":"2023-10-18T12:21:42+00:00","og_image":[{"width":600,"height":353,"url":"https:\/\/apuntesdesanluis.com\/wp-content\/uploads\/2023\/10\/acto-de-milei.png","type":"image\/png"}],"author":"apuntesdesanluis.com","twitter_card":"summary_large_image","twitter_misc":{"Escrito por":"apuntesdesanluis.com","Tiempo de lectura":"2 minutos"},"schema":{"@context":"https:\/\/schema.org","@graph":[{"@type":"Article","@id":"https:\/\/apuntesdesanluis.com\/index.php\/2023\/10\/18\/milei-en-pantalla-el-cierre-de-campana-de-los-libertarios\/#article","isPartOf":{"@id":"https:\/\/apuntesdesanluis.com\/index.php\/2023\/10\/18\/milei-en-pantalla-el-cierre-de-campana-de-los-libertarios\/"},"author":{"name":"apuntesdesanluis.com","@id":"https:\/\/apuntesdesanluis.com\/#\/schema\/person\/b55151d52296fcce64d1a72538a70b90"},"headline":"MILEI EN PANTALLA, EL CIERRE DE CAMPA\u00d1A DE LOS LIBERTARIOS","datePublished":"2023-10-18T12:11:16+00:00","dateModified":"2023-10-18T12:21:42+00:00","mainEntityOfPage":{"@id":"https:\/\/apuntesdesanluis.com\/index.php\/2023\/10\/18\/milei-en-pantalla-el-cierre-de-campana-de-los-libertarios\/"},"wordCount":311,"publisher":{"@id":"https:\/\/apuntesdesanluis.com\/#\/schema\/person\/b55151d52296fcce64d1a72538a70b90"},"image":{"@id":"https:\/\/apuntesdesanluis.com\/index.php\/2023\/10\/18\/milei-en-pantalla-el-cierre-de-campana-de-los-libertarios\/#primaryimage"},"thumbnailUrl":"https:\/\/apuntesdesanluis.com\/wp-content\/uploads\/2023\/10\/acto-de-milei.png","articleSection":["Ciudad\/Provincia"],"inLanguage":"es-AR"},{"@type":"WebPage","@id":"https:\/\/apuntesdesanluis.com\/index.php\/2023\/10\/18\/milei-en-pantalla-el-cierre-de-campana-de-los-libertarios\/","url":"https:\/\/apuntesdesanluis.com\/index.php\/2023\/10\/18\/milei-en-pantalla-el-cierre-de-campana-de-los-libertarios\/","name":"MILEI EN PANTALLA, EL CIERRE DE CAMPA\u00d1A DE LOS LIBERTARIOS - Apuntes de San Luis","isPartOf":{"@id":"https:\/\/apuntesdesanluis.com\/#website"},"primaryImageOfPage":{"@id":"https:\/\/apuntesdesanluis.com\/index.php\/2023\/10\/18\/milei-en-pantalla-el-cierre-de-campana-de-los-libertarios\/#primaryimage"},"image":{"@id":"https:\/\/apuntesdesanluis.com\/index.php\/2023\/10\/18\/milei-en-pantalla-el-cierre-de-campana-de-los-libertarios\/#primaryimage"},"thumbnailUrl":"https:\/\/apuntesdesanluis.com\/wp-content\/uploads\/2023\/10\/acto-de-milei.png","datePublished":"2023-10-18T12:11:16+00:00","dateModified":"2023-10-18T12:21:42+00:00","breadcrumb":{"@id":"https:\/\/apuntesdesanluis.com\/index.php\/2023\/10\/18\/milei-en-pantalla-el-cierre-de-campana-de-los-libertarios\/#breadcrumb"},"inLanguage":"es-AR","potentialAction":[{"@type":"ReadAction","target":["https:\/\/apuntesdesanluis.com\/index.php\/2023\/10\/18\/milei-en-pantalla-el-cierre-de-campana-de-los-libertarios\/"]}]},{"@type":"ImageObject","inLanguage":"es-AR","@id":"https:\/\/apuntesdesanluis.com\/index.php\/2023\/10\/18\/milei-en-pantalla-el-cierre-de-campana-de-los-libertarios\/#primaryimage","url":"https:\/\/apuntesdesanluis.com\/wp-content\/uploads\/2023\/10\/acto-de-milei.png","contentUrl":"https:\/\/apuntesdesanluis.com\/wp-content\/uploads\/2023\/10\/acto-de-milei.png","width":600,"height":353},{"@type":"BreadcrumbList","@id":"https:\/\/apuntesdesanluis.com\/index.php\/2023\/10\/18\/milei-en-pantalla-el-cierre-de-campana-de-los-libertarios\/#breadcrumb","itemListElement":[{"@type":"ListItem","position":1,"name":"Inicio","item":"https:\/\/apuntesdesanluis.com\/"},{"@type":"ListItem","position":2,"name":"MILEI EN PANTALLA, EL CIERRE DE CAMPA\u00d1A DE LOS LIBERTARIOS"}]},{"@type":"WebSite","@id":"https:\/\/apuntesdesanluis.com\/#website","url":"https:\/\/apuntesdesanluis.com\/","name":"Apuntes de San Luis","description":"","publisher":{"@id":"https:\/\/apuntesdesanluis.com\/#\/schema\/person\/b55151d52296fcce64d1a72538a70b90"},"potentialAction":[{"@type":"SearchAction","target":{"@type":"EntryPoint","urlTemplate":"https:\/\/apuntesdesanluis.com\/?s={search_term_string}"},"query-input":{"@type":"PropertyValueSpecification","valueRequired":true,"valueName":"search_term_string"}}],"inLanguage":"es-AR"},{"@type":["Person","Organization"],"@id":"https:\/\/apuntesdesanluis.com\/#\/schema\/person\/b55151d52296fcce64d1a72538a70b90","name":"apuntesdesanluis.com","image":{"@type":"ImageObject","inLanguage":"es-AR","@id":"https:\/\/apuntesdesanluis.com\/#\/schema\/person\/image\/","url":"https:\/\/apuntesdesanluis.com\/wp-content\/uploads\/2023\/07\/cropped-apuntesdesanluis.png","contentUrl":"https:\/\/apuntesdesanluis.com\/wp-content\/uploads\/2023\/07\/cropped-apuntesdesanluis.png","width":450,"height":112,"caption":"apuntesdesanluis.com"},"logo":{"@id":"https:\/\/apuntesdesanluis.com\/#\/schema\/person\/image\/"},"sameAs":["https:\/\/apuntesdesanluis.com"],"url":"https:\/\/apuntesdesanluis.com\/index.php\/author\/apuntesdesanluis-com\/"}]}},"featured_image_urls":{"full":["https:\/\/apuntesdesanluis.com\/wp-content\/uploads\/2023\/10\/acto-de-milei.png",600,353,false],"thumbnail":["https:\/\/apuntesdesanluis.com\/wp-content\/uploads\/2023\/10\/acto-de-milei-150x150.png",150,150,true],"medium":["https:\/\/apuntesdesanluis.com\/wp-content\/uploads\/2023\/10\/acto-de-milei-300x177.png",300,177,true],"medium_large":["https:\/\/apuntesdesanluis.com\/wp-content\/uploads\/2023\/10\/acto-de-milei.png",600,353,false],"large":["https:\/\/apuntesdesanluis.com\/wp-content\/uploads\/2023\/10\/acto-de-milei.png",600,353,false],"1536x1536":["https:\/\/apuntesdesanluis.com\/wp-content\/uploads\/2023\/10\/acto-de-milei.png",600,353,false],"2048x2048":["https:\/\/apuntesdesanluis.com\/wp-content\/uploads\/2023\/10\/acto-de-milei.png",600,353,false],"newsever-slider-full":["https:\/\/apuntesdesanluis.com\/wp-content\/uploads\/2023\/10\/acto-de-milei.png",600,353,false],"newsever-featured":["https:\/\/apuntesdesanluis.com\/wp-content\/uploads\/2023\/10\/acto-de-milei.png",600,353,false],"newsever-medium":["https:\/\/apuntesdesanluis.com\/wp-content\/uploads\/2023\/10\/acto-de-milei.png",600,353,false]},"author_info":{"display_name":"apuntesdesanluis.com","author_link":"https:\/\/apuntesdesanluis.com\/index.php\/author\/apuntesdesanluis-com\/"},"category_info":"<a href=\"https:\/\/apuntesdesanluis.com\/index.php\/category\/ciudad-provincia\/\" rel=\"category tag\">Ciudad\/Provincia<\/a>","tag_info":"Ciudad\/Provincia","comment_count":"0","_links":{"self":[{"href":"https:\/\/apuntesdesanluis.com\/index.php\/wp-json\/wp\/v2\/posts\/5342","targetHints":{"allow":["GET"]}}],"collection":[{"href":"https:\/\/apuntesdesanluis.com\/index.php\/wp-json\/wp\/v2\/posts"}],"about":[{"href":"https:\/\/apuntesdesanluis.com\/index.php\/wp-json\/wp\/v2\/types\/post"}],"author":[{"embeddable":true,"href":"https:\/\/apuntesdesanluis.com\/index.php\/wp-json\/wp\/v2\/users\/1"}],"replies":[{"embeddable":true,"href":"https:\/\/apuntesdesanluis.com\/index.php\/wp-json\/wp\/v2\/comments?post=5342"}],"version-history":[{"count":7,"href":"https:\/\/apuntesdesanluis.com\/index.php\/wp-json\/wp\/v2\/posts\/5342\/revisions"}],"predecessor-version":[{"id":5351,"href":"https:\/\/apuntesdesanluis.com\/index.php\/wp-json\/wp\/v2\/posts\/5342\/revisions\/5351"}],"wp:featuredmedia":[{"embeddable":true,"href":"https:\/\/apuntesdesanluis.com\/index.php\/wp-json\/wp\/v2\/media\/5343"}],"wp:attachment":[{"href":"https:\/\/apuntesdesanluis.com\/index.php\/wp-json\/wp\/v2\/media?parent=5342"}],"wp:term":[{"taxonomy":"category","embeddable":true,"href":"https:\/\/apuntesdesanluis.com\/index.php\/wp-json\/wp\/v2\/categories?post=5342"},{"taxonomy":"post_tag","embeddable":true,"href":"https:\/\/apuntesdesanluis.com\/index.php\/wp-json\/wp\/v2\/tags?post=5342"}],"curies":[{"name":"wp","href":"https:\/\/api.w.org\/{rel}","templated":true}]}}