{"id":5352,"date":"2023-10-18T14:10:59","date_gmt":"2023-10-18T17:10:59","guid":{"rendered":"https:\/\/apuntesdesanluis.com\/?p=5352"},"modified":"2023-10-18T14:23:16","modified_gmt":"2023-10-18T17:23:16","slug":"firmaron-compromiso-para-constituir-una-red-de-cooperativas-en-san-luis","status":"publish","type":"post","link":"https:\/\/apuntesdesanluis.com\/index.php\/2023\/10\/18\/firmaron-compromiso-para-constituir-una-red-de-cooperativas-en-san-luis\/","title":{"rendered":"FIRMARON COMPROMISO PARA CONSTITUIR UNA RED DE COOPERATIVAS EN SAN LUIS"},"content":{"rendered":"<h3>A instancias de la <strong>Universidad Nacional de San Luis<\/strong>, recientemente m\u00e1s de diez cooperativas de la provincia suscribieron un acuerdo denominado \u201cUn compromiso con la Ciudadan\u00eda\u201d, que representa el inicio de la una <strong>Red de Cooperativas<\/strong> destinadas a compartir experiencias y necesidades comunes.<\/h3>\n<h3>\u201cLa UNSL se enorgullece de haber sido el hilo conductual para el primer encuentro y la formaci\u00f3n real de la Red\u201d, expres\u00f3 el Vicerrector de la UNSL, Mgter. H\u00e9ctor Flores, al tiempo que agradeci\u00f3 \u201ca todas y todos los participantes y al Banco Credicoop, con quien se organiz\u00f3 este primer encuentro\u201d.<\/h3>\n<p><img fetchpriority=\"high\" decoding=\"async\" class=\"wp-image-5354 aligncenter\" src=\"https:\/\/apuntesdesanluis.com\/wp-content\/uploads\/2023\/10\/hector-flores-300x169.png\" alt=\"\" width=\"472\" height=\"266\" srcset=\"https:\/\/apuntesdesanluis.com\/wp-content\/uploads\/2023\/10\/hector-flores-300x169.png 300w, https:\/\/apuntesdesanluis.com\/wp-content\/uploads\/2023\/10\/hector-flores.png 747w\" sizes=\"(max-width: 472px) 100vw, 472px\" \/><\/p>\n<h3>La reuni\u00f3n se celebr\u00f3 el 11 de octubre pasado en el Microcine de la UNSL, con la presencia de la Cooperativa de Electricidad, Consumo, Comercial, Vivienda, Servicios de Telecomunicaciones, Telefon\u00eda e Internet y Servicios Asistenciales General Alvear Limitada (CECSAGAL) de Mendoza, que cuenta con m\u00e1s de 65 a\u00f1os de funcionamiento, y con la cual la Universidad Nacional de San Luis (UNSL) lleva adelante diferentes proyectos educativos en conjunto.<\/h3>\n<p><img decoding=\"async\" class=\"wp-image-5355 aligncenter\" src=\"https:\/\/apuntesdesanluis.com\/wp-content\/uploads\/2023\/10\/encuentro-300x183.jpg\" alt=\"\" width=\"480\" height=\"293\" srcset=\"https:\/\/apuntesdesanluis.com\/wp-content\/uploads\/2023\/10\/encuentro-300x183.jpg 300w, https:\/\/apuntesdesanluis.com\/wp-content\/uploads\/2023\/10\/encuentro.jpg 561w\" sizes=\"(max-width: 480px) 100vw, 480px\" \/><\/p>\n<h3>\u201cNos pareci\u00f3 importante contar con la presencia de una entidad respetada y de mucha trayectoria, que sin dudas a partir de su experiencia nos aportar\u00e1 el asesoramiento necesario para todas las actividades que proyectamos desarrollar desde la Red provincial\u201d, explic\u00f3 H\u00e9ctor Flores.<\/h3>\n<h3>Asimismo, aclar\u00f3 que \u201ca partir de ahora seguiremos convocando a otras instituciones que deseen sumarse y deberemos definir cuestiones legales y operativas, para darnos una org\u00e1nica de funcionamiento\u201d.<\/h3>\n<h3>La pr\u00f3xima reuni\u00f3n ser\u00e1 el 24 de noviembre en la ciudad de Villa Mercedes, con la organizaci\u00f3n de la Cooperativa 20 de Julio.<\/h3>\n<p><img decoding=\"async\" class=\"wp-image-5356 aligncenter\" src=\"https:\/\/apuntesdesanluis.com\/wp-content\/uploads\/2023\/10\/encuentro-firma-300x189.jpg\" alt=\"\" width=\"502\" height=\"316\" srcset=\"https:\/\/apuntesdesanluis.com\/wp-content\/uploads\/2023\/10\/encuentro-firma-300x189.jpg 300w, https:\/\/apuntesdesanluis.com\/wp-content\/uploads\/2023\/10\/encuentro-firma.jpg 600w\" sizes=\"(max-width: 502px) 100vw, 502px\" \/><\/p>\n<h3>El documento en el que se acuerda \u201cconstituir una <strong>Red de Cooperativas<\/strong> para realizar tareas en conjunto que sirvan para la cooperaci\u00f3n y ayuda mutua de cada una de las instituciones\u201d, lo firman las siguientes entidades:<\/h3>\n<h3>&#8211; CECSAGAL<\/h3>\n<h3>&#8211; Cooperativa 20 de Julio<\/h3>\n<h3>&#8211; Cooperativa Matria en Construcci\u00f3n<\/h3>\n<h3>&#8211; Cooperativa 9 de Agosto<\/h3>\n<h3>&#8211; Cooperativa de Agua El Trapiche<\/h3>\n<h3>&#8211; Cooperativa Dise\u00f1arte<\/h3>\n<h3>&#8211; Cooperativa Salta la Chiva<\/h3>\n<h3>&#8211; Cooperativa del Monte Puntano<\/h3>\n<h3>&#8211; Cooperativa de Trabajo Tilisarao<\/h3>\n<h3>&#8211; Cooperativa Agua Clara<\/h3>\n<h3>&#8211; Comisi\u00f3n de Asociados Banco Credicoop<\/h3>\n<p>&nbsp;<\/p>\n<p>&nbsp;<\/p>\n<p>&nbsp;<\/p>\n<p>&nbsp;<\/p>\n","protected":false},"excerpt":{"rendered":"<p>A instancias de la Universidad Nacional de San Luis, recientemente m\u00e1s de diez cooperativas de&#8230;<\/p>\n","protected":false},"author":1,"featured_media":5353,"comment_status":"closed","ping_status":"closed","sticky":false,"template":"","format":"standard","meta":{"footnotes":""},"categories":[6],"tags":[],"class_list":["post-5352","post","type-post","status-publish","format-standard","has-post-thumbnail","hentry","category-ciudad-provincia"],"yoast_head":"<!-- This site is optimized with the Yoast SEO plugin v26.1.1 - https:\/\/yoast.com\/wordpress\/plugins\/seo\/ -->\n<title>FIRMARON COMPROMISO PARA CONSTITUIR UNA RED DE COOPERATIVAS EN SAN LUIS - Apuntes de San Luis<\/title>\n<meta name=\"robots\" content=\"index, follow, max-snippet:-1, max-image-preview:large, max-video-preview:-1\" \/>\n<link rel=\"canonical\" href=\"https:\/\/apuntesdesanluis.com\/index.php\/2023\/10\/18\/firmaron-compromiso-para-constituir-una-red-de-cooperativas-en-san-luis\/\" \/>\n<meta property=\"og:locale\" content=\"es_ES\" \/>\n<meta property=\"og:type\" content=\"article\" \/>\n<meta property=\"og:title\" content=\"FIRMARON COMPROMISO PARA CONSTITUIR UNA RED DE COOPERATIVAS EN SAN LUIS - Apuntes de San Luis\" \/>\n<meta property=\"og:description\" content=\"A instancias de la Universidad Nacional de San Luis, recientemente m\u00e1s de diez cooperativas de...\" \/>\n<meta property=\"og:url\" content=\"https:\/\/apuntesdesanluis.com\/index.php\/2023\/10\/18\/firmaron-compromiso-para-constituir-una-red-de-cooperativas-en-san-luis\/\" \/>\n<meta property=\"og:site_name\" content=\"Apuntes de San Luis\" \/>\n<meta property=\"article:published_time\" content=\"2023-10-18T17:10:59+00:00\" \/>\n<meta property=\"article:modified_time\" content=\"2023-10-18T17:23:16+00:00\" \/>\n<meta property=\"og:image\" content=\"https:\/\/apuntesdesanluis.com\/wp-content\/uploads\/2023\/10\/encuentro-flores.jpg\" \/>\n\t<meta property=\"og:image:width\" content=\"600\" \/>\n\t<meta property=\"og:image:height\" content=\"315\" \/>\n\t<meta property=\"og:image:type\" content=\"image\/jpeg\" \/>\n<meta name=\"author\" content=\"apuntesdesanluis.com\" \/>\n<meta name=\"twitter:card\" content=\"summary_large_image\" \/>\n<meta name=\"twitter:label1\" content=\"Escrito por\" \/>\n\t<meta name=\"twitter:data1\" content=\"apuntesdesanluis.com\" \/>\n\t<meta name=\"twitter:label2\" content=\"Tiempo de lectura\" \/>\n\t<meta name=\"twitter:data2\" content=\"3 minutos\" \/>\n<script type=\"application\/ld+json\" class=\"yoast-schema-graph\">{\"@context\":\"https:\/\/schema.org\",\"@graph\":[{\"@type\":\"Article\",\"@id\":\"https:\/\/apuntesdesanluis.com\/index.php\/2023\/10\/18\/firmaron-compromiso-para-constituir-una-red-de-cooperativas-en-san-luis\/#article\",\"isPartOf\":{\"@id\":\"https:\/\/apuntesdesanluis.com\/index.php\/2023\/10\/18\/firmaron-compromiso-para-constituir-una-red-de-cooperativas-en-san-luis\/\"},\"author\":{\"name\":\"apuntesdesanluis.com\",\"@id\":\"https:\/\/apuntesdesanluis.com\/#\/schema\/person\/b55151d52296fcce64d1a72538a70b90\"},\"headline\":\"FIRMARON COMPROMISO PARA CONSTITUIR UNA RED DE COOPERATIVAS EN SAN LUIS\",\"datePublished\":\"2023-10-18T17:10:59+00:00\",\"dateModified\":\"2023-10-18T17:23:16+00:00\",\"mainEntityOfPage\":{\"@id\":\"https:\/\/apuntesdesanluis.com\/index.php\/2023\/10\/18\/firmaron-compromiso-para-constituir-una-red-de-cooperativas-en-san-luis\/\"},\"wordCount\":368,\"publisher\":{\"@id\":\"https:\/\/apuntesdesanluis.com\/#\/schema\/person\/b55151d52296fcce64d1a72538a70b90\"},\"image\":{\"@id\":\"https:\/\/apuntesdesanluis.com\/index.php\/2023\/10\/18\/firmaron-compromiso-para-constituir-una-red-de-cooperativas-en-san-luis\/#primaryimage\"},\"thumbnailUrl\":\"https:\/\/apuntesdesanluis.com\/wp-content\/uploads\/2023\/10\/encuentro-flores.jpg\",\"articleSection\":[\"Ciudad\/Provincia\"],\"inLanguage\":\"es-AR\"},{\"@type\":\"WebPage\",\"@id\":\"https:\/\/apuntesdesanluis.com\/index.php\/2023\/10\/18\/firmaron-compromiso-para-constituir-una-red-de-cooperativas-en-san-luis\/\",\"url\":\"https:\/\/apuntesdesanluis.com\/index.php\/2023\/10\/18\/firmaron-compromiso-para-constituir-una-red-de-cooperativas-en-san-luis\/\",\"name\":\"FIRMARON COMPROMISO PARA CONSTITUIR UNA RED DE COOPERATIVAS EN SAN LUIS - Apuntes de San Luis\",\"isPartOf\":{\"@id\":\"https:\/\/apuntesdesanluis.com\/#website\"},\"primaryImageOfPage\":{\"@id\":\"https:\/\/apuntesdesanluis.com\/index.php\/2023\/10\/18\/firmaron-compromiso-para-constituir-una-red-de-cooperativas-en-san-luis\/#primaryimage\"},\"image\":{\"@id\":\"https:\/\/apuntesdesanluis.com\/index.php\/2023\/10\/18\/firmaron-compromiso-para-constituir-una-red-de-cooperativas-en-san-luis\/#primaryimage\"},\"thumbnailUrl\":\"https:\/\/apuntesdesanluis.com\/wp-content\/uploads\/2023\/10\/encuentro-flores.jpg\",\"datePublished\":\"2023-10-18T17:10:59+00:00\",\"dateModified\":\"2023-10-18T17:23:16+00:00\",\"breadcrumb\":{\"@id\":\"https:\/\/apuntesdesanluis.com\/index.php\/2023\/10\/18\/firmaron-compromiso-para-constituir-una-red-de-cooperativas-en-san-luis\/#breadcrumb\"},\"inLanguage\":\"es-AR\",\"potentialAction\":[{\"@type\":\"ReadAction\",\"target\":[\"https:\/\/apuntesdesanluis.com\/index.php\/2023\/10\/18\/firmaron-compromiso-para-constituir-una-red-de-cooperativas-en-san-luis\/\"]}]},{\"@type\":\"ImageObject\",\"inLanguage\":\"es-AR\",\"@id\":\"https:\/\/apuntesdesanluis.com\/index.php\/2023\/10\/18\/firmaron-compromiso-para-constituir-una-red-de-cooperativas-en-san-luis\/#primaryimage\",\"url\":\"https:\/\/apuntesdesanluis.com\/wp-content\/uploads\/2023\/10\/encuentro-flores.jpg\",\"contentUrl\":\"https:\/\/apuntesdesanluis.com\/wp-content\/uploads\/2023\/10\/encuentro-flores.jpg\",\"width\":600,\"height\":315},{\"@type\":\"BreadcrumbList\",\"@id\":\"https:\/\/apuntesdesanluis.com\/index.php\/2023\/10\/18\/firmaron-compromiso-para-constituir-una-red-de-cooperativas-en-san-luis\/#breadcrumb\",\"itemListElement\":[{\"@type\":\"ListItem\",\"position\":1,\"name\":\"Inicio\",\"item\":\"https:\/\/apuntesdesanluis.com\/\"},{\"@type\":\"ListItem\",\"position\":2,\"name\":\"FIRMARON COMPROMISO PARA CONSTITUIR UNA RED DE COOPERATIVAS EN SAN LUIS\"}]},{\"@type\":\"WebSite\",\"@id\":\"https:\/\/apuntesdesanluis.com\/#website\",\"url\":\"https:\/\/apuntesdesanluis.com\/\",\"name\":\"Apuntes de San Luis\",\"description\":\"\",\"publisher\":{\"@id\":\"https:\/\/apuntesdesanluis.com\/#\/schema\/person\/b55151d52296fcce64d1a72538a70b90\"},\"potentialAction\":[{\"@type\":\"SearchAction\",\"target\":{\"@type\":\"EntryPoint\",\"urlTemplate\":\"https:\/\/apuntesdesanluis.com\/?s={search_term_string}\"},\"query-input\":{\"@type\":\"PropertyValueSpecification\",\"valueRequired\":true,\"valueName\":\"search_term_string\"}}],\"inLanguage\":\"es-AR\"},{\"@type\":[\"Person\",\"Organization\"],\"@id\":\"https:\/\/apuntesdesanluis.com\/#\/schema\/person\/b55151d52296fcce64d1a72538a70b90\",\"name\":\"apuntesdesanluis.com\",\"image\":{\"@type\":\"ImageObject\",\"inLanguage\":\"es-AR\",\"@id\":\"https:\/\/apuntesdesanluis.com\/#\/schema\/person\/image\/\",\"url\":\"https:\/\/apuntesdesanluis.com\/wp-content\/uploads\/2023\/07\/cropped-apuntesdesanluis.png\",\"contentUrl\":\"https:\/\/apuntesdesanluis.com\/wp-content\/uploads\/2023\/07\/cropped-apuntesdesanluis.png\",\"width\":450,\"height\":112,\"caption\":\"apuntesdesanluis.com\"},\"logo\":{\"@id\":\"https:\/\/apuntesdesanluis.com\/#\/schema\/person\/image\/\"},\"sameAs\":[\"https:\/\/apuntesdesanluis.com\"],\"url\":\"https:\/\/apuntesdesanluis.com\/index.php\/author\/apuntesdesanluis-com\/\"}]}<\/script>\n<!-- \/ Yoast SEO plugin. -->","yoast_head_json":{"title":"FIRMARON COMPROMISO PARA CONSTITUIR UNA RED DE COOPERATIVAS EN SAN LUIS - Apuntes de San Luis","robots":{"index":"index","follow":"follow","max-snippet":"max-snippet:-1","max-image-preview":"max-image-preview:large","max-video-preview":"max-video-preview:-1"},"canonical":"https:\/\/apuntesdesanluis.com\/index.php\/2023\/10\/18\/firmaron-compromiso-para-constituir-una-red-de-cooperativas-en-san-luis\/","og_locale":"es_ES","og_type":"article","og_title":"FIRMARON COMPROMISO PARA CONSTITUIR UNA RED DE COOPERATIVAS EN SAN LUIS - Apuntes de San Luis","og_description":"A instancias de la Universidad Nacional de San Luis, recientemente m\u00e1s de diez cooperativas de...","og_url":"https:\/\/apuntesdesanluis.com\/index.php\/2023\/10\/18\/firmaron-compromiso-para-constituir-una-red-de-cooperativas-en-san-luis\/","og_site_name":"Apuntes de San Luis","article_published_time":"2023-10-18T17:10:59+00:00","article_modified_time":"2023-10-18T17:23:16+00:00","og_image":[{"width":600,"height":315,"url":"https:\/\/apuntesdesanluis.com\/wp-content\/uploads\/2023\/10\/encuentro-flores.jpg","type":"image\/jpeg"}],"author":"apuntesdesanluis.com","twitter_card":"summary_large_image","twitter_misc":{"Escrito por":"apuntesdesanluis.com","Tiempo de lectura":"3 minutos"},"schema":{"@context":"https:\/\/schema.org","@graph":[{"@type":"Article","@id":"https:\/\/apuntesdesanluis.com\/index.php\/2023\/10\/18\/firmaron-compromiso-para-constituir-una-red-de-cooperativas-en-san-luis\/#article","isPartOf":{"@id":"https:\/\/apuntesdesanluis.com\/index.php\/2023\/10\/18\/firmaron-compromiso-para-constituir-una-red-de-cooperativas-en-san-luis\/"},"author":{"name":"apuntesdesanluis.com","@id":"https:\/\/apuntesdesanluis.com\/#\/schema\/person\/b55151d52296fcce64d1a72538a70b90"},"headline":"FIRMARON COMPROMISO PARA CONSTITUIR UNA RED DE COOPERATIVAS EN SAN LUIS","datePublished":"2023-10-18T17:10:59+00:00","dateModified":"2023-10-18T17:23:16+00:00","mainEntityOfPage":{"@id":"https:\/\/apuntesdesanluis.com\/index.php\/2023\/10\/18\/firmaron-compromiso-para-constituir-una-red-de-cooperativas-en-san-luis\/"},"wordCount":368,"publisher":{"@id":"https:\/\/apuntesdesanluis.com\/#\/schema\/person\/b55151d52296fcce64d1a72538a70b90"},"image":{"@id":"https:\/\/apuntesdesanluis.com\/index.php\/2023\/10\/18\/firmaron-compromiso-para-constituir-una-red-de-cooperativas-en-san-luis\/#primaryimage"},"thumbnailUrl":"https:\/\/apuntesdesanluis.com\/wp-content\/uploads\/2023\/10\/encuentro-flores.jpg","articleSection":["Ciudad\/Provincia"],"inLanguage":"es-AR"},{"@type":"WebPage","@id":"https:\/\/apuntesdesanluis.com\/index.php\/2023\/10\/18\/firmaron-compromiso-para-constituir-una-red-de-cooperativas-en-san-luis\/","url":"https:\/\/apuntesdesanluis.com\/index.php\/2023\/10\/18\/firmaron-compromiso-para-constituir-una-red-de-cooperativas-en-san-luis\/","name":"FIRMARON COMPROMISO PARA CONSTITUIR UNA RED DE COOPERATIVAS EN SAN LUIS - Apuntes de San Luis","isPartOf":{"@id":"https:\/\/apuntesdesanluis.com\/#website"},"primaryImageOfPage":{"@id":"https:\/\/apuntesdesanluis.com\/index.php\/2023\/10\/18\/firmaron-compromiso-para-constituir-una-red-de-cooperativas-en-san-luis\/#primaryimage"},"image":{"@id":"https:\/\/apuntesdesanluis.com\/index.php\/2023\/10\/18\/firmaron-compromiso-para-constituir-una-red-de-cooperativas-en-san-luis\/#primaryimage"},"thumbnailUrl":"https:\/\/apuntesdesanluis.com\/wp-content\/uploads\/2023\/10\/encuentro-flores.jpg","datePublished":"2023-10-18T17:10:59+00:00","dateModified":"2023-10-18T17:23:16+00:00","breadcrumb":{"@id":"https:\/\/apuntesdesanluis.com\/index.php\/2023\/10\/18\/firmaron-compromiso-para-constituir-una-red-de-cooperativas-en-san-luis\/#breadcrumb"},"inLanguage":"es-AR","potentialAction":[{"@type":"ReadAction","target":["https:\/\/apuntesdesanluis.com\/index.php\/2023\/10\/18\/firmaron-compromiso-para-constituir-una-red-de-cooperativas-en-san-luis\/"]}]},{"@type":"ImageObject","inLanguage":"es-AR","@id":"https:\/\/apuntesdesanluis.com\/index.php\/2023\/10\/18\/firmaron-compromiso-para-constituir-una-red-de-cooperativas-en-san-luis\/#primaryimage","url":"https:\/\/apuntesdesanluis.com\/wp-content\/uploads\/2023\/10\/encuentro-flores.jpg","contentUrl":"https:\/\/apuntesdesanluis.com\/wp-content\/uploads\/2023\/10\/encuentro-flores.jpg","width":600,"height":315},{"@type":"BreadcrumbList","@id":"https:\/\/apuntesdesanluis.com\/index.php\/2023\/10\/18\/firmaron-compromiso-para-constituir-una-red-de-cooperativas-en-san-luis\/#breadcrumb","itemListElement":[{"@type":"ListItem","position":1,"name":"Inicio","item":"https:\/\/apuntesdesanluis.com\/"},{"@type":"ListItem","position":2,"name":"FIRMARON COMPROMISO PARA CONSTITUIR UNA RED DE COOPERATIVAS EN SAN LUIS"}]},{"@type":"WebSite","@id":"https:\/\/apuntesdesanluis.com\/#website","url":"https:\/\/apuntesdesanluis.com\/","name":"Apuntes de San Luis","description":"","publisher":{"@id":"https:\/\/apuntesdesanluis.com\/#\/schema\/person\/b55151d52296fcce64d1a72538a70b90"},"potentialAction":[{"@type":"SearchAction","target":{"@type":"EntryPoint","urlTemplate":"https:\/\/apuntesdesanluis.com\/?s={search_term_string}"},"query-input":{"@type":"PropertyValueSpecification","valueRequired":true,"valueName":"search_term_string"}}],"inLanguage":"es-AR"},{"@type":["Person","Organization"],"@id":"https:\/\/apuntesdesanluis.com\/#\/schema\/person\/b55151d52296fcce64d1a72538a70b90","name":"apuntesdesanluis.com","image":{"@type":"ImageObject","inLanguage":"es-AR","@id":"https:\/\/apuntesdesanluis.com\/#\/schema\/person\/image\/","url":"https:\/\/apuntesdesanluis.com\/wp-content\/uploads\/2023\/07\/cropped-apuntesdesanluis.png","contentUrl":"https:\/\/apuntesdesanluis.com\/wp-content\/uploads\/2023\/07\/cropped-apuntesdesanluis.png","width":450,"height":112,"caption":"apuntesdesanluis.com"},"logo":{"@id":"https:\/\/apuntesdesanluis.com\/#\/schema\/person\/image\/"},"sameAs":["https:\/\/apuntesdesanluis.com"],"url":"https:\/\/apuntesdesanluis.com\/index.php\/author\/apuntesdesanluis-com\/"}]}},"featured_image_urls":{"full":["https:\/\/apuntesdesanluis.com\/wp-content\/uploads\/2023\/10\/encuentro-flores.jpg",600,315,false],"thumbnail":["https:\/\/apuntesdesanluis.com\/wp-content\/uploads\/2023\/10\/encuentro-flores-150x150.jpg",150,150,true],"medium":["https:\/\/apuntesdesanluis.com\/wp-content\/uploads\/2023\/10\/encuentro-flores-300x158.jpg",300,158,true],"medium_large":["https:\/\/apuntesdesanluis.com\/wp-content\/uploads\/2023\/10\/encuentro-flores.jpg",600,315,false],"large":["https:\/\/apuntesdesanluis.com\/wp-content\/uploads\/2023\/10\/encuentro-flores.jpg",600,315,false],"1536x1536":["https:\/\/apuntesdesanluis.com\/wp-content\/uploads\/2023\/10\/encuentro-flores.jpg",600,315,false],"2048x2048":["https:\/\/apuntesdesanluis.com\/wp-content\/uploads\/2023\/10\/encuentro-flores.jpg",600,315,false],"newsever-slider-full":["https:\/\/apuntesdesanluis.com\/wp-content\/uploads\/2023\/10\/encuentro-flores.jpg",600,315,false],"newsever-featured":["https:\/\/apuntesdesanluis.com\/wp-content\/uploads\/2023\/10\/encuentro-flores.jpg",600,315,false],"newsever-medium":["https:\/\/apuntesdesanluis.com\/wp-content\/uploads\/2023\/10\/encuentro-flores.jpg",600,315,false]},"author_info":{"display_name":"apuntesdesanluis.com","author_link":"https:\/\/apuntesdesanluis.com\/index.php\/author\/apuntesdesanluis-com\/"},"category_info":"<a href=\"https:\/\/apuntesdesanluis.com\/index.php\/category\/ciudad-provincia\/\" rel=\"category tag\">Ciudad\/Provincia<\/a>","tag_info":"Ciudad\/Provincia","comment_count":"0","_links":{"self":[{"href":"https:\/\/apuntesdesanluis.com\/index.php\/wp-json\/wp\/v2\/posts\/5352","targetHints":{"allow":["GET"]}}],"collection":[{"href":"https:\/\/apuntesdesanluis.com\/index.php\/wp-json\/wp\/v2\/posts"}],"about":[{"href":"https:\/\/apuntesdesanluis.com\/index.php\/wp-json\/wp\/v2\/types\/post"}],"author":[{"embeddable":true,"href":"https:\/\/apuntesdesanluis.com\/index.php\/wp-json\/wp\/v2\/users\/1"}],"replies":[{"embeddable":true,"href":"https:\/\/apuntesdesanluis.com\/index.php\/wp-json\/wp\/v2\/comments?post=5352"}],"version-history":[{"count":2,"href":"https:\/\/apuntesdesanluis.com\/index.php\/wp-json\/wp\/v2\/posts\/5352\/revisions"}],"predecessor-version":[{"id":5358,"href":"https:\/\/apuntesdesanluis.com\/index.php\/wp-json\/wp\/v2\/posts\/5352\/revisions\/5358"}],"wp:featuredmedia":[{"embeddable":true,"href":"https:\/\/apuntesdesanluis.com\/index.php\/wp-json\/wp\/v2\/media\/5353"}],"wp:attachment":[{"href":"https:\/\/apuntesdesanluis.com\/index.php\/wp-json\/wp\/v2\/media?parent=5352"}],"wp:term":[{"taxonomy":"category","embeddable":true,"href":"https:\/\/apuntesdesanluis.com\/index.php\/wp-json\/wp\/v2\/categories?post=5352"},{"taxonomy":"post_tag","embeddable":true,"href":"https:\/\/apuntesdesanluis.com\/index.php\/wp-json\/wp\/v2\/tags?post=5352"}],"curies":[{"name":"wp","href":"https:\/\/api.w.org\/{rel}","templated":true}]}}