{"id":5362,"date":"2023-10-18T14:19:38","date_gmt":"2023-10-18T17:19:38","guid":{"rendered":"https:\/\/apuntesdesanluis.com\/?p=5362"},"modified":"2023-10-18T14:19:38","modified_gmt":"2023-10-18T17:19:38","slug":"ebrio-ataco-a-jovenes-con-un-cuchillo-e-hirio-a-uno-se-arrepintio-y-le-dieron-condicional","status":"publish","type":"post","link":"https:\/\/apuntesdesanluis.com\/index.php\/2023\/10\/18\/ebrio-ataco-a-jovenes-con-un-cuchillo-e-hirio-a-uno-se-arrepintio-y-le-dieron-condicional\/","title":{"rendered":"EBRIO, ATAC\u00d3 A J\u00d3VENES CON UN CUCHILLO E HIRI\u00d3 A UNO: SE ARREPINTI\u00d3 Y LE DIERON CONDICIONAL"},"content":{"rendered":"<h3>Este mi\u00e9rcoles en la C\u00e1mara de Apelaciones con asiento en Concar\u00e1n se llev\u00f3 a cabo un juicio abreviado, para definir la situaci\u00f3n procesal de N.A.P., un hombre de 56 a\u00f1os acusado como autor de los delitos de lesiones graves y amenazas con arma blanca, en concurso real.<\/h3>\n<h3>Seg\u00fan el relato de la fiscal\u00eda, los hechos ocurrieron el 5 de septiembre de 2022 en la Plaza \u201cSan Mart\u00edn\u201d de Cortaderas, entre la una y las dos de la madrugada. N.A.P. arremeti\u00f3 contra un grupo de personas que se encontraba en el lugar, empu\u00f1ando un cuchillo de 40 cent\u00edmetros de largo.<\/h3>\n<h3>El primer damnificado fue un adolescente, a quien persigui\u00f3 por unos 30 metros tratando de lesionarlo.<\/h3>\n<h3>El segundo, fue un joven que intent\u00f3 frenar al agresor, y termin\u00f3 recibiendo una pu\u00f1alada a la altura del est\u00f3mago.<\/h3>\n<h3>Debido a la gravedad de la herida, la v\u00edctima fue trasladada al Hospital \u201cMadre Catalina Rodr\u00edguez\u201d de la Villa de Merlo, donde fue intervenida quir\u00fargicamente.<\/h3>\n<h3>De acuerdo al informe del m\u00e9dico judicial, el joven presentaba una lesi\u00f3n corto punzante en el abdomen que, si bien no pon\u00eda en riesgo su vida, si compromet\u00eda \u00f3rganos internos, prescribiendo un plazo de curaci\u00f3n e inhabilitaci\u00f3n laboral de 35 d\u00edas.<\/h3>\n<h3>JUICIO ABREVIADO<\/h3>\n<h3>En la audiencia desarrollada este 18 de octubre, las partes informaron al juez el acuerdo de juicio abreviado al que hab\u00edan arribado.<\/h3>\n<h3>En representaci\u00f3n del Ministerio Fiscal, intervino la Dra. D\u00e9bora Antonella Roy Gitto, asistida por la Fiscal Adjunta, Adriana Cangelosi.<\/h3>\n<h3>El joven damnificado estuvo presente junto con su abogado, Ricardo Enrique Orellana.<\/h3>\n<h3>En tanto, la defensa del acusado fue ejercida por la Defensora Oficial Adjunta, Dra. Mar\u00eda Luz V\u00edlchez.<\/h3>\n<h3>N.A.P. ratific\u00f3 el acuerdo convenido, reconociendo ser el autor de los delitos por los que lleg\u00f3 a juicio. Asimismo, acept\u00f3 la imposici\u00f3n de una pena de tres a\u00f1os de prisi\u00f3n en suspenso.<\/h3>\n<h3>El magistrado asignado para dirigir el debate como juez unipersonal, fue el Dr. Gustavo Daniel Sanchi\u00f1o, ante quien el acusado manifest\u00f3 que actu\u00f3 en estado de ebriedad, y que estaba totalmente arrepentido de su accionar.<\/h3>\n<h3>Finalmente, se comprometi\u00f3 a no cometer nuevos delitos, a abstenerse de consumir bebidas alcoh\u00f3licas y de producir disturbios en la v\u00eda p\u00fablica; y a continuar realizando tratamiento psicol\u00f3gico para abordar dicha problem\u00e1tica.<\/h3>\n<h3>Luego de escuchar a cada una de las partes, el juez resolvi\u00f3 homologar el acuerdo de juicio abreviado, dictando en consecuencia el siguiente veredicto:<\/h3>\n<h3>Declarar a N.A.P. culpable, como autor material y penalmente responsable de los delitos de lesiones graves y amenazas con arma blanca, en concurso real, conden\u00e1ndolo a sufrir la pena de 3 a\u00f1os de prisi\u00f3n en suspenso, accesorias legales y costas procesales.<\/h3>\n<h3>Por \u00faltimo, estableci\u00f3 las pautas de conducta que el ahora condenado deber\u00e1 cumplir para mantener el beneficio de la libertad condicional. A saber:<\/h3>\n<h3>a). Fijar residencia y notificar al tribunal cualquier cambio de domicilio.<\/h3>\n<h3>b). Abstenerse del consumo excesivo de bebidas alcoh\u00f3licas, especialmente, en lugares p\u00fablicos.<\/h3>\n<h3>c). Presentar ante el juez de ejecuci\u00f3n, en el plazo de 30 d\u00edas de notificada la sentencia, informe psicol\u00f3gico expedido por el\/la profesional tratante, a fin de determinar si el condenado requiere tratamiento psicol\u00f3gico para tratar su consumo problem\u00e1tico de alcohol.<\/h3>\n<h3>En caso de incumplir con alguna de estas reglas, se revocar\u00e1 el beneficio de la prisi\u00f3n en suspenso y el condenado deber\u00e1 cumplir la pena de prisi\u00f3n de manera efectiva.<\/h3>\n<h3>\u2026\u2026\u2026\u2026\u2026\u2026\u2026.<\/h3>\n<h3><em>Nota aclarativa: en virtud de que la persona condenada recibi\u00f3 el beneficio de la prisi\u00f3n en suspenso, que implic\u00f3 el reconocimiento de su autor\u00eda en el hecho, mostrar arrepentimiento por su accionar delictivo y comprometerse a cumplir determinadas normas de conducta; no se consignan sus datos identificatorios a fin de no entorpecer su proceso de resocializaci\u00f3n. Esto es: ejercer una profesi\u00f3n u oficio, finalizar sus estudios, realizar tareas comunitarias y\/o toda otra pauta que imponga la autoridad judicial competente para el mantenimiento de la libertad condicional.<\/em><\/h3>\n<p>&nbsp;<\/p>\n<p>&nbsp;<\/p>\n<p>&nbsp;<\/p>\n<p>&nbsp;<\/p>\n","protected":false},"excerpt":{"rendered":"<p>Este mi\u00e9rcoles en la C\u00e1mara de Apelaciones con asiento en Concar\u00e1n se llev\u00f3 a cabo&#8230;<\/p>\n","protected":false},"author":1,"featured_media":5363,"comment_status":"closed","ping_status":"closed","sticky":false,"template":"","format":"standard","meta":{"footnotes":""},"categories":[6],"tags":[],"class_list":["post-5362","post","type-post","status-publish","format-standard","has-post-thumbnail","hentry","category-ciudad-provincia"],"yoast_head":"<!-- This site is optimized with the Yoast SEO plugin v26.1.1 - https:\/\/yoast.com\/wordpress\/plugins\/seo\/ -->\n<title>EBRIO, ATAC\u00d3 A J\u00d3VENES CON UN CUCHILLO E HIRI\u00d3 A UNO: SE ARREPINTI\u00d3 Y LE DIERON CONDICIONAL - Apuntes de San Luis<\/title>\n<meta name=\"robots\" content=\"index, follow, max-snippet:-1, max-image-preview:large, max-video-preview:-1\" \/>\n<link rel=\"canonical\" href=\"https:\/\/apuntesdesanluis.com\/index.php\/2023\/10\/18\/ebrio-ataco-a-jovenes-con-un-cuchillo-e-hirio-a-uno-se-arrepintio-y-le-dieron-condicional\/\" \/>\n<meta property=\"og:locale\" content=\"es_ES\" \/>\n<meta property=\"og:type\" content=\"article\" \/>\n<meta property=\"og:title\" content=\"EBRIO, ATAC\u00d3 A J\u00d3VENES CON UN CUCHILLO E HIRI\u00d3 A UNO: SE ARREPINTI\u00d3 Y LE DIERON CONDICIONAL - Apuntes de San Luis\" \/>\n<meta property=\"og:description\" content=\"Este mi\u00e9rcoles en la C\u00e1mara de Apelaciones con asiento en Concar\u00e1n se llev\u00f3 a cabo...\" \/>\n<meta property=\"og:url\" content=\"https:\/\/apuntesdesanluis.com\/index.php\/2023\/10\/18\/ebrio-ataco-a-jovenes-con-un-cuchillo-e-hirio-a-uno-se-arrepintio-y-le-dieron-condicional\/\" \/>\n<meta property=\"og:site_name\" content=\"Apuntes de San Luis\" \/>\n<meta property=\"article:published_time\" content=\"2023-10-18T17:19:38+00:00\" \/>\n<meta property=\"og:image\" content=\"https:\/\/apuntesdesanluis.com\/wp-content\/uploads\/2023\/10\/ACUSADO-1.png\" \/>\n\t<meta property=\"og:image:width\" content=\"600\" \/>\n\t<meta property=\"og:image:height\" content=\"342\" \/>\n\t<meta property=\"og:image:type\" content=\"image\/png\" \/>\n<meta name=\"author\" content=\"apuntesdesanluis.com\" \/>\n<meta name=\"twitter:card\" content=\"summary_large_image\" \/>\n<meta name=\"twitter:label1\" content=\"Escrito por\" \/>\n\t<meta name=\"twitter:data1\" content=\"apuntesdesanluis.com\" \/>\n\t<meta name=\"twitter:label2\" content=\"Tiempo de lectura\" \/>\n\t<meta name=\"twitter:data2\" content=\"3 minutos\" \/>\n<script type=\"application\/ld+json\" class=\"yoast-schema-graph\">{\"@context\":\"https:\/\/schema.org\",\"@graph\":[{\"@type\":\"Article\",\"@id\":\"https:\/\/apuntesdesanluis.com\/index.php\/2023\/10\/18\/ebrio-ataco-a-jovenes-con-un-cuchillo-e-hirio-a-uno-se-arrepintio-y-le-dieron-condicional\/#article\",\"isPartOf\":{\"@id\":\"https:\/\/apuntesdesanluis.com\/index.php\/2023\/10\/18\/ebrio-ataco-a-jovenes-con-un-cuchillo-e-hirio-a-uno-se-arrepintio-y-le-dieron-condicional\/\"},\"author\":{\"name\":\"apuntesdesanluis.com\",\"@id\":\"https:\/\/apuntesdesanluis.com\/#\/schema\/person\/b55151d52296fcce64d1a72538a70b90\"},\"headline\":\"EBRIO, ATAC\u00d3 A J\u00d3VENES CON UN CUCHILLO E HIRI\u00d3 A UNO: SE ARREPINTI\u00d3 Y LE DIERON CONDICIONAL\",\"datePublished\":\"2023-10-18T17:19:38+00:00\",\"mainEntityOfPage\":{\"@id\":\"https:\/\/apuntesdesanluis.com\/index.php\/2023\/10\/18\/ebrio-ataco-a-jovenes-con-un-cuchillo-e-hirio-a-uno-se-arrepintio-y-le-dieron-condicional\/\"},\"wordCount\":715,\"publisher\":{\"@id\":\"https:\/\/apuntesdesanluis.com\/#\/schema\/person\/b55151d52296fcce64d1a72538a70b90\"},\"image\":{\"@id\":\"https:\/\/apuntesdesanluis.com\/index.php\/2023\/10\/18\/ebrio-ataco-a-jovenes-con-un-cuchillo-e-hirio-a-uno-se-arrepintio-y-le-dieron-condicional\/#primaryimage\"},\"thumbnailUrl\":\"https:\/\/apuntesdesanluis.com\/wp-content\/uploads\/2023\/10\/ACUSADO-1.png\",\"articleSection\":[\"Ciudad\/Provincia\"],\"inLanguage\":\"es-AR\"},{\"@type\":\"WebPage\",\"@id\":\"https:\/\/apuntesdesanluis.com\/index.php\/2023\/10\/18\/ebrio-ataco-a-jovenes-con-un-cuchillo-e-hirio-a-uno-se-arrepintio-y-le-dieron-condicional\/\",\"url\":\"https:\/\/apuntesdesanluis.com\/index.php\/2023\/10\/18\/ebrio-ataco-a-jovenes-con-un-cuchillo-e-hirio-a-uno-se-arrepintio-y-le-dieron-condicional\/\",\"name\":\"EBRIO, ATAC\u00d3 A J\u00d3VENES CON UN CUCHILLO E HIRI\u00d3 A UNO: SE ARREPINTI\u00d3 Y LE DIERON CONDICIONAL - Apuntes de San Luis\",\"isPartOf\":{\"@id\":\"https:\/\/apuntesdesanluis.com\/#website\"},\"primaryImageOfPage\":{\"@id\":\"https:\/\/apuntesdesanluis.com\/index.php\/2023\/10\/18\/ebrio-ataco-a-jovenes-con-un-cuchillo-e-hirio-a-uno-se-arrepintio-y-le-dieron-condicional\/#primaryimage\"},\"image\":{\"@id\":\"https:\/\/apuntesdesanluis.com\/index.php\/2023\/10\/18\/ebrio-ataco-a-jovenes-con-un-cuchillo-e-hirio-a-uno-se-arrepintio-y-le-dieron-condicional\/#primaryimage\"},\"thumbnailUrl\":\"https:\/\/apuntesdesanluis.com\/wp-content\/uploads\/2023\/10\/ACUSADO-1.png\",\"datePublished\":\"2023-10-18T17:19:38+00:00\",\"breadcrumb\":{\"@id\":\"https:\/\/apuntesdesanluis.com\/index.php\/2023\/10\/18\/ebrio-ataco-a-jovenes-con-un-cuchillo-e-hirio-a-uno-se-arrepintio-y-le-dieron-condicional\/#breadcrumb\"},\"inLanguage\":\"es-AR\",\"potentialAction\":[{\"@type\":\"ReadAction\",\"target\":[\"https:\/\/apuntesdesanluis.com\/index.php\/2023\/10\/18\/ebrio-ataco-a-jovenes-con-un-cuchillo-e-hirio-a-uno-se-arrepintio-y-le-dieron-condicional\/\"]}]},{\"@type\":\"ImageObject\",\"inLanguage\":\"es-AR\",\"@id\":\"https:\/\/apuntesdesanluis.com\/index.php\/2023\/10\/18\/ebrio-ataco-a-jovenes-con-un-cuchillo-e-hirio-a-uno-se-arrepintio-y-le-dieron-condicional\/#primaryimage\",\"url\":\"https:\/\/apuntesdesanluis.com\/wp-content\/uploads\/2023\/10\/ACUSADO-1.png\",\"contentUrl\":\"https:\/\/apuntesdesanluis.com\/wp-content\/uploads\/2023\/10\/ACUSADO-1.png\",\"width\":600,\"height\":342},{\"@type\":\"BreadcrumbList\",\"@id\":\"https:\/\/apuntesdesanluis.com\/index.php\/2023\/10\/18\/ebrio-ataco-a-jovenes-con-un-cuchillo-e-hirio-a-uno-se-arrepintio-y-le-dieron-condicional\/#breadcrumb\",\"itemListElement\":[{\"@type\":\"ListItem\",\"position\":1,\"name\":\"Inicio\",\"item\":\"https:\/\/apuntesdesanluis.com\/\"},{\"@type\":\"ListItem\",\"position\":2,\"name\":\"EBRIO, ATAC\u00d3 A J\u00d3VENES CON UN CUCHILLO E HIRI\u00d3 A UNO: SE ARREPINTI\u00d3 Y LE DIERON CONDICIONAL\"}]},{\"@type\":\"WebSite\",\"@id\":\"https:\/\/apuntesdesanluis.com\/#website\",\"url\":\"https:\/\/apuntesdesanluis.com\/\",\"name\":\"Apuntes de San Luis\",\"description\":\"\",\"publisher\":{\"@id\":\"https:\/\/apuntesdesanluis.com\/#\/schema\/person\/b55151d52296fcce64d1a72538a70b90\"},\"potentialAction\":[{\"@type\":\"SearchAction\",\"target\":{\"@type\":\"EntryPoint\",\"urlTemplate\":\"https:\/\/apuntesdesanluis.com\/?s={search_term_string}\"},\"query-input\":{\"@type\":\"PropertyValueSpecification\",\"valueRequired\":true,\"valueName\":\"search_term_string\"}}],\"inLanguage\":\"es-AR\"},{\"@type\":[\"Person\",\"Organization\"],\"@id\":\"https:\/\/apuntesdesanluis.com\/#\/schema\/person\/b55151d52296fcce64d1a72538a70b90\",\"name\":\"apuntesdesanluis.com\",\"image\":{\"@type\":\"ImageObject\",\"inLanguage\":\"es-AR\",\"@id\":\"https:\/\/apuntesdesanluis.com\/#\/schema\/person\/image\/\",\"url\":\"https:\/\/apuntesdesanluis.com\/wp-content\/uploads\/2023\/07\/cropped-apuntesdesanluis.png\",\"contentUrl\":\"https:\/\/apuntesdesanluis.com\/wp-content\/uploads\/2023\/07\/cropped-apuntesdesanluis.png\",\"width\":450,\"height\":112,\"caption\":\"apuntesdesanluis.com\"},\"logo\":{\"@id\":\"https:\/\/apuntesdesanluis.com\/#\/schema\/person\/image\/\"},\"sameAs\":[\"https:\/\/apuntesdesanluis.com\"],\"url\":\"https:\/\/apuntesdesanluis.com\/index.php\/author\/apuntesdesanluis-com\/\"}]}<\/script>\n<!-- \/ Yoast SEO plugin. -->","yoast_head_json":{"title":"EBRIO, ATAC\u00d3 A J\u00d3VENES CON UN CUCHILLO E HIRI\u00d3 A UNO: SE ARREPINTI\u00d3 Y LE DIERON CONDICIONAL - Apuntes de San Luis","robots":{"index":"index","follow":"follow","max-snippet":"max-snippet:-1","max-image-preview":"max-image-preview:large","max-video-preview":"max-video-preview:-1"},"canonical":"https:\/\/apuntesdesanluis.com\/index.php\/2023\/10\/18\/ebrio-ataco-a-jovenes-con-un-cuchillo-e-hirio-a-uno-se-arrepintio-y-le-dieron-condicional\/","og_locale":"es_ES","og_type":"article","og_title":"EBRIO, ATAC\u00d3 A J\u00d3VENES CON UN CUCHILLO E HIRI\u00d3 A UNO: SE ARREPINTI\u00d3 Y LE DIERON CONDICIONAL - Apuntes de San Luis","og_description":"Este mi\u00e9rcoles en la C\u00e1mara de Apelaciones con asiento en Concar\u00e1n se llev\u00f3 a cabo...","og_url":"https:\/\/apuntesdesanluis.com\/index.php\/2023\/10\/18\/ebrio-ataco-a-jovenes-con-un-cuchillo-e-hirio-a-uno-se-arrepintio-y-le-dieron-condicional\/","og_site_name":"Apuntes de San Luis","article_published_time":"2023-10-18T17:19:38+00:00","og_image":[{"width":600,"height":342,"url":"https:\/\/apuntesdesanluis.com\/wp-content\/uploads\/2023\/10\/ACUSADO-1.png","type":"image\/png"}],"author":"apuntesdesanluis.com","twitter_card":"summary_large_image","twitter_misc":{"Escrito por":"apuntesdesanluis.com","Tiempo de lectura":"3 minutos"},"schema":{"@context":"https:\/\/schema.org","@graph":[{"@type":"Article","@id":"https:\/\/apuntesdesanluis.com\/index.php\/2023\/10\/18\/ebrio-ataco-a-jovenes-con-un-cuchillo-e-hirio-a-uno-se-arrepintio-y-le-dieron-condicional\/#article","isPartOf":{"@id":"https:\/\/apuntesdesanluis.com\/index.php\/2023\/10\/18\/ebrio-ataco-a-jovenes-con-un-cuchillo-e-hirio-a-uno-se-arrepintio-y-le-dieron-condicional\/"},"author":{"name":"apuntesdesanluis.com","@id":"https:\/\/apuntesdesanluis.com\/#\/schema\/person\/b55151d52296fcce64d1a72538a70b90"},"headline":"EBRIO, ATAC\u00d3 A J\u00d3VENES CON UN CUCHILLO E HIRI\u00d3 A UNO: SE ARREPINTI\u00d3 Y LE DIERON CONDICIONAL","datePublished":"2023-10-18T17:19:38+00:00","mainEntityOfPage":{"@id":"https:\/\/apuntesdesanluis.com\/index.php\/2023\/10\/18\/ebrio-ataco-a-jovenes-con-un-cuchillo-e-hirio-a-uno-se-arrepintio-y-le-dieron-condicional\/"},"wordCount":715,"publisher":{"@id":"https:\/\/apuntesdesanluis.com\/#\/schema\/person\/b55151d52296fcce64d1a72538a70b90"},"image":{"@id":"https:\/\/apuntesdesanluis.com\/index.php\/2023\/10\/18\/ebrio-ataco-a-jovenes-con-un-cuchillo-e-hirio-a-uno-se-arrepintio-y-le-dieron-condicional\/#primaryimage"},"thumbnailUrl":"https:\/\/apuntesdesanluis.com\/wp-content\/uploads\/2023\/10\/ACUSADO-1.png","articleSection":["Ciudad\/Provincia"],"inLanguage":"es-AR"},{"@type":"WebPage","@id":"https:\/\/apuntesdesanluis.com\/index.php\/2023\/10\/18\/ebrio-ataco-a-jovenes-con-un-cuchillo-e-hirio-a-uno-se-arrepintio-y-le-dieron-condicional\/","url":"https:\/\/apuntesdesanluis.com\/index.php\/2023\/10\/18\/ebrio-ataco-a-jovenes-con-un-cuchillo-e-hirio-a-uno-se-arrepintio-y-le-dieron-condicional\/","name":"EBRIO, ATAC\u00d3 A J\u00d3VENES CON UN CUCHILLO E HIRI\u00d3 A UNO: SE ARREPINTI\u00d3 Y LE DIERON CONDICIONAL - Apuntes de San Luis","isPartOf":{"@id":"https:\/\/apuntesdesanluis.com\/#website"},"primaryImageOfPage":{"@id":"https:\/\/apuntesdesanluis.com\/index.php\/2023\/10\/18\/ebrio-ataco-a-jovenes-con-un-cuchillo-e-hirio-a-uno-se-arrepintio-y-le-dieron-condicional\/#primaryimage"},"image":{"@id":"https:\/\/apuntesdesanluis.com\/index.php\/2023\/10\/18\/ebrio-ataco-a-jovenes-con-un-cuchillo-e-hirio-a-uno-se-arrepintio-y-le-dieron-condicional\/#primaryimage"},"thumbnailUrl":"https:\/\/apuntesdesanluis.com\/wp-content\/uploads\/2023\/10\/ACUSADO-1.png","datePublished":"2023-10-18T17:19:38+00:00","breadcrumb":{"@id":"https:\/\/apuntesdesanluis.com\/index.php\/2023\/10\/18\/ebrio-ataco-a-jovenes-con-un-cuchillo-e-hirio-a-uno-se-arrepintio-y-le-dieron-condicional\/#breadcrumb"},"inLanguage":"es-AR","potentialAction":[{"@type":"ReadAction","target":["https:\/\/apuntesdesanluis.com\/index.php\/2023\/10\/18\/ebrio-ataco-a-jovenes-con-un-cuchillo-e-hirio-a-uno-se-arrepintio-y-le-dieron-condicional\/"]}]},{"@type":"ImageObject","inLanguage":"es-AR","@id":"https:\/\/apuntesdesanluis.com\/index.php\/2023\/10\/18\/ebrio-ataco-a-jovenes-con-un-cuchillo-e-hirio-a-uno-se-arrepintio-y-le-dieron-condicional\/#primaryimage","url":"https:\/\/apuntesdesanluis.com\/wp-content\/uploads\/2023\/10\/ACUSADO-1.png","contentUrl":"https:\/\/apuntesdesanluis.com\/wp-content\/uploads\/2023\/10\/ACUSADO-1.png","width":600,"height":342},{"@type":"BreadcrumbList","@id":"https:\/\/apuntesdesanluis.com\/index.php\/2023\/10\/18\/ebrio-ataco-a-jovenes-con-un-cuchillo-e-hirio-a-uno-se-arrepintio-y-le-dieron-condicional\/#breadcrumb","itemListElement":[{"@type":"ListItem","position":1,"name":"Inicio","item":"https:\/\/apuntesdesanluis.com\/"},{"@type":"ListItem","position":2,"name":"EBRIO, ATAC\u00d3 A J\u00d3VENES CON UN CUCHILLO E HIRI\u00d3 A UNO: SE ARREPINTI\u00d3 Y LE DIERON CONDICIONAL"}]},{"@type":"WebSite","@id":"https:\/\/apuntesdesanluis.com\/#website","url":"https:\/\/apuntesdesanluis.com\/","name":"Apuntes de San Luis","description":"","publisher":{"@id":"https:\/\/apuntesdesanluis.com\/#\/schema\/person\/b55151d52296fcce64d1a72538a70b90"},"potentialAction":[{"@type":"SearchAction","target":{"@type":"EntryPoint","urlTemplate":"https:\/\/apuntesdesanluis.com\/?s={search_term_string}"},"query-input":{"@type":"PropertyValueSpecification","valueRequired":true,"valueName":"search_term_string"}}],"inLanguage":"es-AR"},{"@type":["Person","Organization"],"@id":"https:\/\/apuntesdesanluis.com\/#\/schema\/person\/b55151d52296fcce64d1a72538a70b90","name":"apuntesdesanluis.com","image":{"@type":"ImageObject","inLanguage":"es-AR","@id":"https:\/\/apuntesdesanluis.com\/#\/schema\/person\/image\/","url":"https:\/\/apuntesdesanluis.com\/wp-content\/uploads\/2023\/07\/cropped-apuntesdesanluis.png","contentUrl":"https:\/\/apuntesdesanluis.com\/wp-content\/uploads\/2023\/07\/cropped-apuntesdesanluis.png","width":450,"height":112,"caption":"apuntesdesanluis.com"},"logo":{"@id":"https:\/\/apuntesdesanluis.com\/#\/schema\/person\/image\/"},"sameAs":["https:\/\/apuntesdesanluis.com"],"url":"https:\/\/apuntesdesanluis.com\/index.php\/author\/apuntesdesanluis-com\/"}]}},"featured_image_urls":{"full":["https:\/\/apuntesdesanluis.com\/wp-content\/uploads\/2023\/10\/ACUSADO-1.png",600,342,false],"thumbnail":["https:\/\/apuntesdesanluis.com\/wp-content\/uploads\/2023\/10\/ACUSADO-1-150x150.png",150,150,true],"medium":["https:\/\/apuntesdesanluis.com\/wp-content\/uploads\/2023\/10\/ACUSADO-1-300x171.png",300,171,true],"medium_large":["https:\/\/apuntesdesanluis.com\/wp-content\/uploads\/2023\/10\/ACUSADO-1.png",600,342,false],"large":["https:\/\/apuntesdesanluis.com\/wp-content\/uploads\/2023\/10\/ACUSADO-1.png",600,342,false],"1536x1536":["https:\/\/apuntesdesanluis.com\/wp-content\/uploads\/2023\/10\/ACUSADO-1.png",600,342,false],"2048x2048":["https:\/\/apuntesdesanluis.com\/wp-content\/uploads\/2023\/10\/ACUSADO-1.png",600,342,false],"newsever-slider-full":["https:\/\/apuntesdesanluis.com\/wp-content\/uploads\/2023\/10\/ACUSADO-1.png",600,342,false],"newsever-featured":["https:\/\/apuntesdesanluis.com\/wp-content\/uploads\/2023\/10\/ACUSADO-1.png",600,342,false],"newsever-medium":["https:\/\/apuntesdesanluis.com\/wp-content\/uploads\/2023\/10\/ACUSADO-1.png",600,342,false]},"author_info":{"display_name":"apuntesdesanluis.com","author_link":"https:\/\/apuntesdesanluis.com\/index.php\/author\/apuntesdesanluis-com\/"},"category_info":"<a href=\"https:\/\/apuntesdesanluis.com\/index.php\/category\/ciudad-provincia\/\" rel=\"category tag\">Ciudad\/Provincia<\/a>","tag_info":"Ciudad\/Provincia","comment_count":"0","_links":{"self":[{"href":"https:\/\/apuntesdesanluis.com\/index.php\/wp-json\/wp\/v2\/posts\/5362","targetHints":{"allow":["GET"]}}],"collection":[{"href":"https:\/\/apuntesdesanluis.com\/index.php\/wp-json\/wp\/v2\/posts"}],"about":[{"href":"https:\/\/apuntesdesanluis.com\/index.php\/wp-json\/wp\/v2\/types\/post"}],"author":[{"embeddable":true,"href":"https:\/\/apuntesdesanluis.com\/index.php\/wp-json\/wp\/v2\/users\/1"}],"replies":[{"embeddable":true,"href":"https:\/\/apuntesdesanluis.com\/index.php\/wp-json\/wp\/v2\/comments?post=5362"}],"version-history":[{"count":1,"href":"https:\/\/apuntesdesanluis.com\/index.php\/wp-json\/wp\/v2\/posts\/5362\/revisions"}],"predecessor-version":[{"id":5364,"href":"https:\/\/apuntesdesanluis.com\/index.php\/wp-json\/wp\/v2\/posts\/5362\/revisions\/5364"}],"wp:featuredmedia":[{"embeddable":true,"href":"https:\/\/apuntesdesanluis.com\/index.php\/wp-json\/wp\/v2\/media\/5363"}],"wp:attachment":[{"href":"https:\/\/apuntesdesanluis.com\/index.php\/wp-json\/wp\/v2\/media?parent=5362"}],"wp:term":[{"taxonomy":"category","embeddable":true,"href":"https:\/\/apuntesdesanluis.com\/index.php\/wp-json\/wp\/v2\/categories?post=5362"},{"taxonomy":"post_tag","embeddable":true,"href":"https:\/\/apuntesdesanluis.com\/index.php\/wp-json\/wp\/v2\/tags?post=5362"}],"curies":[{"name":"wp","href":"https:\/\/api.w.org\/{rel}","templated":true}]}}