{"id":5382,"date":"2023-10-18T14:20:19","date_gmt":"2023-10-18T17:20:19","guid":{"rendered":"https:\/\/apuntesdesanluis.com\/?p=5382"},"modified":"2023-10-18T19:58:02","modified_gmt":"2023-10-18T22:58:02","slug":"avanza-la-reparacion-del-acueducto-rio-grande-los-puquios","status":"publish","type":"post","link":"https:\/\/apuntesdesanluis.com\/index.php\/2023\/10\/18\/avanza-la-reparacion-del-acueducto-rio-grande-los-puquios\/","title":{"rendered":"AVANZA LA REPARACI\u00d3N DEL ACUEDUCTO R\u00cdO GRANDE \u2013 LOS PUQUIOS"},"content":{"rendered":"<h3>Actualmente, se est\u00e1n llevando a cabo los ajustes de la ca\u00f1er\u00eda a suplantar para luego enfibrar, compactar y realizar las maniobras de apertura, purgado y regulaci\u00f3n. Se estima que el recurso ingrese a las plantas potabilizadoras en las pr\u00f3ximas 24 horas.<\/h3>\n<h3>\u201cLuego de trabajar durante toda la noche en el diagn\u00f3stico del desperfecto y en la preparaci\u00f3n de la zona de trabajo para poder realizar las tareas pertinentes, pudimos determinar que el tiempo estimado de finalizaci\u00f3n de los trabajos se extender\u00e1 hasta la tarde y noche de este mi\u00e9rcoles, para luego comenzar con las maniobras de apertura, regulaci\u00f3n y purgado de todo el sistema\u201d, explic\u00f3 Mart\u00edn Manoni, gerente operativo de San Luis Agua.<\/h3>\n<h3><img fetchpriority=\"high\" decoding=\"async\" class=\"wp-image-5384 aligncenter\" src=\"https:\/\/apuntesdesanluis.com\/wp-content\/uploads\/2023\/10\/acueducto-reparacion-300x196.png\" alt=\"\" width=\"716\" height=\"468\" srcset=\"https:\/\/apuntesdesanluis.com\/wp-content\/uploads\/2023\/10\/acueducto-reparacion-300x196.png 300w, https:\/\/apuntesdesanluis.com\/wp-content\/uploads\/2023\/10\/acueducto-reparacion.png 555w\" sizes=\"(max-width: 716px) 100vw, 716px\" \/><\/h3>\n<h3>Y agreg\u00f3: \u201cEstamos comenzando con la presentaci\u00f3n del ca\u00f1o y enfibrado del mismo, que se extender\u00e1 durante toda la tarde debido a la complejidad de la tarea. Es importante destacar que el abastecimiento a las plantas potabilizadoras afectadas se encuentra parcialmente suspendido, ya que el acueducto La Florida las est\u00e1 abasteciendo con un caudal limitado\u201d.<\/h3>\n","protected":false},"excerpt":{"rendered":"<p>Actualmente, se est\u00e1n llevando a cabo los ajustes de la ca\u00f1er\u00eda a suplantar para luego&#8230;<\/p>\n","protected":false},"author":1,"featured_media":5383,"comment_status":"closed","ping_status":"closed","sticky":false,"template":"","format":"standard","meta":{"footnotes":""},"categories":[6],"tags":[],"class_list":["post-5382","post","type-post","status-publish","format-standard","has-post-thumbnail","hentry","category-ciudad-provincia"],"yoast_head":"<!-- This site is optimized with the Yoast SEO plugin v26.1.1 - https:\/\/yoast.com\/wordpress\/plugins\/seo\/ -->\n<title>AVANZA LA REPARACI\u00d3N DEL ACUEDUCTO R\u00cdO GRANDE \u2013 LOS PUQUIOS - Apuntes de San Luis<\/title>\n<meta name=\"robots\" content=\"index, follow, max-snippet:-1, max-image-preview:large, max-video-preview:-1\" \/>\n<link rel=\"canonical\" href=\"https:\/\/apuntesdesanluis.com\/index.php\/2023\/10\/18\/avanza-la-reparacion-del-acueducto-rio-grande-los-puquios\/\" \/>\n<meta property=\"og:locale\" content=\"es_ES\" \/>\n<meta property=\"og:type\" content=\"article\" \/>\n<meta property=\"og:title\" content=\"AVANZA LA REPARACI\u00d3N DEL ACUEDUCTO R\u00cdO GRANDE \u2013 LOS PUQUIOS - Apuntes de San Luis\" \/>\n<meta property=\"og:description\" content=\"Actualmente, se est\u00e1n llevando a cabo los ajustes de la ca\u00f1er\u00eda a suplantar para luego...\" \/>\n<meta property=\"og:url\" content=\"https:\/\/apuntesdesanluis.com\/index.php\/2023\/10\/18\/avanza-la-reparacion-del-acueducto-rio-grande-los-puquios\/\" \/>\n<meta property=\"og:site_name\" content=\"Apuntes de San Luis\" \/>\n<meta property=\"article:published_time\" content=\"2023-10-18T17:20:19+00:00\" \/>\n<meta property=\"article:modified_time\" content=\"2023-10-18T22:58:02+00:00\" \/>\n<meta property=\"og:image\" content=\"https:\/\/apuntesdesanluis.com\/wp-content\/uploads\/2023\/10\/acueducto-los-puquios.png\" \/>\n\t<meta property=\"og:image:width\" content=\"557\" \/>\n\t<meta property=\"og:image:height\" content=\"316\" \/>\n\t<meta property=\"og:image:type\" content=\"image\/png\" \/>\n<meta name=\"author\" content=\"apuntesdesanluis.com\" \/>\n<meta name=\"twitter:card\" content=\"summary_large_image\" \/>\n<meta name=\"twitter:label1\" content=\"Escrito por\" \/>\n\t<meta name=\"twitter:data1\" content=\"apuntesdesanluis.com\" \/>\n\t<meta name=\"twitter:label2\" content=\"Tiempo de lectura\" \/>\n\t<meta name=\"twitter:data2\" content=\"1 minuto\" \/>\n<script type=\"application\/ld+json\" class=\"yoast-schema-graph\">{\"@context\":\"https:\/\/schema.org\",\"@graph\":[{\"@type\":\"Article\",\"@id\":\"https:\/\/apuntesdesanluis.com\/index.php\/2023\/10\/18\/avanza-la-reparacion-del-acueducto-rio-grande-los-puquios\/#article\",\"isPartOf\":{\"@id\":\"https:\/\/apuntesdesanluis.com\/index.php\/2023\/10\/18\/avanza-la-reparacion-del-acueducto-rio-grande-los-puquios\/\"},\"author\":{\"name\":\"apuntesdesanluis.com\",\"@id\":\"https:\/\/apuntesdesanluis.com\/#\/schema\/person\/b55151d52296fcce64d1a72538a70b90\"},\"headline\":\"AVANZA LA REPARACI\u00d3N DEL ACUEDUCTO R\u00cdO GRANDE \u2013 LOS PUQUIOS\",\"datePublished\":\"2023-10-18T17:20:19+00:00\",\"dateModified\":\"2023-10-18T22:58:02+00:00\",\"mainEntityOfPage\":{\"@id\":\"https:\/\/apuntesdesanluis.com\/index.php\/2023\/10\/18\/avanza-la-reparacion-del-acueducto-rio-grande-los-puquios\/\"},\"wordCount\":191,\"publisher\":{\"@id\":\"https:\/\/apuntesdesanluis.com\/#\/schema\/person\/b55151d52296fcce64d1a72538a70b90\"},\"image\":{\"@id\":\"https:\/\/apuntesdesanluis.com\/index.php\/2023\/10\/18\/avanza-la-reparacion-del-acueducto-rio-grande-los-puquios\/#primaryimage\"},\"thumbnailUrl\":\"https:\/\/apuntesdesanluis.com\/wp-content\/uploads\/2023\/10\/acueducto-los-puquios.png\",\"articleSection\":[\"Ciudad\/Provincia\"],\"inLanguage\":\"es-AR\"},{\"@type\":\"WebPage\",\"@id\":\"https:\/\/apuntesdesanluis.com\/index.php\/2023\/10\/18\/avanza-la-reparacion-del-acueducto-rio-grande-los-puquios\/\",\"url\":\"https:\/\/apuntesdesanluis.com\/index.php\/2023\/10\/18\/avanza-la-reparacion-del-acueducto-rio-grande-los-puquios\/\",\"name\":\"AVANZA LA REPARACI\u00d3N DEL ACUEDUCTO R\u00cdO GRANDE \u2013 LOS PUQUIOS - Apuntes de San Luis\",\"isPartOf\":{\"@id\":\"https:\/\/apuntesdesanluis.com\/#website\"},\"primaryImageOfPage\":{\"@id\":\"https:\/\/apuntesdesanluis.com\/index.php\/2023\/10\/18\/avanza-la-reparacion-del-acueducto-rio-grande-los-puquios\/#primaryimage\"},\"image\":{\"@id\":\"https:\/\/apuntesdesanluis.com\/index.php\/2023\/10\/18\/avanza-la-reparacion-del-acueducto-rio-grande-los-puquios\/#primaryimage\"},\"thumbnailUrl\":\"https:\/\/apuntesdesanluis.com\/wp-content\/uploads\/2023\/10\/acueducto-los-puquios.png\",\"datePublished\":\"2023-10-18T17:20:19+00:00\",\"dateModified\":\"2023-10-18T22:58:02+00:00\",\"breadcrumb\":{\"@id\":\"https:\/\/apuntesdesanluis.com\/index.php\/2023\/10\/18\/avanza-la-reparacion-del-acueducto-rio-grande-los-puquios\/#breadcrumb\"},\"inLanguage\":\"es-AR\",\"potentialAction\":[{\"@type\":\"ReadAction\",\"target\":[\"https:\/\/apuntesdesanluis.com\/index.php\/2023\/10\/18\/avanza-la-reparacion-del-acueducto-rio-grande-los-puquios\/\"]}]},{\"@type\":\"ImageObject\",\"inLanguage\":\"es-AR\",\"@id\":\"https:\/\/apuntesdesanluis.com\/index.php\/2023\/10\/18\/avanza-la-reparacion-del-acueducto-rio-grande-los-puquios\/#primaryimage\",\"url\":\"https:\/\/apuntesdesanluis.com\/wp-content\/uploads\/2023\/10\/acueducto-los-puquios.png\",\"contentUrl\":\"https:\/\/apuntesdesanluis.com\/wp-content\/uploads\/2023\/10\/acueducto-los-puquios.png\",\"width\":557,\"height\":316},{\"@type\":\"BreadcrumbList\",\"@id\":\"https:\/\/apuntesdesanluis.com\/index.php\/2023\/10\/18\/avanza-la-reparacion-del-acueducto-rio-grande-los-puquios\/#breadcrumb\",\"itemListElement\":[{\"@type\":\"ListItem\",\"position\":1,\"name\":\"Inicio\",\"item\":\"https:\/\/apuntesdesanluis.com\/\"},{\"@type\":\"ListItem\",\"position\":2,\"name\":\"AVANZA LA REPARACI\u00d3N DEL ACUEDUCTO R\u00cdO GRANDE \u2013 LOS PUQUIOS\"}]},{\"@type\":\"WebSite\",\"@id\":\"https:\/\/apuntesdesanluis.com\/#website\",\"url\":\"https:\/\/apuntesdesanluis.com\/\",\"name\":\"Apuntes de San Luis\",\"description\":\"\",\"publisher\":{\"@id\":\"https:\/\/apuntesdesanluis.com\/#\/schema\/person\/b55151d52296fcce64d1a72538a70b90\"},\"potentialAction\":[{\"@type\":\"SearchAction\",\"target\":{\"@type\":\"EntryPoint\",\"urlTemplate\":\"https:\/\/apuntesdesanluis.com\/?s={search_term_string}\"},\"query-input\":{\"@type\":\"PropertyValueSpecification\",\"valueRequired\":true,\"valueName\":\"search_term_string\"}}],\"inLanguage\":\"es-AR\"},{\"@type\":[\"Person\",\"Organization\"],\"@id\":\"https:\/\/apuntesdesanluis.com\/#\/schema\/person\/b55151d52296fcce64d1a72538a70b90\",\"name\":\"apuntesdesanluis.com\",\"image\":{\"@type\":\"ImageObject\",\"inLanguage\":\"es-AR\",\"@id\":\"https:\/\/apuntesdesanluis.com\/#\/schema\/person\/image\/\",\"url\":\"https:\/\/apuntesdesanluis.com\/wp-content\/uploads\/2023\/07\/cropped-apuntesdesanluis.png\",\"contentUrl\":\"https:\/\/apuntesdesanluis.com\/wp-content\/uploads\/2023\/07\/cropped-apuntesdesanluis.png\",\"width\":450,\"height\":112,\"caption\":\"apuntesdesanluis.com\"},\"logo\":{\"@id\":\"https:\/\/apuntesdesanluis.com\/#\/schema\/person\/image\/\"},\"sameAs\":[\"https:\/\/apuntesdesanluis.com\"],\"url\":\"https:\/\/apuntesdesanluis.com\/index.php\/author\/apuntesdesanluis-com\/\"}]}<\/script>\n<!-- \/ Yoast SEO plugin. -->","yoast_head_json":{"title":"AVANZA LA REPARACI\u00d3N DEL ACUEDUCTO R\u00cdO GRANDE \u2013 LOS PUQUIOS - Apuntes de San Luis","robots":{"index":"index","follow":"follow","max-snippet":"max-snippet:-1","max-image-preview":"max-image-preview:large","max-video-preview":"max-video-preview:-1"},"canonical":"https:\/\/apuntesdesanluis.com\/index.php\/2023\/10\/18\/avanza-la-reparacion-del-acueducto-rio-grande-los-puquios\/","og_locale":"es_ES","og_type":"article","og_title":"AVANZA LA REPARACI\u00d3N DEL ACUEDUCTO R\u00cdO GRANDE \u2013 LOS PUQUIOS - Apuntes de San Luis","og_description":"Actualmente, se est\u00e1n llevando a cabo los ajustes de la ca\u00f1er\u00eda a suplantar para luego...","og_url":"https:\/\/apuntesdesanluis.com\/index.php\/2023\/10\/18\/avanza-la-reparacion-del-acueducto-rio-grande-los-puquios\/","og_site_name":"Apuntes de San Luis","article_published_time":"2023-10-18T17:20:19+00:00","article_modified_time":"2023-10-18T22:58:02+00:00","og_image":[{"width":557,"height":316,"url":"https:\/\/apuntesdesanluis.com\/wp-content\/uploads\/2023\/10\/acueducto-los-puquios.png","type":"image\/png"}],"author":"apuntesdesanluis.com","twitter_card":"summary_large_image","twitter_misc":{"Escrito por":"apuntesdesanluis.com","Tiempo de lectura":"1 minuto"},"schema":{"@context":"https:\/\/schema.org","@graph":[{"@type":"Article","@id":"https:\/\/apuntesdesanluis.com\/index.php\/2023\/10\/18\/avanza-la-reparacion-del-acueducto-rio-grande-los-puquios\/#article","isPartOf":{"@id":"https:\/\/apuntesdesanluis.com\/index.php\/2023\/10\/18\/avanza-la-reparacion-del-acueducto-rio-grande-los-puquios\/"},"author":{"name":"apuntesdesanluis.com","@id":"https:\/\/apuntesdesanluis.com\/#\/schema\/person\/b55151d52296fcce64d1a72538a70b90"},"headline":"AVANZA LA REPARACI\u00d3N DEL ACUEDUCTO R\u00cdO GRANDE \u2013 LOS PUQUIOS","datePublished":"2023-10-18T17:20:19+00:00","dateModified":"2023-10-18T22:58:02+00:00","mainEntityOfPage":{"@id":"https:\/\/apuntesdesanluis.com\/index.php\/2023\/10\/18\/avanza-la-reparacion-del-acueducto-rio-grande-los-puquios\/"},"wordCount":191,"publisher":{"@id":"https:\/\/apuntesdesanluis.com\/#\/schema\/person\/b55151d52296fcce64d1a72538a70b90"},"image":{"@id":"https:\/\/apuntesdesanluis.com\/index.php\/2023\/10\/18\/avanza-la-reparacion-del-acueducto-rio-grande-los-puquios\/#primaryimage"},"thumbnailUrl":"https:\/\/apuntesdesanluis.com\/wp-content\/uploads\/2023\/10\/acueducto-los-puquios.png","articleSection":["Ciudad\/Provincia"],"inLanguage":"es-AR"},{"@type":"WebPage","@id":"https:\/\/apuntesdesanluis.com\/index.php\/2023\/10\/18\/avanza-la-reparacion-del-acueducto-rio-grande-los-puquios\/","url":"https:\/\/apuntesdesanluis.com\/index.php\/2023\/10\/18\/avanza-la-reparacion-del-acueducto-rio-grande-los-puquios\/","name":"AVANZA LA REPARACI\u00d3N DEL ACUEDUCTO R\u00cdO GRANDE \u2013 LOS PUQUIOS - Apuntes de San Luis","isPartOf":{"@id":"https:\/\/apuntesdesanluis.com\/#website"},"primaryImageOfPage":{"@id":"https:\/\/apuntesdesanluis.com\/index.php\/2023\/10\/18\/avanza-la-reparacion-del-acueducto-rio-grande-los-puquios\/#primaryimage"},"image":{"@id":"https:\/\/apuntesdesanluis.com\/index.php\/2023\/10\/18\/avanza-la-reparacion-del-acueducto-rio-grande-los-puquios\/#primaryimage"},"thumbnailUrl":"https:\/\/apuntesdesanluis.com\/wp-content\/uploads\/2023\/10\/acueducto-los-puquios.png","datePublished":"2023-10-18T17:20:19+00:00","dateModified":"2023-10-18T22:58:02+00:00","breadcrumb":{"@id":"https:\/\/apuntesdesanluis.com\/index.php\/2023\/10\/18\/avanza-la-reparacion-del-acueducto-rio-grande-los-puquios\/#breadcrumb"},"inLanguage":"es-AR","potentialAction":[{"@type":"ReadAction","target":["https:\/\/apuntesdesanluis.com\/index.php\/2023\/10\/18\/avanza-la-reparacion-del-acueducto-rio-grande-los-puquios\/"]}]},{"@type":"ImageObject","inLanguage":"es-AR","@id":"https:\/\/apuntesdesanluis.com\/index.php\/2023\/10\/18\/avanza-la-reparacion-del-acueducto-rio-grande-los-puquios\/#primaryimage","url":"https:\/\/apuntesdesanluis.com\/wp-content\/uploads\/2023\/10\/acueducto-los-puquios.png","contentUrl":"https:\/\/apuntesdesanluis.com\/wp-content\/uploads\/2023\/10\/acueducto-los-puquios.png","width":557,"height":316},{"@type":"BreadcrumbList","@id":"https:\/\/apuntesdesanluis.com\/index.php\/2023\/10\/18\/avanza-la-reparacion-del-acueducto-rio-grande-los-puquios\/#breadcrumb","itemListElement":[{"@type":"ListItem","position":1,"name":"Inicio","item":"https:\/\/apuntesdesanluis.com\/"},{"@type":"ListItem","position":2,"name":"AVANZA LA REPARACI\u00d3N DEL ACUEDUCTO R\u00cdO GRANDE \u2013 LOS PUQUIOS"}]},{"@type":"WebSite","@id":"https:\/\/apuntesdesanluis.com\/#website","url":"https:\/\/apuntesdesanluis.com\/","name":"Apuntes de San Luis","description":"","publisher":{"@id":"https:\/\/apuntesdesanluis.com\/#\/schema\/person\/b55151d52296fcce64d1a72538a70b90"},"potentialAction":[{"@type":"SearchAction","target":{"@type":"EntryPoint","urlTemplate":"https:\/\/apuntesdesanluis.com\/?s={search_term_string}"},"query-input":{"@type":"PropertyValueSpecification","valueRequired":true,"valueName":"search_term_string"}}],"inLanguage":"es-AR"},{"@type":["Person","Organization"],"@id":"https:\/\/apuntesdesanluis.com\/#\/schema\/person\/b55151d52296fcce64d1a72538a70b90","name":"apuntesdesanluis.com","image":{"@type":"ImageObject","inLanguage":"es-AR","@id":"https:\/\/apuntesdesanluis.com\/#\/schema\/person\/image\/","url":"https:\/\/apuntesdesanluis.com\/wp-content\/uploads\/2023\/07\/cropped-apuntesdesanluis.png","contentUrl":"https:\/\/apuntesdesanluis.com\/wp-content\/uploads\/2023\/07\/cropped-apuntesdesanluis.png","width":450,"height":112,"caption":"apuntesdesanluis.com"},"logo":{"@id":"https:\/\/apuntesdesanluis.com\/#\/schema\/person\/image\/"},"sameAs":["https:\/\/apuntesdesanluis.com"],"url":"https:\/\/apuntesdesanluis.com\/index.php\/author\/apuntesdesanluis-com\/"}]}},"featured_image_urls":{"full":["https:\/\/apuntesdesanluis.com\/wp-content\/uploads\/2023\/10\/acueducto-los-puquios.png",557,316,false],"thumbnail":["https:\/\/apuntesdesanluis.com\/wp-content\/uploads\/2023\/10\/acueducto-los-puquios-150x150.png",150,150,true],"medium":["https:\/\/apuntesdesanluis.com\/wp-content\/uploads\/2023\/10\/acueducto-los-puquios-300x170.png",300,170,true],"medium_large":["https:\/\/apuntesdesanluis.com\/wp-content\/uploads\/2023\/10\/acueducto-los-puquios.png",557,316,false],"large":["https:\/\/apuntesdesanluis.com\/wp-content\/uploads\/2023\/10\/acueducto-los-puquios.png",557,316,false],"1536x1536":["https:\/\/apuntesdesanluis.com\/wp-content\/uploads\/2023\/10\/acueducto-los-puquios.png",557,316,false],"2048x2048":["https:\/\/apuntesdesanluis.com\/wp-content\/uploads\/2023\/10\/acueducto-los-puquios.png",557,316,false],"newsever-slider-full":["https:\/\/apuntesdesanluis.com\/wp-content\/uploads\/2023\/10\/acueducto-los-puquios.png",557,316,false],"newsever-featured":["https:\/\/apuntesdesanluis.com\/wp-content\/uploads\/2023\/10\/acueducto-los-puquios.png",557,316,false],"newsever-medium":["https:\/\/apuntesdesanluis.com\/wp-content\/uploads\/2023\/10\/acueducto-los-puquios.png",557,316,false]},"author_info":{"display_name":"apuntesdesanluis.com","author_link":"https:\/\/apuntesdesanluis.com\/index.php\/author\/apuntesdesanluis-com\/"},"category_info":"<a href=\"https:\/\/apuntesdesanluis.com\/index.php\/category\/ciudad-provincia\/\" rel=\"category tag\">Ciudad\/Provincia<\/a>","tag_info":"Ciudad\/Provincia","comment_count":"0","_links":{"self":[{"href":"https:\/\/apuntesdesanluis.com\/index.php\/wp-json\/wp\/v2\/posts\/5382","targetHints":{"allow":["GET"]}}],"collection":[{"href":"https:\/\/apuntesdesanluis.com\/index.php\/wp-json\/wp\/v2\/posts"}],"about":[{"href":"https:\/\/apuntesdesanluis.com\/index.php\/wp-json\/wp\/v2\/types\/post"}],"author":[{"embeddable":true,"href":"https:\/\/apuntesdesanluis.com\/index.php\/wp-json\/wp\/v2\/users\/1"}],"replies":[{"embeddable":true,"href":"https:\/\/apuntesdesanluis.com\/index.php\/wp-json\/wp\/v2\/comments?post=5382"}],"version-history":[{"count":1,"href":"https:\/\/apuntesdesanluis.com\/index.php\/wp-json\/wp\/v2\/posts\/5382\/revisions"}],"predecessor-version":[{"id":5385,"href":"https:\/\/apuntesdesanluis.com\/index.php\/wp-json\/wp\/v2\/posts\/5382\/revisions\/5385"}],"wp:featuredmedia":[{"embeddable":true,"href":"https:\/\/apuntesdesanluis.com\/index.php\/wp-json\/wp\/v2\/media\/5383"}],"wp:attachment":[{"href":"https:\/\/apuntesdesanluis.com\/index.php\/wp-json\/wp\/v2\/media?parent=5382"}],"wp:term":[{"taxonomy":"category","embeddable":true,"href":"https:\/\/apuntesdesanluis.com\/index.php\/wp-json\/wp\/v2\/categories?post=5382"},{"taxonomy":"post_tag","embeddable":true,"href":"https:\/\/apuntesdesanluis.com\/index.php\/wp-json\/wp\/v2\/tags?post=5382"}],"curies":[{"name":"wp","href":"https:\/\/api.w.org\/{rel}","templated":true}]}}