{"id":5388,"date":"2023-10-18T20:17:06","date_gmt":"2023-10-18T23:17:06","guid":{"rendered":"https:\/\/apuntesdesanluis.com\/?p=5388"},"modified":"2023-10-18T20:17:06","modified_gmt":"2023-10-18T23:17:06","slug":"confirmaron-la-muerte-de-otro-argentino-en-israel-y-ya-son-8-los-fallecidos-por-los-ataques-de-hamas","status":"publish","type":"post","link":"https:\/\/apuntesdesanluis.com\/index.php\/2023\/10\/18\/confirmaron-la-muerte-de-otro-argentino-en-israel-y-ya-son-8-los-fallecidos-por-los-ataques-de-hamas\/","title":{"rendered":"CONFIRMARON LA MUERTE DE OTRO ARGENTINO EN ISRAEL Y YA SON 8 LOS FALLECIDOS POR LOS ATAQUES DE HAMAS"},"content":{"rendered":"<h3><strong>Mat\u00edas Burstein<\/strong>, el hombre de 41 a\u00f1os y padre de dos nenas de 9 y 12, que hab\u00eda asistido a la fiesta electr\u00f3nica cercana a la Franja de Gaza y del que no se ten\u00edan noticias, muri\u00f3 asesinado luego de ser capturado por la organizaci\u00f3n terrorista Hamas que lanz\u00f3 violentos ataques en Israel. As\u00ed lo confirmaron a Infobae, Canciller\u00eda Argentina y la familia de la v\u00edctima.<\/h3>\n<h3>\u201cMe cont\u00f3 mi prima que fueron como 8 personas a su casa: rabinato, psic\u00f3logos, ej\u00e9rcito, de todo para avisarle. El cuerpo, o lo que hay, est\u00e1 en un lugar en Tel Aviv, todav\u00eda no fueron a verlo, pero va a ir mi prima que est\u00e1 m\u00e1s fuerte\u201d, le explic\u00f3 Fanny Burstein, madre de Mat\u00edas, a este medio.<\/h3>\n<h3>Luego, la mujer le envi\u00f3 un mensaje a la periodista Eleonora Cole en la red social Facebook para informarle la noticia: \u201cAyer tuvimos la entrevista, deseo y me siento en la obligaci\u00f3n de informarle a usted y a Paulino Rodr\u00edguez que ma\u00f1ana nos despediremos de nuestro adorado hijo Mat\u00edas Burstein, el que fue asesinado a sangre fr\u00eda por Hamas y con una peque\u00f1a esperanza de recuperar a nuestra nuera, de quien a\u00fan no tenemos noticia alguna. Gracias nuevamente por haberse interesado en contar nuestra historia la cual lamentablemente tuvo un cruel final\u201d.<\/h3>\n<p><img fetchpriority=\"high\" decoding=\"async\" class=\"wp-image-5391 aligncenter\" src=\"https:\/\/apuntesdesanluis.com\/wp-content\/uploads\/2023\/10\/mensaje-300x225.png\" alt=\"\" width=\"689\" height=\"517\" srcset=\"https:\/\/apuntesdesanluis.com\/wp-content\/uploads\/2023\/10\/mensaje-300x225.png 300w, https:\/\/apuntesdesanluis.com\/wp-content\/uploads\/2023\/10\/mensaje.png 539w\" sizes=\"(max-width: 689px) 100vw, 689px\" \/><\/p>\n<h3>La \u00faltima imagen de Mat\u00edas antes de ser secuestrado por Hamas qued\u00f3 registrada en la c\u00e1mara del celular de un desconocido. Tiene fecha del s\u00e1bado 7 de octubre de 2023. All\u00ed se lo ve de remera negra y bermudas insultando en hebreo ante el atasco de coches en una ruta del desierto israel\u00ed.<\/h3>\n<h3>En ese momento, Mat\u00edas y su esposa intentaban escapar de la masacre de la fiesta electr\u00f3nica que se realizaba a pocos kil\u00f3metros de la Franja de Gaza. Luego, con los disparos zumbando en sus o\u00eddos, Burstein se comunic\u00f3 con un amigo y, a los gritos, le cont\u00f3 del ataque de Hamas.<\/h3>\n<h3>Pasado aquel episodio, no se supo m\u00e1s de su paradero ni del de su mujer, Einav. Finalmente, despu\u00e9s de once d\u00edas de incertidumbre, se conoci\u00f3 la tr\u00e1gica noticia. As\u00ed, Mat\u00edas se suma a la lista de argentinos fallecidos en manos del grupo terrorista: a la fecha, ya son ocho los que perdieron la vida.<\/h3>\n<h3><strong>LOS OTROS SIETE ARGENTINOS FALLECIDOS<\/strong><\/h3>\n<h3>Ronit Rudman. Ten\u00eda 55 a\u00f1os y estaba casada con Roland Sult\u00e1n, quien tambi\u00e9n falleci\u00f3 en el atentado. Con domicilio en el barrio porte\u00f1o de Almagro, hab\u00eda estudiado en la Escuela Normal Superior N\u00b01 Presidente Roque S\u00e1enz Pe\u00f1a y tambi\u00e9n en el Seminario Amia. Luego, en Israel, curs\u00f3 Historia del Arte, Cultura Visual, Curadur\u00eda, Museolog\u00eda en la Universidad Ben-Gurion de Negev.<\/h3>\n<h3>T\u00eda de Antonio Mac\u00edas, el colombiano asesinado en Israel, envi\u00f3 duro mensaje al presidente Petro por no condenar los ataques de Hamas: \u201cNo esperaba mucho\u201d<\/h3>\n<h3>Silvia Mirensky. Ten\u00eda 80 a\u00f1os y viv\u00eda en la granja colectiva Ein Hashlosh\u00e1, a 17 kil\u00f3metros de Gaza. En el ataque se incendi\u00f3 su casa y ella, que estaba en el cuarto de seguridad, no logr\u00f3 escapar. \u201cMe estoy quemando, me estoy ahogando\u201d, fue lo \u00faltimo que le dijo por tel\u00e9fono a su hijo.<\/h3>\n<h3>Rodolfo Fabi\u00e1n Skariszewski. Ten\u00eda 56 a\u00f1os, tres hijos y era oriunda de R\u00edo Cuarto, C\u00f3rdoba. \u201cRody\u201d, como lo llamaban en su entorno, viv\u00eda en Moshav Ohad, en el sur de Israel, a 15 minutos de la frontera con la Franja de Gaza.<\/h3>\n<p><img decoding=\"async\" class=\"wp-image-5389 aligncenter\" src=\"https:\/\/apuntesdesanluis.com\/wp-content\/uploads\/2023\/10\/cuatro-fallecidos-300x164.png\" alt=\"\" width=\"712\" height=\"389\" srcset=\"https:\/\/apuntesdesanluis.com\/wp-content\/uploads\/2023\/10\/cuatro-fallecidos-300x164.png 300w, https:\/\/apuntesdesanluis.com\/wp-content\/uploads\/2023\/10\/cuatro-fallecidos.png 678w\" sizes=\"(max-width: 712px) 100vw, 712px\" \/><\/p>\n<h4 style=\"text-align: center;\"><em>Rodolfo Fabi\u00e1n Skariszewski, Ronit Rudman, Abi Korin y Silvia Mirensky.<\/em><\/h4>\n","protected":false},"excerpt":{"rendered":"<p>Mat\u00edas Burstein, el hombre de 41 a\u00f1os y padre de dos nenas de 9 y&#8230;<\/p>\n","protected":false},"author":1,"featured_media":5390,"comment_status":"closed","ping_status":"closed","sticky":false,"template":"","format":"standard","meta":{"footnotes":""},"categories":[5],"tags":[],"class_list":["post-5388","post","type-post","status-publish","format-standard","has-post-thumbnail","hentry","category-nacionales-internacionales"],"yoast_head":"<!-- This site is optimized with the Yoast SEO plugin v26.1.1 - https:\/\/yoast.com\/wordpress\/plugins\/seo\/ -->\n<title>CONFIRMARON LA MUERTE DE OTRO ARGENTINO EN ISRAEL Y YA SON 8 LOS FALLECIDOS POR LOS ATAQUES DE HAMAS - Apuntes de San Luis<\/title>\n<meta name=\"robots\" content=\"index, follow, max-snippet:-1, max-image-preview:large, max-video-preview:-1\" \/>\n<link rel=\"canonical\" href=\"https:\/\/apuntesdesanluis.com\/index.php\/2023\/10\/18\/confirmaron-la-muerte-de-otro-argentino-en-israel-y-ya-son-8-los-fallecidos-por-los-ataques-de-hamas\/\" \/>\n<meta property=\"og:locale\" content=\"es_ES\" \/>\n<meta property=\"og:type\" content=\"article\" \/>\n<meta property=\"og:title\" content=\"CONFIRMARON LA MUERTE DE OTRO ARGENTINO EN ISRAEL Y YA SON 8 LOS FALLECIDOS POR LOS ATAQUES DE HAMAS - Apuntes de San Luis\" \/>\n<meta property=\"og:description\" content=\"Mat\u00edas Burstein, el hombre de 41 a\u00f1os y padre de dos nenas de 9 y...\" \/>\n<meta property=\"og:url\" content=\"https:\/\/apuntesdesanluis.com\/index.php\/2023\/10\/18\/confirmaron-la-muerte-de-otro-argentino-en-israel-y-ya-son-8-los-fallecidos-por-los-ataques-de-hamas\/\" \/>\n<meta property=\"og:site_name\" content=\"Apuntes de San Luis\" \/>\n<meta property=\"article:published_time\" content=\"2023-10-18T23:17:06+00:00\" \/>\n<meta property=\"og:image\" content=\"https:\/\/apuntesdesanluis.com\/wp-content\/uploads\/2023\/10\/matias.png\" \/>\n\t<meta property=\"og:image:width\" content=\"643\" \/>\n\t<meta property=\"og:image:height\" content=\"384\" \/>\n\t<meta property=\"og:image:type\" content=\"image\/png\" \/>\n<meta name=\"author\" content=\"apuntesdesanluis.com\" \/>\n<meta name=\"twitter:card\" content=\"summary_large_image\" \/>\n<meta name=\"twitter:label1\" content=\"Escrito por\" \/>\n\t<meta name=\"twitter:data1\" content=\"apuntesdesanluis.com\" \/>\n\t<meta name=\"twitter:label2\" content=\"Tiempo de lectura\" \/>\n\t<meta name=\"twitter:data2\" content=\"4 minutos\" \/>\n<script type=\"application\/ld+json\" class=\"yoast-schema-graph\">{\"@context\":\"https:\/\/schema.org\",\"@graph\":[{\"@type\":\"Article\",\"@id\":\"https:\/\/apuntesdesanluis.com\/index.php\/2023\/10\/18\/confirmaron-la-muerte-de-otro-argentino-en-israel-y-ya-son-8-los-fallecidos-por-los-ataques-de-hamas\/#article\",\"isPartOf\":{\"@id\":\"https:\/\/apuntesdesanluis.com\/index.php\/2023\/10\/18\/confirmaron-la-muerte-de-otro-argentino-en-israel-y-ya-son-8-los-fallecidos-por-los-ataques-de-hamas\/\"},\"author\":{\"name\":\"apuntesdesanluis.com\",\"@id\":\"https:\/\/apuntesdesanluis.com\/#\/schema\/person\/b55151d52296fcce64d1a72538a70b90\"},\"headline\":\"CONFIRMARON LA MUERTE DE OTRO ARGENTINO EN ISRAEL Y YA SON 8 LOS FALLECIDOS POR LOS ATAQUES DE HAMAS\",\"datePublished\":\"2023-10-18T23:17:06+00:00\",\"mainEntityOfPage\":{\"@id\":\"https:\/\/apuntesdesanluis.com\/index.php\/2023\/10\/18\/confirmaron-la-muerte-de-otro-argentino-en-israel-y-ya-son-8-los-fallecidos-por-los-ataques-de-hamas\/\"},\"wordCount\":633,\"publisher\":{\"@id\":\"https:\/\/apuntesdesanluis.com\/#\/schema\/person\/b55151d52296fcce64d1a72538a70b90\"},\"image\":{\"@id\":\"https:\/\/apuntesdesanluis.com\/index.php\/2023\/10\/18\/confirmaron-la-muerte-de-otro-argentino-en-israel-y-ya-son-8-los-fallecidos-por-los-ataques-de-hamas\/#primaryimage\"},\"thumbnailUrl\":\"https:\/\/apuntesdesanluis.com\/wp-content\/uploads\/2023\/10\/matias.png\",\"articleSection\":[\"Nacionales\/Internacionales\"],\"inLanguage\":\"es-AR\"},{\"@type\":\"WebPage\",\"@id\":\"https:\/\/apuntesdesanluis.com\/index.php\/2023\/10\/18\/confirmaron-la-muerte-de-otro-argentino-en-israel-y-ya-son-8-los-fallecidos-por-los-ataques-de-hamas\/\",\"url\":\"https:\/\/apuntesdesanluis.com\/index.php\/2023\/10\/18\/confirmaron-la-muerte-de-otro-argentino-en-israel-y-ya-son-8-los-fallecidos-por-los-ataques-de-hamas\/\",\"name\":\"CONFIRMARON LA MUERTE DE OTRO ARGENTINO EN ISRAEL Y YA SON 8 LOS FALLECIDOS POR LOS ATAQUES DE HAMAS - Apuntes de San Luis\",\"isPartOf\":{\"@id\":\"https:\/\/apuntesdesanluis.com\/#website\"},\"primaryImageOfPage\":{\"@id\":\"https:\/\/apuntesdesanluis.com\/index.php\/2023\/10\/18\/confirmaron-la-muerte-de-otro-argentino-en-israel-y-ya-son-8-los-fallecidos-por-los-ataques-de-hamas\/#primaryimage\"},\"image\":{\"@id\":\"https:\/\/apuntesdesanluis.com\/index.php\/2023\/10\/18\/confirmaron-la-muerte-de-otro-argentino-en-israel-y-ya-son-8-los-fallecidos-por-los-ataques-de-hamas\/#primaryimage\"},\"thumbnailUrl\":\"https:\/\/apuntesdesanluis.com\/wp-content\/uploads\/2023\/10\/matias.png\",\"datePublished\":\"2023-10-18T23:17:06+00:00\",\"breadcrumb\":{\"@id\":\"https:\/\/apuntesdesanluis.com\/index.php\/2023\/10\/18\/confirmaron-la-muerte-de-otro-argentino-en-israel-y-ya-son-8-los-fallecidos-por-los-ataques-de-hamas\/#breadcrumb\"},\"inLanguage\":\"es-AR\",\"potentialAction\":[{\"@type\":\"ReadAction\",\"target\":[\"https:\/\/apuntesdesanluis.com\/index.php\/2023\/10\/18\/confirmaron-la-muerte-de-otro-argentino-en-israel-y-ya-son-8-los-fallecidos-por-los-ataques-de-hamas\/\"]}]},{\"@type\":\"ImageObject\",\"inLanguage\":\"es-AR\",\"@id\":\"https:\/\/apuntesdesanluis.com\/index.php\/2023\/10\/18\/confirmaron-la-muerte-de-otro-argentino-en-israel-y-ya-son-8-los-fallecidos-por-los-ataques-de-hamas\/#primaryimage\",\"url\":\"https:\/\/apuntesdesanluis.com\/wp-content\/uploads\/2023\/10\/matias.png\",\"contentUrl\":\"https:\/\/apuntesdesanluis.com\/wp-content\/uploads\/2023\/10\/matias.png\",\"width\":643,\"height\":384},{\"@type\":\"BreadcrumbList\",\"@id\":\"https:\/\/apuntesdesanluis.com\/index.php\/2023\/10\/18\/confirmaron-la-muerte-de-otro-argentino-en-israel-y-ya-son-8-los-fallecidos-por-los-ataques-de-hamas\/#breadcrumb\",\"itemListElement\":[{\"@type\":\"ListItem\",\"position\":1,\"name\":\"Inicio\",\"item\":\"https:\/\/apuntesdesanluis.com\/\"},{\"@type\":\"ListItem\",\"position\":2,\"name\":\"CONFIRMARON LA MUERTE DE OTRO ARGENTINO EN ISRAEL Y YA SON 8 LOS FALLECIDOS POR LOS ATAQUES DE HAMAS\"}]},{\"@type\":\"WebSite\",\"@id\":\"https:\/\/apuntesdesanluis.com\/#website\",\"url\":\"https:\/\/apuntesdesanluis.com\/\",\"name\":\"Apuntes de San Luis\",\"description\":\"\",\"publisher\":{\"@id\":\"https:\/\/apuntesdesanluis.com\/#\/schema\/person\/b55151d52296fcce64d1a72538a70b90\"},\"potentialAction\":[{\"@type\":\"SearchAction\",\"target\":{\"@type\":\"EntryPoint\",\"urlTemplate\":\"https:\/\/apuntesdesanluis.com\/?s={search_term_string}\"},\"query-input\":{\"@type\":\"PropertyValueSpecification\",\"valueRequired\":true,\"valueName\":\"search_term_string\"}}],\"inLanguage\":\"es-AR\"},{\"@type\":[\"Person\",\"Organization\"],\"@id\":\"https:\/\/apuntesdesanluis.com\/#\/schema\/person\/b55151d52296fcce64d1a72538a70b90\",\"name\":\"apuntesdesanluis.com\",\"image\":{\"@type\":\"ImageObject\",\"inLanguage\":\"es-AR\",\"@id\":\"https:\/\/apuntesdesanluis.com\/#\/schema\/person\/image\/\",\"url\":\"https:\/\/apuntesdesanluis.com\/wp-content\/uploads\/2023\/07\/cropped-apuntesdesanluis.png\",\"contentUrl\":\"https:\/\/apuntesdesanluis.com\/wp-content\/uploads\/2023\/07\/cropped-apuntesdesanluis.png\",\"width\":450,\"height\":112,\"caption\":\"apuntesdesanluis.com\"},\"logo\":{\"@id\":\"https:\/\/apuntesdesanluis.com\/#\/schema\/person\/image\/\"},\"sameAs\":[\"https:\/\/apuntesdesanluis.com\"],\"url\":\"https:\/\/apuntesdesanluis.com\/index.php\/author\/apuntesdesanluis-com\/\"}]}<\/script>\n<!-- \/ Yoast SEO plugin. -->","yoast_head_json":{"title":"CONFIRMARON LA MUERTE DE OTRO ARGENTINO EN ISRAEL Y YA SON 8 LOS FALLECIDOS POR LOS ATAQUES DE HAMAS - Apuntes de San Luis","robots":{"index":"index","follow":"follow","max-snippet":"max-snippet:-1","max-image-preview":"max-image-preview:large","max-video-preview":"max-video-preview:-1"},"canonical":"https:\/\/apuntesdesanluis.com\/index.php\/2023\/10\/18\/confirmaron-la-muerte-de-otro-argentino-en-israel-y-ya-son-8-los-fallecidos-por-los-ataques-de-hamas\/","og_locale":"es_ES","og_type":"article","og_title":"CONFIRMARON LA MUERTE DE OTRO ARGENTINO EN ISRAEL Y YA SON 8 LOS FALLECIDOS POR LOS ATAQUES DE HAMAS - Apuntes de San Luis","og_description":"Mat\u00edas Burstein, el hombre de 41 a\u00f1os y padre de dos nenas de 9 y...","og_url":"https:\/\/apuntesdesanluis.com\/index.php\/2023\/10\/18\/confirmaron-la-muerte-de-otro-argentino-en-israel-y-ya-son-8-los-fallecidos-por-los-ataques-de-hamas\/","og_site_name":"Apuntes de San Luis","article_published_time":"2023-10-18T23:17:06+00:00","og_image":[{"width":643,"height":384,"url":"https:\/\/apuntesdesanluis.com\/wp-content\/uploads\/2023\/10\/matias.png","type":"image\/png"}],"author":"apuntesdesanluis.com","twitter_card":"summary_large_image","twitter_misc":{"Escrito por":"apuntesdesanluis.com","Tiempo de lectura":"4 minutos"},"schema":{"@context":"https:\/\/schema.org","@graph":[{"@type":"Article","@id":"https:\/\/apuntesdesanluis.com\/index.php\/2023\/10\/18\/confirmaron-la-muerte-de-otro-argentino-en-israel-y-ya-son-8-los-fallecidos-por-los-ataques-de-hamas\/#article","isPartOf":{"@id":"https:\/\/apuntesdesanluis.com\/index.php\/2023\/10\/18\/confirmaron-la-muerte-de-otro-argentino-en-israel-y-ya-son-8-los-fallecidos-por-los-ataques-de-hamas\/"},"author":{"name":"apuntesdesanluis.com","@id":"https:\/\/apuntesdesanluis.com\/#\/schema\/person\/b55151d52296fcce64d1a72538a70b90"},"headline":"CONFIRMARON LA MUERTE DE OTRO ARGENTINO EN ISRAEL Y YA SON 8 LOS FALLECIDOS POR LOS ATAQUES DE HAMAS","datePublished":"2023-10-18T23:17:06+00:00","mainEntityOfPage":{"@id":"https:\/\/apuntesdesanluis.com\/index.php\/2023\/10\/18\/confirmaron-la-muerte-de-otro-argentino-en-israel-y-ya-son-8-los-fallecidos-por-los-ataques-de-hamas\/"},"wordCount":633,"publisher":{"@id":"https:\/\/apuntesdesanluis.com\/#\/schema\/person\/b55151d52296fcce64d1a72538a70b90"},"image":{"@id":"https:\/\/apuntesdesanluis.com\/index.php\/2023\/10\/18\/confirmaron-la-muerte-de-otro-argentino-en-israel-y-ya-son-8-los-fallecidos-por-los-ataques-de-hamas\/#primaryimage"},"thumbnailUrl":"https:\/\/apuntesdesanluis.com\/wp-content\/uploads\/2023\/10\/matias.png","articleSection":["Nacionales\/Internacionales"],"inLanguage":"es-AR"},{"@type":"WebPage","@id":"https:\/\/apuntesdesanluis.com\/index.php\/2023\/10\/18\/confirmaron-la-muerte-de-otro-argentino-en-israel-y-ya-son-8-los-fallecidos-por-los-ataques-de-hamas\/","url":"https:\/\/apuntesdesanluis.com\/index.php\/2023\/10\/18\/confirmaron-la-muerte-de-otro-argentino-en-israel-y-ya-son-8-los-fallecidos-por-los-ataques-de-hamas\/","name":"CONFIRMARON LA MUERTE DE OTRO ARGENTINO EN ISRAEL Y YA SON 8 LOS FALLECIDOS POR LOS ATAQUES DE HAMAS - Apuntes de San Luis","isPartOf":{"@id":"https:\/\/apuntesdesanluis.com\/#website"},"primaryImageOfPage":{"@id":"https:\/\/apuntesdesanluis.com\/index.php\/2023\/10\/18\/confirmaron-la-muerte-de-otro-argentino-en-israel-y-ya-son-8-los-fallecidos-por-los-ataques-de-hamas\/#primaryimage"},"image":{"@id":"https:\/\/apuntesdesanluis.com\/index.php\/2023\/10\/18\/confirmaron-la-muerte-de-otro-argentino-en-israel-y-ya-son-8-los-fallecidos-por-los-ataques-de-hamas\/#primaryimage"},"thumbnailUrl":"https:\/\/apuntesdesanluis.com\/wp-content\/uploads\/2023\/10\/matias.png","datePublished":"2023-10-18T23:17:06+00:00","breadcrumb":{"@id":"https:\/\/apuntesdesanluis.com\/index.php\/2023\/10\/18\/confirmaron-la-muerte-de-otro-argentino-en-israel-y-ya-son-8-los-fallecidos-por-los-ataques-de-hamas\/#breadcrumb"},"inLanguage":"es-AR","potentialAction":[{"@type":"ReadAction","target":["https:\/\/apuntesdesanluis.com\/index.php\/2023\/10\/18\/confirmaron-la-muerte-de-otro-argentino-en-israel-y-ya-son-8-los-fallecidos-por-los-ataques-de-hamas\/"]}]},{"@type":"ImageObject","inLanguage":"es-AR","@id":"https:\/\/apuntesdesanluis.com\/index.php\/2023\/10\/18\/confirmaron-la-muerte-de-otro-argentino-en-israel-y-ya-son-8-los-fallecidos-por-los-ataques-de-hamas\/#primaryimage","url":"https:\/\/apuntesdesanluis.com\/wp-content\/uploads\/2023\/10\/matias.png","contentUrl":"https:\/\/apuntesdesanluis.com\/wp-content\/uploads\/2023\/10\/matias.png","width":643,"height":384},{"@type":"BreadcrumbList","@id":"https:\/\/apuntesdesanluis.com\/index.php\/2023\/10\/18\/confirmaron-la-muerte-de-otro-argentino-en-israel-y-ya-son-8-los-fallecidos-por-los-ataques-de-hamas\/#breadcrumb","itemListElement":[{"@type":"ListItem","position":1,"name":"Inicio","item":"https:\/\/apuntesdesanluis.com\/"},{"@type":"ListItem","position":2,"name":"CONFIRMARON LA MUERTE DE OTRO ARGENTINO EN ISRAEL Y YA SON 8 LOS FALLECIDOS POR LOS ATAQUES DE HAMAS"}]},{"@type":"WebSite","@id":"https:\/\/apuntesdesanluis.com\/#website","url":"https:\/\/apuntesdesanluis.com\/","name":"Apuntes de San Luis","description":"","publisher":{"@id":"https:\/\/apuntesdesanluis.com\/#\/schema\/person\/b55151d52296fcce64d1a72538a70b90"},"potentialAction":[{"@type":"SearchAction","target":{"@type":"EntryPoint","urlTemplate":"https:\/\/apuntesdesanluis.com\/?s={search_term_string}"},"query-input":{"@type":"PropertyValueSpecification","valueRequired":true,"valueName":"search_term_string"}}],"inLanguage":"es-AR"},{"@type":["Person","Organization"],"@id":"https:\/\/apuntesdesanluis.com\/#\/schema\/person\/b55151d52296fcce64d1a72538a70b90","name":"apuntesdesanluis.com","image":{"@type":"ImageObject","inLanguage":"es-AR","@id":"https:\/\/apuntesdesanluis.com\/#\/schema\/person\/image\/","url":"https:\/\/apuntesdesanluis.com\/wp-content\/uploads\/2023\/07\/cropped-apuntesdesanluis.png","contentUrl":"https:\/\/apuntesdesanluis.com\/wp-content\/uploads\/2023\/07\/cropped-apuntesdesanluis.png","width":450,"height":112,"caption":"apuntesdesanluis.com"},"logo":{"@id":"https:\/\/apuntesdesanluis.com\/#\/schema\/person\/image\/"},"sameAs":["https:\/\/apuntesdesanluis.com"],"url":"https:\/\/apuntesdesanluis.com\/index.php\/author\/apuntesdesanluis-com\/"}]}},"featured_image_urls":{"full":["https:\/\/apuntesdesanluis.com\/wp-content\/uploads\/2023\/10\/matias.png",643,384,false],"thumbnail":["https:\/\/apuntesdesanluis.com\/wp-content\/uploads\/2023\/10\/matias-150x150.png",150,150,true],"medium":["https:\/\/apuntesdesanluis.com\/wp-content\/uploads\/2023\/10\/matias-300x179.png",300,179,true],"medium_large":["https:\/\/apuntesdesanluis.com\/wp-content\/uploads\/2023\/10\/matias.png",640,382,false],"large":["https:\/\/apuntesdesanluis.com\/wp-content\/uploads\/2023\/10\/matias.png",640,382,false],"1536x1536":["https:\/\/apuntesdesanluis.com\/wp-content\/uploads\/2023\/10\/matias.png",643,384,false],"2048x2048":["https:\/\/apuntesdesanluis.com\/wp-content\/uploads\/2023\/10\/matias.png",643,384,false],"newsever-slider-full":["https:\/\/apuntesdesanluis.com\/wp-content\/uploads\/2023\/10\/matias.png",643,384,false],"newsever-featured":["https:\/\/apuntesdesanluis.com\/wp-content\/uploads\/2023\/10\/matias.png",643,384,false],"newsever-medium":["https:\/\/apuntesdesanluis.com\/wp-content\/uploads\/2023\/10\/matias.png",643,384,false]},"author_info":{"display_name":"apuntesdesanluis.com","author_link":"https:\/\/apuntesdesanluis.com\/index.php\/author\/apuntesdesanluis-com\/"},"category_info":"<a href=\"https:\/\/apuntesdesanluis.com\/index.php\/category\/nacionales-internacionales\/\" rel=\"category tag\">Nacionales\/Internacionales<\/a>","tag_info":"Nacionales\/Internacionales","comment_count":"0","_links":{"self":[{"href":"https:\/\/apuntesdesanluis.com\/index.php\/wp-json\/wp\/v2\/posts\/5388","targetHints":{"allow":["GET"]}}],"collection":[{"href":"https:\/\/apuntesdesanluis.com\/index.php\/wp-json\/wp\/v2\/posts"}],"about":[{"href":"https:\/\/apuntesdesanluis.com\/index.php\/wp-json\/wp\/v2\/types\/post"}],"author":[{"embeddable":true,"href":"https:\/\/apuntesdesanluis.com\/index.php\/wp-json\/wp\/v2\/users\/1"}],"replies":[{"embeddable":true,"href":"https:\/\/apuntesdesanluis.com\/index.php\/wp-json\/wp\/v2\/comments?post=5388"}],"version-history":[{"count":1,"href":"https:\/\/apuntesdesanluis.com\/index.php\/wp-json\/wp\/v2\/posts\/5388\/revisions"}],"predecessor-version":[{"id":5392,"href":"https:\/\/apuntesdesanluis.com\/index.php\/wp-json\/wp\/v2\/posts\/5388\/revisions\/5392"}],"wp:featuredmedia":[{"embeddable":true,"href":"https:\/\/apuntesdesanluis.com\/index.php\/wp-json\/wp\/v2\/media\/5390"}],"wp:attachment":[{"href":"https:\/\/apuntesdesanluis.com\/index.php\/wp-json\/wp\/v2\/media?parent=5388"}],"wp:term":[{"taxonomy":"category","embeddable":true,"href":"https:\/\/apuntesdesanluis.com\/index.php\/wp-json\/wp\/v2\/categories?post=5388"},{"taxonomy":"post_tag","embeddable":true,"href":"https:\/\/apuntesdesanluis.com\/index.php\/wp-json\/wp\/v2\/tags?post=5388"}],"curies":[{"name":"wp","href":"https:\/\/api.w.org\/{rel}","templated":true}]}}