{"id":5401,"date":"2023-10-18T20:39:57","date_gmt":"2023-10-18T23:39:57","guid":{"rendered":"https:\/\/apuntesdesanluis.com\/?p=5401"},"modified":"2023-10-18T20:44:16","modified_gmt":"2023-10-18T23:44:16","slug":"jovenes-investigadoras-de-la-unsl-fueron-distinguidas-en-jornadas-latinoamericanas","status":"publish","type":"post","link":"https:\/\/apuntesdesanluis.com\/index.php\/2023\/10\/18\/jovenes-investigadoras-de-la-unsl-fueron-distinguidas-en-jornadas-latinoamericanas\/","title":{"rendered":"J\u00d3VENES INVESTIGADORAS DE LA UNSL FUERON DISTINGUIDAS EN JORNADAS LATINOAMERICANAS"},"content":{"rendered":"<h3><strong>Ana Victoria Mugnani<\/strong> (FCS) y <strong>Lourdes Solange Vilchez Celi<\/strong> (FCEJS), recibieron una distinci\u00f3n especial en sus presentaciones orales en los ejes Aguas, y Ciencias pol\u00edticas y sociales, respectivamente. M\u00e1s de 800 representantes de Argentina, Bolivia, Brasil, Chile, Paraguay y Uruguay formaron parte de este evento que se realiza de manera ininterrumpida desde 1993.<\/h3>\n<h3>La edici\u00f3n n\u00famero 30\u00b0 de las Jornadas de J\u00f3venes Investigadores de la Asociaci\u00f3n de Universidades Grupo Montevideo (AUGM), cont\u00f3 con la presencia de 12 estudiantes de grado y posgrado de la Universidad Nacional de San Luis (UNSL), que participaron de los diferentes ejes tem\u00e1ticos.<\/h3>\n<h3>Se trata de uno de los programas con mayor trayectoria de la red y est\u00e1n orientadas a promover el temprano relacionamiento entre j\u00f3venes cient\u00edficos\/as de los pa\u00edses de la regi\u00f3n, para impulsar su integraci\u00f3n en los trabajos que se realizan. Se destaca por habilitar el desarrollo de redes interpersonales y de car\u00e1cter cient\u00edfico tecnol\u00f3gico, cuyo entramado fundamenta la constituci\u00f3n de grupos regionales de investigaci\u00f3n cient\u00edfica.<\/h3>\n<p><img fetchpriority=\"high\" decoding=\"async\" class=\"wp-image-5403 aligncenter\" src=\"https:\/\/apuntesdesanluis.com\/wp-content\/uploads\/2023\/10\/grupal-300x223.png\" alt=\"\" width=\"833\" height=\"619\" srcset=\"https:\/\/apuntesdesanluis.com\/wp-content\/uploads\/2023\/10\/grupal-300x223.png 300w, https:\/\/apuntesdesanluis.com\/wp-content\/uploads\/2023\/10\/grupal.png 600w\" sizes=\"(max-width: 833px) 100vw, 833px\" \/><\/p>\n<h3>El evento se llev\u00f3 a cabo bajo la consigna Investigaci\u00f3n cient\u00edfica sustentable para una mejor calidad de vida. En total se presentaron 665 trabajos que fueron expuestos en formato oral y poster, organizados en 32 temas y 4 ejes. Durante los tres (3) d\u00edas que dur\u00f3 la actividad fueron evaluados por 193 evaluadores y evaluadoras de la Universidad Nacional de Asunci\u00f3n (UNA) y 63 de otras universidades miembro de la red, quienes distinguieron a m\u00e1s de 130 trabajos.<\/h3>\n<h3>Vilchez Celi fue distinguida por su trabajo Los proyectos legislativos de eutanasia a la luz de los derechos humanos, propuesta realizada bajo la orientaci\u00f3n del Dr. Manuel Francisco Serrano, en su presentaci\u00f3n oral dentro del eje Ciencias Pol\u00edticas y Sociales.<\/h3>\n<h3>Por su parte, Mugnani fue reconocida por su presentaci\u00f3n oral en el eje Aguas, denominada Comparaci\u00f3n de la cantidad de ars\u00e9nico absorbido en arroz pulido tipo largo fino, con dos procesos industriales distintos, cocidos por calor h\u00famedo con diferentes proporciones de agua de la localidad de Lavaisse, provincia de San Luis, trabajo realizado en coautor\u00eda con Mar\u00eda Laura Villegas, Mar\u00eda del Valle Saa, Daniela Curvale, Mar\u00eda Agustina Romero Vieyra, Martha Barroso Quiroga.<\/h3>\n<p>&nbsp;<\/p>\n<p>&nbsp;<\/p>\n<p>&nbsp;<\/p>\n","protected":false},"excerpt":{"rendered":"<p>Ana Victoria Mugnani (FCS) y Lourdes Solange Vilchez Celi (FCEJS), recibieron una distinci\u00f3n especial en&#8230;<\/p>\n","protected":false},"author":1,"featured_media":5402,"comment_status":"closed","ping_status":"closed","sticky":false,"template":"","format":"standard","meta":{"footnotes":""},"categories":[6],"tags":[],"class_list":["post-5401","post","type-post","status-publish","format-standard","has-post-thumbnail","hentry","category-ciudad-provincia"],"yoast_head":"<!-- This site is optimized with the Yoast SEO plugin v26.1.1 - https:\/\/yoast.com\/wordpress\/plugins\/seo\/ -->\n<title>J\u00d3VENES INVESTIGADORAS DE LA UNSL FUERON DISTINGUIDAS EN JORNADAS LATINOAMERICANAS - Apuntes de San Luis<\/title>\n<meta name=\"robots\" content=\"index, follow, max-snippet:-1, max-image-preview:large, max-video-preview:-1\" \/>\n<link rel=\"canonical\" href=\"https:\/\/apuntesdesanluis.com\/index.php\/2023\/10\/18\/jovenes-investigadoras-de-la-unsl-fueron-distinguidas-en-jornadas-latinoamericanas\/\" \/>\n<meta property=\"og:locale\" content=\"es_ES\" \/>\n<meta property=\"og:type\" content=\"article\" \/>\n<meta property=\"og:title\" content=\"J\u00d3VENES INVESTIGADORAS DE LA UNSL FUERON DISTINGUIDAS EN JORNADAS LATINOAMERICANAS - Apuntes de San Luis\" \/>\n<meta property=\"og:description\" content=\"Ana Victoria Mugnani (FCS) y Lourdes Solange Vilchez Celi (FCEJS), recibieron una distinci\u00f3n especial en...\" \/>\n<meta property=\"og:url\" content=\"https:\/\/apuntesdesanluis.com\/index.php\/2023\/10\/18\/jovenes-investigadoras-de-la-unsl-fueron-distinguidas-en-jornadas-latinoamericanas\/\" \/>\n<meta property=\"og:site_name\" content=\"Apuntes de San Luis\" \/>\n<meta property=\"article:published_time\" content=\"2023-10-18T23:39:57+00:00\" \/>\n<meta property=\"article:modified_time\" content=\"2023-10-18T23:44:16+00:00\" \/>\n<meta property=\"og:image\" content=\"https:\/\/apuntesdesanluis.com\/wp-content\/uploads\/2023\/10\/chicas-tapa.png\" \/>\n\t<meta property=\"og:image:width\" content=\"600\" \/>\n\t<meta property=\"og:image:height\" content=\"329\" \/>\n\t<meta property=\"og:image:type\" content=\"image\/png\" \/>\n<meta name=\"author\" content=\"apuntesdesanluis.com\" \/>\n<meta name=\"twitter:card\" content=\"summary_large_image\" \/>\n<meta name=\"twitter:label1\" content=\"Escrito por\" \/>\n\t<meta name=\"twitter:data1\" content=\"apuntesdesanluis.com\" \/>\n\t<meta name=\"twitter:label2\" content=\"Tiempo de lectura\" \/>\n\t<meta name=\"twitter:data2\" content=\"2 minutos\" \/>\n<script type=\"application\/ld+json\" class=\"yoast-schema-graph\">{\"@context\":\"https:\/\/schema.org\",\"@graph\":[{\"@type\":\"Article\",\"@id\":\"https:\/\/apuntesdesanluis.com\/index.php\/2023\/10\/18\/jovenes-investigadoras-de-la-unsl-fueron-distinguidas-en-jornadas-latinoamericanas\/#article\",\"isPartOf\":{\"@id\":\"https:\/\/apuntesdesanluis.com\/index.php\/2023\/10\/18\/jovenes-investigadoras-de-la-unsl-fueron-distinguidas-en-jornadas-latinoamericanas\/\"},\"author\":{\"name\":\"apuntesdesanluis.com\",\"@id\":\"https:\/\/apuntesdesanluis.com\/#\/schema\/person\/b55151d52296fcce64d1a72538a70b90\"},\"headline\":\"J\u00d3VENES INVESTIGADORAS DE LA UNSL FUERON DISTINGUIDAS EN JORNADAS LATINOAMERICANAS\",\"datePublished\":\"2023-10-18T23:39:57+00:00\",\"dateModified\":\"2023-10-18T23:44:16+00:00\",\"mainEntityOfPage\":{\"@id\":\"https:\/\/apuntesdesanluis.com\/index.php\/2023\/10\/18\/jovenes-investigadoras-de-la-unsl-fueron-distinguidas-en-jornadas-latinoamericanas\/\"},\"wordCount\":392,\"publisher\":{\"@id\":\"https:\/\/apuntesdesanluis.com\/#\/schema\/person\/b55151d52296fcce64d1a72538a70b90\"},\"image\":{\"@id\":\"https:\/\/apuntesdesanluis.com\/index.php\/2023\/10\/18\/jovenes-investigadoras-de-la-unsl-fueron-distinguidas-en-jornadas-latinoamericanas\/#primaryimage\"},\"thumbnailUrl\":\"https:\/\/apuntesdesanluis.com\/wp-content\/uploads\/2023\/10\/chicas-tapa.png\",\"articleSection\":[\"Ciudad\/Provincia\"],\"inLanguage\":\"es-AR\"},{\"@type\":\"WebPage\",\"@id\":\"https:\/\/apuntesdesanluis.com\/index.php\/2023\/10\/18\/jovenes-investigadoras-de-la-unsl-fueron-distinguidas-en-jornadas-latinoamericanas\/\",\"url\":\"https:\/\/apuntesdesanluis.com\/index.php\/2023\/10\/18\/jovenes-investigadoras-de-la-unsl-fueron-distinguidas-en-jornadas-latinoamericanas\/\",\"name\":\"J\u00d3VENES INVESTIGADORAS DE LA UNSL FUERON DISTINGUIDAS EN JORNADAS LATINOAMERICANAS - Apuntes de San Luis\",\"isPartOf\":{\"@id\":\"https:\/\/apuntesdesanluis.com\/#website\"},\"primaryImageOfPage\":{\"@id\":\"https:\/\/apuntesdesanluis.com\/index.php\/2023\/10\/18\/jovenes-investigadoras-de-la-unsl-fueron-distinguidas-en-jornadas-latinoamericanas\/#primaryimage\"},\"image\":{\"@id\":\"https:\/\/apuntesdesanluis.com\/index.php\/2023\/10\/18\/jovenes-investigadoras-de-la-unsl-fueron-distinguidas-en-jornadas-latinoamericanas\/#primaryimage\"},\"thumbnailUrl\":\"https:\/\/apuntesdesanluis.com\/wp-content\/uploads\/2023\/10\/chicas-tapa.png\",\"datePublished\":\"2023-10-18T23:39:57+00:00\",\"dateModified\":\"2023-10-18T23:44:16+00:00\",\"breadcrumb\":{\"@id\":\"https:\/\/apuntesdesanluis.com\/index.php\/2023\/10\/18\/jovenes-investigadoras-de-la-unsl-fueron-distinguidas-en-jornadas-latinoamericanas\/#breadcrumb\"},\"inLanguage\":\"es-AR\",\"potentialAction\":[{\"@type\":\"ReadAction\",\"target\":[\"https:\/\/apuntesdesanluis.com\/index.php\/2023\/10\/18\/jovenes-investigadoras-de-la-unsl-fueron-distinguidas-en-jornadas-latinoamericanas\/\"]}]},{\"@type\":\"ImageObject\",\"inLanguage\":\"es-AR\",\"@id\":\"https:\/\/apuntesdesanluis.com\/index.php\/2023\/10\/18\/jovenes-investigadoras-de-la-unsl-fueron-distinguidas-en-jornadas-latinoamericanas\/#primaryimage\",\"url\":\"https:\/\/apuntesdesanluis.com\/wp-content\/uploads\/2023\/10\/chicas-tapa.png\",\"contentUrl\":\"https:\/\/apuntesdesanluis.com\/wp-content\/uploads\/2023\/10\/chicas-tapa.png\",\"width\":600,\"height\":329},{\"@type\":\"BreadcrumbList\",\"@id\":\"https:\/\/apuntesdesanluis.com\/index.php\/2023\/10\/18\/jovenes-investigadoras-de-la-unsl-fueron-distinguidas-en-jornadas-latinoamericanas\/#breadcrumb\",\"itemListElement\":[{\"@type\":\"ListItem\",\"position\":1,\"name\":\"Inicio\",\"item\":\"https:\/\/apuntesdesanluis.com\/\"},{\"@type\":\"ListItem\",\"position\":2,\"name\":\"J\u00d3VENES INVESTIGADORAS DE LA UNSL FUERON DISTINGUIDAS EN JORNADAS LATINOAMERICANAS\"}]},{\"@type\":\"WebSite\",\"@id\":\"https:\/\/apuntesdesanluis.com\/#website\",\"url\":\"https:\/\/apuntesdesanluis.com\/\",\"name\":\"Apuntes de San Luis\",\"description\":\"\",\"publisher\":{\"@id\":\"https:\/\/apuntesdesanluis.com\/#\/schema\/person\/b55151d52296fcce64d1a72538a70b90\"},\"potentialAction\":[{\"@type\":\"SearchAction\",\"target\":{\"@type\":\"EntryPoint\",\"urlTemplate\":\"https:\/\/apuntesdesanluis.com\/?s={search_term_string}\"},\"query-input\":{\"@type\":\"PropertyValueSpecification\",\"valueRequired\":true,\"valueName\":\"search_term_string\"}}],\"inLanguage\":\"es-AR\"},{\"@type\":[\"Person\",\"Organization\"],\"@id\":\"https:\/\/apuntesdesanluis.com\/#\/schema\/person\/b55151d52296fcce64d1a72538a70b90\",\"name\":\"apuntesdesanluis.com\",\"image\":{\"@type\":\"ImageObject\",\"inLanguage\":\"es-AR\",\"@id\":\"https:\/\/apuntesdesanluis.com\/#\/schema\/person\/image\/\",\"url\":\"https:\/\/apuntesdesanluis.com\/wp-content\/uploads\/2023\/07\/cropped-apuntesdesanluis.png\",\"contentUrl\":\"https:\/\/apuntesdesanluis.com\/wp-content\/uploads\/2023\/07\/cropped-apuntesdesanluis.png\",\"width\":450,\"height\":112,\"caption\":\"apuntesdesanluis.com\"},\"logo\":{\"@id\":\"https:\/\/apuntesdesanluis.com\/#\/schema\/person\/image\/\"},\"sameAs\":[\"https:\/\/apuntesdesanluis.com\"],\"url\":\"https:\/\/apuntesdesanluis.com\/index.php\/author\/apuntesdesanluis-com\/\"}]}<\/script>\n<!-- \/ Yoast SEO plugin. -->","yoast_head_json":{"title":"J\u00d3VENES INVESTIGADORAS DE LA UNSL FUERON DISTINGUIDAS EN JORNADAS LATINOAMERICANAS - Apuntes de San Luis","robots":{"index":"index","follow":"follow","max-snippet":"max-snippet:-1","max-image-preview":"max-image-preview:large","max-video-preview":"max-video-preview:-1"},"canonical":"https:\/\/apuntesdesanluis.com\/index.php\/2023\/10\/18\/jovenes-investigadoras-de-la-unsl-fueron-distinguidas-en-jornadas-latinoamericanas\/","og_locale":"es_ES","og_type":"article","og_title":"J\u00d3VENES INVESTIGADORAS DE LA UNSL FUERON DISTINGUIDAS EN JORNADAS LATINOAMERICANAS - Apuntes de San Luis","og_description":"Ana Victoria Mugnani (FCS) y Lourdes Solange Vilchez Celi (FCEJS), recibieron una distinci\u00f3n especial en...","og_url":"https:\/\/apuntesdesanluis.com\/index.php\/2023\/10\/18\/jovenes-investigadoras-de-la-unsl-fueron-distinguidas-en-jornadas-latinoamericanas\/","og_site_name":"Apuntes de San Luis","article_published_time":"2023-10-18T23:39:57+00:00","article_modified_time":"2023-10-18T23:44:16+00:00","og_image":[{"width":600,"height":329,"url":"https:\/\/apuntesdesanluis.com\/wp-content\/uploads\/2023\/10\/chicas-tapa.png","type":"image\/png"}],"author":"apuntesdesanluis.com","twitter_card":"summary_large_image","twitter_misc":{"Escrito por":"apuntesdesanluis.com","Tiempo de lectura":"2 minutos"},"schema":{"@context":"https:\/\/schema.org","@graph":[{"@type":"Article","@id":"https:\/\/apuntesdesanluis.com\/index.php\/2023\/10\/18\/jovenes-investigadoras-de-la-unsl-fueron-distinguidas-en-jornadas-latinoamericanas\/#article","isPartOf":{"@id":"https:\/\/apuntesdesanluis.com\/index.php\/2023\/10\/18\/jovenes-investigadoras-de-la-unsl-fueron-distinguidas-en-jornadas-latinoamericanas\/"},"author":{"name":"apuntesdesanluis.com","@id":"https:\/\/apuntesdesanluis.com\/#\/schema\/person\/b55151d52296fcce64d1a72538a70b90"},"headline":"J\u00d3VENES INVESTIGADORAS DE LA UNSL FUERON DISTINGUIDAS EN JORNADAS LATINOAMERICANAS","datePublished":"2023-10-18T23:39:57+00:00","dateModified":"2023-10-18T23:44:16+00:00","mainEntityOfPage":{"@id":"https:\/\/apuntesdesanluis.com\/index.php\/2023\/10\/18\/jovenes-investigadoras-de-la-unsl-fueron-distinguidas-en-jornadas-latinoamericanas\/"},"wordCount":392,"publisher":{"@id":"https:\/\/apuntesdesanluis.com\/#\/schema\/person\/b55151d52296fcce64d1a72538a70b90"},"image":{"@id":"https:\/\/apuntesdesanluis.com\/index.php\/2023\/10\/18\/jovenes-investigadoras-de-la-unsl-fueron-distinguidas-en-jornadas-latinoamericanas\/#primaryimage"},"thumbnailUrl":"https:\/\/apuntesdesanluis.com\/wp-content\/uploads\/2023\/10\/chicas-tapa.png","articleSection":["Ciudad\/Provincia"],"inLanguage":"es-AR"},{"@type":"WebPage","@id":"https:\/\/apuntesdesanluis.com\/index.php\/2023\/10\/18\/jovenes-investigadoras-de-la-unsl-fueron-distinguidas-en-jornadas-latinoamericanas\/","url":"https:\/\/apuntesdesanluis.com\/index.php\/2023\/10\/18\/jovenes-investigadoras-de-la-unsl-fueron-distinguidas-en-jornadas-latinoamericanas\/","name":"J\u00d3VENES INVESTIGADORAS DE LA UNSL FUERON DISTINGUIDAS EN JORNADAS LATINOAMERICANAS - Apuntes de San Luis","isPartOf":{"@id":"https:\/\/apuntesdesanluis.com\/#website"},"primaryImageOfPage":{"@id":"https:\/\/apuntesdesanluis.com\/index.php\/2023\/10\/18\/jovenes-investigadoras-de-la-unsl-fueron-distinguidas-en-jornadas-latinoamericanas\/#primaryimage"},"image":{"@id":"https:\/\/apuntesdesanluis.com\/index.php\/2023\/10\/18\/jovenes-investigadoras-de-la-unsl-fueron-distinguidas-en-jornadas-latinoamericanas\/#primaryimage"},"thumbnailUrl":"https:\/\/apuntesdesanluis.com\/wp-content\/uploads\/2023\/10\/chicas-tapa.png","datePublished":"2023-10-18T23:39:57+00:00","dateModified":"2023-10-18T23:44:16+00:00","breadcrumb":{"@id":"https:\/\/apuntesdesanluis.com\/index.php\/2023\/10\/18\/jovenes-investigadoras-de-la-unsl-fueron-distinguidas-en-jornadas-latinoamericanas\/#breadcrumb"},"inLanguage":"es-AR","potentialAction":[{"@type":"ReadAction","target":["https:\/\/apuntesdesanluis.com\/index.php\/2023\/10\/18\/jovenes-investigadoras-de-la-unsl-fueron-distinguidas-en-jornadas-latinoamericanas\/"]}]},{"@type":"ImageObject","inLanguage":"es-AR","@id":"https:\/\/apuntesdesanluis.com\/index.php\/2023\/10\/18\/jovenes-investigadoras-de-la-unsl-fueron-distinguidas-en-jornadas-latinoamericanas\/#primaryimage","url":"https:\/\/apuntesdesanluis.com\/wp-content\/uploads\/2023\/10\/chicas-tapa.png","contentUrl":"https:\/\/apuntesdesanluis.com\/wp-content\/uploads\/2023\/10\/chicas-tapa.png","width":600,"height":329},{"@type":"BreadcrumbList","@id":"https:\/\/apuntesdesanluis.com\/index.php\/2023\/10\/18\/jovenes-investigadoras-de-la-unsl-fueron-distinguidas-en-jornadas-latinoamericanas\/#breadcrumb","itemListElement":[{"@type":"ListItem","position":1,"name":"Inicio","item":"https:\/\/apuntesdesanluis.com\/"},{"@type":"ListItem","position":2,"name":"J\u00d3VENES INVESTIGADORAS DE LA UNSL FUERON DISTINGUIDAS EN JORNADAS LATINOAMERICANAS"}]},{"@type":"WebSite","@id":"https:\/\/apuntesdesanluis.com\/#website","url":"https:\/\/apuntesdesanluis.com\/","name":"Apuntes de San Luis","description":"","publisher":{"@id":"https:\/\/apuntesdesanluis.com\/#\/schema\/person\/b55151d52296fcce64d1a72538a70b90"},"potentialAction":[{"@type":"SearchAction","target":{"@type":"EntryPoint","urlTemplate":"https:\/\/apuntesdesanluis.com\/?s={search_term_string}"},"query-input":{"@type":"PropertyValueSpecification","valueRequired":true,"valueName":"search_term_string"}}],"inLanguage":"es-AR"},{"@type":["Person","Organization"],"@id":"https:\/\/apuntesdesanluis.com\/#\/schema\/person\/b55151d52296fcce64d1a72538a70b90","name":"apuntesdesanluis.com","image":{"@type":"ImageObject","inLanguage":"es-AR","@id":"https:\/\/apuntesdesanluis.com\/#\/schema\/person\/image\/","url":"https:\/\/apuntesdesanluis.com\/wp-content\/uploads\/2023\/07\/cropped-apuntesdesanluis.png","contentUrl":"https:\/\/apuntesdesanluis.com\/wp-content\/uploads\/2023\/07\/cropped-apuntesdesanluis.png","width":450,"height":112,"caption":"apuntesdesanluis.com"},"logo":{"@id":"https:\/\/apuntesdesanluis.com\/#\/schema\/person\/image\/"},"sameAs":["https:\/\/apuntesdesanluis.com"],"url":"https:\/\/apuntesdesanluis.com\/index.php\/author\/apuntesdesanluis-com\/"}]}},"featured_image_urls":{"full":["https:\/\/apuntesdesanluis.com\/wp-content\/uploads\/2023\/10\/chicas-tapa.png",600,329,false],"thumbnail":["https:\/\/apuntesdesanluis.com\/wp-content\/uploads\/2023\/10\/chicas-tapa-150x150.png",150,150,true],"medium":["https:\/\/apuntesdesanluis.com\/wp-content\/uploads\/2023\/10\/chicas-tapa-300x165.png",300,165,true],"medium_large":["https:\/\/apuntesdesanluis.com\/wp-content\/uploads\/2023\/10\/chicas-tapa.png",600,329,false],"large":["https:\/\/apuntesdesanluis.com\/wp-content\/uploads\/2023\/10\/chicas-tapa.png",600,329,false],"1536x1536":["https:\/\/apuntesdesanluis.com\/wp-content\/uploads\/2023\/10\/chicas-tapa.png",600,329,false],"2048x2048":["https:\/\/apuntesdesanluis.com\/wp-content\/uploads\/2023\/10\/chicas-tapa.png",600,329,false],"newsever-slider-full":["https:\/\/apuntesdesanluis.com\/wp-content\/uploads\/2023\/10\/chicas-tapa.png",600,329,false],"newsever-featured":["https:\/\/apuntesdesanluis.com\/wp-content\/uploads\/2023\/10\/chicas-tapa.png",600,329,false],"newsever-medium":["https:\/\/apuntesdesanluis.com\/wp-content\/uploads\/2023\/10\/chicas-tapa.png",600,329,false]},"author_info":{"display_name":"apuntesdesanluis.com","author_link":"https:\/\/apuntesdesanluis.com\/index.php\/author\/apuntesdesanluis-com\/"},"category_info":"<a href=\"https:\/\/apuntesdesanluis.com\/index.php\/category\/ciudad-provincia\/\" rel=\"category tag\">Ciudad\/Provincia<\/a>","tag_info":"Ciudad\/Provincia","comment_count":"0","_links":{"self":[{"href":"https:\/\/apuntesdesanluis.com\/index.php\/wp-json\/wp\/v2\/posts\/5401","targetHints":{"allow":["GET"]}}],"collection":[{"href":"https:\/\/apuntesdesanluis.com\/index.php\/wp-json\/wp\/v2\/posts"}],"about":[{"href":"https:\/\/apuntesdesanluis.com\/index.php\/wp-json\/wp\/v2\/types\/post"}],"author":[{"embeddable":true,"href":"https:\/\/apuntesdesanluis.com\/index.php\/wp-json\/wp\/v2\/users\/1"}],"replies":[{"embeddable":true,"href":"https:\/\/apuntesdesanluis.com\/index.php\/wp-json\/wp\/v2\/comments?post=5401"}],"version-history":[{"count":2,"href":"https:\/\/apuntesdesanluis.com\/index.php\/wp-json\/wp\/v2\/posts\/5401\/revisions"}],"predecessor-version":[{"id":5405,"href":"https:\/\/apuntesdesanluis.com\/index.php\/wp-json\/wp\/v2\/posts\/5401\/revisions\/5405"}],"wp:featuredmedia":[{"embeddable":true,"href":"https:\/\/apuntesdesanluis.com\/index.php\/wp-json\/wp\/v2\/media\/5402"}],"wp:attachment":[{"href":"https:\/\/apuntesdesanluis.com\/index.php\/wp-json\/wp\/v2\/media?parent=5401"}],"wp:term":[{"taxonomy":"category","embeddable":true,"href":"https:\/\/apuntesdesanluis.com\/index.php\/wp-json\/wp\/v2\/categories?post=5401"},{"taxonomy":"post_tag","embeddable":true,"href":"https:\/\/apuntesdesanluis.com\/index.php\/wp-json\/wp\/v2\/tags?post=5401"}],"curies":[{"name":"wp","href":"https:\/\/api.w.org\/{rel}","templated":true}]}}