{"id":5406,"date":"2023-10-18T21:08:56","date_gmt":"2023-10-19T00:08:56","guid":{"rendered":"https:\/\/apuntesdesanluis.com\/?p=5406"},"modified":"2023-10-19T11:20:12","modified_gmt":"2023-10-19T14:20:12","slug":"tremendo-fallecio-el-joven-que-se-prendio-fuego-tras-ser-rociado-con-nafta-por-su-pareja","status":"publish","type":"post","link":"https:\/\/apuntesdesanluis.com\/index.php\/2023\/10\/18\/tremendo-fallecio-el-joven-que-se-prendio-fuego-tras-ser-rociado-con-nafta-por-su-pareja\/","title":{"rendered":"TREMENDO: FALLECI\u00d3 EL JOVEN QUE SE PRENDI\u00d3 FUEGO TRAS SER ROCIADO CON NAFTA POR SU PAREJA"},"content":{"rendered":"<h3>La justicia ahora deber\u00e1 cambiar la car\u00e1tula de \u201cHomicidio en grado de tentativa\u201d por \u201cHomicidio calificado\u201d, tras la muerte de <strong>Brandon Bustos<\/strong>, de 23 a\u00f1os.<\/h3>\n<h3>Pero adem\u00e1s, tendr\u00e1 un arduo trabajo de investigaci\u00f3n para intentar determinar qu\u00e9 llev\u00f3 a la joven mujer de 22 a\u00f1os, <strong>Yris Garay<\/strong>, a rociar con nafta a su pareja, en la noche del martes, y prenderle fuego, en la vivienda que compart\u00edan en la manzana J del barrio 1\u00b0 de Mayo, de la ciudad capital.<\/h3>\n<h3>Este mi\u00e9rcoles a la siesta, horas antes del triste desenlace, despu\u00e9s de una inspecci\u00f3n ocular y los testimonios que el personal de la Divisi\u00f3n Homicidio recaud\u00f3 en cuesti\u00f3n de horas, el fiscal de Instrucci\u00f3n 3 Esteban Roche, hab\u00eda ordenado la detenci\u00f3n de Garay.<\/h3>\n<p><img fetchpriority=\"high\" decoding=\"async\" class=\"wp-image-5407 aligncenter\" src=\"https:\/\/apuntesdesanluis.com\/wp-content\/uploads\/2023\/10\/detenida-300x190.png\" alt=\"\" width=\"766\" height=\"485\" srcset=\"https:\/\/apuntesdesanluis.com\/wp-content\/uploads\/2023\/10\/detenida-300x190.png 300w, https:\/\/apuntesdesanluis.com\/wp-content\/uploads\/2023\/10\/detenida-768x486.png 768w, https:\/\/apuntesdesanluis.com\/wp-content\/uploads\/2023\/10\/detenida.png 872w\" sizes=\"(max-width: 766px) 100vw, 766px\" \/><\/p>\n<h3>La pareja ten\u00eda un hijo en com\u00fan. El joven estaba internado en el Hospital Central \u201cRam\u00f3n Carrillo\u201d en terapia intensiva, con el 55% de su cuerpo quemado, conectado a un respirador.<\/h3>\n<h3>Muri\u00f3 a las seis de la tarde, por la gravedad de sus heridas.<\/h3>\n<p>&nbsp;<\/p>\n<p>&nbsp;<\/p>\n<p>&nbsp;<\/p>\n<p>&nbsp;<\/p>\n","protected":false},"excerpt":{"rendered":"<p>La justicia ahora deber\u00e1 cambiar la car\u00e1tula de \u201cHomicidio en grado de tentativa\u201d por \u201cHomicidio&#8230;<\/p>\n","protected":false},"author":1,"featured_media":5408,"comment_status":"closed","ping_status":"closed","sticky":false,"template":"","format":"standard","meta":{"footnotes":""},"categories":[6],"tags":[],"class_list":["post-5406","post","type-post","status-publish","format-standard","has-post-thumbnail","hentry","category-ciudad-provincia"],"yoast_head":"<!-- This site is optimized with the Yoast SEO plugin v26.1.1 - https:\/\/yoast.com\/wordpress\/plugins\/seo\/ -->\n<title>TREMENDO: FALLECI\u00d3 EL JOVEN QUE SE PRENDI\u00d3 FUEGO TRAS SER ROCIADO CON NAFTA POR SU PAREJA - Apuntes de San Luis<\/title>\n<meta name=\"robots\" content=\"index, follow, max-snippet:-1, max-image-preview:large, max-video-preview:-1\" \/>\n<link rel=\"canonical\" href=\"https:\/\/apuntesdesanluis.com\/index.php\/2023\/10\/18\/tremendo-fallecio-el-joven-que-se-prendio-fuego-tras-ser-rociado-con-nafta-por-su-pareja\/\" \/>\n<meta property=\"og:locale\" content=\"es_ES\" \/>\n<meta property=\"og:type\" content=\"article\" \/>\n<meta property=\"og:title\" content=\"TREMENDO: FALLECI\u00d3 EL JOVEN QUE SE PRENDI\u00d3 FUEGO TRAS SER ROCIADO CON NAFTA POR SU PAREJA - Apuntes de San Luis\" \/>\n<meta property=\"og:description\" content=\"La justicia ahora deber\u00e1 cambiar la car\u00e1tula de \u201cHomicidio en grado de tentativa\u201d por \u201cHomicidio...\" \/>\n<meta property=\"og:url\" content=\"https:\/\/apuntesdesanluis.com\/index.php\/2023\/10\/18\/tremendo-fallecio-el-joven-que-se-prendio-fuego-tras-ser-rociado-con-nafta-por-su-pareja\/\" \/>\n<meta property=\"og:site_name\" content=\"Apuntes de San Luis\" \/>\n<meta property=\"article:published_time\" content=\"2023-10-19T00:08:56+00:00\" \/>\n<meta property=\"article:modified_time\" content=\"2023-10-19T14:20:12+00:00\" \/>\n<meta property=\"og:image\" content=\"https:\/\/apuntesdesanluis.com\/wp-content\/uploads\/2023\/10\/AMBULANCIA.png\" \/>\n\t<meta property=\"og:image:width\" content=\"621\" \/>\n\t<meta property=\"og:image:height\" content=\"400\" \/>\n\t<meta property=\"og:image:type\" content=\"image\/png\" \/>\n<meta name=\"author\" content=\"apuntesdesanluis.com\" \/>\n<meta name=\"twitter:card\" content=\"summary_large_image\" \/>\n<meta name=\"twitter:label1\" content=\"Escrito por\" \/>\n\t<meta name=\"twitter:data1\" content=\"apuntesdesanluis.com\" \/>\n\t<meta name=\"twitter:label2\" content=\"Tiempo de lectura\" \/>\n\t<meta name=\"twitter:data2\" content=\"1 minuto\" \/>\n<script type=\"application\/ld+json\" class=\"yoast-schema-graph\">{\"@context\":\"https:\/\/schema.org\",\"@graph\":[{\"@type\":\"Article\",\"@id\":\"https:\/\/apuntesdesanluis.com\/index.php\/2023\/10\/18\/tremendo-fallecio-el-joven-que-se-prendio-fuego-tras-ser-rociado-con-nafta-por-su-pareja\/#article\",\"isPartOf\":{\"@id\":\"https:\/\/apuntesdesanluis.com\/index.php\/2023\/10\/18\/tremendo-fallecio-el-joven-que-se-prendio-fuego-tras-ser-rociado-con-nafta-por-su-pareja\/\"},\"author\":{\"name\":\"apuntesdesanluis.com\",\"@id\":\"https:\/\/apuntesdesanluis.com\/#\/schema\/person\/b55151d52296fcce64d1a72538a70b90\"},\"headline\":\"TREMENDO: FALLECI\u00d3 EL JOVEN QUE SE PRENDI\u00d3 FUEGO TRAS SER ROCIADO CON NAFTA POR SU PAREJA\",\"datePublished\":\"2023-10-19T00:08:56+00:00\",\"dateModified\":\"2023-10-19T14:20:12+00:00\",\"mainEntityOfPage\":{\"@id\":\"https:\/\/apuntesdesanluis.com\/index.php\/2023\/10\/18\/tremendo-fallecio-el-joven-que-se-prendio-fuego-tras-ser-rociado-con-nafta-por-su-pareja\/\"},\"wordCount\":199,\"publisher\":{\"@id\":\"https:\/\/apuntesdesanluis.com\/#\/schema\/person\/b55151d52296fcce64d1a72538a70b90\"},\"image\":{\"@id\":\"https:\/\/apuntesdesanluis.com\/index.php\/2023\/10\/18\/tremendo-fallecio-el-joven-que-se-prendio-fuego-tras-ser-rociado-con-nafta-por-su-pareja\/#primaryimage\"},\"thumbnailUrl\":\"https:\/\/apuntesdesanluis.com\/wp-content\/uploads\/2023\/10\/AMBULANCIA.png\",\"articleSection\":[\"Ciudad\/Provincia\"],\"inLanguage\":\"es-AR\"},{\"@type\":\"WebPage\",\"@id\":\"https:\/\/apuntesdesanluis.com\/index.php\/2023\/10\/18\/tremendo-fallecio-el-joven-que-se-prendio-fuego-tras-ser-rociado-con-nafta-por-su-pareja\/\",\"url\":\"https:\/\/apuntesdesanluis.com\/index.php\/2023\/10\/18\/tremendo-fallecio-el-joven-que-se-prendio-fuego-tras-ser-rociado-con-nafta-por-su-pareja\/\",\"name\":\"TREMENDO: FALLECI\u00d3 EL JOVEN QUE SE PRENDI\u00d3 FUEGO TRAS SER ROCIADO CON NAFTA POR SU PAREJA - Apuntes de San Luis\",\"isPartOf\":{\"@id\":\"https:\/\/apuntesdesanluis.com\/#website\"},\"primaryImageOfPage\":{\"@id\":\"https:\/\/apuntesdesanluis.com\/index.php\/2023\/10\/18\/tremendo-fallecio-el-joven-que-se-prendio-fuego-tras-ser-rociado-con-nafta-por-su-pareja\/#primaryimage\"},\"image\":{\"@id\":\"https:\/\/apuntesdesanluis.com\/index.php\/2023\/10\/18\/tremendo-fallecio-el-joven-que-se-prendio-fuego-tras-ser-rociado-con-nafta-por-su-pareja\/#primaryimage\"},\"thumbnailUrl\":\"https:\/\/apuntesdesanluis.com\/wp-content\/uploads\/2023\/10\/AMBULANCIA.png\",\"datePublished\":\"2023-10-19T00:08:56+00:00\",\"dateModified\":\"2023-10-19T14:20:12+00:00\",\"breadcrumb\":{\"@id\":\"https:\/\/apuntesdesanluis.com\/index.php\/2023\/10\/18\/tremendo-fallecio-el-joven-que-se-prendio-fuego-tras-ser-rociado-con-nafta-por-su-pareja\/#breadcrumb\"},\"inLanguage\":\"es-AR\",\"potentialAction\":[{\"@type\":\"ReadAction\",\"target\":[\"https:\/\/apuntesdesanluis.com\/index.php\/2023\/10\/18\/tremendo-fallecio-el-joven-que-se-prendio-fuego-tras-ser-rociado-con-nafta-por-su-pareja\/\"]}]},{\"@type\":\"ImageObject\",\"inLanguage\":\"es-AR\",\"@id\":\"https:\/\/apuntesdesanluis.com\/index.php\/2023\/10\/18\/tremendo-fallecio-el-joven-que-se-prendio-fuego-tras-ser-rociado-con-nafta-por-su-pareja\/#primaryimage\",\"url\":\"https:\/\/apuntesdesanluis.com\/wp-content\/uploads\/2023\/10\/AMBULANCIA.png\",\"contentUrl\":\"https:\/\/apuntesdesanluis.com\/wp-content\/uploads\/2023\/10\/AMBULANCIA.png\",\"width\":621,\"height\":400},{\"@type\":\"BreadcrumbList\",\"@id\":\"https:\/\/apuntesdesanluis.com\/index.php\/2023\/10\/18\/tremendo-fallecio-el-joven-que-se-prendio-fuego-tras-ser-rociado-con-nafta-por-su-pareja\/#breadcrumb\",\"itemListElement\":[{\"@type\":\"ListItem\",\"position\":1,\"name\":\"Inicio\",\"item\":\"https:\/\/apuntesdesanluis.com\/\"},{\"@type\":\"ListItem\",\"position\":2,\"name\":\"TREMENDO: FALLECI\u00d3 EL JOVEN QUE SE PRENDI\u00d3 FUEGO TRAS SER ROCIADO CON NAFTA POR SU PAREJA\"}]},{\"@type\":\"WebSite\",\"@id\":\"https:\/\/apuntesdesanluis.com\/#website\",\"url\":\"https:\/\/apuntesdesanluis.com\/\",\"name\":\"Apuntes de San Luis\",\"description\":\"\",\"publisher\":{\"@id\":\"https:\/\/apuntesdesanluis.com\/#\/schema\/person\/b55151d52296fcce64d1a72538a70b90\"},\"potentialAction\":[{\"@type\":\"SearchAction\",\"target\":{\"@type\":\"EntryPoint\",\"urlTemplate\":\"https:\/\/apuntesdesanluis.com\/?s={search_term_string}\"},\"query-input\":{\"@type\":\"PropertyValueSpecification\",\"valueRequired\":true,\"valueName\":\"search_term_string\"}}],\"inLanguage\":\"es-AR\"},{\"@type\":[\"Person\",\"Organization\"],\"@id\":\"https:\/\/apuntesdesanluis.com\/#\/schema\/person\/b55151d52296fcce64d1a72538a70b90\",\"name\":\"apuntesdesanluis.com\",\"image\":{\"@type\":\"ImageObject\",\"inLanguage\":\"es-AR\",\"@id\":\"https:\/\/apuntesdesanluis.com\/#\/schema\/person\/image\/\",\"url\":\"https:\/\/apuntesdesanluis.com\/wp-content\/uploads\/2023\/07\/cropped-apuntesdesanluis.png\",\"contentUrl\":\"https:\/\/apuntesdesanluis.com\/wp-content\/uploads\/2023\/07\/cropped-apuntesdesanluis.png\",\"width\":450,\"height\":112,\"caption\":\"apuntesdesanluis.com\"},\"logo\":{\"@id\":\"https:\/\/apuntesdesanluis.com\/#\/schema\/person\/image\/\"},\"sameAs\":[\"https:\/\/apuntesdesanluis.com\"],\"url\":\"https:\/\/apuntesdesanluis.com\/index.php\/author\/apuntesdesanluis-com\/\"}]}<\/script>\n<!-- \/ Yoast SEO plugin. -->","yoast_head_json":{"title":"TREMENDO: FALLECI\u00d3 EL JOVEN QUE SE PRENDI\u00d3 FUEGO TRAS SER ROCIADO CON NAFTA POR SU PAREJA - Apuntes de San Luis","robots":{"index":"index","follow":"follow","max-snippet":"max-snippet:-1","max-image-preview":"max-image-preview:large","max-video-preview":"max-video-preview:-1"},"canonical":"https:\/\/apuntesdesanluis.com\/index.php\/2023\/10\/18\/tremendo-fallecio-el-joven-que-se-prendio-fuego-tras-ser-rociado-con-nafta-por-su-pareja\/","og_locale":"es_ES","og_type":"article","og_title":"TREMENDO: FALLECI\u00d3 EL JOVEN QUE SE PRENDI\u00d3 FUEGO TRAS SER ROCIADO CON NAFTA POR SU PAREJA - Apuntes de San Luis","og_description":"La justicia ahora deber\u00e1 cambiar la car\u00e1tula de \u201cHomicidio en grado de tentativa\u201d por \u201cHomicidio...","og_url":"https:\/\/apuntesdesanluis.com\/index.php\/2023\/10\/18\/tremendo-fallecio-el-joven-que-se-prendio-fuego-tras-ser-rociado-con-nafta-por-su-pareja\/","og_site_name":"Apuntes de San Luis","article_published_time":"2023-10-19T00:08:56+00:00","article_modified_time":"2023-10-19T14:20:12+00:00","og_image":[{"width":621,"height":400,"url":"https:\/\/apuntesdesanluis.com\/wp-content\/uploads\/2023\/10\/AMBULANCIA.png","type":"image\/png"}],"author":"apuntesdesanluis.com","twitter_card":"summary_large_image","twitter_misc":{"Escrito por":"apuntesdesanluis.com","Tiempo de lectura":"1 minuto"},"schema":{"@context":"https:\/\/schema.org","@graph":[{"@type":"Article","@id":"https:\/\/apuntesdesanluis.com\/index.php\/2023\/10\/18\/tremendo-fallecio-el-joven-que-se-prendio-fuego-tras-ser-rociado-con-nafta-por-su-pareja\/#article","isPartOf":{"@id":"https:\/\/apuntesdesanluis.com\/index.php\/2023\/10\/18\/tremendo-fallecio-el-joven-que-se-prendio-fuego-tras-ser-rociado-con-nafta-por-su-pareja\/"},"author":{"name":"apuntesdesanluis.com","@id":"https:\/\/apuntesdesanluis.com\/#\/schema\/person\/b55151d52296fcce64d1a72538a70b90"},"headline":"TREMENDO: FALLECI\u00d3 EL JOVEN QUE SE PRENDI\u00d3 FUEGO TRAS SER ROCIADO CON NAFTA POR SU PAREJA","datePublished":"2023-10-19T00:08:56+00:00","dateModified":"2023-10-19T14:20:12+00:00","mainEntityOfPage":{"@id":"https:\/\/apuntesdesanluis.com\/index.php\/2023\/10\/18\/tremendo-fallecio-el-joven-que-se-prendio-fuego-tras-ser-rociado-con-nafta-por-su-pareja\/"},"wordCount":199,"publisher":{"@id":"https:\/\/apuntesdesanluis.com\/#\/schema\/person\/b55151d52296fcce64d1a72538a70b90"},"image":{"@id":"https:\/\/apuntesdesanluis.com\/index.php\/2023\/10\/18\/tremendo-fallecio-el-joven-que-se-prendio-fuego-tras-ser-rociado-con-nafta-por-su-pareja\/#primaryimage"},"thumbnailUrl":"https:\/\/apuntesdesanluis.com\/wp-content\/uploads\/2023\/10\/AMBULANCIA.png","articleSection":["Ciudad\/Provincia"],"inLanguage":"es-AR"},{"@type":"WebPage","@id":"https:\/\/apuntesdesanluis.com\/index.php\/2023\/10\/18\/tremendo-fallecio-el-joven-que-se-prendio-fuego-tras-ser-rociado-con-nafta-por-su-pareja\/","url":"https:\/\/apuntesdesanluis.com\/index.php\/2023\/10\/18\/tremendo-fallecio-el-joven-que-se-prendio-fuego-tras-ser-rociado-con-nafta-por-su-pareja\/","name":"TREMENDO: FALLECI\u00d3 EL JOVEN QUE SE PRENDI\u00d3 FUEGO TRAS SER ROCIADO CON NAFTA POR SU PAREJA - Apuntes de San Luis","isPartOf":{"@id":"https:\/\/apuntesdesanluis.com\/#website"},"primaryImageOfPage":{"@id":"https:\/\/apuntesdesanluis.com\/index.php\/2023\/10\/18\/tremendo-fallecio-el-joven-que-se-prendio-fuego-tras-ser-rociado-con-nafta-por-su-pareja\/#primaryimage"},"image":{"@id":"https:\/\/apuntesdesanluis.com\/index.php\/2023\/10\/18\/tremendo-fallecio-el-joven-que-se-prendio-fuego-tras-ser-rociado-con-nafta-por-su-pareja\/#primaryimage"},"thumbnailUrl":"https:\/\/apuntesdesanluis.com\/wp-content\/uploads\/2023\/10\/AMBULANCIA.png","datePublished":"2023-10-19T00:08:56+00:00","dateModified":"2023-10-19T14:20:12+00:00","breadcrumb":{"@id":"https:\/\/apuntesdesanluis.com\/index.php\/2023\/10\/18\/tremendo-fallecio-el-joven-que-se-prendio-fuego-tras-ser-rociado-con-nafta-por-su-pareja\/#breadcrumb"},"inLanguage":"es-AR","potentialAction":[{"@type":"ReadAction","target":["https:\/\/apuntesdesanluis.com\/index.php\/2023\/10\/18\/tremendo-fallecio-el-joven-que-se-prendio-fuego-tras-ser-rociado-con-nafta-por-su-pareja\/"]}]},{"@type":"ImageObject","inLanguage":"es-AR","@id":"https:\/\/apuntesdesanluis.com\/index.php\/2023\/10\/18\/tremendo-fallecio-el-joven-que-se-prendio-fuego-tras-ser-rociado-con-nafta-por-su-pareja\/#primaryimage","url":"https:\/\/apuntesdesanluis.com\/wp-content\/uploads\/2023\/10\/AMBULANCIA.png","contentUrl":"https:\/\/apuntesdesanluis.com\/wp-content\/uploads\/2023\/10\/AMBULANCIA.png","width":621,"height":400},{"@type":"BreadcrumbList","@id":"https:\/\/apuntesdesanluis.com\/index.php\/2023\/10\/18\/tremendo-fallecio-el-joven-que-se-prendio-fuego-tras-ser-rociado-con-nafta-por-su-pareja\/#breadcrumb","itemListElement":[{"@type":"ListItem","position":1,"name":"Inicio","item":"https:\/\/apuntesdesanluis.com\/"},{"@type":"ListItem","position":2,"name":"TREMENDO: FALLECI\u00d3 EL JOVEN QUE SE PRENDI\u00d3 FUEGO TRAS SER ROCIADO CON NAFTA POR SU PAREJA"}]},{"@type":"WebSite","@id":"https:\/\/apuntesdesanluis.com\/#website","url":"https:\/\/apuntesdesanluis.com\/","name":"Apuntes de San Luis","description":"","publisher":{"@id":"https:\/\/apuntesdesanluis.com\/#\/schema\/person\/b55151d52296fcce64d1a72538a70b90"},"potentialAction":[{"@type":"SearchAction","target":{"@type":"EntryPoint","urlTemplate":"https:\/\/apuntesdesanluis.com\/?s={search_term_string}"},"query-input":{"@type":"PropertyValueSpecification","valueRequired":true,"valueName":"search_term_string"}}],"inLanguage":"es-AR"},{"@type":["Person","Organization"],"@id":"https:\/\/apuntesdesanluis.com\/#\/schema\/person\/b55151d52296fcce64d1a72538a70b90","name":"apuntesdesanluis.com","image":{"@type":"ImageObject","inLanguage":"es-AR","@id":"https:\/\/apuntesdesanluis.com\/#\/schema\/person\/image\/","url":"https:\/\/apuntesdesanluis.com\/wp-content\/uploads\/2023\/07\/cropped-apuntesdesanluis.png","contentUrl":"https:\/\/apuntesdesanluis.com\/wp-content\/uploads\/2023\/07\/cropped-apuntesdesanluis.png","width":450,"height":112,"caption":"apuntesdesanluis.com"},"logo":{"@id":"https:\/\/apuntesdesanluis.com\/#\/schema\/person\/image\/"},"sameAs":["https:\/\/apuntesdesanluis.com"],"url":"https:\/\/apuntesdesanluis.com\/index.php\/author\/apuntesdesanluis-com\/"}]}},"featured_image_urls":{"full":["https:\/\/apuntesdesanluis.com\/wp-content\/uploads\/2023\/10\/AMBULANCIA.png",621,400,false],"thumbnail":["https:\/\/apuntesdesanluis.com\/wp-content\/uploads\/2023\/10\/AMBULANCIA-150x150.png",150,150,true],"medium":["https:\/\/apuntesdesanluis.com\/wp-content\/uploads\/2023\/10\/AMBULANCIA-300x193.png",300,193,true],"medium_large":["https:\/\/apuntesdesanluis.com\/wp-content\/uploads\/2023\/10\/AMBULANCIA.png",621,400,false],"large":["https:\/\/apuntesdesanluis.com\/wp-content\/uploads\/2023\/10\/AMBULANCIA.png",621,400,false],"1536x1536":["https:\/\/apuntesdesanluis.com\/wp-content\/uploads\/2023\/10\/AMBULANCIA.png",621,400,false],"2048x2048":["https:\/\/apuntesdesanluis.com\/wp-content\/uploads\/2023\/10\/AMBULANCIA.png",621,400,false],"newsever-slider-full":["https:\/\/apuntesdesanluis.com\/wp-content\/uploads\/2023\/10\/AMBULANCIA.png",621,400,false],"newsever-featured":["https:\/\/apuntesdesanluis.com\/wp-content\/uploads\/2023\/10\/AMBULANCIA.png",621,400,false],"newsever-medium":["https:\/\/apuntesdesanluis.com\/wp-content\/uploads\/2023\/10\/AMBULANCIA.png",621,400,false]},"author_info":{"display_name":"apuntesdesanluis.com","author_link":"https:\/\/apuntesdesanluis.com\/index.php\/author\/apuntesdesanluis-com\/"},"category_info":"<a href=\"https:\/\/apuntesdesanluis.com\/index.php\/category\/ciudad-provincia\/\" rel=\"category tag\">Ciudad\/Provincia<\/a>","tag_info":"Ciudad\/Provincia","comment_count":"0","_links":{"self":[{"href":"https:\/\/apuntesdesanluis.com\/index.php\/wp-json\/wp\/v2\/posts\/5406","targetHints":{"allow":["GET"]}}],"collection":[{"href":"https:\/\/apuntesdesanluis.com\/index.php\/wp-json\/wp\/v2\/posts"}],"about":[{"href":"https:\/\/apuntesdesanluis.com\/index.php\/wp-json\/wp\/v2\/types\/post"}],"author":[{"embeddable":true,"href":"https:\/\/apuntesdesanluis.com\/index.php\/wp-json\/wp\/v2\/users\/1"}],"replies":[{"embeddable":true,"href":"https:\/\/apuntesdesanluis.com\/index.php\/wp-json\/wp\/v2\/comments?post=5406"}],"version-history":[{"count":6,"href":"https:\/\/apuntesdesanluis.com\/index.php\/wp-json\/wp\/v2\/posts\/5406\/revisions"}],"predecessor-version":[{"id":5425,"href":"https:\/\/apuntesdesanluis.com\/index.php\/wp-json\/wp\/v2\/posts\/5406\/revisions\/5425"}],"wp:featuredmedia":[{"embeddable":true,"href":"https:\/\/apuntesdesanluis.com\/index.php\/wp-json\/wp\/v2\/media\/5408"}],"wp:attachment":[{"href":"https:\/\/apuntesdesanluis.com\/index.php\/wp-json\/wp\/v2\/media?parent=5406"}],"wp:term":[{"taxonomy":"category","embeddable":true,"href":"https:\/\/apuntesdesanluis.com\/index.php\/wp-json\/wp\/v2\/categories?post=5406"},{"taxonomy":"post_tag","embeddable":true,"href":"https:\/\/apuntesdesanluis.com\/index.php\/wp-json\/wp\/v2\/tags?post=5406"}],"curies":[{"name":"wp","href":"https:\/\/api.w.org\/{rel}","templated":true}]}}