{"id":5414,"date":"2023-10-18T21:17:30","date_gmt":"2023-10-19T00:17:30","guid":{"rendered":"https:\/\/apuntesdesanluis.com\/?p=5414"},"modified":"2023-10-18T21:17:30","modified_gmt":"2023-10-19T00:17:30","slug":"hallaron-muerto-en-tierra-del-fuego-al-senador-nacional-matias-rodriguez","status":"publish","type":"post","link":"https:\/\/apuntesdesanluis.com\/index.php\/2023\/10\/18\/hallaron-muerto-en-tierra-del-fuego-al-senador-nacional-matias-rodriguez\/","title":{"rendered":"HALLARON MUERTO EN TIERRA DEL FUEGO AL SENADOR NACIONAL MAT\u00cdAS RODR\u00cdGUEZ"},"content":{"rendered":"<h3>El senador nacional por el Frente de Todos Mat\u00edas Rodr\u00edguez fue hallado este mi\u00e9rcoles muerto en su casa de Ushuaia, lo que gener\u00f3 conmoci\u00f3n en toda la dirigencia pol\u00edtica del pa\u00eds.<\/h3>\n<h3>El cuerpo de Rodr\u00edguez se encontraba en su vivienda, situada en la calle Del Monte al 1900 del barrio Pipo de la capital de Tierra del Fuego.<\/h3>\n<h3>Fuentes policiales se\u00f1alaron que el senador ten\u00eda un disparo, por lo que la hip\u00f3tesis principal habla de una dr\u00e1stica decisi\u00f3n.<\/h3>\n<h3>Personal policial y el propio jefe de la fuerza provincial, comisario Jacinto Rol\u00f3n, trabajaron en el lugar.<\/h3>\n<h3>Tras conocerse la noticia, la vicepresidenta Cristina Kirchner expres\u00f3 su pesar: &#8220;Profundo dolor por el fallecimiento del senador nacional por Tierra del Fuego Mat\u00edas Rodr\u00edguez&#8221;.<\/h3>\n<h3>&#8220;Querido compa\u00f1ero, que Dios y la Virgen te ayuden a descansar en paz. Mis condolencias a sus hijos y seres queridos&#8221;, escribi\u00f3 la presidenta del Senado en su cuenta de X, antes Twitter.<\/h3>\n<p><img fetchpriority=\"high\" decoding=\"async\" class=\"wp-image-5416 aligncenter\" src=\"https:\/\/apuntesdesanluis.com\/wp-content\/uploads\/2023\/10\/posteo-5-300x164.png\" alt=\"\" width=\"730\" height=\"399\" srcset=\"https:\/\/apuntesdesanluis.com\/wp-content\/uploads\/2023\/10\/posteo-5-300x164.png 300w, https:\/\/apuntesdesanluis.com\/wp-content\/uploads\/2023\/10\/posteo-5.png 622w\" sizes=\"(max-width: 730px) 100vw, 730px\" \/><\/p>\n<h3>Rodr\u00edguez comparti\u00f3 un \u00faltimo posteo el martes en sus redes sociales en conmemoraci\u00f3n por el D\u00eda de la Lealtad. &#8220;Hermosas fotos de otro 17 de octubre junto a grandes compa\u00f1eros y compa\u00f1eras&#8221;, escribi\u00f3 el senador.<\/h3>\n<h3>Rodr\u00edguez hab\u00eda arribado a la banca en 10 de diciembre de 2019, cuando ingres\u00f3 como representante por la mayor\u00eda luego de que el Frente de Todos ganara la elecci\u00f3n en Tierra del Fuego. Antes de llegar a la C\u00e1mara alta hab\u00eda sido diputado nacional entre 2105 y 2019.<\/h3>\n<h3>El senador hab\u00eda exteriorizado en 2022 sus ganas de pelear por la Gobernaci\u00f3n de Tierra del Fuego: &#8220;Hay una urgencia de parte de la sociedad que demanda salidas urgentes, planes de gobierno concretos para poder recuperar aquella Tierra del Fuego que supimos ser&#8221;.<\/h3>\n<h3>&#8220;Empezar a discutir estos temas de frente y sin fuegos artificiales&#8221;, dijo en su momento, aunque finalmente todo el oficialismo apoy\u00f3 a Gustavo Melella, quien logr\u00f3 su reelecci\u00f3n.<\/h3>\n<p>&nbsp;<\/p>\n<p>&nbsp;<\/p>\n<p>&nbsp;<\/p>\n<p>&nbsp;<\/p>\n<p>&nbsp;<\/p>\n","protected":false},"excerpt":{"rendered":"<p>El senador nacional por el Frente de Todos Mat\u00edas Rodr\u00edguez fue hallado este mi\u00e9rcoles muerto&#8230;<\/p>\n","protected":false},"author":1,"featured_media":5415,"comment_status":"closed","ping_status":"closed","sticky":false,"template":"","format":"standard","meta":{"footnotes":""},"categories":[5],"tags":[],"class_list":["post-5414","post","type-post","status-publish","format-standard","has-post-thumbnail","hentry","category-nacionales-internacionales"],"yoast_head":"<!-- This site is optimized with the Yoast SEO plugin v26.1.1 - https:\/\/yoast.com\/wordpress\/plugins\/seo\/ -->\n<title>HALLARON MUERTO EN TIERRA DEL FUEGO AL SENADOR NACIONAL MAT\u00cdAS RODR\u00cdGUEZ - Apuntes de San Luis<\/title>\n<meta name=\"robots\" content=\"index, follow, max-snippet:-1, max-image-preview:large, max-video-preview:-1\" \/>\n<link rel=\"canonical\" href=\"https:\/\/apuntesdesanluis.com\/index.php\/2023\/10\/18\/hallaron-muerto-en-tierra-del-fuego-al-senador-nacional-matias-rodriguez\/\" \/>\n<meta property=\"og:locale\" content=\"es_ES\" \/>\n<meta property=\"og:type\" content=\"article\" \/>\n<meta property=\"og:title\" content=\"HALLARON MUERTO EN TIERRA DEL FUEGO AL SENADOR NACIONAL MAT\u00cdAS RODR\u00cdGUEZ - Apuntes de San Luis\" \/>\n<meta property=\"og:description\" content=\"El senador nacional por el Frente de Todos Mat\u00edas Rodr\u00edguez fue hallado este mi\u00e9rcoles muerto...\" \/>\n<meta property=\"og:url\" content=\"https:\/\/apuntesdesanluis.com\/index.php\/2023\/10\/18\/hallaron-muerto-en-tierra-del-fuego-al-senador-nacional-matias-rodriguez\/\" \/>\n<meta property=\"og:site_name\" content=\"Apuntes de San Luis\" \/>\n<meta property=\"article:published_time\" content=\"2023-10-19T00:17:30+00:00\" \/>\n<meta property=\"og:image\" content=\"https:\/\/apuntesdesanluis.com\/wp-content\/uploads\/2023\/10\/matias-rodriguez.png\" \/>\n\t<meta property=\"og:image:width\" content=\"600\" \/>\n\t<meta property=\"og:image:height\" content=\"350\" \/>\n\t<meta property=\"og:image:type\" content=\"image\/png\" \/>\n<meta name=\"author\" content=\"apuntesdesanluis.com\" \/>\n<meta name=\"twitter:card\" content=\"summary_large_image\" \/>\n<meta name=\"twitter:label1\" content=\"Escrito por\" \/>\n\t<meta name=\"twitter:data1\" content=\"apuntesdesanluis.com\" \/>\n\t<meta name=\"twitter:label2\" content=\"Tiempo de lectura\" \/>\n\t<meta name=\"twitter:data2\" content=\"2 minutos\" \/>\n<script type=\"application\/ld+json\" class=\"yoast-schema-graph\">{\"@context\":\"https:\/\/schema.org\",\"@graph\":[{\"@type\":\"Article\",\"@id\":\"https:\/\/apuntesdesanluis.com\/index.php\/2023\/10\/18\/hallaron-muerto-en-tierra-del-fuego-al-senador-nacional-matias-rodriguez\/#article\",\"isPartOf\":{\"@id\":\"https:\/\/apuntesdesanluis.com\/index.php\/2023\/10\/18\/hallaron-muerto-en-tierra-del-fuego-al-senador-nacional-matias-rodriguez\/\"},\"author\":{\"name\":\"apuntesdesanluis.com\",\"@id\":\"https:\/\/apuntesdesanluis.com\/#\/schema\/person\/b55151d52296fcce64d1a72538a70b90\"},\"headline\":\"HALLARON MUERTO EN TIERRA DEL FUEGO AL SENADOR NACIONAL MAT\u00cdAS RODR\u00cdGUEZ\",\"datePublished\":\"2023-10-19T00:17:30+00:00\",\"mainEntityOfPage\":{\"@id\":\"https:\/\/apuntesdesanluis.com\/index.php\/2023\/10\/18\/hallaron-muerto-en-tierra-del-fuego-al-senador-nacional-matias-rodriguez\/\"},\"wordCount\":348,\"publisher\":{\"@id\":\"https:\/\/apuntesdesanluis.com\/#\/schema\/person\/b55151d52296fcce64d1a72538a70b90\"},\"image\":{\"@id\":\"https:\/\/apuntesdesanluis.com\/index.php\/2023\/10\/18\/hallaron-muerto-en-tierra-del-fuego-al-senador-nacional-matias-rodriguez\/#primaryimage\"},\"thumbnailUrl\":\"https:\/\/apuntesdesanluis.com\/wp-content\/uploads\/2023\/10\/matias-rodriguez.png\",\"articleSection\":[\"Nacionales\/Internacionales\"],\"inLanguage\":\"es-AR\"},{\"@type\":\"WebPage\",\"@id\":\"https:\/\/apuntesdesanluis.com\/index.php\/2023\/10\/18\/hallaron-muerto-en-tierra-del-fuego-al-senador-nacional-matias-rodriguez\/\",\"url\":\"https:\/\/apuntesdesanluis.com\/index.php\/2023\/10\/18\/hallaron-muerto-en-tierra-del-fuego-al-senador-nacional-matias-rodriguez\/\",\"name\":\"HALLARON MUERTO EN TIERRA DEL FUEGO AL SENADOR NACIONAL MAT\u00cdAS RODR\u00cdGUEZ - Apuntes de San Luis\",\"isPartOf\":{\"@id\":\"https:\/\/apuntesdesanluis.com\/#website\"},\"primaryImageOfPage\":{\"@id\":\"https:\/\/apuntesdesanluis.com\/index.php\/2023\/10\/18\/hallaron-muerto-en-tierra-del-fuego-al-senador-nacional-matias-rodriguez\/#primaryimage\"},\"image\":{\"@id\":\"https:\/\/apuntesdesanluis.com\/index.php\/2023\/10\/18\/hallaron-muerto-en-tierra-del-fuego-al-senador-nacional-matias-rodriguez\/#primaryimage\"},\"thumbnailUrl\":\"https:\/\/apuntesdesanluis.com\/wp-content\/uploads\/2023\/10\/matias-rodriguez.png\",\"datePublished\":\"2023-10-19T00:17:30+00:00\",\"breadcrumb\":{\"@id\":\"https:\/\/apuntesdesanluis.com\/index.php\/2023\/10\/18\/hallaron-muerto-en-tierra-del-fuego-al-senador-nacional-matias-rodriguez\/#breadcrumb\"},\"inLanguage\":\"es-AR\",\"potentialAction\":[{\"@type\":\"ReadAction\",\"target\":[\"https:\/\/apuntesdesanluis.com\/index.php\/2023\/10\/18\/hallaron-muerto-en-tierra-del-fuego-al-senador-nacional-matias-rodriguez\/\"]}]},{\"@type\":\"ImageObject\",\"inLanguage\":\"es-AR\",\"@id\":\"https:\/\/apuntesdesanluis.com\/index.php\/2023\/10\/18\/hallaron-muerto-en-tierra-del-fuego-al-senador-nacional-matias-rodriguez\/#primaryimage\",\"url\":\"https:\/\/apuntesdesanluis.com\/wp-content\/uploads\/2023\/10\/matias-rodriguez.png\",\"contentUrl\":\"https:\/\/apuntesdesanluis.com\/wp-content\/uploads\/2023\/10\/matias-rodriguez.png\",\"width\":600,\"height\":350},{\"@type\":\"BreadcrumbList\",\"@id\":\"https:\/\/apuntesdesanluis.com\/index.php\/2023\/10\/18\/hallaron-muerto-en-tierra-del-fuego-al-senador-nacional-matias-rodriguez\/#breadcrumb\",\"itemListElement\":[{\"@type\":\"ListItem\",\"position\":1,\"name\":\"Inicio\",\"item\":\"https:\/\/apuntesdesanluis.com\/\"},{\"@type\":\"ListItem\",\"position\":2,\"name\":\"HALLARON MUERTO EN TIERRA DEL FUEGO AL SENADOR NACIONAL MAT\u00cdAS RODR\u00cdGUEZ\"}]},{\"@type\":\"WebSite\",\"@id\":\"https:\/\/apuntesdesanluis.com\/#website\",\"url\":\"https:\/\/apuntesdesanluis.com\/\",\"name\":\"Apuntes de San Luis\",\"description\":\"\",\"publisher\":{\"@id\":\"https:\/\/apuntesdesanluis.com\/#\/schema\/person\/b55151d52296fcce64d1a72538a70b90\"},\"potentialAction\":[{\"@type\":\"SearchAction\",\"target\":{\"@type\":\"EntryPoint\",\"urlTemplate\":\"https:\/\/apuntesdesanluis.com\/?s={search_term_string}\"},\"query-input\":{\"@type\":\"PropertyValueSpecification\",\"valueRequired\":true,\"valueName\":\"search_term_string\"}}],\"inLanguage\":\"es-AR\"},{\"@type\":[\"Person\",\"Organization\"],\"@id\":\"https:\/\/apuntesdesanluis.com\/#\/schema\/person\/b55151d52296fcce64d1a72538a70b90\",\"name\":\"apuntesdesanluis.com\",\"image\":{\"@type\":\"ImageObject\",\"inLanguage\":\"es-AR\",\"@id\":\"https:\/\/apuntesdesanluis.com\/#\/schema\/person\/image\/\",\"url\":\"https:\/\/apuntesdesanluis.com\/wp-content\/uploads\/2023\/07\/cropped-apuntesdesanluis.png\",\"contentUrl\":\"https:\/\/apuntesdesanluis.com\/wp-content\/uploads\/2023\/07\/cropped-apuntesdesanluis.png\",\"width\":450,\"height\":112,\"caption\":\"apuntesdesanluis.com\"},\"logo\":{\"@id\":\"https:\/\/apuntesdesanluis.com\/#\/schema\/person\/image\/\"},\"sameAs\":[\"https:\/\/apuntesdesanluis.com\"],\"url\":\"https:\/\/apuntesdesanluis.com\/index.php\/author\/apuntesdesanluis-com\/\"}]}<\/script>\n<!-- \/ Yoast SEO plugin. -->","yoast_head_json":{"title":"HALLARON MUERTO EN TIERRA DEL FUEGO AL SENADOR NACIONAL MAT\u00cdAS RODR\u00cdGUEZ - Apuntes de San Luis","robots":{"index":"index","follow":"follow","max-snippet":"max-snippet:-1","max-image-preview":"max-image-preview:large","max-video-preview":"max-video-preview:-1"},"canonical":"https:\/\/apuntesdesanluis.com\/index.php\/2023\/10\/18\/hallaron-muerto-en-tierra-del-fuego-al-senador-nacional-matias-rodriguez\/","og_locale":"es_ES","og_type":"article","og_title":"HALLARON MUERTO EN TIERRA DEL FUEGO AL SENADOR NACIONAL MAT\u00cdAS RODR\u00cdGUEZ - Apuntes de San Luis","og_description":"El senador nacional por el Frente de Todos Mat\u00edas Rodr\u00edguez fue hallado este mi\u00e9rcoles muerto...","og_url":"https:\/\/apuntesdesanluis.com\/index.php\/2023\/10\/18\/hallaron-muerto-en-tierra-del-fuego-al-senador-nacional-matias-rodriguez\/","og_site_name":"Apuntes de San Luis","article_published_time":"2023-10-19T00:17:30+00:00","og_image":[{"width":600,"height":350,"url":"https:\/\/apuntesdesanluis.com\/wp-content\/uploads\/2023\/10\/matias-rodriguez.png","type":"image\/png"}],"author":"apuntesdesanluis.com","twitter_card":"summary_large_image","twitter_misc":{"Escrito por":"apuntesdesanluis.com","Tiempo de lectura":"2 minutos"},"schema":{"@context":"https:\/\/schema.org","@graph":[{"@type":"Article","@id":"https:\/\/apuntesdesanluis.com\/index.php\/2023\/10\/18\/hallaron-muerto-en-tierra-del-fuego-al-senador-nacional-matias-rodriguez\/#article","isPartOf":{"@id":"https:\/\/apuntesdesanluis.com\/index.php\/2023\/10\/18\/hallaron-muerto-en-tierra-del-fuego-al-senador-nacional-matias-rodriguez\/"},"author":{"name":"apuntesdesanluis.com","@id":"https:\/\/apuntesdesanluis.com\/#\/schema\/person\/b55151d52296fcce64d1a72538a70b90"},"headline":"HALLARON MUERTO EN TIERRA DEL FUEGO AL SENADOR NACIONAL MAT\u00cdAS RODR\u00cdGUEZ","datePublished":"2023-10-19T00:17:30+00:00","mainEntityOfPage":{"@id":"https:\/\/apuntesdesanluis.com\/index.php\/2023\/10\/18\/hallaron-muerto-en-tierra-del-fuego-al-senador-nacional-matias-rodriguez\/"},"wordCount":348,"publisher":{"@id":"https:\/\/apuntesdesanluis.com\/#\/schema\/person\/b55151d52296fcce64d1a72538a70b90"},"image":{"@id":"https:\/\/apuntesdesanluis.com\/index.php\/2023\/10\/18\/hallaron-muerto-en-tierra-del-fuego-al-senador-nacional-matias-rodriguez\/#primaryimage"},"thumbnailUrl":"https:\/\/apuntesdesanluis.com\/wp-content\/uploads\/2023\/10\/matias-rodriguez.png","articleSection":["Nacionales\/Internacionales"],"inLanguage":"es-AR"},{"@type":"WebPage","@id":"https:\/\/apuntesdesanluis.com\/index.php\/2023\/10\/18\/hallaron-muerto-en-tierra-del-fuego-al-senador-nacional-matias-rodriguez\/","url":"https:\/\/apuntesdesanluis.com\/index.php\/2023\/10\/18\/hallaron-muerto-en-tierra-del-fuego-al-senador-nacional-matias-rodriguez\/","name":"HALLARON MUERTO EN TIERRA DEL FUEGO AL SENADOR NACIONAL MAT\u00cdAS RODR\u00cdGUEZ - Apuntes de San Luis","isPartOf":{"@id":"https:\/\/apuntesdesanluis.com\/#website"},"primaryImageOfPage":{"@id":"https:\/\/apuntesdesanluis.com\/index.php\/2023\/10\/18\/hallaron-muerto-en-tierra-del-fuego-al-senador-nacional-matias-rodriguez\/#primaryimage"},"image":{"@id":"https:\/\/apuntesdesanluis.com\/index.php\/2023\/10\/18\/hallaron-muerto-en-tierra-del-fuego-al-senador-nacional-matias-rodriguez\/#primaryimage"},"thumbnailUrl":"https:\/\/apuntesdesanluis.com\/wp-content\/uploads\/2023\/10\/matias-rodriguez.png","datePublished":"2023-10-19T00:17:30+00:00","breadcrumb":{"@id":"https:\/\/apuntesdesanluis.com\/index.php\/2023\/10\/18\/hallaron-muerto-en-tierra-del-fuego-al-senador-nacional-matias-rodriguez\/#breadcrumb"},"inLanguage":"es-AR","potentialAction":[{"@type":"ReadAction","target":["https:\/\/apuntesdesanluis.com\/index.php\/2023\/10\/18\/hallaron-muerto-en-tierra-del-fuego-al-senador-nacional-matias-rodriguez\/"]}]},{"@type":"ImageObject","inLanguage":"es-AR","@id":"https:\/\/apuntesdesanluis.com\/index.php\/2023\/10\/18\/hallaron-muerto-en-tierra-del-fuego-al-senador-nacional-matias-rodriguez\/#primaryimage","url":"https:\/\/apuntesdesanluis.com\/wp-content\/uploads\/2023\/10\/matias-rodriguez.png","contentUrl":"https:\/\/apuntesdesanluis.com\/wp-content\/uploads\/2023\/10\/matias-rodriguez.png","width":600,"height":350},{"@type":"BreadcrumbList","@id":"https:\/\/apuntesdesanluis.com\/index.php\/2023\/10\/18\/hallaron-muerto-en-tierra-del-fuego-al-senador-nacional-matias-rodriguez\/#breadcrumb","itemListElement":[{"@type":"ListItem","position":1,"name":"Inicio","item":"https:\/\/apuntesdesanluis.com\/"},{"@type":"ListItem","position":2,"name":"HALLARON MUERTO EN TIERRA DEL FUEGO AL SENADOR NACIONAL MAT\u00cdAS RODR\u00cdGUEZ"}]},{"@type":"WebSite","@id":"https:\/\/apuntesdesanluis.com\/#website","url":"https:\/\/apuntesdesanluis.com\/","name":"Apuntes de San Luis","description":"","publisher":{"@id":"https:\/\/apuntesdesanluis.com\/#\/schema\/person\/b55151d52296fcce64d1a72538a70b90"},"potentialAction":[{"@type":"SearchAction","target":{"@type":"EntryPoint","urlTemplate":"https:\/\/apuntesdesanluis.com\/?s={search_term_string}"},"query-input":{"@type":"PropertyValueSpecification","valueRequired":true,"valueName":"search_term_string"}}],"inLanguage":"es-AR"},{"@type":["Person","Organization"],"@id":"https:\/\/apuntesdesanluis.com\/#\/schema\/person\/b55151d52296fcce64d1a72538a70b90","name":"apuntesdesanluis.com","image":{"@type":"ImageObject","inLanguage":"es-AR","@id":"https:\/\/apuntesdesanluis.com\/#\/schema\/person\/image\/","url":"https:\/\/apuntesdesanluis.com\/wp-content\/uploads\/2023\/07\/cropped-apuntesdesanluis.png","contentUrl":"https:\/\/apuntesdesanluis.com\/wp-content\/uploads\/2023\/07\/cropped-apuntesdesanluis.png","width":450,"height":112,"caption":"apuntesdesanluis.com"},"logo":{"@id":"https:\/\/apuntesdesanluis.com\/#\/schema\/person\/image\/"},"sameAs":["https:\/\/apuntesdesanluis.com"],"url":"https:\/\/apuntesdesanluis.com\/index.php\/author\/apuntesdesanluis-com\/"}]}},"featured_image_urls":{"full":["https:\/\/apuntesdesanluis.com\/wp-content\/uploads\/2023\/10\/matias-rodriguez.png",600,350,false],"thumbnail":["https:\/\/apuntesdesanluis.com\/wp-content\/uploads\/2023\/10\/matias-rodriguez-150x150.png",150,150,true],"medium":["https:\/\/apuntesdesanluis.com\/wp-content\/uploads\/2023\/10\/matias-rodriguez-300x175.png",300,175,true],"medium_large":["https:\/\/apuntesdesanluis.com\/wp-content\/uploads\/2023\/10\/matias-rodriguez.png",600,350,false],"large":["https:\/\/apuntesdesanluis.com\/wp-content\/uploads\/2023\/10\/matias-rodriguez.png",600,350,false],"1536x1536":["https:\/\/apuntesdesanluis.com\/wp-content\/uploads\/2023\/10\/matias-rodriguez.png",600,350,false],"2048x2048":["https:\/\/apuntesdesanluis.com\/wp-content\/uploads\/2023\/10\/matias-rodriguez.png",600,350,false],"newsever-slider-full":["https:\/\/apuntesdesanluis.com\/wp-content\/uploads\/2023\/10\/matias-rodriguez.png",600,350,false],"newsever-featured":["https:\/\/apuntesdesanluis.com\/wp-content\/uploads\/2023\/10\/matias-rodriguez.png",600,350,false],"newsever-medium":["https:\/\/apuntesdesanluis.com\/wp-content\/uploads\/2023\/10\/matias-rodriguez.png",600,350,false]},"author_info":{"display_name":"apuntesdesanluis.com","author_link":"https:\/\/apuntesdesanluis.com\/index.php\/author\/apuntesdesanluis-com\/"},"category_info":"<a href=\"https:\/\/apuntesdesanluis.com\/index.php\/category\/nacionales-internacionales\/\" rel=\"category tag\">Nacionales\/Internacionales<\/a>","tag_info":"Nacionales\/Internacionales","comment_count":"0","_links":{"self":[{"href":"https:\/\/apuntesdesanluis.com\/index.php\/wp-json\/wp\/v2\/posts\/5414","targetHints":{"allow":["GET"]}}],"collection":[{"href":"https:\/\/apuntesdesanluis.com\/index.php\/wp-json\/wp\/v2\/posts"}],"about":[{"href":"https:\/\/apuntesdesanluis.com\/index.php\/wp-json\/wp\/v2\/types\/post"}],"author":[{"embeddable":true,"href":"https:\/\/apuntesdesanluis.com\/index.php\/wp-json\/wp\/v2\/users\/1"}],"replies":[{"embeddable":true,"href":"https:\/\/apuntesdesanluis.com\/index.php\/wp-json\/wp\/v2\/comments?post=5414"}],"version-history":[{"count":1,"href":"https:\/\/apuntesdesanluis.com\/index.php\/wp-json\/wp\/v2\/posts\/5414\/revisions"}],"predecessor-version":[{"id":5417,"href":"https:\/\/apuntesdesanluis.com\/index.php\/wp-json\/wp\/v2\/posts\/5414\/revisions\/5417"}],"wp:featuredmedia":[{"embeddable":true,"href":"https:\/\/apuntesdesanluis.com\/index.php\/wp-json\/wp\/v2\/media\/5415"}],"wp:attachment":[{"href":"https:\/\/apuntesdesanluis.com\/index.php\/wp-json\/wp\/v2\/media?parent=5414"}],"wp:term":[{"taxonomy":"category","embeddable":true,"href":"https:\/\/apuntesdesanluis.com\/index.php\/wp-json\/wp\/v2\/categories?post=5414"},{"taxonomy":"post_tag","embeddable":true,"href":"https:\/\/apuntesdesanluis.com\/index.php\/wp-json\/wp\/v2\/tags?post=5414"}],"curies":[{"name":"wp","href":"https:\/\/api.w.org\/{rel}","templated":true}]}}