{"id":5426,"date":"2023-10-19T20:36:07","date_gmt":"2023-10-19T23:36:07","guid":{"rendered":"https:\/\/apuntesdesanluis.com\/?p=5426"},"modified":"2023-10-19T21:56:32","modified_gmt":"2023-10-20T00:56:32","slug":"un-referente-de-milei-pidio-romper-relaciones-diplomaticas-con-el-vaticano","status":"publish","type":"post","link":"https:\/\/apuntesdesanluis.com\/index.php\/2023\/10\/19\/un-referente-de-milei-pidio-romper-relaciones-diplomaticas-con-el-vaticano\/","title":{"rendered":"UN REFERENTE DE MILEI PIDI\u00d3 ROMPER RELACIONES DIPLOM\u00c1TICAS CON EL VATICANO Y LA IGLESIA LE RESPONDI\u00d3"},"content":{"rendered":"<h3>El economista <strong>Alberto Benegas Lynch<\/strong> plante\u00f3 otra pol\u00e9mica propuesta si el candidato libertario Javier Milei logra imponerse en las elecciones: romper el v\u00ednculo con El Vaticano.<\/h3>\n<h3>Lo hizo desde el Movistar Arena, en ocasi\u00f3n del cierre de campa\u00f1a, y se condice con las cr\u00edticas que, en m\u00e1s de una oportunidad, el libertario fundador de La Libertad Avanza esgrimi\u00f3 contra el Papa Francisco.<\/h3>\n<h3>&#8220;Por consideraci\u00f3n y respeto a mi religi\u00f3n cat\u00f3lica creo que habr\u00eda que imitar lo que hizo el presidente Roca y suspender las relaciones diplom\u00e1ticas con el Vaticano mientras all\u00ed prime el esp\u00edritu totalitario&#8221;, afirm\u00f3 Benegas Lynch, quien recibe total admiraci\u00f3n de Milei que lo referencia como &#8220;un pr\u00f3cer del liberalismo&#8221;.<\/h3>\n<h3>Tras sus expresiones, aclar\u00f3 que asum\u00eda la responsabilidad y que la iniciativa \u201cno compromete la posici\u00f3n de Javier Milei\u201d.<\/h3>\n<p><iframe title=\"Benegas Lynch inst\u00f3 a romper con el Vaticano. Valenzuela llam\u00f3 a cortar boleta: &quot;vot\u00e1 con libertad&quot;\" width=\"640\" height=\"360\" src=\"https:\/\/www.youtube.com\/embed\/Jl-kX_I2P5U?feature=oembed\" frameborder=\"0\" allow=\"accelerometer; autoplay; clipboard-write; encrypted-media; gyroscope; picture-in-picture; web-share\" referrerpolicy=\"strict-origin-when-cross-origin\" allowfullscreen><\/iframe><\/p>\n<h3><span style=\"color: #000000;\"><strong>DURA RESPUESTA<\/strong><\/span><\/h3>\n<h3>Esta cr\u00edtica gener\u00f3 una fuerte reacci\u00f3n del arzobispo de Buenos Aires, <span style=\"color: #000000;\">Jos\u00e9 Ignacio Garc\u00eda Cuerva<\/span>, quien asegur\u00f3 estar \u201cazorado y sorprendido\u201d. \u201cNos encontramos azorados con este cierre de campa\u00f1a en el que propone alguien en nombre de \u2018mi religi\u00f3n cat\u00f3lica\u2019, debe tener una religi\u00f3n privada, propia\u201d, indic\u00f3.<\/h3>\n<h3>\u00a0\u201cYo quisiera romper las relaciones con la inflaci\u00f3n, con la marginalidad\u201d, agreg\u00f3 Garc\u00eda Cuerva, al tiempo que destac\u00f3 la necesidad de \u201cbuscar puntos de encuentro\u201d en lugar de buscar instalar \u201cuna nueva grieta\u201d.<\/h3>\n<h3>En esta l\u00ednea, a\u00f1adi\u00f3: \u201cPara los cat\u00f3licos la figura del Santo Padre va m\u00e1s all\u00e1 de quien sea porque convencidos estamos de que ac\u00e1 interviene el Esp\u00edritu Santo, no es solamente una autoridad, sino que es nuestro pastor, nuestro referente universal\u201d. \u201cEs por lo menos como impactante\u201d, agreg\u00f3 en referencia a los dichos de Benegas Lynch.<\/h3>\n<h3>Garc\u00eda Cuerva, adem\u00e1s, record\u00f3 que en el ejemplo que Benegas Lynch us\u00f3, en 1884, cuando se promulg\u00f3 la Ley de Educaci\u00f3n N\u00b0 1420, si bien el presidente Julio A. Roca le hab\u00eda retirado el permiso diplom\u00e1tico al nuncio apost\u00f3lico de ese entonces, \u201cfue el mismo Roca quien restableci\u00f3 la relaci\u00f3n diplom\u00e1tica 16 a\u00f1os despu\u00e9s\u201d, y agreg\u00f3: \u201cTenemos que aprender de la historia\u201d porque \u201ceste tipo de enfrentamientos no nos sirve\u201d.<\/h3>\n<h3>\u00a0\u201cRespeto cualquier motivaci\u00f3n que tenga la gente para votar a su candidato\u201d, dijo el arzobispo porte\u00f1o y agreg\u00f3: \u201cPero lo que me impact\u00f3 fueron los aplausos y gritos de vivando con que respondieron a la propuesta de romper relaciones con la Santa Sede\u201d y que eso lo hagan \u201cen nombre de la libertad\u201d.<\/h3>\n","protected":false},"excerpt":{"rendered":"<p>El economista Alberto Benegas Lynch plante\u00f3 otra pol\u00e9mica propuesta si el candidato libertario Javier Milei&#8230;<\/p>\n","protected":false},"author":1,"featured_media":5427,"comment_status":"closed","ping_status":"closed","sticky":false,"template":"","format":"standard","meta":{"footnotes":""},"categories":[5],"tags":[],"class_list":["post-5426","post","type-post","status-publish","format-standard","has-post-thumbnail","hentry","category-nacionales-internacionales"],"yoast_head":"<!-- This site is optimized with the Yoast SEO plugin v26.1.1 - https:\/\/yoast.com\/wordpress\/plugins\/seo\/ -->\n<title>UN REFERENTE DE MILEI PIDI\u00d3 ROMPER RELACIONES DIPLOM\u00c1TICAS CON EL VATICANO Y LA IGLESIA LE RESPONDI\u00d3 - Apuntes de San Luis<\/title>\n<meta name=\"robots\" content=\"index, follow, max-snippet:-1, max-image-preview:large, max-video-preview:-1\" \/>\n<link rel=\"canonical\" href=\"https:\/\/apuntesdesanluis.com\/index.php\/2023\/10\/19\/un-referente-de-milei-pidio-romper-relaciones-diplomaticas-con-el-vaticano\/\" \/>\n<meta property=\"og:locale\" content=\"es_ES\" \/>\n<meta property=\"og:type\" content=\"article\" \/>\n<meta property=\"og:title\" content=\"UN REFERENTE DE MILEI PIDI\u00d3 ROMPER RELACIONES DIPLOM\u00c1TICAS CON EL VATICANO Y LA IGLESIA LE RESPONDI\u00d3 - Apuntes de San Luis\" \/>\n<meta property=\"og:description\" content=\"El economista Alberto Benegas Lynch plante\u00f3 otra pol\u00e9mica propuesta si el candidato libertario Javier Milei...\" \/>\n<meta property=\"og:url\" content=\"https:\/\/apuntesdesanluis.com\/index.php\/2023\/10\/19\/un-referente-de-milei-pidio-romper-relaciones-diplomaticas-con-el-vaticano\/\" \/>\n<meta property=\"og:site_name\" content=\"Apuntes de San Luis\" \/>\n<meta property=\"article:published_time\" content=\"2023-10-19T23:36:07+00:00\" \/>\n<meta property=\"article:modified_time\" content=\"2023-10-20T00:56:32+00:00\" \/>\n<meta property=\"og:image\" content=\"https:\/\/apuntesdesanluis.com\/wp-content\/uploads\/2023\/10\/benegas-lynch.png\" \/>\n\t<meta property=\"og:image:width\" content=\"884\" \/>\n\t<meta property=\"og:image:height\" content=\"504\" \/>\n\t<meta property=\"og:image:type\" content=\"image\/png\" \/>\n<meta name=\"author\" content=\"apuntesdesanluis.com\" \/>\n<meta name=\"twitter:card\" content=\"summary_large_image\" \/>\n<meta name=\"twitter:label1\" content=\"Escrito por\" \/>\n\t<meta name=\"twitter:data1\" content=\"apuntesdesanluis.com\" \/>\n\t<meta name=\"twitter:label2\" content=\"Tiempo de lectura\" \/>\n\t<meta name=\"twitter:data2\" content=\"2 minutos\" \/>\n<script type=\"application\/ld+json\" class=\"yoast-schema-graph\">{\"@context\":\"https:\/\/schema.org\",\"@graph\":[{\"@type\":\"Article\",\"@id\":\"https:\/\/apuntesdesanluis.com\/index.php\/2023\/10\/19\/un-referente-de-milei-pidio-romper-relaciones-diplomaticas-con-el-vaticano\/#article\",\"isPartOf\":{\"@id\":\"https:\/\/apuntesdesanluis.com\/index.php\/2023\/10\/19\/un-referente-de-milei-pidio-romper-relaciones-diplomaticas-con-el-vaticano\/\"},\"author\":{\"name\":\"apuntesdesanluis.com\",\"@id\":\"https:\/\/apuntesdesanluis.com\/#\/schema\/person\/b55151d52296fcce64d1a72538a70b90\"},\"headline\":\"UN REFERENTE DE MILEI PIDI\u00d3 ROMPER RELACIONES DIPLOM\u00c1TICAS CON EL VATICANO Y LA IGLESIA LE RESPONDI\u00d3\",\"datePublished\":\"2023-10-19T23:36:07+00:00\",\"dateModified\":\"2023-10-20T00:56:32+00:00\",\"mainEntityOfPage\":{\"@id\":\"https:\/\/apuntesdesanluis.com\/index.php\/2023\/10\/19\/un-referente-de-milei-pidio-romper-relaciones-diplomaticas-con-el-vaticano\/\"},\"wordCount\":460,\"publisher\":{\"@id\":\"https:\/\/apuntesdesanluis.com\/#\/schema\/person\/b55151d52296fcce64d1a72538a70b90\"},\"image\":{\"@id\":\"https:\/\/apuntesdesanluis.com\/index.php\/2023\/10\/19\/un-referente-de-milei-pidio-romper-relaciones-diplomaticas-con-el-vaticano\/#primaryimage\"},\"thumbnailUrl\":\"https:\/\/apuntesdesanluis.com\/wp-content\/uploads\/2023\/10\/benegas-lynch.png\",\"articleSection\":[\"Nacionales\/Internacionales\"],\"inLanguage\":\"es-AR\"},{\"@type\":\"WebPage\",\"@id\":\"https:\/\/apuntesdesanluis.com\/index.php\/2023\/10\/19\/un-referente-de-milei-pidio-romper-relaciones-diplomaticas-con-el-vaticano\/\",\"url\":\"https:\/\/apuntesdesanluis.com\/index.php\/2023\/10\/19\/un-referente-de-milei-pidio-romper-relaciones-diplomaticas-con-el-vaticano\/\",\"name\":\"UN REFERENTE DE MILEI PIDI\u00d3 ROMPER RELACIONES DIPLOM\u00c1TICAS CON EL VATICANO Y LA IGLESIA LE RESPONDI\u00d3 - Apuntes de San Luis\",\"isPartOf\":{\"@id\":\"https:\/\/apuntesdesanluis.com\/#website\"},\"primaryImageOfPage\":{\"@id\":\"https:\/\/apuntesdesanluis.com\/index.php\/2023\/10\/19\/un-referente-de-milei-pidio-romper-relaciones-diplomaticas-con-el-vaticano\/#primaryimage\"},\"image\":{\"@id\":\"https:\/\/apuntesdesanluis.com\/index.php\/2023\/10\/19\/un-referente-de-milei-pidio-romper-relaciones-diplomaticas-con-el-vaticano\/#primaryimage\"},\"thumbnailUrl\":\"https:\/\/apuntesdesanluis.com\/wp-content\/uploads\/2023\/10\/benegas-lynch.png\",\"datePublished\":\"2023-10-19T23:36:07+00:00\",\"dateModified\":\"2023-10-20T00:56:32+00:00\",\"breadcrumb\":{\"@id\":\"https:\/\/apuntesdesanluis.com\/index.php\/2023\/10\/19\/un-referente-de-milei-pidio-romper-relaciones-diplomaticas-con-el-vaticano\/#breadcrumb\"},\"inLanguage\":\"es-AR\",\"potentialAction\":[{\"@type\":\"ReadAction\",\"target\":[\"https:\/\/apuntesdesanluis.com\/index.php\/2023\/10\/19\/un-referente-de-milei-pidio-romper-relaciones-diplomaticas-con-el-vaticano\/\"]}]},{\"@type\":\"ImageObject\",\"inLanguage\":\"es-AR\",\"@id\":\"https:\/\/apuntesdesanluis.com\/index.php\/2023\/10\/19\/un-referente-de-milei-pidio-romper-relaciones-diplomaticas-con-el-vaticano\/#primaryimage\",\"url\":\"https:\/\/apuntesdesanluis.com\/wp-content\/uploads\/2023\/10\/benegas-lynch.png\",\"contentUrl\":\"https:\/\/apuntesdesanluis.com\/wp-content\/uploads\/2023\/10\/benegas-lynch.png\",\"width\":884,\"height\":504},{\"@type\":\"BreadcrumbList\",\"@id\":\"https:\/\/apuntesdesanluis.com\/index.php\/2023\/10\/19\/un-referente-de-milei-pidio-romper-relaciones-diplomaticas-con-el-vaticano\/#breadcrumb\",\"itemListElement\":[{\"@type\":\"ListItem\",\"position\":1,\"name\":\"Inicio\",\"item\":\"https:\/\/apuntesdesanluis.com\/\"},{\"@type\":\"ListItem\",\"position\":2,\"name\":\"UN REFERENTE DE MILEI PIDI\u00d3 ROMPER RELACIONES DIPLOM\u00c1TICAS CON EL VATICANO Y LA IGLESIA LE RESPONDI\u00d3\"}]},{\"@type\":\"WebSite\",\"@id\":\"https:\/\/apuntesdesanluis.com\/#website\",\"url\":\"https:\/\/apuntesdesanluis.com\/\",\"name\":\"Apuntes de San Luis\",\"description\":\"\",\"publisher\":{\"@id\":\"https:\/\/apuntesdesanluis.com\/#\/schema\/person\/b55151d52296fcce64d1a72538a70b90\"},\"potentialAction\":[{\"@type\":\"SearchAction\",\"target\":{\"@type\":\"EntryPoint\",\"urlTemplate\":\"https:\/\/apuntesdesanluis.com\/?s={search_term_string}\"},\"query-input\":{\"@type\":\"PropertyValueSpecification\",\"valueRequired\":true,\"valueName\":\"search_term_string\"}}],\"inLanguage\":\"es-AR\"},{\"@type\":[\"Person\",\"Organization\"],\"@id\":\"https:\/\/apuntesdesanluis.com\/#\/schema\/person\/b55151d52296fcce64d1a72538a70b90\",\"name\":\"apuntesdesanluis.com\",\"image\":{\"@type\":\"ImageObject\",\"inLanguage\":\"es-AR\",\"@id\":\"https:\/\/apuntesdesanluis.com\/#\/schema\/person\/image\/\",\"url\":\"https:\/\/apuntesdesanluis.com\/wp-content\/uploads\/2023\/07\/cropped-apuntesdesanluis.png\",\"contentUrl\":\"https:\/\/apuntesdesanluis.com\/wp-content\/uploads\/2023\/07\/cropped-apuntesdesanluis.png\",\"width\":450,\"height\":112,\"caption\":\"apuntesdesanluis.com\"},\"logo\":{\"@id\":\"https:\/\/apuntesdesanluis.com\/#\/schema\/person\/image\/\"},\"sameAs\":[\"https:\/\/apuntesdesanluis.com\"],\"url\":\"https:\/\/apuntesdesanluis.com\/index.php\/author\/apuntesdesanluis-com\/\"}]}<\/script>\n<!-- \/ Yoast SEO plugin. -->","yoast_head_json":{"title":"UN REFERENTE DE MILEI PIDI\u00d3 ROMPER RELACIONES DIPLOM\u00c1TICAS CON EL VATICANO Y LA IGLESIA LE RESPONDI\u00d3 - Apuntes de San Luis","robots":{"index":"index","follow":"follow","max-snippet":"max-snippet:-1","max-image-preview":"max-image-preview:large","max-video-preview":"max-video-preview:-1"},"canonical":"https:\/\/apuntesdesanluis.com\/index.php\/2023\/10\/19\/un-referente-de-milei-pidio-romper-relaciones-diplomaticas-con-el-vaticano\/","og_locale":"es_ES","og_type":"article","og_title":"UN REFERENTE DE MILEI PIDI\u00d3 ROMPER RELACIONES DIPLOM\u00c1TICAS CON EL VATICANO Y LA IGLESIA LE RESPONDI\u00d3 - Apuntes de San Luis","og_description":"El economista Alberto Benegas Lynch plante\u00f3 otra pol\u00e9mica propuesta si el candidato libertario Javier Milei...","og_url":"https:\/\/apuntesdesanluis.com\/index.php\/2023\/10\/19\/un-referente-de-milei-pidio-romper-relaciones-diplomaticas-con-el-vaticano\/","og_site_name":"Apuntes de San Luis","article_published_time":"2023-10-19T23:36:07+00:00","article_modified_time":"2023-10-20T00:56:32+00:00","og_image":[{"width":884,"height":504,"url":"https:\/\/apuntesdesanluis.com\/wp-content\/uploads\/2023\/10\/benegas-lynch.png","type":"image\/png"}],"author":"apuntesdesanluis.com","twitter_card":"summary_large_image","twitter_misc":{"Escrito por":"apuntesdesanluis.com","Tiempo de lectura":"2 minutos"},"schema":{"@context":"https:\/\/schema.org","@graph":[{"@type":"Article","@id":"https:\/\/apuntesdesanluis.com\/index.php\/2023\/10\/19\/un-referente-de-milei-pidio-romper-relaciones-diplomaticas-con-el-vaticano\/#article","isPartOf":{"@id":"https:\/\/apuntesdesanluis.com\/index.php\/2023\/10\/19\/un-referente-de-milei-pidio-romper-relaciones-diplomaticas-con-el-vaticano\/"},"author":{"name":"apuntesdesanluis.com","@id":"https:\/\/apuntesdesanluis.com\/#\/schema\/person\/b55151d52296fcce64d1a72538a70b90"},"headline":"UN REFERENTE DE MILEI PIDI\u00d3 ROMPER RELACIONES DIPLOM\u00c1TICAS CON EL VATICANO Y LA IGLESIA LE RESPONDI\u00d3","datePublished":"2023-10-19T23:36:07+00:00","dateModified":"2023-10-20T00:56:32+00:00","mainEntityOfPage":{"@id":"https:\/\/apuntesdesanluis.com\/index.php\/2023\/10\/19\/un-referente-de-milei-pidio-romper-relaciones-diplomaticas-con-el-vaticano\/"},"wordCount":460,"publisher":{"@id":"https:\/\/apuntesdesanluis.com\/#\/schema\/person\/b55151d52296fcce64d1a72538a70b90"},"image":{"@id":"https:\/\/apuntesdesanluis.com\/index.php\/2023\/10\/19\/un-referente-de-milei-pidio-romper-relaciones-diplomaticas-con-el-vaticano\/#primaryimage"},"thumbnailUrl":"https:\/\/apuntesdesanluis.com\/wp-content\/uploads\/2023\/10\/benegas-lynch.png","articleSection":["Nacionales\/Internacionales"],"inLanguage":"es-AR"},{"@type":"WebPage","@id":"https:\/\/apuntesdesanluis.com\/index.php\/2023\/10\/19\/un-referente-de-milei-pidio-romper-relaciones-diplomaticas-con-el-vaticano\/","url":"https:\/\/apuntesdesanluis.com\/index.php\/2023\/10\/19\/un-referente-de-milei-pidio-romper-relaciones-diplomaticas-con-el-vaticano\/","name":"UN REFERENTE DE MILEI PIDI\u00d3 ROMPER RELACIONES DIPLOM\u00c1TICAS CON EL VATICANO Y LA IGLESIA LE RESPONDI\u00d3 - Apuntes de San Luis","isPartOf":{"@id":"https:\/\/apuntesdesanluis.com\/#website"},"primaryImageOfPage":{"@id":"https:\/\/apuntesdesanluis.com\/index.php\/2023\/10\/19\/un-referente-de-milei-pidio-romper-relaciones-diplomaticas-con-el-vaticano\/#primaryimage"},"image":{"@id":"https:\/\/apuntesdesanluis.com\/index.php\/2023\/10\/19\/un-referente-de-milei-pidio-romper-relaciones-diplomaticas-con-el-vaticano\/#primaryimage"},"thumbnailUrl":"https:\/\/apuntesdesanluis.com\/wp-content\/uploads\/2023\/10\/benegas-lynch.png","datePublished":"2023-10-19T23:36:07+00:00","dateModified":"2023-10-20T00:56:32+00:00","breadcrumb":{"@id":"https:\/\/apuntesdesanluis.com\/index.php\/2023\/10\/19\/un-referente-de-milei-pidio-romper-relaciones-diplomaticas-con-el-vaticano\/#breadcrumb"},"inLanguage":"es-AR","potentialAction":[{"@type":"ReadAction","target":["https:\/\/apuntesdesanluis.com\/index.php\/2023\/10\/19\/un-referente-de-milei-pidio-romper-relaciones-diplomaticas-con-el-vaticano\/"]}]},{"@type":"ImageObject","inLanguage":"es-AR","@id":"https:\/\/apuntesdesanluis.com\/index.php\/2023\/10\/19\/un-referente-de-milei-pidio-romper-relaciones-diplomaticas-con-el-vaticano\/#primaryimage","url":"https:\/\/apuntesdesanluis.com\/wp-content\/uploads\/2023\/10\/benegas-lynch.png","contentUrl":"https:\/\/apuntesdesanluis.com\/wp-content\/uploads\/2023\/10\/benegas-lynch.png","width":884,"height":504},{"@type":"BreadcrumbList","@id":"https:\/\/apuntesdesanluis.com\/index.php\/2023\/10\/19\/un-referente-de-milei-pidio-romper-relaciones-diplomaticas-con-el-vaticano\/#breadcrumb","itemListElement":[{"@type":"ListItem","position":1,"name":"Inicio","item":"https:\/\/apuntesdesanluis.com\/"},{"@type":"ListItem","position":2,"name":"UN REFERENTE DE MILEI PIDI\u00d3 ROMPER RELACIONES DIPLOM\u00c1TICAS CON EL VATICANO Y LA IGLESIA LE RESPONDI\u00d3"}]},{"@type":"WebSite","@id":"https:\/\/apuntesdesanluis.com\/#website","url":"https:\/\/apuntesdesanluis.com\/","name":"Apuntes de San Luis","description":"","publisher":{"@id":"https:\/\/apuntesdesanluis.com\/#\/schema\/person\/b55151d52296fcce64d1a72538a70b90"},"potentialAction":[{"@type":"SearchAction","target":{"@type":"EntryPoint","urlTemplate":"https:\/\/apuntesdesanluis.com\/?s={search_term_string}"},"query-input":{"@type":"PropertyValueSpecification","valueRequired":true,"valueName":"search_term_string"}}],"inLanguage":"es-AR"},{"@type":["Person","Organization"],"@id":"https:\/\/apuntesdesanluis.com\/#\/schema\/person\/b55151d52296fcce64d1a72538a70b90","name":"apuntesdesanluis.com","image":{"@type":"ImageObject","inLanguage":"es-AR","@id":"https:\/\/apuntesdesanluis.com\/#\/schema\/person\/image\/","url":"https:\/\/apuntesdesanluis.com\/wp-content\/uploads\/2023\/07\/cropped-apuntesdesanluis.png","contentUrl":"https:\/\/apuntesdesanluis.com\/wp-content\/uploads\/2023\/07\/cropped-apuntesdesanluis.png","width":450,"height":112,"caption":"apuntesdesanluis.com"},"logo":{"@id":"https:\/\/apuntesdesanluis.com\/#\/schema\/person\/image\/"},"sameAs":["https:\/\/apuntesdesanluis.com"],"url":"https:\/\/apuntesdesanluis.com\/index.php\/author\/apuntesdesanluis-com\/"}]}},"featured_image_urls":{"full":["https:\/\/apuntesdesanluis.com\/wp-content\/uploads\/2023\/10\/benegas-lynch.png",884,504,false],"thumbnail":["https:\/\/apuntesdesanluis.com\/wp-content\/uploads\/2023\/10\/benegas-lynch-150x150.png",150,150,true],"medium":["https:\/\/apuntesdesanluis.com\/wp-content\/uploads\/2023\/10\/benegas-lynch-300x171.png",300,171,true],"medium_large":["https:\/\/apuntesdesanluis.com\/wp-content\/uploads\/2023\/10\/benegas-lynch-768x438.png",640,365,true],"large":["https:\/\/apuntesdesanluis.com\/wp-content\/uploads\/2023\/10\/benegas-lynch.png",640,365,false],"1536x1536":["https:\/\/apuntesdesanluis.com\/wp-content\/uploads\/2023\/10\/benegas-lynch.png",884,504,false],"2048x2048":["https:\/\/apuntesdesanluis.com\/wp-content\/uploads\/2023\/10\/benegas-lynch.png",884,504,false],"newsever-slider-full":["https:\/\/apuntesdesanluis.com\/wp-content\/uploads\/2023\/10\/benegas-lynch.png",884,504,false],"newsever-featured":["https:\/\/apuntesdesanluis.com\/wp-content\/uploads\/2023\/10\/benegas-lynch.png",884,504,false],"newsever-medium":["https:\/\/apuntesdesanluis.com\/wp-content\/uploads\/2023\/10\/benegas-lynch-720x475.png",720,475,true]},"author_info":{"display_name":"apuntesdesanluis.com","author_link":"https:\/\/apuntesdesanluis.com\/index.php\/author\/apuntesdesanluis-com\/"},"category_info":"<a href=\"https:\/\/apuntesdesanluis.com\/index.php\/category\/nacionales-internacionales\/\" rel=\"category tag\">Nacionales\/Internacionales<\/a>","tag_info":"Nacionales\/Internacionales","comment_count":"0","_links":{"self":[{"href":"https:\/\/apuntesdesanluis.com\/index.php\/wp-json\/wp\/v2\/posts\/5426","targetHints":{"allow":["GET"]}}],"collection":[{"href":"https:\/\/apuntesdesanluis.com\/index.php\/wp-json\/wp\/v2\/posts"}],"about":[{"href":"https:\/\/apuntesdesanluis.com\/index.php\/wp-json\/wp\/v2\/types\/post"}],"author":[{"embeddable":true,"href":"https:\/\/apuntesdesanluis.com\/index.php\/wp-json\/wp\/v2\/users\/1"}],"replies":[{"embeddable":true,"href":"https:\/\/apuntesdesanluis.com\/index.php\/wp-json\/wp\/v2\/comments?post=5426"}],"version-history":[{"count":2,"href":"https:\/\/apuntesdesanluis.com\/index.php\/wp-json\/wp\/v2\/posts\/5426\/revisions"}],"predecessor-version":[{"id":5463,"href":"https:\/\/apuntesdesanluis.com\/index.php\/wp-json\/wp\/v2\/posts\/5426\/revisions\/5463"}],"wp:featuredmedia":[{"embeddable":true,"href":"https:\/\/apuntesdesanluis.com\/index.php\/wp-json\/wp\/v2\/media\/5427"}],"wp:attachment":[{"href":"https:\/\/apuntesdesanluis.com\/index.php\/wp-json\/wp\/v2\/media?parent=5426"}],"wp:term":[{"taxonomy":"category","embeddable":true,"href":"https:\/\/apuntesdesanluis.com\/index.php\/wp-json\/wp\/v2\/categories?post=5426"},{"taxonomy":"post_tag","embeddable":true,"href":"https:\/\/apuntesdesanluis.com\/index.php\/wp-json\/wp\/v2\/tags?post=5426"}],"curies":[{"name":"wp","href":"https:\/\/api.w.org\/{rel}","templated":true}]}}