{"id":5429,"date":"2023-10-19T20:43:07","date_gmt":"2023-10-19T23:43:07","guid":{"rendered":"https:\/\/apuntesdesanluis.com\/?p=5429"},"modified":"2023-10-19T20:43:07","modified_gmt":"2023-10-19T23:43:07","slug":"la-carolina-el-pueblo-de-san-luis-elegido-entre-los-mas-lindos-del-mundo","status":"publish","type":"post","link":"https:\/\/apuntesdesanluis.com\/index.php\/2023\/10\/19\/la-carolina-el-pueblo-de-san-luis-elegido-entre-los-mas-lindos-del-mundo\/","title":{"rendered":"LA CAROLINA, EL PUEBLO DE SAN LUIS ELEGIDO ENTRE LOS M\u00c1S LINDOS DEL MUNDO"},"content":{"rendered":"<h3><strong>La Carolina<\/strong>, ubicada en el coraz\u00f3n de las sierras centrales de San Luis, recibi\u00f3 el reconocimiento &#8220;<strong>Best Tourism Villages<\/strong>\u201d a los pueblos tur\u00edsticos m\u00e1s lindos del mundo durante la 25\u00ba Asamblea General de la <strong>Organizaci\u00f3n Mundial del Turismo<\/strong> (OMT), que se desarrolla en la ciudad de Samarcanda, en Uzbekist\u00e1n.<\/h3>\n<h3>Se trata de una distinci\u00f3n que tiene como objetivo visibilizar experiencias y roles de la actividad tur\u00edstica en el desarrollo local desde sus dimensiones sociales, ambientales y econ\u00f3micas, y La Carolina fue postulada a trav\u00e9s de la gesti\u00f3n de la Secretar\u00eda de Turismo puntana y el Ministerio de Turismo y Deportes de la Naci\u00f3n.<\/h3>\n<h3>\u201cBest Tourism Villages\u201d reconoce destinos de turismo rural (en esta edici\u00f3n fueron 54 de todo el mundo) con activos culturales y naturales acreditados, un compromiso con la preservaci\u00f3n de los valores comunitarios y un compromiso claro con la innovaci\u00f3n y la sostenibilidad en las dimensiones econ\u00f3mica, social y ambiental, seg\u00fan se explica en la p\u00e1gina web la OMT.<\/h3>\n<h3>Las localidades deben tener baja densidad demogr\u00e1fica (hasta 15 mil habitantes), estar situados en un paisaje natural y\/o cultural caracter\u00edstico y compartir valores y estilos de vida propios de la regi\u00f3n puestos en valor tur\u00edstico.<\/h3>\n<p><img fetchpriority=\"high\" decoding=\"async\" class=\"wp-image-5431 aligncenter\" src=\"https:\/\/apuntesdesanluis.com\/wp-content\/uploads\/2023\/10\/la-carolina-bar-300x172.png\" alt=\"\" width=\"753\" height=\"432\" srcset=\"https:\/\/apuntesdesanluis.com\/wp-content\/uploads\/2023\/10\/la-carolina-bar-300x172.png 300w, https:\/\/apuntesdesanluis.com\/wp-content\/uploads\/2023\/10\/la-carolina-bar.png 741w\" sizes=\"(max-width: 753px) 100vw, 753px\" \/><\/p>\n<h3>El pueblo de La Carolina es una larga callecita empedrada que sube y se pierde entre cerros, rodeada de casas de piedra que conservan el estilo colonial y la nostalgia de haber sido cuna de los m\u00edticos buscadores de oro.<\/h3>\n<h3>Convertido en uno de los principales atractivos tur\u00edsticos de San Luis, el lugar atrae a grandes y chicos por sus opciones: expediciones al interior de las minas, visitas a la Iglesia de piedra, cabalgatas, recorrida por la gruta con pinturas rupestres y la hist\u00f3rica Casa de Juan Cris\u00f3stomo Lafinur, actualmente Museo de la Poes\u00eda Manuscrita, todo en conjunci\u00f3n con una gastronom\u00eda aut\u00f3ctona.<\/h3>\n<h3>Con poco m\u00e1s de 300 habitantes, recostado al pie del Cerro Tomolasta, a una altura de m\u00e1s 1600 metros sobre el nivel del mar y en el centro mismo de las sierras sanluise\u00f1as, recorren el pueblo en forma de cu\u00f1a dos cauces de agua, el R\u00edo Amarillo y el r\u00edo Las Invernadas, que se unen formando el r\u00edo Grande.<\/h3>\n<h3>Al conocerse el reconocimiento, el secretario de Turismo de San Luis, <strong>Luis Macagno<\/strong>, destac\u00f3 que es un &#8220;gran orgullo&#8221; para la provincia y para La Carolina esta distinci\u00f3n, que calific\u00f3 como &#8220;la m\u00e1s importante que se otorga a un destino a nivel global&#8221;, al tiempo que refiri\u00f3 que &#8220;se trabaj\u00f3 mucho en la presentaci\u00f3n&#8221;.<\/h3>\n<h3>\u201cEste pueblo de altura y calles empedradas fue el epicentro de la fiebre del oro en Argentina durante los siglos XVIII y XIX&#8221;<\/h3>\n<h3>&#8220;Confi\u00e1bamos en que La Carolina iba a tener una posici\u00f3n destacada, pero nunca este nivel de reconocimiento por parte de la OMT. Hoy es un antes y un despu\u00e9s para el turismo de San Luis\u201d, sostuvo el funcionario puntano.<\/h3>\n<h3>\u201cEste pueblo de altura y calles empedradas fue el epicentro de la fiebre del oro en Argentina durante los siglos XVIII y XIX, primero con los espa\u00f1oles, luego con los ingleses, quienes agotaron los recursos de sus monta\u00f1as dejando un pasivo ambiental en la regi\u00f3n\u201d, detall\u00f3 Macagno.<\/h3>\n<h3>El funcionario agreg\u00f3 que \u201cafortunadamente de la mano del turismo sustentable, rescatando y poniendo en valor su maravillosa historia, La Carolina supo crecer y generar desarrollo y oportunidades para su gente, y hoy la cultura minera atraviesa todo el lugar, con las minas abandonadas que se pueden visitar, buscar oro de manera artesanal en su R\u00edo Amarillo, con sus pirqueros que, con su oficio ancestral siguen construyendo en piedra casas y pircas por toda la zona\u201d.<\/h3>\n<p>&nbsp;<\/p>\n","protected":false},"excerpt":{"rendered":"<p>La Carolina, ubicada en el coraz\u00f3n de las sierras centrales de San Luis, recibi\u00f3 el&#8230;<\/p>\n","protected":false},"author":1,"featured_media":5430,"comment_status":"closed","ping_status":"closed","sticky":false,"template":"","format":"standard","meta":{"footnotes":""},"categories":[6],"tags":[],"class_list":["post-5429","post","type-post","status-publish","format-standard","has-post-thumbnail","hentry","category-ciudad-provincia"],"yoast_head":"<!-- This site is optimized with the Yoast SEO plugin v26.1.1 - https:\/\/yoast.com\/wordpress\/plugins\/seo\/ -->\n<title>LA CAROLINA, EL PUEBLO DE SAN LUIS ELEGIDO ENTRE LOS M\u00c1S LINDOS DEL MUNDO - Apuntes de San Luis<\/title>\n<meta name=\"robots\" content=\"index, follow, max-snippet:-1, max-image-preview:large, max-video-preview:-1\" \/>\n<link rel=\"canonical\" href=\"https:\/\/apuntesdesanluis.com\/index.php\/2023\/10\/19\/la-carolina-el-pueblo-de-san-luis-elegido-entre-los-mas-lindos-del-mundo\/\" \/>\n<meta property=\"og:locale\" content=\"es_ES\" \/>\n<meta property=\"og:type\" content=\"article\" \/>\n<meta property=\"og:title\" content=\"LA CAROLINA, EL PUEBLO DE SAN LUIS ELEGIDO ENTRE LOS M\u00c1S LINDOS DEL MUNDO - Apuntes de San Luis\" \/>\n<meta property=\"og:description\" content=\"La Carolina, ubicada en el coraz\u00f3n de las sierras centrales de San Luis, recibi\u00f3 el...\" \/>\n<meta property=\"og:url\" content=\"https:\/\/apuntesdesanluis.com\/index.php\/2023\/10\/19\/la-carolina-el-pueblo-de-san-luis-elegido-entre-los-mas-lindos-del-mundo\/\" \/>\n<meta property=\"og:site_name\" content=\"Apuntes de San Luis\" \/>\n<meta property=\"article:published_time\" content=\"2023-10-19T23:43:07+00:00\" \/>\n<meta property=\"og:image\" content=\"https:\/\/apuntesdesanluis.com\/wp-content\/uploads\/2023\/10\/la-carolina-aerea.png\" \/>\n\t<meta property=\"og:image:width\" content=\"692\" \/>\n\t<meta property=\"og:image:height\" content=\"414\" \/>\n\t<meta property=\"og:image:type\" content=\"image\/png\" \/>\n<meta name=\"author\" content=\"apuntesdesanluis.com\" \/>\n<meta name=\"twitter:card\" content=\"summary_large_image\" \/>\n<meta name=\"twitter:label1\" content=\"Escrito por\" \/>\n\t<meta name=\"twitter:data1\" content=\"apuntesdesanluis.com\" \/>\n\t<meta name=\"twitter:label2\" content=\"Tiempo de lectura\" \/>\n\t<meta name=\"twitter:data2\" content=\"3 minutos\" \/>\n<script type=\"application\/ld+json\" class=\"yoast-schema-graph\">{\"@context\":\"https:\/\/schema.org\",\"@graph\":[{\"@type\":\"Article\",\"@id\":\"https:\/\/apuntesdesanluis.com\/index.php\/2023\/10\/19\/la-carolina-el-pueblo-de-san-luis-elegido-entre-los-mas-lindos-del-mundo\/#article\",\"isPartOf\":{\"@id\":\"https:\/\/apuntesdesanluis.com\/index.php\/2023\/10\/19\/la-carolina-el-pueblo-de-san-luis-elegido-entre-los-mas-lindos-del-mundo\/\"},\"author\":{\"name\":\"apuntesdesanluis.com\",\"@id\":\"https:\/\/apuntesdesanluis.com\/#\/schema\/person\/b55151d52296fcce64d1a72538a70b90\"},\"headline\":\"LA CAROLINA, EL PUEBLO DE SAN LUIS ELEGIDO ENTRE LOS M\u00c1S LINDOS DEL MUNDO\",\"datePublished\":\"2023-10-19T23:43:07+00:00\",\"mainEntityOfPage\":{\"@id\":\"https:\/\/apuntesdesanluis.com\/index.php\/2023\/10\/19\/la-carolina-el-pueblo-de-san-luis-elegido-entre-los-mas-lindos-del-mundo\/\"},\"wordCount\":655,\"publisher\":{\"@id\":\"https:\/\/apuntesdesanluis.com\/#\/schema\/person\/b55151d52296fcce64d1a72538a70b90\"},\"image\":{\"@id\":\"https:\/\/apuntesdesanluis.com\/index.php\/2023\/10\/19\/la-carolina-el-pueblo-de-san-luis-elegido-entre-los-mas-lindos-del-mundo\/#primaryimage\"},\"thumbnailUrl\":\"https:\/\/apuntesdesanluis.com\/wp-content\/uploads\/2023\/10\/la-carolina-aerea.png\",\"articleSection\":[\"Ciudad\/Provincia\"],\"inLanguage\":\"es-AR\"},{\"@type\":\"WebPage\",\"@id\":\"https:\/\/apuntesdesanluis.com\/index.php\/2023\/10\/19\/la-carolina-el-pueblo-de-san-luis-elegido-entre-los-mas-lindos-del-mundo\/\",\"url\":\"https:\/\/apuntesdesanluis.com\/index.php\/2023\/10\/19\/la-carolina-el-pueblo-de-san-luis-elegido-entre-los-mas-lindos-del-mundo\/\",\"name\":\"LA CAROLINA, EL PUEBLO DE SAN LUIS ELEGIDO ENTRE LOS M\u00c1S LINDOS DEL MUNDO - Apuntes de San Luis\",\"isPartOf\":{\"@id\":\"https:\/\/apuntesdesanluis.com\/#website\"},\"primaryImageOfPage\":{\"@id\":\"https:\/\/apuntesdesanluis.com\/index.php\/2023\/10\/19\/la-carolina-el-pueblo-de-san-luis-elegido-entre-los-mas-lindos-del-mundo\/#primaryimage\"},\"image\":{\"@id\":\"https:\/\/apuntesdesanluis.com\/index.php\/2023\/10\/19\/la-carolina-el-pueblo-de-san-luis-elegido-entre-los-mas-lindos-del-mundo\/#primaryimage\"},\"thumbnailUrl\":\"https:\/\/apuntesdesanluis.com\/wp-content\/uploads\/2023\/10\/la-carolina-aerea.png\",\"datePublished\":\"2023-10-19T23:43:07+00:00\",\"breadcrumb\":{\"@id\":\"https:\/\/apuntesdesanluis.com\/index.php\/2023\/10\/19\/la-carolina-el-pueblo-de-san-luis-elegido-entre-los-mas-lindos-del-mundo\/#breadcrumb\"},\"inLanguage\":\"es-AR\",\"potentialAction\":[{\"@type\":\"ReadAction\",\"target\":[\"https:\/\/apuntesdesanluis.com\/index.php\/2023\/10\/19\/la-carolina-el-pueblo-de-san-luis-elegido-entre-los-mas-lindos-del-mundo\/\"]}]},{\"@type\":\"ImageObject\",\"inLanguage\":\"es-AR\",\"@id\":\"https:\/\/apuntesdesanluis.com\/index.php\/2023\/10\/19\/la-carolina-el-pueblo-de-san-luis-elegido-entre-los-mas-lindos-del-mundo\/#primaryimage\",\"url\":\"https:\/\/apuntesdesanluis.com\/wp-content\/uploads\/2023\/10\/la-carolina-aerea.png\",\"contentUrl\":\"https:\/\/apuntesdesanluis.com\/wp-content\/uploads\/2023\/10\/la-carolina-aerea.png\",\"width\":692,\"height\":414},{\"@type\":\"BreadcrumbList\",\"@id\":\"https:\/\/apuntesdesanluis.com\/index.php\/2023\/10\/19\/la-carolina-el-pueblo-de-san-luis-elegido-entre-los-mas-lindos-del-mundo\/#breadcrumb\",\"itemListElement\":[{\"@type\":\"ListItem\",\"position\":1,\"name\":\"Inicio\",\"item\":\"https:\/\/apuntesdesanluis.com\/\"},{\"@type\":\"ListItem\",\"position\":2,\"name\":\"LA CAROLINA, EL PUEBLO DE SAN LUIS ELEGIDO ENTRE LOS M\u00c1S LINDOS DEL MUNDO\"}]},{\"@type\":\"WebSite\",\"@id\":\"https:\/\/apuntesdesanluis.com\/#website\",\"url\":\"https:\/\/apuntesdesanluis.com\/\",\"name\":\"Apuntes de San Luis\",\"description\":\"\",\"publisher\":{\"@id\":\"https:\/\/apuntesdesanluis.com\/#\/schema\/person\/b55151d52296fcce64d1a72538a70b90\"},\"potentialAction\":[{\"@type\":\"SearchAction\",\"target\":{\"@type\":\"EntryPoint\",\"urlTemplate\":\"https:\/\/apuntesdesanluis.com\/?s={search_term_string}\"},\"query-input\":{\"@type\":\"PropertyValueSpecification\",\"valueRequired\":true,\"valueName\":\"search_term_string\"}}],\"inLanguage\":\"es-AR\"},{\"@type\":[\"Person\",\"Organization\"],\"@id\":\"https:\/\/apuntesdesanluis.com\/#\/schema\/person\/b55151d52296fcce64d1a72538a70b90\",\"name\":\"apuntesdesanluis.com\",\"image\":{\"@type\":\"ImageObject\",\"inLanguage\":\"es-AR\",\"@id\":\"https:\/\/apuntesdesanluis.com\/#\/schema\/person\/image\/\",\"url\":\"https:\/\/apuntesdesanluis.com\/wp-content\/uploads\/2023\/07\/cropped-apuntesdesanluis.png\",\"contentUrl\":\"https:\/\/apuntesdesanluis.com\/wp-content\/uploads\/2023\/07\/cropped-apuntesdesanluis.png\",\"width\":450,\"height\":112,\"caption\":\"apuntesdesanluis.com\"},\"logo\":{\"@id\":\"https:\/\/apuntesdesanluis.com\/#\/schema\/person\/image\/\"},\"sameAs\":[\"https:\/\/apuntesdesanluis.com\"],\"url\":\"https:\/\/apuntesdesanluis.com\/index.php\/author\/apuntesdesanluis-com\/\"}]}<\/script>\n<!-- \/ Yoast SEO plugin. -->","yoast_head_json":{"title":"LA CAROLINA, EL PUEBLO DE SAN LUIS ELEGIDO ENTRE LOS M\u00c1S LINDOS DEL MUNDO - Apuntes de San Luis","robots":{"index":"index","follow":"follow","max-snippet":"max-snippet:-1","max-image-preview":"max-image-preview:large","max-video-preview":"max-video-preview:-1"},"canonical":"https:\/\/apuntesdesanluis.com\/index.php\/2023\/10\/19\/la-carolina-el-pueblo-de-san-luis-elegido-entre-los-mas-lindos-del-mundo\/","og_locale":"es_ES","og_type":"article","og_title":"LA CAROLINA, EL PUEBLO DE SAN LUIS ELEGIDO ENTRE LOS M\u00c1S LINDOS DEL MUNDO - Apuntes de San Luis","og_description":"La Carolina, ubicada en el coraz\u00f3n de las sierras centrales de San Luis, recibi\u00f3 el...","og_url":"https:\/\/apuntesdesanluis.com\/index.php\/2023\/10\/19\/la-carolina-el-pueblo-de-san-luis-elegido-entre-los-mas-lindos-del-mundo\/","og_site_name":"Apuntes de San Luis","article_published_time":"2023-10-19T23:43:07+00:00","og_image":[{"width":692,"height":414,"url":"https:\/\/apuntesdesanluis.com\/wp-content\/uploads\/2023\/10\/la-carolina-aerea.png","type":"image\/png"}],"author":"apuntesdesanluis.com","twitter_card":"summary_large_image","twitter_misc":{"Escrito por":"apuntesdesanluis.com","Tiempo de lectura":"3 minutos"},"schema":{"@context":"https:\/\/schema.org","@graph":[{"@type":"Article","@id":"https:\/\/apuntesdesanluis.com\/index.php\/2023\/10\/19\/la-carolina-el-pueblo-de-san-luis-elegido-entre-los-mas-lindos-del-mundo\/#article","isPartOf":{"@id":"https:\/\/apuntesdesanluis.com\/index.php\/2023\/10\/19\/la-carolina-el-pueblo-de-san-luis-elegido-entre-los-mas-lindos-del-mundo\/"},"author":{"name":"apuntesdesanluis.com","@id":"https:\/\/apuntesdesanluis.com\/#\/schema\/person\/b55151d52296fcce64d1a72538a70b90"},"headline":"LA CAROLINA, EL PUEBLO DE SAN LUIS ELEGIDO ENTRE LOS M\u00c1S LINDOS DEL MUNDO","datePublished":"2023-10-19T23:43:07+00:00","mainEntityOfPage":{"@id":"https:\/\/apuntesdesanluis.com\/index.php\/2023\/10\/19\/la-carolina-el-pueblo-de-san-luis-elegido-entre-los-mas-lindos-del-mundo\/"},"wordCount":655,"publisher":{"@id":"https:\/\/apuntesdesanluis.com\/#\/schema\/person\/b55151d52296fcce64d1a72538a70b90"},"image":{"@id":"https:\/\/apuntesdesanluis.com\/index.php\/2023\/10\/19\/la-carolina-el-pueblo-de-san-luis-elegido-entre-los-mas-lindos-del-mundo\/#primaryimage"},"thumbnailUrl":"https:\/\/apuntesdesanluis.com\/wp-content\/uploads\/2023\/10\/la-carolina-aerea.png","articleSection":["Ciudad\/Provincia"],"inLanguage":"es-AR"},{"@type":"WebPage","@id":"https:\/\/apuntesdesanluis.com\/index.php\/2023\/10\/19\/la-carolina-el-pueblo-de-san-luis-elegido-entre-los-mas-lindos-del-mundo\/","url":"https:\/\/apuntesdesanluis.com\/index.php\/2023\/10\/19\/la-carolina-el-pueblo-de-san-luis-elegido-entre-los-mas-lindos-del-mundo\/","name":"LA CAROLINA, EL PUEBLO DE SAN LUIS ELEGIDO ENTRE LOS M\u00c1S LINDOS DEL MUNDO - Apuntes de San Luis","isPartOf":{"@id":"https:\/\/apuntesdesanluis.com\/#website"},"primaryImageOfPage":{"@id":"https:\/\/apuntesdesanluis.com\/index.php\/2023\/10\/19\/la-carolina-el-pueblo-de-san-luis-elegido-entre-los-mas-lindos-del-mundo\/#primaryimage"},"image":{"@id":"https:\/\/apuntesdesanluis.com\/index.php\/2023\/10\/19\/la-carolina-el-pueblo-de-san-luis-elegido-entre-los-mas-lindos-del-mundo\/#primaryimage"},"thumbnailUrl":"https:\/\/apuntesdesanluis.com\/wp-content\/uploads\/2023\/10\/la-carolina-aerea.png","datePublished":"2023-10-19T23:43:07+00:00","breadcrumb":{"@id":"https:\/\/apuntesdesanluis.com\/index.php\/2023\/10\/19\/la-carolina-el-pueblo-de-san-luis-elegido-entre-los-mas-lindos-del-mundo\/#breadcrumb"},"inLanguage":"es-AR","potentialAction":[{"@type":"ReadAction","target":["https:\/\/apuntesdesanluis.com\/index.php\/2023\/10\/19\/la-carolina-el-pueblo-de-san-luis-elegido-entre-los-mas-lindos-del-mundo\/"]}]},{"@type":"ImageObject","inLanguage":"es-AR","@id":"https:\/\/apuntesdesanluis.com\/index.php\/2023\/10\/19\/la-carolina-el-pueblo-de-san-luis-elegido-entre-los-mas-lindos-del-mundo\/#primaryimage","url":"https:\/\/apuntesdesanluis.com\/wp-content\/uploads\/2023\/10\/la-carolina-aerea.png","contentUrl":"https:\/\/apuntesdesanluis.com\/wp-content\/uploads\/2023\/10\/la-carolina-aerea.png","width":692,"height":414},{"@type":"BreadcrumbList","@id":"https:\/\/apuntesdesanluis.com\/index.php\/2023\/10\/19\/la-carolina-el-pueblo-de-san-luis-elegido-entre-los-mas-lindos-del-mundo\/#breadcrumb","itemListElement":[{"@type":"ListItem","position":1,"name":"Inicio","item":"https:\/\/apuntesdesanluis.com\/"},{"@type":"ListItem","position":2,"name":"LA CAROLINA, EL PUEBLO DE SAN LUIS ELEGIDO ENTRE LOS M\u00c1S LINDOS DEL MUNDO"}]},{"@type":"WebSite","@id":"https:\/\/apuntesdesanluis.com\/#website","url":"https:\/\/apuntesdesanluis.com\/","name":"Apuntes de San Luis","description":"","publisher":{"@id":"https:\/\/apuntesdesanluis.com\/#\/schema\/person\/b55151d52296fcce64d1a72538a70b90"},"potentialAction":[{"@type":"SearchAction","target":{"@type":"EntryPoint","urlTemplate":"https:\/\/apuntesdesanluis.com\/?s={search_term_string}"},"query-input":{"@type":"PropertyValueSpecification","valueRequired":true,"valueName":"search_term_string"}}],"inLanguage":"es-AR"},{"@type":["Person","Organization"],"@id":"https:\/\/apuntesdesanluis.com\/#\/schema\/person\/b55151d52296fcce64d1a72538a70b90","name":"apuntesdesanluis.com","image":{"@type":"ImageObject","inLanguage":"es-AR","@id":"https:\/\/apuntesdesanluis.com\/#\/schema\/person\/image\/","url":"https:\/\/apuntesdesanluis.com\/wp-content\/uploads\/2023\/07\/cropped-apuntesdesanluis.png","contentUrl":"https:\/\/apuntesdesanluis.com\/wp-content\/uploads\/2023\/07\/cropped-apuntesdesanluis.png","width":450,"height":112,"caption":"apuntesdesanluis.com"},"logo":{"@id":"https:\/\/apuntesdesanluis.com\/#\/schema\/person\/image\/"},"sameAs":["https:\/\/apuntesdesanluis.com"],"url":"https:\/\/apuntesdesanluis.com\/index.php\/author\/apuntesdesanluis-com\/"}]}},"featured_image_urls":{"full":["https:\/\/apuntesdesanluis.com\/wp-content\/uploads\/2023\/10\/la-carolina-aerea.png",692,414,false],"thumbnail":["https:\/\/apuntesdesanluis.com\/wp-content\/uploads\/2023\/10\/la-carolina-aerea-150x150.png",150,150,true],"medium":["https:\/\/apuntesdesanluis.com\/wp-content\/uploads\/2023\/10\/la-carolina-aerea-300x179.png",300,179,true],"medium_large":["https:\/\/apuntesdesanluis.com\/wp-content\/uploads\/2023\/10\/la-carolina-aerea.png",640,383,false],"large":["https:\/\/apuntesdesanluis.com\/wp-content\/uploads\/2023\/10\/la-carolina-aerea.png",640,383,false],"1536x1536":["https:\/\/apuntesdesanluis.com\/wp-content\/uploads\/2023\/10\/la-carolina-aerea.png",692,414,false],"2048x2048":["https:\/\/apuntesdesanluis.com\/wp-content\/uploads\/2023\/10\/la-carolina-aerea.png",692,414,false],"newsever-slider-full":["https:\/\/apuntesdesanluis.com\/wp-content\/uploads\/2023\/10\/la-carolina-aerea.png",692,414,false],"newsever-featured":["https:\/\/apuntesdesanluis.com\/wp-content\/uploads\/2023\/10\/la-carolina-aerea.png",692,414,false],"newsever-medium":["https:\/\/apuntesdesanluis.com\/wp-content\/uploads\/2023\/10\/la-carolina-aerea.png",692,414,false]},"author_info":{"display_name":"apuntesdesanluis.com","author_link":"https:\/\/apuntesdesanluis.com\/index.php\/author\/apuntesdesanluis-com\/"},"category_info":"<a href=\"https:\/\/apuntesdesanluis.com\/index.php\/category\/ciudad-provincia\/\" rel=\"category tag\">Ciudad\/Provincia<\/a>","tag_info":"Ciudad\/Provincia","comment_count":"0","_links":{"self":[{"href":"https:\/\/apuntesdesanluis.com\/index.php\/wp-json\/wp\/v2\/posts\/5429","targetHints":{"allow":["GET"]}}],"collection":[{"href":"https:\/\/apuntesdesanluis.com\/index.php\/wp-json\/wp\/v2\/posts"}],"about":[{"href":"https:\/\/apuntesdesanluis.com\/index.php\/wp-json\/wp\/v2\/types\/post"}],"author":[{"embeddable":true,"href":"https:\/\/apuntesdesanluis.com\/index.php\/wp-json\/wp\/v2\/users\/1"}],"replies":[{"embeddable":true,"href":"https:\/\/apuntesdesanluis.com\/index.php\/wp-json\/wp\/v2\/comments?post=5429"}],"version-history":[{"count":1,"href":"https:\/\/apuntesdesanluis.com\/index.php\/wp-json\/wp\/v2\/posts\/5429\/revisions"}],"predecessor-version":[{"id":5432,"href":"https:\/\/apuntesdesanluis.com\/index.php\/wp-json\/wp\/v2\/posts\/5429\/revisions\/5432"}],"wp:featuredmedia":[{"embeddable":true,"href":"https:\/\/apuntesdesanluis.com\/index.php\/wp-json\/wp\/v2\/media\/5430"}],"wp:attachment":[{"href":"https:\/\/apuntesdesanluis.com\/index.php\/wp-json\/wp\/v2\/media?parent=5429"}],"wp:term":[{"taxonomy":"category","embeddable":true,"href":"https:\/\/apuntesdesanluis.com\/index.php\/wp-json\/wp\/v2\/categories?post=5429"},{"taxonomy":"post_tag","embeddable":true,"href":"https:\/\/apuntesdesanluis.com\/index.php\/wp-json\/wp\/v2\/tags?post=5429"}],"curies":[{"name":"wp","href":"https:\/\/api.w.org\/{rel}","templated":true}]}}