{"id":5433,"date":"2023-10-19T20:48:42","date_gmt":"2023-10-19T23:48:42","guid":{"rendered":"https:\/\/apuntesdesanluis.com\/?p=5433"},"modified":"2023-10-19T20:48:42","modified_gmt":"2023-10-19T23:48:42","slug":"massa-cerro-su-campana-mi-gobierno-va-a-ser-distinto-a-este","status":"publish","type":"post","link":"https:\/\/apuntesdesanluis.com\/index.php\/2023\/10\/19\/massa-cerro-su-campana-mi-gobierno-va-a-ser-distinto-a-este\/","title":{"rendered":"MASSA CERR\u00d3 SU CAMPA\u00d1A: &#8220;MI GOBIERNO VA A SER DISTINTO A ESTE&#8221;"},"content":{"rendered":"<h3>En el cierre de su campa\u00f1a a menos de tres d\u00edas de las elecciones, el candidato presidencial de Uni\u00f3n por la Patria, <strong>Sergio Massa<\/strong>, asegur\u00f3 que si es elegido en las urnas para conducir los destinos del pa\u00eds su gobierno ser\u00e1 &#8220;distinto&#8221; al actual.<\/h3>\n<h3>En un acto junto a trabajadores en el Parque Industrial de Pilar, el ministro de Econom\u00eda sostuvo que en la votaci\u00f3n se definir\u00e1 si los argentinos &#8220;aman su bandera o no&#8221; y areng\u00f3 a sus seguidores al se\u00f1alar que &#8220;el domingo cueste lo que cueste&#8221; hay que ganar en las urnas.<\/h3>\n<h3>&#8220;Decidimos si elegimos un pa\u00eds que defienda su proyecto de desarrollo con convicci\u00f3n frente al Fondo Monetario Internacional o si vamos de rodillas al almac\u00e9n con el manual del almacenero a rendirnos y a hacer lo que nos impongan. El domingo decidimos si amamos nuestra bandera o no&#8221;, expres\u00f3 el ministro de Econom\u00eda en Pilar, en un acto junto a trabajadores.<\/h3>\n<h3>&#8220;Lo quiero repetir porque tiene que ser la convicci\u00f3n con la que vayamos el domingo a la urna. Yo quiero pedirles que el domingo cada mujer, cada hombre de trabajo, cada jubilado que crea los valores que venimos planteando vaya a la urna a buscar nuestra bandera que es la mejor forma de honrar a nuestra patria&#8221;, agreg\u00f3 Massa.<\/h3>\n<h3>&#8220;\u00a1Viva la patria! \u00a1El domingo cueste lo que cueste!&#8221;, cerr\u00f3 el ex intendente de Tigre.<\/h3>\n","protected":false},"excerpt":{"rendered":"<p>En el cierre de su campa\u00f1a a menos de tres d\u00edas de las elecciones, el&#8230;<\/p>\n","protected":false},"author":1,"featured_media":5434,"comment_status":"closed","ping_status":"closed","sticky":false,"template":"","format":"standard","meta":{"footnotes":""},"categories":[5],"tags":[],"class_list":["post-5433","post","type-post","status-publish","format-standard","has-post-thumbnail","hentry","category-nacionales-internacionales"],"yoast_head":"<!-- This site is optimized with the Yoast SEO plugin v26.1.1 - https:\/\/yoast.com\/wordpress\/plugins\/seo\/ -->\n<title>MASSA CERR\u00d3 SU CAMPA\u00d1A: &quot;MI GOBIERNO VA A SER DISTINTO A ESTE&quot; - Apuntes de San Luis<\/title>\n<meta name=\"robots\" content=\"index, follow, max-snippet:-1, max-image-preview:large, max-video-preview:-1\" \/>\n<link rel=\"canonical\" href=\"https:\/\/apuntesdesanluis.com\/index.php\/2023\/10\/19\/massa-cerro-su-campana-mi-gobierno-va-a-ser-distinto-a-este\/\" \/>\n<meta property=\"og:locale\" content=\"es_ES\" \/>\n<meta property=\"og:type\" content=\"article\" \/>\n<meta property=\"og:title\" content=\"MASSA CERR\u00d3 SU CAMPA\u00d1A: &quot;MI GOBIERNO VA A SER DISTINTO A ESTE&quot; - Apuntes de San Luis\" \/>\n<meta property=\"og:description\" content=\"En el cierre de su campa\u00f1a a menos de tres d\u00edas de las elecciones, el...\" \/>\n<meta property=\"og:url\" content=\"https:\/\/apuntesdesanluis.com\/index.php\/2023\/10\/19\/massa-cerro-su-campana-mi-gobierno-va-a-ser-distinto-a-este\/\" \/>\n<meta property=\"og:site_name\" content=\"Apuntes de San Luis\" \/>\n<meta property=\"article:published_time\" content=\"2023-10-19T23:48:42+00:00\" \/>\n<meta property=\"og:image\" content=\"https:\/\/apuntesdesanluis.com\/wp-content\/uploads\/2023\/10\/massa-3.png\" \/>\n\t<meta property=\"og:image:width\" content=\"600\" \/>\n\t<meta property=\"og:image:height\" content=\"359\" \/>\n\t<meta property=\"og:image:type\" content=\"image\/png\" \/>\n<meta name=\"author\" content=\"apuntesdesanluis.com\" \/>\n<meta name=\"twitter:card\" content=\"summary_large_image\" \/>\n<meta name=\"twitter:label1\" content=\"Escrito por\" \/>\n\t<meta name=\"twitter:data1\" content=\"apuntesdesanluis.com\" \/>\n\t<meta name=\"twitter:label2\" content=\"Tiempo de lectura\" \/>\n\t<meta name=\"twitter:data2\" content=\"2 minutos\" \/>\n<script type=\"application\/ld+json\" class=\"yoast-schema-graph\">{\"@context\":\"https:\/\/schema.org\",\"@graph\":[{\"@type\":\"Article\",\"@id\":\"https:\/\/apuntesdesanluis.com\/index.php\/2023\/10\/19\/massa-cerro-su-campana-mi-gobierno-va-a-ser-distinto-a-este\/#article\",\"isPartOf\":{\"@id\":\"https:\/\/apuntesdesanluis.com\/index.php\/2023\/10\/19\/massa-cerro-su-campana-mi-gobierno-va-a-ser-distinto-a-este\/\"},\"author\":{\"name\":\"apuntesdesanluis.com\",\"@id\":\"https:\/\/apuntesdesanluis.com\/#\/schema\/person\/b55151d52296fcce64d1a72538a70b90\"},\"headline\":\"MASSA CERR\u00d3 SU CAMPA\u00d1A: &#8220;MI GOBIERNO VA A SER DISTINTO A ESTE&#8221;\",\"datePublished\":\"2023-10-19T23:48:42+00:00\",\"mainEntityOfPage\":{\"@id\":\"https:\/\/apuntesdesanluis.com\/index.php\/2023\/10\/19\/massa-cerro-su-campana-mi-gobierno-va-a-ser-distinto-a-este\/\"},\"wordCount\":255,\"publisher\":{\"@id\":\"https:\/\/apuntesdesanluis.com\/#\/schema\/person\/b55151d52296fcce64d1a72538a70b90\"},\"image\":{\"@id\":\"https:\/\/apuntesdesanluis.com\/index.php\/2023\/10\/19\/massa-cerro-su-campana-mi-gobierno-va-a-ser-distinto-a-este\/#primaryimage\"},\"thumbnailUrl\":\"https:\/\/apuntesdesanluis.com\/wp-content\/uploads\/2023\/10\/massa-3.png\",\"articleSection\":[\"Nacionales\/Internacionales\"],\"inLanguage\":\"es-AR\"},{\"@type\":\"WebPage\",\"@id\":\"https:\/\/apuntesdesanluis.com\/index.php\/2023\/10\/19\/massa-cerro-su-campana-mi-gobierno-va-a-ser-distinto-a-este\/\",\"url\":\"https:\/\/apuntesdesanluis.com\/index.php\/2023\/10\/19\/massa-cerro-su-campana-mi-gobierno-va-a-ser-distinto-a-este\/\",\"name\":\"MASSA CERR\u00d3 SU CAMPA\u00d1A: \\\"MI GOBIERNO VA A SER DISTINTO A ESTE\\\" - Apuntes de San Luis\",\"isPartOf\":{\"@id\":\"https:\/\/apuntesdesanluis.com\/#website\"},\"primaryImageOfPage\":{\"@id\":\"https:\/\/apuntesdesanluis.com\/index.php\/2023\/10\/19\/massa-cerro-su-campana-mi-gobierno-va-a-ser-distinto-a-este\/#primaryimage\"},\"image\":{\"@id\":\"https:\/\/apuntesdesanluis.com\/index.php\/2023\/10\/19\/massa-cerro-su-campana-mi-gobierno-va-a-ser-distinto-a-este\/#primaryimage\"},\"thumbnailUrl\":\"https:\/\/apuntesdesanluis.com\/wp-content\/uploads\/2023\/10\/massa-3.png\",\"datePublished\":\"2023-10-19T23:48:42+00:00\",\"breadcrumb\":{\"@id\":\"https:\/\/apuntesdesanluis.com\/index.php\/2023\/10\/19\/massa-cerro-su-campana-mi-gobierno-va-a-ser-distinto-a-este\/#breadcrumb\"},\"inLanguage\":\"es-AR\",\"potentialAction\":[{\"@type\":\"ReadAction\",\"target\":[\"https:\/\/apuntesdesanluis.com\/index.php\/2023\/10\/19\/massa-cerro-su-campana-mi-gobierno-va-a-ser-distinto-a-este\/\"]}]},{\"@type\":\"ImageObject\",\"inLanguage\":\"es-AR\",\"@id\":\"https:\/\/apuntesdesanluis.com\/index.php\/2023\/10\/19\/massa-cerro-su-campana-mi-gobierno-va-a-ser-distinto-a-este\/#primaryimage\",\"url\":\"https:\/\/apuntesdesanluis.com\/wp-content\/uploads\/2023\/10\/massa-3.png\",\"contentUrl\":\"https:\/\/apuntesdesanluis.com\/wp-content\/uploads\/2023\/10\/massa-3.png\",\"width\":600,\"height\":359},{\"@type\":\"BreadcrumbList\",\"@id\":\"https:\/\/apuntesdesanluis.com\/index.php\/2023\/10\/19\/massa-cerro-su-campana-mi-gobierno-va-a-ser-distinto-a-este\/#breadcrumb\",\"itemListElement\":[{\"@type\":\"ListItem\",\"position\":1,\"name\":\"Inicio\",\"item\":\"https:\/\/apuntesdesanluis.com\/\"},{\"@type\":\"ListItem\",\"position\":2,\"name\":\"MASSA CERR\u00d3 SU CAMPA\u00d1A: &#8220;MI GOBIERNO VA A SER DISTINTO A ESTE&#8221;\"}]},{\"@type\":\"WebSite\",\"@id\":\"https:\/\/apuntesdesanluis.com\/#website\",\"url\":\"https:\/\/apuntesdesanluis.com\/\",\"name\":\"Apuntes de San Luis\",\"description\":\"\",\"publisher\":{\"@id\":\"https:\/\/apuntesdesanluis.com\/#\/schema\/person\/b55151d52296fcce64d1a72538a70b90\"},\"potentialAction\":[{\"@type\":\"SearchAction\",\"target\":{\"@type\":\"EntryPoint\",\"urlTemplate\":\"https:\/\/apuntesdesanluis.com\/?s={search_term_string}\"},\"query-input\":{\"@type\":\"PropertyValueSpecification\",\"valueRequired\":true,\"valueName\":\"search_term_string\"}}],\"inLanguage\":\"es-AR\"},{\"@type\":[\"Person\",\"Organization\"],\"@id\":\"https:\/\/apuntesdesanluis.com\/#\/schema\/person\/b55151d52296fcce64d1a72538a70b90\",\"name\":\"apuntesdesanluis.com\",\"image\":{\"@type\":\"ImageObject\",\"inLanguage\":\"es-AR\",\"@id\":\"https:\/\/apuntesdesanluis.com\/#\/schema\/person\/image\/\",\"url\":\"https:\/\/apuntesdesanluis.com\/wp-content\/uploads\/2023\/07\/cropped-apuntesdesanluis.png\",\"contentUrl\":\"https:\/\/apuntesdesanluis.com\/wp-content\/uploads\/2023\/07\/cropped-apuntesdesanluis.png\",\"width\":450,\"height\":112,\"caption\":\"apuntesdesanluis.com\"},\"logo\":{\"@id\":\"https:\/\/apuntesdesanluis.com\/#\/schema\/person\/image\/\"},\"sameAs\":[\"https:\/\/apuntesdesanluis.com\"],\"url\":\"https:\/\/apuntesdesanluis.com\/index.php\/author\/apuntesdesanluis-com\/\"}]}<\/script>\n<!-- \/ Yoast SEO plugin. -->","yoast_head_json":{"title":"MASSA CERR\u00d3 SU CAMPA\u00d1A: \"MI GOBIERNO VA A SER DISTINTO A ESTE\" - Apuntes de San Luis","robots":{"index":"index","follow":"follow","max-snippet":"max-snippet:-1","max-image-preview":"max-image-preview:large","max-video-preview":"max-video-preview:-1"},"canonical":"https:\/\/apuntesdesanluis.com\/index.php\/2023\/10\/19\/massa-cerro-su-campana-mi-gobierno-va-a-ser-distinto-a-este\/","og_locale":"es_ES","og_type":"article","og_title":"MASSA CERR\u00d3 SU CAMPA\u00d1A: \"MI GOBIERNO VA A SER DISTINTO A ESTE\" - Apuntes de San Luis","og_description":"En el cierre de su campa\u00f1a a menos de tres d\u00edas de las elecciones, el...","og_url":"https:\/\/apuntesdesanluis.com\/index.php\/2023\/10\/19\/massa-cerro-su-campana-mi-gobierno-va-a-ser-distinto-a-este\/","og_site_name":"Apuntes de San Luis","article_published_time":"2023-10-19T23:48:42+00:00","og_image":[{"width":600,"height":359,"url":"https:\/\/apuntesdesanluis.com\/wp-content\/uploads\/2023\/10\/massa-3.png","type":"image\/png"}],"author":"apuntesdesanluis.com","twitter_card":"summary_large_image","twitter_misc":{"Escrito por":"apuntesdesanluis.com","Tiempo de lectura":"2 minutos"},"schema":{"@context":"https:\/\/schema.org","@graph":[{"@type":"Article","@id":"https:\/\/apuntesdesanluis.com\/index.php\/2023\/10\/19\/massa-cerro-su-campana-mi-gobierno-va-a-ser-distinto-a-este\/#article","isPartOf":{"@id":"https:\/\/apuntesdesanluis.com\/index.php\/2023\/10\/19\/massa-cerro-su-campana-mi-gobierno-va-a-ser-distinto-a-este\/"},"author":{"name":"apuntesdesanluis.com","@id":"https:\/\/apuntesdesanluis.com\/#\/schema\/person\/b55151d52296fcce64d1a72538a70b90"},"headline":"MASSA CERR\u00d3 SU CAMPA\u00d1A: &#8220;MI GOBIERNO VA A SER DISTINTO A ESTE&#8221;","datePublished":"2023-10-19T23:48:42+00:00","mainEntityOfPage":{"@id":"https:\/\/apuntesdesanluis.com\/index.php\/2023\/10\/19\/massa-cerro-su-campana-mi-gobierno-va-a-ser-distinto-a-este\/"},"wordCount":255,"publisher":{"@id":"https:\/\/apuntesdesanluis.com\/#\/schema\/person\/b55151d52296fcce64d1a72538a70b90"},"image":{"@id":"https:\/\/apuntesdesanluis.com\/index.php\/2023\/10\/19\/massa-cerro-su-campana-mi-gobierno-va-a-ser-distinto-a-este\/#primaryimage"},"thumbnailUrl":"https:\/\/apuntesdesanluis.com\/wp-content\/uploads\/2023\/10\/massa-3.png","articleSection":["Nacionales\/Internacionales"],"inLanguage":"es-AR"},{"@type":"WebPage","@id":"https:\/\/apuntesdesanluis.com\/index.php\/2023\/10\/19\/massa-cerro-su-campana-mi-gobierno-va-a-ser-distinto-a-este\/","url":"https:\/\/apuntesdesanluis.com\/index.php\/2023\/10\/19\/massa-cerro-su-campana-mi-gobierno-va-a-ser-distinto-a-este\/","name":"MASSA CERR\u00d3 SU CAMPA\u00d1A: \"MI GOBIERNO VA A SER DISTINTO A ESTE\" - Apuntes de San Luis","isPartOf":{"@id":"https:\/\/apuntesdesanluis.com\/#website"},"primaryImageOfPage":{"@id":"https:\/\/apuntesdesanluis.com\/index.php\/2023\/10\/19\/massa-cerro-su-campana-mi-gobierno-va-a-ser-distinto-a-este\/#primaryimage"},"image":{"@id":"https:\/\/apuntesdesanluis.com\/index.php\/2023\/10\/19\/massa-cerro-su-campana-mi-gobierno-va-a-ser-distinto-a-este\/#primaryimage"},"thumbnailUrl":"https:\/\/apuntesdesanluis.com\/wp-content\/uploads\/2023\/10\/massa-3.png","datePublished":"2023-10-19T23:48:42+00:00","breadcrumb":{"@id":"https:\/\/apuntesdesanluis.com\/index.php\/2023\/10\/19\/massa-cerro-su-campana-mi-gobierno-va-a-ser-distinto-a-este\/#breadcrumb"},"inLanguage":"es-AR","potentialAction":[{"@type":"ReadAction","target":["https:\/\/apuntesdesanluis.com\/index.php\/2023\/10\/19\/massa-cerro-su-campana-mi-gobierno-va-a-ser-distinto-a-este\/"]}]},{"@type":"ImageObject","inLanguage":"es-AR","@id":"https:\/\/apuntesdesanluis.com\/index.php\/2023\/10\/19\/massa-cerro-su-campana-mi-gobierno-va-a-ser-distinto-a-este\/#primaryimage","url":"https:\/\/apuntesdesanluis.com\/wp-content\/uploads\/2023\/10\/massa-3.png","contentUrl":"https:\/\/apuntesdesanluis.com\/wp-content\/uploads\/2023\/10\/massa-3.png","width":600,"height":359},{"@type":"BreadcrumbList","@id":"https:\/\/apuntesdesanluis.com\/index.php\/2023\/10\/19\/massa-cerro-su-campana-mi-gobierno-va-a-ser-distinto-a-este\/#breadcrumb","itemListElement":[{"@type":"ListItem","position":1,"name":"Inicio","item":"https:\/\/apuntesdesanluis.com\/"},{"@type":"ListItem","position":2,"name":"MASSA CERR\u00d3 SU CAMPA\u00d1A: &#8220;MI GOBIERNO VA A SER DISTINTO A ESTE&#8221;"}]},{"@type":"WebSite","@id":"https:\/\/apuntesdesanluis.com\/#website","url":"https:\/\/apuntesdesanluis.com\/","name":"Apuntes de San Luis","description":"","publisher":{"@id":"https:\/\/apuntesdesanluis.com\/#\/schema\/person\/b55151d52296fcce64d1a72538a70b90"},"potentialAction":[{"@type":"SearchAction","target":{"@type":"EntryPoint","urlTemplate":"https:\/\/apuntesdesanluis.com\/?s={search_term_string}"},"query-input":{"@type":"PropertyValueSpecification","valueRequired":true,"valueName":"search_term_string"}}],"inLanguage":"es-AR"},{"@type":["Person","Organization"],"@id":"https:\/\/apuntesdesanluis.com\/#\/schema\/person\/b55151d52296fcce64d1a72538a70b90","name":"apuntesdesanluis.com","image":{"@type":"ImageObject","inLanguage":"es-AR","@id":"https:\/\/apuntesdesanluis.com\/#\/schema\/person\/image\/","url":"https:\/\/apuntesdesanluis.com\/wp-content\/uploads\/2023\/07\/cropped-apuntesdesanluis.png","contentUrl":"https:\/\/apuntesdesanluis.com\/wp-content\/uploads\/2023\/07\/cropped-apuntesdesanluis.png","width":450,"height":112,"caption":"apuntesdesanluis.com"},"logo":{"@id":"https:\/\/apuntesdesanluis.com\/#\/schema\/person\/image\/"},"sameAs":["https:\/\/apuntesdesanluis.com"],"url":"https:\/\/apuntesdesanluis.com\/index.php\/author\/apuntesdesanluis-com\/"}]}},"featured_image_urls":{"full":["https:\/\/apuntesdesanluis.com\/wp-content\/uploads\/2023\/10\/massa-3.png",600,359,false],"thumbnail":["https:\/\/apuntesdesanluis.com\/wp-content\/uploads\/2023\/10\/massa-3-150x150.png",150,150,true],"medium":["https:\/\/apuntesdesanluis.com\/wp-content\/uploads\/2023\/10\/massa-3-300x180.png",300,180,true],"medium_large":["https:\/\/apuntesdesanluis.com\/wp-content\/uploads\/2023\/10\/massa-3.png",600,359,false],"large":["https:\/\/apuntesdesanluis.com\/wp-content\/uploads\/2023\/10\/massa-3.png",600,359,false],"1536x1536":["https:\/\/apuntesdesanluis.com\/wp-content\/uploads\/2023\/10\/massa-3.png",600,359,false],"2048x2048":["https:\/\/apuntesdesanluis.com\/wp-content\/uploads\/2023\/10\/massa-3.png",600,359,false],"newsever-slider-full":["https:\/\/apuntesdesanluis.com\/wp-content\/uploads\/2023\/10\/massa-3.png",600,359,false],"newsever-featured":["https:\/\/apuntesdesanluis.com\/wp-content\/uploads\/2023\/10\/massa-3.png",600,359,false],"newsever-medium":["https:\/\/apuntesdesanluis.com\/wp-content\/uploads\/2023\/10\/massa-3.png",600,359,false]},"author_info":{"display_name":"apuntesdesanluis.com","author_link":"https:\/\/apuntesdesanluis.com\/index.php\/author\/apuntesdesanluis-com\/"},"category_info":"<a href=\"https:\/\/apuntesdesanluis.com\/index.php\/category\/nacionales-internacionales\/\" rel=\"category tag\">Nacionales\/Internacionales<\/a>","tag_info":"Nacionales\/Internacionales","comment_count":"0","_links":{"self":[{"href":"https:\/\/apuntesdesanluis.com\/index.php\/wp-json\/wp\/v2\/posts\/5433","targetHints":{"allow":["GET"]}}],"collection":[{"href":"https:\/\/apuntesdesanluis.com\/index.php\/wp-json\/wp\/v2\/posts"}],"about":[{"href":"https:\/\/apuntesdesanluis.com\/index.php\/wp-json\/wp\/v2\/types\/post"}],"author":[{"embeddable":true,"href":"https:\/\/apuntesdesanluis.com\/index.php\/wp-json\/wp\/v2\/users\/1"}],"replies":[{"embeddable":true,"href":"https:\/\/apuntesdesanluis.com\/index.php\/wp-json\/wp\/v2\/comments?post=5433"}],"version-history":[{"count":1,"href":"https:\/\/apuntesdesanluis.com\/index.php\/wp-json\/wp\/v2\/posts\/5433\/revisions"}],"predecessor-version":[{"id":5435,"href":"https:\/\/apuntesdesanluis.com\/index.php\/wp-json\/wp\/v2\/posts\/5433\/revisions\/5435"}],"wp:featuredmedia":[{"embeddable":true,"href":"https:\/\/apuntesdesanluis.com\/index.php\/wp-json\/wp\/v2\/media\/5434"}],"wp:attachment":[{"href":"https:\/\/apuntesdesanluis.com\/index.php\/wp-json\/wp\/v2\/media?parent=5433"}],"wp:term":[{"taxonomy":"category","embeddable":true,"href":"https:\/\/apuntesdesanluis.com\/index.php\/wp-json\/wp\/v2\/categories?post=5433"},{"taxonomy":"post_tag","embeddable":true,"href":"https:\/\/apuntesdesanluis.com\/index.php\/wp-json\/wp\/v2\/tags?post=5433"}],"curies":[{"name":"wp","href":"https:\/\/api.w.org\/{rel}","templated":true}]}}