{"id":5439,"date":"2023-10-19T21:04:50","date_gmt":"2023-10-20T00:04:50","guid":{"rendered":"https:\/\/apuntesdesanluis.com\/?p=5439"},"modified":"2023-10-19T21:04:50","modified_gmt":"2023-10-20T00:04:50","slug":"este-viernes-haran-la-formulacion-de-cargos-contra-la-joven-acusada-de-homicidio","status":"publish","type":"post","link":"https:\/\/apuntesdesanluis.com\/index.php\/2023\/10\/19\/este-viernes-haran-la-formulacion-de-cargos-contra-la-joven-acusada-de-homicidio\/","title":{"rendered":"ESTE VIERNES HAR\u00c1N LA FORMULACI\u00d3N DE CARGOS CONTRA LA JOVEN ACUSADA DE HOMICIDIO"},"content":{"rendered":"<h3><strong>Yris Garay<\/strong>, la principal sospechosa en la causa que investiga la muerte de su pareja, <strong>Brandon Bustos<\/strong>, quien falleci\u00f3 por las graves quemaduras que recibi\u00f3, permanece detenida desde el mi\u00e9rcoles, por disposici\u00f3n del fiscal de Instrucci\u00f3n N\u00b0 3 de la ciudad de San Luis, Esteban Roche.<\/h3>\n<h3>\u201cLa investigaci\u00f3n comienza a partir de la propia declaraci\u00f3n que alcanza a hacer la v\u00edctima en el hospital del Oeste, donde dice que fue su propia pareja quien lo roci\u00f3 con combustible y le prendi\u00f3 fuego\u201d, explic\u00f3 el funcionario.<\/h3>\n<p><img fetchpriority=\"high\" decoding=\"async\" class=\"wp-image-5441 aligncenter\" src=\"https:\/\/apuntesdesanluis.com\/wp-content\/uploads\/2023\/10\/FISCAL-ESTEBAN-ROCHE-300x176.png\" alt=\"\" width=\"724\" height=\"425\" srcset=\"https:\/\/apuntesdesanluis.com\/wp-content\/uploads\/2023\/10\/FISCAL-ESTEBAN-ROCHE-300x176.png 300w, https:\/\/apuntesdesanluis.com\/wp-content\/uploads\/2023\/10\/FISCAL-ESTEBAN-ROCHE.png 507w\" sizes=\"(max-width: 724px) 100vw, 724px\" \/><\/p>\n<h3>La v\u00edctima se encontraba internado en el Hospital Central \u201cRam\u00f3n Carrillo\u201d en terapia intensiva, conectado a un respirador. El parte m\u00e9dico inform\u00f3 que ten\u00eda el 55% de su cuerpo quemado.<\/h3>\n<h3>El hecho sucedi\u00f3 el martes a la noche en la manzana J del barrio 1\u00ba de Mayo de la capital puntana. La causa fue caratulada en un principio como tentativa de homicidio, pero tras el fallecimiento de Bustos, la acusaci\u00f3n mutar\u00eda al de homicidio calificado.<\/h3>\n<h3>El fiscal anticip\u00f3 que est\u00e1 prevista para este viernes a la ma\u00f1ana la audiencia de formulaci\u00f3n de cargos contra la joven de 23 a\u00f1os.<\/h3>\n","protected":false},"excerpt":{"rendered":"<p>Yris Garay, la principal sospechosa en la causa que investiga la muerte de su pareja,&#8230;<\/p>\n","protected":false},"author":1,"featured_media":5440,"comment_status":"closed","ping_status":"closed","sticky":false,"template":"","format":"standard","meta":{"footnotes":""},"categories":[6],"tags":[],"class_list":["post-5439","post","type-post","status-publish","format-standard","has-post-thumbnail","hentry","category-ciudad-provincia"],"yoast_head":"<!-- This site is optimized with the Yoast SEO plugin v26.1.1 - https:\/\/yoast.com\/wordpress\/plugins\/seo\/ -->\n<title>ESTE VIERNES HAR\u00c1N LA FORMULACI\u00d3N DE CARGOS CONTRA LA JOVEN ACUSADA DE HOMICIDIO - Apuntes de San Luis<\/title>\n<meta name=\"robots\" content=\"index, follow, max-snippet:-1, max-image-preview:large, max-video-preview:-1\" \/>\n<link rel=\"canonical\" href=\"https:\/\/apuntesdesanluis.com\/index.php\/2023\/10\/19\/este-viernes-haran-la-formulacion-de-cargos-contra-la-joven-acusada-de-homicidio\/\" \/>\n<meta property=\"og:locale\" content=\"es_ES\" \/>\n<meta property=\"og:type\" content=\"article\" \/>\n<meta property=\"og:title\" content=\"ESTE VIERNES HAR\u00c1N LA FORMULACI\u00d3N DE CARGOS CONTRA LA JOVEN ACUSADA DE HOMICIDIO - Apuntes de San Luis\" \/>\n<meta property=\"og:description\" content=\"Yris Garay, la principal sospechosa en la causa que investiga la muerte de su pareja,...\" \/>\n<meta property=\"og:url\" content=\"https:\/\/apuntesdesanluis.com\/index.php\/2023\/10\/19\/este-viernes-haran-la-formulacion-de-cargos-contra-la-joven-acusada-de-homicidio\/\" \/>\n<meta property=\"og:site_name\" content=\"Apuntes de San Luis\" \/>\n<meta property=\"article:published_time\" content=\"2023-10-20T00:04:50+00:00\" \/>\n<meta property=\"og:image\" content=\"https:\/\/apuntesdesanluis.com\/wp-content\/uploads\/2023\/10\/DETENIDA-1.png\" \/>\n\t<meta property=\"og:image:width\" content=\"561\" \/>\n\t<meta property=\"og:image:height\" content=\"396\" \/>\n\t<meta property=\"og:image:type\" content=\"image\/png\" \/>\n<meta name=\"author\" content=\"apuntesdesanluis.com\" \/>\n<meta name=\"twitter:card\" content=\"summary_large_image\" \/>\n<meta name=\"twitter:label1\" content=\"Escrito por\" \/>\n\t<meta name=\"twitter:data1\" content=\"apuntesdesanluis.com\" \/>\n\t<meta name=\"twitter:label2\" content=\"Tiempo de lectura\" \/>\n\t<meta name=\"twitter:data2\" content=\"2 minutos\" \/>\n<script type=\"application\/ld+json\" class=\"yoast-schema-graph\">{\"@context\":\"https:\/\/schema.org\",\"@graph\":[{\"@type\":\"Article\",\"@id\":\"https:\/\/apuntesdesanluis.com\/index.php\/2023\/10\/19\/este-viernes-haran-la-formulacion-de-cargos-contra-la-joven-acusada-de-homicidio\/#article\",\"isPartOf\":{\"@id\":\"https:\/\/apuntesdesanluis.com\/index.php\/2023\/10\/19\/este-viernes-haran-la-formulacion-de-cargos-contra-la-joven-acusada-de-homicidio\/\"},\"author\":{\"name\":\"apuntesdesanluis.com\",\"@id\":\"https:\/\/apuntesdesanluis.com\/#\/schema\/person\/b55151d52296fcce64d1a72538a70b90\"},\"headline\":\"ESTE VIERNES HAR\u00c1N LA FORMULACI\u00d3N DE CARGOS CONTRA LA JOVEN ACUSADA DE HOMICIDIO\",\"datePublished\":\"2023-10-20T00:04:50+00:00\",\"mainEntityOfPage\":{\"@id\":\"https:\/\/apuntesdesanluis.com\/index.php\/2023\/10\/19\/este-viernes-haran-la-formulacion-de-cargos-contra-la-joven-acusada-de-homicidio\/\"},\"wordCount\":210,\"publisher\":{\"@id\":\"https:\/\/apuntesdesanluis.com\/#\/schema\/person\/b55151d52296fcce64d1a72538a70b90\"},\"image\":{\"@id\":\"https:\/\/apuntesdesanluis.com\/index.php\/2023\/10\/19\/este-viernes-haran-la-formulacion-de-cargos-contra-la-joven-acusada-de-homicidio\/#primaryimage\"},\"thumbnailUrl\":\"https:\/\/apuntesdesanluis.com\/wp-content\/uploads\/2023\/10\/DETENIDA-1.png\",\"articleSection\":[\"Ciudad\/Provincia\"],\"inLanguage\":\"es-AR\"},{\"@type\":\"WebPage\",\"@id\":\"https:\/\/apuntesdesanluis.com\/index.php\/2023\/10\/19\/este-viernes-haran-la-formulacion-de-cargos-contra-la-joven-acusada-de-homicidio\/\",\"url\":\"https:\/\/apuntesdesanluis.com\/index.php\/2023\/10\/19\/este-viernes-haran-la-formulacion-de-cargos-contra-la-joven-acusada-de-homicidio\/\",\"name\":\"ESTE VIERNES HAR\u00c1N LA FORMULACI\u00d3N DE CARGOS CONTRA LA JOVEN ACUSADA DE HOMICIDIO - Apuntes de San Luis\",\"isPartOf\":{\"@id\":\"https:\/\/apuntesdesanluis.com\/#website\"},\"primaryImageOfPage\":{\"@id\":\"https:\/\/apuntesdesanluis.com\/index.php\/2023\/10\/19\/este-viernes-haran-la-formulacion-de-cargos-contra-la-joven-acusada-de-homicidio\/#primaryimage\"},\"image\":{\"@id\":\"https:\/\/apuntesdesanluis.com\/index.php\/2023\/10\/19\/este-viernes-haran-la-formulacion-de-cargos-contra-la-joven-acusada-de-homicidio\/#primaryimage\"},\"thumbnailUrl\":\"https:\/\/apuntesdesanluis.com\/wp-content\/uploads\/2023\/10\/DETENIDA-1.png\",\"datePublished\":\"2023-10-20T00:04:50+00:00\",\"breadcrumb\":{\"@id\":\"https:\/\/apuntesdesanluis.com\/index.php\/2023\/10\/19\/este-viernes-haran-la-formulacion-de-cargos-contra-la-joven-acusada-de-homicidio\/#breadcrumb\"},\"inLanguage\":\"es-AR\",\"potentialAction\":[{\"@type\":\"ReadAction\",\"target\":[\"https:\/\/apuntesdesanluis.com\/index.php\/2023\/10\/19\/este-viernes-haran-la-formulacion-de-cargos-contra-la-joven-acusada-de-homicidio\/\"]}]},{\"@type\":\"ImageObject\",\"inLanguage\":\"es-AR\",\"@id\":\"https:\/\/apuntesdesanluis.com\/index.php\/2023\/10\/19\/este-viernes-haran-la-formulacion-de-cargos-contra-la-joven-acusada-de-homicidio\/#primaryimage\",\"url\":\"https:\/\/apuntesdesanluis.com\/wp-content\/uploads\/2023\/10\/DETENIDA-1.png\",\"contentUrl\":\"https:\/\/apuntesdesanluis.com\/wp-content\/uploads\/2023\/10\/DETENIDA-1.png\",\"width\":561,\"height\":396},{\"@type\":\"BreadcrumbList\",\"@id\":\"https:\/\/apuntesdesanluis.com\/index.php\/2023\/10\/19\/este-viernes-haran-la-formulacion-de-cargos-contra-la-joven-acusada-de-homicidio\/#breadcrumb\",\"itemListElement\":[{\"@type\":\"ListItem\",\"position\":1,\"name\":\"Inicio\",\"item\":\"https:\/\/apuntesdesanluis.com\/\"},{\"@type\":\"ListItem\",\"position\":2,\"name\":\"ESTE VIERNES HAR\u00c1N LA FORMULACI\u00d3N DE CARGOS CONTRA LA JOVEN ACUSADA DE HOMICIDIO\"}]},{\"@type\":\"WebSite\",\"@id\":\"https:\/\/apuntesdesanluis.com\/#website\",\"url\":\"https:\/\/apuntesdesanluis.com\/\",\"name\":\"Apuntes de San Luis\",\"description\":\"\",\"publisher\":{\"@id\":\"https:\/\/apuntesdesanluis.com\/#\/schema\/person\/b55151d52296fcce64d1a72538a70b90\"},\"potentialAction\":[{\"@type\":\"SearchAction\",\"target\":{\"@type\":\"EntryPoint\",\"urlTemplate\":\"https:\/\/apuntesdesanluis.com\/?s={search_term_string}\"},\"query-input\":{\"@type\":\"PropertyValueSpecification\",\"valueRequired\":true,\"valueName\":\"search_term_string\"}}],\"inLanguage\":\"es-AR\"},{\"@type\":[\"Person\",\"Organization\"],\"@id\":\"https:\/\/apuntesdesanluis.com\/#\/schema\/person\/b55151d52296fcce64d1a72538a70b90\",\"name\":\"apuntesdesanluis.com\",\"image\":{\"@type\":\"ImageObject\",\"inLanguage\":\"es-AR\",\"@id\":\"https:\/\/apuntesdesanluis.com\/#\/schema\/person\/image\/\",\"url\":\"https:\/\/apuntesdesanluis.com\/wp-content\/uploads\/2023\/07\/cropped-apuntesdesanluis.png\",\"contentUrl\":\"https:\/\/apuntesdesanluis.com\/wp-content\/uploads\/2023\/07\/cropped-apuntesdesanluis.png\",\"width\":450,\"height\":112,\"caption\":\"apuntesdesanluis.com\"},\"logo\":{\"@id\":\"https:\/\/apuntesdesanluis.com\/#\/schema\/person\/image\/\"},\"sameAs\":[\"https:\/\/apuntesdesanluis.com\"],\"url\":\"https:\/\/apuntesdesanluis.com\/index.php\/author\/apuntesdesanluis-com\/\"}]}<\/script>\n<!-- \/ Yoast SEO plugin. -->","yoast_head_json":{"title":"ESTE VIERNES HAR\u00c1N LA FORMULACI\u00d3N DE CARGOS CONTRA LA JOVEN ACUSADA DE HOMICIDIO - Apuntes de San Luis","robots":{"index":"index","follow":"follow","max-snippet":"max-snippet:-1","max-image-preview":"max-image-preview:large","max-video-preview":"max-video-preview:-1"},"canonical":"https:\/\/apuntesdesanluis.com\/index.php\/2023\/10\/19\/este-viernes-haran-la-formulacion-de-cargos-contra-la-joven-acusada-de-homicidio\/","og_locale":"es_ES","og_type":"article","og_title":"ESTE VIERNES HAR\u00c1N LA FORMULACI\u00d3N DE CARGOS CONTRA LA JOVEN ACUSADA DE HOMICIDIO - Apuntes de San Luis","og_description":"Yris Garay, la principal sospechosa en la causa que investiga la muerte de su pareja,...","og_url":"https:\/\/apuntesdesanluis.com\/index.php\/2023\/10\/19\/este-viernes-haran-la-formulacion-de-cargos-contra-la-joven-acusada-de-homicidio\/","og_site_name":"Apuntes de San Luis","article_published_time":"2023-10-20T00:04:50+00:00","og_image":[{"width":561,"height":396,"url":"https:\/\/apuntesdesanluis.com\/wp-content\/uploads\/2023\/10\/DETENIDA-1.png","type":"image\/png"}],"author":"apuntesdesanluis.com","twitter_card":"summary_large_image","twitter_misc":{"Escrito por":"apuntesdesanluis.com","Tiempo de lectura":"2 minutos"},"schema":{"@context":"https:\/\/schema.org","@graph":[{"@type":"Article","@id":"https:\/\/apuntesdesanluis.com\/index.php\/2023\/10\/19\/este-viernes-haran-la-formulacion-de-cargos-contra-la-joven-acusada-de-homicidio\/#article","isPartOf":{"@id":"https:\/\/apuntesdesanluis.com\/index.php\/2023\/10\/19\/este-viernes-haran-la-formulacion-de-cargos-contra-la-joven-acusada-de-homicidio\/"},"author":{"name":"apuntesdesanluis.com","@id":"https:\/\/apuntesdesanluis.com\/#\/schema\/person\/b55151d52296fcce64d1a72538a70b90"},"headline":"ESTE VIERNES HAR\u00c1N LA FORMULACI\u00d3N DE CARGOS CONTRA LA JOVEN ACUSADA DE HOMICIDIO","datePublished":"2023-10-20T00:04:50+00:00","mainEntityOfPage":{"@id":"https:\/\/apuntesdesanluis.com\/index.php\/2023\/10\/19\/este-viernes-haran-la-formulacion-de-cargos-contra-la-joven-acusada-de-homicidio\/"},"wordCount":210,"publisher":{"@id":"https:\/\/apuntesdesanluis.com\/#\/schema\/person\/b55151d52296fcce64d1a72538a70b90"},"image":{"@id":"https:\/\/apuntesdesanluis.com\/index.php\/2023\/10\/19\/este-viernes-haran-la-formulacion-de-cargos-contra-la-joven-acusada-de-homicidio\/#primaryimage"},"thumbnailUrl":"https:\/\/apuntesdesanluis.com\/wp-content\/uploads\/2023\/10\/DETENIDA-1.png","articleSection":["Ciudad\/Provincia"],"inLanguage":"es-AR"},{"@type":"WebPage","@id":"https:\/\/apuntesdesanluis.com\/index.php\/2023\/10\/19\/este-viernes-haran-la-formulacion-de-cargos-contra-la-joven-acusada-de-homicidio\/","url":"https:\/\/apuntesdesanluis.com\/index.php\/2023\/10\/19\/este-viernes-haran-la-formulacion-de-cargos-contra-la-joven-acusada-de-homicidio\/","name":"ESTE VIERNES HAR\u00c1N LA FORMULACI\u00d3N DE CARGOS CONTRA LA JOVEN ACUSADA DE HOMICIDIO - Apuntes de San Luis","isPartOf":{"@id":"https:\/\/apuntesdesanluis.com\/#website"},"primaryImageOfPage":{"@id":"https:\/\/apuntesdesanluis.com\/index.php\/2023\/10\/19\/este-viernes-haran-la-formulacion-de-cargos-contra-la-joven-acusada-de-homicidio\/#primaryimage"},"image":{"@id":"https:\/\/apuntesdesanluis.com\/index.php\/2023\/10\/19\/este-viernes-haran-la-formulacion-de-cargos-contra-la-joven-acusada-de-homicidio\/#primaryimage"},"thumbnailUrl":"https:\/\/apuntesdesanluis.com\/wp-content\/uploads\/2023\/10\/DETENIDA-1.png","datePublished":"2023-10-20T00:04:50+00:00","breadcrumb":{"@id":"https:\/\/apuntesdesanluis.com\/index.php\/2023\/10\/19\/este-viernes-haran-la-formulacion-de-cargos-contra-la-joven-acusada-de-homicidio\/#breadcrumb"},"inLanguage":"es-AR","potentialAction":[{"@type":"ReadAction","target":["https:\/\/apuntesdesanluis.com\/index.php\/2023\/10\/19\/este-viernes-haran-la-formulacion-de-cargos-contra-la-joven-acusada-de-homicidio\/"]}]},{"@type":"ImageObject","inLanguage":"es-AR","@id":"https:\/\/apuntesdesanluis.com\/index.php\/2023\/10\/19\/este-viernes-haran-la-formulacion-de-cargos-contra-la-joven-acusada-de-homicidio\/#primaryimage","url":"https:\/\/apuntesdesanluis.com\/wp-content\/uploads\/2023\/10\/DETENIDA-1.png","contentUrl":"https:\/\/apuntesdesanluis.com\/wp-content\/uploads\/2023\/10\/DETENIDA-1.png","width":561,"height":396},{"@type":"BreadcrumbList","@id":"https:\/\/apuntesdesanluis.com\/index.php\/2023\/10\/19\/este-viernes-haran-la-formulacion-de-cargos-contra-la-joven-acusada-de-homicidio\/#breadcrumb","itemListElement":[{"@type":"ListItem","position":1,"name":"Inicio","item":"https:\/\/apuntesdesanluis.com\/"},{"@type":"ListItem","position":2,"name":"ESTE VIERNES HAR\u00c1N LA FORMULACI\u00d3N DE CARGOS CONTRA LA JOVEN ACUSADA DE HOMICIDIO"}]},{"@type":"WebSite","@id":"https:\/\/apuntesdesanluis.com\/#website","url":"https:\/\/apuntesdesanluis.com\/","name":"Apuntes de San Luis","description":"","publisher":{"@id":"https:\/\/apuntesdesanluis.com\/#\/schema\/person\/b55151d52296fcce64d1a72538a70b90"},"potentialAction":[{"@type":"SearchAction","target":{"@type":"EntryPoint","urlTemplate":"https:\/\/apuntesdesanluis.com\/?s={search_term_string}"},"query-input":{"@type":"PropertyValueSpecification","valueRequired":true,"valueName":"search_term_string"}}],"inLanguage":"es-AR"},{"@type":["Person","Organization"],"@id":"https:\/\/apuntesdesanluis.com\/#\/schema\/person\/b55151d52296fcce64d1a72538a70b90","name":"apuntesdesanluis.com","image":{"@type":"ImageObject","inLanguage":"es-AR","@id":"https:\/\/apuntesdesanluis.com\/#\/schema\/person\/image\/","url":"https:\/\/apuntesdesanluis.com\/wp-content\/uploads\/2023\/07\/cropped-apuntesdesanluis.png","contentUrl":"https:\/\/apuntesdesanluis.com\/wp-content\/uploads\/2023\/07\/cropped-apuntesdesanluis.png","width":450,"height":112,"caption":"apuntesdesanluis.com"},"logo":{"@id":"https:\/\/apuntesdesanluis.com\/#\/schema\/person\/image\/"},"sameAs":["https:\/\/apuntesdesanluis.com"],"url":"https:\/\/apuntesdesanluis.com\/index.php\/author\/apuntesdesanluis-com\/"}]}},"featured_image_urls":{"full":["https:\/\/apuntesdesanluis.com\/wp-content\/uploads\/2023\/10\/DETENIDA-1.png",561,396,false],"thumbnail":["https:\/\/apuntesdesanluis.com\/wp-content\/uploads\/2023\/10\/DETENIDA-1-150x150.png",150,150,true],"medium":["https:\/\/apuntesdesanluis.com\/wp-content\/uploads\/2023\/10\/DETENIDA-1-300x212.png",300,212,true],"medium_large":["https:\/\/apuntesdesanluis.com\/wp-content\/uploads\/2023\/10\/DETENIDA-1.png",561,396,false],"large":["https:\/\/apuntesdesanluis.com\/wp-content\/uploads\/2023\/10\/DETENIDA-1.png",561,396,false],"1536x1536":["https:\/\/apuntesdesanluis.com\/wp-content\/uploads\/2023\/10\/DETENIDA-1.png",561,396,false],"2048x2048":["https:\/\/apuntesdesanluis.com\/wp-content\/uploads\/2023\/10\/DETENIDA-1.png",561,396,false],"newsever-slider-full":["https:\/\/apuntesdesanluis.com\/wp-content\/uploads\/2023\/10\/DETENIDA-1.png",561,396,false],"newsever-featured":["https:\/\/apuntesdesanluis.com\/wp-content\/uploads\/2023\/10\/DETENIDA-1.png",561,396,false],"newsever-medium":["https:\/\/apuntesdesanluis.com\/wp-content\/uploads\/2023\/10\/DETENIDA-1.png",561,396,false]},"author_info":{"display_name":"apuntesdesanluis.com","author_link":"https:\/\/apuntesdesanluis.com\/index.php\/author\/apuntesdesanluis-com\/"},"category_info":"<a href=\"https:\/\/apuntesdesanluis.com\/index.php\/category\/ciudad-provincia\/\" rel=\"category tag\">Ciudad\/Provincia<\/a>","tag_info":"Ciudad\/Provincia","comment_count":"0","_links":{"self":[{"href":"https:\/\/apuntesdesanluis.com\/index.php\/wp-json\/wp\/v2\/posts\/5439","targetHints":{"allow":["GET"]}}],"collection":[{"href":"https:\/\/apuntesdesanluis.com\/index.php\/wp-json\/wp\/v2\/posts"}],"about":[{"href":"https:\/\/apuntesdesanluis.com\/index.php\/wp-json\/wp\/v2\/types\/post"}],"author":[{"embeddable":true,"href":"https:\/\/apuntesdesanluis.com\/index.php\/wp-json\/wp\/v2\/users\/1"}],"replies":[{"embeddable":true,"href":"https:\/\/apuntesdesanluis.com\/index.php\/wp-json\/wp\/v2\/comments?post=5439"}],"version-history":[{"count":1,"href":"https:\/\/apuntesdesanluis.com\/index.php\/wp-json\/wp\/v2\/posts\/5439\/revisions"}],"predecessor-version":[{"id":5442,"href":"https:\/\/apuntesdesanluis.com\/index.php\/wp-json\/wp\/v2\/posts\/5439\/revisions\/5442"}],"wp:featuredmedia":[{"embeddable":true,"href":"https:\/\/apuntesdesanluis.com\/index.php\/wp-json\/wp\/v2\/media\/5440"}],"wp:attachment":[{"href":"https:\/\/apuntesdesanluis.com\/index.php\/wp-json\/wp\/v2\/media?parent=5439"}],"wp:term":[{"taxonomy":"category","embeddable":true,"href":"https:\/\/apuntesdesanluis.com\/index.php\/wp-json\/wp\/v2\/categories?post=5439"},{"taxonomy":"post_tag","embeddable":true,"href":"https:\/\/apuntesdesanluis.com\/index.php\/wp-json\/wp\/v2\/tags?post=5439"}],"curies":[{"name":"wp","href":"https:\/\/api.w.org\/{rel}","templated":true}]}}