{"id":5450,"date":"2023-10-19T21:28:48","date_gmt":"2023-10-20T00:28:48","guid":{"rendered":"https:\/\/apuntesdesanluis.com\/?p=5450"},"modified":"2023-10-19T21:28:48","modified_gmt":"2023-10-20T00:28:48","slug":"prision-preventiva-por-4-meses-al-comerciante-imputado-por-delitos-contra-la-integridad-sexual","status":"publish","type":"post","link":"https:\/\/apuntesdesanluis.com\/index.php\/2023\/10\/19\/prision-preventiva-por-4-meses-al-comerciante-imputado-por-delitos-contra-la-integridad-sexual\/","title":{"rendered":"PRISI\u00d3N PREVENTIVA POR 4 MESES AL COMERCIANTE IMPUTADO POR DELITOS CONTRA LA INTEGRIDAD SEXUAL"},"content":{"rendered":"<h3>El hombre deber\u00e1 cumplir la medida por el t\u00e9rmino de cuatro meses en el Servicio Penitenciario Provincial. <strong>Apuntes de San Luis<\/strong> hab\u00eda adelantado que la situaci\u00f3n del hombre acusado por diferentes delitos contra la integridad sexual en perjuicio de una menor era muy complicada, por las pruebas presentadas y el tenor de la denuncia.<\/h3>\n<h3>Este jueves por la ma\u00f1ana se desarroll\u00f3 la audiencia en el marco de la investigaci\u00f3n de esta causa por delitos contra la integridad sexual. Se formularon cargos de manera provisoria contra un conocido comerciante de Villa Mercedes, como presunto autor por los delitos de grooming, producci\u00f3n de material de abuso sexual infantil de ni\u00f1os, ni\u00f1as y adolescentes (MASNNA) abuso sexual gravemente ultrajante y promoci\u00f3n de corrupci\u00f3n de menores calificada.<\/h3>\n<h3>En esta audiencia participaron, en representaci\u00f3n del Ministerio P\u00fablico Fiscal las Dras. Daniela Torres y Gisela Milstein; de la\u00a0 Defensora de Ni\u00f1ez y Adolescencia la Dra. Maria Pringles Medeot. En representaci\u00f3n del particular damnificado intervino el Dr. Gustavo Correa y Fernando Quiroga y como defensores del imputado, los Dres. Laura Rodriguez, Federico Masini y Juan Manuel Domine. El Dr. Alfredo Cuello, como Juez subrogante del Juzgado de Garant\u00eda N\u00ba 3 y la secretaria Dra. Natalia Pereyra Cardini.<\/h3>\n<h3>En primer lugar, la fiscal\u00eda reiter\u00f3 la descripci\u00f3n de los hechos y de las evidencias incorporadas. Esta causa inici\u00f3 el pasado 7 de julio, con la denuncia del padre de la v\u00edctima, que actualmente tiene 16 a\u00f1os.<\/h3>\n<h3>Explic\u00f3 que cuando la ni\u00f1a ten\u00eda entre 7 y 8 a\u00f1os se presentaron situaciones de agresiones y ultrajes de \u00edndole sexual. Adem\u00e1s, inform\u00f3 que del an\u00e1lisis del dispositivo electr\u00f3nico se desprendieron conversaciones entre la v\u00edctima -cuando esta ten\u00eda entre 14 y 16 a\u00f1os -y el imputado, fotos y videos de \u00edndole sexual e intercambio de dinero.<\/h3>\n<h3>La querella por su parte, agreg\u00f3 m\u00e1s detalles del hecho en consonancia con el relato de la fiscal y adhiri\u00f3 a la calificaci\u00f3n legal, al igual que la representante de la Defensor\u00eda de la Ni\u00f1ez.<\/h3>\n<h3>En la audiencia de este jueves, al vencerse la pr\u00f3rroga de detenci\u00f3n del imputado, la defensa solicit\u00f3 que se reformulen los cargos. En sus alegatos, los profesionales manifestaron que en relaci\u00f3n al abuso sexual gravemente ultrajante no se dan los par\u00e1metros objetivos de este tipo de delito ya que no existi\u00f3 una conducta ultrajante y no se reiteraron los supuestos hechos de abuso referidos.<\/h3>\n<h3>Con respecto a la corrupci\u00f3n de menores, dijeron que no hay evidencias para sostener los indicadores manifestados por la fiscal\u00eda y mencionaron los informes escolares de la v\u00edctima.<\/h3>\n<h3>Por otro lado, y con relaci\u00f3n a la producci\u00f3n y comercializaci\u00f3n de material de abuso sexual infantil de ni\u00f1os, ni\u00f1as y adolescentes, expresaron que no existe sospecha ni evidencia que pudiera inferir en algo m\u00e1s que la reproducci\u00f3n de material y que el imputado no particip\u00f3 ni en la producci\u00f3n ni en la comercializaci\u00f3n.<\/h3>\n<h3>Luego de las exposiciones de las partes, el Juez Dr. Alfredo Cuello\u00a0 consider\u00f3 que con la evidencia con la que se cuenta se dan los extremos t\u00edpicos en relaci\u00f3n al abuso sexual gravemente ultrajante. Con respecto al grooming consider\u00f3 que tambi\u00e9n hay evidencias respecto del intercambio y prop\u00f3sito de atentar contra la integridad sexual de la v\u00edctima. No encontr\u00f3 evidencias en relaci\u00f3n a la comercializaci\u00f3n de material pero si de la producci\u00f3n de MASNNA.<\/h3>\n<h3>Con respecto a la promoci\u00f3n de corrupci\u00f3n de menores, dijo que todo lo padecido por la v\u00edctima ha interferido en la evoluci\u00f3n sexual normal de la ni\u00f1a e hizo referencia al medio de intimidaci\u00f3n aplicado.<\/h3>\n<h3>Se le formularon cargos por grooming, producci\u00f3n de material de abuso sexual infantil de ni\u00f1os, ni\u00f1as y adolescentes (MASNNA), abuso sexual gravemente ultrajante y promoci\u00f3n de corrupci\u00f3n de menores calificada.<\/h3>\n<h3><strong>MEDIDA DE COERCI\u00d3N<\/strong><\/h3>\n<h3>En una segunda parte de la audiencia, se analiz\u00f3 sobre la medida de coerci\u00f3n. En esta oportunidad la fiscal solicit\u00f3 la prisi\u00f3n preventiva por el t\u00e9rmino de cuatro meses. En su argumento tuvo en cuenta las caracter\u00edsticas del hecho, el peligro procesal, el pron\u00f3stico punitivo, la evidencia pendiente de incorporar, obstaculizaci\u00f3n de la justicia y la posibilidad de evadir o entorpecer el proceso.<\/h3>\n<h3>\u201cDebemos velar por la tutela efectiva de los derechos de las v\u00edctimas y por la condici\u00f3n de ni\u00f1a y mujer\u201d dijo, haciendo referencia a los tratados nacionales e internacionales.<\/h3>\n<h3>El representante del particular damnificado manifest\u00f3 que existen convicciones razonables de que el imputado es el responsable del hecho y se refiri\u00f3 a peligros procesales, adhiri\u00f3 a la medida solicitada por la fiscal.<\/h3>\n<h3>La representante de la Defensor\u00eda de la Ni\u00f1ez adhiri\u00f3 al pedido de medida de coerci\u00f3n y dijo que si la modalidad era diferente, se deber\u00edan cumplir con ciertos requisitos.<\/h3>\n<h3>La defensa manifest\u00f3 que no se deber\u00eda tener en cuenta la medida solicitada\u00a0 ya que los riesgos procesales no se encuentran acreditados. Propuso medidas alternativas como la prisi\u00f3n domiciliaria y la colocaci\u00f3n de una tobillera electr\u00f3nica, adem\u00e1s del cumplimiento de pautas como prohibici\u00f3n de acercamiento, continuidad de tratamiento psicol\u00f3gico y psiqui\u00e1trico, cauci\u00f3n econ\u00f3mica, firma del libro, prohibici\u00f3n de salir de la provincia, entre otros.<\/h3>\n<h3>Finalmente el Dr. Cuello \u2013como subrogante del Juzgado de Garant\u00eda N\u00ba 3- resolvi\u00f3 hacer lugar a la medida solicitada por fiscal\u00eda y orden\u00f3 la prisi\u00f3n preventiva por 4 meses.<\/h3>\n<h3>Entre varias cuestiones, consider\u00f3 que las evidencias incorporadas y tenidas en cuenta para la formulaci\u00f3n de cargos brindan los elementos de convicci\u00f3n suficientes para determinar que los hechos ocurrieron y que el se\u00f1or ser\u00eda el autor.<\/h3>\n<h3>Adem\u00e1s, tuvo en cuenta las caracter\u00edsticas de los hechos, el pron\u00f3stico punitivo, los indicios que dan a entender que podr\u00eda existir un peligro procesal y a los fines de asegurar\u00a0 el proceso y dar una respuesta a la v\u00edctima consider\u00f3 que el plazo es proporcional y razonable.<\/h3>\n<h3>La defensa plante\u00f3 recurso de apelaci\u00f3n y revisi\u00f3n de medida de coerci\u00f3n.<\/h3>\n<h3>\u2026\u2026\u2026\u2026\u2026\u2026.<\/h3>\n<h4><span style=\"color: #000000;\"><em>Por tratarse de un delito contra la integridad sexual, dependiente de instancia privada, no se consignan los datos identificatorios de las partes a fin de preservar el derecho a la intimidad, privacidad y confidencialidad de la v\u00edctima.<\/em><\/span><\/h4>\n<p>&nbsp;<\/p>\n<p>&nbsp;<\/p>\n<p>&nbsp;<\/p>\n<p>&nbsp;<\/p>\n","protected":false},"excerpt":{"rendered":"<p>El hombre deber\u00e1 cumplir la medida por el t\u00e9rmino de cuatro meses en el Servicio&#8230;<\/p>\n","protected":false},"author":1,"featured_media":5451,"comment_status":"closed","ping_status":"closed","sticky":false,"template":"","format":"standard","meta":{"footnotes":""},"categories":[6],"tags":[],"class_list":["post-5450","post","type-post","status-publish","format-standard","has-post-thumbnail","hentry","category-ciudad-provincia"],"yoast_head":"<!-- This site is optimized with the Yoast SEO plugin v26.1.1 - https:\/\/yoast.com\/wordpress\/plugins\/seo\/ -->\n<title>PRISI\u00d3N PREVENTIVA POR 4 MESES AL COMERCIANTE IMPUTADO POR DELITOS CONTRA LA INTEGRIDAD SEXUAL - Apuntes de San Luis<\/title>\n<meta name=\"robots\" content=\"index, follow, max-snippet:-1, max-image-preview:large, max-video-preview:-1\" \/>\n<link rel=\"canonical\" href=\"https:\/\/apuntesdesanluis.com\/index.php\/2023\/10\/19\/prision-preventiva-por-4-meses-al-comerciante-imputado-por-delitos-contra-la-integridad-sexual\/\" \/>\n<meta property=\"og:locale\" content=\"es_ES\" \/>\n<meta property=\"og:type\" content=\"article\" \/>\n<meta property=\"og:title\" content=\"PRISI\u00d3N PREVENTIVA POR 4 MESES AL COMERCIANTE IMPUTADO POR DELITOS CONTRA LA INTEGRIDAD SEXUAL - Apuntes de San Luis\" \/>\n<meta property=\"og:description\" content=\"El hombre deber\u00e1 cumplir la medida por el t\u00e9rmino de cuatro meses en el Servicio...\" \/>\n<meta property=\"og:url\" content=\"https:\/\/apuntesdesanluis.com\/index.php\/2023\/10\/19\/prision-preventiva-por-4-meses-al-comerciante-imputado-por-delitos-contra-la-integridad-sexual\/\" \/>\n<meta property=\"og:site_name\" content=\"Apuntes de San Luis\" \/>\n<meta property=\"article:published_time\" content=\"2023-10-20T00:28:48+00:00\" \/>\n<meta property=\"og:image\" content=\"https:\/\/apuntesdesanluis.com\/wp-content\/uploads\/2023\/10\/AUDIENCIA-4.png\" \/>\n\t<meta property=\"og:image:width\" content=\"600\" \/>\n\t<meta property=\"og:image:height\" content=\"326\" \/>\n\t<meta property=\"og:image:type\" content=\"image\/png\" \/>\n<meta name=\"author\" content=\"apuntesdesanluis.com\" \/>\n<meta name=\"twitter:card\" content=\"summary_large_image\" \/>\n<meta name=\"twitter:label1\" content=\"Escrito por\" \/>\n\t<meta name=\"twitter:data1\" content=\"apuntesdesanluis.com\" \/>\n\t<meta name=\"twitter:label2\" content=\"Tiempo de lectura\" \/>\n\t<meta name=\"twitter:data2\" content=\"5 minutos\" \/>\n<script type=\"application\/ld+json\" class=\"yoast-schema-graph\">{\"@context\":\"https:\/\/schema.org\",\"@graph\":[{\"@type\":\"Article\",\"@id\":\"https:\/\/apuntesdesanluis.com\/index.php\/2023\/10\/19\/prision-preventiva-por-4-meses-al-comerciante-imputado-por-delitos-contra-la-integridad-sexual\/#article\",\"isPartOf\":{\"@id\":\"https:\/\/apuntesdesanluis.com\/index.php\/2023\/10\/19\/prision-preventiva-por-4-meses-al-comerciante-imputado-por-delitos-contra-la-integridad-sexual\/\"},\"author\":{\"name\":\"apuntesdesanluis.com\",\"@id\":\"https:\/\/apuntesdesanluis.com\/#\/schema\/person\/b55151d52296fcce64d1a72538a70b90\"},\"headline\":\"PRISI\u00d3N PREVENTIVA POR 4 MESES AL COMERCIANTE IMPUTADO POR DELITOS CONTRA LA INTEGRIDAD SEXUAL\",\"datePublished\":\"2023-10-20T00:28:48+00:00\",\"mainEntityOfPage\":{\"@id\":\"https:\/\/apuntesdesanluis.com\/index.php\/2023\/10\/19\/prision-preventiva-por-4-meses-al-comerciante-imputado-por-delitos-contra-la-integridad-sexual\/\"},\"wordCount\":1113,\"publisher\":{\"@id\":\"https:\/\/apuntesdesanluis.com\/#\/schema\/person\/b55151d52296fcce64d1a72538a70b90\"},\"image\":{\"@id\":\"https:\/\/apuntesdesanluis.com\/index.php\/2023\/10\/19\/prision-preventiva-por-4-meses-al-comerciante-imputado-por-delitos-contra-la-integridad-sexual\/#primaryimage\"},\"thumbnailUrl\":\"https:\/\/apuntesdesanluis.com\/wp-content\/uploads\/2023\/10\/AUDIENCIA-4.png\",\"articleSection\":[\"Ciudad\/Provincia\"],\"inLanguage\":\"es-AR\"},{\"@type\":\"WebPage\",\"@id\":\"https:\/\/apuntesdesanluis.com\/index.php\/2023\/10\/19\/prision-preventiva-por-4-meses-al-comerciante-imputado-por-delitos-contra-la-integridad-sexual\/\",\"url\":\"https:\/\/apuntesdesanluis.com\/index.php\/2023\/10\/19\/prision-preventiva-por-4-meses-al-comerciante-imputado-por-delitos-contra-la-integridad-sexual\/\",\"name\":\"PRISI\u00d3N PREVENTIVA POR 4 MESES AL COMERCIANTE IMPUTADO POR DELITOS CONTRA LA INTEGRIDAD SEXUAL - Apuntes de San Luis\",\"isPartOf\":{\"@id\":\"https:\/\/apuntesdesanluis.com\/#website\"},\"primaryImageOfPage\":{\"@id\":\"https:\/\/apuntesdesanluis.com\/index.php\/2023\/10\/19\/prision-preventiva-por-4-meses-al-comerciante-imputado-por-delitos-contra-la-integridad-sexual\/#primaryimage\"},\"image\":{\"@id\":\"https:\/\/apuntesdesanluis.com\/index.php\/2023\/10\/19\/prision-preventiva-por-4-meses-al-comerciante-imputado-por-delitos-contra-la-integridad-sexual\/#primaryimage\"},\"thumbnailUrl\":\"https:\/\/apuntesdesanluis.com\/wp-content\/uploads\/2023\/10\/AUDIENCIA-4.png\",\"datePublished\":\"2023-10-20T00:28:48+00:00\",\"breadcrumb\":{\"@id\":\"https:\/\/apuntesdesanluis.com\/index.php\/2023\/10\/19\/prision-preventiva-por-4-meses-al-comerciante-imputado-por-delitos-contra-la-integridad-sexual\/#breadcrumb\"},\"inLanguage\":\"es-AR\",\"potentialAction\":[{\"@type\":\"ReadAction\",\"target\":[\"https:\/\/apuntesdesanluis.com\/index.php\/2023\/10\/19\/prision-preventiva-por-4-meses-al-comerciante-imputado-por-delitos-contra-la-integridad-sexual\/\"]}]},{\"@type\":\"ImageObject\",\"inLanguage\":\"es-AR\",\"@id\":\"https:\/\/apuntesdesanluis.com\/index.php\/2023\/10\/19\/prision-preventiva-por-4-meses-al-comerciante-imputado-por-delitos-contra-la-integridad-sexual\/#primaryimage\",\"url\":\"https:\/\/apuntesdesanluis.com\/wp-content\/uploads\/2023\/10\/AUDIENCIA-4.png\",\"contentUrl\":\"https:\/\/apuntesdesanluis.com\/wp-content\/uploads\/2023\/10\/AUDIENCIA-4.png\",\"width\":600,\"height\":326},{\"@type\":\"BreadcrumbList\",\"@id\":\"https:\/\/apuntesdesanluis.com\/index.php\/2023\/10\/19\/prision-preventiva-por-4-meses-al-comerciante-imputado-por-delitos-contra-la-integridad-sexual\/#breadcrumb\",\"itemListElement\":[{\"@type\":\"ListItem\",\"position\":1,\"name\":\"Inicio\",\"item\":\"https:\/\/apuntesdesanluis.com\/\"},{\"@type\":\"ListItem\",\"position\":2,\"name\":\"PRISI\u00d3N PREVENTIVA POR 4 MESES AL COMERCIANTE IMPUTADO POR DELITOS CONTRA LA INTEGRIDAD SEXUAL\"}]},{\"@type\":\"WebSite\",\"@id\":\"https:\/\/apuntesdesanluis.com\/#website\",\"url\":\"https:\/\/apuntesdesanluis.com\/\",\"name\":\"Apuntes de San Luis\",\"description\":\"\",\"publisher\":{\"@id\":\"https:\/\/apuntesdesanluis.com\/#\/schema\/person\/b55151d52296fcce64d1a72538a70b90\"},\"potentialAction\":[{\"@type\":\"SearchAction\",\"target\":{\"@type\":\"EntryPoint\",\"urlTemplate\":\"https:\/\/apuntesdesanluis.com\/?s={search_term_string}\"},\"query-input\":{\"@type\":\"PropertyValueSpecification\",\"valueRequired\":true,\"valueName\":\"search_term_string\"}}],\"inLanguage\":\"es-AR\"},{\"@type\":[\"Person\",\"Organization\"],\"@id\":\"https:\/\/apuntesdesanluis.com\/#\/schema\/person\/b55151d52296fcce64d1a72538a70b90\",\"name\":\"apuntesdesanluis.com\",\"image\":{\"@type\":\"ImageObject\",\"inLanguage\":\"es-AR\",\"@id\":\"https:\/\/apuntesdesanluis.com\/#\/schema\/person\/image\/\",\"url\":\"https:\/\/apuntesdesanluis.com\/wp-content\/uploads\/2023\/07\/cropped-apuntesdesanluis.png\",\"contentUrl\":\"https:\/\/apuntesdesanluis.com\/wp-content\/uploads\/2023\/07\/cropped-apuntesdesanluis.png\",\"width\":450,\"height\":112,\"caption\":\"apuntesdesanluis.com\"},\"logo\":{\"@id\":\"https:\/\/apuntesdesanluis.com\/#\/schema\/person\/image\/\"},\"sameAs\":[\"https:\/\/apuntesdesanluis.com\"],\"url\":\"https:\/\/apuntesdesanluis.com\/index.php\/author\/apuntesdesanluis-com\/\"}]}<\/script>\n<!-- \/ Yoast SEO plugin. -->","yoast_head_json":{"title":"PRISI\u00d3N PREVENTIVA POR 4 MESES AL COMERCIANTE IMPUTADO POR DELITOS CONTRA LA INTEGRIDAD SEXUAL - Apuntes de San Luis","robots":{"index":"index","follow":"follow","max-snippet":"max-snippet:-1","max-image-preview":"max-image-preview:large","max-video-preview":"max-video-preview:-1"},"canonical":"https:\/\/apuntesdesanluis.com\/index.php\/2023\/10\/19\/prision-preventiva-por-4-meses-al-comerciante-imputado-por-delitos-contra-la-integridad-sexual\/","og_locale":"es_ES","og_type":"article","og_title":"PRISI\u00d3N PREVENTIVA POR 4 MESES AL COMERCIANTE IMPUTADO POR DELITOS CONTRA LA INTEGRIDAD SEXUAL - Apuntes de San Luis","og_description":"El hombre deber\u00e1 cumplir la medida por el t\u00e9rmino de cuatro meses en el Servicio...","og_url":"https:\/\/apuntesdesanluis.com\/index.php\/2023\/10\/19\/prision-preventiva-por-4-meses-al-comerciante-imputado-por-delitos-contra-la-integridad-sexual\/","og_site_name":"Apuntes de San Luis","article_published_time":"2023-10-20T00:28:48+00:00","og_image":[{"width":600,"height":326,"url":"https:\/\/apuntesdesanluis.com\/wp-content\/uploads\/2023\/10\/AUDIENCIA-4.png","type":"image\/png"}],"author":"apuntesdesanluis.com","twitter_card":"summary_large_image","twitter_misc":{"Escrito por":"apuntesdesanluis.com","Tiempo de lectura":"5 minutos"},"schema":{"@context":"https:\/\/schema.org","@graph":[{"@type":"Article","@id":"https:\/\/apuntesdesanluis.com\/index.php\/2023\/10\/19\/prision-preventiva-por-4-meses-al-comerciante-imputado-por-delitos-contra-la-integridad-sexual\/#article","isPartOf":{"@id":"https:\/\/apuntesdesanluis.com\/index.php\/2023\/10\/19\/prision-preventiva-por-4-meses-al-comerciante-imputado-por-delitos-contra-la-integridad-sexual\/"},"author":{"name":"apuntesdesanluis.com","@id":"https:\/\/apuntesdesanluis.com\/#\/schema\/person\/b55151d52296fcce64d1a72538a70b90"},"headline":"PRISI\u00d3N PREVENTIVA POR 4 MESES AL COMERCIANTE IMPUTADO POR DELITOS CONTRA LA INTEGRIDAD SEXUAL","datePublished":"2023-10-20T00:28:48+00:00","mainEntityOfPage":{"@id":"https:\/\/apuntesdesanluis.com\/index.php\/2023\/10\/19\/prision-preventiva-por-4-meses-al-comerciante-imputado-por-delitos-contra-la-integridad-sexual\/"},"wordCount":1113,"publisher":{"@id":"https:\/\/apuntesdesanluis.com\/#\/schema\/person\/b55151d52296fcce64d1a72538a70b90"},"image":{"@id":"https:\/\/apuntesdesanluis.com\/index.php\/2023\/10\/19\/prision-preventiva-por-4-meses-al-comerciante-imputado-por-delitos-contra-la-integridad-sexual\/#primaryimage"},"thumbnailUrl":"https:\/\/apuntesdesanluis.com\/wp-content\/uploads\/2023\/10\/AUDIENCIA-4.png","articleSection":["Ciudad\/Provincia"],"inLanguage":"es-AR"},{"@type":"WebPage","@id":"https:\/\/apuntesdesanluis.com\/index.php\/2023\/10\/19\/prision-preventiva-por-4-meses-al-comerciante-imputado-por-delitos-contra-la-integridad-sexual\/","url":"https:\/\/apuntesdesanluis.com\/index.php\/2023\/10\/19\/prision-preventiva-por-4-meses-al-comerciante-imputado-por-delitos-contra-la-integridad-sexual\/","name":"PRISI\u00d3N PREVENTIVA POR 4 MESES AL COMERCIANTE IMPUTADO POR DELITOS CONTRA LA INTEGRIDAD SEXUAL - Apuntes de San Luis","isPartOf":{"@id":"https:\/\/apuntesdesanluis.com\/#website"},"primaryImageOfPage":{"@id":"https:\/\/apuntesdesanluis.com\/index.php\/2023\/10\/19\/prision-preventiva-por-4-meses-al-comerciante-imputado-por-delitos-contra-la-integridad-sexual\/#primaryimage"},"image":{"@id":"https:\/\/apuntesdesanluis.com\/index.php\/2023\/10\/19\/prision-preventiva-por-4-meses-al-comerciante-imputado-por-delitos-contra-la-integridad-sexual\/#primaryimage"},"thumbnailUrl":"https:\/\/apuntesdesanluis.com\/wp-content\/uploads\/2023\/10\/AUDIENCIA-4.png","datePublished":"2023-10-20T00:28:48+00:00","breadcrumb":{"@id":"https:\/\/apuntesdesanluis.com\/index.php\/2023\/10\/19\/prision-preventiva-por-4-meses-al-comerciante-imputado-por-delitos-contra-la-integridad-sexual\/#breadcrumb"},"inLanguage":"es-AR","potentialAction":[{"@type":"ReadAction","target":["https:\/\/apuntesdesanluis.com\/index.php\/2023\/10\/19\/prision-preventiva-por-4-meses-al-comerciante-imputado-por-delitos-contra-la-integridad-sexual\/"]}]},{"@type":"ImageObject","inLanguage":"es-AR","@id":"https:\/\/apuntesdesanluis.com\/index.php\/2023\/10\/19\/prision-preventiva-por-4-meses-al-comerciante-imputado-por-delitos-contra-la-integridad-sexual\/#primaryimage","url":"https:\/\/apuntesdesanluis.com\/wp-content\/uploads\/2023\/10\/AUDIENCIA-4.png","contentUrl":"https:\/\/apuntesdesanluis.com\/wp-content\/uploads\/2023\/10\/AUDIENCIA-4.png","width":600,"height":326},{"@type":"BreadcrumbList","@id":"https:\/\/apuntesdesanluis.com\/index.php\/2023\/10\/19\/prision-preventiva-por-4-meses-al-comerciante-imputado-por-delitos-contra-la-integridad-sexual\/#breadcrumb","itemListElement":[{"@type":"ListItem","position":1,"name":"Inicio","item":"https:\/\/apuntesdesanluis.com\/"},{"@type":"ListItem","position":2,"name":"PRISI\u00d3N PREVENTIVA POR 4 MESES AL COMERCIANTE IMPUTADO POR DELITOS CONTRA LA INTEGRIDAD SEXUAL"}]},{"@type":"WebSite","@id":"https:\/\/apuntesdesanluis.com\/#website","url":"https:\/\/apuntesdesanluis.com\/","name":"Apuntes de San Luis","description":"","publisher":{"@id":"https:\/\/apuntesdesanluis.com\/#\/schema\/person\/b55151d52296fcce64d1a72538a70b90"},"potentialAction":[{"@type":"SearchAction","target":{"@type":"EntryPoint","urlTemplate":"https:\/\/apuntesdesanluis.com\/?s={search_term_string}"},"query-input":{"@type":"PropertyValueSpecification","valueRequired":true,"valueName":"search_term_string"}}],"inLanguage":"es-AR"},{"@type":["Person","Organization"],"@id":"https:\/\/apuntesdesanluis.com\/#\/schema\/person\/b55151d52296fcce64d1a72538a70b90","name":"apuntesdesanluis.com","image":{"@type":"ImageObject","inLanguage":"es-AR","@id":"https:\/\/apuntesdesanluis.com\/#\/schema\/person\/image\/","url":"https:\/\/apuntesdesanluis.com\/wp-content\/uploads\/2023\/07\/cropped-apuntesdesanluis.png","contentUrl":"https:\/\/apuntesdesanluis.com\/wp-content\/uploads\/2023\/07\/cropped-apuntesdesanluis.png","width":450,"height":112,"caption":"apuntesdesanluis.com"},"logo":{"@id":"https:\/\/apuntesdesanluis.com\/#\/schema\/person\/image\/"},"sameAs":["https:\/\/apuntesdesanluis.com"],"url":"https:\/\/apuntesdesanluis.com\/index.php\/author\/apuntesdesanluis-com\/"}]}},"featured_image_urls":{"full":["https:\/\/apuntesdesanluis.com\/wp-content\/uploads\/2023\/10\/AUDIENCIA-4.png",600,326,false],"thumbnail":["https:\/\/apuntesdesanluis.com\/wp-content\/uploads\/2023\/10\/AUDIENCIA-4-150x150.png",150,150,true],"medium":["https:\/\/apuntesdesanluis.com\/wp-content\/uploads\/2023\/10\/AUDIENCIA-4-300x163.png",300,163,true],"medium_large":["https:\/\/apuntesdesanluis.com\/wp-content\/uploads\/2023\/10\/AUDIENCIA-4.png",600,326,false],"large":["https:\/\/apuntesdesanluis.com\/wp-content\/uploads\/2023\/10\/AUDIENCIA-4.png",600,326,false],"1536x1536":["https:\/\/apuntesdesanluis.com\/wp-content\/uploads\/2023\/10\/AUDIENCIA-4.png",600,326,false],"2048x2048":["https:\/\/apuntesdesanluis.com\/wp-content\/uploads\/2023\/10\/AUDIENCIA-4.png",600,326,false],"newsever-slider-full":["https:\/\/apuntesdesanluis.com\/wp-content\/uploads\/2023\/10\/AUDIENCIA-4.png",600,326,false],"newsever-featured":["https:\/\/apuntesdesanluis.com\/wp-content\/uploads\/2023\/10\/AUDIENCIA-4.png",600,326,false],"newsever-medium":["https:\/\/apuntesdesanluis.com\/wp-content\/uploads\/2023\/10\/AUDIENCIA-4.png",600,326,false]},"author_info":{"display_name":"apuntesdesanluis.com","author_link":"https:\/\/apuntesdesanluis.com\/index.php\/author\/apuntesdesanluis-com\/"},"category_info":"<a href=\"https:\/\/apuntesdesanluis.com\/index.php\/category\/ciudad-provincia\/\" rel=\"category tag\">Ciudad\/Provincia<\/a>","tag_info":"Ciudad\/Provincia","comment_count":"0","_links":{"self":[{"href":"https:\/\/apuntesdesanluis.com\/index.php\/wp-json\/wp\/v2\/posts\/5450","targetHints":{"allow":["GET"]}}],"collection":[{"href":"https:\/\/apuntesdesanluis.com\/index.php\/wp-json\/wp\/v2\/posts"}],"about":[{"href":"https:\/\/apuntesdesanluis.com\/index.php\/wp-json\/wp\/v2\/types\/post"}],"author":[{"embeddable":true,"href":"https:\/\/apuntesdesanluis.com\/index.php\/wp-json\/wp\/v2\/users\/1"}],"replies":[{"embeddable":true,"href":"https:\/\/apuntesdesanluis.com\/index.php\/wp-json\/wp\/v2\/comments?post=5450"}],"version-history":[{"count":1,"href":"https:\/\/apuntesdesanluis.com\/index.php\/wp-json\/wp\/v2\/posts\/5450\/revisions"}],"predecessor-version":[{"id":5452,"href":"https:\/\/apuntesdesanluis.com\/index.php\/wp-json\/wp\/v2\/posts\/5450\/revisions\/5452"}],"wp:featuredmedia":[{"embeddable":true,"href":"https:\/\/apuntesdesanluis.com\/index.php\/wp-json\/wp\/v2\/media\/5451"}],"wp:attachment":[{"href":"https:\/\/apuntesdesanluis.com\/index.php\/wp-json\/wp\/v2\/media?parent=5450"}],"wp:term":[{"taxonomy":"category","embeddable":true,"href":"https:\/\/apuntesdesanluis.com\/index.php\/wp-json\/wp\/v2\/categories?post=5450"},{"taxonomy":"post_tag","embeddable":true,"href":"https:\/\/apuntesdesanluis.com\/index.php\/wp-json\/wp\/v2\/tags?post=5450"}],"curies":[{"name":"wp","href":"https:\/\/api.w.org\/{rel}","templated":true}]}}