{"id":5453,"date":"2023-10-19T21:37:33","date_gmt":"2023-10-20T00:37:33","guid":{"rendered":"https:\/\/apuntesdesanluis.com\/?p=5453"},"modified":"2023-10-19T21:37:33","modified_gmt":"2023-10-20T00:37:33","slug":"el-gobernador-anuncio-aumento-salarial-del-15-y-un-adicional-para-personal-docente-de-salud-y-seguridad","status":"publish","type":"post","link":"https:\/\/apuntesdesanluis.com\/index.php\/2023\/10\/19\/el-gobernador-anuncio-aumento-salarial-del-15-y-un-adicional-para-personal-docente-de-salud-y-seguridad\/","title":{"rendered":"EL GOBERNADOR ANUNCI\u00d3 AUMENTO SALARIAL DEL 15% Y UN ADICIONAL PARA PERSONAL DOCENTE, DE SALUD Y SEGURIDAD"},"content":{"rendered":"<h3>El incremento alcanza a todo el personal de la administraci\u00f3n p\u00fablica provincial, es decir, docentes, personal de la salud, fuerzas de seguridad y empleados del escalaf\u00f3n general. Se hace extensivo adem\u00e1s a las y los beneficiarios de Inclusi\u00f3n Social y becarios 22 AG y a los j\u00f3venes l\u00edderes de la Secretar\u00eda de las Juventudes. Por otro lado, el primer mandatario mencion\u00f3 un incentivo del 100% por productividad para el personal de Seguridad, pago del 100% por bloqueo de t\u00edtulo para trabajadores de la carrera sanitaria y jerarquizaci\u00f3n salarial para el personal docente de toda la provincia.<\/h3>\n<h3>Este jueves por la tarde en Terrazas del Portezuelo, el gobernador, <strong>Alberto Rodr\u00edguez Sa\u00e1<\/strong>, anunci\u00f3 un nuevo incremento salarial para el personal de la administraci\u00f3n p\u00fablica provincial. \u201cComo dijimos, vamos a ir chequeando mes a mes por la crisis inflacionaria. Tenemos que correr para que la econom\u00eda se mantenga y estemos por encima de los niveles de pobreza e indigencia. Por ello, se determina un aumento salarial para el mes de octubre del 15% destinado a todo el personal de la administraci\u00f3n p\u00fablica. El incremento alcanza a todo el personal de la administraci\u00f3n p\u00fablica provincial, es decir, docentes, personal de la salud, fuerzas de seguridad y empleados del escalaf\u00f3n general\u201d, indic\u00f3 el primer mandatario y agreg\u00f3: \u201cRecientemente se dio a conocer el costo de la canasta b\u00e1sica familiar seg\u00fan datos del INDEC, es de $319.422,04, $320 mil para redondear. Este incremento permite que se est\u00e9 por encima de los \u00edndices de pobreza. Quienes percib\u00edan $300 mil van a comenzar a cobrar $345 mil\u201d.<\/h3>\n<h3>Adem\u00e1s, Rodr\u00edguez Sa\u00e1 mencion\u00f3 otras medidas adicionales para el personal de Seguridad, Salud y Educaci\u00f3n.<\/h3>\n<p><iframe title=\"El gobernador anunci\u00f3 un aumento salarial del 15% y un adicional para educaci\u00f3n, salud y seguridad\" width=\"640\" height=\"360\" src=\"https:\/\/www.youtube.com\/embed\/SL774JJjhc8?feature=oembed\" frameborder=\"0\" allow=\"accelerometer; autoplay; clipboard-write; encrypted-media; gyroscope; picture-in-picture; web-share\" referrerpolicy=\"strict-origin-when-cross-origin\" allowfullscreen><\/iframe><\/p>\n<h3><span style=\"color: #000000;\"><strong>SEGURIDAD<\/strong><\/span><\/h3>\n<h3>A partir del mes de octubre, los trabajadores del \u00e1rea de Seguridad de la provincia percibir\u00e1n, adem\u00e1s del 15% de aumento anunciado, un incremento del 100% para el sistema de incentivo a la productividad (antes conocido como Servicios de Polic\u00eda Adicional). Esto significa que los efectivos policiales que cumplan voluntariamente con horas mensuales para cubrir servicios de vigilancia en establecimientos p\u00fablicos y privados de la provincia, pasar\u00e1n a cobrar exactamente el doble, llegando a un mont\u00f3n que rondar\u00e1 los $133 mil.<\/h3>\n<h3>Asimismo, el primer mandatario agreg\u00f3 que el personal policial que cumple funciones de jefe de dependencia recibir\u00e1 aumento por suplemento por cargo de acuerdo a la responsabilidad funcional que desempe\u00f1e.<\/h3>\n<h3>\u201cEste anuncio redunda en una mejora econ\u00f3mica para todos los efectivos policiales de nuestra provincia\u201d, destac\u00f3 el ministro de Seguridad, <strong>Claudio Latini<\/strong>.<\/h3>\n<p><iframe title=\"El gobernador anunci\u00f3 incrementos para la polic\u00eda provincial\" width=\"640\" height=\"360\" src=\"https:\/\/www.youtube.com\/embed\/JKbemKJvBIQ?feature=oembed\" frameborder=\"0\" allow=\"accelerometer; autoplay; clipboard-write; encrypted-media; gyroscope; picture-in-picture; web-share\" referrerpolicy=\"strict-origin-when-cross-origin\" allowfullscreen><\/iframe><\/p>\n<h3><span style=\"color: #000000;\"><strong>SALUD<\/strong><\/span><\/h3>\n<h3>Para personal de salud, adem\u00e1s del 15% general, tambi\u00e9n se incrementa al 100% el bloqueo del t\u00edtulo para quienes est\u00e9n en la carrera sanitaria.<\/h3>\n<h3>Por otra parte, el jefe de Programa Capital Humano del Ministerio de Hacienda P\u00fablica, Daniel Sar\u00e1, explic\u00f3 que el personal de salud de la provincia percibir\u00e1 aumentos por presentismo, lavado de ropa y refrigerio. \u201cEl convenio colectivo de salud pasa a percibir algunas modificaciones como el presentismo, que estaba en el 10% y pasa al 15%, adicional por lavado de ropa que hasta septiembre estaba en 5% y pasa al 15% y el adicional por refrigerio que llegar\u00e1 a los 40 mil pesos mensuales\u201d, explic\u00f3.<\/h3>\n<h3>Otro de los puntos importantes es que estos \u00edtems tienen movilidad, es decir, que est\u00e1n sujetos a futuros aumentos salariales que vayan ocurriendo mes a mes.<\/h3>\n<p><iframe title=\"Daniel Sar\u00e1, jefe del Programa Capital Humano\" width=\"640\" height=\"360\" src=\"https:\/\/www.youtube.com\/embed\/Lqk3s269toM?feature=oembed\" frameborder=\"0\" allow=\"accelerometer; autoplay; clipboard-write; encrypted-media; gyroscope; picture-in-picture; web-share\" referrerpolicy=\"strict-origin-when-cross-origin\" allowfullscreen><\/iframe><\/p>\n<h3><span style=\"color: #000000;\"><strong>EDUCACI\u00d3N<\/strong><\/span><\/h3>\n<h3>Alberto Rodr\u00edguez Sa\u00e1 anunci\u00f3 adem\u00e1s medidas para el personal docente de escuelas primarias que, a partir de este mes, percibir\u00e1n un sueldo por cargo de maestro de grado igual al de un docente de educaci\u00f3n secundaria con 20 horas c\u00e1tedra, equiparando as\u00ed la hora de clase en nivel primario y secundario. Es decir que los maestros de grado percibir\u00e1n un 33% de aumento en el b\u00e1sico del mes de octubre que se suma al 15% anunciado para toda la administraci\u00f3n p\u00fablica.<\/h3>\n<h3>Por otra parte, el anuncio incluy\u00f3 una jerarquizaci\u00f3n del cargo de secretarios y prosecretarios con un adicional del 45% del b\u00e1sico de revista. Esto se suma al 33% anunciado para personal docente de escuelas primarias y al 15% de aumento para toda la administraci\u00f3n p\u00fablica, elevando el neto mensual a $420.806 pesos.<\/h3>\n<h3>El gobernador continu\u00f3: \u201cTambi\u00e9n alcanza a beneficiarios de Inclusi\u00f3n Social, en el caso de quienes realicen tareas o presten servicios en dependencias de la administraci\u00f3n p\u00fablica, van a percibir a partir de octubre un beneficio equivalente a $345 mil. Con respecto al resto de las y los beneficiarios que cumplen tareas en parcelas, su beneficio ser\u00e1 de $172.500, cubriendo la canasta b\u00e1sica de alimentos\u201d. El aumento se hace extensivo a las y los becarios 22 AG y a los j\u00f3venes l\u00edderes de la Secretar\u00eda de las Juventudes.<\/h3>\n<h3>\u201cLa provincia est\u00e1 en pleno apogeo, gobernamos hasta el 10 de diciembre con todos los \u00edndices en todos los ministerios en lo m\u00e1s alto. Estamos liderando los mejores \u00edndices del pa\u00eds. La econom\u00eda est\u00e1 absolutamente sana, no tenemos deuda y as\u00ed la vamos a entregar: en marcha y llena de realizaciones\u201d, cerr\u00f3 el primer mandatario.<\/h3>\n<p>&nbsp;<\/p>\n<p>&nbsp;<\/p>\n<p>&nbsp;<\/p>\n","protected":false},"excerpt":{"rendered":"<p>El incremento alcanza a todo el personal de la administraci\u00f3n p\u00fablica provincial, es decir, docentes,&#8230;<\/p>\n","protected":false},"author":1,"featured_media":5454,"comment_status":"closed","ping_status":"closed","sticky":false,"template":"","format":"standard","meta":{"footnotes":""},"categories":[6],"tags":[],"class_list":["post-5453","post","type-post","status-publish","format-standard","has-post-thumbnail","hentry","category-ciudad-provincia"],"yoast_head":"<!-- This site is optimized with the Yoast SEO plugin v26.1.1 - https:\/\/yoast.com\/wordpress\/plugins\/seo\/ -->\n<title>EL GOBERNADOR ANUNCI\u00d3 AUMENTO SALARIAL DEL 15% Y UN ADICIONAL PARA PERSONAL DOCENTE, DE SALUD Y SEGURIDAD - Apuntes de San Luis<\/title>\n<meta name=\"robots\" content=\"index, follow, max-snippet:-1, max-image-preview:large, max-video-preview:-1\" \/>\n<link rel=\"canonical\" href=\"https:\/\/apuntesdesanluis.com\/index.php\/2023\/10\/19\/el-gobernador-anuncio-aumento-salarial-del-15-y-un-adicional-para-personal-docente-de-salud-y-seguridad\/\" \/>\n<meta property=\"og:locale\" content=\"es_ES\" \/>\n<meta property=\"og:type\" content=\"article\" \/>\n<meta property=\"og:title\" content=\"EL GOBERNADOR ANUNCI\u00d3 AUMENTO SALARIAL DEL 15% Y UN ADICIONAL PARA PERSONAL DOCENTE, DE SALUD Y SEGURIDAD - Apuntes de San Luis\" \/>\n<meta property=\"og:description\" content=\"El incremento alcanza a todo el personal de la administraci\u00f3n p\u00fablica provincial, es decir, docentes,...\" \/>\n<meta property=\"og:url\" content=\"https:\/\/apuntesdesanluis.com\/index.php\/2023\/10\/19\/el-gobernador-anuncio-aumento-salarial-del-15-y-un-adicional-para-personal-docente-de-salud-y-seguridad\/\" \/>\n<meta property=\"og:site_name\" content=\"Apuntes de San Luis\" \/>\n<meta property=\"article:published_time\" content=\"2023-10-20T00:37:33+00:00\" \/>\n<meta property=\"og:image\" content=\"https:\/\/apuntesdesanluis.com\/wp-content\/uploads\/2023\/10\/anuncio-2.png\" \/>\n\t<meta property=\"og:image:width\" content=\"600\" \/>\n\t<meta property=\"og:image:height\" content=\"354\" \/>\n\t<meta property=\"og:image:type\" content=\"image\/png\" \/>\n<meta name=\"author\" content=\"apuntesdesanluis.com\" \/>\n<meta name=\"twitter:card\" content=\"summary_large_image\" \/>\n<meta name=\"twitter:label1\" content=\"Escrito por\" \/>\n\t<meta name=\"twitter:data1\" content=\"apuntesdesanluis.com\" \/>\n\t<meta name=\"twitter:label2\" content=\"Tiempo de lectura\" \/>\n\t<meta name=\"twitter:data2\" content=\"4 minutos\" \/>\n<script type=\"application\/ld+json\" class=\"yoast-schema-graph\">{\"@context\":\"https:\/\/schema.org\",\"@graph\":[{\"@type\":\"Article\",\"@id\":\"https:\/\/apuntesdesanluis.com\/index.php\/2023\/10\/19\/el-gobernador-anuncio-aumento-salarial-del-15-y-un-adicional-para-personal-docente-de-salud-y-seguridad\/#article\",\"isPartOf\":{\"@id\":\"https:\/\/apuntesdesanluis.com\/index.php\/2023\/10\/19\/el-gobernador-anuncio-aumento-salarial-del-15-y-un-adicional-para-personal-docente-de-salud-y-seguridad\/\"},\"author\":{\"name\":\"apuntesdesanluis.com\",\"@id\":\"https:\/\/apuntesdesanluis.com\/#\/schema\/person\/b55151d52296fcce64d1a72538a70b90\"},\"headline\":\"EL GOBERNADOR ANUNCI\u00d3 AUMENTO SALARIAL DEL 15% Y UN ADICIONAL PARA PERSONAL DOCENTE, DE SALUD Y SEGURIDAD\",\"datePublished\":\"2023-10-20T00:37:33+00:00\",\"mainEntityOfPage\":{\"@id\":\"https:\/\/apuntesdesanluis.com\/index.php\/2023\/10\/19\/el-gobernador-anuncio-aumento-salarial-del-15-y-un-adicional-para-personal-docente-de-salud-y-seguridad\/\"},\"wordCount\":895,\"publisher\":{\"@id\":\"https:\/\/apuntesdesanluis.com\/#\/schema\/person\/b55151d52296fcce64d1a72538a70b90\"},\"image\":{\"@id\":\"https:\/\/apuntesdesanluis.com\/index.php\/2023\/10\/19\/el-gobernador-anuncio-aumento-salarial-del-15-y-un-adicional-para-personal-docente-de-salud-y-seguridad\/#primaryimage\"},\"thumbnailUrl\":\"https:\/\/apuntesdesanluis.com\/wp-content\/uploads\/2023\/10\/anuncio-2.png\",\"articleSection\":[\"Ciudad\/Provincia\"],\"inLanguage\":\"es-AR\"},{\"@type\":\"WebPage\",\"@id\":\"https:\/\/apuntesdesanluis.com\/index.php\/2023\/10\/19\/el-gobernador-anuncio-aumento-salarial-del-15-y-un-adicional-para-personal-docente-de-salud-y-seguridad\/\",\"url\":\"https:\/\/apuntesdesanluis.com\/index.php\/2023\/10\/19\/el-gobernador-anuncio-aumento-salarial-del-15-y-un-adicional-para-personal-docente-de-salud-y-seguridad\/\",\"name\":\"EL GOBERNADOR ANUNCI\u00d3 AUMENTO SALARIAL DEL 15% Y UN ADICIONAL PARA PERSONAL DOCENTE, DE SALUD Y SEGURIDAD - Apuntes de San Luis\",\"isPartOf\":{\"@id\":\"https:\/\/apuntesdesanluis.com\/#website\"},\"primaryImageOfPage\":{\"@id\":\"https:\/\/apuntesdesanluis.com\/index.php\/2023\/10\/19\/el-gobernador-anuncio-aumento-salarial-del-15-y-un-adicional-para-personal-docente-de-salud-y-seguridad\/#primaryimage\"},\"image\":{\"@id\":\"https:\/\/apuntesdesanluis.com\/index.php\/2023\/10\/19\/el-gobernador-anuncio-aumento-salarial-del-15-y-un-adicional-para-personal-docente-de-salud-y-seguridad\/#primaryimage\"},\"thumbnailUrl\":\"https:\/\/apuntesdesanluis.com\/wp-content\/uploads\/2023\/10\/anuncio-2.png\",\"datePublished\":\"2023-10-20T00:37:33+00:00\",\"breadcrumb\":{\"@id\":\"https:\/\/apuntesdesanluis.com\/index.php\/2023\/10\/19\/el-gobernador-anuncio-aumento-salarial-del-15-y-un-adicional-para-personal-docente-de-salud-y-seguridad\/#breadcrumb\"},\"inLanguage\":\"es-AR\",\"potentialAction\":[{\"@type\":\"ReadAction\",\"target\":[\"https:\/\/apuntesdesanluis.com\/index.php\/2023\/10\/19\/el-gobernador-anuncio-aumento-salarial-del-15-y-un-adicional-para-personal-docente-de-salud-y-seguridad\/\"]}]},{\"@type\":\"ImageObject\",\"inLanguage\":\"es-AR\",\"@id\":\"https:\/\/apuntesdesanluis.com\/index.php\/2023\/10\/19\/el-gobernador-anuncio-aumento-salarial-del-15-y-un-adicional-para-personal-docente-de-salud-y-seguridad\/#primaryimage\",\"url\":\"https:\/\/apuntesdesanluis.com\/wp-content\/uploads\/2023\/10\/anuncio-2.png\",\"contentUrl\":\"https:\/\/apuntesdesanluis.com\/wp-content\/uploads\/2023\/10\/anuncio-2.png\",\"width\":600,\"height\":354},{\"@type\":\"BreadcrumbList\",\"@id\":\"https:\/\/apuntesdesanluis.com\/index.php\/2023\/10\/19\/el-gobernador-anuncio-aumento-salarial-del-15-y-un-adicional-para-personal-docente-de-salud-y-seguridad\/#breadcrumb\",\"itemListElement\":[{\"@type\":\"ListItem\",\"position\":1,\"name\":\"Inicio\",\"item\":\"https:\/\/apuntesdesanluis.com\/\"},{\"@type\":\"ListItem\",\"position\":2,\"name\":\"EL GOBERNADOR ANUNCI\u00d3 AUMENTO SALARIAL DEL 15% Y UN ADICIONAL PARA PERSONAL DOCENTE, DE SALUD Y SEGURIDAD\"}]},{\"@type\":\"WebSite\",\"@id\":\"https:\/\/apuntesdesanluis.com\/#website\",\"url\":\"https:\/\/apuntesdesanluis.com\/\",\"name\":\"Apuntes de San Luis\",\"description\":\"\",\"publisher\":{\"@id\":\"https:\/\/apuntesdesanluis.com\/#\/schema\/person\/b55151d52296fcce64d1a72538a70b90\"},\"potentialAction\":[{\"@type\":\"SearchAction\",\"target\":{\"@type\":\"EntryPoint\",\"urlTemplate\":\"https:\/\/apuntesdesanluis.com\/?s={search_term_string}\"},\"query-input\":{\"@type\":\"PropertyValueSpecification\",\"valueRequired\":true,\"valueName\":\"search_term_string\"}}],\"inLanguage\":\"es-AR\"},{\"@type\":[\"Person\",\"Organization\"],\"@id\":\"https:\/\/apuntesdesanluis.com\/#\/schema\/person\/b55151d52296fcce64d1a72538a70b90\",\"name\":\"apuntesdesanluis.com\",\"image\":{\"@type\":\"ImageObject\",\"inLanguage\":\"es-AR\",\"@id\":\"https:\/\/apuntesdesanluis.com\/#\/schema\/person\/image\/\",\"url\":\"https:\/\/apuntesdesanluis.com\/wp-content\/uploads\/2023\/07\/cropped-apuntesdesanluis.png\",\"contentUrl\":\"https:\/\/apuntesdesanluis.com\/wp-content\/uploads\/2023\/07\/cropped-apuntesdesanluis.png\",\"width\":450,\"height\":112,\"caption\":\"apuntesdesanluis.com\"},\"logo\":{\"@id\":\"https:\/\/apuntesdesanluis.com\/#\/schema\/person\/image\/\"},\"sameAs\":[\"https:\/\/apuntesdesanluis.com\"],\"url\":\"https:\/\/apuntesdesanluis.com\/index.php\/author\/apuntesdesanluis-com\/\"}]}<\/script>\n<!-- \/ Yoast SEO plugin. -->","yoast_head_json":{"title":"EL GOBERNADOR ANUNCI\u00d3 AUMENTO SALARIAL DEL 15% Y UN ADICIONAL PARA PERSONAL DOCENTE, DE SALUD Y SEGURIDAD - Apuntes de San Luis","robots":{"index":"index","follow":"follow","max-snippet":"max-snippet:-1","max-image-preview":"max-image-preview:large","max-video-preview":"max-video-preview:-1"},"canonical":"https:\/\/apuntesdesanluis.com\/index.php\/2023\/10\/19\/el-gobernador-anuncio-aumento-salarial-del-15-y-un-adicional-para-personal-docente-de-salud-y-seguridad\/","og_locale":"es_ES","og_type":"article","og_title":"EL GOBERNADOR ANUNCI\u00d3 AUMENTO SALARIAL DEL 15% Y UN ADICIONAL PARA PERSONAL DOCENTE, DE SALUD Y SEGURIDAD - Apuntes de San Luis","og_description":"El incremento alcanza a todo el personal de la administraci\u00f3n p\u00fablica provincial, es decir, docentes,...","og_url":"https:\/\/apuntesdesanluis.com\/index.php\/2023\/10\/19\/el-gobernador-anuncio-aumento-salarial-del-15-y-un-adicional-para-personal-docente-de-salud-y-seguridad\/","og_site_name":"Apuntes de San Luis","article_published_time":"2023-10-20T00:37:33+00:00","og_image":[{"width":600,"height":354,"url":"https:\/\/apuntesdesanluis.com\/wp-content\/uploads\/2023\/10\/anuncio-2.png","type":"image\/png"}],"author":"apuntesdesanluis.com","twitter_card":"summary_large_image","twitter_misc":{"Escrito por":"apuntesdesanluis.com","Tiempo de lectura":"4 minutos"},"schema":{"@context":"https:\/\/schema.org","@graph":[{"@type":"Article","@id":"https:\/\/apuntesdesanluis.com\/index.php\/2023\/10\/19\/el-gobernador-anuncio-aumento-salarial-del-15-y-un-adicional-para-personal-docente-de-salud-y-seguridad\/#article","isPartOf":{"@id":"https:\/\/apuntesdesanluis.com\/index.php\/2023\/10\/19\/el-gobernador-anuncio-aumento-salarial-del-15-y-un-adicional-para-personal-docente-de-salud-y-seguridad\/"},"author":{"name":"apuntesdesanluis.com","@id":"https:\/\/apuntesdesanluis.com\/#\/schema\/person\/b55151d52296fcce64d1a72538a70b90"},"headline":"EL GOBERNADOR ANUNCI\u00d3 AUMENTO SALARIAL DEL 15% Y UN ADICIONAL PARA PERSONAL DOCENTE, DE SALUD Y SEGURIDAD","datePublished":"2023-10-20T00:37:33+00:00","mainEntityOfPage":{"@id":"https:\/\/apuntesdesanluis.com\/index.php\/2023\/10\/19\/el-gobernador-anuncio-aumento-salarial-del-15-y-un-adicional-para-personal-docente-de-salud-y-seguridad\/"},"wordCount":895,"publisher":{"@id":"https:\/\/apuntesdesanluis.com\/#\/schema\/person\/b55151d52296fcce64d1a72538a70b90"},"image":{"@id":"https:\/\/apuntesdesanluis.com\/index.php\/2023\/10\/19\/el-gobernador-anuncio-aumento-salarial-del-15-y-un-adicional-para-personal-docente-de-salud-y-seguridad\/#primaryimage"},"thumbnailUrl":"https:\/\/apuntesdesanluis.com\/wp-content\/uploads\/2023\/10\/anuncio-2.png","articleSection":["Ciudad\/Provincia"],"inLanguage":"es-AR"},{"@type":"WebPage","@id":"https:\/\/apuntesdesanluis.com\/index.php\/2023\/10\/19\/el-gobernador-anuncio-aumento-salarial-del-15-y-un-adicional-para-personal-docente-de-salud-y-seguridad\/","url":"https:\/\/apuntesdesanluis.com\/index.php\/2023\/10\/19\/el-gobernador-anuncio-aumento-salarial-del-15-y-un-adicional-para-personal-docente-de-salud-y-seguridad\/","name":"EL GOBERNADOR ANUNCI\u00d3 AUMENTO SALARIAL DEL 15% Y UN ADICIONAL PARA PERSONAL DOCENTE, DE SALUD Y SEGURIDAD - Apuntes de San Luis","isPartOf":{"@id":"https:\/\/apuntesdesanluis.com\/#website"},"primaryImageOfPage":{"@id":"https:\/\/apuntesdesanluis.com\/index.php\/2023\/10\/19\/el-gobernador-anuncio-aumento-salarial-del-15-y-un-adicional-para-personal-docente-de-salud-y-seguridad\/#primaryimage"},"image":{"@id":"https:\/\/apuntesdesanluis.com\/index.php\/2023\/10\/19\/el-gobernador-anuncio-aumento-salarial-del-15-y-un-adicional-para-personal-docente-de-salud-y-seguridad\/#primaryimage"},"thumbnailUrl":"https:\/\/apuntesdesanluis.com\/wp-content\/uploads\/2023\/10\/anuncio-2.png","datePublished":"2023-10-20T00:37:33+00:00","breadcrumb":{"@id":"https:\/\/apuntesdesanluis.com\/index.php\/2023\/10\/19\/el-gobernador-anuncio-aumento-salarial-del-15-y-un-adicional-para-personal-docente-de-salud-y-seguridad\/#breadcrumb"},"inLanguage":"es-AR","potentialAction":[{"@type":"ReadAction","target":["https:\/\/apuntesdesanluis.com\/index.php\/2023\/10\/19\/el-gobernador-anuncio-aumento-salarial-del-15-y-un-adicional-para-personal-docente-de-salud-y-seguridad\/"]}]},{"@type":"ImageObject","inLanguage":"es-AR","@id":"https:\/\/apuntesdesanluis.com\/index.php\/2023\/10\/19\/el-gobernador-anuncio-aumento-salarial-del-15-y-un-adicional-para-personal-docente-de-salud-y-seguridad\/#primaryimage","url":"https:\/\/apuntesdesanluis.com\/wp-content\/uploads\/2023\/10\/anuncio-2.png","contentUrl":"https:\/\/apuntesdesanluis.com\/wp-content\/uploads\/2023\/10\/anuncio-2.png","width":600,"height":354},{"@type":"BreadcrumbList","@id":"https:\/\/apuntesdesanluis.com\/index.php\/2023\/10\/19\/el-gobernador-anuncio-aumento-salarial-del-15-y-un-adicional-para-personal-docente-de-salud-y-seguridad\/#breadcrumb","itemListElement":[{"@type":"ListItem","position":1,"name":"Inicio","item":"https:\/\/apuntesdesanluis.com\/"},{"@type":"ListItem","position":2,"name":"EL GOBERNADOR ANUNCI\u00d3 AUMENTO SALARIAL DEL 15% Y UN ADICIONAL PARA PERSONAL DOCENTE, DE SALUD Y SEGURIDAD"}]},{"@type":"WebSite","@id":"https:\/\/apuntesdesanluis.com\/#website","url":"https:\/\/apuntesdesanluis.com\/","name":"Apuntes de San Luis","description":"","publisher":{"@id":"https:\/\/apuntesdesanluis.com\/#\/schema\/person\/b55151d52296fcce64d1a72538a70b90"},"potentialAction":[{"@type":"SearchAction","target":{"@type":"EntryPoint","urlTemplate":"https:\/\/apuntesdesanluis.com\/?s={search_term_string}"},"query-input":{"@type":"PropertyValueSpecification","valueRequired":true,"valueName":"search_term_string"}}],"inLanguage":"es-AR"},{"@type":["Person","Organization"],"@id":"https:\/\/apuntesdesanluis.com\/#\/schema\/person\/b55151d52296fcce64d1a72538a70b90","name":"apuntesdesanluis.com","image":{"@type":"ImageObject","inLanguage":"es-AR","@id":"https:\/\/apuntesdesanluis.com\/#\/schema\/person\/image\/","url":"https:\/\/apuntesdesanluis.com\/wp-content\/uploads\/2023\/07\/cropped-apuntesdesanluis.png","contentUrl":"https:\/\/apuntesdesanluis.com\/wp-content\/uploads\/2023\/07\/cropped-apuntesdesanluis.png","width":450,"height":112,"caption":"apuntesdesanluis.com"},"logo":{"@id":"https:\/\/apuntesdesanluis.com\/#\/schema\/person\/image\/"},"sameAs":["https:\/\/apuntesdesanluis.com"],"url":"https:\/\/apuntesdesanluis.com\/index.php\/author\/apuntesdesanluis-com\/"}]}},"featured_image_urls":{"full":["https:\/\/apuntesdesanluis.com\/wp-content\/uploads\/2023\/10\/anuncio-2.png",600,354,false],"thumbnail":["https:\/\/apuntesdesanluis.com\/wp-content\/uploads\/2023\/10\/anuncio-2-150x150.png",150,150,true],"medium":["https:\/\/apuntesdesanluis.com\/wp-content\/uploads\/2023\/10\/anuncio-2-300x177.png",300,177,true],"medium_large":["https:\/\/apuntesdesanluis.com\/wp-content\/uploads\/2023\/10\/anuncio-2.png",600,354,false],"large":["https:\/\/apuntesdesanluis.com\/wp-content\/uploads\/2023\/10\/anuncio-2.png",600,354,false],"1536x1536":["https:\/\/apuntesdesanluis.com\/wp-content\/uploads\/2023\/10\/anuncio-2.png",600,354,false],"2048x2048":["https:\/\/apuntesdesanluis.com\/wp-content\/uploads\/2023\/10\/anuncio-2.png",600,354,false],"newsever-slider-full":["https:\/\/apuntesdesanluis.com\/wp-content\/uploads\/2023\/10\/anuncio-2.png",600,354,false],"newsever-featured":["https:\/\/apuntesdesanluis.com\/wp-content\/uploads\/2023\/10\/anuncio-2.png",600,354,false],"newsever-medium":["https:\/\/apuntesdesanluis.com\/wp-content\/uploads\/2023\/10\/anuncio-2.png",600,354,false]},"author_info":{"display_name":"apuntesdesanluis.com","author_link":"https:\/\/apuntesdesanluis.com\/index.php\/author\/apuntesdesanluis-com\/"},"category_info":"<a href=\"https:\/\/apuntesdesanluis.com\/index.php\/category\/ciudad-provincia\/\" rel=\"category tag\">Ciudad\/Provincia<\/a>","tag_info":"Ciudad\/Provincia","comment_count":"0","_links":{"self":[{"href":"https:\/\/apuntesdesanluis.com\/index.php\/wp-json\/wp\/v2\/posts\/5453","targetHints":{"allow":["GET"]}}],"collection":[{"href":"https:\/\/apuntesdesanluis.com\/index.php\/wp-json\/wp\/v2\/posts"}],"about":[{"href":"https:\/\/apuntesdesanluis.com\/index.php\/wp-json\/wp\/v2\/types\/post"}],"author":[{"embeddable":true,"href":"https:\/\/apuntesdesanluis.com\/index.php\/wp-json\/wp\/v2\/users\/1"}],"replies":[{"embeddable":true,"href":"https:\/\/apuntesdesanluis.com\/index.php\/wp-json\/wp\/v2\/comments?post=5453"}],"version-history":[{"count":1,"href":"https:\/\/apuntesdesanluis.com\/index.php\/wp-json\/wp\/v2\/posts\/5453\/revisions"}],"predecessor-version":[{"id":5455,"href":"https:\/\/apuntesdesanluis.com\/index.php\/wp-json\/wp\/v2\/posts\/5453\/revisions\/5455"}],"wp:featuredmedia":[{"embeddable":true,"href":"https:\/\/apuntesdesanluis.com\/index.php\/wp-json\/wp\/v2\/media\/5454"}],"wp:attachment":[{"href":"https:\/\/apuntesdesanluis.com\/index.php\/wp-json\/wp\/v2\/media?parent=5453"}],"wp:term":[{"taxonomy":"category","embeddable":true,"href":"https:\/\/apuntesdesanluis.com\/index.php\/wp-json\/wp\/v2\/categories?post=5453"},{"taxonomy":"post_tag","embeddable":true,"href":"https:\/\/apuntesdesanluis.com\/index.php\/wp-json\/wp\/v2\/tags?post=5453"}],"curies":[{"name":"wp","href":"https:\/\/api.w.org\/{rel}","templated":true}]}}